{"id":26208,"date":"2025-01-06T11:17:22","date_gmt":"2025-01-06T14:17:22","guid":{"rendered":"https:\/\/www.mundoagropecuario.cl\/new\/?p=26208"},"modified":"2025-01-08T15:27:36","modified_gmt":"2025-01-08T18:27:36","slug":"confirman-caso-de-anemia-infecciosa-equina-en-comuna-de-san-pedro","status":"publish","type":"post","link":"https:\/\/www.mundoagropecuario.cl\/new\/confirman-caso-de-anemia-infecciosa-equina-en-comuna-de-san-pedro\/","title":{"rendered":"Confirman caso de anemia infecciosa equina en comuna de San Pedro"},"content":{"rendered":"<p>El Servicio Agr\u00edcola y Ganadero activ\u00f3 todos los protocolos establecidos tras la confirmaci\u00f3n de un caso positivo a anemia infecciosa equina (AIE) en un caballo de un predio ubicado en la comuna de San Pedro de Melipilla. Las acciones, coordinadas con los responsables del recinto incluyen: la cuarentena total del predio (donde hay prohibici\u00f3n de ingreso y salida de \u00e9quidos del recinto), el sacrificio sanitario del animal positivo a la enfermedad, inicio de una vigilancia cl\u00ednica y serol\u00f3gica en el resto de los \u00e9quidos del recinto para descartar otros casos y el inicio de una investigaci\u00f3n epidemiol\u00f3gica que permita establecer cu\u00e1l fue la v\u00eda de ingreso de la enfermedad al predio, considerando que la AIE es end\u00e9mica en pa\u00edses lim\u00edtrofes.<\/p>\n<p>En octubre del a\u00f1o pasado, el SAG dio por finalizado el brote de anemia infecciosa equina detectado en el Club H\u00edpico de Santiago, donde 16 caballos resultaron positivos a la enfermedad. El recinto fue sometido a estrictas medidas de cuarentena, y tras m\u00e1s de cinco meses de trabajo, se logr\u00f3 erradicar el brote en el pa\u00eds, que manten\u00eda el estatus de libre de AIE desde 2019. Desde entonces, se han implementado diversas acciones preventivas para evitar nuevos casos y avanzar en la recuperaci\u00f3n del reconocimiento como pa\u00eds libre de AIE ante la Organizaci\u00f3n Mundial de Sanidad Animal (OMSA).<\/p>\n<h3>No tiene cura<\/h3>\n<p>La anemia infecciosa equina es una enfermedad grave que afecta solo a caballos, yeguas, burros y mulas. No tiene cura, vacuna ni tratamiento, y puede causar s\u00edntomas severos que incluso pueden ser mortales. Los equinos que sobreviven se convierten en portadores, lo que aumenta el riesgo de contagio a otros animales. Es importante aclarar que esta enfermedad no afecta a las personas ni a otras especies de animales. La AIE se transmite entre \u00e9quidos a trav\u00e9s de la picadura de insectos o por el uso de objetos con sangre infectada, como agujas o instrumentos cortantes.<\/p>\n<p>El SAG insta a los\/las responsables de equinos a mantener siempre las medidas b\u00e1sicas de bioseguridad, tales como la desinfecci\u00f3n regular de equipos antes del uso en otro equino (freno, bocado, herramientas de herraje, endoscopios, etc.), uso individual de agujas, jeringas y limpieza, desinfecci\u00f3n y desinsectaci\u00f3n de corrales de manera regular.<\/p>\n<p>Adicionalmente, se les recuerda a todos los propietarios y propietarias que es obligatorio el uso del Formulario de Movimiento Animal (FMA) para el traslado de equinos entre establecimientos.<\/p>\n<p>El SAG llama a las personas due\u00f1as de \u00e9quidos a mantenerse siempre alerta ante los siguientes s\u00edntomas en sus animales: fiebre, anemia y edema (hinchaz\u00f3n) en las extremidades. Ante la presencia de cualquiera de estos signos cl\u00ednicos, es fundamental avisar de inmediato al Servicio, ya sea en la oficina m\u00e1s cercana a su domicilio, llamando al tel\u00e9fono 22 3451100 o enviando un correo electr\u00f3nico a oficina.informaciones@sag.gob.cl.<\/p>\n<p>&nbsp;<\/p>\n","protected":false},"excerpt":{"rendered":"<p>El SAG activ\u00f3 protocolos tras detectar un caso de anemia infecciosa equina en Melipilla. Conozca recomendaciones para proteger a los equinos.<\/p>\n","protected":false},"author":2,"featured_media":26209,"comment_status":"closed","ping_status":"closed","sticky":false,"template":"","format":"standard","meta":{"footnotes":""},"categories":[126],"tags":[9552,3551,2036,2585],"class_list":["post-26208","post","type-post","status-publish","format-standard","has-post-thumbnail","hentry","category-noticias","tag-anemia-infecciosa-equina","tag-equinos","tag-sag","tag-servicio-agricola-y-ganadero"],"yoast_head":"<!-- This site is optimized with the Yoast SEO plugin v26.6 - https:\/\/yoast.com\/wordpress\/plugins\/seo\/ -->\n<title>Confirman caso de anemia infecciosa equina en comuna de San Pedro - Mundoagropecuario<\/title>\n<meta name=\"description\" content=\"El SAG activ\u00f3 protocolos tras detectar un caso de anemia infecciosa equina en Melipilla. Conozca recomendaciones para proteger a los equinos.\" \/>\n<meta name=\"robots\" content=\"index, follow, max-snippet:-1, max-image-preview:large, max-video-preview:-1\" \/>\n<link rel=\"canonical\" href=\"https:\/\/www.mundoagropecuario.cl\/new\/confirman-caso-de-anemia-infecciosa-equina-en-comuna-de-san-pedro\/\" \/>\n<meta property=\"og:locale\" content=\"es_ES\" \/>\n<meta property=\"og:type\" content=\"article\" \/>\n<meta property=\"og:title\" content=\"Confirman caso de anemia infecciosa equina en comuna de San Pedro - Mundoagropecuario\" \/>\n<meta property=\"og:description\" content=\"El SAG activ\u00f3 protocolos tras detectar un caso de anemia infecciosa equina en Melipilla. Conozca recomendaciones para proteger a los equinos.\" \/>\n<meta property=\"og:url\" content=\"https:\/\/www.mundoagropecuario.cl\/new\/confirman-caso-de-anemia-infecciosa-equina-en-comuna-de-san-pedro\/\" \/>\n<meta property=\"og:site_name\" content=\"Mundoagropecuario\" \/>\n<meta property=\"article:publisher\" content=\"https:\/\/www.facebook.com\/mundo.agropecuario.3\" \/>\n<meta property=\"article:published_time\" content=\"2025-01-06T14:17:22+00:00\" \/>\n<meta property=\"article:modified_time\" content=\"2025-01-08T18:27:36+00:00\" \/>\n<meta property=\"og:image\" content=\"https:\/\/www.mundoagropecuario.cl\/new\/wp-content\/uploads\/2025\/01\/Plantilla-estandar-mundo-acuicola-65-scaled.jpg\" \/>\n\t<meta property=\"og:image:width\" content=\"720\" \/>\n\t<meta property=\"og:image:height\" content=\"384\" \/>\n\t<meta property=\"og:image:type\" content=\"image\/jpeg\" \/>\n<meta name=\"author\" content=\"mundo\" \/>\n<meta name=\"twitter:card\" content=\"summary_large_image\" \/>\n<meta name=\"twitter:creator\" content=\"@MundoAgropecuar\" \/>\n<meta name=\"twitter:site\" content=\"@MundoAgropecuar\" \/>\n<meta name=\"twitter:label1\" content=\"Escrito por\" \/>\n\t<meta name=\"twitter:data1\" content=\"mundo\" \/>\n\t<meta name=\"twitter:label2\" content=\"Tiempo de lectura\" \/>\n\t<meta name=\"twitter:data2\" content=\"3 minutos\" \/>\n<script type=\"application\/ld+json\" class=\"yoast-schema-graph\">{\"@context\":\"https:\/\/schema.org\",\"@graph\":[{\"@type\":\"Article\",\"@id\":\"https:\/\/www.mundoagropecuario.cl\/new\/confirman-caso-de-anemia-infecciosa-equina-en-comuna-de-san-pedro\/#article\",\"isPartOf\":{\"@id\":\"https:\/\/www.mundoagropecuario.cl\/new\/confirman-caso-de-anemia-infecciosa-equina-en-comuna-de-san-pedro\/\"},\"author\":{\"name\":\"mundo\",\"@id\":\"https:\/\/www.mundoagropecuario.cl\/new\/#\/schema\/person\/4e9f74a82a7dac260eb1c44b7eebeb18\"},\"headline\":\"Confirman caso de anemia infecciosa equina en comuna de San Pedro\",\"datePublished\":\"2025-01-06T14:17:22+00:00\",\"dateModified\":\"2025-01-08T18:27:36+00:00\",\"mainEntityOfPage\":{\"@id\":\"https:\/\/www.mundoagropecuario.cl\/new\/confirman-caso-de-anemia-infecciosa-equina-en-comuna-de-san-pedro\/\"},\"wordCount\":507,\"publisher\":{\"@id\":\"https:\/\/www.mundoagropecuario.cl\/new\/#organization\"},\"image\":{\"@id\":\"https:\/\/www.mundoagropecuario.cl\/new\/confirman-caso-de-anemia-infecciosa-equina-en-comuna-de-san-pedro\/#primaryimage\"},\"thumbnailUrl\":\"https:\/\/www.mundoagropecuario.cl\/new\/wp-content\/uploads\/2025\/01\/Plantilla-estandar-mundo-acuicola-65-scaled.jpg\",\"keywords\":[\"anemia infecciosa equina\",\"equinos\",\"SAG\",\"Servicio Agr\u00edcola y Ganadero\"],\"articleSection\":[\"Noticias\"],\"inLanguage\":\"es\"},{\"@type\":\"WebPage\",\"@id\":\"https:\/\/www.mundoagropecuario.cl\/new\/confirman-caso-de-anemia-infecciosa-equina-en-comuna-de-san-pedro\/\",\"url\":\"https:\/\/www.mundoagropecuario.cl\/new\/confirman-caso-de-anemia-infecciosa-equina-en-comuna-de-san-pedro\/\",\"name\":\"Confirman caso de anemia infecciosa equina en comuna de San Pedro - Mundoagropecuario\",\"isPartOf\":{\"@id\":\"https:\/\/www.mundoagropecuario.cl\/new\/#website\"},\"primaryImageOfPage\":{\"@id\":\"https:\/\/www.mundoagropecuario.cl\/new\/confirman-caso-de-anemia-infecciosa-equina-en-comuna-de-san-pedro\/#primaryimage\"},\"image\":{\"@id\":\"https:\/\/www.mundoagropecuario.cl\/new\/confirman-caso-de-anemia-infecciosa-equina-en-comuna-de-san-pedro\/#primaryimage\"},\"thumbnailUrl\":\"https:\/\/www.mundoagropecuario.cl\/new\/wp-content\/uploads\/2025\/01\/Plantilla-estandar-mundo-acuicola-65-scaled.jpg\",\"datePublished\":\"2025-01-06T14:17:22+00:00\",\"dateModified\":\"2025-01-08T18:27:36+00:00\",\"description\":\"El SAG activ\u00f3 protocolos tras detectar un caso de anemia infecciosa equina en Melipilla. Conozca recomendaciones para proteger a los equinos.\",\"breadcrumb\":{\"@id\":\"https:\/\/www.mundoagropecuario.cl\/new\/confirman-caso-de-anemia-infecciosa-equina-en-comuna-de-san-pedro\/#breadcrumb\"},\"inLanguage\":\"es\",\"potentialAction\":[{\"@type\":\"ReadAction\",\"target\":[\"https:\/\/www.mundoagropecuario.cl\/new\/confirman-caso-de-anemia-infecciosa-equina-en-comuna-de-san-pedro\/\"]}]},{\"@type\":\"ImageObject\",\"inLanguage\":\"es\",\"@id\":\"https:\/\/www.mundoagropecuario.cl\/new\/confirman-caso-de-anemia-infecciosa-equina-en-comuna-de-san-pedro\/#primaryimage\",\"url\":\"https:\/\/www.mundoagropecuario.cl\/new\/wp-content\/uploads\/2025\/01\/Plantilla-estandar-mundo-acuicola-65-scaled.jpg\",\"contentUrl\":\"https:\/\/www.mundoagropecuario.cl\/new\/wp-content\/uploads\/2025\/01\/Plantilla-estandar-mundo-acuicola-65-scaled.jpg\",\"width\":720,\"height\":384},{\"@type\":\"BreadcrumbList\",\"@id\":\"https:\/\/www.mundoagropecuario.cl\/new\/confirman-caso-de-anemia-infecciosa-equina-en-comuna-de-san-pedro\/#breadcrumb\",\"itemListElement\":[{\"@type\":\"ListItem\",\"position\":1,\"name\":\"Portada\",\"item\":\"https:\/\/www.mundoagropecuario.cl\/new\/\"},{\"@type\":\"ListItem\",\"position\":2,\"name\":\"Confirman caso de anemia infecciosa equina en comuna de San Pedro\"}]},{\"@type\":\"WebSite\",\"@id\":\"https:\/\/www.mundoagropecuario.cl\/new\/#website\",\"url\":\"https:\/\/www.mundoagropecuario.cl\/new\/\",\"name\":\"Mundoagropecuario\",\"description\":\"Mundo Agropecuario\",\"publisher\":{\"@id\":\"https:\/\/www.mundoagropecuario.cl\/new\/#organization\"},\"potentialAction\":[{\"@type\":\"SearchAction\",\"target\":{\"@type\":\"EntryPoint\",\"urlTemplate\":\"https:\/\/www.mundoagropecuario.cl\/new\/?s={search_term_string}\"},\"query-input\":{\"@type\":\"PropertyValueSpecification\",\"valueRequired\":true,\"valueName\":\"search_term_string\"}}],\"inLanguage\":\"es\"},{\"@type\":\"Organization\",\"@id\":\"https:\/\/www.mundoagropecuario.cl\/new\/#organization\",\"name\":\"Revista de Agricultura\",\"url\":\"https:\/\/www.mundoagropecuario.cl\/new\/\",\"logo\":{\"@type\":\"ImageObject\",\"inLanguage\":\"es\",\"@id\":\"https:\/\/www.mundoagropecuario.cl\/new\/#\/schema\/logo\/image\/\",\"url\":\"https:\/\/www.mundoagropecuario.cl\/new\/wp-content\/uploads\/2020\/11\/PORTAL-1-1.png\",\"contentUrl\":\"https:\/\/www.mundoagropecuario.cl\/new\/wp-content\/uploads\/2020\/11\/PORTAL-1-1.png\",\"width\":1026,\"height\":100,\"caption\":\"Revista de Agricultura\"},\"image\":{\"@id\":\"https:\/\/www.mundoagropecuario.cl\/new\/#\/schema\/logo\/image\/\"},\"sameAs\":[\"https:\/\/www.facebook.com\/mundo.agropecuario.3\",\"https:\/\/x.com\/MundoAgropecuar\",\"https:\/\/www.linkedin.com\/in\/mundo-agropecuario-934009201\/\"]},{\"@type\":\"Person\",\"@id\":\"https:\/\/www.mundoagropecuario.cl\/new\/#\/schema\/person\/4e9f74a82a7dac260eb1c44b7eebeb18\",\"name\":\"mundo\",\"url\":\"https:\/\/www.mundoagropecuario.cl\/new\/author\/mundo\/\"}]}<\/script>\n<!-- \/ Yoast SEO plugin. -->","yoast_head_json":{"title":"Confirman caso de anemia infecciosa equina en comuna de San Pedro - Mundoagropecuario","description":"El SAG activ\u00f3 protocolos tras detectar un caso de anemia infecciosa equina en Melipilla. Conozca recomendaciones para proteger a los equinos.","robots":{"index":"index","follow":"follow","max-snippet":"max-snippet:-1","max-image-preview":"max-image-preview:large","max-video-preview":"max-video-preview:-1"},"canonical":"https:\/\/www.mundoagropecuario.cl\/new\/confirman-caso-de-anemia-infecciosa-equina-en-comuna-de-san-pedro\/","og_locale":"es_ES","og_type":"article","og_title":"Confirman caso de anemia infecciosa equina en comuna de San Pedro - Mundoagropecuario","og_description":"El SAG activ\u00f3 protocolos tras detectar un caso de anemia infecciosa equina en Melipilla. Conozca recomendaciones para proteger a los equinos.","og_url":"https:\/\/www.mundoagropecuario.cl\/new\/confirman-caso-de-anemia-infecciosa-equina-en-comuna-de-san-pedro\/","og_site_name":"Mundoagropecuario","article_publisher":"https:\/\/www.facebook.com\/mundo.agropecuario.3","article_published_time":"2025-01-06T14:17:22+00:00","article_modified_time":"2025-01-08T18:27:36+00:00","og_image":[{"width":720,"height":384,"url":"https:\/\/www.mundoagropecuario.cl\/new\/wp-content\/uploads\/2025\/01\/Plantilla-estandar-mundo-acuicola-65-scaled.jpg","type":"image\/jpeg"}],"author":"mundo","twitter_card":"summary_large_image","twitter_creator":"@MundoAgropecuar","twitter_site":"@MundoAgropecuar","twitter_misc":{"Escrito por":"mundo","Tiempo de lectura":"3 minutos"},"schema":{"@context":"https:\/\/schema.org","@graph":[{"@type":"Article","@id":"https:\/\/www.mundoagropecuario.cl\/new\/confirman-caso-de-anemia-infecciosa-equina-en-comuna-de-san-pedro\/#article","isPartOf":{"@id":"https:\/\/www.mundoagropecuario.cl\/new\/confirman-caso-de-anemia-infecciosa-equina-en-comuna-de-san-pedro\/"},"author":{"name":"mundo","@id":"https:\/\/www.mundoagropecuario.cl\/new\/#\/schema\/person\/4e9f74a82a7dac260eb1c44b7eebeb18"},"headline":"Confirman caso de anemia infecciosa equina en comuna de San Pedro","datePublished":"2025-01-06T14:17:22+00:00","dateModified":"2025-01-08T18:27:36+00:00","mainEntityOfPage":{"@id":"https:\/\/www.mundoagropecuario.cl\/new\/confirman-caso-de-anemia-infecciosa-equina-en-comuna-de-san-pedro\/"},"wordCount":507,"publisher":{"@id":"https:\/\/www.mundoagropecuario.cl\/new\/#organization"},"image":{"@id":"https:\/\/www.mundoagropecuario.cl\/new\/confirman-caso-de-anemia-infecciosa-equina-en-comuna-de-san-pedro\/#primaryimage"},"thumbnailUrl":"https:\/\/www.mundoagropecuario.cl\/new\/wp-content\/uploads\/2025\/01\/Plantilla-estandar-mundo-acuicola-65-scaled.jpg","keywords":["anemia infecciosa equina","equinos","SAG","Servicio Agr\u00edcola y Ganadero"],"articleSection":["Noticias"],"inLanguage":"es"},{"@type":"WebPage","@id":"https:\/\/www.mundoagropecuario.cl\/new\/confirman-caso-de-anemia-infecciosa-equina-en-comuna-de-san-pedro\/","url":"https:\/\/www.mundoagropecuario.cl\/new\/confirman-caso-de-anemia-infecciosa-equina-en-comuna-de-san-pedro\/","name":"Confirman caso de anemia infecciosa equina en comuna de San Pedro - Mundoagropecuario","isPartOf":{"@id":"https:\/\/www.mundoagropecuario.cl\/new\/#website"},"primaryImageOfPage":{"@id":"https:\/\/www.mundoagropecuario.cl\/new\/confirman-caso-de-anemia-infecciosa-equina-en-comuna-de-san-pedro\/#primaryimage"},"image":{"@id":"https:\/\/www.mundoagropecuario.cl\/new\/confirman-caso-de-anemia-infecciosa-equina-en-comuna-de-san-pedro\/#primaryimage"},"thumbnailUrl":"https:\/\/www.mundoagropecuario.cl\/new\/wp-content\/uploads\/2025\/01\/Plantilla-estandar-mundo-acuicola-65-scaled.jpg","datePublished":"2025-01-06T14:17:22+00:00","dateModified":"2025-01-08T18:27:36+00:00","description":"El SAG activ\u00f3 protocolos tras detectar un caso de anemia infecciosa equina en Melipilla. Conozca recomendaciones para proteger a los equinos.","breadcrumb":{"@id":"https:\/\/www.mundoagropecuario.cl\/new\/confirman-caso-de-anemia-infecciosa-equina-en-comuna-de-san-pedro\/#breadcrumb"},"inLanguage":"es","potentialAction":[{"@type":"ReadAction","target":["https:\/\/www.mundoagropecuario.cl\/new\/confirman-caso-de-anemia-infecciosa-equina-en-comuna-de-san-pedro\/"]}]},{"@type":"ImageObject","inLanguage":"es","@id":"https:\/\/www.mundoagropecuario.cl\/new\/confirman-caso-de-anemia-infecciosa-equina-en-comuna-de-san-pedro\/#primaryimage","url":"https:\/\/www.mundoagropecuario.cl\/new\/wp-content\/uploads\/2025\/01\/Plantilla-estandar-mundo-acuicola-65-scaled.jpg","contentUrl":"https:\/\/www.mundoagropecuario.cl\/new\/wp-content\/uploads\/2025\/01\/Plantilla-estandar-mundo-acuicola-65-scaled.jpg","width":720,"height":384},{"@type":"BreadcrumbList","@id":"https:\/\/www.mundoagropecuario.cl\/new\/confirman-caso-de-anemia-infecciosa-equina-en-comuna-de-san-pedro\/#breadcrumb","itemListElement":[{"@type":"ListItem","position":1,"name":"Portada","item":"https:\/\/www.mundoagropecuario.cl\/new\/"},{"@type":"ListItem","position":2,"name":"Confirman caso de anemia infecciosa equina en comuna de San Pedro"}]},{"@type":"WebSite","@id":"https:\/\/www.mundoagropecuario.cl\/new\/#website","url":"https:\/\/www.mundoagropecuario.cl\/new\/","name":"Mundoagropecuario","description":"Mundo Agropecuario","publisher":{"@id":"https:\/\/www.mundoagropecuario.cl\/new\/#organization"},"potentialAction":[{"@type":"SearchAction","target":{"@type":"EntryPoint","urlTemplate":"https:\/\/www.mundoagropecuario.cl\/new\/?s={search_term_string}"},"query-input":{"@type":"PropertyValueSpecification","valueRequired":true,"valueName":"search_term_string"}}],"inLanguage":"es"},{"@type":"Organization","@id":"https:\/\/www.mundoagropecuario.cl\/new\/#organization","name":"Revista de Agricultura","url":"https:\/\/www.mundoagropecuario.cl\/new\/","logo":{"@type":"ImageObject","inLanguage":"es","@id":"https:\/\/www.mundoagropecuario.cl\/new\/#\/schema\/logo\/image\/","url":"https:\/\/www.mundoagropecuario.cl\/new\/wp-content\/uploads\/2020\/11\/PORTAL-1-1.png","contentUrl":"https:\/\/www.mundoagropecuario.cl\/new\/wp-content\/uploads\/2020\/11\/PORTAL-1-1.png","width":1026,"height":100,"caption":"Revista de Agricultura"},"image":{"@id":"https:\/\/www.mundoagropecuario.cl\/new\/#\/schema\/logo\/image\/"},"sameAs":["https:\/\/www.facebook.com\/mundo.agropecuario.3","https:\/\/x.com\/MundoAgropecuar","https:\/\/www.linkedin.com\/in\/mundo-agropecuario-934009201\/"]},{"@type":"Person","@id":"https:\/\/www.mundoagropecuario.cl\/new\/#\/schema\/person\/4e9f74a82a7dac260eb1c44b7eebeb18","name":"mundo","url":"https:\/\/www.mundoagropecuario.cl\/new\/author\/mundo\/"}]}},"_links":{"self":[{"href":"https:\/\/www.mundoagropecuario.cl\/new\/wp-json\/wp\/v2\/posts\/26208","targetHints":{"allow":["GET"]}}],"collection":[{"href":"https:\/\/www.mundoagropecuario.cl\/new\/wp-json\/wp\/v2\/posts"}],"about":[{"href":"https:\/\/www.mundoagropecuario.cl\/new\/wp-json\/wp\/v2\/types\/post"}],"author":[{"embeddable":true,"href":"https:\/\/www.mundoagropecuario.cl\/new\/wp-json\/wp\/v2\/users\/2"}],"replies":[{"embeddable":true,"href":"https:\/\/www.mundoagropecuario.cl\/new\/wp-json\/wp\/v2\/comments?post=26208"}],"version-history":[{"count":1,"href":"https:\/\/www.mundoagropecuario.cl\/new\/wp-json\/wp\/v2\/posts\/26208\/revisions"}],"predecessor-version":[{"id":26210,"href":"https:\/\/www.mundoagropecuario.cl\/new\/wp-json\/wp\/v2\/posts\/26208\/revisions\/26210"}],"wp:featuredmedia":[{"embeddable":true,"href":"https:\/\/www.mundoagropecuario.cl\/new\/wp-json\/wp\/v2\/media\/26209"}],"wp:attachment":[{"href":"https:\/\/www.mundoagropecuario.cl\/new\/wp-json\/wp\/v2\/media?parent=26208"}],"wp:term":[{"taxonomy":"category","embeddable":true,"href":"https:\/\/www.mundoagropecuario.cl\/new\/wp-json\/wp\/v2\/categories?post=26208"},{"taxonomy":"post_tag","embeddable":true,"href":"https:\/\/www.mundoagropecuario.cl\/new\/wp-json\/wp\/v2\/tags?post=26208"}],"curies":[{"name":"wp","href":"https:\/\/api.w.org\/{rel}","templated":true}]}}