{"id":26202,"date":"2025-01-03T12:16:16","date_gmt":"2025-01-03T15:16:16","guid":{"rendered":"https:\/\/www.mundoagropecuario.cl\/new\/?p=26202"},"modified":"2025-01-08T15:27:52","modified_gmt":"2025-01-08T18:27:52","slug":"ministro-de-agricultura-destaco-el-record-de-exportaciones-fruticolas-en-2024","status":"publish","type":"post","link":"https:\/\/www.mundoagropecuario.cl\/new\/ministro-de-agricultura-destaco-el-record-de-exportaciones-fruticolas-en-2024\/","title":{"rendered":"Ministro de Agricultura destac\u00f3 el r\u00e9cord de exportaciones frut\u00edcolas en 2024"},"content":{"rendered":"<p>En un balance de cierre de a\u00f1o, el Ministro de Agricultura, Esteban Valenzuela, resalt\u00f3 el desempe\u00f1o excepcional del sector frut\u00edcola en 2024. Seg\u00fan destac\u00f3, las exportaciones de frutas superaron los USD 7.500 millones, posicionando al sector como el segundo mayor exportador del pa\u00eds, por encima del salm\u00f3n y el sector forestal. \u201cChile es un pa\u00eds frutero, y este logro debe llenarnos de orgullo\u201d, coment\u00f3 el ministro en una entrevista con Radio Cooperativa.<\/p>\n<p>Valenzuela subray\u00f3 el rol protag\u00f3nico de las cerezas en el mercado chino, principal destino de esta fruta. \u201cEn China, pagan 20 mil pesos por un kilo de cerezas, mientras que en Chile cuesta mil pesos\u201d, se\u00f1al\u00f3, destacando que la relaci\u00f3n entre la cereza y el A\u00f1o Nuevo Chino ha impulsado su demanda. La calidad de las cerezas chilenas, con cerca de 80 mil hect\u00e1reas plantadas, fortalece su posici\u00f3n como principal exportador mundial.<\/p>\n<p>Adem\u00e1s, mencion\u00f3 el impacto positivo para las regiones productoras como Maule, Curic\u00f3, O\u2019Higgins y zonas m\u00e1s al sur, resaltando el valor econ\u00f3mico y la generaci\u00f3n de empleo, incluyendo trabajos temporales para j\u00f3venes y migrantes.<\/p>\n<h3>Otros productos<\/h3>\n<p>La autoridad tambi\u00e9n destac\u00f3 la mejora en calidad y env\u00edos de ar\u00e1ndanos y uvas de mesa. En el caso de la uva, la eliminaci\u00f3n del Bromuro de Metilo en los env\u00edos a Estados Unidos desde este a\u00f1o ha elevado su valor, beneficiando a productores de regiones como Copiap\u00f3, Huasco y Coquimbo.<\/p>\n<p>En cuanto a las hortalizas, el ministro destac\u00f3 los avances en la producci\u00f3n de papas, ma\u00edz y trigo, impulsados por programas gubernamentales. Este desarrollo contribuy\u00f3 a una notable reducci\u00f3n del 30% en el precio de los huevos, reflejando pol\u00edticas orientadas a estabilizar los mercados alimentarios.<\/p>\n<p>Sobre los incendios forestales, Valenzuela destac\u00f3 una inversi\u00f3n conjunta de $300 mil millones entre el Estado y la industria para la prevenci\u00f3n y combate, y resalt\u00f3 la mejora en los procesos de selecci\u00f3n de brigadistas para evitar infiltraciones criminales. A pesar de un aumento del 25% en los incendios respecto a 2023, las hect\u00e1reas afectadas han disminuido en un 5%.<\/p>\n<p>Finalmente, el ministro llam\u00f3 a extremar las medidas de prevenci\u00f3n, especialmente en Maule, \u00d1uble y Biob\u00edo, donde se esperan temperaturas altas desde el 2 de enero.<\/p>\n","protected":false},"excerpt":{"rendered":"<p>El sector alcanz\u00f3 un r\u00e9cord en 2024 con USD 7.500 millones en exportaciones, destacando las cerezas en China y avances en ar\u00e1ndanos y uvas.<\/p>\n","protected":false},"author":2,"featured_media":26203,"comment_status":"closed","ping_status":"closed","sticky":false,"template":"","format":"standard","meta":{"footnotes":""},"categories":[1945],"tags":[2096,2308,9231,9550,2204,9549,9242,2035,2328,9212,5184],"class_list":["post-26202","post","type-post","status-publish","format-standard","has-post-thumbnail","hentry","category-agricultura","tag-arandanos","tag-cerezas","tag-desarrollo-rural","tag-exportaciones-de-cerezas","tag-hortalizas","tag-incendios-forestales-chile","tag-industria-fruticola","tag-minagri","tag-ministerio-de-agricultura","tag-sector-fruticola","tag-uvas-de-mesa"],"yoast_head":"<!-- This site is optimized with the Yoast SEO plugin v26.6 - https:\/\/yoast.com\/wordpress\/plugins\/seo\/ -->\n<title>Ministro de Agricultura destac\u00f3 el r\u00e9cord de exportaciones frut\u00edcolas en 2024 - Mundoagropecuario<\/title>\n<meta name=\"description\" content=\"El sector alcanz\u00f3 un r\u00e9cord en 2024 con USD 7.500 millones en exportaciones, destacando las cerezas en China y avances en ar\u00e1ndanos y uvas.\" \/>\n<meta name=\"robots\" content=\"index, follow, max-snippet:-1, max-image-preview:large, max-video-preview:-1\" \/>\n<link rel=\"canonical\" href=\"https:\/\/www.mundoagropecuario.cl\/new\/ministro-de-agricultura-destaco-el-record-de-exportaciones-fruticolas-en-2024\/\" \/>\n<meta property=\"og:locale\" content=\"es_ES\" \/>\n<meta property=\"og:type\" content=\"article\" \/>\n<meta property=\"og:title\" content=\"Ministro de Agricultura destac\u00f3 el r\u00e9cord de exportaciones frut\u00edcolas en 2024 - Mundoagropecuario\" \/>\n<meta property=\"og:description\" content=\"El sector alcanz\u00f3 un r\u00e9cord en 2024 con USD 7.500 millones en exportaciones, destacando las cerezas en China y avances en ar\u00e1ndanos y uvas.\" \/>\n<meta property=\"og:url\" content=\"https:\/\/www.mundoagropecuario.cl\/new\/ministro-de-agricultura-destaco-el-record-de-exportaciones-fruticolas-en-2024\/\" \/>\n<meta property=\"og:site_name\" content=\"Mundoagropecuario\" \/>\n<meta property=\"article:publisher\" content=\"https:\/\/www.facebook.com\/mundo.agropecuario.3\" \/>\n<meta property=\"article:published_time\" content=\"2025-01-03T15:16:16+00:00\" \/>\n<meta property=\"article:modified_time\" content=\"2025-01-08T18:27:52+00:00\" \/>\n<meta property=\"og:image\" content=\"https:\/\/www.mundoagropecuario.cl\/new\/wp-content\/uploads\/2025\/01\/Plantilla-estandar-mundo-acuicola-61-scaled.jpg\" \/>\n\t<meta property=\"og:image:width\" content=\"720\" \/>\n\t<meta property=\"og:image:height\" content=\"384\" \/>\n\t<meta property=\"og:image:type\" content=\"image\/jpeg\" \/>\n<meta name=\"author\" content=\"mundo\" \/>\n<meta name=\"twitter:card\" content=\"summary_large_image\" \/>\n<meta name=\"twitter:creator\" content=\"@MundoAgropecuar\" \/>\n<meta name=\"twitter:site\" content=\"@MundoAgropecuar\" \/>\n<meta name=\"twitter:label1\" content=\"Escrito por\" \/>\n\t<meta name=\"twitter:data1\" content=\"mundo\" \/>\n\t<meta name=\"twitter:label2\" content=\"Tiempo de lectura\" \/>\n\t<meta name=\"twitter:data2\" content=\"2 minutos\" \/>\n<script type=\"application\/ld+json\" class=\"yoast-schema-graph\">{\"@context\":\"https:\/\/schema.org\",\"@graph\":[{\"@type\":\"Article\",\"@id\":\"https:\/\/www.mundoagropecuario.cl\/new\/ministro-de-agricultura-destaco-el-record-de-exportaciones-fruticolas-en-2024\/#article\",\"isPartOf\":{\"@id\":\"https:\/\/www.mundoagropecuario.cl\/new\/ministro-de-agricultura-destaco-el-record-de-exportaciones-fruticolas-en-2024\/\"},\"author\":{\"name\":\"mundo\",\"@id\":\"https:\/\/www.mundoagropecuario.cl\/new\/#\/schema\/person\/4e9f74a82a7dac260eb1c44b7eebeb18\"},\"headline\":\"Ministro de Agricultura destac\u00f3 el r\u00e9cord de exportaciones frut\u00edcolas en 2024\",\"datePublished\":\"2025-01-03T15:16:16+00:00\",\"dateModified\":\"2025-01-08T18:27:52+00:00\",\"mainEntityOfPage\":{\"@id\":\"https:\/\/www.mundoagropecuario.cl\/new\/ministro-de-agricultura-destaco-el-record-de-exportaciones-fruticolas-en-2024\/\"},\"wordCount\":399,\"publisher\":{\"@id\":\"https:\/\/www.mundoagropecuario.cl\/new\/#organization\"},\"image\":{\"@id\":\"https:\/\/www.mundoagropecuario.cl\/new\/ministro-de-agricultura-destaco-el-record-de-exportaciones-fruticolas-en-2024\/#primaryimage\"},\"thumbnailUrl\":\"https:\/\/www.mundoagropecuario.cl\/new\/wp-content\/uploads\/2025\/01\/Plantilla-estandar-mundo-acuicola-61-scaled.jpg\",\"keywords\":[\"Ar\u00e1ndanos\",\"Cerezas\",\"desarrollo rural\",\"exportaciones de cerezas\",\"Hortalizas\",\"incendios forestales Chile\",\"industria frut\u00edcola\",\"Minagri\",\"Ministerio de Agricultura\",\"sector frut\u00edcola\",\"uvas de mesa\"],\"articleSection\":[\"Agricultura\"],\"inLanguage\":\"es\"},{\"@type\":\"WebPage\",\"@id\":\"https:\/\/www.mundoagropecuario.cl\/new\/ministro-de-agricultura-destaco-el-record-de-exportaciones-fruticolas-en-2024\/\",\"url\":\"https:\/\/www.mundoagropecuario.cl\/new\/ministro-de-agricultura-destaco-el-record-de-exportaciones-fruticolas-en-2024\/\",\"name\":\"Ministro de Agricultura destac\u00f3 el r\u00e9cord de exportaciones frut\u00edcolas en 2024 - Mundoagropecuario\",\"isPartOf\":{\"@id\":\"https:\/\/www.mundoagropecuario.cl\/new\/#website\"},\"primaryImageOfPage\":{\"@id\":\"https:\/\/www.mundoagropecuario.cl\/new\/ministro-de-agricultura-destaco-el-record-de-exportaciones-fruticolas-en-2024\/#primaryimage\"},\"image\":{\"@id\":\"https:\/\/www.mundoagropecuario.cl\/new\/ministro-de-agricultura-destaco-el-record-de-exportaciones-fruticolas-en-2024\/#primaryimage\"},\"thumbnailUrl\":\"https:\/\/www.mundoagropecuario.cl\/new\/wp-content\/uploads\/2025\/01\/Plantilla-estandar-mundo-acuicola-61-scaled.jpg\",\"datePublished\":\"2025-01-03T15:16:16+00:00\",\"dateModified\":\"2025-01-08T18:27:52+00:00\",\"description\":\"El sector alcanz\u00f3 un r\u00e9cord en 2024 con USD 7.500 millones en exportaciones, destacando las cerezas en China y avances en ar\u00e1ndanos y uvas.\",\"breadcrumb\":{\"@id\":\"https:\/\/www.mundoagropecuario.cl\/new\/ministro-de-agricultura-destaco-el-record-de-exportaciones-fruticolas-en-2024\/#breadcrumb\"},\"inLanguage\":\"es\",\"potentialAction\":[{\"@type\":\"ReadAction\",\"target\":[\"https:\/\/www.mundoagropecuario.cl\/new\/ministro-de-agricultura-destaco-el-record-de-exportaciones-fruticolas-en-2024\/\"]}]},{\"@type\":\"ImageObject\",\"inLanguage\":\"es\",\"@id\":\"https:\/\/www.mundoagropecuario.cl\/new\/ministro-de-agricultura-destaco-el-record-de-exportaciones-fruticolas-en-2024\/#primaryimage\",\"url\":\"https:\/\/www.mundoagropecuario.cl\/new\/wp-content\/uploads\/2025\/01\/Plantilla-estandar-mundo-acuicola-61-scaled.jpg\",\"contentUrl\":\"https:\/\/www.mundoagropecuario.cl\/new\/wp-content\/uploads\/2025\/01\/Plantilla-estandar-mundo-acuicola-61-scaled.jpg\",\"width\":720,\"height\":384},{\"@type\":\"BreadcrumbList\",\"@id\":\"https:\/\/www.mundoagropecuario.cl\/new\/ministro-de-agricultura-destaco-el-record-de-exportaciones-fruticolas-en-2024\/#breadcrumb\",\"itemListElement\":[{\"@type\":\"ListItem\",\"position\":1,\"name\":\"Portada\",\"item\":\"https:\/\/www.mundoagropecuario.cl\/new\/\"},{\"@type\":\"ListItem\",\"position\":2,\"name\":\"Ministro de Agricultura destac\u00f3 el r\u00e9cord de exportaciones frut\u00edcolas en 2024\"}]},{\"@type\":\"WebSite\",\"@id\":\"https:\/\/www.mundoagropecuario.cl\/new\/#website\",\"url\":\"https:\/\/www.mundoagropecuario.cl\/new\/\",\"name\":\"Mundoagropecuario\",\"description\":\"Mundo Agropecuario\",\"publisher\":{\"@id\":\"https:\/\/www.mundoagropecuario.cl\/new\/#organization\"},\"potentialAction\":[{\"@type\":\"SearchAction\",\"target\":{\"@type\":\"EntryPoint\",\"urlTemplate\":\"https:\/\/www.mundoagropecuario.cl\/new\/?s={search_term_string}\"},\"query-input\":{\"@type\":\"PropertyValueSpecification\",\"valueRequired\":true,\"valueName\":\"search_term_string\"}}],\"inLanguage\":\"es\"},{\"@type\":\"Organization\",\"@id\":\"https:\/\/www.mundoagropecuario.cl\/new\/#organization\",\"name\":\"Revista de Agricultura\",\"url\":\"https:\/\/www.mundoagropecuario.cl\/new\/\",\"logo\":{\"@type\":\"ImageObject\",\"inLanguage\":\"es\",\"@id\":\"https:\/\/www.mundoagropecuario.cl\/new\/#\/schema\/logo\/image\/\",\"url\":\"https:\/\/www.mundoagropecuario.cl\/new\/wp-content\/uploads\/2020\/11\/PORTAL-1-1.png\",\"contentUrl\":\"https:\/\/www.mundoagropecuario.cl\/new\/wp-content\/uploads\/2020\/11\/PORTAL-1-1.png\",\"width\":1026,\"height\":100,\"caption\":\"Revista de Agricultura\"},\"image\":{\"@id\":\"https:\/\/www.mundoagropecuario.cl\/new\/#\/schema\/logo\/image\/\"},\"sameAs\":[\"https:\/\/www.facebook.com\/mundo.agropecuario.3\",\"https:\/\/x.com\/MundoAgropecuar\",\"https:\/\/www.linkedin.com\/in\/mundo-agropecuario-934009201\/\"]},{\"@type\":\"Person\",\"@id\":\"https:\/\/www.mundoagropecuario.cl\/new\/#\/schema\/person\/4e9f74a82a7dac260eb1c44b7eebeb18\",\"name\":\"mundo\",\"url\":\"https:\/\/www.mundoagropecuario.cl\/new\/author\/mundo\/\"}]}<\/script>\n<!-- \/ Yoast SEO plugin. -->","yoast_head_json":{"title":"Ministro de Agricultura destac\u00f3 el r\u00e9cord de exportaciones frut\u00edcolas en 2024 - Mundoagropecuario","description":"El sector alcanz\u00f3 un r\u00e9cord en 2024 con USD 7.500 millones en exportaciones, destacando las cerezas en China y avances en ar\u00e1ndanos y uvas.","robots":{"index":"index","follow":"follow","max-snippet":"max-snippet:-1","max-image-preview":"max-image-preview:large","max-video-preview":"max-video-preview:-1"},"canonical":"https:\/\/www.mundoagropecuario.cl\/new\/ministro-de-agricultura-destaco-el-record-de-exportaciones-fruticolas-en-2024\/","og_locale":"es_ES","og_type":"article","og_title":"Ministro de Agricultura destac\u00f3 el r\u00e9cord de exportaciones frut\u00edcolas en 2024 - Mundoagropecuario","og_description":"El sector alcanz\u00f3 un r\u00e9cord en 2024 con USD 7.500 millones en exportaciones, destacando las cerezas en China y avances en ar\u00e1ndanos y uvas.","og_url":"https:\/\/www.mundoagropecuario.cl\/new\/ministro-de-agricultura-destaco-el-record-de-exportaciones-fruticolas-en-2024\/","og_site_name":"Mundoagropecuario","article_publisher":"https:\/\/www.facebook.com\/mundo.agropecuario.3","article_published_time":"2025-01-03T15:16:16+00:00","article_modified_time":"2025-01-08T18:27:52+00:00","og_image":[{"width":720,"height":384,"url":"https:\/\/www.mundoagropecuario.cl\/new\/wp-content\/uploads\/2025\/01\/Plantilla-estandar-mundo-acuicola-61-scaled.jpg","type":"image\/jpeg"}],"author":"mundo","twitter_card":"summary_large_image","twitter_creator":"@MundoAgropecuar","twitter_site":"@MundoAgropecuar","twitter_misc":{"Escrito por":"mundo","Tiempo de lectura":"2 minutos"},"schema":{"@context":"https:\/\/schema.org","@graph":[{"@type":"Article","@id":"https:\/\/www.mundoagropecuario.cl\/new\/ministro-de-agricultura-destaco-el-record-de-exportaciones-fruticolas-en-2024\/#article","isPartOf":{"@id":"https:\/\/www.mundoagropecuario.cl\/new\/ministro-de-agricultura-destaco-el-record-de-exportaciones-fruticolas-en-2024\/"},"author":{"name":"mundo","@id":"https:\/\/www.mundoagropecuario.cl\/new\/#\/schema\/person\/4e9f74a82a7dac260eb1c44b7eebeb18"},"headline":"Ministro de Agricultura destac\u00f3 el r\u00e9cord de exportaciones frut\u00edcolas en 2024","datePublished":"2025-01-03T15:16:16+00:00","dateModified":"2025-01-08T18:27:52+00:00","mainEntityOfPage":{"@id":"https:\/\/www.mundoagropecuario.cl\/new\/ministro-de-agricultura-destaco-el-record-de-exportaciones-fruticolas-en-2024\/"},"wordCount":399,"publisher":{"@id":"https:\/\/www.mundoagropecuario.cl\/new\/#organization"},"image":{"@id":"https:\/\/www.mundoagropecuario.cl\/new\/ministro-de-agricultura-destaco-el-record-de-exportaciones-fruticolas-en-2024\/#primaryimage"},"thumbnailUrl":"https:\/\/www.mundoagropecuario.cl\/new\/wp-content\/uploads\/2025\/01\/Plantilla-estandar-mundo-acuicola-61-scaled.jpg","keywords":["Ar\u00e1ndanos","Cerezas","desarrollo rural","exportaciones de cerezas","Hortalizas","incendios forestales Chile","industria frut\u00edcola","Minagri","Ministerio de Agricultura","sector frut\u00edcola","uvas de mesa"],"articleSection":["Agricultura"],"inLanguage":"es"},{"@type":"WebPage","@id":"https:\/\/www.mundoagropecuario.cl\/new\/ministro-de-agricultura-destaco-el-record-de-exportaciones-fruticolas-en-2024\/","url":"https:\/\/www.mundoagropecuario.cl\/new\/ministro-de-agricultura-destaco-el-record-de-exportaciones-fruticolas-en-2024\/","name":"Ministro de Agricultura destac\u00f3 el r\u00e9cord de exportaciones frut\u00edcolas en 2024 - Mundoagropecuario","isPartOf":{"@id":"https:\/\/www.mundoagropecuario.cl\/new\/#website"},"primaryImageOfPage":{"@id":"https:\/\/www.mundoagropecuario.cl\/new\/ministro-de-agricultura-destaco-el-record-de-exportaciones-fruticolas-en-2024\/#primaryimage"},"image":{"@id":"https:\/\/www.mundoagropecuario.cl\/new\/ministro-de-agricultura-destaco-el-record-de-exportaciones-fruticolas-en-2024\/#primaryimage"},"thumbnailUrl":"https:\/\/www.mundoagropecuario.cl\/new\/wp-content\/uploads\/2025\/01\/Plantilla-estandar-mundo-acuicola-61-scaled.jpg","datePublished":"2025-01-03T15:16:16+00:00","dateModified":"2025-01-08T18:27:52+00:00","description":"El sector alcanz\u00f3 un r\u00e9cord en 2024 con USD 7.500 millones en exportaciones, destacando las cerezas en China y avances en ar\u00e1ndanos y uvas.","breadcrumb":{"@id":"https:\/\/www.mundoagropecuario.cl\/new\/ministro-de-agricultura-destaco-el-record-de-exportaciones-fruticolas-en-2024\/#breadcrumb"},"inLanguage":"es","potentialAction":[{"@type":"ReadAction","target":["https:\/\/www.mundoagropecuario.cl\/new\/ministro-de-agricultura-destaco-el-record-de-exportaciones-fruticolas-en-2024\/"]}]},{"@type":"ImageObject","inLanguage":"es","@id":"https:\/\/www.mundoagropecuario.cl\/new\/ministro-de-agricultura-destaco-el-record-de-exportaciones-fruticolas-en-2024\/#primaryimage","url":"https:\/\/www.mundoagropecuario.cl\/new\/wp-content\/uploads\/2025\/01\/Plantilla-estandar-mundo-acuicola-61-scaled.jpg","contentUrl":"https:\/\/www.mundoagropecuario.cl\/new\/wp-content\/uploads\/2025\/01\/Plantilla-estandar-mundo-acuicola-61-scaled.jpg","width":720,"height":384},{"@type":"BreadcrumbList","@id":"https:\/\/www.mundoagropecuario.cl\/new\/ministro-de-agricultura-destaco-el-record-de-exportaciones-fruticolas-en-2024\/#breadcrumb","itemListElement":[{"@type":"ListItem","position":1,"name":"Portada","item":"https:\/\/www.mundoagropecuario.cl\/new\/"},{"@type":"ListItem","position":2,"name":"Ministro de Agricultura destac\u00f3 el r\u00e9cord de exportaciones frut\u00edcolas en 2024"}]},{"@type":"WebSite","@id":"https:\/\/www.mundoagropecuario.cl\/new\/#website","url":"https:\/\/www.mundoagropecuario.cl\/new\/","name":"Mundoagropecuario","description":"Mundo Agropecuario","publisher":{"@id":"https:\/\/www.mundoagropecuario.cl\/new\/#organization"},"potentialAction":[{"@type":"SearchAction","target":{"@type":"EntryPoint","urlTemplate":"https:\/\/www.mundoagropecuario.cl\/new\/?s={search_term_string}"},"query-input":{"@type":"PropertyValueSpecification","valueRequired":true,"valueName":"search_term_string"}}],"inLanguage":"es"},{"@type":"Organization","@id":"https:\/\/www.mundoagropecuario.cl\/new\/#organization","name":"Revista de Agricultura","url":"https:\/\/www.mundoagropecuario.cl\/new\/","logo":{"@type":"ImageObject","inLanguage":"es","@id":"https:\/\/www.mundoagropecuario.cl\/new\/#\/schema\/logo\/image\/","url":"https:\/\/www.mundoagropecuario.cl\/new\/wp-content\/uploads\/2020\/11\/PORTAL-1-1.png","contentUrl":"https:\/\/www.mundoagropecuario.cl\/new\/wp-content\/uploads\/2020\/11\/PORTAL-1-1.png","width":1026,"height":100,"caption":"Revista de Agricultura"},"image":{"@id":"https:\/\/www.mundoagropecuario.cl\/new\/#\/schema\/logo\/image\/"},"sameAs":["https:\/\/www.facebook.com\/mundo.agropecuario.3","https:\/\/x.com\/MundoAgropecuar","https:\/\/www.linkedin.com\/in\/mundo-agropecuario-934009201\/"]},{"@type":"Person","@id":"https:\/\/www.mundoagropecuario.cl\/new\/#\/schema\/person\/4e9f74a82a7dac260eb1c44b7eebeb18","name":"mundo","url":"https:\/\/www.mundoagropecuario.cl\/new\/author\/mundo\/"}]}},"_links":{"self":[{"href":"https:\/\/www.mundoagropecuario.cl\/new\/wp-json\/wp\/v2\/posts\/26202","targetHints":{"allow":["GET"]}}],"collection":[{"href":"https:\/\/www.mundoagropecuario.cl\/new\/wp-json\/wp\/v2\/posts"}],"about":[{"href":"https:\/\/www.mundoagropecuario.cl\/new\/wp-json\/wp\/v2\/types\/post"}],"author":[{"embeddable":true,"href":"https:\/\/www.mundoagropecuario.cl\/new\/wp-json\/wp\/v2\/users\/2"}],"replies":[{"embeddable":true,"href":"https:\/\/www.mundoagropecuario.cl\/new\/wp-json\/wp\/v2\/comments?post=26202"}],"version-history":[{"count":1,"href":"https:\/\/www.mundoagropecuario.cl\/new\/wp-json\/wp\/v2\/posts\/26202\/revisions"}],"predecessor-version":[{"id":26204,"href":"https:\/\/www.mundoagropecuario.cl\/new\/wp-json\/wp\/v2\/posts\/26202\/revisions\/26204"}],"wp:featuredmedia":[{"embeddable":true,"href":"https:\/\/www.mundoagropecuario.cl\/new\/wp-json\/wp\/v2\/media\/26203"}],"wp:attachment":[{"href":"https:\/\/www.mundoagropecuario.cl\/new\/wp-json\/wp\/v2\/media?parent=26202"}],"wp:term":[{"taxonomy":"category","embeddable":true,"href":"https:\/\/www.mundoagropecuario.cl\/new\/wp-json\/wp\/v2\/categories?post=26202"},{"taxonomy":"post_tag","embeddable":true,"href":"https:\/\/www.mundoagropecuario.cl\/new\/wp-json\/wp\/v2\/tags?post=26202"}],"curies":[{"name":"wp","href":"https:\/\/api.w.org\/{rel}","templated":true}]}}