{"id":26184,"date":"2025-01-02T10:52:50","date_gmt":"2025-01-02T13:52:50","guid":{"rendered":"https:\/\/www.mundoagropecuario.cl\/new\/?p=26184"},"modified":"2025-01-06T15:48:41","modified_gmt":"2025-01-06T18:48:41","slug":"monitoreo-y-control-de-cuncunilla-negra-en-aysen","status":"publish","type":"post","link":"https:\/\/www.mundoagropecuario.cl\/new\/monitoreo-y-control-de-cuncunilla-negra-en-aysen\/","title":{"rendered":"Monitoreo y control de la cuncunilla negra en Ays\u00e9n"},"content":{"rendered":"<p>Campesinas y campesinos de los sectores de Valle Lagunas y Villa Los Torreones recibieron charlas informativas durante el mes de diciembre para identificar e implementar eventuales manejos que permitan combatir la propagaci\u00f3n de la cuncunilla negra en predios. El seremi de Agricultura, Eugenio Ruiz, junto a la directora de INIA Tamel Aike, Camila Reyes, impuls\u00f3 las jornadas, las cuales contaron con la participaci\u00f3n de profesionales y directores de SAG Ays\u00e9n, Julio Cerda, e INDAP Ays\u00e9n, Yessica Lagos.<\/p>\n<p>La cuncunilla es una larva end\u00e9mica que habita en praderas, principalmente en regiones de Valpara\u00edso y Ays\u00e9n. En la Patagonia, se estima que provoca da\u00f1o desde abril y su impacto de acrecienta en la primavera. Para finales de noviembre y diciembre, alcanza su desarrollo m\u00e1ximo y comienza a transformarse en cris\u00e1lida (pupa). En esta \u00faltima etapa, deja de alimentarse, por lo que no causa m\u00e1s da\u00f1o.<\/p>\n<p>La importancia del monitoreo de suelos para confirmar la presencia de la larva y estimar su poblaci\u00f3n, adem\u00e1s de conocer el ciclo de vida para delimitar alternativas de control, fueron parte de los principales insumos entregados en ambas jornadas.<\/p>\n<h3>Acciones<\/h3>\n<p>Para el presidente de la Junta de Vecinos de Valle Lagunas, Claudio Vega, la jornada permiti\u00f3 identificar que \u201chay un inter\u00e9s en com\u00fan de poder atacar esto. Nosotros lo desconocemos t\u00e9cnicamente pero hoy llegaron los servicios del Agro, quienes definieron detalladamente c\u00f3mo atacarlo y yo creo que eso nos faltaba. Quer\u00edamos una soluci\u00f3n de inmediato, pero s\u00ed tenemos la posibilidad de tomar el toro por las astas y hoy es un empezar de esto, por lo que estamos confiados. Hemos aprendido a reconocer una realidad t\u00e9cnica, y estamos en miras de poder hacer cosas (\u2026) Depende de nosotros ahora, y vamos a trabajar con los planes que tiene la Seremi de Agricultura\u201d.<\/p>\n<p>Por otro lado, la dirigenta de Asociaci\u00f3n Gremial de Peque\u00f1os Campesinos de Los Torreones, Maril\u00fa Gallardo Vidal, detall\u00f3 que \u201ctodo aporte que se nos pueda hacer llegar es bienvenido y se agradece. Creo que esto es una muy buena instancia. Agradecida porque veo que entre las instituciones que han estado presente, han dado con claridad la informaci\u00f3n que yo creo que todos requer\u00edamos. Ahora va a depender de nosotros y quienes nos veamos afectados por este bichito el poder dar soluci\u00f3n, pero para eso debemos tener el inter\u00e9s (\u2026) hay que darles distintos usos a los suelos para poder enriquecerlos\u201d.<\/p>\n<h3>A tiempo<\/h3>\n<p>Los servicios del Agro puntualizaron que durante esta temporada es fundamental inspeccionar los suelos para evaluar si predominan pupas sobre larvas, pues de ser as\u00ed, el da\u00f1o ya no progresar\u00e1 y no es necesario tomar medidas de control para esta temporada. Asimismo, recordaron que las personas est\u00e1n a tiempo de implementar cultivos suplementarios de brassicas forrajeras para prepararse ante la llegada del invierno, adem\u00e1s de fertilizar sus suelos.<\/p>\n<p>Cabe se\u00f1alar que INIA Tamel Aike desarrolla talleres y d\u00edas de campo para interiorizarse sobre el correcto monitoreo de esta y otras plagas. Con el FNDR \u201cManejo y Control de las Principales Plagas en Praderas y Cultivos Forrajeros de Ays\u00e9n\u201d, este 2024 se fortalecieron las instancias regionales en terreno, capacitando a productoras y productores de las provincias de Ays\u00e9n y Coyhaique.<\/p>\n<h3>Diversas iniciativas<\/h3>\n<p>Al finalizar los encuentros, el seremi de Agricultura, Eugenio Ruiz, detall\u00f3 sobre avances sectoriales que permitir\u00e1n fomentar pr\u00e1cticas silvoagroambientales para la recuperaci\u00f3n de los suelos degradados en la regi\u00f3n. \u201cEl programa FNDR Suelos Ays\u00e9n es una iniciativa que busca entregar capacidades a productores, asesores t\u00e9cnicos y profesionales del Agro para incentivar pr\u00e1cticas como fertilizaci\u00f3n, establecimiento de praderas, rehabilitaci\u00f3n y conservaci\u00f3n de los suelos, generando un impacto en nuestra seguridad y soberan\u00eda alimentaria\u201d.<\/p>\n<p>\u201cA esto se adiciona el subprograma de praderas suplementarias que permitir\u00e1 contribuir al mejoramiento de la productividad y sustentabilidad de los sistemas ganaderos, aumentando la disponibilidad de forraje en \u00e9pocas cr\u00edticas. Es por esto que invitamos a las campesinas, campesinos y productores agropecuarios de Ays\u00e9n a sumarse a este programa y participar del concurso p\u00fablico que estar\u00e1 abierto hasta el 17 de febrero de 2025\u201d.<\/p>\n<p>Para m\u00e1s informaci\u00f3n sobre el concurso p\u00fabico del programa FNDR \u201cSuelos Ays\u00e9n\u201d, las oficinas sectoriales de SAG y \u00c1reas de INDAP se encuentran permanentemente atendiendo consultas al respecto. Para m\u00e1s informaci\u00f3n sobre monitoreos y control de la cuncunilla negra, aclarar dudas o solicitar apoyo en capacitaciones, se recomienda contactarse con INIA Tamel Aike a trav\u00e9s del correo \u00a0<u><a id=\"m_-4825589349601662083OWAdde9ec74-0ec9-6f5c-cb46-73b03389f53e\" href=\"mailto:oteuber@inia.cl\" target=\"_blank\" rel=\"noopener\">oteuber@inia.cl<\/a><\/u><\/p>\n","protected":false},"excerpt":{"rendered":"<p>En diciembre, Agricultura reforz\u00f3 charlas en Ays\u00e9n sobre cuncunilla negra, ense\u00f1ando t\u00e9cnicas de control para apoyar a campesinos locales. <\/p>\n","protected":false},"author":2,"featured_media":26185,"comment_status":"closed","ping_status":"closed","sticky":false,"template":"","format":"standard","meta":{"footnotes":""},"categories":[126],"tags":[3523,9533,2519,2052,2827,6567,9536,9534,2635,9538,6792,9535,8563,9537],"class_list":["post-26184","post","type-post","status-publish","format-standard","has-post-thumbnail","hentry","category-noticias","tag-agricultura-sustentable","tag-cuncunilla-negra","tag-fndr","tag-inia","tag-inia-tamel-aike","tag-instituto-de-investigaciones-agropecuarias","tag-manejo-de-suelos","tag-monitoreo-de-plagas","tag-plagas","tag-practicas-silvoagroambientales","tag-recuperacion-de-suelos","tag-seremi-de-agricultura-aysen","tag-soberania-alimentaria","tag-tecnicas-de-control-de-plagas"],"yoast_head":"<!-- This site is optimized with the Yoast SEO plugin v26.6 - https:\/\/yoast.com\/wordpress\/plugins\/seo\/ -->\n<title>Monitoreo y control de la cuncunilla negra en Ays\u00e9n - Mundoagropecuario<\/title>\n<meta name=\"description\" content=\"En diciembre, Agricultura reforz\u00f3 charlas en Ays\u00e9n sobre cuncunilla negra, ense\u00f1ando t\u00e9cnicas de control para apoyar a campesinos locales.\" \/>\n<meta name=\"robots\" content=\"index, follow, max-snippet:-1, max-image-preview:large, max-video-preview:-1\" \/>\n<link rel=\"canonical\" href=\"https:\/\/www.mundoagropecuario.cl\/new\/monitoreo-y-control-de-cuncunilla-negra-en-aysen\/\" \/>\n<meta property=\"og:locale\" content=\"es_ES\" \/>\n<meta property=\"og:type\" content=\"article\" \/>\n<meta property=\"og:title\" content=\"Monitoreo y control de la cuncunilla negra en Ays\u00e9n - Mundoagropecuario\" \/>\n<meta property=\"og:description\" content=\"En diciembre, Agricultura reforz\u00f3 charlas en Ays\u00e9n sobre cuncunilla negra, ense\u00f1ando t\u00e9cnicas de control para apoyar a campesinos locales.\" \/>\n<meta property=\"og:url\" content=\"https:\/\/www.mundoagropecuario.cl\/new\/monitoreo-y-control-de-cuncunilla-negra-en-aysen\/\" \/>\n<meta property=\"og:site_name\" content=\"Mundoagropecuario\" \/>\n<meta property=\"article:publisher\" content=\"https:\/\/www.facebook.com\/mundo.agropecuario.3\" \/>\n<meta property=\"article:published_time\" content=\"2025-01-02T13:52:50+00:00\" \/>\n<meta property=\"article:modified_time\" content=\"2025-01-06T18:48:41+00:00\" \/>\n<meta property=\"og:image\" content=\"https:\/\/www.mundoagropecuario.cl\/new\/wp-content\/uploads\/2025\/01\/Plantilla-estandar-mundo-acuicola-55-scaled.jpg\" \/>\n\t<meta property=\"og:image:width\" content=\"720\" \/>\n\t<meta property=\"og:image:height\" content=\"384\" \/>\n\t<meta property=\"og:image:type\" content=\"image\/jpeg\" \/>\n<meta name=\"author\" content=\"mundo\" \/>\n<meta name=\"twitter:card\" content=\"summary_large_image\" \/>\n<meta name=\"twitter:creator\" content=\"@MundoAgropecuar\" \/>\n<meta name=\"twitter:site\" content=\"@MundoAgropecuar\" \/>\n<meta name=\"twitter:label1\" content=\"Escrito por\" \/>\n\t<meta name=\"twitter:data1\" content=\"mundo\" \/>\n\t<meta name=\"twitter:label2\" content=\"Tiempo de lectura\" \/>\n\t<meta name=\"twitter:data2\" content=\"4 minutos\" \/>\n<script type=\"application\/ld+json\" class=\"yoast-schema-graph\">{\"@context\":\"https:\/\/schema.org\",\"@graph\":[{\"@type\":\"Article\",\"@id\":\"https:\/\/www.mundoagropecuario.cl\/new\/monitoreo-y-control-de-cuncunilla-negra-en-aysen\/#article\",\"isPartOf\":{\"@id\":\"https:\/\/www.mundoagropecuario.cl\/new\/monitoreo-y-control-de-cuncunilla-negra-en-aysen\/\"},\"author\":{\"name\":\"mundo\",\"@id\":\"https:\/\/www.mundoagropecuario.cl\/new\/#\/schema\/person\/4e9f74a82a7dac260eb1c44b7eebeb18\"},\"headline\":\"Monitoreo y control de la cuncunilla negra en Ays\u00e9n\",\"datePublished\":\"2025-01-02T13:52:50+00:00\",\"dateModified\":\"2025-01-06T18:48:41+00:00\",\"mainEntityOfPage\":{\"@id\":\"https:\/\/www.mundoagropecuario.cl\/new\/monitoreo-y-control-de-cuncunilla-negra-en-aysen\/\"},\"wordCount\":785,\"publisher\":{\"@id\":\"https:\/\/www.mundoagropecuario.cl\/new\/#organization\"},\"image\":{\"@id\":\"https:\/\/www.mundoagropecuario.cl\/new\/monitoreo-y-control-de-cuncunilla-negra-en-aysen\/#primaryimage\"},\"thumbnailUrl\":\"https:\/\/www.mundoagropecuario.cl\/new\/wp-content\/uploads\/2025\/01\/Plantilla-estandar-mundo-acuicola-55-scaled.jpg\",\"keywords\":[\"agricultura sustentable\",\"cuncunilla negra\",\"FNDR\",\"INIA\",\"INIA Tamel Aike\",\"Instituto de Investigaciones Agropecuarias\",\"manejo de suelos\",\"monitoreo de plagas\",\"plagas\",\"pr\u00e1cticas silvoagroambientales\",\"Recuperaci\u00f3n de Suelos\",\"seremi de Agricultura Ays\u00e9n\",\"Soberan\u00eda Alimentaria\",\"t\u00e9cnicas de control de plagas\"],\"articleSection\":[\"Noticias\"],\"inLanguage\":\"es\"},{\"@type\":\"WebPage\",\"@id\":\"https:\/\/www.mundoagropecuario.cl\/new\/monitoreo-y-control-de-cuncunilla-negra-en-aysen\/\",\"url\":\"https:\/\/www.mundoagropecuario.cl\/new\/monitoreo-y-control-de-cuncunilla-negra-en-aysen\/\",\"name\":\"Monitoreo y control de la cuncunilla negra en Ays\u00e9n - Mundoagropecuario\",\"isPartOf\":{\"@id\":\"https:\/\/www.mundoagropecuario.cl\/new\/#website\"},\"primaryImageOfPage\":{\"@id\":\"https:\/\/www.mundoagropecuario.cl\/new\/monitoreo-y-control-de-cuncunilla-negra-en-aysen\/#primaryimage\"},\"image\":{\"@id\":\"https:\/\/www.mundoagropecuario.cl\/new\/monitoreo-y-control-de-cuncunilla-negra-en-aysen\/#primaryimage\"},\"thumbnailUrl\":\"https:\/\/www.mundoagropecuario.cl\/new\/wp-content\/uploads\/2025\/01\/Plantilla-estandar-mundo-acuicola-55-scaled.jpg\",\"datePublished\":\"2025-01-02T13:52:50+00:00\",\"dateModified\":\"2025-01-06T18:48:41+00:00\",\"description\":\"En diciembre, Agricultura reforz\u00f3 charlas en Ays\u00e9n sobre cuncunilla negra, ense\u00f1ando t\u00e9cnicas de control para apoyar a campesinos locales.\",\"breadcrumb\":{\"@id\":\"https:\/\/www.mundoagropecuario.cl\/new\/monitoreo-y-control-de-cuncunilla-negra-en-aysen\/#breadcrumb\"},\"inLanguage\":\"es\",\"potentialAction\":[{\"@type\":\"ReadAction\",\"target\":[\"https:\/\/www.mundoagropecuario.cl\/new\/monitoreo-y-control-de-cuncunilla-negra-en-aysen\/\"]}]},{\"@type\":\"ImageObject\",\"inLanguage\":\"es\",\"@id\":\"https:\/\/www.mundoagropecuario.cl\/new\/monitoreo-y-control-de-cuncunilla-negra-en-aysen\/#primaryimage\",\"url\":\"https:\/\/www.mundoagropecuario.cl\/new\/wp-content\/uploads\/2025\/01\/Plantilla-estandar-mundo-acuicola-55-scaled.jpg\",\"contentUrl\":\"https:\/\/www.mundoagropecuario.cl\/new\/wp-content\/uploads\/2025\/01\/Plantilla-estandar-mundo-acuicola-55-scaled.jpg\",\"width\":720,\"height\":384},{\"@type\":\"BreadcrumbList\",\"@id\":\"https:\/\/www.mundoagropecuario.cl\/new\/monitoreo-y-control-de-cuncunilla-negra-en-aysen\/#breadcrumb\",\"itemListElement\":[{\"@type\":\"ListItem\",\"position\":1,\"name\":\"Portada\",\"item\":\"https:\/\/www.mundoagropecuario.cl\/new\/\"},{\"@type\":\"ListItem\",\"position\":2,\"name\":\"Monitoreo y control de la cuncunilla negra en Ays\u00e9n\"}]},{\"@type\":\"WebSite\",\"@id\":\"https:\/\/www.mundoagropecuario.cl\/new\/#website\",\"url\":\"https:\/\/www.mundoagropecuario.cl\/new\/\",\"name\":\"Mundoagropecuario\",\"description\":\"Mundo Agropecuario\",\"publisher\":{\"@id\":\"https:\/\/www.mundoagropecuario.cl\/new\/#organization\"},\"potentialAction\":[{\"@type\":\"SearchAction\",\"target\":{\"@type\":\"EntryPoint\",\"urlTemplate\":\"https:\/\/www.mundoagropecuario.cl\/new\/?s={search_term_string}\"},\"query-input\":{\"@type\":\"PropertyValueSpecification\",\"valueRequired\":true,\"valueName\":\"search_term_string\"}}],\"inLanguage\":\"es\"},{\"@type\":\"Organization\",\"@id\":\"https:\/\/www.mundoagropecuario.cl\/new\/#organization\",\"name\":\"Revista de Agricultura\",\"url\":\"https:\/\/www.mundoagropecuario.cl\/new\/\",\"logo\":{\"@type\":\"ImageObject\",\"inLanguage\":\"es\",\"@id\":\"https:\/\/www.mundoagropecuario.cl\/new\/#\/schema\/logo\/image\/\",\"url\":\"https:\/\/www.mundoagropecuario.cl\/new\/wp-content\/uploads\/2020\/11\/PORTAL-1-1.png\",\"contentUrl\":\"https:\/\/www.mundoagropecuario.cl\/new\/wp-content\/uploads\/2020\/11\/PORTAL-1-1.png\",\"width\":1026,\"height\":100,\"caption\":\"Revista de Agricultura\"},\"image\":{\"@id\":\"https:\/\/www.mundoagropecuario.cl\/new\/#\/schema\/logo\/image\/\"},\"sameAs\":[\"https:\/\/www.facebook.com\/mundo.agropecuario.3\",\"https:\/\/x.com\/MundoAgropecuar\",\"https:\/\/www.linkedin.com\/in\/mundo-agropecuario-934009201\/\"]},{\"@type\":\"Person\",\"@id\":\"https:\/\/www.mundoagropecuario.cl\/new\/#\/schema\/person\/4e9f74a82a7dac260eb1c44b7eebeb18\",\"name\":\"mundo\",\"url\":\"https:\/\/www.mundoagropecuario.cl\/new\/author\/mundo\/\"}]}<\/script>\n<!-- \/ Yoast SEO plugin. -->","yoast_head_json":{"title":"Monitoreo y control de la cuncunilla negra en Ays\u00e9n - Mundoagropecuario","description":"En diciembre, Agricultura reforz\u00f3 charlas en Ays\u00e9n sobre cuncunilla negra, ense\u00f1ando t\u00e9cnicas de control para apoyar a campesinos locales.","robots":{"index":"index","follow":"follow","max-snippet":"max-snippet:-1","max-image-preview":"max-image-preview:large","max-video-preview":"max-video-preview:-1"},"canonical":"https:\/\/www.mundoagropecuario.cl\/new\/monitoreo-y-control-de-cuncunilla-negra-en-aysen\/","og_locale":"es_ES","og_type":"article","og_title":"Monitoreo y control de la cuncunilla negra en Ays\u00e9n - Mundoagropecuario","og_description":"En diciembre, Agricultura reforz\u00f3 charlas en Ays\u00e9n sobre cuncunilla negra, ense\u00f1ando t\u00e9cnicas de control para apoyar a campesinos locales.","og_url":"https:\/\/www.mundoagropecuario.cl\/new\/monitoreo-y-control-de-cuncunilla-negra-en-aysen\/","og_site_name":"Mundoagropecuario","article_publisher":"https:\/\/www.facebook.com\/mundo.agropecuario.3","article_published_time":"2025-01-02T13:52:50+00:00","article_modified_time":"2025-01-06T18:48:41+00:00","og_image":[{"width":720,"height":384,"url":"https:\/\/www.mundoagropecuario.cl\/new\/wp-content\/uploads\/2025\/01\/Plantilla-estandar-mundo-acuicola-55-scaled.jpg","type":"image\/jpeg"}],"author":"mundo","twitter_card":"summary_large_image","twitter_creator":"@MundoAgropecuar","twitter_site":"@MundoAgropecuar","twitter_misc":{"Escrito por":"mundo","Tiempo de lectura":"4 minutos"},"schema":{"@context":"https:\/\/schema.org","@graph":[{"@type":"Article","@id":"https:\/\/www.mundoagropecuario.cl\/new\/monitoreo-y-control-de-cuncunilla-negra-en-aysen\/#article","isPartOf":{"@id":"https:\/\/www.mundoagropecuario.cl\/new\/monitoreo-y-control-de-cuncunilla-negra-en-aysen\/"},"author":{"name":"mundo","@id":"https:\/\/www.mundoagropecuario.cl\/new\/#\/schema\/person\/4e9f74a82a7dac260eb1c44b7eebeb18"},"headline":"Monitoreo y control de la cuncunilla negra en Ays\u00e9n","datePublished":"2025-01-02T13:52:50+00:00","dateModified":"2025-01-06T18:48:41+00:00","mainEntityOfPage":{"@id":"https:\/\/www.mundoagropecuario.cl\/new\/monitoreo-y-control-de-cuncunilla-negra-en-aysen\/"},"wordCount":785,"publisher":{"@id":"https:\/\/www.mundoagropecuario.cl\/new\/#organization"},"image":{"@id":"https:\/\/www.mundoagropecuario.cl\/new\/monitoreo-y-control-de-cuncunilla-negra-en-aysen\/#primaryimage"},"thumbnailUrl":"https:\/\/www.mundoagropecuario.cl\/new\/wp-content\/uploads\/2025\/01\/Plantilla-estandar-mundo-acuicola-55-scaled.jpg","keywords":["agricultura sustentable","cuncunilla negra","FNDR","INIA","INIA Tamel Aike","Instituto de Investigaciones Agropecuarias","manejo de suelos","monitoreo de plagas","plagas","pr\u00e1cticas silvoagroambientales","Recuperaci\u00f3n de Suelos","seremi de Agricultura Ays\u00e9n","Soberan\u00eda Alimentaria","t\u00e9cnicas de control de plagas"],"articleSection":["Noticias"],"inLanguage":"es"},{"@type":"WebPage","@id":"https:\/\/www.mundoagropecuario.cl\/new\/monitoreo-y-control-de-cuncunilla-negra-en-aysen\/","url":"https:\/\/www.mundoagropecuario.cl\/new\/monitoreo-y-control-de-cuncunilla-negra-en-aysen\/","name":"Monitoreo y control de la cuncunilla negra en Ays\u00e9n - Mundoagropecuario","isPartOf":{"@id":"https:\/\/www.mundoagropecuario.cl\/new\/#website"},"primaryImageOfPage":{"@id":"https:\/\/www.mundoagropecuario.cl\/new\/monitoreo-y-control-de-cuncunilla-negra-en-aysen\/#primaryimage"},"image":{"@id":"https:\/\/www.mundoagropecuario.cl\/new\/monitoreo-y-control-de-cuncunilla-negra-en-aysen\/#primaryimage"},"thumbnailUrl":"https:\/\/www.mundoagropecuario.cl\/new\/wp-content\/uploads\/2025\/01\/Plantilla-estandar-mundo-acuicola-55-scaled.jpg","datePublished":"2025-01-02T13:52:50+00:00","dateModified":"2025-01-06T18:48:41+00:00","description":"En diciembre, Agricultura reforz\u00f3 charlas en Ays\u00e9n sobre cuncunilla negra, ense\u00f1ando t\u00e9cnicas de control para apoyar a campesinos locales.","breadcrumb":{"@id":"https:\/\/www.mundoagropecuario.cl\/new\/monitoreo-y-control-de-cuncunilla-negra-en-aysen\/#breadcrumb"},"inLanguage":"es","potentialAction":[{"@type":"ReadAction","target":["https:\/\/www.mundoagropecuario.cl\/new\/monitoreo-y-control-de-cuncunilla-negra-en-aysen\/"]}]},{"@type":"ImageObject","inLanguage":"es","@id":"https:\/\/www.mundoagropecuario.cl\/new\/monitoreo-y-control-de-cuncunilla-negra-en-aysen\/#primaryimage","url":"https:\/\/www.mundoagropecuario.cl\/new\/wp-content\/uploads\/2025\/01\/Plantilla-estandar-mundo-acuicola-55-scaled.jpg","contentUrl":"https:\/\/www.mundoagropecuario.cl\/new\/wp-content\/uploads\/2025\/01\/Plantilla-estandar-mundo-acuicola-55-scaled.jpg","width":720,"height":384},{"@type":"BreadcrumbList","@id":"https:\/\/www.mundoagropecuario.cl\/new\/monitoreo-y-control-de-cuncunilla-negra-en-aysen\/#breadcrumb","itemListElement":[{"@type":"ListItem","position":1,"name":"Portada","item":"https:\/\/www.mundoagropecuario.cl\/new\/"},{"@type":"ListItem","position":2,"name":"Monitoreo y control de la cuncunilla negra en Ays\u00e9n"}]},{"@type":"WebSite","@id":"https:\/\/www.mundoagropecuario.cl\/new\/#website","url":"https:\/\/www.mundoagropecuario.cl\/new\/","name":"Mundoagropecuario","description":"Mundo Agropecuario","publisher":{"@id":"https:\/\/www.mundoagropecuario.cl\/new\/#organization"},"potentialAction":[{"@type":"SearchAction","target":{"@type":"EntryPoint","urlTemplate":"https:\/\/www.mundoagropecuario.cl\/new\/?s={search_term_string}"},"query-input":{"@type":"PropertyValueSpecification","valueRequired":true,"valueName":"search_term_string"}}],"inLanguage":"es"},{"@type":"Organization","@id":"https:\/\/www.mundoagropecuario.cl\/new\/#organization","name":"Revista de Agricultura","url":"https:\/\/www.mundoagropecuario.cl\/new\/","logo":{"@type":"ImageObject","inLanguage":"es","@id":"https:\/\/www.mundoagropecuario.cl\/new\/#\/schema\/logo\/image\/","url":"https:\/\/www.mundoagropecuario.cl\/new\/wp-content\/uploads\/2020\/11\/PORTAL-1-1.png","contentUrl":"https:\/\/www.mundoagropecuario.cl\/new\/wp-content\/uploads\/2020\/11\/PORTAL-1-1.png","width":1026,"height":100,"caption":"Revista de Agricultura"},"image":{"@id":"https:\/\/www.mundoagropecuario.cl\/new\/#\/schema\/logo\/image\/"},"sameAs":["https:\/\/www.facebook.com\/mundo.agropecuario.3","https:\/\/x.com\/MundoAgropecuar","https:\/\/www.linkedin.com\/in\/mundo-agropecuario-934009201\/"]},{"@type":"Person","@id":"https:\/\/www.mundoagropecuario.cl\/new\/#\/schema\/person\/4e9f74a82a7dac260eb1c44b7eebeb18","name":"mundo","url":"https:\/\/www.mundoagropecuario.cl\/new\/author\/mundo\/"}]}},"_links":{"self":[{"href":"https:\/\/www.mundoagropecuario.cl\/new\/wp-json\/wp\/v2\/posts\/26184","targetHints":{"allow":["GET"]}}],"collection":[{"href":"https:\/\/www.mundoagropecuario.cl\/new\/wp-json\/wp\/v2\/posts"}],"about":[{"href":"https:\/\/www.mundoagropecuario.cl\/new\/wp-json\/wp\/v2\/types\/post"}],"author":[{"embeddable":true,"href":"https:\/\/www.mundoagropecuario.cl\/new\/wp-json\/wp\/v2\/users\/2"}],"replies":[{"embeddable":true,"href":"https:\/\/www.mundoagropecuario.cl\/new\/wp-json\/wp\/v2\/comments?post=26184"}],"version-history":[{"count":2,"href":"https:\/\/www.mundoagropecuario.cl\/new\/wp-json\/wp\/v2\/posts\/26184\/revisions"}],"predecessor-version":[{"id":26190,"href":"https:\/\/www.mundoagropecuario.cl\/new\/wp-json\/wp\/v2\/posts\/26184\/revisions\/26190"}],"wp:featuredmedia":[{"embeddable":true,"href":"https:\/\/www.mundoagropecuario.cl\/new\/wp-json\/wp\/v2\/media\/26185"}],"wp:attachment":[{"href":"https:\/\/www.mundoagropecuario.cl\/new\/wp-json\/wp\/v2\/media?parent=26184"}],"wp:term":[{"taxonomy":"category","embeddable":true,"href":"https:\/\/www.mundoagropecuario.cl\/new\/wp-json\/wp\/v2\/categories?post=26184"},{"taxonomy":"post_tag","embeddable":true,"href":"https:\/\/www.mundoagropecuario.cl\/new\/wp-json\/wp\/v2\/tags?post=26184"}],"curies":[{"name":"wp","href":"https:\/\/api.w.org\/{rel}","templated":true}]}}