{"id":26132,"date":"2024-12-26T10:30:01","date_gmt":"2024-12-26T13:30:01","guid":{"rendered":"https:\/\/www.mundoagropecuario.cl\/new\/?p=26132"},"modified":"2024-12-30T10:00:56","modified_gmt":"2024-12-30T13:00:56","slug":"delegacion-francesa-impulsa-polo-agropecuario-en-nuble","status":"publish","type":"post","link":"https:\/\/www.mundoagropecuario.cl\/new\/delegacion-francesa-impulsa-polo-agropecuario-en-nuble\/","title":{"rendered":"Delegaci\u00f3n francesa impulsa Polo Agropecuario en \u00d1uble"},"content":{"rendered":"<p>Con m\u00e1s de cien polos de innovaci\u00f3n activos en diversos sectores, Francia se ha consolidado como un referente en la materia. En este contexto, la delegaci\u00f3n de V\u00e9g\u00e9polys Valley de gira en nuestro pa\u00eds, comparti\u00f3 los diversos beneficios de este modelo aplicado a la agricultura, que en ese pa\u00eds ha demostrado ser un motor clave para el crecimiento econ\u00f3mico y productivo.<\/p>\n<p>La comitiva, compuesta por nueve miembros entre expertos y representantes de empresas, particip\u00f3 en diversas actividades en Santiago, Maule y \u00d1uble, con el prop\u00f3sito de intercambiar experiencias y explorar oportunidades de colaboraci\u00f3n. Finalmente, en las cercan\u00edas de Chill\u00e1n, se llev\u00f3 a cabo la inauguraci\u00f3n oficial del Polo de Competitividad en \u00d1uble, que incluye a empresas como Agrichile y Copefrut, entidades gubernamentales como INFOR e INIA, el Gobierno Regional y las facultades de la UdeC, todas comprometidas en este proceso.<\/p>\n<p>La directora ejecutiva de FIA, Francine Brossard, destac\u00f3 con orgullo este hito. \u201cEste proyecto dar\u00e1 un gran impulso al empleo y al sector silvoagropecuario en \u00d1uble. Es una experiencia muy interesante que llega desde Francia, donde estos polos existen desde hace 20 a\u00f1os, fomentando el desarrollo econ\u00f3mico y social en las regiones\u201d, se\u00f1al\u00f3.<\/p>\n<p>Brossard subray\u00f3 que el polo, coordinado por la Universidad de Concepci\u00f3n, contar\u00e1 con una s\u00f3lida gobernanza que integrar\u00e1 a empresas, el gobierno regional y el Ministerio de Agricultura, estableciendo un ejemplo para futuros proyectos en el pa\u00eds. Asimismo, destac\u00f3 el rol clave del ministro de Agricultura, quien gestion\u00f3 directamente con su hom\u00f3logo franc\u00e9s para que esta innovadora iniciativa pudiera instalarse en Chile.<\/p>\n<p>El ministro de Agricultura, Esteban Valenzuela, presente en el lanzamiento de esta iniciativa en \u00d1uble, destac\u00f3 que tres regiones del pa\u00eds, O\u2019Higgins, Maule y \u00d1uble, son los motores de la agricultura debido a su diversidad productiva. \u201cEstas regiones tienen fruta, valor agregado, tradici\u00f3n culinaria, ganader\u00eda, quesos, bosques, de todo, a diferencia de otras m\u00e1s especializadas. Este polo viene a aportar al crecimiento y dinamismo de \u00d1uble, una regi\u00f3n que puede ser un ejemplo de la agricultura de sello verde chileno, con un enfoque en sustentabilidad muy significativo para el pa\u00eds\u201d.<\/p>\n<h3>Actividades en la RM &#8211; Maule y \u00d1uble<\/h3>\n<p>Durante su visita, la delegaci\u00f3n francesa sostuvo reuniones en el Ministerio de Agricultura en Santiago, donde se reunieron con diversas autoridades, entre ellas, el embajador de Francia, Cyrille Rogeau, representantes de la Oficina de Estudios y Pol\u00edticas Agrarias (ODEPA), el Servicio Agr\u00edcola y Ganadero (SAG), adem\u00e1s de la C\u00e1mara de Comercio y Negocios de Francia en Chile.<\/p>\n<p>En Santiago visitaron las instalaciones de FIA en La Reina, antes de emprender rumbo a las regiones del Maule y \u00d1uble, donde exploraron iniciativas locales que destacan por su enfoque en la innovaci\u00f3n aplicada. Mientras que en el Maule visitaron la planta Cenkiw de Copefrut S.A., el Centro de Investigaci\u00f3n e Innovaci\u00f3n de Concha y Toro, y la empresa Bio Insumos Nativa HQ.<\/p>\n<p>En \u00d1uble, la delegaci\u00f3n visit\u00f3 empresas como Huerto San Francisco, Bodega Atelier, Agrichile \u2013 Planta Ferrero y el INIA Quilamapu. Adem\u00e1s, se reunieron con representantes de dos iniciativas de la Facultad de Ingenier\u00eda Agr\u00edcola de la UDEC: el Distrito de Innovaci\u00f3n de \u00d1uble, enfocado en emprendimientos y transferencia cient\u00edfico-tecnol\u00f3gica, y el Consorcio Tecnol\u00f3gico del Agua (COTH2O), una red de colaboraci\u00f3n entre universidades, empresas y organizaciones para abordar desaf\u00edos h\u00eddricos.<\/p>\n<p>Todas estas actividades buscan no solo generar v\u00ednculos estrat\u00e9gicos entre ambos pa\u00edses, sino tambi\u00e9n establecer las bases para el desarrollo de un modelo chileno de polos de competitividad, tomando como referencia el \u00e9xito de V\u00e9g\u00e9polys Valley.<\/p>\n<h3>Origen de la alianza de colaboraci\u00f3n Francia &#8211; Chile<\/h3>\n<p>El esfuerzo de la agencia FIA para concretar esta colaboraci\u00f3n internacional, se remonta a fines de 2022, cuando el ministro de Agricultura, Esteban Valenzuela, visit\u00f3 Francia y fue invitado a conocer el prestigioso polo de competitividad V\u00e9g\u00e9polys Valley, ubicado en la ciudad de Angers. Este centro es reconocido mundialmente por su especializaci\u00f3n en innovaci\u00f3n en cultivos vegetales y frutales org\u00e1nicos, as\u00ed como en el desarrollo de tecnolog\u00edas asociadas a estos rubros.<\/p>\n<p>A partir de dicha visita, y a solicitud del ministro Valenzuela, FIA organiz\u00f3 la gira de delegados de V\u00e9g\u00e9polys, que incluy\u00f3 la participaci\u00f3n de representantes de instituciones gubernamentales como INIA, INFOR y GORE Biob\u00edo, adem\u00e1s de la Universidad de Concepci\u00f3n, Agrichile, Copefrut, CET y agricultores de hortalizas.<\/p>\n<p>La Gerente Internacional de Vegepolys Valley, Claudia Ramos de Oliveira, destac\u00f3 el trabajo conjunto con la Agencia FIA y el Gobierno Franc\u00e9s para concretar su visita a Chile. \u201cNos vamos muy felices, con visitas a terreno, contactos clave y planes para 2025. Junto a FIA estamos explorando c\u00f3mo adaptar el modelo de Vegepolys Valley a la realidad chilena. Agradecemos su cooperaci\u00f3n, su apuesta por la innovaci\u00f3n y la sinergia entre ambas instituciones\u201d.<\/p>\n<p>La Decana de la Facultad de Ingenier\u00eda Agr\u00edcola de la UdeC-Chill\u00e1n, Mar\u00eda Eugenia Gonz\u00e1lez, destac\u00f3 durante el lanzamiento del polo de innovaci\u00f3n agroecol\u00f3gica en \u00d1uble el papel clave de FIA en permitir a la universidad coordinar esta iniciativa. Resalt\u00f3 el enfoque integrado que ha compartido la delegaci\u00f3n francesa, donde convergen el sector privado, la academia y el sector p\u00fablico para generar innovaci\u00f3n y desarrollo. Gonz\u00e1lez subray\u00f3 la importancia de crear una vitrina tecnol\u00f3gica para modelos agroecol\u00f3gicos sustentables, que promuevan alimentos sanos y de calidad, cuidando los recursos naturales y el medio ambiente. La meta de desarrollar un plan estrat\u00e9gico para el polo en los pr\u00f3ximos tres a\u00f1os.\u201d.<\/p>\n<h3>Hacia un futuro de innovaci\u00f3n agropecuaria<\/h3>\n<p>El representante regional de FIA en \u00d1uble, Jaime Ram\u00edrez, destac\u00f3 que la inauguraci\u00f3n del Polo Agroecol\u00f3gico consolida a la agencia FIA como l\u00edder en innovaci\u00f3n agr\u00edcola y agroalimentaria en la regi\u00f3n. \u201cEste proyecto no solo impulsa el desarrollo t\u00e9cnico, sino tambi\u00e9n la gobernanza y la valorizaci\u00f3n patrimonial de la agricultura rural en \u00d1uble. Adem\u00e1s, promueve la interacci\u00f3n entre instituciones, empresas, academia, el gobierno regional y la investigaci\u00f3n, dinamizando la regi\u00f3n desde perspectivas econ\u00f3micas, sociales y culturales, con FIA como un actor clave en este desarrollo rural\u201d, seg\u00fan dijo.<\/p>\n<p>La visita de la delegaci\u00f3n francesa reafirma el compromiso de ambos pa\u00edses de trabajar juntos hacia un futuro m\u00e1s sostenible y competitivo para la agricultura, beneficiando tanto a los productores como a las comunidades que dependen de este vital sector.<\/p>\n<p>&nbsp;<\/p>\n","protected":false},"excerpt":{"rendered":"<p>La delegaci\u00f3n de V\u00e9g\u00e9polys Valley comparti\u00f3 su experiencia en innovaci\u00f3n agroecol\u00f3gica para establecer un polo de competitividad en \u00d1uble.<\/p>\n","protected":false},"author":2,"featured_media":26133,"comment_status":"closed","ping_status":"closed","sticky":false,"template":"","format":"standard","meta":{"footnotes":""},"categories":[1945],"tags":[6701,3523,7339,6030,9469,9231,2124,9103,2168,5354,2035,2328,1151,1342,9468],"class_list":["post-26132","post","type-post","status-publish","format-standard","has-post-thumbnail","hentry","category-agricultura","tag-agrichile","tag-agricultura-sustentable","tag-concha-y-toro","tag-copefrut","tag-cultivos-organicos","tag-desarrollo-rural","tag-fia","tag-fundacion-de-innovacion-agraria","tag-inia-quilamapu","tag-innovacion-agricola","tag-minagri","tag-ministerio-de-agricultura","tag-nuble","tag-universidad-de-concepcion","tag-vegepolys-valley"],"yoast_head":"<!-- This site is optimized with the Yoast SEO plugin v26.6 - https:\/\/yoast.com\/wordpress\/plugins\/seo\/ -->\n<title>Delegaci\u00f3n francesa impulsa Polo Agropecuario en \u00d1uble - Mundoagropecuario<\/title>\n<meta name=\"description\" content=\"La delegaci\u00f3n de V\u00e9g\u00e9polys Valley comparti\u00f3 su experiencia en innovaci\u00f3n agroecol\u00f3gica para establecer un polo de competitividad en \u00d1uble.\" \/>\n<meta name=\"robots\" content=\"index, follow, max-snippet:-1, max-image-preview:large, max-video-preview:-1\" \/>\n<link rel=\"canonical\" href=\"https:\/\/www.mundoagropecuario.cl\/new\/delegacion-francesa-impulsa-polo-agropecuario-en-nuble\/\" \/>\n<meta property=\"og:locale\" content=\"es_ES\" \/>\n<meta property=\"og:type\" content=\"article\" \/>\n<meta property=\"og:title\" content=\"Delegaci\u00f3n francesa impulsa Polo Agropecuario en \u00d1uble - Mundoagropecuario\" \/>\n<meta property=\"og:description\" content=\"La delegaci\u00f3n de V\u00e9g\u00e9polys Valley comparti\u00f3 su experiencia en innovaci\u00f3n agroecol\u00f3gica para establecer un polo de competitividad en \u00d1uble.\" \/>\n<meta property=\"og:url\" content=\"https:\/\/www.mundoagropecuario.cl\/new\/delegacion-francesa-impulsa-polo-agropecuario-en-nuble\/\" \/>\n<meta property=\"og:site_name\" content=\"Mundoagropecuario\" \/>\n<meta property=\"article:publisher\" content=\"https:\/\/www.facebook.com\/mundo.agropecuario.3\" \/>\n<meta property=\"article:published_time\" content=\"2024-12-26T13:30:01+00:00\" \/>\n<meta property=\"article:modified_time\" content=\"2024-12-30T13:00:56+00:00\" \/>\n<meta property=\"og:image\" content=\"https:\/\/www.mundoagropecuario.cl\/new\/wp-content\/uploads\/2024\/12\/Plantilla-estandar-mundo-acuicola-40-scaled.jpg\" \/>\n\t<meta property=\"og:image:width\" content=\"720\" \/>\n\t<meta property=\"og:image:height\" content=\"384\" \/>\n\t<meta property=\"og:image:type\" content=\"image\/jpeg\" \/>\n<meta name=\"author\" content=\"mundo\" \/>\n<meta name=\"twitter:card\" content=\"summary_large_image\" \/>\n<meta name=\"twitter:creator\" content=\"@MundoAgropecuar\" \/>\n<meta name=\"twitter:site\" content=\"@MundoAgropecuar\" \/>\n<meta name=\"twitter:label1\" content=\"Escrito por\" \/>\n\t<meta name=\"twitter:data1\" content=\"mundo\" \/>\n\t<meta name=\"twitter:label2\" content=\"Tiempo de lectura\" \/>\n\t<meta name=\"twitter:data2\" content=\"5 minutos\" \/>\n<script type=\"application\/ld+json\" class=\"yoast-schema-graph\">{\"@context\":\"https:\/\/schema.org\",\"@graph\":[{\"@type\":\"Article\",\"@id\":\"https:\/\/www.mundoagropecuario.cl\/new\/delegacion-francesa-impulsa-polo-agropecuario-en-nuble\/#article\",\"isPartOf\":{\"@id\":\"https:\/\/www.mundoagropecuario.cl\/new\/delegacion-francesa-impulsa-polo-agropecuario-en-nuble\/\"},\"author\":{\"name\":\"mundo\",\"@id\":\"https:\/\/www.mundoagropecuario.cl\/new\/#\/schema\/person\/4e9f74a82a7dac260eb1c44b7eebeb18\"},\"headline\":\"Delegaci\u00f3n francesa impulsa Polo Agropecuario en \u00d1uble\",\"datePublished\":\"2024-12-26T13:30:01+00:00\",\"dateModified\":\"2024-12-30T13:00:56+00:00\",\"mainEntityOfPage\":{\"@id\":\"https:\/\/www.mundoagropecuario.cl\/new\/delegacion-francesa-impulsa-polo-agropecuario-en-nuble\/\"},\"wordCount\":1132,\"publisher\":{\"@id\":\"https:\/\/www.mundoagropecuario.cl\/new\/#organization\"},\"image\":{\"@id\":\"https:\/\/www.mundoagropecuario.cl\/new\/delegacion-francesa-impulsa-polo-agropecuario-en-nuble\/#primaryimage\"},\"thumbnailUrl\":\"https:\/\/www.mundoagropecuario.cl\/new\/wp-content\/uploads\/2024\/12\/Plantilla-estandar-mundo-acuicola-40-scaled.jpg\",\"keywords\":[\"AgriChile\",\"agricultura sustentable\",\"Concha y Toro:\",\"Copefrut\",\"cultivos org\u00e1nicos\",\"desarrollo rural\",\"FIA\",\"Fundaci\u00f3n de Innovaci\u00f3n Agraria\",\"INIA Quilamapu\",\"innovaci\u00f3n agr\u00edcola\",\"Minagri\",\"Ministerio de Agricultura\",\"\u00d1uble\",\"Universidad de Concepci\u00f3n\",\"V\u00e9g\u00e9polys Valley\"],\"articleSection\":[\"Agricultura\"],\"inLanguage\":\"es\"},{\"@type\":\"WebPage\",\"@id\":\"https:\/\/www.mundoagropecuario.cl\/new\/delegacion-francesa-impulsa-polo-agropecuario-en-nuble\/\",\"url\":\"https:\/\/www.mundoagropecuario.cl\/new\/delegacion-francesa-impulsa-polo-agropecuario-en-nuble\/\",\"name\":\"Delegaci\u00f3n francesa impulsa Polo Agropecuario en \u00d1uble - Mundoagropecuario\",\"isPartOf\":{\"@id\":\"https:\/\/www.mundoagropecuario.cl\/new\/#website\"},\"primaryImageOfPage\":{\"@id\":\"https:\/\/www.mundoagropecuario.cl\/new\/delegacion-francesa-impulsa-polo-agropecuario-en-nuble\/#primaryimage\"},\"image\":{\"@id\":\"https:\/\/www.mundoagropecuario.cl\/new\/delegacion-francesa-impulsa-polo-agropecuario-en-nuble\/#primaryimage\"},\"thumbnailUrl\":\"https:\/\/www.mundoagropecuario.cl\/new\/wp-content\/uploads\/2024\/12\/Plantilla-estandar-mundo-acuicola-40-scaled.jpg\",\"datePublished\":\"2024-12-26T13:30:01+00:00\",\"dateModified\":\"2024-12-30T13:00:56+00:00\",\"description\":\"La delegaci\u00f3n de V\u00e9g\u00e9polys Valley comparti\u00f3 su experiencia en innovaci\u00f3n agroecol\u00f3gica para establecer un polo de competitividad en \u00d1uble.\",\"breadcrumb\":{\"@id\":\"https:\/\/www.mundoagropecuario.cl\/new\/delegacion-francesa-impulsa-polo-agropecuario-en-nuble\/#breadcrumb\"},\"inLanguage\":\"es\",\"potentialAction\":[{\"@type\":\"ReadAction\",\"target\":[\"https:\/\/www.mundoagropecuario.cl\/new\/delegacion-francesa-impulsa-polo-agropecuario-en-nuble\/\"]}]},{\"@type\":\"ImageObject\",\"inLanguage\":\"es\",\"@id\":\"https:\/\/www.mundoagropecuario.cl\/new\/delegacion-francesa-impulsa-polo-agropecuario-en-nuble\/#primaryimage\",\"url\":\"https:\/\/www.mundoagropecuario.cl\/new\/wp-content\/uploads\/2024\/12\/Plantilla-estandar-mundo-acuicola-40-scaled.jpg\",\"contentUrl\":\"https:\/\/www.mundoagropecuario.cl\/new\/wp-content\/uploads\/2024\/12\/Plantilla-estandar-mundo-acuicola-40-scaled.jpg\",\"width\":720,\"height\":384},{\"@type\":\"BreadcrumbList\",\"@id\":\"https:\/\/www.mundoagropecuario.cl\/new\/delegacion-francesa-impulsa-polo-agropecuario-en-nuble\/#breadcrumb\",\"itemListElement\":[{\"@type\":\"ListItem\",\"position\":1,\"name\":\"Portada\",\"item\":\"https:\/\/www.mundoagropecuario.cl\/new\/\"},{\"@type\":\"ListItem\",\"position\":2,\"name\":\"Delegaci\u00f3n francesa impulsa Polo Agropecuario en \u00d1uble\"}]},{\"@type\":\"WebSite\",\"@id\":\"https:\/\/www.mundoagropecuario.cl\/new\/#website\",\"url\":\"https:\/\/www.mundoagropecuario.cl\/new\/\",\"name\":\"Mundoagropecuario\",\"description\":\"Mundo Agropecuario\",\"publisher\":{\"@id\":\"https:\/\/www.mundoagropecuario.cl\/new\/#organization\"},\"potentialAction\":[{\"@type\":\"SearchAction\",\"target\":{\"@type\":\"EntryPoint\",\"urlTemplate\":\"https:\/\/www.mundoagropecuario.cl\/new\/?s={search_term_string}\"},\"query-input\":{\"@type\":\"PropertyValueSpecification\",\"valueRequired\":true,\"valueName\":\"search_term_string\"}}],\"inLanguage\":\"es\"},{\"@type\":\"Organization\",\"@id\":\"https:\/\/www.mundoagropecuario.cl\/new\/#organization\",\"name\":\"Revista de Agricultura\",\"url\":\"https:\/\/www.mundoagropecuario.cl\/new\/\",\"logo\":{\"@type\":\"ImageObject\",\"inLanguage\":\"es\",\"@id\":\"https:\/\/www.mundoagropecuario.cl\/new\/#\/schema\/logo\/image\/\",\"url\":\"https:\/\/www.mundoagropecuario.cl\/new\/wp-content\/uploads\/2020\/11\/PORTAL-1-1.png\",\"contentUrl\":\"https:\/\/www.mundoagropecuario.cl\/new\/wp-content\/uploads\/2020\/11\/PORTAL-1-1.png\",\"width\":1026,\"height\":100,\"caption\":\"Revista de Agricultura\"},\"image\":{\"@id\":\"https:\/\/www.mundoagropecuario.cl\/new\/#\/schema\/logo\/image\/\"},\"sameAs\":[\"https:\/\/www.facebook.com\/mundo.agropecuario.3\",\"https:\/\/x.com\/MundoAgropecuar\",\"https:\/\/www.linkedin.com\/in\/mundo-agropecuario-934009201\/\"]},{\"@type\":\"Person\",\"@id\":\"https:\/\/www.mundoagropecuario.cl\/new\/#\/schema\/person\/4e9f74a82a7dac260eb1c44b7eebeb18\",\"name\":\"mundo\",\"url\":\"https:\/\/www.mundoagropecuario.cl\/new\/author\/mundo\/\"}]}<\/script>\n<!-- \/ Yoast SEO plugin. -->","yoast_head_json":{"title":"Delegaci\u00f3n francesa impulsa Polo Agropecuario en \u00d1uble - Mundoagropecuario","description":"La delegaci\u00f3n de V\u00e9g\u00e9polys Valley comparti\u00f3 su experiencia en innovaci\u00f3n agroecol\u00f3gica para establecer un polo de competitividad en \u00d1uble.","robots":{"index":"index","follow":"follow","max-snippet":"max-snippet:-1","max-image-preview":"max-image-preview:large","max-video-preview":"max-video-preview:-1"},"canonical":"https:\/\/www.mundoagropecuario.cl\/new\/delegacion-francesa-impulsa-polo-agropecuario-en-nuble\/","og_locale":"es_ES","og_type":"article","og_title":"Delegaci\u00f3n francesa impulsa Polo Agropecuario en \u00d1uble - Mundoagropecuario","og_description":"La delegaci\u00f3n de V\u00e9g\u00e9polys Valley comparti\u00f3 su experiencia en innovaci\u00f3n agroecol\u00f3gica para establecer un polo de competitividad en \u00d1uble.","og_url":"https:\/\/www.mundoagropecuario.cl\/new\/delegacion-francesa-impulsa-polo-agropecuario-en-nuble\/","og_site_name":"Mundoagropecuario","article_publisher":"https:\/\/www.facebook.com\/mundo.agropecuario.3","article_published_time":"2024-12-26T13:30:01+00:00","article_modified_time":"2024-12-30T13:00:56+00:00","og_image":[{"width":720,"height":384,"url":"https:\/\/www.mundoagropecuario.cl\/new\/wp-content\/uploads\/2024\/12\/Plantilla-estandar-mundo-acuicola-40-scaled.jpg","type":"image\/jpeg"}],"author":"mundo","twitter_card":"summary_large_image","twitter_creator":"@MundoAgropecuar","twitter_site":"@MundoAgropecuar","twitter_misc":{"Escrito por":"mundo","Tiempo de lectura":"5 minutos"},"schema":{"@context":"https:\/\/schema.org","@graph":[{"@type":"Article","@id":"https:\/\/www.mundoagropecuario.cl\/new\/delegacion-francesa-impulsa-polo-agropecuario-en-nuble\/#article","isPartOf":{"@id":"https:\/\/www.mundoagropecuario.cl\/new\/delegacion-francesa-impulsa-polo-agropecuario-en-nuble\/"},"author":{"name":"mundo","@id":"https:\/\/www.mundoagropecuario.cl\/new\/#\/schema\/person\/4e9f74a82a7dac260eb1c44b7eebeb18"},"headline":"Delegaci\u00f3n francesa impulsa Polo Agropecuario en \u00d1uble","datePublished":"2024-12-26T13:30:01+00:00","dateModified":"2024-12-30T13:00:56+00:00","mainEntityOfPage":{"@id":"https:\/\/www.mundoagropecuario.cl\/new\/delegacion-francesa-impulsa-polo-agropecuario-en-nuble\/"},"wordCount":1132,"publisher":{"@id":"https:\/\/www.mundoagropecuario.cl\/new\/#organization"},"image":{"@id":"https:\/\/www.mundoagropecuario.cl\/new\/delegacion-francesa-impulsa-polo-agropecuario-en-nuble\/#primaryimage"},"thumbnailUrl":"https:\/\/www.mundoagropecuario.cl\/new\/wp-content\/uploads\/2024\/12\/Plantilla-estandar-mundo-acuicola-40-scaled.jpg","keywords":["AgriChile","agricultura sustentable","Concha y Toro:","Copefrut","cultivos org\u00e1nicos","desarrollo rural","FIA","Fundaci\u00f3n de Innovaci\u00f3n Agraria","INIA Quilamapu","innovaci\u00f3n agr\u00edcola","Minagri","Ministerio de Agricultura","\u00d1uble","Universidad de Concepci\u00f3n","V\u00e9g\u00e9polys Valley"],"articleSection":["Agricultura"],"inLanguage":"es"},{"@type":"WebPage","@id":"https:\/\/www.mundoagropecuario.cl\/new\/delegacion-francesa-impulsa-polo-agropecuario-en-nuble\/","url":"https:\/\/www.mundoagropecuario.cl\/new\/delegacion-francesa-impulsa-polo-agropecuario-en-nuble\/","name":"Delegaci\u00f3n francesa impulsa Polo Agropecuario en \u00d1uble - Mundoagropecuario","isPartOf":{"@id":"https:\/\/www.mundoagropecuario.cl\/new\/#website"},"primaryImageOfPage":{"@id":"https:\/\/www.mundoagropecuario.cl\/new\/delegacion-francesa-impulsa-polo-agropecuario-en-nuble\/#primaryimage"},"image":{"@id":"https:\/\/www.mundoagropecuario.cl\/new\/delegacion-francesa-impulsa-polo-agropecuario-en-nuble\/#primaryimage"},"thumbnailUrl":"https:\/\/www.mundoagropecuario.cl\/new\/wp-content\/uploads\/2024\/12\/Plantilla-estandar-mundo-acuicola-40-scaled.jpg","datePublished":"2024-12-26T13:30:01+00:00","dateModified":"2024-12-30T13:00:56+00:00","description":"La delegaci\u00f3n de V\u00e9g\u00e9polys Valley comparti\u00f3 su experiencia en innovaci\u00f3n agroecol\u00f3gica para establecer un polo de competitividad en \u00d1uble.","breadcrumb":{"@id":"https:\/\/www.mundoagropecuario.cl\/new\/delegacion-francesa-impulsa-polo-agropecuario-en-nuble\/#breadcrumb"},"inLanguage":"es","potentialAction":[{"@type":"ReadAction","target":["https:\/\/www.mundoagropecuario.cl\/new\/delegacion-francesa-impulsa-polo-agropecuario-en-nuble\/"]}]},{"@type":"ImageObject","inLanguage":"es","@id":"https:\/\/www.mundoagropecuario.cl\/new\/delegacion-francesa-impulsa-polo-agropecuario-en-nuble\/#primaryimage","url":"https:\/\/www.mundoagropecuario.cl\/new\/wp-content\/uploads\/2024\/12\/Plantilla-estandar-mundo-acuicola-40-scaled.jpg","contentUrl":"https:\/\/www.mundoagropecuario.cl\/new\/wp-content\/uploads\/2024\/12\/Plantilla-estandar-mundo-acuicola-40-scaled.jpg","width":720,"height":384},{"@type":"BreadcrumbList","@id":"https:\/\/www.mundoagropecuario.cl\/new\/delegacion-francesa-impulsa-polo-agropecuario-en-nuble\/#breadcrumb","itemListElement":[{"@type":"ListItem","position":1,"name":"Portada","item":"https:\/\/www.mundoagropecuario.cl\/new\/"},{"@type":"ListItem","position":2,"name":"Delegaci\u00f3n francesa impulsa Polo Agropecuario en \u00d1uble"}]},{"@type":"WebSite","@id":"https:\/\/www.mundoagropecuario.cl\/new\/#website","url":"https:\/\/www.mundoagropecuario.cl\/new\/","name":"Mundoagropecuario","description":"Mundo Agropecuario","publisher":{"@id":"https:\/\/www.mundoagropecuario.cl\/new\/#organization"},"potentialAction":[{"@type":"SearchAction","target":{"@type":"EntryPoint","urlTemplate":"https:\/\/www.mundoagropecuario.cl\/new\/?s={search_term_string}"},"query-input":{"@type":"PropertyValueSpecification","valueRequired":true,"valueName":"search_term_string"}}],"inLanguage":"es"},{"@type":"Organization","@id":"https:\/\/www.mundoagropecuario.cl\/new\/#organization","name":"Revista de Agricultura","url":"https:\/\/www.mundoagropecuario.cl\/new\/","logo":{"@type":"ImageObject","inLanguage":"es","@id":"https:\/\/www.mundoagropecuario.cl\/new\/#\/schema\/logo\/image\/","url":"https:\/\/www.mundoagropecuario.cl\/new\/wp-content\/uploads\/2020\/11\/PORTAL-1-1.png","contentUrl":"https:\/\/www.mundoagropecuario.cl\/new\/wp-content\/uploads\/2020\/11\/PORTAL-1-1.png","width":1026,"height":100,"caption":"Revista de Agricultura"},"image":{"@id":"https:\/\/www.mundoagropecuario.cl\/new\/#\/schema\/logo\/image\/"},"sameAs":["https:\/\/www.facebook.com\/mundo.agropecuario.3","https:\/\/x.com\/MundoAgropecuar","https:\/\/www.linkedin.com\/in\/mundo-agropecuario-934009201\/"]},{"@type":"Person","@id":"https:\/\/www.mundoagropecuario.cl\/new\/#\/schema\/person\/4e9f74a82a7dac260eb1c44b7eebeb18","name":"mundo","url":"https:\/\/www.mundoagropecuario.cl\/new\/author\/mundo\/"}]}},"_links":{"self":[{"href":"https:\/\/www.mundoagropecuario.cl\/new\/wp-json\/wp\/v2\/posts\/26132","targetHints":{"allow":["GET"]}}],"collection":[{"href":"https:\/\/www.mundoagropecuario.cl\/new\/wp-json\/wp\/v2\/posts"}],"about":[{"href":"https:\/\/www.mundoagropecuario.cl\/new\/wp-json\/wp\/v2\/types\/post"}],"author":[{"embeddable":true,"href":"https:\/\/www.mundoagropecuario.cl\/new\/wp-json\/wp\/v2\/users\/2"}],"replies":[{"embeddable":true,"href":"https:\/\/www.mundoagropecuario.cl\/new\/wp-json\/wp\/v2\/comments?post=26132"}],"version-history":[{"count":1,"href":"https:\/\/www.mundoagropecuario.cl\/new\/wp-json\/wp\/v2\/posts\/26132\/revisions"}],"predecessor-version":[{"id":26134,"href":"https:\/\/www.mundoagropecuario.cl\/new\/wp-json\/wp\/v2\/posts\/26132\/revisions\/26134"}],"wp:featuredmedia":[{"embeddable":true,"href":"https:\/\/www.mundoagropecuario.cl\/new\/wp-json\/wp\/v2\/media\/26133"}],"wp:attachment":[{"href":"https:\/\/www.mundoagropecuario.cl\/new\/wp-json\/wp\/v2\/media?parent=26132"}],"wp:term":[{"taxonomy":"category","embeddable":true,"href":"https:\/\/www.mundoagropecuario.cl\/new\/wp-json\/wp\/v2\/categories?post=26132"},{"taxonomy":"post_tag","embeddable":true,"href":"https:\/\/www.mundoagropecuario.cl\/new\/wp-json\/wp\/v2\/tags?post=26132"}],"curies":[{"name":"wp","href":"https:\/\/api.w.org\/{rel}","templated":true}]}}