{"id":26114,"date":"2024-12-23T11:10:19","date_gmt":"2024-12-23T14:10:19","guid":{"rendered":"https:\/\/www.mundoagropecuario.cl\/new\/?p=26114"},"modified":"2024-12-30T10:28:25","modified_gmt":"2024-12-30T13:28:25","slug":"tras-10-anos-de-investigacion-generan-hibrido-roble-rauli","status":"publish","type":"post","link":"https:\/\/www.mundoagropecuario.cl\/new\/tras-10-anos-de-investigacion-generan-hibrido-roble-rauli\/","title":{"rendered":"Tras 10 a\u00f1os de investigaci\u00f3n: Generan h\u00edbrido roble-raul\u00ed"},"content":{"rendered":"<p>La notable capacidad del roble para adaptarse a diversas condiciones, y el crecimiento y calidad de la madera del raul\u00ed, son la mezcla perfecta que busca el proyecto \u201cGeneraci\u00f3n de una nueva opci\u00f3n de forestaci\u00f3n utilizando h\u00edbridos de roble-raul\u00ed como alternativa de alta productividad y adaptaci\u00f3n sustentable frente a escenarios de cambio clim\u00e1tico\u201d, apoyado por la agencia FIA (Fundaci\u00f3n para la Innovaci\u00f3n Agraria) y financiado por el Fondo de Innovaci\u00f3n para la Competitividad del Gobierno Regional de Los R\u00edos y su Consejo Regional.<\/p>\n<p>Los avances del proyecto Gloni, como se denomina al desarrollo de un \u00e1rbol h\u00edbrido que combina las mejores caracter\u00edsticas de dos especies arb\u00f3reas con el fin de un resultado espec\u00edfico, se presentaron -tras diez a\u00f1os de trabajo- en un seminario y visitas t\u00e9cnicas a terreno. Las actividades fueron lideradas por un equipo de la Facultad de Ciencias Forestales y Recursos Naturales de la Universidad Austral de Chile, con la colaboraci\u00f3n de la Cooperativa de Mejoramiento Gen\u00e9tico, diversas empresas y socios involucrados en la iniciativa.<\/p>\n<h3>H\u00edbrido de roble-raul\u00ed<\/h3>\n<p>El equipo de la UACh a cargo de la generaci\u00f3n de h\u00edbridos raul\u00ed-roble ha sido liderado por el Dr. Fernando Droppelmann, acad\u00e9mico del Instituto de Bosques y Sociedad de esta casa de estudios. El acad\u00e9mico se refiri\u00f3 a la importancia del apoyo a un proyecto de investigaci\u00f3n a largo plazo de esta envergadura, a\u00f1adiendo que la base para estos estudios es la experiencia previa en propagaci\u00f3n de pino radiata y eucalipto, adem\u00e1s de un proyecto Fondef de propagaci\u00f3n de raul\u00ed.<\/p>\n<p>Explic\u00f3 que lo que se busca con esta hibridaci\u00f3n es combinar en un \u00e1rbol los mejores atributos de las especies roble y raul\u00ed. En este caso, se refiri\u00f3 a la alta adaptabilidad del roble, presente en el valle central, a distintas condiciones. En cuanto al raul\u00ed -de distribuci\u00f3n m\u00e1s restringida- destac\u00f3 su crecimiento y las excelentes propiedades de la madera, debido a su aplicabilidad y proyecci\u00f3n industrial.<\/p>\n<p>Por otra parte, el representante regional de FIA en Los R\u00edos y Los Lagos, Patricio Cantos, destac\u00f3 el compromiso que tiene la fundaci\u00f3n para fortalecer la competitividad y la sostenibilidad del sector agroalimentario y forestal, potenciando oportunidades para peque\u00f1os y medianos productores, clave en los procesos de transformaci\u00f3n.<\/p>\n<p>\u201cPara FIA es un orgullo apoyar iniciativas de mejoramiento gen\u00e9tico que combinan ciencia, tecnolog\u00eda y colaboraci\u00f3n p\u00fablico-privada para impulsar el desarrollo sostenible del sector forestal en nuestro pa\u00eds. Estos avances representan un gran paso hacia una producci\u00f3n m\u00e1s resiliente y adaptada a los desaf\u00edos del cambio clim\u00e1tico\u201d, seg\u00fan dijo.<\/p>\n<h3>Una oportunidad para la innovaci\u00f3n forestal<\/h3>\n<p>El decano de la Facultad de Ciencias Forestales y Recursos Naturales de la UACh, Dr. \u00d3scar Thiers, recalc\u00f3 la importancia de explorar las oportunidades que las tecnolog\u00edas avanzadas ofrecen para revolucionar la generaci\u00f3n de variedades de especies forestales, tanto nativas como ex\u00f3ticas, y promover el desarrollo sostenible en nuestras comunidades y regiones.<\/p>\n<p>\u201cLas peque\u00f1as y medianas empresas agroforestales cumplen un rol esencial como motores de producci\u00f3n, generaci\u00f3n de empleo y adopci\u00f3n de innovaciones tecnol\u00f3gicas. En este marco, el mejoramiento gen\u00e9tico forestal, fruto de a\u00f1os de dedicaci\u00f3n e investigaci\u00f3n, adquiere una relevancia especial\u201d.<\/p>\n<h3>Experiencia exitosa<\/h3>\n<p>Claudio Herrera, del vivero Agrom\u00e9n y socio de ambos programas donde se han desarrollado las especies h\u00edbridas, manifest\u00f3 que esta experiencia es &#8220;buena porque es una curva de aprendizaje. No tenemos las capacidades econ\u00f3micas o el tiempo para tener profesionales dedicadas a la investigaci\u00f3n, pero s\u00ed somos buenos en producci\u00f3n y masificaci\u00f3n. Nos interesa tener la posibilidad de contar con material gen\u00e9tico que puedan llevar a sus campos\u201d, expres\u00f3.<\/p>\n<p>Desde el vivero Piedra del \u00c1guila, Mauricio Leonelli reflexiona sobre la complejidad del sector forestal actual y la importancia de contar con innovaciones que les permitan proyectarse. En cuanto a los h\u00edbridos roble-raul\u00ed, coment\u00f3 que los produce hace aproximadamente 10 a\u00f1os y que es una de las especies nativas que m\u00e1s vende. \u201cEl hecho de haber trabajado en el proyecto nos dio la posibilidad de tener plantas, puesto que no ha habido semillas pr\u00e1cticamente en los \u00faltimos 10 a\u00f1os\u201d, enfatiz\u00f3.<\/p>\n<p>La actividad continu\u00f3 en el Centro de Desarrollo Gen\u00e9tico y Propagaci\u00f3n de Especies Nativas, donde se observ\u00f3 el desarrollo clonal de raul\u00ed y de h\u00edbridos de raul\u00ed-roble. En terreno, se visit\u00f3 el ensayo y plantaci\u00f3n de Gloni en un sector de San Jos\u00e9 de la Mariquina, mientras que ensayos clonales de h\u00edbridos de roble-raul\u00ed se visitaron en los alrededores de Lanco.<\/p>\n","protected":false},"excerpt":{"rendered":"<p>La especie constituye una mejora gen\u00e9tica m\u00e1s resiliente al cambio clim\u00e1tico y con mayor potencial productivo.<\/p>\n","protected":false},"author":2,"featured_media":26115,"comment_status":"closed","ping_status":"closed","sticky":false,"template":"","format":"standard","meta":{"footnotes":""},"categories":[1948],"tags":[542,9011,9456,2124,9455,2628,7348,6029,1072],"class_list":["post-26114","post","type-post","status-publish","format-standard","has-post-thumbnail","hentry","category-sustentabilidad","tag-cambio-climatico","tag-desarrollo-sostenible","tag-especies-nativas","tag-fia","tag-innovacion-forestal","tag-los-rios","tag-sector-forestal","tag-sostenibilidad","tag-universidad-austral-de-chile"],"yoast_head":"<!-- This site is optimized with the Yoast SEO plugin v26.6 - https:\/\/yoast.com\/wordpress\/plugins\/seo\/ -->\n<title>Tras 10 a\u00f1os de investigaci\u00f3n: Generan h\u00edbrido roble-raul\u00ed - Mundoagropecuario<\/title>\n<meta name=\"description\" content=\"La especie constituye una mejora gen\u00e9tica m\u00e1s resiliente al cambio clim\u00e1tico y con mayor potencial productivo.\" \/>\n<meta name=\"robots\" content=\"index, follow, max-snippet:-1, max-image-preview:large, max-video-preview:-1\" \/>\n<link rel=\"canonical\" href=\"https:\/\/www.mundoagropecuario.cl\/new\/tras-10-anos-de-investigacion-generan-hibrido-roble-rauli\/\" \/>\n<meta property=\"og:locale\" content=\"es_ES\" \/>\n<meta property=\"og:type\" content=\"article\" \/>\n<meta property=\"og:title\" content=\"Tras 10 a\u00f1os de investigaci\u00f3n: Generan h\u00edbrido roble-raul\u00ed - Mundoagropecuario\" \/>\n<meta property=\"og:description\" content=\"La especie constituye una mejora gen\u00e9tica m\u00e1s resiliente al cambio clim\u00e1tico y con mayor potencial productivo.\" \/>\n<meta property=\"og:url\" content=\"https:\/\/www.mundoagropecuario.cl\/new\/tras-10-anos-de-investigacion-generan-hibrido-roble-rauli\/\" \/>\n<meta property=\"og:site_name\" content=\"Mundoagropecuario\" \/>\n<meta property=\"article:publisher\" content=\"https:\/\/www.facebook.com\/mundo.agropecuario.3\" \/>\n<meta property=\"article:published_time\" content=\"2024-12-23T14:10:19+00:00\" \/>\n<meta property=\"article:modified_time\" content=\"2024-12-30T13:28:25+00:00\" \/>\n<meta property=\"og:image\" content=\"https:\/\/www.mundoagropecuario.cl\/new\/wp-content\/uploads\/2024\/12\/Plantilla-estandar-mundo-acuicola-4-scaled.jpg\" \/>\n\t<meta property=\"og:image:width\" content=\"720\" \/>\n\t<meta property=\"og:image:height\" content=\"384\" \/>\n\t<meta property=\"og:image:type\" content=\"image\/jpeg\" \/>\n<meta name=\"author\" content=\"mundo\" \/>\n<meta name=\"twitter:card\" content=\"summary_large_image\" \/>\n<meta name=\"twitter:creator\" content=\"@MundoAgropecuar\" \/>\n<meta name=\"twitter:site\" content=\"@MundoAgropecuar\" \/>\n<meta name=\"twitter:label1\" content=\"Escrito por\" \/>\n\t<meta name=\"twitter:data1\" content=\"mundo\" \/>\n\t<meta name=\"twitter:label2\" content=\"Tiempo de lectura\" \/>\n\t<meta name=\"twitter:data2\" content=\"4 minutos\" \/>\n<script type=\"application\/ld+json\" class=\"yoast-schema-graph\">{\"@context\":\"https:\/\/schema.org\",\"@graph\":[{\"@type\":\"Article\",\"@id\":\"https:\/\/www.mundoagropecuario.cl\/new\/tras-10-anos-de-investigacion-generan-hibrido-roble-rauli\/#article\",\"isPartOf\":{\"@id\":\"https:\/\/www.mundoagropecuario.cl\/new\/tras-10-anos-de-investigacion-generan-hibrido-roble-rauli\/\"},\"author\":{\"name\":\"mundo\",\"@id\":\"https:\/\/www.mundoagropecuario.cl\/new\/#\/schema\/person\/4e9f74a82a7dac260eb1c44b7eebeb18\"},\"headline\":\"Tras 10 a\u00f1os de investigaci\u00f3n: Generan h\u00edbrido roble-raul\u00ed\",\"datePublished\":\"2024-12-23T14:10:19+00:00\",\"dateModified\":\"2024-12-30T13:28:25+00:00\",\"mainEntityOfPage\":{\"@id\":\"https:\/\/www.mundoagropecuario.cl\/new\/tras-10-anos-de-investigacion-generan-hibrido-roble-rauli\/\"},\"wordCount\":810,\"publisher\":{\"@id\":\"https:\/\/www.mundoagropecuario.cl\/new\/#organization\"},\"image\":{\"@id\":\"https:\/\/www.mundoagropecuario.cl\/new\/tras-10-anos-de-investigacion-generan-hibrido-roble-rauli\/#primaryimage\"},\"thumbnailUrl\":\"https:\/\/www.mundoagropecuario.cl\/new\/wp-content\/uploads\/2024\/12\/Plantilla-estandar-mundo-acuicola-4-scaled.jpg\",\"keywords\":[\"Cambio clim\u00e1tico\",\"desarrollo sostenible\",\"especies nativas\",\"FIA\",\"innovaci\u00f3n forestal\",\"Los R\u00edos\",\"Sector forestal\",\"sostenibilidad\",\"Universidad Austral de Chile\"],\"articleSection\":[\"Sustentabilidad\"],\"inLanguage\":\"es\"},{\"@type\":\"WebPage\",\"@id\":\"https:\/\/www.mundoagropecuario.cl\/new\/tras-10-anos-de-investigacion-generan-hibrido-roble-rauli\/\",\"url\":\"https:\/\/www.mundoagropecuario.cl\/new\/tras-10-anos-de-investigacion-generan-hibrido-roble-rauli\/\",\"name\":\"Tras 10 a\u00f1os de investigaci\u00f3n: Generan h\u00edbrido roble-raul\u00ed - Mundoagropecuario\",\"isPartOf\":{\"@id\":\"https:\/\/www.mundoagropecuario.cl\/new\/#website\"},\"primaryImageOfPage\":{\"@id\":\"https:\/\/www.mundoagropecuario.cl\/new\/tras-10-anos-de-investigacion-generan-hibrido-roble-rauli\/#primaryimage\"},\"image\":{\"@id\":\"https:\/\/www.mundoagropecuario.cl\/new\/tras-10-anos-de-investigacion-generan-hibrido-roble-rauli\/#primaryimage\"},\"thumbnailUrl\":\"https:\/\/www.mundoagropecuario.cl\/new\/wp-content\/uploads\/2024\/12\/Plantilla-estandar-mundo-acuicola-4-scaled.jpg\",\"datePublished\":\"2024-12-23T14:10:19+00:00\",\"dateModified\":\"2024-12-30T13:28:25+00:00\",\"description\":\"La especie constituye una mejora gen\u00e9tica m\u00e1s resiliente al cambio clim\u00e1tico y con mayor potencial productivo.\",\"breadcrumb\":{\"@id\":\"https:\/\/www.mundoagropecuario.cl\/new\/tras-10-anos-de-investigacion-generan-hibrido-roble-rauli\/#breadcrumb\"},\"inLanguage\":\"es\",\"potentialAction\":[{\"@type\":\"ReadAction\",\"target\":[\"https:\/\/www.mundoagropecuario.cl\/new\/tras-10-anos-de-investigacion-generan-hibrido-roble-rauli\/\"]}]},{\"@type\":\"ImageObject\",\"inLanguage\":\"es\",\"@id\":\"https:\/\/www.mundoagropecuario.cl\/new\/tras-10-anos-de-investigacion-generan-hibrido-roble-rauli\/#primaryimage\",\"url\":\"https:\/\/www.mundoagropecuario.cl\/new\/wp-content\/uploads\/2024\/12\/Plantilla-estandar-mundo-acuicola-4-scaled.jpg\",\"contentUrl\":\"https:\/\/www.mundoagropecuario.cl\/new\/wp-content\/uploads\/2024\/12\/Plantilla-estandar-mundo-acuicola-4-scaled.jpg\",\"width\":720,\"height\":384},{\"@type\":\"BreadcrumbList\",\"@id\":\"https:\/\/www.mundoagropecuario.cl\/new\/tras-10-anos-de-investigacion-generan-hibrido-roble-rauli\/#breadcrumb\",\"itemListElement\":[{\"@type\":\"ListItem\",\"position\":1,\"name\":\"Portada\",\"item\":\"https:\/\/www.mundoagropecuario.cl\/new\/\"},{\"@type\":\"ListItem\",\"position\":2,\"name\":\"Tras 10 a\u00f1os de investigaci\u00f3n: Generan h\u00edbrido roble-raul\u00ed\"}]},{\"@type\":\"WebSite\",\"@id\":\"https:\/\/www.mundoagropecuario.cl\/new\/#website\",\"url\":\"https:\/\/www.mundoagropecuario.cl\/new\/\",\"name\":\"Mundoagropecuario\",\"description\":\"Mundo Agropecuario\",\"publisher\":{\"@id\":\"https:\/\/www.mundoagropecuario.cl\/new\/#organization\"},\"potentialAction\":[{\"@type\":\"SearchAction\",\"target\":{\"@type\":\"EntryPoint\",\"urlTemplate\":\"https:\/\/www.mundoagropecuario.cl\/new\/?s={search_term_string}\"},\"query-input\":{\"@type\":\"PropertyValueSpecification\",\"valueRequired\":true,\"valueName\":\"search_term_string\"}}],\"inLanguage\":\"es\"},{\"@type\":\"Organization\",\"@id\":\"https:\/\/www.mundoagropecuario.cl\/new\/#organization\",\"name\":\"Revista de Agricultura\",\"url\":\"https:\/\/www.mundoagropecuario.cl\/new\/\",\"logo\":{\"@type\":\"ImageObject\",\"inLanguage\":\"es\",\"@id\":\"https:\/\/www.mundoagropecuario.cl\/new\/#\/schema\/logo\/image\/\",\"url\":\"https:\/\/www.mundoagropecuario.cl\/new\/wp-content\/uploads\/2020\/11\/PORTAL-1-1.png\",\"contentUrl\":\"https:\/\/www.mundoagropecuario.cl\/new\/wp-content\/uploads\/2020\/11\/PORTAL-1-1.png\",\"width\":1026,\"height\":100,\"caption\":\"Revista de Agricultura\"},\"image\":{\"@id\":\"https:\/\/www.mundoagropecuario.cl\/new\/#\/schema\/logo\/image\/\"},\"sameAs\":[\"https:\/\/www.facebook.com\/mundo.agropecuario.3\",\"https:\/\/x.com\/MundoAgropecuar\",\"https:\/\/www.linkedin.com\/in\/mundo-agropecuario-934009201\/\"]},{\"@type\":\"Person\",\"@id\":\"https:\/\/www.mundoagropecuario.cl\/new\/#\/schema\/person\/4e9f74a82a7dac260eb1c44b7eebeb18\",\"name\":\"mundo\",\"url\":\"https:\/\/www.mundoagropecuario.cl\/new\/author\/mundo\/\"}]}<\/script>\n<!-- \/ Yoast SEO plugin. -->","yoast_head_json":{"title":"Tras 10 a\u00f1os de investigaci\u00f3n: Generan h\u00edbrido roble-raul\u00ed - Mundoagropecuario","description":"La especie constituye una mejora gen\u00e9tica m\u00e1s resiliente al cambio clim\u00e1tico y con mayor potencial productivo.","robots":{"index":"index","follow":"follow","max-snippet":"max-snippet:-1","max-image-preview":"max-image-preview:large","max-video-preview":"max-video-preview:-1"},"canonical":"https:\/\/www.mundoagropecuario.cl\/new\/tras-10-anos-de-investigacion-generan-hibrido-roble-rauli\/","og_locale":"es_ES","og_type":"article","og_title":"Tras 10 a\u00f1os de investigaci\u00f3n: Generan h\u00edbrido roble-raul\u00ed - Mundoagropecuario","og_description":"La especie constituye una mejora gen\u00e9tica m\u00e1s resiliente al cambio clim\u00e1tico y con mayor potencial productivo.","og_url":"https:\/\/www.mundoagropecuario.cl\/new\/tras-10-anos-de-investigacion-generan-hibrido-roble-rauli\/","og_site_name":"Mundoagropecuario","article_publisher":"https:\/\/www.facebook.com\/mundo.agropecuario.3","article_published_time":"2024-12-23T14:10:19+00:00","article_modified_time":"2024-12-30T13:28:25+00:00","og_image":[{"width":720,"height":384,"url":"https:\/\/www.mundoagropecuario.cl\/new\/wp-content\/uploads\/2024\/12\/Plantilla-estandar-mundo-acuicola-4-scaled.jpg","type":"image\/jpeg"}],"author":"mundo","twitter_card":"summary_large_image","twitter_creator":"@MundoAgropecuar","twitter_site":"@MundoAgropecuar","twitter_misc":{"Escrito por":"mundo","Tiempo de lectura":"4 minutos"},"schema":{"@context":"https:\/\/schema.org","@graph":[{"@type":"Article","@id":"https:\/\/www.mundoagropecuario.cl\/new\/tras-10-anos-de-investigacion-generan-hibrido-roble-rauli\/#article","isPartOf":{"@id":"https:\/\/www.mundoagropecuario.cl\/new\/tras-10-anos-de-investigacion-generan-hibrido-roble-rauli\/"},"author":{"name":"mundo","@id":"https:\/\/www.mundoagropecuario.cl\/new\/#\/schema\/person\/4e9f74a82a7dac260eb1c44b7eebeb18"},"headline":"Tras 10 a\u00f1os de investigaci\u00f3n: Generan h\u00edbrido roble-raul\u00ed","datePublished":"2024-12-23T14:10:19+00:00","dateModified":"2024-12-30T13:28:25+00:00","mainEntityOfPage":{"@id":"https:\/\/www.mundoagropecuario.cl\/new\/tras-10-anos-de-investigacion-generan-hibrido-roble-rauli\/"},"wordCount":810,"publisher":{"@id":"https:\/\/www.mundoagropecuario.cl\/new\/#organization"},"image":{"@id":"https:\/\/www.mundoagropecuario.cl\/new\/tras-10-anos-de-investigacion-generan-hibrido-roble-rauli\/#primaryimage"},"thumbnailUrl":"https:\/\/www.mundoagropecuario.cl\/new\/wp-content\/uploads\/2024\/12\/Plantilla-estandar-mundo-acuicola-4-scaled.jpg","keywords":["Cambio clim\u00e1tico","desarrollo sostenible","especies nativas","FIA","innovaci\u00f3n forestal","Los R\u00edos","Sector forestal","sostenibilidad","Universidad Austral de Chile"],"articleSection":["Sustentabilidad"],"inLanguage":"es"},{"@type":"WebPage","@id":"https:\/\/www.mundoagropecuario.cl\/new\/tras-10-anos-de-investigacion-generan-hibrido-roble-rauli\/","url":"https:\/\/www.mundoagropecuario.cl\/new\/tras-10-anos-de-investigacion-generan-hibrido-roble-rauli\/","name":"Tras 10 a\u00f1os de investigaci\u00f3n: Generan h\u00edbrido roble-raul\u00ed - Mundoagropecuario","isPartOf":{"@id":"https:\/\/www.mundoagropecuario.cl\/new\/#website"},"primaryImageOfPage":{"@id":"https:\/\/www.mundoagropecuario.cl\/new\/tras-10-anos-de-investigacion-generan-hibrido-roble-rauli\/#primaryimage"},"image":{"@id":"https:\/\/www.mundoagropecuario.cl\/new\/tras-10-anos-de-investigacion-generan-hibrido-roble-rauli\/#primaryimage"},"thumbnailUrl":"https:\/\/www.mundoagropecuario.cl\/new\/wp-content\/uploads\/2024\/12\/Plantilla-estandar-mundo-acuicola-4-scaled.jpg","datePublished":"2024-12-23T14:10:19+00:00","dateModified":"2024-12-30T13:28:25+00:00","description":"La especie constituye una mejora gen\u00e9tica m\u00e1s resiliente al cambio clim\u00e1tico y con mayor potencial productivo.","breadcrumb":{"@id":"https:\/\/www.mundoagropecuario.cl\/new\/tras-10-anos-de-investigacion-generan-hibrido-roble-rauli\/#breadcrumb"},"inLanguage":"es","potentialAction":[{"@type":"ReadAction","target":["https:\/\/www.mundoagropecuario.cl\/new\/tras-10-anos-de-investigacion-generan-hibrido-roble-rauli\/"]}]},{"@type":"ImageObject","inLanguage":"es","@id":"https:\/\/www.mundoagropecuario.cl\/new\/tras-10-anos-de-investigacion-generan-hibrido-roble-rauli\/#primaryimage","url":"https:\/\/www.mundoagropecuario.cl\/new\/wp-content\/uploads\/2024\/12\/Plantilla-estandar-mundo-acuicola-4-scaled.jpg","contentUrl":"https:\/\/www.mundoagropecuario.cl\/new\/wp-content\/uploads\/2024\/12\/Plantilla-estandar-mundo-acuicola-4-scaled.jpg","width":720,"height":384},{"@type":"BreadcrumbList","@id":"https:\/\/www.mundoagropecuario.cl\/new\/tras-10-anos-de-investigacion-generan-hibrido-roble-rauli\/#breadcrumb","itemListElement":[{"@type":"ListItem","position":1,"name":"Portada","item":"https:\/\/www.mundoagropecuario.cl\/new\/"},{"@type":"ListItem","position":2,"name":"Tras 10 a\u00f1os de investigaci\u00f3n: Generan h\u00edbrido roble-raul\u00ed"}]},{"@type":"WebSite","@id":"https:\/\/www.mundoagropecuario.cl\/new\/#website","url":"https:\/\/www.mundoagropecuario.cl\/new\/","name":"Mundoagropecuario","description":"Mundo Agropecuario","publisher":{"@id":"https:\/\/www.mundoagropecuario.cl\/new\/#organization"},"potentialAction":[{"@type":"SearchAction","target":{"@type":"EntryPoint","urlTemplate":"https:\/\/www.mundoagropecuario.cl\/new\/?s={search_term_string}"},"query-input":{"@type":"PropertyValueSpecification","valueRequired":true,"valueName":"search_term_string"}}],"inLanguage":"es"},{"@type":"Organization","@id":"https:\/\/www.mundoagropecuario.cl\/new\/#organization","name":"Revista de Agricultura","url":"https:\/\/www.mundoagropecuario.cl\/new\/","logo":{"@type":"ImageObject","inLanguage":"es","@id":"https:\/\/www.mundoagropecuario.cl\/new\/#\/schema\/logo\/image\/","url":"https:\/\/www.mundoagropecuario.cl\/new\/wp-content\/uploads\/2020\/11\/PORTAL-1-1.png","contentUrl":"https:\/\/www.mundoagropecuario.cl\/new\/wp-content\/uploads\/2020\/11\/PORTAL-1-1.png","width":1026,"height":100,"caption":"Revista de Agricultura"},"image":{"@id":"https:\/\/www.mundoagropecuario.cl\/new\/#\/schema\/logo\/image\/"},"sameAs":["https:\/\/www.facebook.com\/mundo.agropecuario.3","https:\/\/x.com\/MundoAgropecuar","https:\/\/www.linkedin.com\/in\/mundo-agropecuario-934009201\/"]},{"@type":"Person","@id":"https:\/\/www.mundoagropecuario.cl\/new\/#\/schema\/person\/4e9f74a82a7dac260eb1c44b7eebeb18","name":"mundo","url":"https:\/\/www.mundoagropecuario.cl\/new\/author\/mundo\/"}]}},"_links":{"self":[{"href":"https:\/\/www.mundoagropecuario.cl\/new\/wp-json\/wp\/v2\/posts\/26114","targetHints":{"allow":["GET"]}}],"collection":[{"href":"https:\/\/www.mundoagropecuario.cl\/new\/wp-json\/wp\/v2\/posts"}],"about":[{"href":"https:\/\/www.mundoagropecuario.cl\/new\/wp-json\/wp\/v2\/types\/post"}],"author":[{"embeddable":true,"href":"https:\/\/www.mundoagropecuario.cl\/new\/wp-json\/wp\/v2\/users\/2"}],"replies":[{"embeddable":true,"href":"https:\/\/www.mundoagropecuario.cl\/new\/wp-json\/wp\/v2\/comments?post=26114"}],"version-history":[{"count":1,"href":"https:\/\/www.mundoagropecuario.cl\/new\/wp-json\/wp\/v2\/posts\/26114\/revisions"}],"predecessor-version":[{"id":26116,"href":"https:\/\/www.mundoagropecuario.cl\/new\/wp-json\/wp\/v2\/posts\/26114\/revisions\/26116"}],"wp:featuredmedia":[{"embeddable":true,"href":"https:\/\/www.mundoagropecuario.cl\/new\/wp-json\/wp\/v2\/media\/26115"}],"wp:attachment":[{"href":"https:\/\/www.mundoagropecuario.cl\/new\/wp-json\/wp\/v2\/media?parent=26114"}],"wp:term":[{"taxonomy":"category","embeddable":true,"href":"https:\/\/www.mundoagropecuario.cl\/new\/wp-json\/wp\/v2\/categories?post=26114"},{"taxonomy":"post_tag","embeddable":true,"href":"https:\/\/www.mundoagropecuario.cl\/new\/wp-json\/wp\/v2\/tags?post=26114"}],"curies":[{"name":"wp","href":"https:\/\/api.w.org\/{rel}","templated":true}]}}