{"id":26108,"date":"2024-12-23T11:00:35","date_gmt":"2024-12-23T14:00:35","guid":{"rendered":"https:\/\/www.mundoagropecuario.cl\/new\/?p=26108"},"modified":"2024-12-27T11:07:49","modified_gmt":"2024-12-27T14:07:49","slug":"purranque-lidera-explosivo-aumento-del-abigeato-en-los-lagos","status":"publish","type":"post","link":"https:\/\/www.mundoagropecuario.cl\/new\/purranque-lidera-explosivo-aumento-del-abigeato-en-los-lagos\/","title":{"rendered":"Purranque lidera explosivo aumento del abigeato en Los Lagos"},"content":{"rendered":"<p>La ONG Campo Seguro report\u00f3 un preocupante aumento del 8% en los casos de abigeato en la Regi\u00f3n de Los Lagos durante el tercer trimestre de 2024, en comparaci\u00f3n con el mismo periodo del a\u00f1o anterior. Este delito, que afecta directamente a los productores pecuarios, registr\u00f3 cifras alarmantes en varias comunas de la regi\u00f3n.<\/p>\n<p>En Purranque, los casos crecieron un 800%, mientras que en San Pablo, Llanquihue, Fresia y Puerto Varas se duplicaron, con un alza del 100%. En tanto, R\u00edo Negro report\u00f3 un incremento del 86%, y la provincia de Osorno registr\u00f3 un aumento del 28%. Estas cifras confirman que el abigeato sigue siendo una problem\u00e1tica relevante en la zona, generando importantes p\u00e9rdidas econ\u00f3micas y riesgos sanitarios.<\/p>\n<h3>Perjudicial<\/h3>\n<p>El director de la ONG Campo Seguro, Francisco Mu\u00f1oz, advirti\u00f3 sobre la gravedad del delito y su impacto en los productores locales. \u201cLos organismos del gobierno, polic\u00edas y legisladores deben establecer focos en este delito, considerando el da\u00f1o econ\u00f3mico, los riesgos sanitarios y la evasi\u00f3n tributaria asociada. Particularmente, hay que atender problemas como la hidatidosis y otros riesgos sanitarios que afectan a la salud humana\u201d, declar\u00f3.<\/p>\n<p>Mu\u00f1oz tambi\u00e9n destac\u00f3 que \u201cson de especial relevancia las medidas de reposici\u00f3n de las patrullas anti abigeato de Carabineros; y la pronta actualizaci\u00f3n de la Ley anti abigeato, actualmente en la Comisi\u00f3n de Constituci\u00f3n del Senado, desde donde se espera sea modernizada, reconociendo que la Ley de Robo de Madera presenta mejores herramientas de persecuci\u00f3n penal que este delito\u201d.<\/p>\n<h3>Soluciones<\/h3>\n<p>Campo Seguro present\u00f3 propuestas concretas para combatir el abigeato en la regi\u00f3n, como fortalecer la capacitaci\u00f3n de las Juntas de Vigilancia Rurales, fomentar el uso de tecnolog\u00edas disuasivas y reforzar las patrullas especializadas de Carabineros. Estas medidas buscan no solo reducir los \u00edndices delictuales, sino tambi\u00e9n proteger a los productores de los efectos negativos del robo de ganado.<\/p>\n<p>Adem\u00e1s, la ONG insisti\u00f3 en la necesidad de una modernizaci\u00f3n de la Ley contra el Abigeato. \u201cEs parad\u00f3jico que la Ley de Robo de Madera tenga mejores herramientas de persecuci\u00f3n que el abigeato, considerando su impacto en la econom\u00eda local\u201d, afirm\u00f3 Mu\u00f1oz.<\/p>\n<p>El abigeato sigue representando una amenaza para la econom\u00eda local y la salud p\u00fablica en la Regi\u00f3n de Los Lagos, particularmente en comunas donde los casos han incrementado de forma pronunciada. La ONG reiter\u00f3 su llamado a las autoridades, legisladores y comunidades a actuar de manera coordinada para abordar esta problem\u00e1tica y proteger a las familias afectadas.<\/p>\n","protected":false},"excerpt":{"rendered":"<p>Casos aumentaron 8% en Los Lagos, con Purranque liderando (+800%). ONG Campo Seguro urge medidas y modernizaci\u00f3n de la Ley Anti Abigeato.<\/p>\n","protected":false},"author":2,"featured_media":26109,"comment_status":"closed","ping_status":"closed","sticky":false,"template":"","format":"standard","meta":{"footnotes":""},"categories":[126],"tags":[2226,9444,9447,508,9449,9448,2161,9450,9446,9445,2182],"class_list":["post-26108","post","type-post","status-publish","format-standard","has-post-thumbnail","hentry","category-noticias","tag-abigeato","tag-abigeato-region-de-los-lagos","tag-campo-seguro","tag-carabineros","tag-hidatidosis","tag-ley-anti-abigeato","tag-osorno","tag-politica-agricola","tag-purranque","tag-robo-de-ganado","tag-seguridad-rural"],"yoast_head":"<!-- This site is optimized with the Yoast SEO plugin v26.6 - https:\/\/yoast.com\/wordpress\/plugins\/seo\/ -->\n<title>Purranque lidera explosivo aumento del abigeato en Los Lagos - Mundoagropecuario<\/title>\n<meta name=\"description\" content=\"Casos aumentaron 8% en Los Lagos, con Purranque liderando (+800%). ONG Campo Seguro urge medidas y modernizaci\u00f3n de la Ley Anti Abigeato.\" \/>\n<meta name=\"robots\" content=\"index, follow, max-snippet:-1, max-image-preview:large, max-video-preview:-1\" \/>\n<link rel=\"canonical\" href=\"https:\/\/www.mundoagropecuario.cl\/new\/purranque-lidera-explosivo-aumento-del-abigeato-en-los-lagos\/\" \/>\n<meta property=\"og:locale\" content=\"es_ES\" \/>\n<meta property=\"og:type\" content=\"article\" \/>\n<meta property=\"og:title\" content=\"Purranque lidera explosivo aumento del abigeato en Los Lagos - Mundoagropecuario\" \/>\n<meta property=\"og:description\" content=\"Casos aumentaron 8% en Los Lagos, con Purranque liderando (+800%). ONG Campo Seguro urge medidas y modernizaci\u00f3n de la Ley Anti Abigeato.\" \/>\n<meta property=\"og:url\" content=\"https:\/\/www.mundoagropecuario.cl\/new\/purranque-lidera-explosivo-aumento-del-abigeato-en-los-lagos\/\" \/>\n<meta property=\"og:site_name\" content=\"Mundoagropecuario\" \/>\n<meta property=\"article:publisher\" content=\"https:\/\/www.facebook.com\/mundo.agropecuario.3\" \/>\n<meta property=\"article:published_time\" content=\"2024-12-23T14:00:35+00:00\" \/>\n<meta property=\"article:modified_time\" content=\"2024-12-27T14:07:49+00:00\" \/>\n<meta property=\"og:image\" content=\"https:\/\/www.mundoagropecuario.cl\/new\/wp-content\/uploads\/2024\/12\/Plantilla-estandar-mundo-acuicola-2-1-scaled.jpg\" \/>\n\t<meta property=\"og:image:width\" content=\"720\" \/>\n\t<meta property=\"og:image:height\" content=\"384\" \/>\n\t<meta property=\"og:image:type\" content=\"image\/jpeg\" \/>\n<meta name=\"author\" content=\"mundo\" \/>\n<meta name=\"twitter:card\" content=\"summary_large_image\" \/>\n<meta name=\"twitter:creator\" content=\"@MundoAgropecuar\" \/>\n<meta name=\"twitter:site\" content=\"@MundoAgropecuar\" \/>\n<meta name=\"twitter:label1\" content=\"Escrito por\" \/>\n\t<meta name=\"twitter:data1\" content=\"mundo\" \/>\n\t<meta name=\"twitter:label2\" content=\"Tiempo de lectura\" \/>\n\t<meta name=\"twitter:data2\" content=\"3 minutos\" \/>\n<script type=\"application\/ld+json\" class=\"yoast-schema-graph\">{\"@context\":\"https:\/\/schema.org\",\"@graph\":[{\"@type\":\"Article\",\"@id\":\"https:\/\/www.mundoagropecuario.cl\/new\/purranque-lidera-explosivo-aumento-del-abigeato-en-los-lagos\/#article\",\"isPartOf\":{\"@id\":\"https:\/\/www.mundoagropecuario.cl\/new\/purranque-lidera-explosivo-aumento-del-abigeato-en-los-lagos\/\"},\"author\":{\"name\":\"mundo\",\"@id\":\"https:\/\/www.mundoagropecuario.cl\/new\/#\/schema\/person\/4e9f74a82a7dac260eb1c44b7eebeb18\"},\"headline\":\"Purranque lidera explosivo aumento del abigeato en Los Lagos\",\"datePublished\":\"2024-12-23T14:00:35+00:00\",\"dateModified\":\"2024-12-27T14:07:49+00:00\",\"mainEntityOfPage\":{\"@id\":\"https:\/\/www.mundoagropecuario.cl\/new\/purranque-lidera-explosivo-aumento-del-abigeato-en-los-lagos\/\"},\"wordCount\":439,\"publisher\":{\"@id\":\"https:\/\/www.mundoagropecuario.cl\/new\/#organization\"},\"image\":{\"@id\":\"https:\/\/www.mundoagropecuario.cl\/new\/purranque-lidera-explosivo-aumento-del-abigeato-en-los-lagos\/#primaryimage\"},\"thumbnailUrl\":\"https:\/\/www.mundoagropecuario.cl\/new\/wp-content\/uploads\/2024\/12\/Plantilla-estandar-mundo-acuicola-2-1-scaled.jpg\",\"keywords\":[\"Abigeato\",\"abigeato Regi\u00f3n de Los Lagos\",\"Campo Seguro\",\"Carabineros\",\"hidatidosis\",\"Ley Anti Abigeato\",\"Osorno\",\"pol\u00edtica agr\u00edcola\",\"Purranque\",\"robo de ganado\",\"Seguridad rural\"],\"articleSection\":[\"Noticias\"],\"inLanguage\":\"es\"},{\"@type\":\"WebPage\",\"@id\":\"https:\/\/www.mundoagropecuario.cl\/new\/purranque-lidera-explosivo-aumento-del-abigeato-en-los-lagos\/\",\"url\":\"https:\/\/www.mundoagropecuario.cl\/new\/purranque-lidera-explosivo-aumento-del-abigeato-en-los-lagos\/\",\"name\":\"Purranque lidera explosivo aumento del abigeato en Los Lagos - Mundoagropecuario\",\"isPartOf\":{\"@id\":\"https:\/\/www.mundoagropecuario.cl\/new\/#website\"},\"primaryImageOfPage\":{\"@id\":\"https:\/\/www.mundoagropecuario.cl\/new\/purranque-lidera-explosivo-aumento-del-abigeato-en-los-lagos\/#primaryimage\"},\"image\":{\"@id\":\"https:\/\/www.mundoagropecuario.cl\/new\/purranque-lidera-explosivo-aumento-del-abigeato-en-los-lagos\/#primaryimage\"},\"thumbnailUrl\":\"https:\/\/www.mundoagropecuario.cl\/new\/wp-content\/uploads\/2024\/12\/Plantilla-estandar-mundo-acuicola-2-1-scaled.jpg\",\"datePublished\":\"2024-12-23T14:00:35+00:00\",\"dateModified\":\"2024-12-27T14:07:49+00:00\",\"description\":\"Casos aumentaron 8% en Los Lagos, con Purranque liderando (+800%). ONG Campo Seguro urge medidas y modernizaci\u00f3n de la Ley Anti Abigeato.\",\"breadcrumb\":{\"@id\":\"https:\/\/www.mundoagropecuario.cl\/new\/purranque-lidera-explosivo-aumento-del-abigeato-en-los-lagos\/#breadcrumb\"},\"inLanguage\":\"es\",\"potentialAction\":[{\"@type\":\"ReadAction\",\"target\":[\"https:\/\/www.mundoagropecuario.cl\/new\/purranque-lidera-explosivo-aumento-del-abigeato-en-los-lagos\/\"]}]},{\"@type\":\"ImageObject\",\"inLanguage\":\"es\",\"@id\":\"https:\/\/www.mundoagropecuario.cl\/new\/purranque-lidera-explosivo-aumento-del-abigeato-en-los-lagos\/#primaryimage\",\"url\":\"https:\/\/www.mundoagropecuario.cl\/new\/wp-content\/uploads\/2024\/12\/Plantilla-estandar-mundo-acuicola-2-1-scaled.jpg\",\"contentUrl\":\"https:\/\/www.mundoagropecuario.cl\/new\/wp-content\/uploads\/2024\/12\/Plantilla-estandar-mundo-acuicola-2-1-scaled.jpg\",\"width\":720,\"height\":384},{\"@type\":\"BreadcrumbList\",\"@id\":\"https:\/\/www.mundoagropecuario.cl\/new\/purranque-lidera-explosivo-aumento-del-abigeato-en-los-lagos\/#breadcrumb\",\"itemListElement\":[{\"@type\":\"ListItem\",\"position\":1,\"name\":\"Portada\",\"item\":\"https:\/\/www.mundoagropecuario.cl\/new\/\"},{\"@type\":\"ListItem\",\"position\":2,\"name\":\"Purranque lidera explosivo aumento del abigeato en Los Lagos\"}]},{\"@type\":\"WebSite\",\"@id\":\"https:\/\/www.mundoagropecuario.cl\/new\/#website\",\"url\":\"https:\/\/www.mundoagropecuario.cl\/new\/\",\"name\":\"Mundoagropecuario\",\"description\":\"Mundo Agropecuario\",\"publisher\":{\"@id\":\"https:\/\/www.mundoagropecuario.cl\/new\/#organization\"},\"potentialAction\":[{\"@type\":\"SearchAction\",\"target\":{\"@type\":\"EntryPoint\",\"urlTemplate\":\"https:\/\/www.mundoagropecuario.cl\/new\/?s={search_term_string}\"},\"query-input\":{\"@type\":\"PropertyValueSpecification\",\"valueRequired\":true,\"valueName\":\"search_term_string\"}}],\"inLanguage\":\"es\"},{\"@type\":\"Organization\",\"@id\":\"https:\/\/www.mundoagropecuario.cl\/new\/#organization\",\"name\":\"Revista de Agricultura\",\"url\":\"https:\/\/www.mundoagropecuario.cl\/new\/\",\"logo\":{\"@type\":\"ImageObject\",\"inLanguage\":\"es\",\"@id\":\"https:\/\/www.mundoagropecuario.cl\/new\/#\/schema\/logo\/image\/\",\"url\":\"https:\/\/www.mundoagropecuario.cl\/new\/wp-content\/uploads\/2020\/11\/PORTAL-1-1.png\",\"contentUrl\":\"https:\/\/www.mundoagropecuario.cl\/new\/wp-content\/uploads\/2020\/11\/PORTAL-1-1.png\",\"width\":1026,\"height\":100,\"caption\":\"Revista de Agricultura\"},\"image\":{\"@id\":\"https:\/\/www.mundoagropecuario.cl\/new\/#\/schema\/logo\/image\/\"},\"sameAs\":[\"https:\/\/www.facebook.com\/mundo.agropecuario.3\",\"https:\/\/x.com\/MundoAgropecuar\",\"https:\/\/www.linkedin.com\/in\/mundo-agropecuario-934009201\/\"]},{\"@type\":\"Person\",\"@id\":\"https:\/\/www.mundoagropecuario.cl\/new\/#\/schema\/person\/4e9f74a82a7dac260eb1c44b7eebeb18\",\"name\":\"mundo\",\"url\":\"https:\/\/www.mundoagropecuario.cl\/new\/author\/mundo\/\"}]}<\/script>\n<!-- \/ Yoast SEO plugin. -->","yoast_head_json":{"title":"Purranque lidera explosivo aumento del abigeato en Los Lagos - Mundoagropecuario","description":"Casos aumentaron 8% en Los Lagos, con Purranque liderando (+800%). ONG Campo Seguro urge medidas y modernizaci\u00f3n de la Ley Anti Abigeato.","robots":{"index":"index","follow":"follow","max-snippet":"max-snippet:-1","max-image-preview":"max-image-preview:large","max-video-preview":"max-video-preview:-1"},"canonical":"https:\/\/www.mundoagropecuario.cl\/new\/purranque-lidera-explosivo-aumento-del-abigeato-en-los-lagos\/","og_locale":"es_ES","og_type":"article","og_title":"Purranque lidera explosivo aumento del abigeato en Los Lagos - Mundoagropecuario","og_description":"Casos aumentaron 8% en Los Lagos, con Purranque liderando (+800%). ONG Campo Seguro urge medidas y modernizaci\u00f3n de la Ley Anti Abigeato.","og_url":"https:\/\/www.mundoagropecuario.cl\/new\/purranque-lidera-explosivo-aumento-del-abigeato-en-los-lagos\/","og_site_name":"Mundoagropecuario","article_publisher":"https:\/\/www.facebook.com\/mundo.agropecuario.3","article_published_time":"2024-12-23T14:00:35+00:00","article_modified_time":"2024-12-27T14:07:49+00:00","og_image":[{"width":720,"height":384,"url":"https:\/\/www.mundoagropecuario.cl\/new\/wp-content\/uploads\/2024\/12\/Plantilla-estandar-mundo-acuicola-2-1-scaled.jpg","type":"image\/jpeg"}],"author":"mundo","twitter_card":"summary_large_image","twitter_creator":"@MundoAgropecuar","twitter_site":"@MundoAgropecuar","twitter_misc":{"Escrito por":"mundo","Tiempo de lectura":"3 minutos"},"schema":{"@context":"https:\/\/schema.org","@graph":[{"@type":"Article","@id":"https:\/\/www.mundoagropecuario.cl\/new\/purranque-lidera-explosivo-aumento-del-abigeato-en-los-lagos\/#article","isPartOf":{"@id":"https:\/\/www.mundoagropecuario.cl\/new\/purranque-lidera-explosivo-aumento-del-abigeato-en-los-lagos\/"},"author":{"name":"mundo","@id":"https:\/\/www.mundoagropecuario.cl\/new\/#\/schema\/person\/4e9f74a82a7dac260eb1c44b7eebeb18"},"headline":"Purranque lidera explosivo aumento del abigeato en Los Lagos","datePublished":"2024-12-23T14:00:35+00:00","dateModified":"2024-12-27T14:07:49+00:00","mainEntityOfPage":{"@id":"https:\/\/www.mundoagropecuario.cl\/new\/purranque-lidera-explosivo-aumento-del-abigeato-en-los-lagos\/"},"wordCount":439,"publisher":{"@id":"https:\/\/www.mundoagropecuario.cl\/new\/#organization"},"image":{"@id":"https:\/\/www.mundoagropecuario.cl\/new\/purranque-lidera-explosivo-aumento-del-abigeato-en-los-lagos\/#primaryimage"},"thumbnailUrl":"https:\/\/www.mundoagropecuario.cl\/new\/wp-content\/uploads\/2024\/12\/Plantilla-estandar-mundo-acuicola-2-1-scaled.jpg","keywords":["Abigeato","abigeato Regi\u00f3n de Los Lagos","Campo Seguro","Carabineros","hidatidosis","Ley Anti Abigeato","Osorno","pol\u00edtica agr\u00edcola","Purranque","robo de ganado","Seguridad rural"],"articleSection":["Noticias"],"inLanguage":"es"},{"@type":"WebPage","@id":"https:\/\/www.mundoagropecuario.cl\/new\/purranque-lidera-explosivo-aumento-del-abigeato-en-los-lagos\/","url":"https:\/\/www.mundoagropecuario.cl\/new\/purranque-lidera-explosivo-aumento-del-abigeato-en-los-lagos\/","name":"Purranque lidera explosivo aumento del abigeato en Los Lagos - Mundoagropecuario","isPartOf":{"@id":"https:\/\/www.mundoagropecuario.cl\/new\/#website"},"primaryImageOfPage":{"@id":"https:\/\/www.mundoagropecuario.cl\/new\/purranque-lidera-explosivo-aumento-del-abigeato-en-los-lagos\/#primaryimage"},"image":{"@id":"https:\/\/www.mundoagropecuario.cl\/new\/purranque-lidera-explosivo-aumento-del-abigeato-en-los-lagos\/#primaryimage"},"thumbnailUrl":"https:\/\/www.mundoagropecuario.cl\/new\/wp-content\/uploads\/2024\/12\/Plantilla-estandar-mundo-acuicola-2-1-scaled.jpg","datePublished":"2024-12-23T14:00:35+00:00","dateModified":"2024-12-27T14:07:49+00:00","description":"Casos aumentaron 8% en Los Lagos, con Purranque liderando (+800%). ONG Campo Seguro urge medidas y modernizaci\u00f3n de la Ley Anti Abigeato.","breadcrumb":{"@id":"https:\/\/www.mundoagropecuario.cl\/new\/purranque-lidera-explosivo-aumento-del-abigeato-en-los-lagos\/#breadcrumb"},"inLanguage":"es","potentialAction":[{"@type":"ReadAction","target":["https:\/\/www.mundoagropecuario.cl\/new\/purranque-lidera-explosivo-aumento-del-abigeato-en-los-lagos\/"]}]},{"@type":"ImageObject","inLanguage":"es","@id":"https:\/\/www.mundoagropecuario.cl\/new\/purranque-lidera-explosivo-aumento-del-abigeato-en-los-lagos\/#primaryimage","url":"https:\/\/www.mundoagropecuario.cl\/new\/wp-content\/uploads\/2024\/12\/Plantilla-estandar-mundo-acuicola-2-1-scaled.jpg","contentUrl":"https:\/\/www.mundoagropecuario.cl\/new\/wp-content\/uploads\/2024\/12\/Plantilla-estandar-mundo-acuicola-2-1-scaled.jpg","width":720,"height":384},{"@type":"BreadcrumbList","@id":"https:\/\/www.mundoagropecuario.cl\/new\/purranque-lidera-explosivo-aumento-del-abigeato-en-los-lagos\/#breadcrumb","itemListElement":[{"@type":"ListItem","position":1,"name":"Portada","item":"https:\/\/www.mundoagropecuario.cl\/new\/"},{"@type":"ListItem","position":2,"name":"Purranque lidera explosivo aumento del abigeato en Los Lagos"}]},{"@type":"WebSite","@id":"https:\/\/www.mundoagropecuario.cl\/new\/#website","url":"https:\/\/www.mundoagropecuario.cl\/new\/","name":"Mundoagropecuario","description":"Mundo Agropecuario","publisher":{"@id":"https:\/\/www.mundoagropecuario.cl\/new\/#organization"},"potentialAction":[{"@type":"SearchAction","target":{"@type":"EntryPoint","urlTemplate":"https:\/\/www.mundoagropecuario.cl\/new\/?s={search_term_string}"},"query-input":{"@type":"PropertyValueSpecification","valueRequired":true,"valueName":"search_term_string"}}],"inLanguage":"es"},{"@type":"Organization","@id":"https:\/\/www.mundoagropecuario.cl\/new\/#organization","name":"Revista de Agricultura","url":"https:\/\/www.mundoagropecuario.cl\/new\/","logo":{"@type":"ImageObject","inLanguage":"es","@id":"https:\/\/www.mundoagropecuario.cl\/new\/#\/schema\/logo\/image\/","url":"https:\/\/www.mundoagropecuario.cl\/new\/wp-content\/uploads\/2020\/11\/PORTAL-1-1.png","contentUrl":"https:\/\/www.mundoagropecuario.cl\/new\/wp-content\/uploads\/2020\/11\/PORTAL-1-1.png","width":1026,"height":100,"caption":"Revista de Agricultura"},"image":{"@id":"https:\/\/www.mundoagropecuario.cl\/new\/#\/schema\/logo\/image\/"},"sameAs":["https:\/\/www.facebook.com\/mundo.agropecuario.3","https:\/\/x.com\/MundoAgropecuar","https:\/\/www.linkedin.com\/in\/mundo-agropecuario-934009201\/"]},{"@type":"Person","@id":"https:\/\/www.mundoagropecuario.cl\/new\/#\/schema\/person\/4e9f74a82a7dac260eb1c44b7eebeb18","name":"mundo","url":"https:\/\/www.mundoagropecuario.cl\/new\/author\/mundo\/"}]}},"_links":{"self":[{"href":"https:\/\/www.mundoagropecuario.cl\/new\/wp-json\/wp\/v2\/posts\/26108","targetHints":{"allow":["GET"]}}],"collection":[{"href":"https:\/\/www.mundoagropecuario.cl\/new\/wp-json\/wp\/v2\/posts"}],"about":[{"href":"https:\/\/www.mundoagropecuario.cl\/new\/wp-json\/wp\/v2\/types\/post"}],"author":[{"embeddable":true,"href":"https:\/\/www.mundoagropecuario.cl\/new\/wp-json\/wp\/v2\/users\/2"}],"replies":[{"embeddable":true,"href":"https:\/\/www.mundoagropecuario.cl\/new\/wp-json\/wp\/v2\/comments?post=26108"}],"version-history":[{"count":1,"href":"https:\/\/www.mundoagropecuario.cl\/new\/wp-json\/wp\/v2\/posts\/26108\/revisions"}],"predecessor-version":[{"id":26110,"href":"https:\/\/www.mundoagropecuario.cl\/new\/wp-json\/wp\/v2\/posts\/26108\/revisions\/26110"}],"wp:featuredmedia":[{"embeddable":true,"href":"https:\/\/www.mundoagropecuario.cl\/new\/wp-json\/wp\/v2\/media\/26109"}],"wp:attachment":[{"href":"https:\/\/www.mundoagropecuario.cl\/new\/wp-json\/wp\/v2\/media?parent=26108"}],"wp:term":[{"taxonomy":"category","embeddable":true,"href":"https:\/\/www.mundoagropecuario.cl\/new\/wp-json\/wp\/v2\/categories?post=26108"},{"taxonomy":"post_tag","embeddable":true,"href":"https:\/\/www.mundoagropecuario.cl\/new\/wp-json\/wp\/v2\/tags?post=26108"}],"curies":[{"name":"wp","href":"https:\/\/api.w.org\/{rel}","templated":true}]}}