{"id":26101,"date":"2024-12-23T09:30:02","date_gmt":"2024-12-23T12:30:02","guid":{"rendered":"https:\/\/www.mundoagropecuario.cl\/new\/?p=26101"},"modified":"2024-12-26T10:31:54","modified_gmt":"2024-12-26T13:31:54","slug":"erradican-brotes-de-mosca-de-la-fruta-en-valparaiso","status":"publish","type":"post","link":"https:\/\/www.mundoagropecuario.cl\/new\/erradican-brotes-de-mosca-de-la-fruta-en-valparaiso\/","title":{"rendered":"Erradican brotes de mosca de la fruta en Valpara\u00edso"},"content":{"rendered":"<div class=\"clearfix text-formatted field field--name-body field--type-text-with-summary field--label-hidden field__item\">\n<p>Tras nueve meses de intenso trabajo, el Servicio Agr\u00edcola y Ganadero de la regi\u00f3n de Valpara\u00edso logr\u00f3 erradicar los focos de mosca de la fruta (<em>Ceratitis capitata<\/em>\u00a0W.) en las comunas de Los Andes y San Esteban, seg\u00fan inform\u00f3 su directora regional, Astrid Tala D\u00edaz. Este logro permiti\u00f3 levantar las cuarentenas en dichas zonas, beneficiando a los productores locales y facilitando la exportaci\u00f3n de frutas sin necesidad de tratamientos cuarentenarios.<\/p>\n<p>En marzo de este a\u00f1o, el SAG detect\u00f3 dos ejemplares de esta plaga en el sector El Sauce, en la comuna de Los Andes, y poco despu\u00e9s identific\u00f3 otros dos insectos en San Esteban. Ante esta situaci\u00f3n, el Servicio activ\u00f3 una campa\u00f1a de control y erradicaci\u00f3n en una zona productiva destacada por sus exportaciones, principalmente de uva de mesa.<\/p>\n<p>La directora regional de Valpara\u00edso, Astrid Tala, se\u00f1al\u00f3: \u201cestamos muy contentos porque hemos levantado otra campa\u00f1a de moscas de la fruta en Los Andes y San Esteban. El esfuerzo de nuestros fiscalizadores y el apoyo de la comunidad nos permiti\u00f3 poder erradicar los brotes justo antes del inicio de la temporada de la fruta. Nos mantenemos alerta a no bajar la guardia por la enorme presi\u00f3n de ingreso que tenemos en la regi\u00f3n y el pa\u00eds\u201d.<\/p>\n<p>Para erradicar esta plaga, el SAG de la regi\u00f3n de Valpara\u00edso despleg\u00f3 un equipo de m\u00e1s de 70 personas, incluyendo personal contratado espec\u00edficamente para ambos brotes y funcionarios\/as del Servicio. Estas labores incluyeron el monitoreo mediante trampas, muestreo de fruta y descargas, tratamientos de suelo, cuarentenas internas y la aplicaci\u00f3n de la T\u00e9cnica de Insectos Est\u00e9riles (TIE). Este \u00faltimo m\u00e9todo, consiste en la liberaci\u00f3n de machos est\u00e9riles de moscas de la fruta, es una estrategia de control menos invasiva, ambientalmente limpia y con resultados exitosos en otros episodios de la plaga.<\/p>\n<p>El Seremi de Agricultura de la regi\u00f3n de Valpara\u00edso, Sergio Salvador, destac\u00f3 el trabajo de los funcionarios y funcionarias del Servicio, que nuevamente permiti\u00f3 erradicar una campa\u00f1a en Los Andes y otra en San Esteban, recuperando el patrimonio fitosanitario de un valle tradicionalmente frut\u00edcola, que genera millones de divisas por las exportaciones y miles de puestos de trabajo de temporada.<\/p>\n<h3>Zonas involucradas<\/h3>\n<p>La campa\u00f1a contra la mosca de la fruta afect\u00f3 a 459 predios bajo cuarentena, donde la principal especie productiva fue la uva de mesa, seguida de nogales y carozos, como duraznos y nectarines, entre otras.<\/p>\n<p>En el caso de los usuarios y usuarias de INDAP, se registraron 102 productores y 131 unidades prediales dentro del \u00e1rea reglamentada por la presencia de mosca de la fruta, dedicadas principalmente al cultivo de uva de mesa y carozos.<\/p>\n<h3>Trabajo de campo<\/h3>\n<p>Tambi\u00e9n destacaron labores de muestreo de fruta; la instalaci\u00f3n de trampas en cada punto de detecci\u00f3n en los cual existan hospederos de la plaga; tratamiento de suelos en las propiedades positivas; aplicaci\u00f3n localizada de un cebo alimenticio espec\u00edfico y actividades de difusi\u00f3n informativas en los domicilios cercanos a las capturas de la plaga y una intensa actividad en cuarentena interna en el radio de 7, 2 Km que se reglamenta ante el brote.<\/p>\n<\/div>\n<div class=\"field field--name-field-categoria field--type-entity-reference field--label-above\"><\/div>\n","protected":false},"excerpt":{"rendered":"<p>Tras nueve meses de intenso trabajo, el Servicio Agr\u00edcola y Ganadero de la regi\u00f3n de Valpara\u00edso logr\u00f3 erradicar los focos de mosca de la fruta (Ceratitis capitata\u00a0W.) en las comunas&#8230;<\/p>\n","protected":false},"author":2,"featured_media":26102,"comment_status":"closed","ping_status":"closed","sticky":false,"template":"","format":"standard","meta":{"footnotes":""},"categories":[126],"tags":[2090,9439,4008,9438,9252,2254,9420,1992,3468,3338,3824,536,2036,3511,2585,9053,3045],"class_list":["post-26101","post","type-post","status-publish","format-standard","has-post-thumbnail","hentry","category-noticias","tag-agricultura","tag-agricultura-chile","tag-control-de-plagas","tag-erradicacion-de-plagas","tag-exportacion-de-frutas","tag-fruticultura","tag-fruticultura-chilena","tag-indap","tag-los-andes","tag-mosca-de-la-fruta","tag-produccion-fruticola","tag-region-de-valparaiso","tag-sag","tag-san-esteban","tag-servicio-agricola-y-ganadero","tag-sostenibilidad-agricola","tag-uva-de-mesa"],"yoast_head":"<!-- This site is optimized with the Yoast SEO plugin v26.6 - https:\/\/yoast.com\/wordpress\/plugins\/seo\/ -->\n<title>Erradican brotes de mosca de la fruta en Valpara\u00edso - Mundoagropecuario<\/title>\n<meta name=\"robots\" content=\"index, follow, max-snippet:-1, max-image-preview:large, max-video-preview:-1\" \/>\n<link rel=\"canonical\" href=\"https:\/\/www.mundoagropecuario.cl\/new\/erradican-brotes-de-mosca-de-la-fruta-en-valparaiso\/\" \/>\n<meta property=\"og:locale\" content=\"es_ES\" \/>\n<meta property=\"og:type\" content=\"article\" \/>\n<meta property=\"og:title\" content=\"Erradican brotes de mosca de la fruta en Valpara\u00edso - Mundoagropecuario\" \/>\n<meta property=\"og:description\" content=\"Tras nueve meses de intenso trabajo, el Servicio Agr\u00edcola y Ganadero de la regi\u00f3n de Valpara\u00edso logr\u00f3 erradicar los focos de mosca de la fruta (Ceratitis capitata\u00a0W.) en las comunas...\" \/>\n<meta property=\"og:url\" content=\"https:\/\/www.mundoagropecuario.cl\/new\/erradican-brotes-de-mosca-de-la-fruta-en-valparaiso\/\" \/>\n<meta property=\"og:site_name\" content=\"Mundoagropecuario\" \/>\n<meta property=\"article:publisher\" content=\"https:\/\/www.facebook.com\/mundo.agropecuario.3\" \/>\n<meta property=\"article:published_time\" content=\"2024-12-23T12:30:02+00:00\" \/>\n<meta property=\"article:modified_time\" content=\"2024-12-26T13:31:54+00:00\" \/>\n<meta property=\"og:image\" content=\"https:\/\/www.mundoagropecuario.cl\/new\/wp-content\/uploads\/2024\/12\/Campana-Mosca-de-La-Fruta-2-1.jpeg\" \/>\n\t<meta property=\"og:image:width\" content=\"533\" \/>\n\t<meta property=\"og:image:height\" content=\"400\" \/>\n\t<meta property=\"og:image:type\" content=\"image\/jpeg\" \/>\n<meta name=\"author\" content=\"mundo\" \/>\n<meta name=\"twitter:card\" content=\"summary_large_image\" \/>\n<meta name=\"twitter:creator\" content=\"@MundoAgropecuar\" \/>\n<meta name=\"twitter:site\" content=\"@MundoAgropecuar\" \/>\n<meta name=\"twitter:label1\" content=\"Escrito por\" \/>\n\t<meta name=\"twitter:data1\" content=\"mundo\" \/>\n\t<meta name=\"twitter:label2\" content=\"Tiempo de lectura\" \/>\n\t<meta name=\"twitter:data2\" content=\"3 minutos\" \/>\n<script type=\"application\/ld+json\" class=\"yoast-schema-graph\">{\"@context\":\"https:\/\/schema.org\",\"@graph\":[{\"@type\":\"Article\",\"@id\":\"https:\/\/www.mundoagropecuario.cl\/new\/erradican-brotes-de-mosca-de-la-fruta-en-valparaiso\/#article\",\"isPartOf\":{\"@id\":\"https:\/\/www.mundoagropecuario.cl\/new\/erradican-brotes-de-mosca-de-la-fruta-en-valparaiso\/\"},\"author\":{\"name\":\"mundo\",\"@id\":\"https:\/\/www.mundoagropecuario.cl\/new\/#\/schema\/person\/4e9f74a82a7dac260eb1c44b7eebeb18\"},\"headline\":\"Erradican brotes de mosca de la fruta en Valpara\u00edso\",\"datePublished\":\"2024-12-23T12:30:02+00:00\",\"dateModified\":\"2024-12-26T13:31:54+00:00\",\"mainEntityOfPage\":{\"@id\":\"https:\/\/www.mundoagropecuario.cl\/new\/erradican-brotes-de-mosca-de-la-fruta-en-valparaiso\/\"},\"wordCount\":552,\"publisher\":{\"@id\":\"https:\/\/www.mundoagropecuario.cl\/new\/#organization\"},\"image\":{\"@id\":\"https:\/\/www.mundoagropecuario.cl\/new\/erradican-brotes-de-mosca-de-la-fruta-en-valparaiso\/#primaryimage\"},\"thumbnailUrl\":\"https:\/\/www.mundoagropecuario.cl\/new\/wp-content\/uploads\/2024\/12\/Campana-Mosca-de-La-Fruta-2-1.jpeg\",\"keywords\":[\"Agricultura\",\"agricultura Chile\",\"control de plagas\",\"erradicaci\u00f3n de plagas\",\"exportaci\u00f3n de frutas\",\"Fruticultura\",\"fruticultura chilena\",\"Indap\",\"Los Andes\",\"mosca de la fruta\",\"producci\u00f3n frut\u00edcola\",\"Regi\u00f3n de Valpara\u00edso\",\"SAG\",\"San Esteban\",\"Servicio Agr\u00edcola y Ganadero\",\"Sostenibilidad agr\u00edcola\",\"Uva de mesa\"],\"articleSection\":[\"Noticias\"],\"inLanguage\":\"es\"},{\"@type\":\"WebPage\",\"@id\":\"https:\/\/www.mundoagropecuario.cl\/new\/erradican-brotes-de-mosca-de-la-fruta-en-valparaiso\/\",\"url\":\"https:\/\/www.mundoagropecuario.cl\/new\/erradican-brotes-de-mosca-de-la-fruta-en-valparaiso\/\",\"name\":\"Erradican brotes de mosca de la fruta en Valpara\u00edso - Mundoagropecuario\",\"isPartOf\":{\"@id\":\"https:\/\/www.mundoagropecuario.cl\/new\/#website\"},\"primaryImageOfPage\":{\"@id\":\"https:\/\/www.mundoagropecuario.cl\/new\/erradican-brotes-de-mosca-de-la-fruta-en-valparaiso\/#primaryimage\"},\"image\":{\"@id\":\"https:\/\/www.mundoagropecuario.cl\/new\/erradican-brotes-de-mosca-de-la-fruta-en-valparaiso\/#primaryimage\"},\"thumbnailUrl\":\"https:\/\/www.mundoagropecuario.cl\/new\/wp-content\/uploads\/2024\/12\/Campana-Mosca-de-La-Fruta-2-1.jpeg\",\"datePublished\":\"2024-12-23T12:30:02+00:00\",\"dateModified\":\"2024-12-26T13:31:54+00:00\",\"breadcrumb\":{\"@id\":\"https:\/\/www.mundoagropecuario.cl\/new\/erradican-brotes-de-mosca-de-la-fruta-en-valparaiso\/#breadcrumb\"},\"inLanguage\":\"es\",\"potentialAction\":[{\"@type\":\"ReadAction\",\"target\":[\"https:\/\/www.mundoagropecuario.cl\/new\/erradican-brotes-de-mosca-de-la-fruta-en-valparaiso\/\"]}]},{\"@type\":\"ImageObject\",\"inLanguage\":\"es\",\"@id\":\"https:\/\/www.mundoagropecuario.cl\/new\/erradican-brotes-de-mosca-de-la-fruta-en-valparaiso\/#primaryimage\",\"url\":\"https:\/\/www.mundoagropecuario.cl\/new\/wp-content\/uploads\/2024\/12\/Campana-Mosca-de-La-Fruta-2-1.jpeg\",\"contentUrl\":\"https:\/\/www.mundoagropecuario.cl\/new\/wp-content\/uploads\/2024\/12\/Campana-Mosca-de-La-Fruta-2-1.jpeg\",\"width\":533,\"height\":400},{\"@type\":\"BreadcrumbList\",\"@id\":\"https:\/\/www.mundoagropecuario.cl\/new\/erradican-brotes-de-mosca-de-la-fruta-en-valparaiso\/#breadcrumb\",\"itemListElement\":[{\"@type\":\"ListItem\",\"position\":1,\"name\":\"Portada\",\"item\":\"https:\/\/www.mundoagropecuario.cl\/new\/\"},{\"@type\":\"ListItem\",\"position\":2,\"name\":\"Erradican brotes de mosca de la fruta en Valpara\u00edso\"}]},{\"@type\":\"WebSite\",\"@id\":\"https:\/\/www.mundoagropecuario.cl\/new\/#website\",\"url\":\"https:\/\/www.mundoagropecuario.cl\/new\/\",\"name\":\"Mundoagropecuario\",\"description\":\"Mundo Agropecuario\",\"publisher\":{\"@id\":\"https:\/\/www.mundoagropecuario.cl\/new\/#organization\"},\"potentialAction\":[{\"@type\":\"SearchAction\",\"target\":{\"@type\":\"EntryPoint\",\"urlTemplate\":\"https:\/\/www.mundoagropecuario.cl\/new\/?s={search_term_string}\"},\"query-input\":{\"@type\":\"PropertyValueSpecification\",\"valueRequired\":true,\"valueName\":\"search_term_string\"}}],\"inLanguage\":\"es\"},{\"@type\":\"Organization\",\"@id\":\"https:\/\/www.mundoagropecuario.cl\/new\/#organization\",\"name\":\"Revista de Agricultura\",\"url\":\"https:\/\/www.mundoagropecuario.cl\/new\/\",\"logo\":{\"@type\":\"ImageObject\",\"inLanguage\":\"es\",\"@id\":\"https:\/\/www.mundoagropecuario.cl\/new\/#\/schema\/logo\/image\/\",\"url\":\"https:\/\/www.mundoagropecuario.cl\/new\/wp-content\/uploads\/2020\/11\/PORTAL-1-1.png\",\"contentUrl\":\"https:\/\/www.mundoagropecuario.cl\/new\/wp-content\/uploads\/2020\/11\/PORTAL-1-1.png\",\"width\":1026,\"height\":100,\"caption\":\"Revista de Agricultura\"},\"image\":{\"@id\":\"https:\/\/www.mundoagropecuario.cl\/new\/#\/schema\/logo\/image\/\"},\"sameAs\":[\"https:\/\/www.facebook.com\/mundo.agropecuario.3\",\"https:\/\/x.com\/MundoAgropecuar\",\"https:\/\/www.linkedin.com\/in\/mundo-agropecuario-934009201\/\"]},{\"@type\":\"Person\",\"@id\":\"https:\/\/www.mundoagropecuario.cl\/new\/#\/schema\/person\/4e9f74a82a7dac260eb1c44b7eebeb18\",\"name\":\"mundo\",\"url\":\"https:\/\/www.mundoagropecuario.cl\/new\/author\/mundo\/\"}]}<\/script>\n<!-- \/ Yoast SEO plugin. -->","yoast_head_json":{"title":"Erradican brotes de mosca de la fruta en Valpara\u00edso - Mundoagropecuario","robots":{"index":"index","follow":"follow","max-snippet":"max-snippet:-1","max-image-preview":"max-image-preview:large","max-video-preview":"max-video-preview:-1"},"canonical":"https:\/\/www.mundoagropecuario.cl\/new\/erradican-brotes-de-mosca-de-la-fruta-en-valparaiso\/","og_locale":"es_ES","og_type":"article","og_title":"Erradican brotes de mosca de la fruta en Valpara\u00edso - Mundoagropecuario","og_description":"Tras nueve meses de intenso trabajo, el Servicio Agr\u00edcola y Ganadero de la regi\u00f3n de Valpara\u00edso logr\u00f3 erradicar los focos de mosca de la fruta (Ceratitis capitata\u00a0W.) en las comunas...","og_url":"https:\/\/www.mundoagropecuario.cl\/new\/erradican-brotes-de-mosca-de-la-fruta-en-valparaiso\/","og_site_name":"Mundoagropecuario","article_publisher":"https:\/\/www.facebook.com\/mundo.agropecuario.3","article_published_time":"2024-12-23T12:30:02+00:00","article_modified_time":"2024-12-26T13:31:54+00:00","og_image":[{"width":533,"height":400,"url":"https:\/\/www.mundoagropecuario.cl\/new\/wp-content\/uploads\/2024\/12\/Campana-Mosca-de-La-Fruta-2-1.jpeg","type":"image\/jpeg"}],"author":"mundo","twitter_card":"summary_large_image","twitter_creator":"@MundoAgropecuar","twitter_site":"@MundoAgropecuar","twitter_misc":{"Escrito por":"mundo","Tiempo de lectura":"3 minutos"},"schema":{"@context":"https:\/\/schema.org","@graph":[{"@type":"Article","@id":"https:\/\/www.mundoagropecuario.cl\/new\/erradican-brotes-de-mosca-de-la-fruta-en-valparaiso\/#article","isPartOf":{"@id":"https:\/\/www.mundoagropecuario.cl\/new\/erradican-brotes-de-mosca-de-la-fruta-en-valparaiso\/"},"author":{"name":"mundo","@id":"https:\/\/www.mundoagropecuario.cl\/new\/#\/schema\/person\/4e9f74a82a7dac260eb1c44b7eebeb18"},"headline":"Erradican brotes de mosca de la fruta en Valpara\u00edso","datePublished":"2024-12-23T12:30:02+00:00","dateModified":"2024-12-26T13:31:54+00:00","mainEntityOfPage":{"@id":"https:\/\/www.mundoagropecuario.cl\/new\/erradican-brotes-de-mosca-de-la-fruta-en-valparaiso\/"},"wordCount":552,"publisher":{"@id":"https:\/\/www.mundoagropecuario.cl\/new\/#organization"},"image":{"@id":"https:\/\/www.mundoagropecuario.cl\/new\/erradican-brotes-de-mosca-de-la-fruta-en-valparaiso\/#primaryimage"},"thumbnailUrl":"https:\/\/www.mundoagropecuario.cl\/new\/wp-content\/uploads\/2024\/12\/Campana-Mosca-de-La-Fruta-2-1.jpeg","keywords":["Agricultura","agricultura Chile","control de plagas","erradicaci\u00f3n de plagas","exportaci\u00f3n de frutas","Fruticultura","fruticultura chilena","Indap","Los Andes","mosca de la fruta","producci\u00f3n frut\u00edcola","Regi\u00f3n de Valpara\u00edso","SAG","San Esteban","Servicio Agr\u00edcola y Ganadero","Sostenibilidad agr\u00edcola","Uva de mesa"],"articleSection":["Noticias"],"inLanguage":"es"},{"@type":"WebPage","@id":"https:\/\/www.mundoagropecuario.cl\/new\/erradican-brotes-de-mosca-de-la-fruta-en-valparaiso\/","url":"https:\/\/www.mundoagropecuario.cl\/new\/erradican-brotes-de-mosca-de-la-fruta-en-valparaiso\/","name":"Erradican brotes de mosca de la fruta en Valpara\u00edso - Mundoagropecuario","isPartOf":{"@id":"https:\/\/www.mundoagropecuario.cl\/new\/#website"},"primaryImageOfPage":{"@id":"https:\/\/www.mundoagropecuario.cl\/new\/erradican-brotes-de-mosca-de-la-fruta-en-valparaiso\/#primaryimage"},"image":{"@id":"https:\/\/www.mundoagropecuario.cl\/new\/erradican-brotes-de-mosca-de-la-fruta-en-valparaiso\/#primaryimage"},"thumbnailUrl":"https:\/\/www.mundoagropecuario.cl\/new\/wp-content\/uploads\/2024\/12\/Campana-Mosca-de-La-Fruta-2-1.jpeg","datePublished":"2024-12-23T12:30:02+00:00","dateModified":"2024-12-26T13:31:54+00:00","breadcrumb":{"@id":"https:\/\/www.mundoagropecuario.cl\/new\/erradican-brotes-de-mosca-de-la-fruta-en-valparaiso\/#breadcrumb"},"inLanguage":"es","potentialAction":[{"@type":"ReadAction","target":["https:\/\/www.mundoagropecuario.cl\/new\/erradican-brotes-de-mosca-de-la-fruta-en-valparaiso\/"]}]},{"@type":"ImageObject","inLanguage":"es","@id":"https:\/\/www.mundoagropecuario.cl\/new\/erradican-brotes-de-mosca-de-la-fruta-en-valparaiso\/#primaryimage","url":"https:\/\/www.mundoagropecuario.cl\/new\/wp-content\/uploads\/2024\/12\/Campana-Mosca-de-La-Fruta-2-1.jpeg","contentUrl":"https:\/\/www.mundoagropecuario.cl\/new\/wp-content\/uploads\/2024\/12\/Campana-Mosca-de-La-Fruta-2-1.jpeg","width":533,"height":400},{"@type":"BreadcrumbList","@id":"https:\/\/www.mundoagropecuario.cl\/new\/erradican-brotes-de-mosca-de-la-fruta-en-valparaiso\/#breadcrumb","itemListElement":[{"@type":"ListItem","position":1,"name":"Portada","item":"https:\/\/www.mundoagropecuario.cl\/new\/"},{"@type":"ListItem","position":2,"name":"Erradican brotes de mosca de la fruta en Valpara\u00edso"}]},{"@type":"WebSite","@id":"https:\/\/www.mundoagropecuario.cl\/new\/#website","url":"https:\/\/www.mundoagropecuario.cl\/new\/","name":"Mundoagropecuario","description":"Mundo Agropecuario","publisher":{"@id":"https:\/\/www.mundoagropecuario.cl\/new\/#organization"},"potentialAction":[{"@type":"SearchAction","target":{"@type":"EntryPoint","urlTemplate":"https:\/\/www.mundoagropecuario.cl\/new\/?s={search_term_string}"},"query-input":{"@type":"PropertyValueSpecification","valueRequired":true,"valueName":"search_term_string"}}],"inLanguage":"es"},{"@type":"Organization","@id":"https:\/\/www.mundoagropecuario.cl\/new\/#organization","name":"Revista de Agricultura","url":"https:\/\/www.mundoagropecuario.cl\/new\/","logo":{"@type":"ImageObject","inLanguage":"es","@id":"https:\/\/www.mundoagropecuario.cl\/new\/#\/schema\/logo\/image\/","url":"https:\/\/www.mundoagropecuario.cl\/new\/wp-content\/uploads\/2020\/11\/PORTAL-1-1.png","contentUrl":"https:\/\/www.mundoagropecuario.cl\/new\/wp-content\/uploads\/2020\/11\/PORTAL-1-1.png","width":1026,"height":100,"caption":"Revista de Agricultura"},"image":{"@id":"https:\/\/www.mundoagropecuario.cl\/new\/#\/schema\/logo\/image\/"},"sameAs":["https:\/\/www.facebook.com\/mundo.agropecuario.3","https:\/\/x.com\/MundoAgropecuar","https:\/\/www.linkedin.com\/in\/mundo-agropecuario-934009201\/"]},{"@type":"Person","@id":"https:\/\/www.mundoagropecuario.cl\/new\/#\/schema\/person\/4e9f74a82a7dac260eb1c44b7eebeb18","name":"mundo","url":"https:\/\/www.mundoagropecuario.cl\/new\/author\/mundo\/"}]}},"_links":{"self":[{"href":"https:\/\/www.mundoagropecuario.cl\/new\/wp-json\/wp\/v2\/posts\/26101","targetHints":{"allow":["GET"]}}],"collection":[{"href":"https:\/\/www.mundoagropecuario.cl\/new\/wp-json\/wp\/v2\/posts"}],"about":[{"href":"https:\/\/www.mundoagropecuario.cl\/new\/wp-json\/wp\/v2\/types\/post"}],"author":[{"embeddable":true,"href":"https:\/\/www.mundoagropecuario.cl\/new\/wp-json\/wp\/v2\/users\/2"}],"replies":[{"embeddable":true,"href":"https:\/\/www.mundoagropecuario.cl\/new\/wp-json\/wp\/v2\/comments?post=26101"}],"version-history":[{"count":1,"href":"https:\/\/www.mundoagropecuario.cl\/new\/wp-json\/wp\/v2\/posts\/26101\/revisions"}],"predecessor-version":[{"id":26103,"href":"https:\/\/www.mundoagropecuario.cl\/new\/wp-json\/wp\/v2\/posts\/26101\/revisions\/26103"}],"wp:featuredmedia":[{"embeddable":true,"href":"https:\/\/www.mundoagropecuario.cl\/new\/wp-json\/wp\/v2\/media\/26102"}],"wp:attachment":[{"href":"https:\/\/www.mundoagropecuario.cl\/new\/wp-json\/wp\/v2\/media?parent=26101"}],"wp:term":[{"taxonomy":"category","embeddable":true,"href":"https:\/\/www.mundoagropecuario.cl\/new\/wp-json\/wp\/v2\/categories?post=26101"},{"taxonomy":"post_tag","embeddable":true,"href":"https:\/\/www.mundoagropecuario.cl\/new\/wp-json\/wp\/v2\/tags?post=26101"}],"curies":[{"name":"wp","href":"https:\/\/api.w.org\/{rel}","templated":true}]}}