{"id":26098,"date":"2024-12-20T11:33:22","date_gmt":"2024-12-20T14:33:22","guid":{"rendered":"https:\/\/www.mundoagropecuario.cl\/new\/?p=26098"},"modified":"2024-12-27T09:58:09","modified_gmt":"2024-12-27T12:58:09","slug":"critican-propuesta-de-chilterra-y-venta-de-terrenos-a-conadi","status":"publish","type":"post","link":"https:\/\/www.mundoagropecuario.cl\/new\/critican-propuesta-de-chilterra-y-venta-de-terrenos-a-conadi\/","title":{"rendered":"Critican propuesta de Chilterra y venta de terrenos a Conadi"},"content":{"rendered":"<p>En el marco del proceso de reorganizaci\u00f3n judicial de Chilterra S.A. y la eventual venta de terrenos a CONADI para saldar, entre otras, la deuda con acreedores, se ha presentado una nueva propuesta de reorganizaci\u00f3n judicial con miras a la pr\u00f3xima junta de acreedores, a desarrollarse el 23 de diciembre pr\u00f3ximo. En este marco, la ONG Campo Seguro se refiri\u00f3 a la situaci\u00f3n a trav\u00e9s de un comunicado p\u00fablico.<\/p>\n<p>All\u00ed, comentan el documento judicial que se present\u00f3 en octubre de este a\u00f1o, y que contempla la compra de terrenos por parte de CONADI para que se destinen a comunidades ind\u00edgenas, 7 provenientes de la Regi\u00f3n de La Araucan\u00eda y s\u00f3lo 1 de la Regi\u00f3n de Los R\u00edos. Considera adem\u00e1s, seg\u00fan antecedentes expuestos p\u00fablicamente por Campo Seguro, aspectos como la solicitud de desalojo de los predios y la comisi\u00f3n de un 10% por gestiones de enajenaci\u00f3n de los bienes, los cuales fueron retirados en la nueva propuesta.<\/p>\n<h3>&#8220;Cuestionable&#8221;<\/h3>\n<p>Al respecto, la ONG expresa que &#8220;resulta cuestionable, que se indique que las comunidades ind\u00edgenas beneficiarias reclaman derechos ancestrales sobre dichas propiedades, debido a que casi la totalidad de las comunidades provienen de la Regi\u00f3n de La Araucan\u00eda y a que en la zona no existe ning\u00fan antecedente v\u00e1lido de solicitud de reivindicaci\u00f3n como T\u00edtulos de Merced u otros&#8221;.<\/p>\n<p>Adem\u00e1s, se\u00f1alaron que la propuesta presentada plantea la adquisici\u00f3n de activos de Agr\u00edcola Dos R\u00edos mediante la rebaja de deuda por parte de los acreedores. Sin embargo, consideran &#8220;absolutamente objetable&#8221; que se utilicen recursos estatales de CONADI para adquirir propiedades destinadas a comunidades beneficiarias, ya que estas estar\u00edan condicionadas a implementar un modelo de coadministraci\u00f3n. Para la organizaci\u00f3n, esto refleja &#8220;la intenci\u00f3n de resolver un problema financiero mediante el mal uso de la Ley de Desarrollo Ind\u00edgena&#8221;.<\/p>\n<p>Finalmente, advirtieron que la decisi\u00f3n final recae en la Junta de Acreedores, conformada por entidades como Rabobank, Scotiabank, Ita\u00fa, Security y Prolesur. De aprobarse, sostienen que esto perpetuar\u00eda un modus operandi que incluye subterfugios y posteriores compras de tierras por parte de CONADI. Seg\u00fan Campo Seguro, este escenario resulta a\u00fan m\u00e1s preocupante debido a la posible llegada de comunidades ind\u00edgenas de La Araucan\u00eda, lo que, afirmaron, &#8220;contraviene el principio de arraigo territorial de esas comunidades&#8221;.<\/p>\n<p>&nbsp;<\/p>\n<p>&nbsp;<\/p>\n","protected":false},"excerpt":{"rendered":"<p>La ONG critic\u00f3 la propuesta de venta de tierras de Chilterra a CONADI, por mal uso de recursos estatales y falta de arraigo territorial.<\/p>\n","protected":false},"author":2,"featured_media":26099,"comment_status":"closed","ping_status":"closed","sticky":false,"template":"","format":"standard","meta":{"footnotes":""},"categories":[126],"tags":[154,6273,9432,1298,9434,2957,9435,9431,4556,2528,4553,1076,9436,9437,9433],"class_list":["post-26098","post","type-post","status-publish","format-standard","has-post-thumbnail","hentry","category-noticias","tag-araucania","tag-chilterra","tag-comunidades-indigenas","tag-conadi","tag-deuda-chilterra","tag-itau","tag-ley-de-desarrollo-indigena","tag-ong-campo-seguro","tag-predios-agricolas","tag-prolesur","tag-rabobank","tag-region-de-los-rios","tag-scotiabank","tag-security","tag-tierras-indigenas"],"yoast_head":"<!-- This site is optimized with the Yoast SEO plugin v26.6 - https:\/\/yoast.com\/wordpress\/plugins\/seo\/ -->\n<title>Critican propuesta de Chilterra y venta de terrenos a Conadi - Mundoagropecuario<\/title>\n<meta name=\"description\" content=\"La ONG critic\u00f3 la propuesta de venta de tierras de Chilterra a CONADI, por mal uso de recursos estatales y falta de arraigo territorial.\" \/>\n<meta name=\"robots\" content=\"index, follow, max-snippet:-1, max-image-preview:large, max-video-preview:-1\" \/>\n<link rel=\"canonical\" href=\"https:\/\/www.mundoagropecuario.cl\/new\/critican-propuesta-de-chilterra-y-venta-de-terrenos-a-conadi\/\" \/>\n<meta property=\"og:locale\" content=\"es_ES\" \/>\n<meta property=\"og:type\" content=\"article\" \/>\n<meta property=\"og:title\" content=\"Critican propuesta de Chilterra y venta de terrenos a Conadi - Mundoagropecuario\" \/>\n<meta property=\"og:description\" content=\"La ONG critic\u00f3 la propuesta de venta de tierras de Chilterra a CONADI, por mal uso de recursos estatales y falta de arraigo territorial.\" \/>\n<meta property=\"og:url\" content=\"https:\/\/www.mundoagropecuario.cl\/new\/critican-propuesta-de-chilterra-y-venta-de-terrenos-a-conadi\/\" \/>\n<meta property=\"og:site_name\" content=\"Mundoagropecuario\" \/>\n<meta property=\"article:publisher\" content=\"https:\/\/www.facebook.com\/mundo.agropecuario.3\" \/>\n<meta property=\"article:published_time\" content=\"2024-12-20T14:33:22+00:00\" \/>\n<meta property=\"article:modified_time\" content=\"2024-12-27T12:58:09+00:00\" \/>\n<meta property=\"og:image\" content=\"https:\/\/www.mundoagropecuario.cl\/new\/wp-content\/uploads\/2024\/12\/Plantilla-estandar-mundo-acuicola-39-scaled.jpg\" \/>\n\t<meta property=\"og:image:width\" content=\"720\" \/>\n\t<meta property=\"og:image:height\" content=\"384\" \/>\n\t<meta property=\"og:image:type\" content=\"image\/jpeg\" \/>\n<meta name=\"author\" content=\"mundo\" \/>\n<meta name=\"twitter:card\" content=\"summary_large_image\" \/>\n<meta name=\"twitter:creator\" content=\"@MundoAgropecuar\" \/>\n<meta name=\"twitter:site\" content=\"@MundoAgropecuar\" \/>\n<meta name=\"twitter:label1\" content=\"Escrito por\" \/>\n\t<meta name=\"twitter:data1\" content=\"mundo\" \/>\n\t<meta name=\"twitter:label2\" content=\"Tiempo de lectura\" \/>\n\t<meta name=\"twitter:data2\" content=\"2 minutos\" \/>\n<script type=\"application\/ld+json\" class=\"yoast-schema-graph\">{\"@context\":\"https:\/\/schema.org\",\"@graph\":[{\"@type\":\"Article\",\"@id\":\"https:\/\/www.mundoagropecuario.cl\/new\/critican-propuesta-de-chilterra-y-venta-de-terrenos-a-conadi\/#article\",\"isPartOf\":{\"@id\":\"https:\/\/www.mundoagropecuario.cl\/new\/critican-propuesta-de-chilterra-y-venta-de-terrenos-a-conadi\/\"},\"author\":{\"name\":\"mundo\",\"@id\":\"https:\/\/www.mundoagropecuario.cl\/new\/#\/schema\/person\/4e9f74a82a7dac260eb1c44b7eebeb18\"},\"headline\":\"Critican propuesta de Chilterra y venta de terrenos a Conadi\",\"datePublished\":\"2024-12-20T14:33:22+00:00\",\"dateModified\":\"2024-12-27T12:58:09+00:00\",\"mainEntityOfPage\":{\"@id\":\"https:\/\/www.mundoagropecuario.cl\/new\/critican-propuesta-de-chilterra-y-venta-de-terrenos-a-conadi\/\"},\"wordCount\":420,\"publisher\":{\"@id\":\"https:\/\/www.mundoagropecuario.cl\/new\/#organization\"},\"image\":{\"@id\":\"https:\/\/www.mundoagropecuario.cl\/new\/critican-propuesta-de-chilterra-y-venta-de-terrenos-a-conadi\/#primaryimage\"},\"thumbnailUrl\":\"https:\/\/www.mundoagropecuario.cl\/new\/wp-content\/uploads\/2024\/12\/Plantilla-estandar-mundo-acuicola-39-scaled.jpg\",\"keywords\":[\"araucan\u00eda\",\"Chilterra\",\"comunidades ind\u00edgenas\",\"Conadi\",\"deuda Chilterra\",\"Ita\u00fa\",\"Ley de Desarrollo Ind\u00edgena\",\"ONG Campo Seguro\",\"Predios Agricolas\",\"Prolesur\",\"Rabobank\",\"Regi\u00f3n de Los R\u00edos\",\"Scotiabank\",\"Security\",\"tierras ind\u00edgenas\"],\"articleSection\":[\"Noticias\"],\"inLanguage\":\"es\"},{\"@type\":\"WebPage\",\"@id\":\"https:\/\/www.mundoagropecuario.cl\/new\/critican-propuesta-de-chilterra-y-venta-de-terrenos-a-conadi\/\",\"url\":\"https:\/\/www.mundoagropecuario.cl\/new\/critican-propuesta-de-chilterra-y-venta-de-terrenos-a-conadi\/\",\"name\":\"Critican propuesta de Chilterra y venta de terrenos a Conadi - Mundoagropecuario\",\"isPartOf\":{\"@id\":\"https:\/\/www.mundoagropecuario.cl\/new\/#website\"},\"primaryImageOfPage\":{\"@id\":\"https:\/\/www.mundoagropecuario.cl\/new\/critican-propuesta-de-chilterra-y-venta-de-terrenos-a-conadi\/#primaryimage\"},\"image\":{\"@id\":\"https:\/\/www.mundoagropecuario.cl\/new\/critican-propuesta-de-chilterra-y-venta-de-terrenos-a-conadi\/#primaryimage\"},\"thumbnailUrl\":\"https:\/\/www.mundoagropecuario.cl\/new\/wp-content\/uploads\/2024\/12\/Plantilla-estandar-mundo-acuicola-39-scaled.jpg\",\"datePublished\":\"2024-12-20T14:33:22+00:00\",\"dateModified\":\"2024-12-27T12:58:09+00:00\",\"description\":\"La ONG critic\u00f3 la propuesta de venta de tierras de Chilterra a CONADI, por mal uso de recursos estatales y falta de arraigo territorial.\",\"breadcrumb\":{\"@id\":\"https:\/\/www.mundoagropecuario.cl\/new\/critican-propuesta-de-chilterra-y-venta-de-terrenos-a-conadi\/#breadcrumb\"},\"inLanguage\":\"es\",\"potentialAction\":[{\"@type\":\"ReadAction\",\"target\":[\"https:\/\/www.mundoagropecuario.cl\/new\/critican-propuesta-de-chilterra-y-venta-de-terrenos-a-conadi\/\"]}]},{\"@type\":\"ImageObject\",\"inLanguage\":\"es\",\"@id\":\"https:\/\/www.mundoagropecuario.cl\/new\/critican-propuesta-de-chilterra-y-venta-de-terrenos-a-conadi\/#primaryimage\",\"url\":\"https:\/\/www.mundoagropecuario.cl\/new\/wp-content\/uploads\/2024\/12\/Plantilla-estandar-mundo-acuicola-39-scaled.jpg\",\"contentUrl\":\"https:\/\/www.mundoagropecuario.cl\/new\/wp-content\/uploads\/2024\/12\/Plantilla-estandar-mundo-acuicola-39-scaled.jpg\",\"width\":720,\"height\":384},{\"@type\":\"BreadcrumbList\",\"@id\":\"https:\/\/www.mundoagropecuario.cl\/new\/critican-propuesta-de-chilterra-y-venta-de-terrenos-a-conadi\/#breadcrumb\",\"itemListElement\":[{\"@type\":\"ListItem\",\"position\":1,\"name\":\"Portada\",\"item\":\"https:\/\/www.mundoagropecuario.cl\/new\/\"},{\"@type\":\"ListItem\",\"position\":2,\"name\":\"Critican propuesta de Chilterra y venta de terrenos a Conadi\"}]},{\"@type\":\"WebSite\",\"@id\":\"https:\/\/www.mundoagropecuario.cl\/new\/#website\",\"url\":\"https:\/\/www.mundoagropecuario.cl\/new\/\",\"name\":\"Mundoagropecuario\",\"description\":\"Mundo Agropecuario\",\"publisher\":{\"@id\":\"https:\/\/www.mundoagropecuario.cl\/new\/#organization\"},\"potentialAction\":[{\"@type\":\"SearchAction\",\"target\":{\"@type\":\"EntryPoint\",\"urlTemplate\":\"https:\/\/www.mundoagropecuario.cl\/new\/?s={search_term_string}\"},\"query-input\":{\"@type\":\"PropertyValueSpecification\",\"valueRequired\":true,\"valueName\":\"search_term_string\"}}],\"inLanguage\":\"es\"},{\"@type\":\"Organization\",\"@id\":\"https:\/\/www.mundoagropecuario.cl\/new\/#organization\",\"name\":\"Revista de Agricultura\",\"url\":\"https:\/\/www.mundoagropecuario.cl\/new\/\",\"logo\":{\"@type\":\"ImageObject\",\"inLanguage\":\"es\",\"@id\":\"https:\/\/www.mundoagropecuario.cl\/new\/#\/schema\/logo\/image\/\",\"url\":\"https:\/\/www.mundoagropecuario.cl\/new\/wp-content\/uploads\/2020\/11\/PORTAL-1-1.png\",\"contentUrl\":\"https:\/\/www.mundoagropecuario.cl\/new\/wp-content\/uploads\/2020\/11\/PORTAL-1-1.png\",\"width\":1026,\"height\":100,\"caption\":\"Revista de Agricultura\"},\"image\":{\"@id\":\"https:\/\/www.mundoagropecuario.cl\/new\/#\/schema\/logo\/image\/\"},\"sameAs\":[\"https:\/\/www.facebook.com\/mundo.agropecuario.3\",\"https:\/\/x.com\/MundoAgropecuar\",\"https:\/\/www.linkedin.com\/in\/mundo-agropecuario-934009201\/\"]},{\"@type\":\"Person\",\"@id\":\"https:\/\/www.mundoagropecuario.cl\/new\/#\/schema\/person\/4e9f74a82a7dac260eb1c44b7eebeb18\",\"name\":\"mundo\",\"url\":\"https:\/\/www.mundoagropecuario.cl\/new\/author\/mundo\/\"}]}<\/script>\n<!-- \/ Yoast SEO plugin. -->","yoast_head_json":{"title":"Critican propuesta de Chilterra y venta de terrenos a Conadi - Mundoagropecuario","description":"La ONG critic\u00f3 la propuesta de venta de tierras de Chilterra a CONADI, por mal uso de recursos estatales y falta de arraigo territorial.","robots":{"index":"index","follow":"follow","max-snippet":"max-snippet:-1","max-image-preview":"max-image-preview:large","max-video-preview":"max-video-preview:-1"},"canonical":"https:\/\/www.mundoagropecuario.cl\/new\/critican-propuesta-de-chilterra-y-venta-de-terrenos-a-conadi\/","og_locale":"es_ES","og_type":"article","og_title":"Critican propuesta de Chilterra y venta de terrenos a Conadi - Mundoagropecuario","og_description":"La ONG critic\u00f3 la propuesta de venta de tierras de Chilterra a CONADI, por mal uso de recursos estatales y falta de arraigo territorial.","og_url":"https:\/\/www.mundoagropecuario.cl\/new\/critican-propuesta-de-chilterra-y-venta-de-terrenos-a-conadi\/","og_site_name":"Mundoagropecuario","article_publisher":"https:\/\/www.facebook.com\/mundo.agropecuario.3","article_published_time":"2024-12-20T14:33:22+00:00","article_modified_time":"2024-12-27T12:58:09+00:00","og_image":[{"width":720,"height":384,"url":"https:\/\/www.mundoagropecuario.cl\/new\/wp-content\/uploads\/2024\/12\/Plantilla-estandar-mundo-acuicola-39-scaled.jpg","type":"image\/jpeg"}],"author":"mundo","twitter_card":"summary_large_image","twitter_creator":"@MundoAgropecuar","twitter_site":"@MundoAgropecuar","twitter_misc":{"Escrito por":"mundo","Tiempo de lectura":"2 minutos"},"schema":{"@context":"https:\/\/schema.org","@graph":[{"@type":"Article","@id":"https:\/\/www.mundoagropecuario.cl\/new\/critican-propuesta-de-chilterra-y-venta-de-terrenos-a-conadi\/#article","isPartOf":{"@id":"https:\/\/www.mundoagropecuario.cl\/new\/critican-propuesta-de-chilterra-y-venta-de-terrenos-a-conadi\/"},"author":{"name":"mundo","@id":"https:\/\/www.mundoagropecuario.cl\/new\/#\/schema\/person\/4e9f74a82a7dac260eb1c44b7eebeb18"},"headline":"Critican propuesta de Chilterra y venta de terrenos a Conadi","datePublished":"2024-12-20T14:33:22+00:00","dateModified":"2024-12-27T12:58:09+00:00","mainEntityOfPage":{"@id":"https:\/\/www.mundoagropecuario.cl\/new\/critican-propuesta-de-chilterra-y-venta-de-terrenos-a-conadi\/"},"wordCount":420,"publisher":{"@id":"https:\/\/www.mundoagropecuario.cl\/new\/#organization"},"image":{"@id":"https:\/\/www.mundoagropecuario.cl\/new\/critican-propuesta-de-chilterra-y-venta-de-terrenos-a-conadi\/#primaryimage"},"thumbnailUrl":"https:\/\/www.mundoagropecuario.cl\/new\/wp-content\/uploads\/2024\/12\/Plantilla-estandar-mundo-acuicola-39-scaled.jpg","keywords":["araucan\u00eda","Chilterra","comunidades ind\u00edgenas","Conadi","deuda Chilterra","Ita\u00fa","Ley de Desarrollo Ind\u00edgena","ONG Campo Seguro","Predios Agricolas","Prolesur","Rabobank","Regi\u00f3n de Los R\u00edos","Scotiabank","Security","tierras ind\u00edgenas"],"articleSection":["Noticias"],"inLanguage":"es"},{"@type":"WebPage","@id":"https:\/\/www.mundoagropecuario.cl\/new\/critican-propuesta-de-chilterra-y-venta-de-terrenos-a-conadi\/","url":"https:\/\/www.mundoagropecuario.cl\/new\/critican-propuesta-de-chilterra-y-venta-de-terrenos-a-conadi\/","name":"Critican propuesta de Chilterra y venta de terrenos a Conadi - Mundoagropecuario","isPartOf":{"@id":"https:\/\/www.mundoagropecuario.cl\/new\/#website"},"primaryImageOfPage":{"@id":"https:\/\/www.mundoagropecuario.cl\/new\/critican-propuesta-de-chilterra-y-venta-de-terrenos-a-conadi\/#primaryimage"},"image":{"@id":"https:\/\/www.mundoagropecuario.cl\/new\/critican-propuesta-de-chilterra-y-venta-de-terrenos-a-conadi\/#primaryimage"},"thumbnailUrl":"https:\/\/www.mundoagropecuario.cl\/new\/wp-content\/uploads\/2024\/12\/Plantilla-estandar-mundo-acuicola-39-scaled.jpg","datePublished":"2024-12-20T14:33:22+00:00","dateModified":"2024-12-27T12:58:09+00:00","description":"La ONG critic\u00f3 la propuesta de venta de tierras de Chilterra a CONADI, por mal uso de recursos estatales y falta de arraigo territorial.","breadcrumb":{"@id":"https:\/\/www.mundoagropecuario.cl\/new\/critican-propuesta-de-chilterra-y-venta-de-terrenos-a-conadi\/#breadcrumb"},"inLanguage":"es","potentialAction":[{"@type":"ReadAction","target":["https:\/\/www.mundoagropecuario.cl\/new\/critican-propuesta-de-chilterra-y-venta-de-terrenos-a-conadi\/"]}]},{"@type":"ImageObject","inLanguage":"es","@id":"https:\/\/www.mundoagropecuario.cl\/new\/critican-propuesta-de-chilterra-y-venta-de-terrenos-a-conadi\/#primaryimage","url":"https:\/\/www.mundoagropecuario.cl\/new\/wp-content\/uploads\/2024\/12\/Plantilla-estandar-mundo-acuicola-39-scaled.jpg","contentUrl":"https:\/\/www.mundoagropecuario.cl\/new\/wp-content\/uploads\/2024\/12\/Plantilla-estandar-mundo-acuicola-39-scaled.jpg","width":720,"height":384},{"@type":"BreadcrumbList","@id":"https:\/\/www.mundoagropecuario.cl\/new\/critican-propuesta-de-chilterra-y-venta-de-terrenos-a-conadi\/#breadcrumb","itemListElement":[{"@type":"ListItem","position":1,"name":"Portada","item":"https:\/\/www.mundoagropecuario.cl\/new\/"},{"@type":"ListItem","position":2,"name":"Critican propuesta de Chilterra y venta de terrenos a Conadi"}]},{"@type":"WebSite","@id":"https:\/\/www.mundoagropecuario.cl\/new\/#website","url":"https:\/\/www.mundoagropecuario.cl\/new\/","name":"Mundoagropecuario","description":"Mundo Agropecuario","publisher":{"@id":"https:\/\/www.mundoagropecuario.cl\/new\/#organization"},"potentialAction":[{"@type":"SearchAction","target":{"@type":"EntryPoint","urlTemplate":"https:\/\/www.mundoagropecuario.cl\/new\/?s={search_term_string}"},"query-input":{"@type":"PropertyValueSpecification","valueRequired":true,"valueName":"search_term_string"}}],"inLanguage":"es"},{"@type":"Organization","@id":"https:\/\/www.mundoagropecuario.cl\/new\/#organization","name":"Revista de Agricultura","url":"https:\/\/www.mundoagropecuario.cl\/new\/","logo":{"@type":"ImageObject","inLanguage":"es","@id":"https:\/\/www.mundoagropecuario.cl\/new\/#\/schema\/logo\/image\/","url":"https:\/\/www.mundoagropecuario.cl\/new\/wp-content\/uploads\/2020\/11\/PORTAL-1-1.png","contentUrl":"https:\/\/www.mundoagropecuario.cl\/new\/wp-content\/uploads\/2020\/11\/PORTAL-1-1.png","width":1026,"height":100,"caption":"Revista de Agricultura"},"image":{"@id":"https:\/\/www.mundoagropecuario.cl\/new\/#\/schema\/logo\/image\/"},"sameAs":["https:\/\/www.facebook.com\/mundo.agropecuario.3","https:\/\/x.com\/MundoAgropecuar","https:\/\/www.linkedin.com\/in\/mundo-agropecuario-934009201\/"]},{"@type":"Person","@id":"https:\/\/www.mundoagropecuario.cl\/new\/#\/schema\/person\/4e9f74a82a7dac260eb1c44b7eebeb18","name":"mundo","url":"https:\/\/www.mundoagropecuario.cl\/new\/author\/mundo\/"}]}},"_links":{"self":[{"href":"https:\/\/www.mundoagropecuario.cl\/new\/wp-json\/wp\/v2\/posts\/26098","targetHints":{"allow":["GET"]}}],"collection":[{"href":"https:\/\/www.mundoagropecuario.cl\/new\/wp-json\/wp\/v2\/posts"}],"about":[{"href":"https:\/\/www.mundoagropecuario.cl\/new\/wp-json\/wp\/v2\/types\/post"}],"author":[{"embeddable":true,"href":"https:\/\/www.mundoagropecuario.cl\/new\/wp-json\/wp\/v2\/users\/2"}],"replies":[{"embeddable":true,"href":"https:\/\/www.mundoagropecuario.cl\/new\/wp-json\/wp\/v2\/comments?post=26098"}],"version-history":[{"count":1,"href":"https:\/\/www.mundoagropecuario.cl\/new\/wp-json\/wp\/v2\/posts\/26098\/revisions"}],"predecessor-version":[{"id":26100,"href":"https:\/\/www.mundoagropecuario.cl\/new\/wp-json\/wp\/v2\/posts\/26098\/revisions\/26100"}],"wp:featuredmedia":[{"embeddable":true,"href":"https:\/\/www.mundoagropecuario.cl\/new\/wp-json\/wp\/v2\/media\/26099"}],"wp:attachment":[{"href":"https:\/\/www.mundoagropecuario.cl\/new\/wp-json\/wp\/v2\/media?parent=26098"}],"wp:term":[{"taxonomy":"category","embeddable":true,"href":"https:\/\/www.mundoagropecuario.cl\/new\/wp-json\/wp\/v2\/categories?post=26098"},{"taxonomy":"post_tag","embeddable":true,"href":"https:\/\/www.mundoagropecuario.cl\/new\/wp-json\/wp\/v2\/tags?post=26098"}],"curies":[{"name":"wp","href":"https:\/\/api.w.org\/{rel}","templated":true}]}}