{"id":26088,"date":"2024-12-20T10:39:06","date_gmt":"2024-12-20T13:39:06","guid":{"rendered":"https:\/\/www.mundoagropecuario.cl\/new\/?p=26088"},"modified":"2024-12-23T18:39:59","modified_gmt":"2024-12-23T21:39:59","slug":"fedefruta-llama-a-formalizar-labores-de-migrantes-en-fruticultura","status":"publish","type":"post","link":"https:\/\/www.mundoagropecuario.cl\/new\/fedefruta-llama-a-formalizar-labores-de-migrantes-en-fruticultura\/","title":{"rendered":"Fedefruta llama a formalizar labores de migrantes en fruticultura"},"content":{"rendered":"<p>Frente a la discusi\u00f3n generada por la regularizaci\u00f3n de migrantes, principalmente los ligados a trabajos en los campos de Chile, el presidente de la Federaci\u00f3n de Productores de Fruta de Chile, Fedefruta, V\u00edctor Cat\u00e1n, aclar\u00f3 que como gremio &#8220;nuestro principal foco hoy es contribuir a formalidad laboral en el trabajo de los extranjeros que realizan faenas temporales en la fruticultura, lo que no se debe confundir ni generalizar con una regularizaci\u00f3n de extranjeros residentes en Chile&#8221;.<\/p>\n<p>Al respecto Cat\u00e1n explic\u00f3 que &#8220;la demanda por trabajo en las tareas de cosecha de la fruta es mayor a la oferta de connacionales, por lo tanto, los puestos de trabajo no se completan con la mano de obra de chilenos.\u00a0\u00a0En la fruticultura son principalmente ciudadanos bolivianos, de muy buen trato y disposici\u00f3n, que laboran en la cosecha o trabajo anticipado como por ejemplo el raleo. El trabajo es acotado y ellos vuelven posteriormente a su pa\u00eds&#8221;.<\/p>\n<h3>Seguridad social<\/h3>\n<p>En torno a ello, se\u00f1al\u00f3 que el gremio de los productores de fruta lo que desea es seguridad social. &#8220;Se deben dar garant\u00edas a los trabajadores en caso de accidentes laborales y que adem\u00e1s los empleadores tengan la tranquilidad de que esas externalidades no le causes afectaciones, hay una serie de brechas en las que queremos avanzar con la formalidad laboral&#8221;, precis\u00f3.<\/p>\n<p>Finalmente y frente a las \u00faltimas declaraciones del diputado Andr\u00e9s Longton, dijo que &#8220;nosotros no tenemos mano de obra barata ni nada por el estilo, es un trabajo competitivo, yo dir\u00eda que el promedio de ganancia de un trabajador est\u00e1 muy por sobre los\u00a0\u00a0$30,000 diarios,\u00a0\u00a0pero hay que darle formalidad&#8221;.<\/p>\n","protected":false},"excerpt":{"rendered":"<p>El presidente de Fedefruta destac\u00f3 el aporte de los migrantes en la cosecha y llam\u00f3 a regularizar las labores temporales en la fruticultura.<\/p>\n","protected":false},"author":2,"featured_media":26089,"comment_status":"closed","ping_status":"closed","sticky":false,"template":"","format":"standard","meta":{"footnotes":""},"categories":[1986],"tags":[9421,9264,2095,3286,2254,9420,9422],"class_list":["post-26088","post","type-post","status-publish","format-standard","has-post-thumbnail","hentry","category-frutas","tag-cosecha-de-frutas","tag-empleo-agricola","tag-fedefruta","tag-fruta","tag-fruticultura","tag-fruticultura-chilena","tag-trabajo-agricola"],"yoast_head":"<!-- This site is optimized with the Yoast SEO plugin v26.6 - https:\/\/yoast.com\/wordpress\/plugins\/seo\/ -->\n<title>Fedefruta llama a formalizar labores de migrantes en fruticultura - Mundoagropecuario<\/title>\n<meta name=\"description\" content=\"El presidente de Fedefruta destac\u00f3 el aporte de los migrantes en la cosecha y llam\u00f3 a regularizar las labores temporales en la fruticultura.\" \/>\n<meta name=\"robots\" content=\"index, follow, max-snippet:-1, max-image-preview:large, max-video-preview:-1\" \/>\n<link rel=\"canonical\" href=\"https:\/\/www.mundoagropecuario.cl\/new\/fedefruta-llama-a-formalizar-labores-de-migrantes-en-fruticultura\/\" \/>\n<meta property=\"og:locale\" content=\"es_ES\" \/>\n<meta property=\"og:type\" content=\"article\" \/>\n<meta property=\"og:title\" content=\"Fedefruta llama a formalizar labores de migrantes en fruticultura - Mundoagropecuario\" \/>\n<meta property=\"og:description\" content=\"El presidente de Fedefruta destac\u00f3 el aporte de los migrantes en la cosecha y llam\u00f3 a regularizar las labores temporales en la fruticultura.\" \/>\n<meta property=\"og:url\" content=\"https:\/\/www.mundoagropecuario.cl\/new\/fedefruta-llama-a-formalizar-labores-de-migrantes-en-fruticultura\/\" \/>\n<meta property=\"og:site_name\" content=\"Mundoagropecuario\" \/>\n<meta property=\"article:publisher\" content=\"https:\/\/www.facebook.com\/mundo.agropecuario.3\" \/>\n<meta property=\"article:published_time\" content=\"2024-12-20T13:39:06+00:00\" \/>\n<meta property=\"article:modified_time\" content=\"2024-12-23T21:39:59+00:00\" \/>\n<meta property=\"og:image\" content=\"https:\/\/www.mundoagropecuario.cl\/new\/wp-content\/uploads\/2024\/12\/Plantilla-estandar-mundo-acuicola-36-scaled.jpg\" \/>\n\t<meta property=\"og:image:width\" content=\"720\" \/>\n\t<meta property=\"og:image:height\" content=\"384\" \/>\n\t<meta property=\"og:image:type\" content=\"image\/jpeg\" \/>\n<meta name=\"author\" content=\"mundo\" \/>\n<meta name=\"twitter:card\" content=\"summary_large_image\" \/>\n<meta name=\"twitter:creator\" content=\"@MundoAgropecuar\" \/>\n<meta name=\"twitter:site\" content=\"@MundoAgropecuar\" \/>\n<meta name=\"twitter:label1\" content=\"Escrito por\" \/>\n\t<meta name=\"twitter:data1\" content=\"mundo\" \/>\n\t<meta name=\"twitter:label2\" content=\"Tiempo de lectura\" \/>\n\t<meta name=\"twitter:data2\" content=\"2 minutos\" \/>\n<script type=\"application\/ld+json\" class=\"yoast-schema-graph\">{\"@context\":\"https:\/\/schema.org\",\"@graph\":[{\"@type\":\"Article\",\"@id\":\"https:\/\/www.mundoagropecuario.cl\/new\/fedefruta-llama-a-formalizar-labores-de-migrantes-en-fruticultura\/#article\",\"isPartOf\":{\"@id\":\"https:\/\/www.mundoagropecuario.cl\/new\/fedefruta-llama-a-formalizar-labores-de-migrantes-en-fruticultura\/\"},\"author\":{\"name\":\"mundo\",\"@id\":\"https:\/\/www.mundoagropecuario.cl\/new\/#\/schema\/person\/4e9f74a82a7dac260eb1c44b7eebeb18\"},\"headline\":\"Fedefruta llama a formalizar labores de migrantes en fruticultura\",\"datePublished\":\"2024-12-20T13:39:06+00:00\",\"dateModified\":\"2024-12-23T21:39:59+00:00\",\"mainEntityOfPage\":{\"@id\":\"https:\/\/www.mundoagropecuario.cl\/new\/fedefruta-llama-a-formalizar-labores-de-migrantes-en-fruticultura\/\"},\"wordCount\":291,\"publisher\":{\"@id\":\"https:\/\/www.mundoagropecuario.cl\/new\/#organization\"},\"image\":{\"@id\":\"https:\/\/www.mundoagropecuario.cl\/new\/fedefruta-llama-a-formalizar-labores-de-migrantes-en-fruticultura\/#primaryimage\"},\"thumbnailUrl\":\"https:\/\/www.mundoagropecuario.cl\/new\/wp-content\/uploads\/2024\/12\/Plantilla-estandar-mundo-acuicola-36-scaled.jpg\",\"keywords\":[\"cosecha de frutas\",\"empleo agr\u00edcola\",\"Fedefruta\",\"fruta\",\"Fruticultura\",\"fruticultura chilena\",\"trabajo agr\u00edcola\"],\"articleSection\":[\"Frutas\"],\"inLanguage\":\"es\"},{\"@type\":\"WebPage\",\"@id\":\"https:\/\/www.mundoagropecuario.cl\/new\/fedefruta-llama-a-formalizar-labores-de-migrantes-en-fruticultura\/\",\"url\":\"https:\/\/www.mundoagropecuario.cl\/new\/fedefruta-llama-a-formalizar-labores-de-migrantes-en-fruticultura\/\",\"name\":\"Fedefruta llama a formalizar labores de migrantes en fruticultura - Mundoagropecuario\",\"isPartOf\":{\"@id\":\"https:\/\/www.mundoagropecuario.cl\/new\/#website\"},\"primaryImageOfPage\":{\"@id\":\"https:\/\/www.mundoagropecuario.cl\/new\/fedefruta-llama-a-formalizar-labores-de-migrantes-en-fruticultura\/#primaryimage\"},\"image\":{\"@id\":\"https:\/\/www.mundoagropecuario.cl\/new\/fedefruta-llama-a-formalizar-labores-de-migrantes-en-fruticultura\/#primaryimage\"},\"thumbnailUrl\":\"https:\/\/www.mundoagropecuario.cl\/new\/wp-content\/uploads\/2024\/12\/Plantilla-estandar-mundo-acuicola-36-scaled.jpg\",\"datePublished\":\"2024-12-20T13:39:06+00:00\",\"dateModified\":\"2024-12-23T21:39:59+00:00\",\"description\":\"El presidente de Fedefruta destac\u00f3 el aporte de los migrantes en la cosecha y llam\u00f3 a regularizar las labores temporales en la fruticultura.\",\"breadcrumb\":{\"@id\":\"https:\/\/www.mundoagropecuario.cl\/new\/fedefruta-llama-a-formalizar-labores-de-migrantes-en-fruticultura\/#breadcrumb\"},\"inLanguage\":\"es\",\"potentialAction\":[{\"@type\":\"ReadAction\",\"target\":[\"https:\/\/www.mundoagropecuario.cl\/new\/fedefruta-llama-a-formalizar-labores-de-migrantes-en-fruticultura\/\"]}]},{\"@type\":\"ImageObject\",\"inLanguage\":\"es\",\"@id\":\"https:\/\/www.mundoagropecuario.cl\/new\/fedefruta-llama-a-formalizar-labores-de-migrantes-en-fruticultura\/#primaryimage\",\"url\":\"https:\/\/www.mundoagropecuario.cl\/new\/wp-content\/uploads\/2024\/12\/Plantilla-estandar-mundo-acuicola-36-scaled.jpg\",\"contentUrl\":\"https:\/\/www.mundoagropecuario.cl\/new\/wp-content\/uploads\/2024\/12\/Plantilla-estandar-mundo-acuicola-36-scaled.jpg\",\"width\":720,\"height\":384},{\"@type\":\"BreadcrumbList\",\"@id\":\"https:\/\/www.mundoagropecuario.cl\/new\/fedefruta-llama-a-formalizar-labores-de-migrantes-en-fruticultura\/#breadcrumb\",\"itemListElement\":[{\"@type\":\"ListItem\",\"position\":1,\"name\":\"Portada\",\"item\":\"https:\/\/www.mundoagropecuario.cl\/new\/\"},{\"@type\":\"ListItem\",\"position\":2,\"name\":\"Fedefruta llama a formalizar labores de migrantes en fruticultura\"}]},{\"@type\":\"WebSite\",\"@id\":\"https:\/\/www.mundoagropecuario.cl\/new\/#website\",\"url\":\"https:\/\/www.mundoagropecuario.cl\/new\/\",\"name\":\"Mundoagropecuario\",\"description\":\"Mundo Agropecuario\",\"publisher\":{\"@id\":\"https:\/\/www.mundoagropecuario.cl\/new\/#organization\"},\"potentialAction\":[{\"@type\":\"SearchAction\",\"target\":{\"@type\":\"EntryPoint\",\"urlTemplate\":\"https:\/\/www.mundoagropecuario.cl\/new\/?s={search_term_string}\"},\"query-input\":{\"@type\":\"PropertyValueSpecification\",\"valueRequired\":true,\"valueName\":\"search_term_string\"}}],\"inLanguage\":\"es\"},{\"@type\":\"Organization\",\"@id\":\"https:\/\/www.mundoagropecuario.cl\/new\/#organization\",\"name\":\"Revista de Agricultura\",\"url\":\"https:\/\/www.mundoagropecuario.cl\/new\/\",\"logo\":{\"@type\":\"ImageObject\",\"inLanguage\":\"es\",\"@id\":\"https:\/\/www.mundoagropecuario.cl\/new\/#\/schema\/logo\/image\/\",\"url\":\"https:\/\/www.mundoagropecuario.cl\/new\/wp-content\/uploads\/2020\/11\/PORTAL-1-1.png\",\"contentUrl\":\"https:\/\/www.mundoagropecuario.cl\/new\/wp-content\/uploads\/2020\/11\/PORTAL-1-1.png\",\"width\":1026,\"height\":100,\"caption\":\"Revista de Agricultura\"},\"image\":{\"@id\":\"https:\/\/www.mundoagropecuario.cl\/new\/#\/schema\/logo\/image\/\"},\"sameAs\":[\"https:\/\/www.facebook.com\/mundo.agropecuario.3\",\"https:\/\/x.com\/MundoAgropecuar\",\"https:\/\/www.linkedin.com\/in\/mundo-agropecuario-934009201\/\"]},{\"@type\":\"Person\",\"@id\":\"https:\/\/www.mundoagropecuario.cl\/new\/#\/schema\/person\/4e9f74a82a7dac260eb1c44b7eebeb18\",\"name\":\"mundo\",\"url\":\"https:\/\/www.mundoagropecuario.cl\/new\/author\/mundo\/\"}]}<\/script>\n<!-- \/ Yoast SEO plugin. -->","yoast_head_json":{"title":"Fedefruta llama a formalizar labores de migrantes en fruticultura - Mundoagropecuario","description":"El presidente de Fedefruta destac\u00f3 el aporte de los migrantes en la cosecha y llam\u00f3 a regularizar las labores temporales en la fruticultura.","robots":{"index":"index","follow":"follow","max-snippet":"max-snippet:-1","max-image-preview":"max-image-preview:large","max-video-preview":"max-video-preview:-1"},"canonical":"https:\/\/www.mundoagropecuario.cl\/new\/fedefruta-llama-a-formalizar-labores-de-migrantes-en-fruticultura\/","og_locale":"es_ES","og_type":"article","og_title":"Fedefruta llama a formalizar labores de migrantes en fruticultura - Mundoagropecuario","og_description":"El presidente de Fedefruta destac\u00f3 el aporte de los migrantes en la cosecha y llam\u00f3 a regularizar las labores temporales en la fruticultura.","og_url":"https:\/\/www.mundoagropecuario.cl\/new\/fedefruta-llama-a-formalizar-labores-de-migrantes-en-fruticultura\/","og_site_name":"Mundoagropecuario","article_publisher":"https:\/\/www.facebook.com\/mundo.agropecuario.3","article_published_time":"2024-12-20T13:39:06+00:00","article_modified_time":"2024-12-23T21:39:59+00:00","og_image":[{"width":720,"height":384,"url":"https:\/\/www.mundoagropecuario.cl\/new\/wp-content\/uploads\/2024\/12\/Plantilla-estandar-mundo-acuicola-36-scaled.jpg","type":"image\/jpeg"}],"author":"mundo","twitter_card":"summary_large_image","twitter_creator":"@MundoAgropecuar","twitter_site":"@MundoAgropecuar","twitter_misc":{"Escrito por":"mundo","Tiempo de lectura":"2 minutos"},"schema":{"@context":"https:\/\/schema.org","@graph":[{"@type":"Article","@id":"https:\/\/www.mundoagropecuario.cl\/new\/fedefruta-llama-a-formalizar-labores-de-migrantes-en-fruticultura\/#article","isPartOf":{"@id":"https:\/\/www.mundoagropecuario.cl\/new\/fedefruta-llama-a-formalizar-labores-de-migrantes-en-fruticultura\/"},"author":{"name":"mundo","@id":"https:\/\/www.mundoagropecuario.cl\/new\/#\/schema\/person\/4e9f74a82a7dac260eb1c44b7eebeb18"},"headline":"Fedefruta llama a formalizar labores de migrantes en fruticultura","datePublished":"2024-12-20T13:39:06+00:00","dateModified":"2024-12-23T21:39:59+00:00","mainEntityOfPage":{"@id":"https:\/\/www.mundoagropecuario.cl\/new\/fedefruta-llama-a-formalizar-labores-de-migrantes-en-fruticultura\/"},"wordCount":291,"publisher":{"@id":"https:\/\/www.mundoagropecuario.cl\/new\/#organization"},"image":{"@id":"https:\/\/www.mundoagropecuario.cl\/new\/fedefruta-llama-a-formalizar-labores-de-migrantes-en-fruticultura\/#primaryimage"},"thumbnailUrl":"https:\/\/www.mundoagropecuario.cl\/new\/wp-content\/uploads\/2024\/12\/Plantilla-estandar-mundo-acuicola-36-scaled.jpg","keywords":["cosecha de frutas","empleo agr\u00edcola","Fedefruta","fruta","Fruticultura","fruticultura chilena","trabajo agr\u00edcola"],"articleSection":["Frutas"],"inLanguage":"es"},{"@type":"WebPage","@id":"https:\/\/www.mundoagropecuario.cl\/new\/fedefruta-llama-a-formalizar-labores-de-migrantes-en-fruticultura\/","url":"https:\/\/www.mundoagropecuario.cl\/new\/fedefruta-llama-a-formalizar-labores-de-migrantes-en-fruticultura\/","name":"Fedefruta llama a formalizar labores de migrantes en fruticultura - Mundoagropecuario","isPartOf":{"@id":"https:\/\/www.mundoagropecuario.cl\/new\/#website"},"primaryImageOfPage":{"@id":"https:\/\/www.mundoagropecuario.cl\/new\/fedefruta-llama-a-formalizar-labores-de-migrantes-en-fruticultura\/#primaryimage"},"image":{"@id":"https:\/\/www.mundoagropecuario.cl\/new\/fedefruta-llama-a-formalizar-labores-de-migrantes-en-fruticultura\/#primaryimage"},"thumbnailUrl":"https:\/\/www.mundoagropecuario.cl\/new\/wp-content\/uploads\/2024\/12\/Plantilla-estandar-mundo-acuicola-36-scaled.jpg","datePublished":"2024-12-20T13:39:06+00:00","dateModified":"2024-12-23T21:39:59+00:00","description":"El presidente de Fedefruta destac\u00f3 el aporte de los migrantes en la cosecha y llam\u00f3 a regularizar las labores temporales en la fruticultura.","breadcrumb":{"@id":"https:\/\/www.mundoagropecuario.cl\/new\/fedefruta-llama-a-formalizar-labores-de-migrantes-en-fruticultura\/#breadcrumb"},"inLanguage":"es","potentialAction":[{"@type":"ReadAction","target":["https:\/\/www.mundoagropecuario.cl\/new\/fedefruta-llama-a-formalizar-labores-de-migrantes-en-fruticultura\/"]}]},{"@type":"ImageObject","inLanguage":"es","@id":"https:\/\/www.mundoagropecuario.cl\/new\/fedefruta-llama-a-formalizar-labores-de-migrantes-en-fruticultura\/#primaryimage","url":"https:\/\/www.mundoagropecuario.cl\/new\/wp-content\/uploads\/2024\/12\/Plantilla-estandar-mundo-acuicola-36-scaled.jpg","contentUrl":"https:\/\/www.mundoagropecuario.cl\/new\/wp-content\/uploads\/2024\/12\/Plantilla-estandar-mundo-acuicola-36-scaled.jpg","width":720,"height":384},{"@type":"BreadcrumbList","@id":"https:\/\/www.mundoagropecuario.cl\/new\/fedefruta-llama-a-formalizar-labores-de-migrantes-en-fruticultura\/#breadcrumb","itemListElement":[{"@type":"ListItem","position":1,"name":"Portada","item":"https:\/\/www.mundoagropecuario.cl\/new\/"},{"@type":"ListItem","position":2,"name":"Fedefruta llama a formalizar labores de migrantes en fruticultura"}]},{"@type":"WebSite","@id":"https:\/\/www.mundoagropecuario.cl\/new\/#website","url":"https:\/\/www.mundoagropecuario.cl\/new\/","name":"Mundoagropecuario","description":"Mundo Agropecuario","publisher":{"@id":"https:\/\/www.mundoagropecuario.cl\/new\/#organization"},"potentialAction":[{"@type":"SearchAction","target":{"@type":"EntryPoint","urlTemplate":"https:\/\/www.mundoagropecuario.cl\/new\/?s={search_term_string}"},"query-input":{"@type":"PropertyValueSpecification","valueRequired":true,"valueName":"search_term_string"}}],"inLanguage":"es"},{"@type":"Organization","@id":"https:\/\/www.mundoagropecuario.cl\/new\/#organization","name":"Revista de Agricultura","url":"https:\/\/www.mundoagropecuario.cl\/new\/","logo":{"@type":"ImageObject","inLanguage":"es","@id":"https:\/\/www.mundoagropecuario.cl\/new\/#\/schema\/logo\/image\/","url":"https:\/\/www.mundoagropecuario.cl\/new\/wp-content\/uploads\/2020\/11\/PORTAL-1-1.png","contentUrl":"https:\/\/www.mundoagropecuario.cl\/new\/wp-content\/uploads\/2020\/11\/PORTAL-1-1.png","width":1026,"height":100,"caption":"Revista de Agricultura"},"image":{"@id":"https:\/\/www.mundoagropecuario.cl\/new\/#\/schema\/logo\/image\/"},"sameAs":["https:\/\/www.facebook.com\/mundo.agropecuario.3","https:\/\/x.com\/MundoAgropecuar","https:\/\/www.linkedin.com\/in\/mundo-agropecuario-934009201\/"]},{"@type":"Person","@id":"https:\/\/www.mundoagropecuario.cl\/new\/#\/schema\/person\/4e9f74a82a7dac260eb1c44b7eebeb18","name":"mundo","url":"https:\/\/www.mundoagropecuario.cl\/new\/author\/mundo\/"}]}},"_links":{"self":[{"href":"https:\/\/www.mundoagropecuario.cl\/new\/wp-json\/wp\/v2\/posts\/26088","targetHints":{"allow":["GET"]}}],"collection":[{"href":"https:\/\/www.mundoagropecuario.cl\/new\/wp-json\/wp\/v2\/posts"}],"about":[{"href":"https:\/\/www.mundoagropecuario.cl\/new\/wp-json\/wp\/v2\/types\/post"}],"author":[{"embeddable":true,"href":"https:\/\/www.mundoagropecuario.cl\/new\/wp-json\/wp\/v2\/users\/2"}],"replies":[{"embeddable":true,"href":"https:\/\/www.mundoagropecuario.cl\/new\/wp-json\/wp\/v2\/comments?post=26088"}],"version-history":[{"count":1,"href":"https:\/\/www.mundoagropecuario.cl\/new\/wp-json\/wp\/v2\/posts\/26088\/revisions"}],"predecessor-version":[{"id":26090,"href":"https:\/\/www.mundoagropecuario.cl\/new\/wp-json\/wp\/v2\/posts\/26088\/revisions\/26090"}],"wp:featuredmedia":[{"embeddable":true,"href":"https:\/\/www.mundoagropecuario.cl\/new\/wp-json\/wp\/v2\/media\/26089"}],"wp:attachment":[{"href":"https:\/\/www.mundoagropecuario.cl\/new\/wp-json\/wp\/v2\/media?parent=26088"}],"wp:term":[{"taxonomy":"category","embeddable":true,"href":"https:\/\/www.mundoagropecuario.cl\/new\/wp-json\/wp\/v2\/categories?post=26088"},{"taxonomy":"post_tag","embeddable":true,"href":"https:\/\/www.mundoagropecuario.cl\/new\/wp-json\/wp\/v2\/tags?post=26088"}],"curies":[{"name":"wp","href":"https:\/\/api.w.org\/{rel}","templated":true}]}}