{"id":26085,"date":"2024-12-20T10:06:32","date_gmt":"2024-12-20T13:06:32","guid":{"rendered":"https:\/\/www.mundoagropecuario.cl\/new\/?p=26085"},"modified":"2024-12-23T11:04:48","modified_gmt":"2024-12-23T14:04:48","slug":"agricultores-se-acerca-plazo-para-registrar-cultivos-de-papa","status":"publish","type":"post","link":"https:\/\/www.mundoagropecuario.cl\/new\/agricultores-se-acerca-plazo-para-registrar-cultivos-de-papa\/","title":{"rendered":"Agricultores: Se acerca plazo para registrar cultivos de papa"},"content":{"rendered":"<p style=\"font-weight: 400;\">El Servicio Agr\u00edcola y Ganadero recuerda a agricultores que, por normativa, las plantaciones de papas deben estar registradas en el SAG antes del 31 de diciembre pr\u00f3ximo. Por esta raz\u00f3n, el Director Regional del SAG, Francisco Briones, hizo un llamado a quienes a\u00fan no realizan este tr\u00e1mite a cumplir con la normativa vigente.<\/p>\n<p style=\"font-weight: 400;\">La regi\u00f3n de Los Lagos es parte de la denominada \u00c1rea Libre de Plagas Cuarentenarias de la Papa que comprende desde la provincia de Arauco hasta la regi\u00f3n de Magallanes. En esta zona es obligaci\u00f3n de agricultores\/as inscribir sus cultivos de papa, lo cual incluye las plantaciones comerciales y las de autoconsumo.<\/p>\n<h3>Zona productora de papa<\/h3>\n<p style=\"font-weight: 400;\">Francisco Briones relev\u00f3 la importancia que tiene programar las plantaciones, resguardando aspectos de sanidad que son relevantes para alcanzar los resultados productivos deseados cada temporada. \u201cEl aspecto sanitario es una garant\u00eda y da pie para que esta regi\u00f3n sea una zona productora de papa y de tub\u00e9rculo semilla, beneficiando a peque\u00f1os, medianos y grandes agricultores que viven de este rubro\u201d, enfatiz\u00f3.<\/p>\n<p style=\"font-weight: 400;\">La inscripci\u00f3n debe realizarse entre la fecha de inicio de la siembra y el 31 de diciembre de cada a\u00f1o. La medida obedece a la Resoluci\u00f3n N\u00b0 3.276\/2016 que establece que productores\/as, personas naturales o jur\u00eddicas, que se encuentran en el \u00c1rea Libre de Plagas Cuarentenarias de la Papa, deben inscribir sus cultivos de papa todos los a\u00f1os, debiendo informar\u00a0los antecedentes del predio tales como superficie, localidad, propietario, variedad y origen de la semilla utilizada, fecha de siembra, y la fecha estimada de cosecha.<\/p>\n<p style=\"font-weight: 400;\">Cabe indicar que para los agricultores de autoconsumo el registro es permanente, es decir, que se inscriben s\u00f3lo una vez, pero este registro no les permite comercializar.<\/p>\n<p style=\"font-weight: 400;\">\u201cAunque la responsabilidad de inscribirse es de los\/as productores\/as, el SAG mantiene un convenio con INDAP que permite facilitar el registro y en coordinaci\u00f3n con las diferentes municipalidades, a trav\u00e9s del PRODESAL, se realizan jornadas de inscripci\u00f3n en terreno\u201d, acot\u00f3 el Director Regional del SAG.<\/p>\n<h3 style=\"font-weight: 400;\">Vigilancia sobre el cultivo<\/h3>\n<p style=\"font-weight: 400;\">Para que el SAG pueda mantener una adecuada vigilancia sobre el cultivo de papa, es clave que los\/as\u00a0productores\/as se registren cada temporada. \u201cEsto permite a nuestro Servicio tomar muestras al suelo y a los tub\u00e9rculos, para verificar que est\u00e9n libres de plagas y enfermedades de importancia y, por otro lado, que los comerciantes puedan acreditar el origen de las papas dentro del \u00c1rea Libre de Plagas Cuarentenarias\u201d, subray\u00f3 la autoridad regional del agro.<\/p>\n<h3 style=\"font-weight: 400;\">Uso de semilla<\/h3>\n<p style=\"font-weight: 400;\">El SAG tambi\u00e9n verifica el origen de la semilla que es utilizada en los cultivos de papa lo cual debe ser acreditado a trav\u00e9s de facturas, gu\u00edas, o etiquetas (para el caso de semilla corriente y certificada). Si se trata de semilla predial, el cultivo debe estar registrado la temporada anterior.<\/p>\n<p style=\"font-weight: 400;\">La semilla corriente, certificada, o aquella producida en el mismo predio, debe tener\u00a0origen conocido\u00a0ya que es la principal v\u00eda de diseminaci\u00f3n de enfermedades y plagas como marchitez bacteriana, carb\u00f3n de la papa y nematodos quistes, las que pueden afectar gravemente la producci\u00f3n.<\/p>\n<h3 style=\"font-weight: 400;\">Producci\u00f3n regional<\/h3>\n<p style=\"font-weight: 400;\">Seg\u00fan datos del Censo Agropecuario de 2021, en la regi\u00f3n de Los Lagos existen 7.800 productores\/as de papas, el 50% de \u00e9stos ubicados en la provincia de Chilo\u00e9, seguida de la provincia de Llanquihue con m\u00e1s de 3 mil productores\/as. En t\u00e9rminos de superficie, la provincia de Llanquihue concentra el mayor volumen regional, alcanzando 10 mil hect\u00e1reas destinadas a este cultivo.<\/p>\n<p style=\"font-weight: 400;\">\u201cEn atenci\u00f3n a esa estad\u00edstica es trascendental mantener la condici\u00f3n sanitaria de uno de los cultivos m\u00e1s relevantes de la zona sur, siendo los\/as productores\/as los\/as principales responsables de proteger sus predios del ingreso de plagas y enfermedades de importancia econ\u00f3mica\u201d, finaliz\u00f3 el Director Regional del SAG.<\/p>\n<p style=\"font-weight: 400;\"><strong>\u00a0<\/strong>Para quienes necesiten obtener m\u00e1s informaci\u00f3n, los canales de atenci\u00f3n institucional son\u00a0<a href=\"mailto:contacto.loslagos@sag.gob.cl\">contacto.loslagos@sag.gob.cl<\/a>\u00a0 y el n\u00famero +569 325 3827.<\/p>\n","protected":false},"excerpt":{"rendered":"<p>El objetivo del registro del SAG es conocer donde est\u00e1n las siembras y as\u00ed vigilar la sanidad de los cultivos.  <\/p>\n","protected":false},"author":2,"featured_media":26086,"comment_status":"closed","ping_status":"closed","sticky":false,"template":"","format":"standard","meta":{"footnotes":""},"categories":[126],"tags":[9419,2090,6559,1992,9381,2128,2635,2091,6805,2036,2585],"class_list":["post-26085","post","type-post","status-publish","format-standard","has-post-thumbnail","hentry","category-noticias","tag-agricultores-los-lagos","tag-agricultura","tag-cultivo-de-papas","tag-indap","tag-normativa-sag","tag-papas","tag-plagas","tag-prodesal","tag-produccion-de-papas","tag-sag","tag-servicio-agricola-y-ganadero"],"yoast_head":"<!-- This site is optimized with the Yoast SEO plugin v26.6 - https:\/\/yoast.com\/wordpress\/plugins\/seo\/ -->\n<title>Agricultores: Se acerca plazo para registrar cultivos de papa - Mundoagropecuario<\/title>\n<meta name=\"description\" content=\"El objetivo del registro del SAG es conocer donde est\u00e1n las siembras y as\u00ed vigilar la sanidad de los cultivos.\" \/>\n<meta name=\"robots\" content=\"index, follow, max-snippet:-1, max-image-preview:large, max-video-preview:-1\" \/>\n<link rel=\"canonical\" href=\"https:\/\/www.mundoagropecuario.cl\/new\/agricultores-se-acerca-plazo-para-registrar-cultivos-de-papa\/\" \/>\n<meta property=\"og:locale\" content=\"es_ES\" \/>\n<meta property=\"og:type\" content=\"article\" \/>\n<meta property=\"og:title\" content=\"Agricultores: Se acerca plazo para registrar cultivos de papa - Mundoagropecuario\" \/>\n<meta property=\"og:description\" content=\"El objetivo del registro del SAG es conocer donde est\u00e1n las siembras y as\u00ed vigilar la sanidad de los cultivos.\" \/>\n<meta property=\"og:url\" content=\"https:\/\/www.mundoagropecuario.cl\/new\/agricultores-se-acerca-plazo-para-registrar-cultivos-de-papa\/\" \/>\n<meta property=\"og:site_name\" content=\"Mundoagropecuario\" \/>\n<meta property=\"article:publisher\" content=\"https:\/\/www.facebook.com\/mundo.agropecuario.3\" \/>\n<meta property=\"article:published_time\" content=\"2024-12-20T13:06:32+00:00\" \/>\n<meta property=\"article:modified_time\" content=\"2024-12-23T14:04:48+00:00\" \/>\n<meta property=\"og:image\" content=\"https:\/\/www.mundoagropecuario.cl\/new\/wp-content\/uploads\/2024\/12\/Plantilla-estandar-mundo-acuicola-35-scaled.jpg\" \/>\n\t<meta property=\"og:image:width\" content=\"720\" \/>\n\t<meta property=\"og:image:height\" content=\"384\" \/>\n\t<meta property=\"og:image:type\" content=\"image\/jpeg\" \/>\n<meta name=\"author\" content=\"mundo\" \/>\n<meta name=\"twitter:card\" content=\"summary_large_image\" \/>\n<meta name=\"twitter:creator\" content=\"@MundoAgropecuar\" \/>\n<meta name=\"twitter:site\" content=\"@MundoAgropecuar\" \/>\n<meta name=\"twitter:label1\" content=\"Escrito por\" \/>\n\t<meta name=\"twitter:data1\" content=\"mundo\" \/>\n\t<meta name=\"twitter:label2\" content=\"Tiempo de lectura\" \/>\n\t<meta name=\"twitter:data2\" content=\"4 minutos\" \/>\n<script type=\"application\/ld+json\" class=\"yoast-schema-graph\">{\"@context\":\"https:\/\/schema.org\",\"@graph\":[{\"@type\":\"Article\",\"@id\":\"https:\/\/www.mundoagropecuario.cl\/new\/agricultores-se-acerca-plazo-para-registrar-cultivos-de-papa\/#article\",\"isPartOf\":{\"@id\":\"https:\/\/www.mundoagropecuario.cl\/new\/agricultores-se-acerca-plazo-para-registrar-cultivos-de-papa\/\"},\"author\":{\"name\":\"mundo\",\"@id\":\"https:\/\/www.mundoagropecuario.cl\/new\/#\/schema\/person\/4e9f74a82a7dac260eb1c44b7eebeb18\"},\"headline\":\"Agricultores: Se acerca plazo para registrar cultivos de papa\",\"datePublished\":\"2024-12-20T13:06:32+00:00\",\"dateModified\":\"2024-12-23T14:04:48+00:00\",\"mainEntityOfPage\":{\"@id\":\"https:\/\/www.mundoagropecuario.cl\/new\/agricultores-se-acerca-plazo-para-registrar-cultivos-de-papa\/\"},\"wordCount\":690,\"publisher\":{\"@id\":\"https:\/\/www.mundoagropecuario.cl\/new\/#organization\"},\"image\":{\"@id\":\"https:\/\/www.mundoagropecuario.cl\/new\/agricultores-se-acerca-plazo-para-registrar-cultivos-de-papa\/#primaryimage\"},\"thumbnailUrl\":\"https:\/\/www.mundoagropecuario.cl\/new\/wp-content\/uploads\/2024\/12\/Plantilla-estandar-mundo-acuicola-35-scaled.jpg\",\"keywords\":[\"agricultores Los Lagos\",\"Agricultura\",\"cultivo de papas\",\"Indap\",\"normativa SAG\",\"Papas\",\"plagas\",\"Prodesal\",\"Producci\u00f3n de Papas\",\"SAG\",\"Servicio Agr\u00edcola y Ganadero\"],\"articleSection\":[\"Noticias\"],\"inLanguage\":\"es\"},{\"@type\":\"WebPage\",\"@id\":\"https:\/\/www.mundoagropecuario.cl\/new\/agricultores-se-acerca-plazo-para-registrar-cultivos-de-papa\/\",\"url\":\"https:\/\/www.mundoagropecuario.cl\/new\/agricultores-se-acerca-plazo-para-registrar-cultivos-de-papa\/\",\"name\":\"Agricultores: Se acerca plazo para registrar cultivos de papa - Mundoagropecuario\",\"isPartOf\":{\"@id\":\"https:\/\/www.mundoagropecuario.cl\/new\/#website\"},\"primaryImageOfPage\":{\"@id\":\"https:\/\/www.mundoagropecuario.cl\/new\/agricultores-se-acerca-plazo-para-registrar-cultivos-de-papa\/#primaryimage\"},\"image\":{\"@id\":\"https:\/\/www.mundoagropecuario.cl\/new\/agricultores-se-acerca-plazo-para-registrar-cultivos-de-papa\/#primaryimage\"},\"thumbnailUrl\":\"https:\/\/www.mundoagropecuario.cl\/new\/wp-content\/uploads\/2024\/12\/Plantilla-estandar-mundo-acuicola-35-scaled.jpg\",\"datePublished\":\"2024-12-20T13:06:32+00:00\",\"dateModified\":\"2024-12-23T14:04:48+00:00\",\"description\":\"El objetivo del registro del SAG es conocer donde est\u00e1n las siembras y as\u00ed vigilar la sanidad de los cultivos.\",\"breadcrumb\":{\"@id\":\"https:\/\/www.mundoagropecuario.cl\/new\/agricultores-se-acerca-plazo-para-registrar-cultivos-de-papa\/#breadcrumb\"},\"inLanguage\":\"es\",\"potentialAction\":[{\"@type\":\"ReadAction\",\"target\":[\"https:\/\/www.mundoagropecuario.cl\/new\/agricultores-se-acerca-plazo-para-registrar-cultivos-de-papa\/\"]}]},{\"@type\":\"ImageObject\",\"inLanguage\":\"es\",\"@id\":\"https:\/\/www.mundoagropecuario.cl\/new\/agricultores-se-acerca-plazo-para-registrar-cultivos-de-papa\/#primaryimage\",\"url\":\"https:\/\/www.mundoagropecuario.cl\/new\/wp-content\/uploads\/2024\/12\/Plantilla-estandar-mundo-acuicola-35-scaled.jpg\",\"contentUrl\":\"https:\/\/www.mundoagropecuario.cl\/new\/wp-content\/uploads\/2024\/12\/Plantilla-estandar-mundo-acuicola-35-scaled.jpg\",\"width\":720,\"height\":384},{\"@type\":\"BreadcrumbList\",\"@id\":\"https:\/\/www.mundoagropecuario.cl\/new\/agricultores-se-acerca-plazo-para-registrar-cultivos-de-papa\/#breadcrumb\",\"itemListElement\":[{\"@type\":\"ListItem\",\"position\":1,\"name\":\"Portada\",\"item\":\"https:\/\/www.mundoagropecuario.cl\/new\/\"},{\"@type\":\"ListItem\",\"position\":2,\"name\":\"Agricultores: Se acerca plazo para registrar cultivos de papa\"}]},{\"@type\":\"WebSite\",\"@id\":\"https:\/\/www.mundoagropecuario.cl\/new\/#website\",\"url\":\"https:\/\/www.mundoagropecuario.cl\/new\/\",\"name\":\"Mundoagropecuario\",\"description\":\"Mundo Agropecuario\",\"publisher\":{\"@id\":\"https:\/\/www.mundoagropecuario.cl\/new\/#organization\"},\"potentialAction\":[{\"@type\":\"SearchAction\",\"target\":{\"@type\":\"EntryPoint\",\"urlTemplate\":\"https:\/\/www.mundoagropecuario.cl\/new\/?s={search_term_string}\"},\"query-input\":{\"@type\":\"PropertyValueSpecification\",\"valueRequired\":true,\"valueName\":\"search_term_string\"}}],\"inLanguage\":\"es\"},{\"@type\":\"Organization\",\"@id\":\"https:\/\/www.mundoagropecuario.cl\/new\/#organization\",\"name\":\"Revista de Agricultura\",\"url\":\"https:\/\/www.mundoagropecuario.cl\/new\/\",\"logo\":{\"@type\":\"ImageObject\",\"inLanguage\":\"es\",\"@id\":\"https:\/\/www.mundoagropecuario.cl\/new\/#\/schema\/logo\/image\/\",\"url\":\"https:\/\/www.mundoagropecuario.cl\/new\/wp-content\/uploads\/2020\/11\/PORTAL-1-1.png\",\"contentUrl\":\"https:\/\/www.mundoagropecuario.cl\/new\/wp-content\/uploads\/2020\/11\/PORTAL-1-1.png\",\"width\":1026,\"height\":100,\"caption\":\"Revista de Agricultura\"},\"image\":{\"@id\":\"https:\/\/www.mundoagropecuario.cl\/new\/#\/schema\/logo\/image\/\"},\"sameAs\":[\"https:\/\/www.facebook.com\/mundo.agropecuario.3\",\"https:\/\/x.com\/MundoAgropecuar\",\"https:\/\/www.linkedin.com\/in\/mundo-agropecuario-934009201\/\"]},{\"@type\":\"Person\",\"@id\":\"https:\/\/www.mundoagropecuario.cl\/new\/#\/schema\/person\/4e9f74a82a7dac260eb1c44b7eebeb18\",\"name\":\"mundo\",\"url\":\"https:\/\/www.mundoagropecuario.cl\/new\/author\/mundo\/\"}]}<\/script>\n<!-- \/ Yoast SEO plugin. -->","yoast_head_json":{"title":"Agricultores: Se acerca plazo para registrar cultivos de papa - Mundoagropecuario","description":"El objetivo del registro del SAG es conocer donde est\u00e1n las siembras y as\u00ed vigilar la sanidad de los cultivos.","robots":{"index":"index","follow":"follow","max-snippet":"max-snippet:-1","max-image-preview":"max-image-preview:large","max-video-preview":"max-video-preview:-1"},"canonical":"https:\/\/www.mundoagropecuario.cl\/new\/agricultores-se-acerca-plazo-para-registrar-cultivos-de-papa\/","og_locale":"es_ES","og_type":"article","og_title":"Agricultores: Se acerca plazo para registrar cultivos de papa - Mundoagropecuario","og_description":"El objetivo del registro del SAG es conocer donde est\u00e1n las siembras y as\u00ed vigilar la sanidad de los cultivos.","og_url":"https:\/\/www.mundoagropecuario.cl\/new\/agricultores-se-acerca-plazo-para-registrar-cultivos-de-papa\/","og_site_name":"Mundoagropecuario","article_publisher":"https:\/\/www.facebook.com\/mundo.agropecuario.3","article_published_time":"2024-12-20T13:06:32+00:00","article_modified_time":"2024-12-23T14:04:48+00:00","og_image":[{"width":720,"height":384,"url":"https:\/\/www.mundoagropecuario.cl\/new\/wp-content\/uploads\/2024\/12\/Plantilla-estandar-mundo-acuicola-35-scaled.jpg","type":"image\/jpeg"}],"author":"mundo","twitter_card":"summary_large_image","twitter_creator":"@MundoAgropecuar","twitter_site":"@MundoAgropecuar","twitter_misc":{"Escrito por":"mundo","Tiempo de lectura":"4 minutos"},"schema":{"@context":"https:\/\/schema.org","@graph":[{"@type":"Article","@id":"https:\/\/www.mundoagropecuario.cl\/new\/agricultores-se-acerca-plazo-para-registrar-cultivos-de-papa\/#article","isPartOf":{"@id":"https:\/\/www.mundoagropecuario.cl\/new\/agricultores-se-acerca-plazo-para-registrar-cultivos-de-papa\/"},"author":{"name":"mundo","@id":"https:\/\/www.mundoagropecuario.cl\/new\/#\/schema\/person\/4e9f74a82a7dac260eb1c44b7eebeb18"},"headline":"Agricultores: Se acerca plazo para registrar cultivos de papa","datePublished":"2024-12-20T13:06:32+00:00","dateModified":"2024-12-23T14:04:48+00:00","mainEntityOfPage":{"@id":"https:\/\/www.mundoagropecuario.cl\/new\/agricultores-se-acerca-plazo-para-registrar-cultivos-de-papa\/"},"wordCount":690,"publisher":{"@id":"https:\/\/www.mundoagropecuario.cl\/new\/#organization"},"image":{"@id":"https:\/\/www.mundoagropecuario.cl\/new\/agricultores-se-acerca-plazo-para-registrar-cultivos-de-papa\/#primaryimage"},"thumbnailUrl":"https:\/\/www.mundoagropecuario.cl\/new\/wp-content\/uploads\/2024\/12\/Plantilla-estandar-mundo-acuicola-35-scaled.jpg","keywords":["agricultores Los Lagos","Agricultura","cultivo de papas","Indap","normativa SAG","Papas","plagas","Prodesal","Producci\u00f3n de Papas","SAG","Servicio Agr\u00edcola y Ganadero"],"articleSection":["Noticias"],"inLanguage":"es"},{"@type":"WebPage","@id":"https:\/\/www.mundoagropecuario.cl\/new\/agricultores-se-acerca-plazo-para-registrar-cultivos-de-papa\/","url":"https:\/\/www.mundoagropecuario.cl\/new\/agricultores-se-acerca-plazo-para-registrar-cultivos-de-papa\/","name":"Agricultores: Se acerca plazo para registrar cultivos de papa - Mundoagropecuario","isPartOf":{"@id":"https:\/\/www.mundoagropecuario.cl\/new\/#website"},"primaryImageOfPage":{"@id":"https:\/\/www.mundoagropecuario.cl\/new\/agricultores-se-acerca-plazo-para-registrar-cultivos-de-papa\/#primaryimage"},"image":{"@id":"https:\/\/www.mundoagropecuario.cl\/new\/agricultores-se-acerca-plazo-para-registrar-cultivos-de-papa\/#primaryimage"},"thumbnailUrl":"https:\/\/www.mundoagropecuario.cl\/new\/wp-content\/uploads\/2024\/12\/Plantilla-estandar-mundo-acuicola-35-scaled.jpg","datePublished":"2024-12-20T13:06:32+00:00","dateModified":"2024-12-23T14:04:48+00:00","description":"El objetivo del registro del SAG es conocer donde est\u00e1n las siembras y as\u00ed vigilar la sanidad de los cultivos.","breadcrumb":{"@id":"https:\/\/www.mundoagropecuario.cl\/new\/agricultores-se-acerca-plazo-para-registrar-cultivos-de-papa\/#breadcrumb"},"inLanguage":"es","potentialAction":[{"@type":"ReadAction","target":["https:\/\/www.mundoagropecuario.cl\/new\/agricultores-se-acerca-plazo-para-registrar-cultivos-de-papa\/"]}]},{"@type":"ImageObject","inLanguage":"es","@id":"https:\/\/www.mundoagropecuario.cl\/new\/agricultores-se-acerca-plazo-para-registrar-cultivos-de-papa\/#primaryimage","url":"https:\/\/www.mundoagropecuario.cl\/new\/wp-content\/uploads\/2024\/12\/Plantilla-estandar-mundo-acuicola-35-scaled.jpg","contentUrl":"https:\/\/www.mundoagropecuario.cl\/new\/wp-content\/uploads\/2024\/12\/Plantilla-estandar-mundo-acuicola-35-scaled.jpg","width":720,"height":384},{"@type":"BreadcrumbList","@id":"https:\/\/www.mundoagropecuario.cl\/new\/agricultores-se-acerca-plazo-para-registrar-cultivos-de-papa\/#breadcrumb","itemListElement":[{"@type":"ListItem","position":1,"name":"Portada","item":"https:\/\/www.mundoagropecuario.cl\/new\/"},{"@type":"ListItem","position":2,"name":"Agricultores: Se acerca plazo para registrar cultivos de papa"}]},{"@type":"WebSite","@id":"https:\/\/www.mundoagropecuario.cl\/new\/#website","url":"https:\/\/www.mundoagropecuario.cl\/new\/","name":"Mundoagropecuario","description":"Mundo Agropecuario","publisher":{"@id":"https:\/\/www.mundoagropecuario.cl\/new\/#organization"},"potentialAction":[{"@type":"SearchAction","target":{"@type":"EntryPoint","urlTemplate":"https:\/\/www.mundoagropecuario.cl\/new\/?s={search_term_string}"},"query-input":{"@type":"PropertyValueSpecification","valueRequired":true,"valueName":"search_term_string"}}],"inLanguage":"es"},{"@type":"Organization","@id":"https:\/\/www.mundoagropecuario.cl\/new\/#organization","name":"Revista de Agricultura","url":"https:\/\/www.mundoagropecuario.cl\/new\/","logo":{"@type":"ImageObject","inLanguage":"es","@id":"https:\/\/www.mundoagropecuario.cl\/new\/#\/schema\/logo\/image\/","url":"https:\/\/www.mundoagropecuario.cl\/new\/wp-content\/uploads\/2020\/11\/PORTAL-1-1.png","contentUrl":"https:\/\/www.mundoagropecuario.cl\/new\/wp-content\/uploads\/2020\/11\/PORTAL-1-1.png","width":1026,"height":100,"caption":"Revista de Agricultura"},"image":{"@id":"https:\/\/www.mundoagropecuario.cl\/new\/#\/schema\/logo\/image\/"},"sameAs":["https:\/\/www.facebook.com\/mundo.agropecuario.3","https:\/\/x.com\/MundoAgropecuar","https:\/\/www.linkedin.com\/in\/mundo-agropecuario-934009201\/"]},{"@type":"Person","@id":"https:\/\/www.mundoagropecuario.cl\/new\/#\/schema\/person\/4e9f74a82a7dac260eb1c44b7eebeb18","name":"mundo","url":"https:\/\/www.mundoagropecuario.cl\/new\/author\/mundo\/"}]}},"_links":{"self":[{"href":"https:\/\/www.mundoagropecuario.cl\/new\/wp-json\/wp\/v2\/posts\/26085","targetHints":{"allow":["GET"]}}],"collection":[{"href":"https:\/\/www.mundoagropecuario.cl\/new\/wp-json\/wp\/v2\/posts"}],"about":[{"href":"https:\/\/www.mundoagropecuario.cl\/new\/wp-json\/wp\/v2\/types\/post"}],"author":[{"embeddable":true,"href":"https:\/\/www.mundoagropecuario.cl\/new\/wp-json\/wp\/v2\/users\/2"}],"replies":[{"embeddable":true,"href":"https:\/\/www.mundoagropecuario.cl\/new\/wp-json\/wp\/v2\/comments?post=26085"}],"version-history":[{"count":2,"href":"https:\/\/www.mundoagropecuario.cl\/new\/wp-json\/wp\/v2\/posts\/26085\/revisions"}],"predecessor-version":[{"id":26117,"href":"https:\/\/www.mundoagropecuario.cl\/new\/wp-json\/wp\/v2\/posts\/26085\/revisions\/26117"}],"wp:featuredmedia":[{"embeddable":true,"href":"https:\/\/www.mundoagropecuario.cl\/new\/wp-json\/wp\/v2\/media\/26086"}],"wp:attachment":[{"href":"https:\/\/www.mundoagropecuario.cl\/new\/wp-json\/wp\/v2\/media?parent=26085"}],"wp:term":[{"taxonomy":"category","embeddable":true,"href":"https:\/\/www.mundoagropecuario.cl\/new\/wp-json\/wp\/v2\/categories?post=26085"},{"taxonomy":"post_tag","embeddable":true,"href":"https:\/\/www.mundoagropecuario.cl\/new\/wp-json\/wp\/v2\/tags?post=26085"}],"curies":[{"name":"wp","href":"https:\/\/api.w.org\/{rel}","templated":true}]}}