{"id":26051,"date":"2024-12-18T12:15:15","date_gmt":"2024-12-18T15:15:15","guid":{"rendered":"https:\/\/www.mundoagropecuario.cl\/new\/?p=26051"},"modified":"2024-12-19T12:37:07","modified_gmt":"2024-12-19T15:37:07","slug":"prochile-prepara-mas-de-470-actividades-en-55-paises-para-2025","status":"publish","type":"post","link":"https:\/\/www.mundoagropecuario.cl\/new\/prochile-prepara-mas-de-470-actividades-en-55-paises-para-2025\/","title":{"rendered":"ProChile prepara m\u00e1s de 470 actividades en 55 pa\u00edses para 2025"},"content":{"rendered":"<p>El director general de <a href=\"https:\/\/www.prochile.gob.cl\/\">ProChile<\/a>, Ignacio Fern\u00e1ndez, present\u00f3 ante gremios y asociaciones de exportadores la estrategia y planificaci\u00f3n de promoci\u00f3n de <strong>exportaciones para el 2025<\/strong>. El objetivo de la\u00a0 instituci\u00f3n es aumentar la participaci\u00f3n de Pymes en el comercio internacional e impulsar la diversificaci\u00f3n de productos, servicios y mercados de destino. Asimismo, seguir aumentando la satisfacci\u00f3n de las usuarias y usuarios, a trav\u00e9s de un servicio m\u00e1s focalizado.<\/p>\n<p>En total, para 2025 la instituci\u00f3n ha preparado una agenda de <strong>475 actividades en 55 mercados<\/strong> para 44 subsectores exportadores. Una planificaci\u00f3n que recoge los lineamientos del Gobierno, de la Canciller\u00eda, de la Subsecretar\u00eda de Relaciones Econ\u00f3micas Internacionales y los objetivos estrat\u00e9gicos de ProChile, entre ellos seguir impulsado la diversificaci\u00f3n de mercados y env\u00edos.<\/p>\n<p>Entre las principales actividades planificadas por ProChile a nivel internacional, se encuentran\u00a0un evento de alto impacto en India, en el marco de la visita presidencial a ese pa\u00eds en abril pr\u00f3ximo; la d\u00e9cima versi\u00f3n de Chile Week China; un encuentro de negocios con las econom\u00edas que integran la Asociaci\u00f3n de Naciones de Asia Suroriental (ASEAN), y eventos de alto impacto en Emiratos \u00c1rabes Unidos y Estados Unidos. Estos se suman a la participaci\u00f3n de Chile en la Expo Universial en Osaka, Jap\u00f3n,\u00a0la cual coordina ProChile junto al sector p\u00fablico y privado.<\/p>\n<p>Asimismo, la entidad apoyar\u00e1 la presencia de empresas nacionales en 42 ferias internacionales de diferentes sectores productivos.<\/p>\n<h3>Pymes y diversificaci\u00f3n<\/h3>\n<p><a href=\"https:\/\/www.mundoagropecuario.cl\/new\/wp-content\/uploads\/2024\/12\/54209495277_6b45b6ca01_k-scaled.jpg\"><img loading=\"lazy\" decoding=\"async\" class=\"alignleft wp-image-26054 size-large\" src=\"https:\/\/www.mundoagropecuario.cl\/new\/wp-content\/uploads\/2024\/12\/54209495277_6b45b6ca01_k-600x400.jpg\" alt=\"\" width=\"600\" height=\"400\" srcset=\"https:\/\/www.mundoagropecuario.cl\/new\/wp-content\/uploads\/2024\/12\/54209495277_6b45b6ca01_k-scaled.jpg 600w, https:\/\/www.mundoagropecuario.cl\/new\/wp-content\/uploads\/2024\/12\/54209495277_6b45b6ca01_k-200x133.jpg 200w, https:\/\/www.mundoagropecuario.cl\/new\/wp-content\/uploads\/2024\/12\/54209495277_6b45b6ca01_k-768x512.jpg 768w, https:\/\/www.mundoagropecuario.cl\/new\/wp-content\/uploads\/2024\/12\/54209495277_6b45b6ca01_k-1536x1024.jpg 1536w\" sizes=\"auto, (max-width: 600px) 100vw, 600px\" \/><\/a>&#8220;En 2025 seguiremos poniendo el foco en la internacionalizaci\u00f3n de las Pymes, buscando que m\u00e1s empresas participen en el comercio exterior (&#8230;) y tambi\u00e9n en potenciar la diversificaci\u00f3n de productos, servicios y mercados de destino, para hacer crecer las exportaciones no cobre, no litio&#8221;, manifest\u00f3 Fern\u00e1ndez en el evento, en el que tambi\u00e9n estuvo presente la subsecretaria de Relaciones Econ\u00f3micas Internacionales, Claudia Sanhueza.<\/p>\n<p>El diretor general de ProChile agreg\u00f3 que &#8220;esta planificaci\u00f3n es fruto de una coordinaci\u00f3n p\u00fablico-privada en que ProChile articul\u00f3 la participaci\u00f3n de 61 gremios de todos los sectores productivos, lo que nos permiti\u00f3 informarnos, recibir comentarios y hacer ajustes. Sin duda, fue un trabajo arduo, pero virtuoso&#8221;.<\/p>\n<p>En el pa\u00eds, la instituci\u00f3n planifica dos grandes encuentros exportadores, Enexpros, con los que traer\u00e1 empresas extranjeras a participar de ruedas de negocio con contrapartes nacionales: uno enfocado en agro &amp; alimentos y otro en empresas proveedores de bienes y tecnolog\u00edas para industrias clave, como la miner\u00eda, acuicultura y agro.<\/p>\n<p>A esto se suman casi un centenar de concursos, visitas a ferias internacionales, instancias de exhibici\u00f3n de oferta exportable, capacitaciones para las empresas y otras instancias que buscan impulsar la internacionalizaci\u00f3n de los bienes y servicios chilenos.<\/p>\n<h3>Resultados 2024<\/h3>\n<p>A lo largo del a\u00f1o que termina, ProChile entreg\u00f3 apoyo a 5.457 empresas en todo el pa\u00eds, de las cuales 2.484 exportan sus bienes y servicios. En esa cifra hay 630 empresas que exportaron por primera vez en 2024 o que reactivaron sus env\u00edos internacionales tras tres a\u00f1os.<\/p>\n<p>Asimismo, la entidad estima que las actividades comerciales que organiz\u00f3 durante el a\u00f1o permiten proyectar negocios por cerca de US$ 1.167 millones. En total, articul\u00f3 m\u00e1s de 3.800 reuniones de negocios en que participaron 900 empresas nacionales con unas 1.060 contrapartes del extranjero.<\/p>\n","protected":false},"excerpt":{"rendered":"<p>El calendario incluye eventos en Asia, Medio Oriente y Estados Unidos, y la participaci\u00f3n de Chile en la Expo Universal Osaka.<\/p>\n","protected":false},"author":2,"featured_media":26053,"comment_status":"closed","ping_status":"closed","sticky":false,"template":"","format":"standard","meta":{"footnotes":""},"categories":[126],"tags":[9368,9367,9369,9248,9371,2751,9370,516,9366,1105,855,8648,601,9365],"class_list":["post-26051","post","type-post","status-publish","format-standard","has-post-thumbnail","hentry","category-noticias","tag-agroexportaciones","tag-asean","tag-bienes-y-tecnologias","tag-chile-week-china","tag-coordinacion-publico-privada","tag-emiratos-arabes-unidos","tag-enexpros","tag-estados-unidos","tag-expo-universal-osaka","tag-exportaciones","tag-india","tag-mercados","tag-prochile","tag-pymes-exportadoras"],"yoast_head":"<!-- This site is optimized with the Yoast SEO plugin v26.6 - https:\/\/yoast.com\/wordpress\/plugins\/seo\/ -->\n<title>ProChile prepara m\u00e1s de 470 actividades en 55 pa\u00edses para 2025 - Mundoagropecuario<\/title>\n<meta name=\"description\" content=\"El calendario incluye eventos en Asia, Medio Oriente y Estados Unidos, y la participaci\u00f3n de Chile en la Expo Universal Osaka.\" \/>\n<meta name=\"robots\" content=\"index, follow, max-snippet:-1, max-image-preview:large, max-video-preview:-1\" \/>\n<link rel=\"canonical\" href=\"https:\/\/www.mundoagropecuario.cl\/new\/prochile-prepara-mas-de-470-actividades-en-55-paises-para-2025\/\" \/>\n<meta property=\"og:locale\" content=\"es_ES\" \/>\n<meta property=\"og:type\" content=\"article\" \/>\n<meta property=\"og:title\" content=\"ProChile prepara m\u00e1s de 470 actividades en 55 pa\u00edses para 2025 - Mundoagropecuario\" \/>\n<meta property=\"og:description\" content=\"El calendario incluye eventos en Asia, Medio Oriente y Estados Unidos, y la participaci\u00f3n de Chile en la Expo Universal Osaka.\" \/>\n<meta property=\"og:url\" content=\"https:\/\/www.mundoagropecuario.cl\/new\/prochile-prepara-mas-de-470-actividades-en-55-paises-para-2025\/\" \/>\n<meta property=\"og:site_name\" content=\"Mundoagropecuario\" \/>\n<meta property=\"article:publisher\" content=\"https:\/\/www.facebook.com\/mundo.agropecuario.3\" \/>\n<meta property=\"article:published_time\" content=\"2024-12-18T15:15:15+00:00\" \/>\n<meta property=\"article:modified_time\" content=\"2024-12-19T15:37:07+00:00\" \/>\n<meta property=\"og:image\" content=\"https:\/\/www.mundoagropecuario.cl\/new\/wp-content\/uploads\/2024\/12\/Plantilla-estandar-mundo-acuicola-28-scaled.jpg\" \/>\n\t<meta property=\"og:image:width\" content=\"720\" \/>\n\t<meta property=\"og:image:height\" content=\"384\" \/>\n\t<meta property=\"og:image:type\" content=\"image\/jpeg\" \/>\n<meta name=\"author\" content=\"mundo\" \/>\n<meta name=\"twitter:card\" content=\"summary_large_image\" \/>\n<meta name=\"twitter:creator\" content=\"@MundoAgropecuar\" \/>\n<meta name=\"twitter:site\" content=\"@MundoAgropecuar\" \/>\n<meta name=\"twitter:label1\" content=\"Escrito por\" \/>\n\t<meta name=\"twitter:data1\" content=\"mundo\" \/>\n\t<meta name=\"twitter:label2\" content=\"Tiempo de lectura\" \/>\n\t<meta name=\"twitter:data2\" content=\"3 minutos\" \/>\n<script type=\"application\/ld+json\" class=\"yoast-schema-graph\">{\"@context\":\"https:\/\/schema.org\",\"@graph\":[{\"@type\":\"Article\",\"@id\":\"https:\/\/www.mundoagropecuario.cl\/new\/prochile-prepara-mas-de-470-actividades-en-55-paises-para-2025\/#article\",\"isPartOf\":{\"@id\":\"https:\/\/www.mundoagropecuario.cl\/new\/prochile-prepara-mas-de-470-actividades-en-55-paises-para-2025\/\"},\"author\":{\"name\":\"mundo\",\"@id\":\"https:\/\/www.mundoagropecuario.cl\/new\/#\/schema\/person\/4e9f74a82a7dac260eb1c44b7eebeb18\"},\"headline\":\"ProChile prepara m\u00e1s de 470 actividades en 55 pa\u00edses para 2025\",\"datePublished\":\"2024-12-18T15:15:15+00:00\",\"dateModified\":\"2024-12-19T15:37:07+00:00\",\"mainEntityOfPage\":{\"@id\":\"https:\/\/www.mundoagropecuario.cl\/new\/prochile-prepara-mas-de-470-actividades-en-55-paises-para-2025\/\"},\"wordCount\":567,\"publisher\":{\"@id\":\"https:\/\/www.mundoagropecuario.cl\/new\/#organization\"},\"image\":{\"@id\":\"https:\/\/www.mundoagropecuario.cl\/new\/prochile-prepara-mas-de-470-actividades-en-55-paises-para-2025\/#primaryimage\"},\"thumbnailUrl\":\"https:\/\/www.mundoagropecuario.cl\/new\/wp-content\/uploads\/2024\/12\/Plantilla-estandar-mundo-acuicola-28-scaled.jpg\",\"keywords\":[\"agroexportaciones\",\"ASEAN\",\"bienes y tecnolog\u00edas\",\"Chile Week China\",\"coordinaci\u00f3n p\u00fablico-privada\",\"Emiratos \u00c1rabes Unidos\",\"Enexpros\",\"Estados Unidos\",\"Expo Universal Osaka\",\"Exportaciones\",\"India\",\"Mercados\",\"ProChile\",\"Pymes exportadoras\"],\"articleSection\":[\"Noticias\"],\"inLanguage\":\"es\"},{\"@type\":\"WebPage\",\"@id\":\"https:\/\/www.mundoagropecuario.cl\/new\/prochile-prepara-mas-de-470-actividades-en-55-paises-para-2025\/\",\"url\":\"https:\/\/www.mundoagropecuario.cl\/new\/prochile-prepara-mas-de-470-actividades-en-55-paises-para-2025\/\",\"name\":\"ProChile prepara m\u00e1s de 470 actividades en 55 pa\u00edses para 2025 - Mundoagropecuario\",\"isPartOf\":{\"@id\":\"https:\/\/www.mundoagropecuario.cl\/new\/#website\"},\"primaryImageOfPage\":{\"@id\":\"https:\/\/www.mundoagropecuario.cl\/new\/prochile-prepara-mas-de-470-actividades-en-55-paises-para-2025\/#primaryimage\"},\"image\":{\"@id\":\"https:\/\/www.mundoagropecuario.cl\/new\/prochile-prepara-mas-de-470-actividades-en-55-paises-para-2025\/#primaryimage\"},\"thumbnailUrl\":\"https:\/\/www.mundoagropecuario.cl\/new\/wp-content\/uploads\/2024\/12\/Plantilla-estandar-mundo-acuicola-28-scaled.jpg\",\"datePublished\":\"2024-12-18T15:15:15+00:00\",\"dateModified\":\"2024-12-19T15:37:07+00:00\",\"description\":\"El calendario incluye eventos en Asia, Medio Oriente y Estados Unidos, y la participaci\u00f3n de Chile en la Expo Universal Osaka.\",\"breadcrumb\":{\"@id\":\"https:\/\/www.mundoagropecuario.cl\/new\/prochile-prepara-mas-de-470-actividades-en-55-paises-para-2025\/#breadcrumb\"},\"inLanguage\":\"es\",\"potentialAction\":[{\"@type\":\"ReadAction\",\"target\":[\"https:\/\/www.mundoagropecuario.cl\/new\/prochile-prepara-mas-de-470-actividades-en-55-paises-para-2025\/\"]}]},{\"@type\":\"ImageObject\",\"inLanguage\":\"es\",\"@id\":\"https:\/\/www.mundoagropecuario.cl\/new\/prochile-prepara-mas-de-470-actividades-en-55-paises-para-2025\/#primaryimage\",\"url\":\"https:\/\/www.mundoagropecuario.cl\/new\/wp-content\/uploads\/2024\/12\/Plantilla-estandar-mundo-acuicola-28-scaled.jpg\",\"contentUrl\":\"https:\/\/www.mundoagropecuario.cl\/new\/wp-content\/uploads\/2024\/12\/Plantilla-estandar-mundo-acuicola-28-scaled.jpg\",\"width\":720,\"height\":384},{\"@type\":\"BreadcrumbList\",\"@id\":\"https:\/\/www.mundoagropecuario.cl\/new\/prochile-prepara-mas-de-470-actividades-en-55-paises-para-2025\/#breadcrumb\",\"itemListElement\":[{\"@type\":\"ListItem\",\"position\":1,\"name\":\"Portada\",\"item\":\"https:\/\/www.mundoagropecuario.cl\/new\/\"},{\"@type\":\"ListItem\",\"position\":2,\"name\":\"ProChile prepara m\u00e1s de 470 actividades en 55 pa\u00edses para 2025\"}]},{\"@type\":\"WebSite\",\"@id\":\"https:\/\/www.mundoagropecuario.cl\/new\/#website\",\"url\":\"https:\/\/www.mundoagropecuario.cl\/new\/\",\"name\":\"Mundoagropecuario\",\"description\":\"Mundo Agropecuario\",\"publisher\":{\"@id\":\"https:\/\/www.mundoagropecuario.cl\/new\/#organization\"},\"potentialAction\":[{\"@type\":\"SearchAction\",\"target\":{\"@type\":\"EntryPoint\",\"urlTemplate\":\"https:\/\/www.mundoagropecuario.cl\/new\/?s={search_term_string}\"},\"query-input\":{\"@type\":\"PropertyValueSpecification\",\"valueRequired\":true,\"valueName\":\"search_term_string\"}}],\"inLanguage\":\"es\"},{\"@type\":\"Organization\",\"@id\":\"https:\/\/www.mundoagropecuario.cl\/new\/#organization\",\"name\":\"Revista de Agricultura\",\"url\":\"https:\/\/www.mundoagropecuario.cl\/new\/\",\"logo\":{\"@type\":\"ImageObject\",\"inLanguage\":\"es\",\"@id\":\"https:\/\/www.mundoagropecuario.cl\/new\/#\/schema\/logo\/image\/\",\"url\":\"https:\/\/www.mundoagropecuario.cl\/new\/wp-content\/uploads\/2020\/11\/PORTAL-1-1.png\",\"contentUrl\":\"https:\/\/www.mundoagropecuario.cl\/new\/wp-content\/uploads\/2020\/11\/PORTAL-1-1.png\",\"width\":1026,\"height\":100,\"caption\":\"Revista de Agricultura\"},\"image\":{\"@id\":\"https:\/\/www.mundoagropecuario.cl\/new\/#\/schema\/logo\/image\/\"},\"sameAs\":[\"https:\/\/www.facebook.com\/mundo.agropecuario.3\",\"https:\/\/x.com\/MundoAgropecuar\",\"https:\/\/www.linkedin.com\/in\/mundo-agropecuario-934009201\/\"]},{\"@type\":\"Person\",\"@id\":\"https:\/\/www.mundoagropecuario.cl\/new\/#\/schema\/person\/4e9f74a82a7dac260eb1c44b7eebeb18\",\"name\":\"mundo\",\"url\":\"https:\/\/www.mundoagropecuario.cl\/new\/author\/mundo\/\"}]}<\/script>\n<!-- \/ Yoast SEO plugin. -->","yoast_head_json":{"title":"ProChile prepara m\u00e1s de 470 actividades en 55 pa\u00edses para 2025 - Mundoagropecuario","description":"El calendario incluye eventos en Asia, Medio Oriente y Estados Unidos, y la participaci\u00f3n de Chile en la Expo Universal Osaka.","robots":{"index":"index","follow":"follow","max-snippet":"max-snippet:-1","max-image-preview":"max-image-preview:large","max-video-preview":"max-video-preview:-1"},"canonical":"https:\/\/www.mundoagropecuario.cl\/new\/prochile-prepara-mas-de-470-actividades-en-55-paises-para-2025\/","og_locale":"es_ES","og_type":"article","og_title":"ProChile prepara m\u00e1s de 470 actividades en 55 pa\u00edses para 2025 - Mundoagropecuario","og_description":"El calendario incluye eventos en Asia, Medio Oriente y Estados Unidos, y la participaci\u00f3n de Chile en la Expo Universal Osaka.","og_url":"https:\/\/www.mundoagropecuario.cl\/new\/prochile-prepara-mas-de-470-actividades-en-55-paises-para-2025\/","og_site_name":"Mundoagropecuario","article_publisher":"https:\/\/www.facebook.com\/mundo.agropecuario.3","article_published_time":"2024-12-18T15:15:15+00:00","article_modified_time":"2024-12-19T15:37:07+00:00","og_image":[{"width":720,"height":384,"url":"https:\/\/www.mundoagropecuario.cl\/new\/wp-content\/uploads\/2024\/12\/Plantilla-estandar-mundo-acuicola-28-scaled.jpg","type":"image\/jpeg"}],"author":"mundo","twitter_card":"summary_large_image","twitter_creator":"@MundoAgropecuar","twitter_site":"@MundoAgropecuar","twitter_misc":{"Escrito por":"mundo","Tiempo de lectura":"3 minutos"},"schema":{"@context":"https:\/\/schema.org","@graph":[{"@type":"Article","@id":"https:\/\/www.mundoagropecuario.cl\/new\/prochile-prepara-mas-de-470-actividades-en-55-paises-para-2025\/#article","isPartOf":{"@id":"https:\/\/www.mundoagropecuario.cl\/new\/prochile-prepara-mas-de-470-actividades-en-55-paises-para-2025\/"},"author":{"name":"mundo","@id":"https:\/\/www.mundoagropecuario.cl\/new\/#\/schema\/person\/4e9f74a82a7dac260eb1c44b7eebeb18"},"headline":"ProChile prepara m\u00e1s de 470 actividades en 55 pa\u00edses para 2025","datePublished":"2024-12-18T15:15:15+00:00","dateModified":"2024-12-19T15:37:07+00:00","mainEntityOfPage":{"@id":"https:\/\/www.mundoagropecuario.cl\/new\/prochile-prepara-mas-de-470-actividades-en-55-paises-para-2025\/"},"wordCount":567,"publisher":{"@id":"https:\/\/www.mundoagropecuario.cl\/new\/#organization"},"image":{"@id":"https:\/\/www.mundoagropecuario.cl\/new\/prochile-prepara-mas-de-470-actividades-en-55-paises-para-2025\/#primaryimage"},"thumbnailUrl":"https:\/\/www.mundoagropecuario.cl\/new\/wp-content\/uploads\/2024\/12\/Plantilla-estandar-mundo-acuicola-28-scaled.jpg","keywords":["agroexportaciones","ASEAN","bienes y tecnolog\u00edas","Chile Week China","coordinaci\u00f3n p\u00fablico-privada","Emiratos \u00c1rabes Unidos","Enexpros","Estados Unidos","Expo Universal Osaka","Exportaciones","India","Mercados","ProChile","Pymes exportadoras"],"articleSection":["Noticias"],"inLanguage":"es"},{"@type":"WebPage","@id":"https:\/\/www.mundoagropecuario.cl\/new\/prochile-prepara-mas-de-470-actividades-en-55-paises-para-2025\/","url":"https:\/\/www.mundoagropecuario.cl\/new\/prochile-prepara-mas-de-470-actividades-en-55-paises-para-2025\/","name":"ProChile prepara m\u00e1s de 470 actividades en 55 pa\u00edses para 2025 - Mundoagropecuario","isPartOf":{"@id":"https:\/\/www.mundoagropecuario.cl\/new\/#website"},"primaryImageOfPage":{"@id":"https:\/\/www.mundoagropecuario.cl\/new\/prochile-prepara-mas-de-470-actividades-en-55-paises-para-2025\/#primaryimage"},"image":{"@id":"https:\/\/www.mundoagropecuario.cl\/new\/prochile-prepara-mas-de-470-actividades-en-55-paises-para-2025\/#primaryimage"},"thumbnailUrl":"https:\/\/www.mundoagropecuario.cl\/new\/wp-content\/uploads\/2024\/12\/Plantilla-estandar-mundo-acuicola-28-scaled.jpg","datePublished":"2024-12-18T15:15:15+00:00","dateModified":"2024-12-19T15:37:07+00:00","description":"El calendario incluye eventos en Asia, Medio Oriente y Estados Unidos, y la participaci\u00f3n de Chile en la Expo Universal Osaka.","breadcrumb":{"@id":"https:\/\/www.mundoagropecuario.cl\/new\/prochile-prepara-mas-de-470-actividades-en-55-paises-para-2025\/#breadcrumb"},"inLanguage":"es","potentialAction":[{"@type":"ReadAction","target":["https:\/\/www.mundoagropecuario.cl\/new\/prochile-prepara-mas-de-470-actividades-en-55-paises-para-2025\/"]}]},{"@type":"ImageObject","inLanguage":"es","@id":"https:\/\/www.mundoagropecuario.cl\/new\/prochile-prepara-mas-de-470-actividades-en-55-paises-para-2025\/#primaryimage","url":"https:\/\/www.mundoagropecuario.cl\/new\/wp-content\/uploads\/2024\/12\/Plantilla-estandar-mundo-acuicola-28-scaled.jpg","contentUrl":"https:\/\/www.mundoagropecuario.cl\/new\/wp-content\/uploads\/2024\/12\/Plantilla-estandar-mundo-acuicola-28-scaled.jpg","width":720,"height":384},{"@type":"BreadcrumbList","@id":"https:\/\/www.mundoagropecuario.cl\/new\/prochile-prepara-mas-de-470-actividades-en-55-paises-para-2025\/#breadcrumb","itemListElement":[{"@type":"ListItem","position":1,"name":"Portada","item":"https:\/\/www.mundoagropecuario.cl\/new\/"},{"@type":"ListItem","position":2,"name":"ProChile prepara m\u00e1s de 470 actividades en 55 pa\u00edses para 2025"}]},{"@type":"WebSite","@id":"https:\/\/www.mundoagropecuario.cl\/new\/#website","url":"https:\/\/www.mundoagropecuario.cl\/new\/","name":"Mundoagropecuario","description":"Mundo Agropecuario","publisher":{"@id":"https:\/\/www.mundoagropecuario.cl\/new\/#organization"},"potentialAction":[{"@type":"SearchAction","target":{"@type":"EntryPoint","urlTemplate":"https:\/\/www.mundoagropecuario.cl\/new\/?s={search_term_string}"},"query-input":{"@type":"PropertyValueSpecification","valueRequired":true,"valueName":"search_term_string"}}],"inLanguage":"es"},{"@type":"Organization","@id":"https:\/\/www.mundoagropecuario.cl\/new\/#organization","name":"Revista de Agricultura","url":"https:\/\/www.mundoagropecuario.cl\/new\/","logo":{"@type":"ImageObject","inLanguage":"es","@id":"https:\/\/www.mundoagropecuario.cl\/new\/#\/schema\/logo\/image\/","url":"https:\/\/www.mundoagropecuario.cl\/new\/wp-content\/uploads\/2020\/11\/PORTAL-1-1.png","contentUrl":"https:\/\/www.mundoagropecuario.cl\/new\/wp-content\/uploads\/2020\/11\/PORTAL-1-1.png","width":1026,"height":100,"caption":"Revista de Agricultura"},"image":{"@id":"https:\/\/www.mundoagropecuario.cl\/new\/#\/schema\/logo\/image\/"},"sameAs":["https:\/\/www.facebook.com\/mundo.agropecuario.3","https:\/\/x.com\/MundoAgropecuar","https:\/\/www.linkedin.com\/in\/mundo-agropecuario-934009201\/"]},{"@type":"Person","@id":"https:\/\/www.mundoagropecuario.cl\/new\/#\/schema\/person\/4e9f74a82a7dac260eb1c44b7eebeb18","name":"mundo","url":"https:\/\/www.mundoagropecuario.cl\/new\/author\/mundo\/"}]}},"_links":{"self":[{"href":"https:\/\/www.mundoagropecuario.cl\/new\/wp-json\/wp\/v2\/posts\/26051","targetHints":{"allow":["GET"]}}],"collection":[{"href":"https:\/\/www.mundoagropecuario.cl\/new\/wp-json\/wp\/v2\/posts"}],"about":[{"href":"https:\/\/www.mundoagropecuario.cl\/new\/wp-json\/wp\/v2\/types\/post"}],"author":[{"embeddable":true,"href":"https:\/\/www.mundoagropecuario.cl\/new\/wp-json\/wp\/v2\/users\/2"}],"replies":[{"embeddable":true,"href":"https:\/\/www.mundoagropecuario.cl\/new\/wp-json\/wp\/v2\/comments?post=26051"}],"version-history":[{"count":3,"href":"https:\/\/www.mundoagropecuario.cl\/new\/wp-json\/wp\/v2\/posts\/26051\/revisions"}],"predecessor-version":[{"id":26057,"href":"https:\/\/www.mundoagropecuario.cl\/new\/wp-json\/wp\/v2\/posts\/26051\/revisions\/26057"}],"wp:featuredmedia":[{"embeddable":true,"href":"https:\/\/www.mundoagropecuario.cl\/new\/wp-json\/wp\/v2\/media\/26053"}],"wp:attachment":[{"href":"https:\/\/www.mundoagropecuario.cl\/new\/wp-json\/wp\/v2\/media?parent=26051"}],"wp:term":[{"taxonomy":"category","embeddable":true,"href":"https:\/\/www.mundoagropecuario.cl\/new\/wp-json\/wp\/v2\/categories?post=26051"},{"taxonomy":"post_tag","embeddable":true,"href":"https:\/\/www.mundoagropecuario.cl\/new\/wp-json\/wp\/v2\/tags?post=26051"}],"curies":[{"name":"wp","href":"https:\/\/api.w.org\/{rel}","templated":true}]}}