{"id":26048,"date":"2024-12-18T11:58:24","date_gmt":"2024-12-18T14:58:24","guid":{"rendered":"https:\/\/www.mundoagropecuario.cl\/new\/?p=26048"},"modified":"2024-12-20T11:35:15","modified_gmt":"2024-12-20T14:35:15","slug":"cooperativas-del-sur-cierra-2024-con-acuerdos-y-metas-clave","status":"publish","type":"post","link":"https:\/\/www.mundoagropecuario.cl\/new\/cooperativas-del-sur-cierra-2024-con-acuerdos-y-metas-clave\/","title":{"rendered":"Cooperativas del Sur cierra 2024 con acuerdos y metas clave"},"content":{"rendered":"<p class=\"v1MsoNormal\">Esta semana se llev\u00f3 a cabo la \u00faltima reuni\u00f3n de directorio del a\u00f1o 2024 de la Asociaci\u00f3n Gremial de Cooperativas del Sur. Durante la jornada, se presentaron los resultados e impacto del trabajo realizado durante 2024, destac\u00e1ndose avances en la implementaci\u00f3n de proyectos asociativos, el fortalecimiento de las cooperativas miembros y el impulso a la sostenibilidad como eje estrat\u00e9gico.<\/p>\n<p class=\"v1MsoNormal\">Asimismo, se oficializ\u00f3 el Plan Estrat\u00e9gico y Comunicacional 2025, el cual busca consolidar alianzas, ampliar la visibilidad de las cooperativas y generar nuevos convenios para potenciar el desarrollo productivo y social de la regi\u00f3n.<\/p>\n<h3>Nuevo miembro<\/h3>\n<p class=\"v1MsoNormal\">En este contexto, uno de los hitos m\u00e1s relevantes de la sesi\u00f3n fue la votaci\u00f3n para la incorporaci\u00f3n de Campos Australes, Cooperativa Agr\u00edcola y Lechera, a la Asociaci\u00f3n Gremial de Cooperativas del Sur. Esta cooperativa, integrada por productores de las regiones de Los R\u00edos y Los Lagos, destaca por su compromiso con la asociatividad, el mejoramiento de pr\u00e1cticas productivas y la sostenibilidad de la industria l\u00e1ctea nacional, orientada a la producci\u00f3n de alimentos m\u00e1s saludables para las personas y el planeta.<\/p>\n<p class=\"v1MsoNormal\">As\u00ed, la Asociaci\u00f3n Gremial de Cooperativas del Sur qued\u00f3 conformada por Cooprel, Colun, Torrencial Lechero, CREO, Cooprinsem, Bansur, Copelec, Car \u00d1uble, Crell, Libercoop, Ganacoop, Cooperativas Campesinas de Productores Ovinos de San Juan de la Costa, New Dev, la Cooperativa de Apicultores Org\u00e1nicos de Chile, la Cooperativa Agr\u00edcola de Granos y la recientemente incorporada, Campos Australes.<\/p>\n<p class=\"v1MsoNormal\">Con este nuevo ingreso, la Asociaci\u00f3n Gremial contin\u00faa fortaleciendo su red y reafirma su misi\u00f3n de promover el desarrollo econ\u00f3mico, social y ambiental de sus asociados, fomentando la colaboraci\u00f3n y la innovaci\u00f3n en todas las \u00e1reas productivas que abarcan sus cooperativas miembros.<\/p>\n<p class=\"v1MsoNormal\">El directorio finaliz\u00f3 destacando los desaf\u00edos para 2025, con \u00e9nfasis en el compromiso de seguir construyendo un modelo de asociatividad que aporte al bienestar de las comunidades y al desarrollo sostenible del sector agropecuario.<\/p>\n<h3>Impresiones<\/h3>\n<p class=\"v1MsoNormal\">Fernando Becker, presidente de Cooperativas del Sur, destac\u00f3 que &#8220;hoy se oficializ\u00f3 definitivamente el ingreso de Campos Australes a nuestra Asociaci\u00f3n, lo que considero muy importante por la calidad de las personas que la componen. Son profesionales de primera, que est\u00e1n haciendo un aporte significativo a la regi\u00f3n al procesar cerca de 400 millones de litros de leche, lo cual es un tremendo aporte al progreso local. Si van a trabajar con nosotros, los recibimos con los brazos abiertos, porque juntos podremos lograr grandes cosas. El ingreso de Campos Australes fue aprobado de manera un\u00e1nime, y estoy convencido de que esta colaboraci\u00f3n ser\u00e1 muy positiva&#8221;.<\/p>\n<p class=\"v1MsoNormal\">Asimismo, Becker se\u00f1al\u00f3 que &#8220;este no fue un a\u00f1o f\u00e1cil, pero logramos avances importantes, como la incorporaci\u00f3n de nuevas cooperativas, lo que ha sido clave. El desaf\u00edo para el pr\u00f3ximo a\u00f1o es sumar a m\u00e1s personas y fortalecer la educaci\u00f3n cooperativa en las c\u00e1tedras universitarias e institutos tecnol\u00f3gicos, porque es fundamental para el desarrollo del pa\u00eds. Las estructuras cooperativas permiten que los ingresos generados se queden en las zonas y no se vayan a Europa, Nueva Zelanda o Santiago; eso es tremendamente relevante. Mejorar las condiciones de comercializaci\u00f3n y sacar a la gente de la pobreza tambi\u00e9n son tareas prioritarias para nosotros&#8221;.<\/p>\n<h3>Asociatividad<\/h3>\n<p class=\"v1MsoNormal\">Respecto a esta nueva incorporaci\u00f3n, Vicente Urcelay, gerente de la Cooperativa Agr\u00edcola y Lechera Campos Australes, coment\u00f3 que &#8220;es muy importante para nosotros estar presentes, porque esta asociaci\u00f3n representa a todas las cooperativas y refleja lo que llevamos en nuestro ADN: un modelo asociativo con una visi\u00f3n de largo plazo. Todos quienes formamos parte estamos convencidos de que debemos seguir fomentando el desarrollo del sur a trav\u00e9s del cooperativismo. Tenemos que ser parte y ver c\u00f3mo podemos contribuir y apoyar este proyecto&#8221;.<\/p>\n<p class=\"v1MsoNormal\">Finalmente, Crist\u00f3bal Santa Cruz, jefe de Operaciones y Proyectos de Cooperativas del Sur, destac\u00f3 que el a\u00f1o 2024 fue un per\u00edodo de intenso trabajo para la asociaci\u00f3n gremial, con dos focos estrat\u00e9gicos claves: las cooperativas y la educaci\u00f3n. &#8220;Dedicamos cerca del 80% de nuestra energ\u00eda a estos dos ejes, logrando resultados muy potentes. Impartir clases a m\u00e1s de 1.000 estudiantes en las regiones de Los R\u00edos y Los Lagos es algo que no cualquier gremio o instituci\u00f3n puede lograr, y eso nos motiva. Para el pr\u00f3ximo a\u00f1o, nuestra meta es impulsar un proyecto de mentor\u00edas para cooperativas, as\u00ed como seminarios y otras iniciativas propias que podamos desarrollar y organizar&#8221;.<\/p>\n<div><\/div>\n<div><\/div>\n","protected":false},"excerpt":{"rendered":"<p>Esta semana se llev\u00f3 a cabo la \u00faltima reuni\u00f3n de directorio del a\u00f1o 2024 de la Asociaci\u00f3n Gremial de Cooperativas del Sur. Durante la jornada, se presentaron los resultados e&#8230;<\/p>\n","protected":false},"author":2,"featured_media":26049,"comment_status":"closed","ping_status":"closed","sticky":false,"template":"","format":"standard","meta":{"footnotes":""},"categories":[1945],"tags":[2508,9362,9364,8578,3298,2332,3677,2034,2307,9361,2337,2261,2330,2336,9360,2068,9363,9359],"class_list":["post-26048","post","type-post","status-publish","format-standard","has-post-thumbnail","hentry","category-agricultura","tag-agricultura-sostenible","tag-apicultores-organicos","tag-asociacion-gremial-cooperativas-del-sur","tag-asociacion-gremial-de-cooperativas-del-sur","tag-asociatividad","tag-bansur","tag-campos-australes","tag-colun","tag-cooperativas-agricolas","tag-cooperativas-campesinas-de-productores-ovinos","tag-cooperativas-del-sur","tag-cooprinsem","tag-copelec","tag-creo","tag-desarrollo-cooperativo","tag-industria-lactea","tag-sector-agropecuario-chileno","tag-sostenibilidad-agropecuaria"],"yoast_head":"<!-- This site is optimized with the Yoast SEO plugin v26.6 - https:\/\/yoast.com\/wordpress\/plugins\/seo\/ -->\n<title>Cooperativas del Sur cierra 2024 con acuerdos y metas clave - Mundoagropecuario<\/title>\n<meta name=\"robots\" content=\"index, follow, max-snippet:-1, max-image-preview:large, max-video-preview:-1\" \/>\n<link rel=\"canonical\" href=\"https:\/\/www.mundoagropecuario.cl\/new\/cooperativas-del-sur-cierra-2024-con-acuerdos-y-metas-clave\/\" \/>\n<meta property=\"og:locale\" content=\"es_ES\" \/>\n<meta property=\"og:type\" content=\"article\" \/>\n<meta property=\"og:title\" content=\"Cooperativas del Sur cierra 2024 con acuerdos y metas clave - Mundoagropecuario\" \/>\n<meta property=\"og:description\" content=\"Esta semana se llev\u00f3 a cabo la \u00faltima reuni\u00f3n de directorio del a\u00f1o 2024 de la Asociaci\u00f3n Gremial de Cooperativas del Sur. Durante la jornada, se presentaron los resultados e...\" \/>\n<meta property=\"og:url\" content=\"https:\/\/www.mundoagropecuario.cl\/new\/cooperativas-del-sur-cierra-2024-con-acuerdos-y-metas-clave\/\" \/>\n<meta property=\"og:site_name\" content=\"Mundoagropecuario\" \/>\n<meta property=\"article:publisher\" content=\"https:\/\/www.facebook.com\/mundo.agropecuario.3\" \/>\n<meta property=\"article:published_time\" content=\"2024-12-18T14:58:24+00:00\" \/>\n<meta property=\"article:modified_time\" content=\"2024-12-20T14:35:15+00:00\" \/>\n<meta property=\"og:image\" content=\"https:\/\/www.mundoagropecuario.cl\/new\/wp-content\/uploads\/2024\/12\/Plantilla-estandar-mundo-acuicola-27-scaled.jpg\" \/>\n\t<meta property=\"og:image:width\" content=\"720\" \/>\n\t<meta property=\"og:image:height\" content=\"384\" \/>\n\t<meta property=\"og:image:type\" content=\"image\/jpeg\" \/>\n<meta name=\"author\" content=\"mundo\" \/>\n<meta name=\"twitter:card\" content=\"summary_large_image\" \/>\n<meta name=\"twitter:creator\" content=\"@MundoAgropecuar\" \/>\n<meta name=\"twitter:site\" content=\"@MundoAgropecuar\" \/>\n<meta name=\"twitter:label1\" content=\"Escrito por\" \/>\n\t<meta name=\"twitter:data1\" content=\"mundo\" \/>\n\t<meta name=\"twitter:label2\" content=\"Tiempo de lectura\" \/>\n\t<meta name=\"twitter:data2\" content=\"4 minutos\" \/>\n<script type=\"application\/ld+json\" class=\"yoast-schema-graph\">{\"@context\":\"https:\/\/schema.org\",\"@graph\":[{\"@type\":\"Article\",\"@id\":\"https:\/\/www.mundoagropecuario.cl\/new\/cooperativas-del-sur-cierra-2024-con-acuerdos-y-metas-clave\/#article\",\"isPartOf\":{\"@id\":\"https:\/\/www.mundoagropecuario.cl\/new\/cooperativas-del-sur-cierra-2024-con-acuerdos-y-metas-clave\/\"},\"author\":{\"name\":\"mundo\",\"@id\":\"https:\/\/www.mundoagropecuario.cl\/new\/#\/schema\/person\/4e9f74a82a7dac260eb1c44b7eebeb18\"},\"headline\":\"Cooperativas del Sur cierra 2024 con acuerdos y metas clave\",\"datePublished\":\"2024-12-18T14:58:24+00:00\",\"dateModified\":\"2024-12-20T14:35:15+00:00\",\"mainEntityOfPage\":{\"@id\":\"https:\/\/www.mundoagropecuario.cl\/new\/cooperativas-del-sur-cierra-2024-con-acuerdos-y-metas-clave\/\"},\"wordCount\":775,\"publisher\":{\"@id\":\"https:\/\/www.mundoagropecuario.cl\/new\/#organization\"},\"image\":{\"@id\":\"https:\/\/www.mundoagropecuario.cl\/new\/cooperativas-del-sur-cierra-2024-con-acuerdos-y-metas-clave\/#primaryimage\"},\"thumbnailUrl\":\"https:\/\/www.mundoagropecuario.cl\/new\/wp-content\/uploads\/2024\/12\/Plantilla-estandar-mundo-acuicola-27-scaled.jpg\",\"keywords\":[\"agricultura sostenible\",\"apicultores org\u00e1nicos\",\"Asociaci\u00f3n Gremial Cooperativas del Sur\",\"Asociaci\u00f3n Gremial de Cooperativas del Sur\",\"asociatividad\",\"Bansur\",\"Campos Australes\",\"Colun\",\"Cooperativas agr\u00edcolas\",\"Cooperativas Campesinas de Productores Ovinos\",\"Cooperativas del Sur\",\"Cooprinsem\",\"Copelec\",\"CREO\",\"desarrollo cooperativo\",\"Industria l\u00e1ctea\",\"sector agropecuario chileno\",\"sostenibilidad agropecuaria\"],\"articleSection\":[\"Agricultura\"],\"inLanguage\":\"es\"},{\"@type\":\"WebPage\",\"@id\":\"https:\/\/www.mundoagropecuario.cl\/new\/cooperativas-del-sur-cierra-2024-con-acuerdos-y-metas-clave\/\",\"url\":\"https:\/\/www.mundoagropecuario.cl\/new\/cooperativas-del-sur-cierra-2024-con-acuerdos-y-metas-clave\/\",\"name\":\"Cooperativas del Sur cierra 2024 con acuerdos y metas clave - Mundoagropecuario\",\"isPartOf\":{\"@id\":\"https:\/\/www.mundoagropecuario.cl\/new\/#website\"},\"primaryImageOfPage\":{\"@id\":\"https:\/\/www.mundoagropecuario.cl\/new\/cooperativas-del-sur-cierra-2024-con-acuerdos-y-metas-clave\/#primaryimage\"},\"image\":{\"@id\":\"https:\/\/www.mundoagropecuario.cl\/new\/cooperativas-del-sur-cierra-2024-con-acuerdos-y-metas-clave\/#primaryimage\"},\"thumbnailUrl\":\"https:\/\/www.mundoagropecuario.cl\/new\/wp-content\/uploads\/2024\/12\/Plantilla-estandar-mundo-acuicola-27-scaled.jpg\",\"datePublished\":\"2024-12-18T14:58:24+00:00\",\"dateModified\":\"2024-12-20T14:35:15+00:00\",\"breadcrumb\":{\"@id\":\"https:\/\/www.mundoagropecuario.cl\/new\/cooperativas-del-sur-cierra-2024-con-acuerdos-y-metas-clave\/#breadcrumb\"},\"inLanguage\":\"es\",\"potentialAction\":[{\"@type\":\"ReadAction\",\"target\":[\"https:\/\/www.mundoagropecuario.cl\/new\/cooperativas-del-sur-cierra-2024-con-acuerdos-y-metas-clave\/\"]}]},{\"@type\":\"ImageObject\",\"inLanguage\":\"es\",\"@id\":\"https:\/\/www.mundoagropecuario.cl\/new\/cooperativas-del-sur-cierra-2024-con-acuerdos-y-metas-clave\/#primaryimage\",\"url\":\"https:\/\/www.mundoagropecuario.cl\/new\/wp-content\/uploads\/2024\/12\/Plantilla-estandar-mundo-acuicola-27-scaled.jpg\",\"contentUrl\":\"https:\/\/www.mundoagropecuario.cl\/new\/wp-content\/uploads\/2024\/12\/Plantilla-estandar-mundo-acuicola-27-scaled.jpg\",\"width\":720,\"height\":384},{\"@type\":\"BreadcrumbList\",\"@id\":\"https:\/\/www.mundoagropecuario.cl\/new\/cooperativas-del-sur-cierra-2024-con-acuerdos-y-metas-clave\/#breadcrumb\",\"itemListElement\":[{\"@type\":\"ListItem\",\"position\":1,\"name\":\"Portada\",\"item\":\"https:\/\/www.mundoagropecuario.cl\/new\/\"},{\"@type\":\"ListItem\",\"position\":2,\"name\":\"Cooperativas del Sur cierra 2024 con acuerdos y metas clave\"}]},{\"@type\":\"WebSite\",\"@id\":\"https:\/\/www.mundoagropecuario.cl\/new\/#website\",\"url\":\"https:\/\/www.mundoagropecuario.cl\/new\/\",\"name\":\"Mundoagropecuario\",\"description\":\"Mundo Agropecuario\",\"publisher\":{\"@id\":\"https:\/\/www.mundoagropecuario.cl\/new\/#organization\"},\"potentialAction\":[{\"@type\":\"SearchAction\",\"target\":{\"@type\":\"EntryPoint\",\"urlTemplate\":\"https:\/\/www.mundoagropecuario.cl\/new\/?s={search_term_string}\"},\"query-input\":{\"@type\":\"PropertyValueSpecification\",\"valueRequired\":true,\"valueName\":\"search_term_string\"}}],\"inLanguage\":\"es\"},{\"@type\":\"Organization\",\"@id\":\"https:\/\/www.mundoagropecuario.cl\/new\/#organization\",\"name\":\"Revista de Agricultura\",\"url\":\"https:\/\/www.mundoagropecuario.cl\/new\/\",\"logo\":{\"@type\":\"ImageObject\",\"inLanguage\":\"es\",\"@id\":\"https:\/\/www.mundoagropecuario.cl\/new\/#\/schema\/logo\/image\/\",\"url\":\"https:\/\/www.mundoagropecuario.cl\/new\/wp-content\/uploads\/2020\/11\/PORTAL-1-1.png\",\"contentUrl\":\"https:\/\/www.mundoagropecuario.cl\/new\/wp-content\/uploads\/2020\/11\/PORTAL-1-1.png\",\"width\":1026,\"height\":100,\"caption\":\"Revista de Agricultura\"},\"image\":{\"@id\":\"https:\/\/www.mundoagropecuario.cl\/new\/#\/schema\/logo\/image\/\"},\"sameAs\":[\"https:\/\/www.facebook.com\/mundo.agropecuario.3\",\"https:\/\/x.com\/MundoAgropecuar\",\"https:\/\/www.linkedin.com\/in\/mundo-agropecuario-934009201\/\"]},{\"@type\":\"Person\",\"@id\":\"https:\/\/www.mundoagropecuario.cl\/new\/#\/schema\/person\/4e9f74a82a7dac260eb1c44b7eebeb18\",\"name\":\"mundo\",\"url\":\"https:\/\/www.mundoagropecuario.cl\/new\/author\/mundo\/\"}]}<\/script>\n<!-- \/ Yoast SEO plugin. -->","yoast_head_json":{"title":"Cooperativas del Sur cierra 2024 con acuerdos y metas clave - Mundoagropecuario","robots":{"index":"index","follow":"follow","max-snippet":"max-snippet:-1","max-image-preview":"max-image-preview:large","max-video-preview":"max-video-preview:-1"},"canonical":"https:\/\/www.mundoagropecuario.cl\/new\/cooperativas-del-sur-cierra-2024-con-acuerdos-y-metas-clave\/","og_locale":"es_ES","og_type":"article","og_title":"Cooperativas del Sur cierra 2024 con acuerdos y metas clave - Mundoagropecuario","og_description":"Esta semana se llev\u00f3 a cabo la \u00faltima reuni\u00f3n de directorio del a\u00f1o 2024 de la Asociaci\u00f3n Gremial de Cooperativas del Sur. Durante la jornada, se presentaron los resultados e...","og_url":"https:\/\/www.mundoagropecuario.cl\/new\/cooperativas-del-sur-cierra-2024-con-acuerdos-y-metas-clave\/","og_site_name":"Mundoagropecuario","article_publisher":"https:\/\/www.facebook.com\/mundo.agropecuario.3","article_published_time":"2024-12-18T14:58:24+00:00","article_modified_time":"2024-12-20T14:35:15+00:00","og_image":[{"width":720,"height":384,"url":"https:\/\/www.mundoagropecuario.cl\/new\/wp-content\/uploads\/2024\/12\/Plantilla-estandar-mundo-acuicola-27-scaled.jpg","type":"image\/jpeg"}],"author":"mundo","twitter_card":"summary_large_image","twitter_creator":"@MundoAgropecuar","twitter_site":"@MundoAgropecuar","twitter_misc":{"Escrito por":"mundo","Tiempo de lectura":"4 minutos"},"schema":{"@context":"https:\/\/schema.org","@graph":[{"@type":"Article","@id":"https:\/\/www.mundoagropecuario.cl\/new\/cooperativas-del-sur-cierra-2024-con-acuerdos-y-metas-clave\/#article","isPartOf":{"@id":"https:\/\/www.mundoagropecuario.cl\/new\/cooperativas-del-sur-cierra-2024-con-acuerdos-y-metas-clave\/"},"author":{"name":"mundo","@id":"https:\/\/www.mundoagropecuario.cl\/new\/#\/schema\/person\/4e9f74a82a7dac260eb1c44b7eebeb18"},"headline":"Cooperativas del Sur cierra 2024 con acuerdos y metas clave","datePublished":"2024-12-18T14:58:24+00:00","dateModified":"2024-12-20T14:35:15+00:00","mainEntityOfPage":{"@id":"https:\/\/www.mundoagropecuario.cl\/new\/cooperativas-del-sur-cierra-2024-con-acuerdos-y-metas-clave\/"},"wordCount":775,"publisher":{"@id":"https:\/\/www.mundoagropecuario.cl\/new\/#organization"},"image":{"@id":"https:\/\/www.mundoagropecuario.cl\/new\/cooperativas-del-sur-cierra-2024-con-acuerdos-y-metas-clave\/#primaryimage"},"thumbnailUrl":"https:\/\/www.mundoagropecuario.cl\/new\/wp-content\/uploads\/2024\/12\/Plantilla-estandar-mundo-acuicola-27-scaled.jpg","keywords":["agricultura sostenible","apicultores org\u00e1nicos","Asociaci\u00f3n Gremial Cooperativas del Sur","Asociaci\u00f3n Gremial de Cooperativas del Sur","asociatividad","Bansur","Campos Australes","Colun","Cooperativas agr\u00edcolas","Cooperativas Campesinas de Productores Ovinos","Cooperativas del Sur","Cooprinsem","Copelec","CREO","desarrollo cooperativo","Industria l\u00e1ctea","sector agropecuario chileno","sostenibilidad agropecuaria"],"articleSection":["Agricultura"],"inLanguage":"es"},{"@type":"WebPage","@id":"https:\/\/www.mundoagropecuario.cl\/new\/cooperativas-del-sur-cierra-2024-con-acuerdos-y-metas-clave\/","url":"https:\/\/www.mundoagropecuario.cl\/new\/cooperativas-del-sur-cierra-2024-con-acuerdos-y-metas-clave\/","name":"Cooperativas del Sur cierra 2024 con acuerdos y metas clave - Mundoagropecuario","isPartOf":{"@id":"https:\/\/www.mundoagropecuario.cl\/new\/#website"},"primaryImageOfPage":{"@id":"https:\/\/www.mundoagropecuario.cl\/new\/cooperativas-del-sur-cierra-2024-con-acuerdos-y-metas-clave\/#primaryimage"},"image":{"@id":"https:\/\/www.mundoagropecuario.cl\/new\/cooperativas-del-sur-cierra-2024-con-acuerdos-y-metas-clave\/#primaryimage"},"thumbnailUrl":"https:\/\/www.mundoagropecuario.cl\/new\/wp-content\/uploads\/2024\/12\/Plantilla-estandar-mundo-acuicola-27-scaled.jpg","datePublished":"2024-12-18T14:58:24+00:00","dateModified":"2024-12-20T14:35:15+00:00","breadcrumb":{"@id":"https:\/\/www.mundoagropecuario.cl\/new\/cooperativas-del-sur-cierra-2024-con-acuerdos-y-metas-clave\/#breadcrumb"},"inLanguage":"es","potentialAction":[{"@type":"ReadAction","target":["https:\/\/www.mundoagropecuario.cl\/new\/cooperativas-del-sur-cierra-2024-con-acuerdos-y-metas-clave\/"]}]},{"@type":"ImageObject","inLanguage":"es","@id":"https:\/\/www.mundoagropecuario.cl\/new\/cooperativas-del-sur-cierra-2024-con-acuerdos-y-metas-clave\/#primaryimage","url":"https:\/\/www.mundoagropecuario.cl\/new\/wp-content\/uploads\/2024\/12\/Plantilla-estandar-mundo-acuicola-27-scaled.jpg","contentUrl":"https:\/\/www.mundoagropecuario.cl\/new\/wp-content\/uploads\/2024\/12\/Plantilla-estandar-mundo-acuicola-27-scaled.jpg","width":720,"height":384},{"@type":"BreadcrumbList","@id":"https:\/\/www.mundoagropecuario.cl\/new\/cooperativas-del-sur-cierra-2024-con-acuerdos-y-metas-clave\/#breadcrumb","itemListElement":[{"@type":"ListItem","position":1,"name":"Portada","item":"https:\/\/www.mundoagropecuario.cl\/new\/"},{"@type":"ListItem","position":2,"name":"Cooperativas del Sur cierra 2024 con acuerdos y metas clave"}]},{"@type":"WebSite","@id":"https:\/\/www.mundoagropecuario.cl\/new\/#website","url":"https:\/\/www.mundoagropecuario.cl\/new\/","name":"Mundoagropecuario","description":"Mundo Agropecuario","publisher":{"@id":"https:\/\/www.mundoagropecuario.cl\/new\/#organization"},"potentialAction":[{"@type":"SearchAction","target":{"@type":"EntryPoint","urlTemplate":"https:\/\/www.mundoagropecuario.cl\/new\/?s={search_term_string}"},"query-input":{"@type":"PropertyValueSpecification","valueRequired":true,"valueName":"search_term_string"}}],"inLanguage":"es"},{"@type":"Organization","@id":"https:\/\/www.mundoagropecuario.cl\/new\/#organization","name":"Revista de Agricultura","url":"https:\/\/www.mundoagropecuario.cl\/new\/","logo":{"@type":"ImageObject","inLanguage":"es","@id":"https:\/\/www.mundoagropecuario.cl\/new\/#\/schema\/logo\/image\/","url":"https:\/\/www.mundoagropecuario.cl\/new\/wp-content\/uploads\/2020\/11\/PORTAL-1-1.png","contentUrl":"https:\/\/www.mundoagropecuario.cl\/new\/wp-content\/uploads\/2020\/11\/PORTAL-1-1.png","width":1026,"height":100,"caption":"Revista de Agricultura"},"image":{"@id":"https:\/\/www.mundoagropecuario.cl\/new\/#\/schema\/logo\/image\/"},"sameAs":["https:\/\/www.facebook.com\/mundo.agropecuario.3","https:\/\/x.com\/MundoAgropecuar","https:\/\/www.linkedin.com\/in\/mundo-agropecuario-934009201\/"]},{"@type":"Person","@id":"https:\/\/www.mundoagropecuario.cl\/new\/#\/schema\/person\/4e9f74a82a7dac260eb1c44b7eebeb18","name":"mundo","url":"https:\/\/www.mundoagropecuario.cl\/new\/author\/mundo\/"}]}},"_links":{"self":[{"href":"https:\/\/www.mundoagropecuario.cl\/new\/wp-json\/wp\/v2\/posts\/26048","targetHints":{"allow":["GET"]}}],"collection":[{"href":"https:\/\/www.mundoagropecuario.cl\/new\/wp-json\/wp\/v2\/posts"}],"about":[{"href":"https:\/\/www.mundoagropecuario.cl\/new\/wp-json\/wp\/v2\/types\/post"}],"author":[{"embeddable":true,"href":"https:\/\/www.mundoagropecuario.cl\/new\/wp-json\/wp\/v2\/users\/2"}],"replies":[{"embeddable":true,"href":"https:\/\/www.mundoagropecuario.cl\/new\/wp-json\/wp\/v2\/comments?post=26048"}],"version-history":[{"count":1,"href":"https:\/\/www.mundoagropecuario.cl\/new\/wp-json\/wp\/v2\/posts\/26048\/revisions"}],"predecessor-version":[{"id":26050,"href":"https:\/\/www.mundoagropecuario.cl\/new\/wp-json\/wp\/v2\/posts\/26048\/revisions\/26050"}],"wp:featuredmedia":[{"embeddable":true,"href":"https:\/\/www.mundoagropecuario.cl\/new\/wp-json\/wp\/v2\/media\/26049"}],"wp:attachment":[{"href":"https:\/\/www.mundoagropecuario.cl\/new\/wp-json\/wp\/v2\/media?parent=26048"}],"wp:term":[{"taxonomy":"category","embeddable":true,"href":"https:\/\/www.mundoagropecuario.cl\/new\/wp-json\/wp\/v2\/categories?post=26048"},{"taxonomy":"post_tag","embeddable":true,"href":"https:\/\/www.mundoagropecuario.cl\/new\/wp-json\/wp\/v2\/tags?post=26048"}],"curies":[{"name":"wp","href":"https:\/\/api.w.org\/{rel}","templated":true}]}}