{"id":26035,"date":"2024-12-17T18:00:00","date_gmt":"2024-12-17T21:00:00","guid":{"rendered":"https:\/\/www.mundoagropecuario.cl\/new\/?p=26035"},"modified":"2024-12-18T11:40:33","modified_gmt":"2024-12-18T14:40:33","slug":"proyecto-busca-la-revalorizacion-de-residuos-agroindustriales-con-bajo-impacto-ambiental","status":"publish","type":"post","link":"https:\/\/www.mundoagropecuario.cl\/new\/proyecto-busca-la-revalorizacion-de-residuos-agroindustriales-con-bajo-impacto-ambiental\/","title":{"rendered":"Proyecto busca la revalorizaci\u00f3n de residuos agroindustriales con bajo impacto ambiental"},"content":{"rendered":"<p><span style=\"font-weight: 400;\">\u201cRevalorizaci\u00f3n de desechos agroindustriales de la Regi\u00f3n del \u00d1uble con bajo impacto ambiental\u201d, es el t\u00edtulo del proyecto liderado por la Profesora Em\u00e9rita de la Facultad de Ciencias de la Universidad Cat\u00f3lica de la Sant\u00edsima Concepci\u00f3n (UCSC), Dra. Carolina Aguirre. Parte del proyecto se realizar\u00e1 en Pinto, Regi\u00f3n de \u00d1uble con la empresa Repsyclick y busca acelerar el proceso de compostaje.<\/span><\/p>\n<p><span style=\"font-weight: 400;\">Esta empresa realiza compostaje de desechos de la industria alimentaria y luego, desarrolla humus. Principalmente, trabajan con ar\u00e1ndanos, frutillas y esp\u00e1rragos. El objetivo de esta iniciativa es incorporar elementos de innovaci\u00f3n tanto en los productos elaborados por Repsyclick como en el proceso, que mejoren la calidad de sus bioproductos con bajo impacto en el medio ambiente.<\/span><\/p>\n<p><span style=\"font-weight: 400;\">La idea principal es acelerar el proceso de compostaje. Este proceso dura aproximadamente 5 meses. Luego, por medio del vermicompostaje, que es la t\u00e9cnica que utiliza lombrices para transformar el compost en un fertilizante natural de mejor calidad, toma alrededor de 2 meses. \u201cEste proceso es muy largo, queremos acelerarlo a trav\u00e9s de procesos enzim\u00e1ticos y microbiol\u00f3gicos. Adem\u00e1s, se busca reducir el mal olor y que no tenga presencia de mosquitos\u201d, coment\u00f3 la Dra. Carolina Aguirre.<\/span><\/p>\n<p><span style=\"font-weight: 400;\"><a href=\"https:\/\/www.mundoagropecuario.cl\/new\/wp-content\/uploads\/2024\/12\/CompostajeNubleUCSC-scaled.jpg\"><img loading=\"lazy\" decoding=\"async\" class=\"alignleft wp-image-26037 \" src=\"https:\/\/www.mundoagropecuario.cl\/new\/wp-content\/uploads\/2024\/12\/CompostajeNubleUCSC-711x400.jpg\" alt=\"\" width=\"405\" height=\"228\" srcset=\"https:\/\/www.mundoagropecuario.cl\/new\/wp-content\/uploads\/2024\/12\/CompostajeNubleUCSC-scaled.jpg 711w, https:\/\/www.mundoagropecuario.cl\/new\/wp-content\/uploads\/2024\/12\/CompostajeNubleUCSC-236x133.jpg 236w, https:\/\/www.mundoagropecuario.cl\/new\/wp-content\/uploads\/2024\/12\/CompostajeNubleUCSC-768x432.jpg 768w\" sizes=\"auto, (max-width: 405px) 100vw, 405px\" \/><\/a>Adicionalmente, se busca evaluar la calidad del producto final, tanto del compost como del humus, cuando se utilizan diferentes tipos de aceleradores de compostaje. \u201cQueremos comparar lo que se vende en el mercado, que est\u00e1 m\u00e1s vinculado a los residuos domiciliarios. Esta empresa trabaja con vol\u00famenes mucho m\u00e1s grandes y desde ah\u00ed la necesidad de buscar alternativas\u201d, explic\u00f3.<\/span><\/p>\n<p><span style=\"font-weight: 400;\">El proyecto tiene una duraci\u00f3n aproximada de 12 meses y se pretende iniciar durante los primeros meses del a\u00f1o 2025.\u00a0 Actualmente la empresa Repsyclick procesa 60 toneladas y quieren incluso aumentar su capacidad a 200 toneladas. De ah\u00ed radica el inter\u00e9s del proyecto.<\/span><\/p>\n<p><span style=\"font-weight: 400;\">Respecto a la importancia de la idea, la acad\u00e9mica coment\u00f3 que su \u00e1rea de inter\u00e9s son las enzimas, las que son prote\u00ednas que act\u00faan como catalizadores biol\u00f3gicos, acelerando las reacciones qu\u00edmicas que ocurren en las c\u00e9lulas de los seres vivos. \u201cQuisimos buscar otras alternativas enzim\u00e1ticas del mercado para acelerar los procesos. Al ser catalizadores biol\u00f3gicos, no son peligrosos\u201d, complement\u00f3 la investigadora.<\/span><\/p>\n<p><span style=\"font-weight: 400;\">La idea de la Dra. Carolina Aguirre es utilizar ciertas enzimas o microorganismos comerciales como hongos filamentosos que son las responsables de descomponer toda la materia org\u00e1nica de forma m\u00e1s r\u00e1pida.<\/span><\/p>\n<p><span style=\"font-weight: 400;\">Respecto a las expectativas de la propuesta, la acad\u00e9mica adem\u00e1s busca aportar a la Regi\u00f3n del \u00d1uble con un proyecto que est\u00e1 alineado a la sustentabilidad. \u201cEspero que podamos acortar los tiempos de procesos y obtener un humus de muy buena calidad. Adem\u00e1s, queremos hacer que los desechos org\u00e1nicos de las empresas puedan ser tratados y, de alguna manera, cumplan con el concepto de econom\u00eda circular y que no sean llevados a vertederos, lo que genera un gran problema medioambiental\u201d, concluy\u00f3. <\/span><\/p>\n","protected":false},"excerpt":{"rendered":"<p>La iniciativa se adjudic\u00f3 un proyecto Corfo Innova y se desarrollar\u00e1 en la Regi\u00f3n del \u00d1uble liderado por una investigadora de la Universidad Cat\u00f3lica de la Sant\u00edsima Concepci\u00f3n (UCSC).<\/p>\n","protected":false},"author":2,"featured_media":26036,"comment_status":"closed","ping_status":"closed","sticky":false,"template":"","format":"standard","meta":{"footnotes":""},"categories":[1945],"tags":[6420,9342,9340,9344,9339,9341,1151,552,3232,495,9343],"class_list":["post-26035","post","type-post","status-publish","format-standard","has-post-thumbnail","hentry","category-agricultura","tag-compostaje","tag-desechos","tag-enzimas","tag-fertilizante","tag-humus","tag-lombrices","tag-nuble","tag-reciclaje","tag-residuos","tag-ucsc","tag-vermicompostaje"],"yoast_head":"<!-- This site is optimized with the Yoast SEO plugin v26.6 - https:\/\/yoast.com\/wordpress\/plugins\/seo\/ -->\n<title>Proyecto busca la revalorizaci\u00f3n de residuos agroindustriales con bajo impacto ambiental - Mundoagropecuario<\/title>\n<meta name=\"description\" content=\"La iniciativa se adjudic\u00f3 un proyecto Corfo Innova y se desarrollar\u00e1 en la Regi\u00f3n del \u00d1uble liderado por una investigadora de la UCSC.\" \/>\n<meta name=\"robots\" content=\"index, follow, max-snippet:-1, max-image-preview:large, max-video-preview:-1\" \/>\n<link rel=\"canonical\" href=\"https:\/\/www.mundoagropecuario.cl\/new\/proyecto-busca-la-revalorizacion-de-residuos-agroindustriales-con-bajo-impacto-ambiental\/\" \/>\n<meta property=\"og:locale\" content=\"es_ES\" \/>\n<meta property=\"og:type\" content=\"article\" \/>\n<meta property=\"og:title\" content=\"Proyecto busca la revalorizaci\u00f3n de residuos agroindustriales con bajo impacto ambiental - Mundoagropecuario\" \/>\n<meta property=\"og:description\" content=\"La iniciativa se adjudic\u00f3 un proyecto Corfo Innova y se desarrollar\u00e1 en la Regi\u00f3n del \u00d1uble liderado por una investigadora de la UCSC.\" \/>\n<meta property=\"og:url\" content=\"https:\/\/www.mundoagropecuario.cl\/new\/proyecto-busca-la-revalorizacion-de-residuos-agroindustriales-con-bajo-impacto-ambiental\/\" \/>\n<meta property=\"og:site_name\" content=\"Mundoagropecuario\" \/>\n<meta property=\"article:publisher\" content=\"https:\/\/www.facebook.com\/mundo.agropecuario.3\" \/>\n<meta property=\"article:published_time\" content=\"2024-12-17T21:00:00+00:00\" \/>\n<meta property=\"article:modified_time\" content=\"2024-12-18T14:40:33+00:00\" \/>\n<meta property=\"og:image\" content=\"https:\/\/www.mundoagropecuario.cl\/new\/wp-content\/uploads\/2024\/12\/ResiduosAgroIndustriales2-scaled.jpg\" \/>\n\t<meta property=\"og:image:width\" content=\"720\" \/>\n\t<meta property=\"og:image:height\" content=\"384\" \/>\n\t<meta property=\"og:image:type\" content=\"image\/jpeg\" \/>\n<meta name=\"author\" content=\"mundo\" \/>\n<meta name=\"twitter:card\" content=\"summary_large_image\" \/>\n<meta name=\"twitter:creator\" content=\"@MundoAgropecuar\" \/>\n<meta name=\"twitter:site\" content=\"@MundoAgropecuar\" \/>\n<meta name=\"twitter:label1\" content=\"Escrito por\" \/>\n\t<meta name=\"twitter:data1\" content=\"mundo\" \/>\n\t<meta name=\"twitter:label2\" content=\"Tiempo de lectura\" \/>\n\t<meta name=\"twitter:data2\" content=\"3 minutos\" \/>\n<script type=\"application\/ld+json\" class=\"yoast-schema-graph\">{\"@context\":\"https:\/\/schema.org\",\"@graph\":[{\"@type\":\"Article\",\"@id\":\"https:\/\/www.mundoagropecuario.cl\/new\/proyecto-busca-la-revalorizacion-de-residuos-agroindustriales-con-bajo-impacto-ambiental\/#article\",\"isPartOf\":{\"@id\":\"https:\/\/www.mundoagropecuario.cl\/new\/proyecto-busca-la-revalorizacion-de-residuos-agroindustriales-con-bajo-impacto-ambiental\/\"},\"author\":{\"name\":\"mundo\",\"@id\":\"https:\/\/www.mundoagropecuario.cl\/new\/#\/schema\/person\/4e9f74a82a7dac260eb1c44b7eebeb18\"},\"headline\":\"Proyecto busca la revalorizaci\u00f3n de residuos agroindustriales con bajo impacto ambiental\",\"datePublished\":\"2024-12-17T21:00:00+00:00\",\"dateModified\":\"2024-12-18T14:40:33+00:00\",\"mainEntityOfPage\":{\"@id\":\"https:\/\/www.mundoagropecuario.cl\/new\/proyecto-busca-la-revalorizacion-de-residuos-agroindustriales-con-bajo-impacto-ambiental\/\"},\"wordCount\":513,\"publisher\":{\"@id\":\"https:\/\/www.mundoagropecuario.cl\/new\/#organization\"},\"image\":{\"@id\":\"https:\/\/www.mundoagropecuario.cl\/new\/proyecto-busca-la-revalorizacion-de-residuos-agroindustriales-con-bajo-impacto-ambiental\/#primaryimage\"},\"thumbnailUrl\":\"https:\/\/www.mundoagropecuario.cl\/new\/wp-content\/uploads\/2024\/12\/ResiduosAgroIndustriales2-scaled.jpg\",\"keywords\":[\"compostaje\",\"desechos\",\"enzimas\",\"fertilizante\",\"humus\",\"lombrices\",\"\u00d1uble\",\"reciclaje\",\"residuos\",\"UCSC\",\"vermicompostaje\"],\"articleSection\":[\"Agricultura\"],\"inLanguage\":\"es\"},{\"@type\":\"WebPage\",\"@id\":\"https:\/\/www.mundoagropecuario.cl\/new\/proyecto-busca-la-revalorizacion-de-residuos-agroindustriales-con-bajo-impacto-ambiental\/\",\"url\":\"https:\/\/www.mundoagropecuario.cl\/new\/proyecto-busca-la-revalorizacion-de-residuos-agroindustriales-con-bajo-impacto-ambiental\/\",\"name\":\"Proyecto busca la revalorizaci\u00f3n de residuos agroindustriales con bajo impacto ambiental - Mundoagropecuario\",\"isPartOf\":{\"@id\":\"https:\/\/www.mundoagropecuario.cl\/new\/#website\"},\"primaryImageOfPage\":{\"@id\":\"https:\/\/www.mundoagropecuario.cl\/new\/proyecto-busca-la-revalorizacion-de-residuos-agroindustriales-con-bajo-impacto-ambiental\/#primaryimage\"},\"image\":{\"@id\":\"https:\/\/www.mundoagropecuario.cl\/new\/proyecto-busca-la-revalorizacion-de-residuos-agroindustriales-con-bajo-impacto-ambiental\/#primaryimage\"},\"thumbnailUrl\":\"https:\/\/www.mundoagropecuario.cl\/new\/wp-content\/uploads\/2024\/12\/ResiduosAgroIndustriales2-scaled.jpg\",\"datePublished\":\"2024-12-17T21:00:00+00:00\",\"dateModified\":\"2024-12-18T14:40:33+00:00\",\"description\":\"La iniciativa se adjudic\u00f3 un proyecto Corfo Innova y se desarrollar\u00e1 en la Regi\u00f3n del \u00d1uble liderado por una investigadora de la UCSC.\",\"breadcrumb\":{\"@id\":\"https:\/\/www.mundoagropecuario.cl\/new\/proyecto-busca-la-revalorizacion-de-residuos-agroindustriales-con-bajo-impacto-ambiental\/#breadcrumb\"},\"inLanguage\":\"es\",\"potentialAction\":[{\"@type\":\"ReadAction\",\"target\":[\"https:\/\/www.mundoagropecuario.cl\/new\/proyecto-busca-la-revalorizacion-de-residuos-agroindustriales-con-bajo-impacto-ambiental\/\"]}]},{\"@type\":\"ImageObject\",\"inLanguage\":\"es\",\"@id\":\"https:\/\/www.mundoagropecuario.cl\/new\/proyecto-busca-la-revalorizacion-de-residuos-agroindustriales-con-bajo-impacto-ambiental\/#primaryimage\",\"url\":\"https:\/\/www.mundoagropecuario.cl\/new\/wp-content\/uploads\/2024\/12\/ResiduosAgroIndustriales2-scaled.jpg\",\"contentUrl\":\"https:\/\/www.mundoagropecuario.cl\/new\/wp-content\/uploads\/2024\/12\/ResiduosAgroIndustriales2-scaled.jpg\",\"width\":720,\"height\":384},{\"@type\":\"BreadcrumbList\",\"@id\":\"https:\/\/www.mundoagropecuario.cl\/new\/proyecto-busca-la-revalorizacion-de-residuos-agroindustriales-con-bajo-impacto-ambiental\/#breadcrumb\",\"itemListElement\":[{\"@type\":\"ListItem\",\"position\":1,\"name\":\"Portada\",\"item\":\"https:\/\/www.mundoagropecuario.cl\/new\/\"},{\"@type\":\"ListItem\",\"position\":2,\"name\":\"Proyecto busca la revalorizaci\u00f3n de residuos agroindustriales con bajo impacto ambiental\"}]},{\"@type\":\"WebSite\",\"@id\":\"https:\/\/www.mundoagropecuario.cl\/new\/#website\",\"url\":\"https:\/\/www.mundoagropecuario.cl\/new\/\",\"name\":\"Mundoagropecuario\",\"description\":\"Mundo Agropecuario\",\"publisher\":{\"@id\":\"https:\/\/www.mundoagropecuario.cl\/new\/#organization\"},\"potentialAction\":[{\"@type\":\"SearchAction\",\"target\":{\"@type\":\"EntryPoint\",\"urlTemplate\":\"https:\/\/www.mundoagropecuario.cl\/new\/?s={search_term_string}\"},\"query-input\":{\"@type\":\"PropertyValueSpecification\",\"valueRequired\":true,\"valueName\":\"search_term_string\"}}],\"inLanguage\":\"es\"},{\"@type\":\"Organization\",\"@id\":\"https:\/\/www.mundoagropecuario.cl\/new\/#organization\",\"name\":\"Revista de Agricultura\",\"url\":\"https:\/\/www.mundoagropecuario.cl\/new\/\",\"logo\":{\"@type\":\"ImageObject\",\"inLanguage\":\"es\",\"@id\":\"https:\/\/www.mundoagropecuario.cl\/new\/#\/schema\/logo\/image\/\",\"url\":\"https:\/\/www.mundoagropecuario.cl\/new\/wp-content\/uploads\/2020\/11\/PORTAL-1-1.png\",\"contentUrl\":\"https:\/\/www.mundoagropecuario.cl\/new\/wp-content\/uploads\/2020\/11\/PORTAL-1-1.png\",\"width\":1026,\"height\":100,\"caption\":\"Revista de Agricultura\"},\"image\":{\"@id\":\"https:\/\/www.mundoagropecuario.cl\/new\/#\/schema\/logo\/image\/\"},\"sameAs\":[\"https:\/\/www.facebook.com\/mundo.agropecuario.3\",\"https:\/\/x.com\/MundoAgropecuar\",\"https:\/\/www.linkedin.com\/in\/mundo-agropecuario-934009201\/\"]},{\"@type\":\"Person\",\"@id\":\"https:\/\/www.mundoagropecuario.cl\/new\/#\/schema\/person\/4e9f74a82a7dac260eb1c44b7eebeb18\",\"name\":\"mundo\",\"url\":\"https:\/\/www.mundoagropecuario.cl\/new\/author\/mundo\/\"}]}<\/script>\n<!-- \/ Yoast SEO plugin. -->","yoast_head_json":{"title":"Proyecto busca la revalorizaci\u00f3n de residuos agroindustriales con bajo impacto ambiental - Mundoagropecuario","description":"La iniciativa se adjudic\u00f3 un proyecto Corfo Innova y se desarrollar\u00e1 en la Regi\u00f3n del \u00d1uble liderado por una investigadora de la UCSC.","robots":{"index":"index","follow":"follow","max-snippet":"max-snippet:-1","max-image-preview":"max-image-preview:large","max-video-preview":"max-video-preview:-1"},"canonical":"https:\/\/www.mundoagropecuario.cl\/new\/proyecto-busca-la-revalorizacion-de-residuos-agroindustriales-con-bajo-impacto-ambiental\/","og_locale":"es_ES","og_type":"article","og_title":"Proyecto busca la revalorizaci\u00f3n de residuos agroindustriales con bajo impacto ambiental - Mundoagropecuario","og_description":"La iniciativa se adjudic\u00f3 un proyecto Corfo Innova y se desarrollar\u00e1 en la Regi\u00f3n del \u00d1uble liderado por una investigadora de la UCSC.","og_url":"https:\/\/www.mundoagropecuario.cl\/new\/proyecto-busca-la-revalorizacion-de-residuos-agroindustriales-con-bajo-impacto-ambiental\/","og_site_name":"Mundoagropecuario","article_publisher":"https:\/\/www.facebook.com\/mundo.agropecuario.3","article_published_time":"2024-12-17T21:00:00+00:00","article_modified_time":"2024-12-18T14:40:33+00:00","og_image":[{"width":720,"height":384,"url":"https:\/\/www.mundoagropecuario.cl\/new\/wp-content\/uploads\/2024\/12\/ResiduosAgroIndustriales2-scaled.jpg","type":"image\/jpeg"}],"author":"mundo","twitter_card":"summary_large_image","twitter_creator":"@MundoAgropecuar","twitter_site":"@MundoAgropecuar","twitter_misc":{"Escrito por":"mundo","Tiempo de lectura":"3 minutos"},"schema":{"@context":"https:\/\/schema.org","@graph":[{"@type":"Article","@id":"https:\/\/www.mundoagropecuario.cl\/new\/proyecto-busca-la-revalorizacion-de-residuos-agroindustriales-con-bajo-impacto-ambiental\/#article","isPartOf":{"@id":"https:\/\/www.mundoagropecuario.cl\/new\/proyecto-busca-la-revalorizacion-de-residuos-agroindustriales-con-bajo-impacto-ambiental\/"},"author":{"name":"mundo","@id":"https:\/\/www.mundoagropecuario.cl\/new\/#\/schema\/person\/4e9f74a82a7dac260eb1c44b7eebeb18"},"headline":"Proyecto busca la revalorizaci\u00f3n de residuos agroindustriales con bajo impacto ambiental","datePublished":"2024-12-17T21:00:00+00:00","dateModified":"2024-12-18T14:40:33+00:00","mainEntityOfPage":{"@id":"https:\/\/www.mundoagropecuario.cl\/new\/proyecto-busca-la-revalorizacion-de-residuos-agroindustriales-con-bajo-impacto-ambiental\/"},"wordCount":513,"publisher":{"@id":"https:\/\/www.mundoagropecuario.cl\/new\/#organization"},"image":{"@id":"https:\/\/www.mundoagropecuario.cl\/new\/proyecto-busca-la-revalorizacion-de-residuos-agroindustriales-con-bajo-impacto-ambiental\/#primaryimage"},"thumbnailUrl":"https:\/\/www.mundoagropecuario.cl\/new\/wp-content\/uploads\/2024\/12\/ResiduosAgroIndustriales2-scaled.jpg","keywords":["compostaje","desechos","enzimas","fertilizante","humus","lombrices","\u00d1uble","reciclaje","residuos","UCSC","vermicompostaje"],"articleSection":["Agricultura"],"inLanguage":"es"},{"@type":"WebPage","@id":"https:\/\/www.mundoagropecuario.cl\/new\/proyecto-busca-la-revalorizacion-de-residuos-agroindustriales-con-bajo-impacto-ambiental\/","url":"https:\/\/www.mundoagropecuario.cl\/new\/proyecto-busca-la-revalorizacion-de-residuos-agroindustriales-con-bajo-impacto-ambiental\/","name":"Proyecto busca la revalorizaci\u00f3n de residuos agroindustriales con bajo impacto ambiental - Mundoagropecuario","isPartOf":{"@id":"https:\/\/www.mundoagropecuario.cl\/new\/#website"},"primaryImageOfPage":{"@id":"https:\/\/www.mundoagropecuario.cl\/new\/proyecto-busca-la-revalorizacion-de-residuos-agroindustriales-con-bajo-impacto-ambiental\/#primaryimage"},"image":{"@id":"https:\/\/www.mundoagropecuario.cl\/new\/proyecto-busca-la-revalorizacion-de-residuos-agroindustriales-con-bajo-impacto-ambiental\/#primaryimage"},"thumbnailUrl":"https:\/\/www.mundoagropecuario.cl\/new\/wp-content\/uploads\/2024\/12\/ResiduosAgroIndustriales2-scaled.jpg","datePublished":"2024-12-17T21:00:00+00:00","dateModified":"2024-12-18T14:40:33+00:00","description":"La iniciativa se adjudic\u00f3 un proyecto Corfo Innova y se desarrollar\u00e1 en la Regi\u00f3n del \u00d1uble liderado por una investigadora de la UCSC.","breadcrumb":{"@id":"https:\/\/www.mundoagropecuario.cl\/new\/proyecto-busca-la-revalorizacion-de-residuos-agroindustriales-con-bajo-impacto-ambiental\/#breadcrumb"},"inLanguage":"es","potentialAction":[{"@type":"ReadAction","target":["https:\/\/www.mundoagropecuario.cl\/new\/proyecto-busca-la-revalorizacion-de-residuos-agroindustriales-con-bajo-impacto-ambiental\/"]}]},{"@type":"ImageObject","inLanguage":"es","@id":"https:\/\/www.mundoagropecuario.cl\/new\/proyecto-busca-la-revalorizacion-de-residuos-agroindustriales-con-bajo-impacto-ambiental\/#primaryimage","url":"https:\/\/www.mundoagropecuario.cl\/new\/wp-content\/uploads\/2024\/12\/ResiduosAgroIndustriales2-scaled.jpg","contentUrl":"https:\/\/www.mundoagropecuario.cl\/new\/wp-content\/uploads\/2024\/12\/ResiduosAgroIndustriales2-scaled.jpg","width":720,"height":384},{"@type":"BreadcrumbList","@id":"https:\/\/www.mundoagropecuario.cl\/new\/proyecto-busca-la-revalorizacion-de-residuos-agroindustriales-con-bajo-impacto-ambiental\/#breadcrumb","itemListElement":[{"@type":"ListItem","position":1,"name":"Portada","item":"https:\/\/www.mundoagropecuario.cl\/new\/"},{"@type":"ListItem","position":2,"name":"Proyecto busca la revalorizaci\u00f3n de residuos agroindustriales con bajo impacto ambiental"}]},{"@type":"WebSite","@id":"https:\/\/www.mundoagropecuario.cl\/new\/#website","url":"https:\/\/www.mundoagropecuario.cl\/new\/","name":"Mundoagropecuario","description":"Mundo Agropecuario","publisher":{"@id":"https:\/\/www.mundoagropecuario.cl\/new\/#organization"},"potentialAction":[{"@type":"SearchAction","target":{"@type":"EntryPoint","urlTemplate":"https:\/\/www.mundoagropecuario.cl\/new\/?s={search_term_string}"},"query-input":{"@type":"PropertyValueSpecification","valueRequired":true,"valueName":"search_term_string"}}],"inLanguage":"es"},{"@type":"Organization","@id":"https:\/\/www.mundoagropecuario.cl\/new\/#organization","name":"Revista de Agricultura","url":"https:\/\/www.mundoagropecuario.cl\/new\/","logo":{"@type":"ImageObject","inLanguage":"es","@id":"https:\/\/www.mundoagropecuario.cl\/new\/#\/schema\/logo\/image\/","url":"https:\/\/www.mundoagropecuario.cl\/new\/wp-content\/uploads\/2020\/11\/PORTAL-1-1.png","contentUrl":"https:\/\/www.mundoagropecuario.cl\/new\/wp-content\/uploads\/2020\/11\/PORTAL-1-1.png","width":1026,"height":100,"caption":"Revista de Agricultura"},"image":{"@id":"https:\/\/www.mundoagropecuario.cl\/new\/#\/schema\/logo\/image\/"},"sameAs":["https:\/\/www.facebook.com\/mundo.agropecuario.3","https:\/\/x.com\/MundoAgropecuar","https:\/\/www.linkedin.com\/in\/mundo-agropecuario-934009201\/"]},{"@type":"Person","@id":"https:\/\/www.mundoagropecuario.cl\/new\/#\/schema\/person\/4e9f74a82a7dac260eb1c44b7eebeb18","name":"mundo","url":"https:\/\/www.mundoagropecuario.cl\/new\/author\/mundo\/"}]}},"_links":{"self":[{"href":"https:\/\/www.mundoagropecuario.cl\/new\/wp-json\/wp\/v2\/posts\/26035","targetHints":{"allow":["GET"]}}],"collection":[{"href":"https:\/\/www.mundoagropecuario.cl\/new\/wp-json\/wp\/v2\/posts"}],"about":[{"href":"https:\/\/www.mundoagropecuario.cl\/new\/wp-json\/wp\/v2\/types\/post"}],"author":[{"embeddable":true,"href":"https:\/\/www.mundoagropecuario.cl\/new\/wp-json\/wp\/v2\/users\/2"}],"replies":[{"embeddable":true,"href":"https:\/\/www.mundoagropecuario.cl\/new\/wp-json\/wp\/v2\/comments?post=26035"}],"version-history":[{"count":1,"href":"https:\/\/www.mundoagropecuario.cl\/new\/wp-json\/wp\/v2\/posts\/26035\/revisions"}],"predecessor-version":[{"id":26038,"href":"https:\/\/www.mundoagropecuario.cl\/new\/wp-json\/wp\/v2\/posts\/26035\/revisions\/26038"}],"wp:featuredmedia":[{"embeddable":true,"href":"https:\/\/www.mundoagropecuario.cl\/new\/wp-json\/wp\/v2\/media\/26036"}],"wp:attachment":[{"href":"https:\/\/www.mundoagropecuario.cl\/new\/wp-json\/wp\/v2\/media?parent=26035"}],"wp:term":[{"taxonomy":"category","embeddable":true,"href":"https:\/\/www.mundoagropecuario.cl\/new\/wp-json\/wp\/v2\/categories?post=26035"},{"taxonomy":"post_tag","embeddable":true,"href":"https:\/\/www.mundoagropecuario.cl\/new\/wp-json\/wp\/v2\/tags?post=26035"}],"curies":[{"name":"wp","href":"https:\/\/api.w.org\/{rel}","templated":true}]}}