{"id":26018,"date":"2024-12-17T12:04:29","date_gmt":"2024-12-17T15:04:29","guid":{"rendered":"https:\/\/www.mundoagropecuario.cl\/new\/?p=26018"},"modified":"2024-12-19T12:36:26","modified_gmt":"2024-12-19T15:36:26","slug":"desafios-de-los-cereales-en-chile-clima-y-mercado-marcan-el-2025","status":"publish","type":"post","link":"https:\/\/www.mundoagropecuario.cl\/new\/desafios-de-los-cereales-en-chile-clima-y-mercado-marcan-el-2025\/","title":{"rendered":"Desaf\u00edos de los cereales en Chile: Clima y mercado marcan el 2025"},"content":{"rendered":"<p>La producci\u00f3n de trigo, ma\u00edz y avena en Chile enfrenta un a\u00f1o complejo, marcado por el clima, la incertidumbre global y cifras de producci\u00f3n dispares. As\u00ed lo revela el m\u00e1s reciente Bolet\u00edn de Cereales de la Sociedad Nacional de Agricultura (SNA), que analiza las tendencias tanto a nivel local como internacional.<\/p>\n<h3>Mercado mundial: precios que no repuntan<\/h3>\n<p>Los precios futuros de trigo y ma\u00edz en la Bolsa de Granos de Chicago (CBOT) contin\u00faan bajos, con leves ajustes en las proyecciones de producci\u00f3n. La incertidumbre se intensifica ante el pr\u00f3ximo cambio presidencial en Estados Unidos, donde pol\u00edticas de restricci\u00f3n comercial podr\u00edan afectar el comercio global. Las pol\u00edticas comerciales de grandes econom\u00edas como EE.UU. y China generan expectativas de mayor volatilidad.<\/p>\n<p>En tanto, el Departamento de Agricultura de Estados Unidos (USDA) ajust\u00f3 a la baja las proyecciones de trigo (de 794,7 a 792,9 millones de toneladas) y ma\u00edz (1.217 millones de toneladas), debido a recortes en pa\u00edses como M\u00e9xico e Indonesia.<\/p>\n<h3>Trigo chileno: incertidumbre en la siembra<\/h3>\n<p>En Chile, los <strong>desaf\u00edos de los cereales<\/strong> afectan principalmente al trigo. La superficie sembrada de <strong>trigo harinero<\/strong> proyectada por el <strong>Instituto Nacional de Estad\u00edsticas<\/strong> (INE) se mantiene bajo las <strong>180.000 hect\u00e1reas<\/strong>, marcando un nuevo retroceso. A pesar del atraso en la cosecha por <strong>7 a 10 d\u00edas<\/strong>, los agricultores conf\u00edan en lograr buenos rendimientos que compensen la menor siembra. Actualmente, los precios se ubican en torno a <strong>$290\/kg (fuerte)<\/strong> y <strong>$270\/kg (d\u00e9bil)<\/strong>.<\/p>\n<p>El cultivo de ma\u00edz enfrenta un escenario de incertidumbre. Mientras el INE reporta <strong>46.985 hect\u00e1reas sembradas<\/strong>, el <strong>Geocenso de Agrosat<\/strong>, que utiliza im\u00e1genes satelitales con alta precisi\u00f3n, sugiere que la superficie es <strong>30% mayor<\/strong>. Este contraste preocupa a los productores y abre el debate sobre la necesidad de datos m\u00e1s certeros para la toma de decisiones.<\/p>\n<p>Mientras que la avena presenta un panorama m\u00e1s alentador. La intenci\u00f3n de siembra para 2024\/25 alcanza las 92.300 hect\u00e1reas, lo que representa un 8% m\u00e1s que en la temporada anterior. Este crecimiento refleja una mayor estabilidad gracias a la colaboraci\u00f3n entre productores y la industria procesadora.<\/p>\n<p>Ante este escenario, la SNA ha solicitado al Ministerio de Agricultura que COTRISA intervenga para asegurar precios competitivos, especialmente en el mercado del trigo. La colaboraci\u00f3n entre gremios, agricultores y el sector p\u00fablico ser\u00e1 clave para enfrentar los desaf\u00edos del pr\u00f3ximo a\u00f1o y proteger la producci\u00f3n nacional.<\/p>\n","protected":false},"excerpt":{"rendered":"<p>La volatilidad mundial y el clima local marcan la producci\u00f3n de trigo, ma\u00edz y avena seg\u00fan el \u00faltimo bolet\u00edn de la SNA. <\/p>\n","protected":false},"author":2,"featured_media":26019,"comment_status":"closed","ping_status":"closed","sticky":false,"template":"","format":"standard","meta":{"footnotes":""},"categories":[1945],"tags":[2090,7458,9333,9328,9038,2050,516,9331,1193,2275,9329,9332,9327,2075,7119,2049,9330],"class_list":["post-26018","post","type-post","status-publish","format-standard","has-post-thumbnail","hentry","category-agricultura","tag-agricultura","tag-agricultura-chilena","tag-avena","tag-boletin-de-cereales","tag-colaboracion-publico-privada","tag-cotrisa","tag-estados-unidos","tag-geocenso-agrosat","tag-ine","tag-maiz","tag-mercado-global-de-granos","tag-produccion-de-cereales","tag-produccion-de-trigo","tag-sna","tag-sociedad-nacional-de-agricultura","tag-trigo","tag-usda"],"yoast_head":"<!-- This site is optimized with the Yoast SEO plugin v26.6 - https:\/\/yoast.com\/wordpress\/plugins\/seo\/ -->\n<title>Desaf\u00edos de los cereales en Chile: Clima y mercado marcan el 2025 - Mundoagropecuario<\/title>\n<meta name=\"description\" content=\"La volatilidad mundial y el clima local marcan la producci\u00f3n de trigo, ma\u00edz y avena seg\u00fan el \u00faltimo bolet\u00edn de la SNA.\" \/>\n<meta name=\"robots\" content=\"index, follow, max-snippet:-1, max-image-preview:large, max-video-preview:-1\" \/>\n<link rel=\"canonical\" href=\"https:\/\/www.mundoagropecuario.cl\/new\/desafios-de-los-cereales-en-chile-clima-y-mercado-marcan-el-2025\/\" \/>\n<meta property=\"og:locale\" content=\"es_ES\" \/>\n<meta property=\"og:type\" content=\"article\" \/>\n<meta property=\"og:title\" content=\"Desaf\u00edos de los cereales en Chile: Clima y mercado marcan el 2025 - Mundoagropecuario\" \/>\n<meta property=\"og:description\" content=\"La volatilidad mundial y el clima local marcan la producci\u00f3n de trigo, ma\u00edz y avena seg\u00fan el \u00faltimo bolet\u00edn de la SNA.\" \/>\n<meta property=\"og:url\" content=\"https:\/\/www.mundoagropecuario.cl\/new\/desafios-de-los-cereales-en-chile-clima-y-mercado-marcan-el-2025\/\" \/>\n<meta property=\"og:site_name\" content=\"Mundoagropecuario\" \/>\n<meta property=\"article:publisher\" content=\"https:\/\/www.facebook.com\/mundo.agropecuario.3\" \/>\n<meta property=\"article:published_time\" content=\"2024-12-17T15:04:29+00:00\" \/>\n<meta property=\"article:modified_time\" content=\"2024-12-19T15:36:26+00:00\" \/>\n<meta property=\"og:image\" content=\"https:\/\/www.mundoagropecuario.cl\/new\/wp-content\/uploads\/2024\/12\/Plantilla-estandar-mundo-acuicola-22-scaled.jpg\" \/>\n\t<meta property=\"og:image:width\" content=\"720\" \/>\n\t<meta property=\"og:image:height\" content=\"384\" \/>\n\t<meta property=\"og:image:type\" content=\"image\/jpeg\" \/>\n<meta name=\"author\" content=\"mundo\" \/>\n<meta name=\"twitter:card\" content=\"summary_large_image\" \/>\n<meta name=\"twitter:creator\" content=\"@MundoAgropecuar\" \/>\n<meta name=\"twitter:site\" content=\"@MundoAgropecuar\" \/>\n<meta name=\"twitter:label1\" content=\"Escrito por\" \/>\n\t<meta name=\"twitter:data1\" content=\"mundo\" \/>\n\t<meta name=\"twitter:label2\" content=\"Tiempo de lectura\" \/>\n\t<meta name=\"twitter:data2\" content=\"2 minutos\" \/>\n<script type=\"application\/ld+json\" class=\"yoast-schema-graph\">{\"@context\":\"https:\/\/schema.org\",\"@graph\":[{\"@type\":\"Article\",\"@id\":\"https:\/\/www.mundoagropecuario.cl\/new\/desafios-de-los-cereales-en-chile-clima-y-mercado-marcan-el-2025\/#article\",\"isPartOf\":{\"@id\":\"https:\/\/www.mundoagropecuario.cl\/new\/desafios-de-los-cereales-en-chile-clima-y-mercado-marcan-el-2025\/\"},\"author\":{\"name\":\"mundo\",\"@id\":\"https:\/\/www.mundoagropecuario.cl\/new\/#\/schema\/person\/4e9f74a82a7dac260eb1c44b7eebeb18\"},\"headline\":\"Desaf\u00edos de los cereales en Chile: Clima y mercado marcan el 2025\",\"datePublished\":\"2024-12-17T15:04:29+00:00\",\"dateModified\":\"2024-12-19T15:36:26+00:00\",\"mainEntityOfPage\":{\"@id\":\"https:\/\/www.mundoagropecuario.cl\/new\/desafios-de-los-cereales-en-chile-clima-y-mercado-marcan-el-2025\/\"},\"wordCount\":428,\"publisher\":{\"@id\":\"https:\/\/www.mundoagropecuario.cl\/new\/#organization\"},\"image\":{\"@id\":\"https:\/\/www.mundoagropecuario.cl\/new\/desafios-de-los-cereales-en-chile-clima-y-mercado-marcan-el-2025\/#primaryimage\"},\"thumbnailUrl\":\"https:\/\/www.mundoagropecuario.cl\/new\/wp-content\/uploads\/2024\/12\/Plantilla-estandar-mundo-acuicola-22-scaled.jpg\",\"keywords\":[\"Agricultura\",\"agricultura chilena\",\"avena\",\"Bolet\u00edn de Cereales\",\"colaboraci\u00f3n p\u00fablico privada\",\"Cotrisa\",\"Estados Unidos\",\"Geocenso Agrosat\",\"INE\",\"Ma\u00edz\",\"mercado global de granos\",\"producci\u00f3n de cereales\",\"producci\u00f3n de trigo\",\"SNA\",\"Sociedad Nacional de Agricultura\",\"Trigo\",\"USDA\"],\"articleSection\":[\"Agricultura\"],\"inLanguage\":\"es\"},{\"@type\":\"WebPage\",\"@id\":\"https:\/\/www.mundoagropecuario.cl\/new\/desafios-de-los-cereales-en-chile-clima-y-mercado-marcan-el-2025\/\",\"url\":\"https:\/\/www.mundoagropecuario.cl\/new\/desafios-de-los-cereales-en-chile-clima-y-mercado-marcan-el-2025\/\",\"name\":\"Desaf\u00edos de los cereales en Chile: Clima y mercado marcan el 2025 - Mundoagropecuario\",\"isPartOf\":{\"@id\":\"https:\/\/www.mundoagropecuario.cl\/new\/#website\"},\"primaryImageOfPage\":{\"@id\":\"https:\/\/www.mundoagropecuario.cl\/new\/desafios-de-los-cereales-en-chile-clima-y-mercado-marcan-el-2025\/#primaryimage\"},\"image\":{\"@id\":\"https:\/\/www.mundoagropecuario.cl\/new\/desafios-de-los-cereales-en-chile-clima-y-mercado-marcan-el-2025\/#primaryimage\"},\"thumbnailUrl\":\"https:\/\/www.mundoagropecuario.cl\/new\/wp-content\/uploads\/2024\/12\/Plantilla-estandar-mundo-acuicola-22-scaled.jpg\",\"datePublished\":\"2024-12-17T15:04:29+00:00\",\"dateModified\":\"2024-12-19T15:36:26+00:00\",\"description\":\"La volatilidad mundial y el clima local marcan la producci\u00f3n de trigo, ma\u00edz y avena seg\u00fan el \u00faltimo bolet\u00edn de la SNA.\",\"breadcrumb\":{\"@id\":\"https:\/\/www.mundoagropecuario.cl\/new\/desafios-de-los-cereales-en-chile-clima-y-mercado-marcan-el-2025\/#breadcrumb\"},\"inLanguage\":\"es\",\"potentialAction\":[{\"@type\":\"ReadAction\",\"target\":[\"https:\/\/www.mundoagropecuario.cl\/new\/desafios-de-los-cereales-en-chile-clima-y-mercado-marcan-el-2025\/\"]}]},{\"@type\":\"ImageObject\",\"inLanguage\":\"es\",\"@id\":\"https:\/\/www.mundoagropecuario.cl\/new\/desafios-de-los-cereales-en-chile-clima-y-mercado-marcan-el-2025\/#primaryimage\",\"url\":\"https:\/\/www.mundoagropecuario.cl\/new\/wp-content\/uploads\/2024\/12\/Plantilla-estandar-mundo-acuicola-22-scaled.jpg\",\"contentUrl\":\"https:\/\/www.mundoagropecuario.cl\/new\/wp-content\/uploads\/2024\/12\/Plantilla-estandar-mundo-acuicola-22-scaled.jpg\",\"width\":720,\"height\":384},{\"@type\":\"BreadcrumbList\",\"@id\":\"https:\/\/www.mundoagropecuario.cl\/new\/desafios-de-los-cereales-en-chile-clima-y-mercado-marcan-el-2025\/#breadcrumb\",\"itemListElement\":[{\"@type\":\"ListItem\",\"position\":1,\"name\":\"Portada\",\"item\":\"https:\/\/www.mundoagropecuario.cl\/new\/\"},{\"@type\":\"ListItem\",\"position\":2,\"name\":\"Desaf\u00edos de los cereales en Chile: Clima y mercado marcan el 2025\"}]},{\"@type\":\"WebSite\",\"@id\":\"https:\/\/www.mundoagropecuario.cl\/new\/#website\",\"url\":\"https:\/\/www.mundoagropecuario.cl\/new\/\",\"name\":\"Mundoagropecuario\",\"description\":\"Mundo Agropecuario\",\"publisher\":{\"@id\":\"https:\/\/www.mundoagropecuario.cl\/new\/#organization\"},\"potentialAction\":[{\"@type\":\"SearchAction\",\"target\":{\"@type\":\"EntryPoint\",\"urlTemplate\":\"https:\/\/www.mundoagropecuario.cl\/new\/?s={search_term_string}\"},\"query-input\":{\"@type\":\"PropertyValueSpecification\",\"valueRequired\":true,\"valueName\":\"search_term_string\"}}],\"inLanguage\":\"es\"},{\"@type\":\"Organization\",\"@id\":\"https:\/\/www.mundoagropecuario.cl\/new\/#organization\",\"name\":\"Revista de Agricultura\",\"url\":\"https:\/\/www.mundoagropecuario.cl\/new\/\",\"logo\":{\"@type\":\"ImageObject\",\"inLanguage\":\"es\",\"@id\":\"https:\/\/www.mundoagropecuario.cl\/new\/#\/schema\/logo\/image\/\",\"url\":\"https:\/\/www.mundoagropecuario.cl\/new\/wp-content\/uploads\/2020\/11\/PORTAL-1-1.png\",\"contentUrl\":\"https:\/\/www.mundoagropecuario.cl\/new\/wp-content\/uploads\/2020\/11\/PORTAL-1-1.png\",\"width\":1026,\"height\":100,\"caption\":\"Revista de Agricultura\"},\"image\":{\"@id\":\"https:\/\/www.mundoagropecuario.cl\/new\/#\/schema\/logo\/image\/\"},\"sameAs\":[\"https:\/\/www.facebook.com\/mundo.agropecuario.3\",\"https:\/\/x.com\/MundoAgropecuar\",\"https:\/\/www.linkedin.com\/in\/mundo-agropecuario-934009201\/\"]},{\"@type\":\"Person\",\"@id\":\"https:\/\/www.mundoagropecuario.cl\/new\/#\/schema\/person\/4e9f74a82a7dac260eb1c44b7eebeb18\",\"name\":\"mundo\",\"url\":\"https:\/\/www.mundoagropecuario.cl\/new\/author\/mundo\/\"}]}<\/script>\n<!-- \/ Yoast SEO plugin. -->","yoast_head_json":{"title":"Desaf\u00edos de los cereales en Chile: Clima y mercado marcan el 2025 - Mundoagropecuario","description":"La volatilidad mundial y el clima local marcan la producci\u00f3n de trigo, ma\u00edz y avena seg\u00fan el \u00faltimo bolet\u00edn de la SNA.","robots":{"index":"index","follow":"follow","max-snippet":"max-snippet:-1","max-image-preview":"max-image-preview:large","max-video-preview":"max-video-preview:-1"},"canonical":"https:\/\/www.mundoagropecuario.cl\/new\/desafios-de-los-cereales-en-chile-clima-y-mercado-marcan-el-2025\/","og_locale":"es_ES","og_type":"article","og_title":"Desaf\u00edos de los cereales en Chile: Clima y mercado marcan el 2025 - Mundoagropecuario","og_description":"La volatilidad mundial y el clima local marcan la producci\u00f3n de trigo, ma\u00edz y avena seg\u00fan el \u00faltimo bolet\u00edn de la SNA.","og_url":"https:\/\/www.mundoagropecuario.cl\/new\/desafios-de-los-cereales-en-chile-clima-y-mercado-marcan-el-2025\/","og_site_name":"Mundoagropecuario","article_publisher":"https:\/\/www.facebook.com\/mundo.agropecuario.3","article_published_time":"2024-12-17T15:04:29+00:00","article_modified_time":"2024-12-19T15:36:26+00:00","og_image":[{"width":720,"height":384,"url":"https:\/\/www.mundoagropecuario.cl\/new\/wp-content\/uploads\/2024\/12\/Plantilla-estandar-mundo-acuicola-22-scaled.jpg","type":"image\/jpeg"}],"author":"mundo","twitter_card":"summary_large_image","twitter_creator":"@MundoAgropecuar","twitter_site":"@MundoAgropecuar","twitter_misc":{"Escrito por":"mundo","Tiempo de lectura":"2 minutos"},"schema":{"@context":"https:\/\/schema.org","@graph":[{"@type":"Article","@id":"https:\/\/www.mundoagropecuario.cl\/new\/desafios-de-los-cereales-en-chile-clima-y-mercado-marcan-el-2025\/#article","isPartOf":{"@id":"https:\/\/www.mundoagropecuario.cl\/new\/desafios-de-los-cereales-en-chile-clima-y-mercado-marcan-el-2025\/"},"author":{"name":"mundo","@id":"https:\/\/www.mundoagropecuario.cl\/new\/#\/schema\/person\/4e9f74a82a7dac260eb1c44b7eebeb18"},"headline":"Desaf\u00edos de los cereales en Chile: Clima y mercado marcan el 2025","datePublished":"2024-12-17T15:04:29+00:00","dateModified":"2024-12-19T15:36:26+00:00","mainEntityOfPage":{"@id":"https:\/\/www.mundoagropecuario.cl\/new\/desafios-de-los-cereales-en-chile-clima-y-mercado-marcan-el-2025\/"},"wordCount":428,"publisher":{"@id":"https:\/\/www.mundoagropecuario.cl\/new\/#organization"},"image":{"@id":"https:\/\/www.mundoagropecuario.cl\/new\/desafios-de-los-cereales-en-chile-clima-y-mercado-marcan-el-2025\/#primaryimage"},"thumbnailUrl":"https:\/\/www.mundoagropecuario.cl\/new\/wp-content\/uploads\/2024\/12\/Plantilla-estandar-mundo-acuicola-22-scaled.jpg","keywords":["Agricultura","agricultura chilena","avena","Bolet\u00edn de Cereales","colaboraci\u00f3n p\u00fablico privada","Cotrisa","Estados Unidos","Geocenso Agrosat","INE","Ma\u00edz","mercado global de granos","producci\u00f3n de cereales","producci\u00f3n de trigo","SNA","Sociedad Nacional de Agricultura","Trigo","USDA"],"articleSection":["Agricultura"],"inLanguage":"es"},{"@type":"WebPage","@id":"https:\/\/www.mundoagropecuario.cl\/new\/desafios-de-los-cereales-en-chile-clima-y-mercado-marcan-el-2025\/","url":"https:\/\/www.mundoagropecuario.cl\/new\/desafios-de-los-cereales-en-chile-clima-y-mercado-marcan-el-2025\/","name":"Desaf\u00edos de los cereales en Chile: Clima y mercado marcan el 2025 - Mundoagropecuario","isPartOf":{"@id":"https:\/\/www.mundoagropecuario.cl\/new\/#website"},"primaryImageOfPage":{"@id":"https:\/\/www.mundoagropecuario.cl\/new\/desafios-de-los-cereales-en-chile-clima-y-mercado-marcan-el-2025\/#primaryimage"},"image":{"@id":"https:\/\/www.mundoagropecuario.cl\/new\/desafios-de-los-cereales-en-chile-clima-y-mercado-marcan-el-2025\/#primaryimage"},"thumbnailUrl":"https:\/\/www.mundoagropecuario.cl\/new\/wp-content\/uploads\/2024\/12\/Plantilla-estandar-mundo-acuicola-22-scaled.jpg","datePublished":"2024-12-17T15:04:29+00:00","dateModified":"2024-12-19T15:36:26+00:00","description":"La volatilidad mundial y el clima local marcan la producci\u00f3n de trigo, ma\u00edz y avena seg\u00fan el \u00faltimo bolet\u00edn de la SNA.","breadcrumb":{"@id":"https:\/\/www.mundoagropecuario.cl\/new\/desafios-de-los-cereales-en-chile-clima-y-mercado-marcan-el-2025\/#breadcrumb"},"inLanguage":"es","potentialAction":[{"@type":"ReadAction","target":["https:\/\/www.mundoagropecuario.cl\/new\/desafios-de-los-cereales-en-chile-clima-y-mercado-marcan-el-2025\/"]}]},{"@type":"ImageObject","inLanguage":"es","@id":"https:\/\/www.mundoagropecuario.cl\/new\/desafios-de-los-cereales-en-chile-clima-y-mercado-marcan-el-2025\/#primaryimage","url":"https:\/\/www.mundoagropecuario.cl\/new\/wp-content\/uploads\/2024\/12\/Plantilla-estandar-mundo-acuicola-22-scaled.jpg","contentUrl":"https:\/\/www.mundoagropecuario.cl\/new\/wp-content\/uploads\/2024\/12\/Plantilla-estandar-mundo-acuicola-22-scaled.jpg","width":720,"height":384},{"@type":"BreadcrumbList","@id":"https:\/\/www.mundoagropecuario.cl\/new\/desafios-de-los-cereales-en-chile-clima-y-mercado-marcan-el-2025\/#breadcrumb","itemListElement":[{"@type":"ListItem","position":1,"name":"Portada","item":"https:\/\/www.mundoagropecuario.cl\/new\/"},{"@type":"ListItem","position":2,"name":"Desaf\u00edos de los cereales en Chile: Clima y mercado marcan el 2025"}]},{"@type":"WebSite","@id":"https:\/\/www.mundoagropecuario.cl\/new\/#website","url":"https:\/\/www.mundoagropecuario.cl\/new\/","name":"Mundoagropecuario","description":"Mundo Agropecuario","publisher":{"@id":"https:\/\/www.mundoagropecuario.cl\/new\/#organization"},"potentialAction":[{"@type":"SearchAction","target":{"@type":"EntryPoint","urlTemplate":"https:\/\/www.mundoagropecuario.cl\/new\/?s={search_term_string}"},"query-input":{"@type":"PropertyValueSpecification","valueRequired":true,"valueName":"search_term_string"}}],"inLanguage":"es"},{"@type":"Organization","@id":"https:\/\/www.mundoagropecuario.cl\/new\/#organization","name":"Revista de Agricultura","url":"https:\/\/www.mundoagropecuario.cl\/new\/","logo":{"@type":"ImageObject","inLanguage":"es","@id":"https:\/\/www.mundoagropecuario.cl\/new\/#\/schema\/logo\/image\/","url":"https:\/\/www.mundoagropecuario.cl\/new\/wp-content\/uploads\/2020\/11\/PORTAL-1-1.png","contentUrl":"https:\/\/www.mundoagropecuario.cl\/new\/wp-content\/uploads\/2020\/11\/PORTAL-1-1.png","width":1026,"height":100,"caption":"Revista de Agricultura"},"image":{"@id":"https:\/\/www.mundoagropecuario.cl\/new\/#\/schema\/logo\/image\/"},"sameAs":["https:\/\/www.facebook.com\/mundo.agropecuario.3","https:\/\/x.com\/MundoAgropecuar","https:\/\/www.linkedin.com\/in\/mundo-agropecuario-934009201\/"]},{"@type":"Person","@id":"https:\/\/www.mundoagropecuario.cl\/new\/#\/schema\/person\/4e9f74a82a7dac260eb1c44b7eebeb18","name":"mundo","url":"https:\/\/www.mundoagropecuario.cl\/new\/author\/mundo\/"}]}},"_links":{"self":[{"href":"https:\/\/www.mundoagropecuario.cl\/new\/wp-json\/wp\/v2\/posts\/26018","targetHints":{"allow":["GET"]}}],"collection":[{"href":"https:\/\/www.mundoagropecuario.cl\/new\/wp-json\/wp\/v2\/posts"}],"about":[{"href":"https:\/\/www.mundoagropecuario.cl\/new\/wp-json\/wp\/v2\/types\/post"}],"author":[{"embeddable":true,"href":"https:\/\/www.mundoagropecuario.cl\/new\/wp-json\/wp\/v2\/users\/2"}],"replies":[{"embeddable":true,"href":"https:\/\/www.mundoagropecuario.cl\/new\/wp-json\/wp\/v2\/comments?post=26018"}],"version-history":[{"count":3,"href":"https:\/\/www.mundoagropecuario.cl\/new\/wp-json\/wp\/v2\/posts\/26018\/revisions"}],"predecessor-version":[{"id":26032,"href":"https:\/\/www.mundoagropecuario.cl\/new\/wp-json\/wp\/v2\/posts\/26018\/revisions\/26032"}],"wp:featuredmedia":[{"embeddable":true,"href":"https:\/\/www.mundoagropecuario.cl\/new\/wp-json\/wp\/v2\/media\/26019"}],"wp:attachment":[{"href":"https:\/\/www.mundoagropecuario.cl\/new\/wp-json\/wp\/v2\/media?parent=26018"}],"wp:term":[{"taxonomy":"category","embeddable":true,"href":"https:\/\/www.mundoagropecuario.cl\/new\/wp-json\/wp\/v2\/categories?post=26018"},{"taxonomy":"post_tag","embeddable":true,"href":"https:\/\/www.mundoagropecuario.cl\/new\/wp-json\/wp\/v2\/tags?post=26018"}],"curies":[{"name":"wp","href":"https:\/\/api.w.org\/{rel}","templated":true}]}}