{"id":25999,"date":"2024-12-16T11:31:13","date_gmt":"2024-12-16T14:31:13","guid":{"rendered":"https:\/\/www.mundoagropecuario.cl\/new\/?p=25999"},"modified":"2024-12-18T12:17:30","modified_gmt":"2024-12-18T15:17:30","slug":"sag-recuerda-plazo-para-declaracion-de-existencia-animal","status":"publish","type":"post","link":"https:\/\/www.mundoagropecuario.cl\/new\/sag-recuerda-plazo-para-declaracion-de-existencia-animal\/","title":{"rendered":"SAG recuerda plazo para Declaraci\u00f3n de Existencia Animal"},"content":{"rendered":"<p>El Programa Oficial de Trazabilidad Animal, liderado por el Servicio Agr\u00edcola y Ganadero (SAG) establece que anualmente productores\/as de animales deben actualizar la Declaraci\u00f3n de Existencia Animal (DEA). Este proceso debe llevarse a cabo anualmente, con plazo hasta el 31 de diciembre. All\u00ed, los productores deben dar cuenta de todos los animales de inter\u00e9s productivo presentes en su predio incluyendo bovinos, ovinos, equinos, caprinos, aves de corral, entre otros.<\/p>\n<p style=\"font-weight: 400;\">\u201cCon esta informaci\u00f3n se construyen y actualizan los distintos programas que el agro desarrolla a trav\u00e9s de los distintos servicios relacionados con el Ministerio de Agricultura ya que permite configurar el n\u00famero de productores\/as vigentes y la distribuci\u00f3n de las distintas especies animales en el territorio regional\u201d, explic\u00f3 Francisco Briones, Director Regional del SAG Los Lagos.<\/p>\n<p style=\"font-weight: 400;\">Asimismo, la Declaraci\u00f3n de Existencia Animal, adem\u00e1s, permite gestionar respuestas oportunas en casos de emergencias sanitarias como la influenza aviar y naturales como nevazones, incendios y erupciones volc\u00e1nicas.<\/p>\n<h3>Requisito obligatorio<\/h3>\n<p style=\"font-weight: 400;\">Contar con este tr\u00e1mite al d\u00eda es un requisito para todos los planteles con animales, independiente de la especie, el tama\u00f1o del reba\u00f1o y la superficie involucrada. \u201cPara productores\/as de bovinos, la DEA es un requisito para la obtenci\u00f3n de Formularios de Movimiento Animal y, a partir del a\u00f1o 2025, ser\u00e1 un requisito para comprar de Dispositivos de Identificaci\u00f3n Individual Oficial, DIIOs, o aretes, restringiendo la venta a los vientres (vacas y vaquillas) que figuran en la declaraci\u00f3n vigente\u201d, mencion\u00f3 Briones.<\/p>\n<p style=\"font-weight: 400;\">La autoridad regional del SAG agreg\u00f3 que \u201cesta \u00faltima actualizaci\u00f3n permitir\u00e1 un mejor control de las existencias animales, entregar\u00e1 m\u00e1s informaci\u00f3n para el control del abigeato y evitar\u00e1 el comercio irregular de ganado\u201d, enfatiz\u00f3 Briones.<\/p>\n<p style=\"font-weight: 400;\">Cabe indicar que la Declaraci\u00f3n de Existencia Animal puede realizarse en cualquier oficina del SAG, a trav\u00e9s de los equipos de asistencia t\u00e9cnica (PRODESAL, PDTI, SAT) y de manera online a trav\u00e9s de la plataforma SIPECweb (para quienes tienen clave de usuario entregada por el SAG).<\/p>\n<p>&nbsp;<\/p>\n","protected":false},"excerpt":{"rendered":"<p>El Programa Oficial de Trazabilidad Animal, liderado por el Servicio Agr\u00edcola y Ganadero (SAG) establece que anualmente productores\/as de animales deben actualizar la Declaraci\u00f3n de Existencia Animal (DEA). Este proceso&#8230;<\/p>\n","protected":false},"author":2,"featured_media":26000,"comment_status":"closed","ping_status":"closed","sticky":false,"template":"","format":"standard","meta":{"footnotes":""},"categories":[1944],"tags":[2226,2897,2724,9303,4703,3551,7442,2035,2328,2145,3268,2091,9302,2036,6529,2585,2948,2327],"class_list":["post-25999","post","type-post","status-publish","format-standard","has-post-thumbnail","hentry","category-ganaderia","tag-abigeato","tag-aves-de-corral","tag-bovinos","tag-control-de-abigeato","tag-declaracion-de-existencia-animal","tag-equinos","tag-ganaderia-sostenible","tag-minagri","tag-ministerio-de-agricultura","tag-ovinos","tag-pdti","tag-prodesal","tag-programa-oficial-de-trazabilidad-animal","tag-sag","tag-sat","tag-servicio-agricola-y-ganadero","tag-sipecweb","tag-trazabilidad-animal"],"yoast_head":"<!-- This site is optimized with the Yoast SEO plugin v26.6 - https:\/\/yoast.com\/wordpress\/plugins\/seo\/ -->\n<title>SAG recuerda plazo para Declaraci\u00f3n de Existencia Animal - Mundoagropecuario<\/title>\n<meta name=\"description\" content=\"Productores deben notificar todos los animales de inter\u00e9s productivo presentes en su predio, con plazo hasta el 31 de diciembre.\" \/>\n<meta name=\"robots\" content=\"index, follow, max-snippet:-1, max-image-preview:large, max-video-preview:-1\" \/>\n<link rel=\"canonical\" href=\"https:\/\/www.mundoagropecuario.cl\/new\/sag-recuerda-plazo-para-declaracion-de-existencia-animal\/\" \/>\n<meta property=\"og:locale\" content=\"es_ES\" \/>\n<meta property=\"og:type\" content=\"article\" \/>\n<meta property=\"og:title\" content=\"SAG recuerda plazo para Declaraci\u00f3n de Existencia Animal - Mundoagropecuario\" \/>\n<meta property=\"og:description\" content=\"Productores deben notificar todos los animales de inter\u00e9s productivo presentes en su predio, con plazo hasta el 31 de diciembre.\" \/>\n<meta property=\"og:url\" content=\"https:\/\/www.mundoagropecuario.cl\/new\/sag-recuerda-plazo-para-declaracion-de-existencia-animal\/\" \/>\n<meta property=\"og:site_name\" content=\"Mundoagropecuario\" \/>\n<meta property=\"article:publisher\" content=\"https:\/\/www.facebook.com\/mundo.agropecuario.3\" \/>\n<meta property=\"article:published_time\" content=\"2024-12-16T14:31:13+00:00\" \/>\n<meta property=\"article:modified_time\" content=\"2024-12-18T15:17:30+00:00\" \/>\n<meta property=\"og:image\" content=\"https:\/\/www.mundoagropecuario.cl\/new\/wp-content\/uploads\/2024\/12\/Plantilla-estandar-mundo-acuicola-16-scaled.jpg\" \/>\n\t<meta property=\"og:image:width\" content=\"720\" \/>\n\t<meta property=\"og:image:height\" content=\"384\" \/>\n\t<meta property=\"og:image:type\" content=\"image\/jpeg\" \/>\n<meta name=\"author\" content=\"mundo\" \/>\n<meta name=\"twitter:card\" content=\"summary_large_image\" \/>\n<meta name=\"twitter:creator\" content=\"@MundoAgropecuar\" \/>\n<meta name=\"twitter:site\" content=\"@MundoAgropecuar\" \/>\n<meta name=\"twitter:label1\" content=\"Escrito por\" \/>\n\t<meta name=\"twitter:data1\" content=\"mundo\" \/>\n\t<meta name=\"twitter:label2\" content=\"Tiempo de lectura\" \/>\n\t<meta name=\"twitter:data2\" content=\"2 minutos\" \/>\n<script type=\"application\/ld+json\" class=\"yoast-schema-graph\">{\"@context\":\"https:\/\/schema.org\",\"@graph\":[{\"@type\":\"Article\",\"@id\":\"https:\/\/www.mundoagropecuario.cl\/new\/sag-recuerda-plazo-para-declaracion-de-existencia-animal\/#article\",\"isPartOf\":{\"@id\":\"https:\/\/www.mundoagropecuario.cl\/new\/sag-recuerda-plazo-para-declaracion-de-existencia-animal\/\"},\"author\":{\"name\":\"mundo\",\"@id\":\"https:\/\/www.mundoagropecuario.cl\/new\/#\/schema\/person\/4e9f74a82a7dac260eb1c44b7eebeb18\"},\"headline\":\"SAG recuerda plazo para Declaraci\u00f3n de Existencia Animal\",\"datePublished\":\"2024-12-16T14:31:13+00:00\",\"dateModified\":\"2024-12-18T15:17:30+00:00\",\"mainEntityOfPage\":{\"@id\":\"https:\/\/www.mundoagropecuario.cl\/new\/sag-recuerda-plazo-para-declaracion-de-existencia-animal\/\"},\"wordCount\":353,\"publisher\":{\"@id\":\"https:\/\/www.mundoagropecuario.cl\/new\/#organization\"},\"image\":{\"@id\":\"https:\/\/www.mundoagropecuario.cl\/new\/sag-recuerda-plazo-para-declaracion-de-existencia-animal\/#primaryimage\"},\"thumbnailUrl\":\"https:\/\/www.mundoagropecuario.cl\/new\/wp-content\/uploads\/2024\/12\/Plantilla-estandar-mundo-acuicola-16-scaled.jpg\",\"keywords\":[\"Abigeato\",\"aves de corral\",\"bovinos\",\"control de abigeato\",\"Declaraci\u00f3n de Existencia Animal\",\"equinos\",\"ganader\u00eda sostenible\",\"Minagri\",\"Ministerio de Agricultura\",\"Ovinos\",\"PDTI\",\"Prodesal\",\"Programa Oficial de Trazabilidad Animal\",\"SAG\",\"SAT\",\"Servicio Agr\u00edcola y Ganadero\",\"SIPECweb\",\"Trazabilidad animal\"],\"articleSection\":[\"Ganader\u00eda\"],\"inLanguage\":\"es\"},{\"@type\":\"WebPage\",\"@id\":\"https:\/\/www.mundoagropecuario.cl\/new\/sag-recuerda-plazo-para-declaracion-de-existencia-animal\/\",\"url\":\"https:\/\/www.mundoagropecuario.cl\/new\/sag-recuerda-plazo-para-declaracion-de-existencia-animal\/\",\"name\":\"SAG recuerda plazo para Declaraci\u00f3n de Existencia Animal - Mundoagropecuario\",\"isPartOf\":{\"@id\":\"https:\/\/www.mundoagropecuario.cl\/new\/#website\"},\"primaryImageOfPage\":{\"@id\":\"https:\/\/www.mundoagropecuario.cl\/new\/sag-recuerda-plazo-para-declaracion-de-existencia-animal\/#primaryimage\"},\"image\":{\"@id\":\"https:\/\/www.mundoagropecuario.cl\/new\/sag-recuerda-plazo-para-declaracion-de-existencia-animal\/#primaryimage\"},\"thumbnailUrl\":\"https:\/\/www.mundoagropecuario.cl\/new\/wp-content\/uploads\/2024\/12\/Plantilla-estandar-mundo-acuicola-16-scaled.jpg\",\"datePublished\":\"2024-12-16T14:31:13+00:00\",\"dateModified\":\"2024-12-18T15:17:30+00:00\",\"description\":\"Productores deben notificar todos los animales de inter\u00e9s productivo presentes en su predio, con plazo hasta el 31 de diciembre.\",\"breadcrumb\":{\"@id\":\"https:\/\/www.mundoagropecuario.cl\/new\/sag-recuerda-plazo-para-declaracion-de-existencia-animal\/#breadcrumb\"},\"inLanguage\":\"es\",\"potentialAction\":[{\"@type\":\"ReadAction\",\"target\":[\"https:\/\/www.mundoagropecuario.cl\/new\/sag-recuerda-plazo-para-declaracion-de-existencia-animal\/\"]}]},{\"@type\":\"ImageObject\",\"inLanguage\":\"es\",\"@id\":\"https:\/\/www.mundoagropecuario.cl\/new\/sag-recuerda-plazo-para-declaracion-de-existencia-animal\/#primaryimage\",\"url\":\"https:\/\/www.mundoagropecuario.cl\/new\/wp-content\/uploads\/2024\/12\/Plantilla-estandar-mundo-acuicola-16-scaled.jpg\",\"contentUrl\":\"https:\/\/www.mundoagropecuario.cl\/new\/wp-content\/uploads\/2024\/12\/Plantilla-estandar-mundo-acuicola-16-scaled.jpg\",\"width\":720,\"height\":384},{\"@type\":\"BreadcrumbList\",\"@id\":\"https:\/\/www.mundoagropecuario.cl\/new\/sag-recuerda-plazo-para-declaracion-de-existencia-animal\/#breadcrumb\",\"itemListElement\":[{\"@type\":\"ListItem\",\"position\":1,\"name\":\"Portada\",\"item\":\"https:\/\/www.mundoagropecuario.cl\/new\/\"},{\"@type\":\"ListItem\",\"position\":2,\"name\":\"SAG recuerda plazo para Declaraci\u00f3n de Existencia Animal\"}]},{\"@type\":\"WebSite\",\"@id\":\"https:\/\/www.mundoagropecuario.cl\/new\/#website\",\"url\":\"https:\/\/www.mundoagropecuario.cl\/new\/\",\"name\":\"Mundoagropecuario\",\"description\":\"Mundo Agropecuario\",\"publisher\":{\"@id\":\"https:\/\/www.mundoagropecuario.cl\/new\/#organization\"},\"potentialAction\":[{\"@type\":\"SearchAction\",\"target\":{\"@type\":\"EntryPoint\",\"urlTemplate\":\"https:\/\/www.mundoagropecuario.cl\/new\/?s={search_term_string}\"},\"query-input\":{\"@type\":\"PropertyValueSpecification\",\"valueRequired\":true,\"valueName\":\"search_term_string\"}}],\"inLanguage\":\"es\"},{\"@type\":\"Organization\",\"@id\":\"https:\/\/www.mundoagropecuario.cl\/new\/#organization\",\"name\":\"Revista de Agricultura\",\"url\":\"https:\/\/www.mundoagropecuario.cl\/new\/\",\"logo\":{\"@type\":\"ImageObject\",\"inLanguage\":\"es\",\"@id\":\"https:\/\/www.mundoagropecuario.cl\/new\/#\/schema\/logo\/image\/\",\"url\":\"https:\/\/www.mundoagropecuario.cl\/new\/wp-content\/uploads\/2020\/11\/PORTAL-1-1.png\",\"contentUrl\":\"https:\/\/www.mundoagropecuario.cl\/new\/wp-content\/uploads\/2020\/11\/PORTAL-1-1.png\",\"width\":1026,\"height\":100,\"caption\":\"Revista de Agricultura\"},\"image\":{\"@id\":\"https:\/\/www.mundoagropecuario.cl\/new\/#\/schema\/logo\/image\/\"},\"sameAs\":[\"https:\/\/www.facebook.com\/mundo.agropecuario.3\",\"https:\/\/x.com\/MundoAgropecuar\",\"https:\/\/www.linkedin.com\/in\/mundo-agropecuario-934009201\/\"]},{\"@type\":\"Person\",\"@id\":\"https:\/\/www.mundoagropecuario.cl\/new\/#\/schema\/person\/4e9f74a82a7dac260eb1c44b7eebeb18\",\"name\":\"mundo\",\"url\":\"https:\/\/www.mundoagropecuario.cl\/new\/author\/mundo\/\"}]}<\/script>\n<!-- \/ Yoast SEO plugin. -->","yoast_head_json":{"title":"SAG recuerda plazo para Declaraci\u00f3n de Existencia Animal - Mundoagropecuario","description":"Productores deben notificar todos los animales de inter\u00e9s productivo presentes en su predio, con plazo hasta el 31 de diciembre.","robots":{"index":"index","follow":"follow","max-snippet":"max-snippet:-1","max-image-preview":"max-image-preview:large","max-video-preview":"max-video-preview:-1"},"canonical":"https:\/\/www.mundoagropecuario.cl\/new\/sag-recuerda-plazo-para-declaracion-de-existencia-animal\/","og_locale":"es_ES","og_type":"article","og_title":"SAG recuerda plazo para Declaraci\u00f3n de Existencia Animal - Mundoagropecuario","og_description":"Productores deben notificar todos los animales de inter\u00e9s productivo presentes en su predio, con plazo hasta el 31 de diciembre.","og_url":"https:\/\/www.mundoagropecuario.cl\/new\/sag-recuerda-plazo-para-declaracion-de-existencia-animal\/","og_site_name":"Mundoagropecuario","article_publisher":"https:\/\/www.facebook.com\/mundo.agropecuario.3","article_published_time":"2024-12-16T14:31:13+00:00","article_modified_time":"2024-12-18T15:17:30+00:00","og_image":[{"width":720,"height":384,"url":"https:\/\/www.mundoagropecuario.cl\/new\/wp-content\/uploads\/2024\/12\/Plantilla-estandar-mundo-acuicola-16-scaled.jpg","type":"image\/jpeg"}],"author":"mundo","twitter_card":"summary_large_image","twitter_creator":"@MundoAgropecuar","twitter_site":"@MundoAgropecuar","twitter_misc":{"Escrito por":"mundo","Tiempo de lectura":"2 minutos"},"schema":{"@context":"https:\/\/schema.org","@graph":[{"@type":"Article","@id":"https:\/\/www.mundoagropecuario.cl\/new\/sag-recuerda-plazo-para-declaracion-de-existencia-animal\/#article","isPartOf":{"@id":"https:\/\/www.mundoagropecuario.cl\/new\/sag-recuerda-plazo-para-declaracion-de-existencia-animal\/"},"author":{"name":"mundo","@id":"https:\/\/www.mundoagropecuario.cl\/new\/#\/schema\/person\/4e9f74a82a7dac260eb1c44b7eebeb18"},"headline":"SAG recuerda plazo para Declaraci\u00f3n de Existencia Animal","datePublished":"2024-12-16T14:31:13+00:00","dateModified":"2024-12-18T15:17:30+00:00","mainEntityOfPage":{"@id":"https:\/\/www.mundoagropecuario.cl\/new\/sag-recuerda-plazo-para-declaracion-de-existencia-animal\/"},"wordCount":353,"publisher":{"@id":"https:\/\/www.mundoagropecuario.cl\/new\/#organization"},"image":{"@id":"https:\/\/www.mundoagropecuario.cl\/new\/sag-recuerda-plazo-para-declaracion-de-existencia-animal\/#primaryimage"},"thumbnailUrl":"https:\/\/www.mundoagropecuario.cl\/new\/wp-content\/uploads\/2024\/12\/Plantilla-estandar-mundo-acuicola-16-scaled.jpg","keywords":["Abigeato","aves de corral","bovinos","control de abigeato","Declaraci\u00f3n de Existencia Animal","equinos","ganader\u00eda sostenible","Minagri","Ministerio de Agricultura","Ovinos","PDTI","Prodesal","Programa Oficial de Trazabilidad Animal","SAG","SAT","Servicio Agr\u00edcola y Ganadero","SIPECweb","Trazabilidad animal"],"articleSection":["Ganader\u00eda"],"inLanguage":"es"},{"@type":"WebPage","@id":"https:\/\/www.mundoagropecuario.cl\/new\/sag-recuerda-plazo-para-declaracion-de-existencia-animal\/","url":"https:\/\/www.mundoagropecuario.cl\/new\/sag-recuerda-plazo-para-declaracion-de-existencia-animal\/","name":"SAG recuerda plazo para Declaraci\u00f3n de Existencia Animal - Mundoagropecuario","isPartOf":{"@id":"https:\/\/www.mundoagropecuario.cl\/new\/#website"},"primaryImageOfPage":{"@id":"https:\/\/www.mundoagropecuario.cl\/new\/sag-recuerda-plazo-para-declaracion-de-existencia-animal\/#primaryimage"},"image":{"@id":"https:\/\/www.mundoagropecuario.cl\/new\/sag-recuerda-plazo-para-declaracion-de-existencia-animal\/#primaryimage"},"thumbnailUrl":"https:\/\/www.mundoagropecuario.cl\/new\/wp-content\/uploads\/2024\/12\/Plantilla-estandar-mundo-acuicola-16-scaled.jpg","datePublished":"2024-12-16T14:31:13+00:00","dateModified":"2024-12-18T15:17:30+00:00","description":"Productores deben notificar todos los animales de inter\u00e9s productivo presentes en su predio, con plazo hasta el 31 de diciembre.","breadcrumb":{"@id":"https:\/\/www.mundoagropecuario.cl\/new\/sag-recuerda-plazo-para-declaracion-de-existencia-animal\/#breadcrumb"},"inLanguage":"es","potentialAction":[{"@type":"ReadAction","target":["https:\/\/www.mundoagropecuario.cl\/new\/sag-recuerda-plazo-para-declaracion-de-existencia-animal\/"]}]},{"@type":"ImageObject","inLanguage":"es","@id":"https:\/\/www.mundoagropecuario.cl\/new\/sag-recuerda-plazo-para-declaracion-de-existencia-animal\/#primaryimage","url":"https:\/\/www.mundoagropecuario.cl\/new\/wp-content\/uploads\/2024\/12\/Plantilla-estandar-mundo-acuicola-16-scaled.jpg","contentUrl":"https:\/\/www.mundoagropecuario.cl\/new\/wp-content\/uploads\/2024\/12\/Plantilla-estandar-mundo-acuicola-16-scaled.jpg","width":720,"height":384},{"@type":"BreadcrumbList","@id":"https:\/\/www.mundoagropecuario.cl\/new\/sag-recuerda-plazo-para-declaracion-de-existencia-animal\/#breadcrumb","itemListElement":[{"@type":"ListItem","position":1,"name":"Portada","item":"https:\/\/www.mundoagropecuario.cl\/new\/"},{"@type":"ListItem","position":2,"name":"SAG recuerda plazo para Declaraci\u00f3n de Existencia Animal"}]},{"@type":"WebSite","@id":"https:\/\/www.mundoagropecuario.cl\/new\/#website","url":"https:\/\/www.mundoagropecuario.cl\/new\/","name":"Mundoagropecuario","description":"Mundo Agropecuario","publisher":{"@id":"https:\/\/www.mundoagropecuario.cl\/new\/#organization"},"potentialAction":[{"@type":"SearchAction","target":{"@type":"EntryPoint","urlTemplate":"https:\/\/www.mundoagropecuario.cl\/new\/?s={search_term_string}"},"query-input":{"@type":"PropertyValueSpecification","valueRequired":true,"valueName":"search_term_string"}}],"inLanguage":"es"},{"@type":"Organization","@id":"https:\/\/www.mundoagropecuario.cl\/new\/#organization","name":"Revista de Agricultura","url":"https:\/\/www.mundoagropecuario.cl\/new\/","logo":{"@type":"ImageObject","inLanguage":"es","@id":"https:\/\/www.mundoagropecuario.cl\/new\/#\/schema\/logo\/image\/","url":"https:\/\/www.mundoagropecuario.cl\/new\/wp-content\/uploads\/2020\/11\/PORTAL-1-1.png","contentUrl":"https:\/\/www.mundoagropecuario.cl\/new\/wp-content\/uploads\/2020\/11\/PORTAL-1-1.png","width":1026,"height":100,"caption":"Revista de Agricultura"},"image":{"@id":"https:\/\/www.mundoagropecuario.cl\/new\/#\/schema\/logo\/image\/"},"sameAs":["https:\/\/www.facebook.com\/mundo.agropecuario.3","https:\/\/x.com\/MundoAgropecuar","https:\/\/www.linkedin.com\/in\/mundo-agropecuario-934009201\/"]},{"@type":"Person","@id":"https:\/\/www.mundoagropecuario.cl\/new\/#\/schema\/person\/4e9f74a82a7dac260eb1c44b7eebeb18","name":"mundo","url":"https:\/\/www.mundoagropecuario.cl\/new\/author\/mundo\/"}]}},"_links":{"self":[{"href":"https:\/\/www.mundoagropecuario.cl\/new\/wp-json\/wp\/v2\/posts\/25999","targetHints":{"allow":["GET"]}}],"collection":[{"href":"https:\/\/www.mundoagropecuario.cl\/new\/wp-json\/wp\/v2\/posts"}],"about":[{"href":"https:\/\/www.mundoagropecuario.cl\/new\/wp-json\/wp\/v2\/types\/post"}],"author":[{"embeddable":true,"href":"https:\/\/www.mundoagropecuario.cl\/new\/wp-json\/wp\/v2\/users\/2"}],"replies":[{"embeddable":true,"href":"https:\/\/www.mundoagropecuario.cl\/new\/wp-json\/wp\/v2\/comments?post=25999"}],"version-history":[{"count":1,"href":"https:\/\/www.mundoagropecuario.cl\/new\/wp-json\/wp\/v2\/posts\/25999\/revisions"}],"predecessor-version":[{"id":26001,"href":"https:\/\/www.mundoagropecuario.cl\/new\/wp-json\/wp\/v2\/posts\/25999\/revisions\/26001"}],"wp:featuredmedia":[{"embeddable":true,"href":"https:\/\/www.mundoagropecuario.cl\/new\/wp-json\/wp\/v2\/media\/26000"}],"wp:attachment":[{"href":"https:\/\/www.mundoagropecuario.cl\/new\/wp-json\/wp\/v2\/media?parent=25999"}],"wp:term":[{"taxonomy":"category","embeddable":true,"href":"https:\/\/www.mundoagropecuario.cl\/new\/wp-json\/wp\/v2\/categories?post=25999"},{"taxonomy":"post_tag","embeddable":true,"href":"https:\/\/www.mundoagropecuario.cl\/new\/wp-json\/wp\/v2\/tags?post=25999"}],"curies":[{"name":"wp","href":"https:\/\/api.w.org\/{rel}","templated":true}]}}