{"id":25993,"date":"2024-12-12T11:49:56","date_gmt":"2024-12-12T14:49:56","guid":{"rendered":"https:\/\/www.mundoagropecuario.cl\/new\/?p=25993"},"modified":"2024-12-17T18:01:31","modified_gmt":"2024-12-17T21:01:31","slug":"exportaciones-silvoagropecuarias-crecieron-en-11-este-ano","status":"publish","type":"post","link":"https:\/\/www.mundoagropecuario.cl\/new\/exportaciones-silvoagropecuarias-crecieron-en-11-este-ano\/","title":{"rendered":"Exportaciones silvoagropecuarias crecieron en 11% este a\u00f1o"},"content":{"rendered":"<p class=\"v1MsoNormal\"><span lang=\"ES-CL\">La Oficina de Estudios y Pol\u00edticas Agrarias (Odepa) inform\u00f3 que en enero-noviembre de 2024, los embarques silvoagropecuarios se incrementaron en 11%, comparado con igual lapso del a\u00f1o anterior.<u><\/u><u><\/u><\/span><\/p>\n<p class=\"v1MsoNormal\"><span lang=\"ES-CL\">En las fechas se\u00f1aladas, los env\u00edos agr\u00edcolas anotaron USD 11.414 millones, con un aumento de 11%. Los embarques pecuarios llegaron a USD 1.526 millones, con un incremento de 6%. Las exportaciones forestales registraron USD 5.198 millones, con un crecimiento de 12%.<u><\/u><u><\/u><\/span><\/p>\n<h3>De calidad<\/h3>\n<p class=\"v1MsoNormal\"><span lang=\"ES-CL\">&#8220;Estas cifras dan cuenta de que estamos entregando productos de calidad a los distintos mercados a los que exportamos, entre los que destacan China y EE.UU&#8221;, sostuvo el ministro de Agricultura, Esteban Valenzuela.<u><\/u><u><\/u><\/span><\/p>\n<p class=\"v1MsoNormal\"><span lang=\"ES-CL\">Asimismo, el secretario de Estado explic\u00f3 que &#8220;precisamente desde el ministerio estamos impulsando la Agenda de Competitividad Agroexportadora Sustentable que no es solo una herramienta de pol\u00edtica p\u00fablica; es un s\u00edmbolo del compromiso de Chile con la innovaci\u00f3n, la calidad y la sustentabilidad, consolidando su lugar como un l\u00edder mundial a nivel silvoagropecuario&#8221;.<u><\/u><u><\/u><\/span><\/p>\n<p class=\"v1MsoNormal\"><span lang=\"ES-CL\">Siempre en las fechas mencionadas, las importaciones sectoriales aumentaron en 0,5%. Las importaciones agr\u00edcolas llegaron a USD 5.101 millones, con una variaci\u00f3n negativa de 0,7%. Las internaciones pecuarias anotaron USD 2.600 millones de d\u00f3lares con un incremento de 3,6%. Las importaciones forestales registraron USD 212 millones, con un decrecimiento de 6,5%.<u><\/u><u><\/u><\/span><\/p>\n<p class=\"v1MsoNormal\"><span lang=\"ES-CL\">La balanza comercial agropecuaria y forestal anot\u00f3 USD 10.225 millones, con un aumento de 21%.\u00a0\u00a0\u00a0\u00a0<u><\/u><u><\/u><\/span><\/p>\n","protected":false},"excerpt":{"rendered":"<p>En enero-noviembre de 2024, las exportaciones forestales y agropecuarias crecieron en 11%, comparado con igual per\u00edodo del a\u00f1o anterior. <\/p>\n","protected":false},"author":2,"featured_media":25994,"comment_status":"closed","ping_status":"closed","sticky":false,"template":"","format":"standard","meta":{"footnotes":""},"categories":[1945],"tags":[3127,8872,2170,9298,9176,9299,516,5492,6261,2187,2035,2328,2066,9197,7348,2358],"class_list":["post-25993","post","type-post","status-publish","format-standard","has-post-thumbnail","hentry","category-agricultura","tag-agro","tag-agropecuarias-y-forestales","tag-china","tag-comercio-exterior-agricola","tag-comercio-internacional","tag-crecimiento-exportador","tag-estados-unidos","tag-exportaciones-forestales","tag-exportaciones-silvoagropecuarias","tag-ganaderia","tag-minagri","tag-ministerio-de-agricultura","tag-odepa","tag-sector-agropecuario","tag-sector-forestal","tag-silvoagropecuario"],"yoast_head":"<!-- This site is optimized with the Yoast SEO plugin v26.6 - https:\/\/yoast.com\/wordpress\/plugins\/seo\/ -->\n<title>Exportaciones silvoagropecuarias crecieron en 11% este a\u00f1o - Mundoagropecuario<\/title>\n<meta name=\"description\" content=\"En enero-noviembre de 2024, las exportaciones forestales y agropecuarias crecieron en 11%, comparado con igual per\u00edodo del a\u00f1o anterior.\" \/>\n<meta name=\"robots\" content=\"index, follow, max-snippet:-1, max-image-preview:large, max-video-preview:-1\" \/>\n<link rel=\"canonical\" href=\"https:\/\/www.mundoagropecuario.cl\/new\/exportaciones-silvoagropecuarias-crecieron-en-11-este-ano\/\" \/>\n<meta property=\"og:locale\" content=\"es_ES\" \/>\n<meta property=\"og:type\" content=\"article\" \/>\n<meta property=\"og:title\" content=\"Exportaciones silvoagropecuarias crecieron en 11% este a\u00f1o - Mundoagropecuario\" \/>\n<meta property=\"og:description\" content=\"En enero-noviembre de 2024, las exportaciones forestales y agropecuarias crecieron en 11%, comparado con igual per\u00edodo del a\u00f1o anterior.\" \/>\n<meta property=\"og:url\" content=\"https:\/\/www.mundoagropecuario.cl\/new\/exportaciones-silvoagropecuarias-crecieron-en-11-este-ano\/\" \/>\n<meta property=\"og:site_name\" content=\"Mundoagropecuario\" \/>\n<meta property=\"article:publisher\" content=\"https:\/\/www.facebook.com\/mundo.agropecuario.3\" \/>\n<meta property=\"article:published_time\" content=\"2024-12-12T14:49:56+00:00\" \/>\n<meta property=\"article:modified_time\" content=\"2024-12-17T21:01:31+00:00\" \/>\n<meta property=\"og:image\" content=\"https:\/\/www.mundoagropecuario.cl\/new\/wp-content\/uploads\/2024\/12\/Plantilla-estandar-mundo-acuicola-14-scaled.jpg\" \/>\n\t<meta property=\"og:image:width\" content=\"720\" \/>\n\t<meta property=\"og:image:height\" content=\"384\" \/>\n\t<meta property=\"og:image:type\" content=\"image\/jpeg\" \/>\n<meta name=\"author\" content=\"mundo\" \/>\n<meta name=\"twitter:card\" content=\"summary_large_image\" \/>\n<meta name=\"twitter:creator\" content=\"@MundoAgropecuar\" \/>\n<meta name=\"twitter:site\" content=\"@MundoAgropecuar\" \/>\n<meta name=\"twitter:label1\" content=\"Escrito por\" \/>\n\t<meta name=\"twitter:data1\" content=\"mundo\" \/>\n\t<meta name=\"twitter:label2\" content=\"Tiempo de lectura\" \/>\n\t<meta name=\"twitter:data2\" content=\"2 minutos\" \/>\n<script type=\"application\/ld+json\" class=\"yoast-schema-graph\">{\"@context\":\"https:\/\/schema.org\",\"@graph\":[{\"@type\":\"Article\",\"@id\":\"https:\/\/www.mundoagropecuario.cl\/new\/exportaciones-silvoagropecuarias-crecieron-en-11-este-ano\/#article\",\"isPartOf\":{\"@id\":\"https:\/\/www.mundoagropecuario.cl\/new\/exportaciones-silvoagropecuarias-crecieron-en-11-este-ano\/\"},\"author\":{\"name\":\"mundo\",\"@id\":\"https:\/\/www.mundoagropecuario.cl\/new\/#\/schema\/person\/4e9f74a82a7dac260eb1c44b7eebeb18\"},\"headline\":\"Exportaciones silvoagropecuarias crecieron en 11% este a\u00f1o\",\"datePublished\":\"2024-12-12T14:49:56+00:00\",\"dateModified\":\"2024-12-17T21:01:31+00:00\",\"mainEntityOfPage\":{\"@id\":\"https:\/\/www.mundoagropecuario.cl\/new\/exportaciones-silvoagropecuarias-crecieron-en-11-este-ano\/\"},\"wordCount\":227,\"publisher\":{\"@id\":\"https:\/\/www.mundoagropecuario.cl\/new\/#organization\"},\"image\":{\"@id\":\"https:\/\/www.mundoagropecuario.cl\/new\/exportaciones-silvoagropecuarias-crecieron-en-11-este-ano\/#primaryimage\"},\"thumbnailUrl\":\"https:\/\/www.mundoagropecuario.cl\/new\/wp-content\/uploads\/2024\/12\/Plantilla-estandar-mundo-acuicola-14-scaled.jpg\",\"keywords\":[\"Agro\",\"agropecuarias y forestales\",\"China\",\"comercio exterior agr\u00edcola\",\"comercio internacional\",\"crecimiento exportador\",\"Estados Unidos\",\"Exportaciones forestales\",\"Exportaciones Silvoagropecuarias\",\"Ganader\u00eda\",\"Minagri\",\"Ministerio de Agricultura\",\"Odepa\",\"sector agropecuario\",\"Sector forestal\",\"Silvoagropecuario\"],\"articleSection\":[\"Agricultura\"],\"inLanguage\":\"es\"},{\"@type\":\"WebPage\",\"@id\":\"https:\/\/www.mundoagropecuario.cl\/new\/exportaciones-silvoagropecuarias-crecieron-en-11-este-ano\/\",\"url\":\"https:\/\/www.mundoagropecuario.cl\/new\/exportaciones-silvoagropecuarias-crecieron-en-11-este-ano\/\",\"name\":\"Exportaciones silvoagropecuarias crecieron en 11% este a\u00f1o - Mundoagropecuario\",\"isPartOf\":{\"@id\":\"https:\/\/www.mundoagropecuario.cl\/new\/#website\"},\"primaryImageOfPage\":{\"@id\":\"https:\/\/www.mundoagropecuario.cl\/new\/exportaciones-silvoagropecuarias-crecieron-en-11-este-ano\/#primaryimage\"},\"image\":{\"@id\":\"https:\/\/www.mundoagropecuario.cl\/new\/exportaciones-silvoagropecuarias-crecieron-en-11-este-ano\/#primaryimage\"},\"thumbnailUrl\":\"https:\/\/www.mundoagropecuario.cl\/new\/wp-content\/uploads\/2024\/12\/Plantilla-estandar-mundo-acuicola-14-scaled.jpg\",\"datePublished\":\"2024-12-12T14:49:56+00:00\",\"dateModified\":\"2024-12-17T21:01:31+00:00\",\"description\":\"En enero-noviembre de 2024, las exportaciones forestales y agropecuarias crecieron en 11%, comparado con igual per\u00edodo del a\u00f1o anterior.\",\"breadcrumb\":{\"@id\":\"https:\/\/www.mundoagropecuario.cl\/new\/exportaciones-silvoagropecuarias-crecieron-en-11-este-ano\/#breadcrumb\"},\"inLanguage\":\"es\",\"potentialAction\":[{\"@type\":\"ReadAction\",\"target\":[\"https:\/\/www.mundoagropecuario.cl\/new\/exportaciones-silvoagropecuarias-crecieron-en-11-este-ano\/\"]}]},{\"@type\":\"ImageObject\",\"inLanguage\":\"es\",\"@id\":\"https:\/\/www.mundoagropecuario.cl\/new\/exportaciones-silvoagropecuarias-crecieron-en-11-este-ano\/#primaryimage\",\"url\":\"https:\/\/www.mundoagropecuario.cl\/new\/wp-content\/uploads\/2024\/12\/Plantilla-estandar-mundo-acuicola-14-scaled.jpg\",\"contentUrl\":\"https:\/\/www.mundoagropecuario.cl\/new\/wp-content\/uploads\/2024\/12\/Plantilla-estandar-mundo-acuicola-14-scaled.jpg\",\"width\":720,\"height\":384},{\"@type\":\"BreadcrumbList\",\"@id\":\"https:\/\/www.mundoagropecuario.cl\/new\/exportaciones-silvoagropecuarias-crecieron-en-11-este-ano\/#breadcrumb\",\"itemListElement\":[{\"@type\":\"ListItem\",\"position\":1,\"name\":\"Portada\",\"item\":\"https:\/\/www.mundoagropecuario.cl\/new\/\"},{\"@type\":\"ListItem\",\"position\":2,\"name\":\"Exportaciones silvoagropecuarias crecieron en 11% este a\u00f1o\"}]},{\"@type\":\"WebSite\",\"@id\":\"https:\/\/www.mundoagropecuario.cl\/new\/#website\",\"url\":\"https:\/\/www.mundoagropecuario.cl\/new\/\",\"name\":\"Mundoagropecuario\",\"description\":\"Mundo Agropecuario\",\"publisher\":{\"@id\":\"https:\/\/www.mundoagropecuario.cl\/new\/#organization\"},\"potentialAction\":[{\"@type\":\"SearchAction\",\"target\":{\"@type\":\"EntryPoint\",\"urlTemplate\":\"https:\/\/www.mundoagropecuario.cl\/new\/?s={search_term_string}\"},\"query-input\":{\"@type\":\"PropertyValueSpecification\",\"valueRequired\":true,\"valueName\":\"search_term_string\"}}],\"inLanguage\":\"es\"},{\"@type\":\"Organization\",\"@id\":\"https:\/\/www.mundoagropecuario.cl\/new\/#organization\",\"name\":\"Revista de Agricultura\",\"url\":\"https:\/\/www.mundoagropecuario.cl\/new\/\",\"logo\":{\"@type\":\"ImageObject\",\"inLanguage\":\"es\",\"@id\":\"https:\/\/www.mundoagropecuario.cl\/new\/#\/schema\/logo\/image\/\",\"url\":\"https:\/\/www.mundoagropecuario.cl\/new\/wp-content\/uploads\/2020\/11\/PORTAL-1-1.png\",\"contentUrl\":\"https:\/\/www.mundoagropecuario.cl\/new\/wp-content\/uploads\/2020\/11\/PORTAL-1-1.png\",\"width\":1026,\"height\":100,\"caption\":\"Revista de Agricultura\"},\"image\":{\"@id\":\"https:\/\/www.mundoagropecuario.cl\/new\/#\/schema\/logo\/image\/\"},\"sameAs\":[\"https:\/\/www.facebook.com\/mundo.agropecuario.3\",\"https:\/\/x.com\/MundoAgropecuar\",\"https:\/\/www.linkedin.com\/in\/mundo-agropecuario-934009201\/\"]},{\"@type\":\"Person\",\"@id\":\"https:\/\/www.mundoagropecuario.cl\/new\/#\/schema\/person\/4e9f74a82a7dac260eb1c44b7eebeb18\",\"name\":\"mundo\",\"url\":\"https:\/\/www.mundoagropecuario.cl\/new\/author\/mundo\/\"}]}<\/script>\n<!-- \/ Yoast SEO plugin. -->","yoast_head_json":{"title":"Exportaciones silvoagropecuarias crecieron en 11% este a\u00f1o - Mundoagropecuario","description":"En enero-noviembre de 2024, las exportaciones forestales y agropecuarias crecieron en 11%, comparado con igual per\u00edodo del a\u00f1o anterior.","robots":{"index":"index","follow":"follow","max-snippet":"max-snippet:-1","max-image-preview":"max-image-preview:large","max-video-preview":"max-video-preview:-1"},"canonical":"https:\/\/www.mundoagropecuario.cl\/new\/exportaciones-silvoagropecuarias-crecieron-en-11-este-ano\/","og_locale":"es_ES","og_type":"article","og_title":"Exportaciones silvoagropecuarias crecieron en 11% este a\u00f1o - Mundoagropecuario","og_description":"En enero-noviembre de 2024, las exportaciones forestales y agropecuarias crecieron en 11%, comparado con igual per\u00edodo del a\u00f1o anterior.","og_url":"https:\/\/www.mundoagropecuario.cl\/new\/exportaciones-silvoagropecuarias-crecieron-en-11-este-ano\/","og_site_name":"Mundoagropecuario","article_publisher":"https:\/\/www.facebook.com\/mundo.agropecuario.3","article_published_time":"2024-12-12T14:49:56+00:00","article_modified_time":"2024-12-17T21:01:31+00:00","og_image":[{"width":720,"height":384,"url":"https:\/\/www.mundoagropecuario.cl\/new\/wp-content\/uploads\/2024\/12\/Plantilla-estandar-mundo-acuicola-14-scaled.jpg","type":"image\/jpeg"}],"author":"mundo","twitter_card":"summary_large_image","twitter_creator":"@MundoAgropecuar","twitter_site":"@MundoAgropecuar","twitter_misc":{"Escrito por":"mundo","Tiempo de lectura":"2 minutos"},"schema":{"@context":"https:\/\/schema.org","@graph":[{"@type":"Article","@id":"https:\/\/www.mundoagropecuario.cl\/new\/exportaciones-silvoagropecuarias-crecieron-en-11-este-ano\/#article","isPartOf":{"@id":"https:\/\/www.mundoagropecuario.cl\/new\/exportaciones-silvoagropecuarias-crecieron-en-11-este-ano\/"},"author":{"name":"mundo","@id":"https:\/\/www.mundoagropecuario.cl\/new\/#\/schema\/person\/4e9f74a82a7dac260eb1c44b7eebeb18"},"headline":"Exportaciones silvoagropecuarias crecieron en 11% este a\u00f1o","datePublished":"2024-12-12T14:49:56+00:00","dateModified":"2024-12-17T21:01:31+00:00","mainEntityOfPage":{"@id":"https:\/\/www.mundoagropecuario.cl\/new\/exportaciones-silvoagropecuarias-crecieron-en-11-este-ano\/"},"wordCount":227,"publisher":{"@id":"https:\/\/www.mundoagropecuario.cl\/new\/#organization"},"image":{"@id":"https:\/\/www.mundoagropecuario.cl\/new\/exportaciones-silvoagropecuarias-crecieron-en-11-este-ano\/#primaryimage"},"thumbnailUrl":"https:\/\/www.mundoagropecuario.cl\/new\/wp-content\/uploads\/2024\/12\/Plantilla-estandar-mundo-acuicola-14-scaled.jpg","keywords":["Agro","agropecuarias y forestales","China","comercio exterior agr\u00edcola","comercio internacional","crecimiento exportador","Estados Unidos","Exportaciones forestales","Exportaciones Silvoagropecuarias","Ganader\u00eda","Minagri","Ministerio de Agricultura","Odepa","sector agropecuario","Sector forestal","Silvoagropecuario"],"articleSection":["Agricultura"],"inLanguage":"es"},{"@type":"WebPage","@id":"https:\/\/www.mundoagropecuario.cl\/new\/exportaciones-silvoagropecuarias-crecieron-en-11-este-ano\/","url":"https:\/\/www.mundoagropecuario.cl\/new\/exportaciones-silvoagropecuarias-crecieron-en-11-este-ano\/","name":"Exportaciones silvoagropecuarias crecieron en 11% este a\u00f1o - Mundoagropecuario","isPartOf":{"@id":"https:\/\/www.mundoagropecuario.cl\/new\/#website"},"primaryImageOfPage":{"@id":"https:\/\/www.mundoagropecuario.cl\/new\/exportaciones-silvoagropecuarias-crecieron-en-11-este-ano\/#primaryimage"},"image":{"@id":"https:\/\/www.mundoagropecuario.cl\/new\/exportaciones-silvoagropecuarias-crecieron-en-11-este-ano\/#primaryimage"},"thumbnailUrl":"https:\/\/www.mundoagropecuario.cl\/new\/wp-content\/uploads\/2024\/12\/Plantilla-estandar-mundo-acuicola-14-scaled.jpg","datePublished":"2024-12-12T14:49:56+00:00","dateModified":"2024-12-17T21:01:31+00:00","description":"En enero-noviembre de 2024, las exportaciones forestales y agropecuarias crecieron en 11%, comparado con igual per\u00edodo del a\u00f1o anterior.","breadcrumb":{"@id":"https:\/\/www.mundoagropecuario.cl\/new\/exportaciones-silvoagropecuarias-crecieron-en-11-este-ano\/#breadcrumb"},"inLanguage":"es","potentialAction":[{"@type":"ReadAction","target":["https:\/\/www.mundoagropecuario.cl\/new\/exportaciones-silvoagropecuarias-crecieron-en-11-este-ano\/"]}]},{"@type":"ImageObject","inLanguage":"es","@id":"https:\/\/www.mundoagropecuario.cl\/new\/exportaciones-silvoagropecuarias-crecieron-en-11-este-ano\/#primaryimage","url":"https:\/\/www.mundoagropecuario.cl\/new\/wp-content\/uploads\/2024\/12\/Plantilla-estandar-mundo-acuicola-14-scaled.jpg","contentUrl":"https:\/\/www.mundoagropecuario.cl\/new\/wp-content\/uploads\/2024\/12\/Plantilla-estandar-mundo-acuicola-14-scaled.jpg","width":720,"height":384},{"@type":"BreadcrumbList","@id":"https:\/\/www.mundoagropecuario.cl\/new\/exportaciones-silvoagropecuarias-crecieron-en-11-este-ano\/#breadcrumb","itemListElement":[{"@type":"ListItem","position":1,"name":"Portada","item":"https:\/\/www.mundoagropecuario.cl\/new\/"},{"@type":"ListItem","position":2,"name":"Exportaciones silvoagropecuarias crecieron en 11% este a\u00f1o"}]},{"@type":"WebSite","@id":"https:\/\/www.mundoagropecuario.cl\/new\/#website","url":"https:\/\/www.mundoagropecuario.cl\/new\/","name":"Mundoagropecuario","description":"Mundo Agropecuario","publisher":{"@id":"https:\/\/www.mundoagropecuario.cl\/new\/#organization"},"potentialAction":[{"@type":"SearchAction","target":{"@type":"EntryPoint","urlTemplate":"https:\/\/www.mundoagropecuario.cl\/new\/?s={search_term_string}"},"query-input":{"@type":"PropertyValueSpecification","valueRequired":true,"valueName":"search_term_string"}}],"inLanguage":"es"},{"@type":"Organization","@id":"https:\/\/www.mundoagropecuario.cl\/new\/#organization","name":"Revista de Agricultura","url":"https:\/\/www.mundoagropecuario.cl\/new\/","logo":{"@type":"ImageObject","inLanguage":"es","@id":"https:\/\/www.mundoagropecuario.cl\/new\/#\/schema\/logo\/image\/","url":"https:\/\/www.mundoagropecuario.cl\/new\/wp-content\/uploads\/2020\/11\/PORTAL-1-1.png","contentUrl":"https:\/\/www.mundoagropecuario.cl\/new\/wp-content\/uploads\/2020\/11\/PORTAL-1-1.png","width":1026,"height":100,"caption":"Revista de Agricultura"},"image":{"@id":"https:\/\/www.mundoagropecuario.cl\/new\/#\/schema\/logo\/image\/"},"sameAs":["https:\/\/www.facebook.com\/mundo.agropecuario.3","https:\/\/x.com\/MundoAgropecuar","https:\/\/www.linkedin.com\/in\/mundo-agropecuario-934009201\/"]},{"@type":"Person","@id":"https:\/\/www.mundoagropecuario.cl\/new\/#\/schema\/person\/4e9f74a82a7dac260eb1c44b7eebeb18","name":"mundo","url":"https:\/\/www.mundoagropecuario.cl\/new\/author\/mundo\/"}]}},"_links":{"self":[{"href":"https:\/\/www.mundoagropecuario.cl\/new\/wp-json\/wp\/v2\/posts\/25993","targetHints":{"allow":["GET"]}}],"collection":[{"href":"https:\/\/www.mundoagropecuario.cl\/new\/wp-json\/wp\/v2\/posts"}],"about":[{"href":"https:\/\/www.mundoagropecuario.cl\/new\/wp-json\/wp\/v2\/types\/post"}],"author":[{"embeddable":true,"href":"https:\/\/www.mundoagropecuario.cl\/new\/wp-json\/wp\/v2\/users\/2"}],"replies":[{"embeddable":true,"href":"https:\/\/www.mundoagropecuario.cl\/new\/wp-json\/wp\/v2\/comments?post=25993"}],"version-history":[{"count":1,"href":"https:\/\/www.mundoagropecuario.cl\/new\/wp-json\/wp\/v2\/posts\/25993\/revisions"}],"predecessor-version":[{"id":25995,"href":"https:\/\/www.mundoagropecuario.cl\/new\/wp-json\/wp\/v2\/posts\/25993\/revisions\/25995"}],"wp:featuredmedia":[{"embeddable":true,"href":"https:\/\/www.mundoagropecuario.cl\/new\/wp-json\/wp\/v2\/media\/25994"}],"wp:attachment":[{"href":"https:\/\/www.mundoagropecuario.cl\/new\/wp-json\/wp\/v2\/media?parent=25993"}],"wp:term":[{"taxonomy":"category","embeddable":true,"href":"https:\/\/www.mundoagropecuario.cl\/new\/wp-json\/wp\/v2\/categories?post=25993"},{"taxonomy":"post_tag","embeddable":true,"href":"https:\/\/www.mundoagropecuario.cl\/new\/wp-json\/wp\/v2\/tags?post=25993"}],"curies":[{"name":"wp","href":"https:\/\/api.w.org\/{rel}","templated":true}]}}