{"id":25989,"date":"2024-12-12T11:06:46","date_gmt":"2024-12-12T14:06:46","guid":{"rendered":"https:\/\/www.mundoagropecuario.cl\/new\/?p=25989"},"modified":"2024-12-16T12:19:55","modified_gmt":"2024-12-16T15:19:55","slug":"profesores-de-los-rios-y-los-lagos-se-capacitaron-en-argentina","status":"publish","type":"post","link":"https:\/\/www.mundoagropecuario.cl\/new\/profesores-de-los-rios-y-los-lagos-se-capacitaron-en-argentina\/","title":{"rendered":"Profesores de Los R\u00edos y Los Lagos se capacitaron en Argentina"},"content":{"rendered":"<p>Con el objetivo de fortalecer la formaci\u00f3n t\u00e9cnica y pedag\u00f3gica de los docentes de liceos agropecuarios del Grupo de Extensi\u00f3n Tecnol\u00f3gica (GET) Educacional de las regiones de Los Lagos y Los R\u00edos que coordina el Instituto de Investigaciones Agropecuarias (INIA), se realiz\u00f3 una gira tecnol\u00f3gica a las provincias de R\u00edo Negro y Chubut en Argentina.<\/p>\n<p>La actividad fue organizada por los profesores del GET, con el apoyo del Instituto de Investigaciones Agropecuarias (INIA) y otras instituciones, reafirmando su compromiso con el desarrollo de capacidades docentes y estudiantiles.<\/p>\n<p>Durante la gira, los docentes exploraron dos sistemas productivos sostenibles: la agricultura biointensiva y la ganader\u00eda org\u00e1nica. Una de las principales actividades fue un curso intensivo sobre sistemas org\u00e1nicos biointensivos, impartido en el Centro de Investigaci\u00f3n y Experimentaci\u00f3n en Agricultura Sostenible (CIESA), en Lago Puelo, Chubut.<\/p>\n<p>El curso fue dictado por los reconocidos especialistas Fernando P\u00eda, fundador de CIESA y referente internacional en agricultura biointensiva, con m\u00e1s de 25 a\u00f1os de experiencia en este sistema y Mar\u00eda In\u00e9s Gache, experta en alimentaci\u00f3n macrobi\u00f3tica y creadora de recetas saludables ampliamente utilizadas en Argentina y otros pa\u00edses.<\/p>\n<h3>Materias<\/h3>\n<p><a href=\"https:\/\/www.mundoagropecuario.cl\/new\/wp-content\/uploads\/2024\/12\/Gira-1-scaled.jpeg\"><img loading=\"lazy\" decoding=\"async\" class=\"alignleft wp-image-25990 size-large\" src=\"https:\/\/www.mundoagropecuario.cl\/new\/wp-content\/uploads\/2024\/12\/Gira-1-455x400.jpeg\" alt=\"\" width=\"455\" height=\"400\" srcset=\"https:\/\/www.mundoagropecuario.cl\/new\/wp-content\/uploads\/2024\/12\/Gira-1-scaled.jpeg 455w, https:\/\/www.mundoagropecuario.cl\/new\/wp-content\/uploads\/2024\/12\/Gira-1-151x133.jpeg 151w, https:\/\/www.mundoagropecuario.cl\/new\/wp-content\/uploads\/2024\/12\/Gira-1-768x675.jpeg 768w, https:\/\/www.mundoagropecuario.cl\/new\/wp-content\/uploads\/2024\/12\/Gira-1-80x70.jpeg 80w\" sizes=\"auto, (max-width: 455px) 100vw, 455px\" \/><\/a>Durante el programa, los participantes adquirieron conocimientos en dise\u00f1o de bancales profundos, compostaje, fertilizaci\u00f3n org\u00e1nica, manejo sostenible de cultivos y planificaci\u00f3n hort\u00edcola bajo el sistema biointensivo. Su alta adaptabilidad lo posiciona como un modelo f\u00e1cilmente aplicable en las huertas de los liceos t\u00e9cnicos agr\u00edcolas de las regiones de Los Lagos y Los R\u00edos.<\/p>\n<p>Adem\u00e1s, los docentes visitaron la chacra org\u00e1nica Humus de la Monta\u00f1a, en El Bols\u00f3n, donde conocieron pr\u00e1cticas de ganader\u00eda org\u00e1nica y producci\u00f3n de alimentos certificados org\u00e1nicos. Este emprendimiento combina actividades como la producci\u00f3n lechera, elaboraci\u00f3n de l\u00e1cteos, cultivo de frutos finos y agroturismo, demostrando que integrar la sostenibilidad y la calidad en sistemas agropecuarios es posible.<\/p>\n<p>El Dr. Josu\u00e9 Mart\u00ednez-Lagos, coordinador del GET e investigador de INIA Remehue, dijo que \u201ccon esta actividad, una vez m\u00e1s el INIA reafirm\u00f3 su compromiso con la educaci\u00f3n t\u00e9cnica en el sur de Chile a trav\u00e9s de su apoyo a esta gira y curso\u201d.<\/p>\n<p>A su juicio &#8220;Estas acciones permiten a los docentes no solo conocer sistemas agr\u00edcolas innovadores, sino tambi\u00e9n obtener herramientas pedag\u00f3gicas aplicables en los liceos t\u00e9cnicos\u201d.<\/p>\n<p>\u201cA trav\u00e9s de los profesores del GET, el INIA llega directamente a la formaci\u00f3n de los estudiantes, quienes ser\u00e1n los futuros protagonistas del desarrollo agr\u00edcola sostenible de las regiones. Estas iniciativas conectan la investigaci\u00f3n t\u00e9cnica con el conocimiento aplicado en las aulas, generando un impacto duradero en el capital humano y la comunidad educativa\u201d, a\u00f1adi\u00f3.<\/p>\n<h3>Agradecimientos<\/h3>\n<p>La presidenta del GET Educacional, Ver\u00f3nica Ahumada, destac\u00f3 los aportes de las distintas actividades. &#8220;Disfrutamos de una gran experiencia t\u00e9cnica y de compa\u00f1erismo. Esta gira nos permiti\u00f3 adquirir conocimientos innovadores en agricultura biointensiva y ganader\u00eda org\u00e1nica, adem\u00e1s de fortalecer nuestra relaci\u00f3n como equipo, que se remonta al a\u00f1o 2005\u201d, sostuvo.<\/p>\n<p>Tambi\u00e9n agradeci\u00f3 \u201cal INIA por su constante apoyo y a las instituciones colaboradoras que hicieron posible esta iniciativa t\u00e9cnico-pedag\u00f3gica\u201d, enfatizando que esta gira cont\u00f3 con el apoyo de diversas entidades comprometidas con el desarrollo agr\u00edcola regional, entre las cuales se destacan tambi\u00e9n ONG Canales Los R\u00edos y Los Lagos, Empresa Nova Agro Agricultura Sustentable, Consorcio Lechero, Corporaci\u00f3n de la Carne, y el Centro de Padres del Liceo Bosque Nativo.<\/p>\n<p>En su opini\u00f3n \u201cgracias a esta gira, los docentes han logrado fortalecer sus conocimientos t\u00e9cnicos y habilidades pedag\u00f3gicas, lo cual tendr\u00e1 un impacto directo en la formaci\u00f3n de sus estudiantes. Este enfoque consolidado del INIA y del GET Educacional como actores clave en la promoci\u00f3n de una educaci\u00f3n t\u00e9cnica de calidad orientada hacia la sostenibilidad agr\u00edcola beneficia significativamente a las regiones de Los Lagos y Los R\u00edos\u201d.<\/p>\n","protected":false},"excerpt":{"rendered":"<p>Los docentes aprendieron producci\u00f3n org\u00e1nica biointensiva y visitaron una experiencia de ganader\u00eda org\u00e1nica.<\/p>\n","protected":false},"author":2,"featured_media":25991,"comment_status":"closed","ping_status":"closed","sticky":false,"template":"","format":"standard","meta":{"footnotes":""},"categories":[1945],"tags":[9293,1957,7304,9296,9289,9290,8420,2052,1993,9291,6567,9294,9292,9297,202,2628,1800,9295],"class_list":["post-25989","post","type-post","status-publish","format-standard","has-post-thumbnail","hentry","category-agricultura","tag-aprendizaje-dinamico","tag-consorcio-lechero","tag-corporacion-de-la-carne","tag-empresa-nova-agro-agricultura-sustentable","tag-ensenanza-activa","tag-estrategias-pedagogicas","tag-grupo-de-extension-tecnologica","tag-inia","tag-inia-remehue","tag-innovacion-educativa","tag-instituto-de-investigaciones-agropecuarias","tag-intercambio-cultural","tag-investigacion-educativa","tag-liceo-bosque-nativo","tag-los-lagos","tag-los-rios","tag-ong-canales","tag-ong-canales-los-rios-y-los-lagos"],"yoast_head":"<!-- This site is optimized with the Yoast SEO plugin v26.6 - https:\/\/yoast.com\/wordpress\/plugins\/seo\/ -->\n<title>Profesores de Los R\u00edos y Los Lagos se capacitaron en Argentina - Mundoagropecuario<\/title>\n<meta name=\"description\" content=\"Los docentes aprendieron producci\u00f3n org\u00e1nica biointensiva y visitaron una experiencia de ganader\u00eda org\u00e1nica.\" \/>\n<meta name=\"robots\" content=\"index, follow, max-snippet:-1, max-image-preview:large, max-video-preview:-1\" \/>\n<link rel=\"canonical\" href=\"https:\/\/www.mundoagropecuario.cl\/new\/profesores-de-los-rios-y-los-lagos-se-capacitaron-en-argentina\/\" \/>\n<meta property=\"og:locale\" content=\"es_ES\" \/>\n<meta property=\"og:type\" content=\"article\" \/>\n<meta property=\"og:title\" content=\"Profesores de Los R\u00edos y Los Lagos se capacitaron en Argentina - Mundoagropecuario\" \/>\n<meta property=\"og:description\" content=\"Los docentes aprendieron producci\u00f3n org\u00e1nica biointensiva y visitaron una experiencia de ganader\u00eda org\u00e1nica.\" \/>\n<meta property=\"og:url\" content=\"https:\/\/www.mundoagropecuario.cl\/new\/profesores-de-los-rios-y-los-lagos-se-capacitaron-en-argentina\/\" \/>\n<meta property=\"og:site_name\" content=\"Mundoagropecuario\" \/>\n<meta property=\"article:publisher\" content=\"https:\/\/www.facebook.com\/mundo.agropecuario.3\" \/>\n<meta property=\"article:published_time\" content=\"2024-12-12T14:06:46+00:00\" \/>\n<meta property=\"article:modified_time\" content=\"2024-12-16T15:19:55+00:00\" \/>\n<meta property=\"og:image\" content=\"https:\/\/www.mundoagropecuario.cl\/new\/wp-content\/uploads\/2024\/12\/Plantilla-estandar-mundo-acuicola-13-scaled.jpg\" \/>\n\t<meta property=\"og:image:width\" content=\"720\" \/>\n\t<meta property=\"og:image:height\" content=\"384\" \/>\n\t<meta property=\"og:image:type\" content=\"image\/jpeg\" \/>\n<meta name=\"author\" content=\"mundo\" \/>\n<meta name=\"twitter:card\" content=\"summary_large_image\" \/>\n<meta name=\"twitter:creator\" content=\"@MundoAgropecuar\" \/>\n<meta name=\"twitter:site\" content=\"@MundoAgropecuar\" \/>\n<meta name=\"twitter:label1\" content=\"Escrito por\" \/>\n\t<meta name=\"twitter:data1\" content=\"mundo\" \/>\n\t<meta name=\"twitter:label2\" content=\"Tiempo de lectura\" \/>\n\t<meta name=\"twitter:data2\" content=\"4 minutos\" \/>\n<script type=\"application\/ld+json\" class=\"yoast-schema-graph\">{\"@context\":\"https:\/\/schema.org\",\"@graph\":[{\"@type\":\"Article\",\"@id\":\"https:\/\/www.mundoagropecuario.cl\/new\/profesores-de-los-rios-y-los-lagos-se-capacitaron-en-argentina\/#article\",\"isPartOf\":{\"@id\":\"https:\/\/www.mundoagropecuario.cl\/new\/profesores-de-los-rios-y-los-lagos-se-capacitaron-en-argentina\/\"},\"author\":{\"name\":\"mundo\",\"@id\":\"https:\/\/www.mundoagropecuario.cl\/new\/#\/schema\/person\/4e9f74a82a7dac260eb1c44b7eebeb18\"},\"headline\":\"Profesores de Los R\u00edos y Los Lagos se capacitaron en Argentina\",\"datePublished\":\"2024-12-12T14:06:46+00:00\",\"dateModified\":\"2024-12-16T15:19:55+00:00\",\"mainEntityOfPage\":{\"@id\":\"https:\/\/www.mundoagropecuario.cl\/new\/profesores-de-los-rios-y-los-lagos-se-capacitaron-en-argentina\/\"},\"wordCount\":695,\"publisher\":{\"@id\":\"https:\/\/www.mundoagropecuario.cl\/new\/#organization\"},\"image\":{\"@id\":\"https:\/\/www.mundoagropecuario.cl\/new\/profesores-de-los-rios-y-los-lagos-se-capacitaron-en-argentina\/#primaryimage\"},\"thumbnailUrl\":\"https:\/\/www.mundoagropecuario.cl\/new\/wp-content\/uploads\/2024\/12\/Plantilla-estandar-mundo-acuicola-13-scaled.jpg\",\"keywords\":[\"aprendizaje din\u00e1mico\",\"Consorcio Lechero\",\"Corporaci\u00f3n de la Carne\",\"Empresa Nova Agro Agricultura Sustentable\",\"ense\u00f1anza activa\",\"estrategias pedag\u00f3gicas\",\"Grupo de Extensi\u00f3n Tecnol\u00f3gica\",\"INIA\",\"INIA Remehue\",\"innovaci\u00f3n educativa\",\"Instituto de Investigaciones Agropecuarias\",\"intercambio cultural\",\"investigaci\u00f3n educativa\",\"Liceo Bosque Nativo\",\"Los Lagos\",\"Los R\u00edos\",\"ONG Canales\",\"ONG Canales Los R\u00edos y Los Lagos\"],\"articleSection\":[\"Agricultura\"],\"inLanguage\":\"es\"},{\"@type\":\"WebPage\",\"@id\":\"https:\/\/www.mundoagropecuario.cl\/new\/profesores-de-los-rios-y-los-lagos-se-capacitaron-en-argentina\/\",\"url\":\"https:\/\/www.mundoagropecuario.cl\/new\/profesores-de-los-rios-y-los-lagos-se-capacitaron-en-argentina\/\",\"name\":\"Profesores de Los R\u00edos y Los Lagos se capacitaron en Argentina - Mundoagropecuario\",\"isPartOf\":{\"@id\":\"https:\/\/www.mundoagropecuario.cl\/new\/#website\"},\"primaryImageOfPage\":{\"@id\":\"https:\/\/www.mundoagropecuario.cl\/new\/profesores-de-los-rios-y-los-lagos-se-capacitaron-en-argentina\/#primaryimage\"},\"image\":{\"@id\":\"https:\/\/www.mundoagropecuario.cl\/new\/profesores-de-los-rios-y-los-lagos-se-capacitaron-en-argentina\/#primaryimage\"},\"thumbnailUrl\":\"https:\/\/www.mundoagropecuario.cl\/new\/wp-content\/uploads\/2024\/12\/Plantilla-estandar-mundo-acuicola-13-scaled.jpg\",\"datePublished\":\"2024-12-12T14:06:46+00:00\",\"dateModified\":\"2024-12-16T15:19:55+00:00\",\"description\":\"Los docentes aprendieron producci\u00f3n org\u00e1nica biointensiva y visitaron una experiencia de ganader\u00eda org\u00e1nica.\",\"breadcrumb\":{\"@id\":\"https:\/\/www.mundoagropecuario.cl\/new\/profesores-de-los-rios-y-los-lagos-se-capacitaron-en-argentina\/#breadcrumb\"},\"inLanguage\":\"es\",\"potentialAction\":[{\"@type\":\"ReadAction\",\"target\":[\"https:\/\/www.mundoagropecuario.cl\/new\/profesores-de-los-rios-y-los-lagos-se-capacitaron-en-argentina\/\"]}]},{\"@type\":\"ImageObject\",\"inLanguage\":\"es\",\"@id\":\"https:\/\/www.mundoagropecuario.cl\/new\/profesores-de-los-rios-y-los-lagos-se-capacitaron-en-argentina\/#primaryimage\",\"url\":\"https:\/\/www.mundoagropecuario.cl\/new\/wp-content\/uploads\/2024\/12\/Plantilla-estandar-mundo-acuicola-13-scaled.jpg\",\"contentUrl\":\"https:\/\/www.mundoagropecuario.cl\/new\/wp-content\/uploads\/2024\/12\/Plantilla-estandar-mundo-acuicola-13-scaled.jpg\",\"width\":720,\"height\":384},{\"@type\":\"BreadcrumbList\",\"@id\":\"https:\/\/www.mundoagropecuario.cl\/new\/profesores-de-los-rios-y-los-lagos-se-capacitaron-en-argentina\/#breadcrumb\",\"itemListElement\":[{\"@type\":\"ListItem\",\"position\":1,\"name\":\"Portada\",\"item\":\"https:\/\/www.mundoagropecuario.cl\/new\/\"},{\"@type\":\"ListItem\",\"position\":2,\"name\":\"Profesores de Los R\u00edos y Los Lagos se capacitaron en Argentina\"}]},{\"@type\":\"WebSite\",\"@id\":\"https:\/\/www.mundoagropecuario.cl\/new\/#website\",\"url\":\"https:\/\/www.mundoagropecuario.cl\/new\/\",\"name\":\"Mundoagropecuario\",\"description\":\"Mundo Agropecuario\",\"publisher\":{\"@id\":\"https:\/\/www.mundoagropecuario.cl\/new\/#organization\"},\"potentialAction\":[{\"@type\":\"SearchAction\",\"target\":{\"@type\":\"EntryPoint\",\"urlTemplate\":\"https:\/\/www.mundoagropecuario.cl\/new\/?s={search_term_string}\"},\"query-input\":{\"@type\":\"PropertyValueSpecification\",\"valueRequired\":true,\"valueName\":\"search_term_string\"}}],\"inLanguage\":\"es\"},{\"@type\":\"Organization\",\"@id\":\"https:\/\/www.mundoagropecuario.cl\/new\/#organization\",\"name\":\"Revista de Agricultura\",\"url\":\"https:\/\/www.mundoagropecuario.cl\/new\/\",\"logo\":{\"@type\":\"ImageObject\",\"inLanguage\":\"es\",\"@id\":\"https:\/\/www.mundoagropecuario.cl\/new\/#\/schema\/logo\/image\/\",\"url\":\"https:\/\/www.mundoagropecuario.cl\/new\/wp-content\/uploads\/2020\/11\/PORTAL-1-1.png\",\"contentUrl\":\"https:\/\/www.mundoagropecuario.cl\/new\/wp-content\/uploads\/2020\/11\/PORTAL-1-1.png\",\"width\":1026,\"height\":100,\"caption\":\"Revista de Agricultura\"},\"image\":{\"@id\":\"https:\/\/www.mundoagropecuario.cl\/new\/#\/schema\/logo\/image\/\"},\"sameAs\":[\"https:\/\/www.facebook.com\/mundo.agropecuario.3\",\"https:\/\/x.com\/MundoAgropecuar\",\"https:\/\/www.linkedin.com\/in\/mundo-agropecuario-934009201\/\"]},{\"@type\":\"Person\",\"@id\":\"https:\/\/www.mundoagropecuario.cl\/new\/#\/schema\/person\/4e9f74a82a7dac260eb1c44b7eebeb18\",\"name\":\"mundo\",\"url\":\"https:\/\/www.mundoagropecuario.cl\/new\/author\/mundo\/\"}]}<\/script>\n<!-- \/ Yoast SEO plugin. -->","yoast_head_json":{"title":"Profesores de Los R\u00edos y Los Lagos se capacitaron en Argentina - Mundoagropecuario","description":"Los docentes aprendieron producci\u00f3n org\u00e1nica biointensiva y visitaron una experiencia de ganader\u00eda org\u00e1nica.","robots":{"index":"index","follow":"follow","max-snippet":"max-snippet:-1","max-image-preview":"max-image-preview:large","max-video-preview":"max-video-preview:-1"},"canonical":"https:\/\/www.mundoagropecuario.cl\/new\/profesores-de-los-rios-y-los-lagos-se-capacitaron-en-argentina\/","og_locale":"es_ES","og_type":"article","og_title":"Profesores de Los R\u00edos y Los Lagos se capacitaron en Argentina - Mundoagropecuario","og_description":"Los docentes aprendieron producci\u00f3n org\u00e1nica biointensiva y visitaron una experiencia de ganader\u00eda org\u00e1nica.","og_url":"https:\/\/www.mundoagropecuario.cl\/new\/profesores-de-los-rios-y-los-lagos-se-capacitaron-en-argentina\/","og_site_name":"Mundoagropecuario","article_publisher":"https:\/\/www.facebook.com\/mundo.agropecuario.3","article_published_time":"2024-12-12T14:06:46+00:00","article_modified_time":"2024-12-16T15:19:55+00:00","og_image":[{"width":720,"height":384,"url":"https:\/\/www.mundoagropecuario.cl\/new\/wp-content\/uploads\/2024\/12\/Plantilla-estandar-mundo-acuicola-13-scaled.jpg","type":"image\/jpeg"}],"author":"mundo","twitter_card":"summary_large_image","twitter_creator":"@MundoAgropecuar","twitter_site":"@MundoAgropecuar","twitter_misc":{"Escrito por":"mundo","Tiempo de lectura":"4 minutos"},"schema":{"@context":"https:\/\/schema.org","@graph":[{"@type":"Article","@id":"https:\/\/www.mundoagropecuario.cl\/new\/profesores-de-los-rios-y-los-lagos-se-capacitaron-en-argentina\/#article","isPartOf":{"@id":"https:\/\/www.mundoagropecuario.cl\/new\/profesores-de-los-rios-y-los-lagos-se-capacitaron-en-argentina\/"},"author":{"name":"mundo","@id":"https:\/\/www.mundoagropecuario.cl\/new\/#\/schema\/person\/4e9f74a82a7dac260eb1c44b7eebeb18"},"headline":"Profesores de Los R\u00edos y Los Lagos se capacitaron en Argentina","datePublished":"2024-12-12T14:06:46+00:00","dateModified":"2024-12-16T15:19:55+00:00","mainEntityOfPage":{"@id":"https:\/\/www.mundoagropecuario.cl\/new\/profesores-de-los-rios-y-los-lagos-se-capacitaron-en-argentina\/"},"wordCount":695,"publisher":{"@id":"https:\/\/www.mundoagropecuario.cl\/new\/#organization"},"image":{"@id":"https:\/\/www.mundoagropecuario.cl\/new\/profesores-de-los-rios-y-los-lagos-se-capacitaron-en-argentina\/#primaryimage"},"thumbnailUrl":"https:\/\/www.mundoagropecuario.cl\/new\/wp-content\/uploads\/2024\/12\/Plantilla-estandar-mundo-acuicola-13-scaled.jpg","keywords":["aprendizaje din\u00e1mico","Consorcio Lechero","Corporaci\u00f3n de la Carne","Empresa Nova Agro Agricultura Sustentable","ense\u00f1anza activa","estrategias pedag\u00f3gicas","Grupo de Extensi\u00f3n Tecnol\u00f3gica","INIA","INIA Remehue","innovaci\u00f3n educativa","Instituto de Investigaciones Agropecuarias","intercambio cultural","investigaci\u00f3n educativa","Liceo Bosque Nativo","Los Lagos","Los R\u00edos","ONG Canales","ONG Canales Los R\u00edos y Los Lagos"],"articleSection":["Agricultura"],"inLanguage":"es"},{"@type":"WebPage","@id":"https:\/\/www.mundoagropecuario.cl\/new\/profesores-de-los-rios-y-los-lagos-se-capacitaron-en-argentina\/","url":"https:\/\/www.mundoagropecuario.cl\/new\/profesores-de-los-rios-y-los-lagos-se-capacitaron-en-argentina\/","name":"Profesores de Los R\u00edos y Los Lagos se capacitaron en Argentina - Mundoagropecuario","isPartOf":{"@id":"https:\/\/www.mundoagropecuario.cl\/new\/#website"},"primaryImageOfPage":{"@id":"https:\/\/www.mundoagropecuario.cl\/new\/profesores-de-los-rios-y-los-lagos-se-capacitaron-en-argentina\/#primaryimage"},"image":{"@id":"https:\/\/www.mundoagropecuario.cl\/new\/profesores-de-los-rios-y-los-lagos-se-capacitaron-en-argentina\/#primaryimage"},"thumbnailUrl":"https:\/\/www.mundoagropecuario.cl\/new\/wp-content\/uploads\/2024\/12\/Plantilla-estandar-mundo-acuicola-13-scaled.jpg","datePublished":"2024-12-12T14:06:46+00:00","dateModified":"2024-12-16T15:19:55+00:00","description":"Los docentes aprendieron producci\u00f3n org\u00e1nica biointensiva y visitaron una experiencia de ganader\u00eda org\u00e1nica.","breadcrumb":{"@id":"https:\/\/www.mundoagropecuario.cl\/new\/profesores-de-los-rios-y-los-lagos-se-capacitaron-en-argentina\/#breadcrumb"},"inLanguage":"es","potentialAction":[{"@type":"ReadAction","target":["https:\/\/www.mundoagropecuario.cl\/new\/profesores-de-los-rios-y-los-lagos-se-capacitaron-en-argentina\/"]}]},{"@type":"ImageObject","inLanguage":"es","@id":"https:\/\/www.mundoagropecuario.cl\/new\/profesores-de-los-rios-y-los-lagos-se-capacitaron-en-argentina\/#primaryimage","url":"https:\/\/www.mundoagropecuario.cl\/new\/wp-content\/uploads\/2024\/12\/Plantilla-estandar-mundo-acuicola-13-scaled.jpg","contentUrl":"https:\/\/www.mundoagropecuario.cl\/new\/wp-content\/uploads\/2024\/12\/Plantilla-estandar-mundo-acuicola-13-scaled.jpg","width":720,"height":384},{"@type":"BreadcrumbList","@id":"https:\/\/www.mundoagropecuario.cl\/new\/profesores-de-los-rios-y-los-lagos-se-capacitaron-en-argentina\/#breadcrumb","itemListElement":[{"@type":"ListItem","position":1,"name":"Portada","item":"https:\/\/www.mundoagropecuario.cl\/new\/"},{"@type":"ListItem","position":2,"name":"Profesores de Los R\u00edos y Los Lagos se capacitaron en Argentina"}]},{"@type":"WebSite","@id":"https:\/\/www.mundoagropecuario.cl\/new\/#website","url":"https:\/\/www.mundoagropecuario.cl\/new\/","name":"Mundoagropecuario","description":"Mundo Agropecuario","publisher":{"@id":"https:\/\/www.mundoagropecuario.cl\/new\/#organization"},"potentialAction":[{"@type":"SearchAction","target":{"@type":"EntryPoint","urlTemplate":"https:\/\/www.mundoagropecuario.cl\/new\/?s={search_term_string}"},"query-input":{"@type":"PropertyValueSpecification","valueRequired":true,"valueName":"search_term_string"}}],"inLanguage":"es"},{"@type":"Organization","@id":"https:\/\/www.mundoagropecuario.cl\/new\/#organization","name":"Revista de Agricultura","url":"https:\/\/www.mundoagropecuario.cl\/new\/","logo":{"@type":"ImageObject","inLanguage":"es","@id":"https:\/\/www.mundoagropecuario.cl\/new\/#\/schema\/logo\/image\/","url":"https:\/\/www.mundoagropecuario.cl\/new\/wp-content\/uploads\/2020\/11\/PORTAL-1-1.png","contentUrl":"https:\/\/www.mundoagropecuario.cl\/new\/wp-content\/uploads\/2020\/11\/PORTAL-1-1.png","width":1026,"height":100,"caption":"Revista de Agricultura"},"image":{"@id":"https:\/\/www.mundoagropecuario.cl\/new\/#\/schema\/logo\/image\/"},"sameAs":["https:\/\/www.facebook.com\/mundo.agropecuario.3","https:\/\/x.com\/MundoAgropecuar","https:\/\/www.linkedin.com\/in\/mundo-agropecuario-934009201\/"]},{"@type":"Person","@id":"https:\/\/www.mundoagropecuario.cl\/new\/#\/schema\/person\/4e9f74a82a7dac260eb1c44b7eebeb18","name":"mundo","url":"https:\/\/www.mundoagropecuario.cl\/new\/author\/mundo\/"}]}},"_links":{"self":[{"href":"https:\/\/www.mundoagropecuario.cl\/new\/wp-json\/wp\/v2\/posts\/25989","targetHints":{"allow":["GET"]}}],"collection":[{"href":"https:\/\/www.mundoagropecuario.cl\/new\/wp-json\/wp\/v2\/posts"}],"about":[{"href":"https:\/\/www.mundoagropecuario.cl\/new\/wp-json\/wp\/v2\/types\/post"}],"author":[{"embeddable":true,"href":"https:\/\/www.mundoagropecuario.cl\/new\/wp-json\/wp\/v2\/users\/2"}],"replies":[{"embeddable":true,"href":"https:\/\/www.mundoagropecuario.cl\/new\/wp-json\/wp\/v2\/comments?post=25989"}],"version-history":[{"count":1,"href":"https:\/\/www.mundoagropecuario.cl\/new\/wp-json\/wp\/v2\/posts\/25989\/revisions"}],"predecessor-version":[{"id":25992,"href":"https:\/\/www.mundoagropecuario.cl\/new\/wp-json\/wp\/v2\/posts\/25989\/revisions\/25992"}],"wp:featuredmedia":[{"embeddable":true,"href":"https:\/\/www.mundoagropecuario.cl\/new\/wp-json\/wp\/v2\/media\/25991"}],"wp:attachment":[{"href":"https:\/\/www.mundoagropecuario.cl\/new\/wp-json\/wp\/v2\/media?parent=25989"}],"wp:term":[{"taxonomy":"category","embeddable":true,"href":"https:\/\/www.mundoagropecuario.cl\/new\/wp-json\/wp\/v2\/categories?post=25989"},{"taxonomy":"post_tag","embeddable":true,"href":"https:\/\/www.mundoagropecuario.cl\/new\/wp-json\/wp\/v2\/tags?post=25989"}],"curies":[{"name":"wp","href":"https:\/\/api.w.org\/{rel}","templated":true}]}}