{"id":25963,"date":"2024-12-09T11:29:11","date_gmt":"2024-12-09T14:29:11","guid":{"rendered":"https:\/\/www.mundoagropecuario.cl\/new\/?p=25963"},"modified":"2024-12-12T14:29:36","modified_gmt":"2024-12-12T17:29:36","slug":"desayuno-del-productor-lechero-2024-productores-destacados-y-nuevos-hitos","status":"publish","type":"post","link":"https:\/\/www.mundoagropecuario.cl\/new\/desayuno-del-productor-lechero-2024-productores-destacados-y-nuevos-hitos\/","title":{"rendered":"Desayuno del Productor Lechero 2024: Productores destacados y nuevos hitos"},"content":{"rendered":"<p>Con la asistencia de m\u00e1s de 250 productores y asesores del rubro lechero, Cooprinsem celebr\u00f3 la 35\u00aa edici\u00f3n de su tradicional Desayuno del Productor Lechero en el marco de la feria Sago Fisur 2024. Este evento emblem\u00e1tico, organizado por la unidad de Inseminaci\u00f3n Artificial de Cooprinsem, destac\u00f3 por su enfoque en la innovaci\u00f3n, la sostenibilidad y la camarader\u00eda entre los asistentes.<\/p>\n<p>Este a\u00f1o, la actividad cont\u00f3 con la participaci\u00f3n especial de Viking Genetics, cooperativa escandinava, integrada por ganaderos de Dinamarca, Suecia y Finlandia y aliada estrat\u00e9gica de Cooprinsem. Durante la inauguraci\u00f3n, el Gerente General de Cooprinsem, Felipe Gottschalk, subray\u00f3 la importancia de estas instancias para fortalecer la relaci\u00f3n con los productores y asesores del sector. Adem\u00e1s, reafirm\u00f3 el compromiso de la cooperativa con la innovaci\u00f3n y la excelencia, pilares fundamentales para un desarrollo sostenible de la industria.<\/p>\n<h3>Destacados<\/h3>\n<p>Por su parte, Paola Vargas, Gerente de Ventas de Cooprinsem, present\u00f3 la renovada p\u00e1gina web de la cooperativa, destacando su dise\u00f1o mejorado y la integraci\u00f3n de nuevas herramientas para el comercio electr\u00f3nico.<\/p>\n<p>Uno de los momentos centrales del evento fue la charla t\u00e9cnica liderada por Poul Bligaard, Gerente de Exportaci\u00f3n para Latinoam\u00e9rica de Viking Genetics, quien destac\u00f3 las ventajas del mejoramiento gen\u00e9tico en el ganado lechero y de carne. En su exposici\u00f3n, Bligaard explic\u00f3 c\u00f3mo las soluciones desarrolladas han contribuido a aumentar la productividad, mejorar la salud animal y reducir la huella ambiental en la ganader\u00eda.<\/p>\n<p>Asimismo, Humberto Gonz\u00e1lez, Asesor T\u00e9cnico de Cooprinsem, analiz\u00f3 datos de control lechero de productores que utilizan gen\u00e9tica de Viking Genetics, destacando su m\u00e9rito gen\u00e9tico y productivo. Durante la ocasi\u00f3n, se reconoci\u00f3 a los siguientes campos premiados: Agr\u00edcola Agrolac, representada por Alfredo Geisse y Mariane Strauch; Inmobiliaria y Agr\u00edcola Romero Arrau, representada por Jos\u00e9 Tom\u00e1s Romero Arrau; y Agr\u00edcola Los Hualles, representada por Guillermo Geisse y Daniela Geisse. Estas distinciones instauraron una nueva tradici\u00f3n en el Desayuno del Productor Lechero, reafirmando el compromiso de la cooperativa con el progreso gen\u00e9tico.<\/p>\n<p>La jornada tambi\u00e9n incluy\u00f3 la entrega de reconocimientos a productores destacados por su participaci\u00f3n en SAGO, a trav\u00e9s de una muestra de pedigr\u00ed de gen\u00e9tica escandinava. Entre los premiados se destacaron Germ\u00e1n Cid, Fernando Felmer, Sylvia Richards, Carlos Loebel y Guillermo Fr\u00f6hlich.<\/p>\n<p>Adem\u00e1s, Yennis Wetzel fue la ganadora de lo que ser\u00e1 la pr\u00f3xima gira tecnol\u00f3gica que organizar\u00e1n Cooprinsem y Viking Genetics en Dinamarca y Suecia, una experiencia dise\u00f1ada para seguir promoviendo la transferencia de conocimientos en el sector.<\/p>\n<h3>Relaci\u00f3n campo &#8211; ciudad<\/h3>\n<p><a href=\"https:\/\/www.mundoagropecuario.cl\/new\/wp-content\/uploads\/2024\/12\/1-1-scaled.jpg\"><img loading=\"lazy\" decoding=\"async\" class=\"alignnone size-medium wp-image-25965\" src=\"https:\/\/www.mundoagropecuario.cl\/new\/wp-content\/uploads\/2024\/12\/1-1-177x133.jpg\" alt=\"\" width=\"177\" height=\"133\" srcset=\"https:\/\/www.mundoagropecuario.cl\/new\/wp-content\/uploads\/2024\/12\/1-1-177x133.jpg 177w, https:\/\/www.mundoagropecuario.cl\/new\/wp-content\/uploads\/2024\/12\/1-1-scaled.jpg 533w, https:\/\/www.mundoagropecuario.cl\/new\/wp-content\/uploads\/2024\/12\/1-1-768x576.jpg 768w, https:\/\/www.mundoagropecuario.cl\/new\/wp-content\/uploads\/2024\/12\/1-1-1536x1152.jpg 1536w, https:\/\/www.mundoagropecuario.cl\/new\/wp-content\/uploads\/2024\/12\/1-1-2048x1536.jpg 2048w\" sizes=\"auto, (max-width: 177px) 100vw, 177px\" \/><\/a>Felipe Gottschalk, gerente general de Cooprinsem, destac\u00f3 que &#8220;esta tradici\u00f3n, que comenz\u00f3 hace m\u00e1s de 30 a\u00f1os, es algo que hemos querido preservar y fomentar. Es una de las mayores reuniones de productores lecheros del sur de Chile, congregando cada a\u00f1o a productores desde Los \u00c1ngeles al sur. Este a\u00f1o, adem\u00e1s, contamos con la participaci\u00f3n del directorio de la Sociedad Nacional de Agricultura, revalidando la importancia del sector l\u00e1cteo en el desarrollo de nuestra regi\u00f3n&#8221;.<\/p>\n<p>Gottschalk agreg\u00f3 que &#8220;este encuentro y la Sago Fisur no s\u00f3lo son un espacio para agricultores y productores, sino tambi\u00e9n una oportunidad para que la ciudad se acerque al campo. Es clave que las nuevas generaciones reconozcan la relevancia del sector y los productos que genera para nuestra alimentaci\u00f3n diaria&#8221;.<\/p>\n<p>Por su parte, Poul Bligaard, gerente de exportaci\u00f3n para Latinoam\u00e9rica de Viking Genetics, destac\u00f3 que &#8220;este es un excelente espacio para conectar con los productores. Pudimos dar a conocer qui\u00e9nes somos como Viking Genetics, ya que algunos nos conocen y otros a\u00fan no, lo cual es un gran orgullo. Estamos muy satisfechos con este evento y esperamos que contin\u00fae por muchos a\u00f1os. Trabajar con Cooprinsem es muy relevante para nosotros, ya que tambi\u00e9n somos una cooperativa. Esto nos permite comprender mejor los desaf\u00edos, la forma de trabajar y lo que es importante para los productores, quienes son los due\u00f1os&#8221;.<\/p>\n<h3>Nuevos reconocimientos<\/h3>\n<p>De igual manera, Paola Santana, directora comercial de la Unidad de Reproducci\u00f3n e Inseminaci\u00f3n Artificial de Cooprinsem, destac\u00f3 que &#8220;este encuentro permiti\u00f3 compartir con nuestros productores y fortalecer la relaci\u00f3n. Introdujimos una nueva distinci\u00f3n al m\u00e9rito gen\u00e9tico y al manejo, reconocimiento que esperamos mantener. Adem\u00e1s, resaltamos que un buen manejo es clave para que el potencial gen\u00e9tico se exprese, siendo fundamental promover estas pr\u00e1cticas para un \u00f3ptimo desempe\u00f1o&#8221;.<\/p>\n<p>Finalmente, Paola Vargas, gerente de ventas de Cooprinsem, expres\u00f3 que \u201cestamos muy contentos con el lanzamiento de nuestra nueva p\u00e1gina web, que integra nuestra plataforma de e-commerce. Este hito, presentado en el desayuno del productor lechero, permite a socios y clientes acceder a nuestra sucursal virtual, la m\u00e1s grande del pa\u00eds, con m\u00e1s de 4.000 productos y servicios. Adem\u00e1s, podr\u00e1n pagar sus cuentas corrientes con un solo clic. Invitamos a todos a vivir esta experiencia en\u00a0<a href=\"http:\/\/www.cooprinsem.cl\/\" data-saferedirecturl=\"https:\/\/www.google.com\/url?q=http:\/\/www.cooprinsem.cl&amp;source=gmail&amp;ust=1733839816390000&amp;usg=AOvVaw3W5HWV19FjJ4sa_iU2IyLO\">www.cooprinsem.cl<\/a>&#8220;.<\/p>\n","protected":false},"excerpt":{"rendered":"<p>El evento, que se realiza hace m\u00e1s de 30 a\u00f1os, congrega a productores desde Los \u00c1ngeles al sur para fortalecer lazos y proyectar desaf\u00edos.<\/p>\n","protected":false},"author":2,"featured_media":25964,"comment_status":"closed","ping_status":"closed","sticky":false,"template":"","format":"standard","meta":{"footnotes":""},"categories":[1946],"tags":[2261,9257,7442,9258,2068,8889,6109,3234,9132,8991,2761,6795],"class_list":["post-25963","post","type-post","status-publish","format-standard","has-post-thumbnail","hentry","category-lacteos","tag-cooprinsem","tag-desayuno-productor-lechero","tag-ganaderia-sostenible","tag-genetica-escandinava","tag-industria-lactea","tag-industria-lactea-chilena","tag-industria-lechera","tag-productores-lecheros","tag-sago-fisur","tag-sago-fisur-2024","tag-sagofisur","tag-viking-genetics"],"yoast_head":"<!-- This site is optimized with the Yoast SEO plugin v26.6 - https:\/\/yoast.com\/wordpress\/plugins\/seo\/ -->\n<title>Desayuno del Productor Lechero 2024: Productores destacados y nuevos hitos - Mundoagropecuario<\/title>\n<meta name=\"description\" content=\"El evento, que se realiza hace m\u00e1s de 30 a\u00f1os, congrega a productores desde Los \u00c1ngeles al sur para fortalecer lazos y proyectar desaf\u00edos.\" \/>\n<meta name=\"robots\" content=\"index, follow, max-snippet:-1, max-image-preview:large, max-video-preview:-1\" \/>\n<link rel=\"canonical\" href=\"https:\/\/www.mundoagropecuario.cl\/new\/desayuno-del-productor-lechero-2024-productores-destacados-y-nuevos-hitos\/\" \/>\n<meta property=\"og:locale\" content=\"es_ES\" \/>\n<meta property=\"og:type\" content=\"article\" \/>\n<meta property=\"og:title\" content=\"Desayuno del Productor Lechero 2024: Productores destacados y nuevos hitos - Mundoagropecuario\" \/>\n<meta property=\"og:description\" content=\"El evento, que se realiza hace m\u00e1s de 30 a\u00f1os, congrega a productores desde Los \u00c1ngeles al sur para fortalecer lazos y proyectar desaf\u00edos.\" \/>\n<meta property=\"og:url\" content=\"https:\/\/www.mundoagropecuario.cl\/new\/desayuno-del-productor-lechero-2024-productores-destacados-y-nuevos-hitos\/\" \/>\n<meta property=\"og:site_name\" content=\"Mundoagropecuario\" \/>\n<meta property=\"article:publisher\" content=\"https:\/\/www.facebook.com\/mundo.agropecuario.3\" \/>\n<meta property=\"article:published_time\" content=\"2024-12-09T14:29:11+00:00\" \/>\n<meta property=\"article:modified_time\" content=\"2024-12-12T17:29:36+00:00\" \/>\n<meta property=\"og:image\" content=\"https:\/\/www.mundoagropecuario.cl\/new\/wp-content\/uploads\/2024\/12\/Plantilla-estandar-mundo-acuicola-8-scaled.jpg\" \/>\n\t<meta property=\"og:image:width\" content=\"720\" \/>\n\t<meta property=\"og:image:height\" content=\"384\" \/>\n\t<meta property=\"og:image:type\" content=\"image\/jpeg\" \/>\n<meta name=\"author\" content=\"mundo\" \/>\n<meta name=\"twitter:card\" content=\"summary_large_image\" \/>\n<meta name=\"twitter:creator\" content=\"@MundoAgropecuar\" \/>\n<meta name=\"twitter:site\" content=\"@MundoAgropecuar\" \/>\n<meta name=\"twitter:label1\" content=\"Escrito por\" \/>\n\t<meta name=\"twitter:data1\" content=\"mundo\" \/>\n\t<meta name=\"twitter:label2\" content=\"Tiempo de lectura\" \/>\n\t<meta name=\"twitter:data2\" content=\"4 minutos\" \/>\n<script type=\"application\/ld+json\" class=\"yoast-schema-graph\">{\"@context\":\"https:\/\/schema.org\",\"@graph\":[{\"@type\":\"Article\",\"@id\":\"https:\/\/www.mundoagropecuario.cl\/new\/desayuno-del-productor-lechero-2024-productores-destacados-y-nuevos-hitos\/#article\",\"isPartOf\":{\"@id\":\"https:\/\/www.mundoagropecuario.cl\/new\/desayuno-del-productor-lechero-2024-productores-destacados-y-nuevos-hitos\/\"},\"author\":{\"name\":\"mundo\",\"@id\":\"https:\/\/www.mundoagropecuario.cl\/new\/#\/schema\/person\/4e9f74a82a7dac260eb1c44b7eebeb18\"},\"headline\":\"Desayuno del Productor Lechero 2024: Productores destacados y nuevos hitos\",\"datePublished\":\"2024-12-09T14:29:11+00:00\",\"dateModified\":\"2024-12-12T17:29:36+00:00\",\"mainEntityOfPage\":{\"@id\":\"https:\/\/www.mundoagropecuario.cl\/new\/desayuno-del-productor-lechero-2024-productores-destacados-y-nuevos-hitos\/\"},\"wordCount\":868,\"publisher\":{\"@id\":\"https:\/\/www.mundoagropecuario.cl\/new\/#organization\"},\"image\":{\"@id\":\"https:\/\/www.mundoagropecuario.cl\/new\/desayuno-del-productor-lechero-2024-productores-destacados-y-nuevos-hitos\/#primaryimage\"},\"thumbnailUrl\":\"https:\/\/www.mundoagropecuario.cl\/new\/wp-content\/uploads\/2024\/12\/Plantilla-estandar-mundo-acuicola-8-scaled.jpg\",\"keywords\":[\"Cooprinsem\",\"desayuno productor lechero\",\"ganader\u00eda sostenible\",\"gen\u00e9tica escandinava\",\"Industria l\u00e1ctea\",\"industria l\u00e1ctea chilena\",\"Industria lechera\",\"productores lecheros\",\"SAGO FISUR\",\"Sago Fisur 2024\",\"SAGOFisur\",\"Viking Genetics\"],\"articleSection\":[\"L\u00e1cteos\"],\"inLanguage\":\"es\"},{\"@type\":\"WebPage\",\"@id\":\"https:\/\/www.mundoagropecuario.cl\/new\/desayuno-del-productor-lechero-2024-productores-destacados-y-nuevos-hitos\/\",\"url\":\"https:\/\/www.mundoagropecuario.cl\/new\/desayuno-del-productor-lechero-2024-productores-destacados-y-nuevos-hitos\/\",\"name\":\"Desayuno del Productor Lechero 2024: Productores destacados y nuevos hitos - Mundoagropecuario\",\"isPartOf\":{\"@id\":\"https:\/\/www.mundoagropecuario.cl\/new\/#website\"},\"primaryImageOfPage\":{\"@id\":\"https:\/\/www.mundoagropecuario.cl\/new\/desayuno-del-productor-lechero-2024-productores-destacados-y-nuevos-hitos\/#primaryimage\"},\"image\":{\"@id\":\"https:\/\/www.mundoagropecuario.cl\/new\/desayuno-del-productor-lechero-2024-productores-destacados-y-nuevos-hitos\/#primaryimage\"},\"thumbnailUrl\":\"https:\/\/www.mundoagropecuario.cl\/new\/wp-content\/uploads\/2024\/12\/Plantilla-estandar-mundo-acuicola-8-scaled.jpg\",\"datePublished\":\"2024-12-09T14:29:11+00:00\",\"dateModified\":\"2024-12-12T17:29:36+00:00\",\"description\":\"El evento, que se realiza hace m\u00e1s de 30 a\u00f1os, congrega a productores desde Los \u00c1ngeles al sur para fortalecer lazos y proyectar desaf\u00edos.\",\"breadcrumb\":{\"@id\":\"https:\/\/www.mundoagropecuario.cl\/new\/desayuno-del-productor-lechero-2024-productores-destacados-y-nuevos-hitos\/#breadcrumb\"},\"inLanguage\":\"es\",\"potentialAction\":[{\"@type\":\"ReadAction\",\"target\":[\"https:\/\/www.mundoagropecuario.cl\/new\/desayuno-del-productor-lechero-2024-productores-destacados-y-nuevos-hitos\/\"]}]},{\"@type\":\"ImageObject\",\"inLanguage\":\"es\",\"@id\":\"https:\/\/www.mundoagropecuario.cl\/new\/desayuno-del-productor-lechero-2024-productores-destacados-y-nuevos-hitos\/#primaryimage\",\"url\":\"https:\/\/www.mundoagropecuario.cl\/new\/wp-content\/uploads\/2024\/12\/Plantilla-estandar-mundo-acuicola-8-scaled.jpg\",\"contentUrl\":\"https:\/\/www.mundoagropecuario.cl\/new\/wp-content\/uploads\/2024\/12\/Plantilla-estandar-mundo-acuicola-8-scaled.jpg\",\"width\":720,\"height\":384},{\"@type\":\"BreadcrumbList\",\"@id\":\"https:\/\/www.mundoagropecuario.cl\/new\/desayuno-del-productor-lechero-2024-productores-destacados-y-nuevos-hitos\/#breadcrumb\",\"itemListElement\":[{\"@type\":\"ListItem\",\"position\":1,\"name\":\"Portada\",\"item\":\"https:\/\/www.mundoagropecuario.cl\/new\/\"},{\"@type\":\"ListItem\",\"position\":2,\"name\":\"Desayuno del Productor Lechero 2024: Productores destacados y nuevos hitos\"}]},{\"@type\":\"WebSite\",\"@id\":\"https:\/\/www.mundoagropecuario.cl\/new\/#website\",\"url\":\"https:\/\/www.mundoagropecuario.cl\/new\/\",\"name\":\"Mundoagropecuario\",\"description\":\"Mundo Agropecuario\",\"publisher\":{\"@id\":\"https:\/\/www.mundoagropecuario.cl\/new\/#organization\"},\"potentialAction\":[{\"@type\":\"SearchAction\",\"target\":{\"@type\":\"EntryPoint\",\"urlTemplate\":\"https:\/\/www.mundoagropecuario.cl\/new\/?s={search_term_string}\"},\"query-input\":{\"@type\":\"PropertyValueSpecification\",\"valueRequired\":true,\"valueName\":\"search_term_string\"}}],\"inLanguage\":\"es\"},{\"@type\":\"Organization\",\"@id\":\"https:\/\/www.mundoagropecuario.cl\/new\/#organization\",\"name\":\"Revista de Agricultura\",\"url\":\"https:\/\/www.mundoagropecuario.cl\/new\/\",\"logo\":{\"@type\":\"ImageObject\",\"inLanguage\":\"es\",\"@id\":\"https:\/\/www.mundoagropecuario.cl\/new\/#\/schema\/logo\/image\/\",\"url\":\"https:\/\/www.mundoagropecuario.cl\/new\/wp-content\/uploads\/2020\/11\/PORTAL-1-1.png\",\"contentUrl\":\"https:\/\/www.mundoagropecuario.cl\/new\/wp-content\/uploads\/2020\/11\/PORTAL-1-1.png\",\"width\":1026,\"height\":100,\"caption\":\"Revista de Agricultura\"},\"image\":{\"@id\":\"https:\/\/www.mundoagropecuario.cl\/new\/#\/schema\/logo\/image\/\"},\"sameAs\":[\"https:\/\/www.facebook.com\/mundo.agropecuario.3\",\"https:\/\/x.com\/MundoAgropecuar\",\"https:\/\/www.linkedin.com\/in\/mundo-agropecuario-934009201\/\"]},{\"@type\":\"Person\",\"@id\":\"https:\/\/www.mundoagropecuario.cl\/new\/#\/schema\/person\/4e9f74a82a7dac260eb1c44b7eebeb18\",\"name\":\"mundo\",\"url\":\"https:\/\/www.mundoagropecuario.cl\/new\/author\/mundo\/\"}]}<\/script>\n<!-- \/ Yoast SEO plugin. -->","yoast_head_json":{"title":"Desayuno del Productor Lechero 2024: Productores destacados y nuevos hitos - Mundoagropecuario","description":"El evento, que se realiza hace m\u00e1s de 30 a\u00f1os, congrega a productores desde Los \u00c1ngeles al sur para fortalecer lazos y proyectar desaf\u00edos.","robots":{"index":"index","follow":"follow","max-snippet":"max-snippet:-1","max-image-preview":"max-image-preview:large","max-video-preview":"max-video-preview:-1"},"canonical":"https:\/\/www.mundoagropecuario.cl\/new\/desayuno-del-productor-lechero-2024-productores-destacados-y-nuevos-hitos\/","og_locale":"es_ES","og_type":"article","og_title":"Desayuno del Productor Lechero 2024: Productores destacados y nuevos hitos - Mundoagropecuario","og_description":"El evento, que se realiza hace m\u00e1s de 30 a\u00f1os, congrega a productores desde Los \u00c1ngeles al sur para fortalecer lazos y proyectar desaf\u00edos.","og_url":"https:\/\/www.mundoagropecuario.cl\/new\/desayuno-del-productor-lechero-2024-productores-destacados-y-nuevos-hitos\/","og_site_name":"Mundoagropecuario","article_publisher":"https:\/\/www.facebook.com\/mundo.agropecuario.3","article_published_time":"2024-12-09T14:29:11+00:00","article_modified_time":"2024-12-12T17:29:36+00:00","og_image":[{"width":720,"height":384,"url":"https:\/\/www.mundoagropecuario.cl\/new\/wp-content\/uploads\/2024\/12\/Plantilla-estandar-mundo-acuicola-8-scaled.jpg","type":"image\/jpeg"}],"author":"mundo","twitter_card":"summary_large_image","twitter_creator":"@MundoAgropecuar","twitter_site":"@MundoAgropecuar","twitter_misc":{"Escrito por":"mundo","Tiempo de lectura":"4 minutos"},"schema":{"@context":"https:\/\/schema.org","@graph":[{"@type":"Article","@id":"https:\/\/www.mundoagropecuario.cl\/new\/desayuno-del-productor-lechero-2024-productores-destacados-y-nuevos-hitos\/#article","isPartOf":{"@id":"https:\/\/www.mundoagropecuario.cl\/new\/desayuno-del-productor-lechero-2024-productores-destacados-y-nuevos-hitos\/"},"author":{"name":"mundo","@id":"https:\/\/www.mundoagropecuario.cl\/new\/#\/schema\/person\/4e9f74a82a7dac260eb1c44b7eebeb18"},"headline":"Desayuno del Productor Lechero 2024: Productores destacados y nuevos hitos","datePublished":"2024-12-09T14:29:11+00:00","dateModified":"2024-12-12T17:29:36+00:00","mainEntityOfPage":{"@id":"https:\/\/www.mundoagropecuario.cl\/new\/desayuno-del-productor-lechero-2024-productores-destacados-y-nuevos-hitos\/"},"wordCount":868,"publisher":{"@id":"https:\/\/www.mundoagropecuario.cl\/new\/#organization"},"image":{"@id":"https:\/\/www.mundoagropecuario.cl\/new\/desayuno-del-productor-lechero-2024-productores-destacados-y-nuevos-hitos\/#primaryimage"},"thumbnailUrl":"https:\/\/www.mundoagropecuario.cl\/new\/wp-content\/uploads\/2024\/12\/Plantilla-estandar-mundo-acuicola-8-scaled.jpg","keywords":["Cooprinsem","desayuno productor lechero","ganader\u00eda sostenible","gen\u00e9tica escandinava","Industria l\u00e1ctea","industria l\u00e1ctea chilena","Industria lechera","productores lecheros","SAGO FISUR","Sago Fisur 2024","SAGOFisur","Viking Genetics"],"articleSection":["L\u00e1cteos"],"inLanguage":"es"},{"@type":"WebPage","@id":"https:\/\/www.mundoagropecuario.cl\/new\/desayuno-del-productor-lechero-2024-productores-destacados-y-nuevos-hitos\/","url":"https:\/\/www.mundoagropecuario.cl\/new\/desayuno-del-productor-lechero-2024-productores-destacados-y-nuevos-hitos\/","name":"Desayuno del Productor Lechero 2024: Productores destacados y nuevos hitos - Mundoagropecuario","isPartOf":{"@id":"https:\/\/www.mundoagropecuario.cl\/new\/#website"},"primaryImageOfPage":{"@id":"https:\/\/www.mundoagropecuario.cl\/new\/desayuno-del-productor-lechero-2024-productores-destacados-y-nuevos-hitos\/#primaryimage"},"image":{"@id":"https:\/\/www.mundoagropecuario.cl\/new\/desayuno-del-productor-lechero-2024-productores-destacados-y-nuevos-hitos\/#primaryimage"},"thumbnailUrl":"https:\/\/www.mundoagropecuario.cl\/new\/wp-content\/uploads\/2024\/12\/Plantilla-estandar-mundo-acuicola-8-scaled.jpg","datePublished":"2024-12-09T14:29:11+00:00","dateModified":"2024-12-12T17:29:36+00:00","description":"El evento, que se realiza hace m\u00e1s de 30 a\u00f1os, congrega a productores desde Los \u00c1ngeles al sur para fortalecer lazos y proyectar desaf\u00edos.","breadcrumb":{"@id":"https:\/\/www.mundoagropecuario.cl\/new\/desayuno-del-productor-lechero-2024-productores-destacados-y-nuevos-hitos\/#breadcrumb"},"inLanguage":"es","potentialAction":[{"@type":"ReadAction","target":["https:\/\/www.mundoagropecuario.cl\/new\/desayuno-del-productor-lechero-2024-productores-destacados-y-nuevos-hitos\/"]}]},{"@type":"ImageObject","inLanguage":"es","@id":"https:\/\/www.mundoagropecuario.cl\/new\/desayuno-del-productor-lechero-2024-productores-destacados-y-nuevos-hitos\/#primaryimage","url":"https:\/\/www.mundoagropecuario.cl\/new\/wp-content\/uploads\/2024\/12\/Plantilla-estandar-mundo-acuicola-8-scaled.jpg","contentUrl":"https:\/\/www.mundoagropecuario.cl\/new\/wp-content\/uploads\/2024\/12\/Plantilla-estandar-mundo-acuicola-8-scaled.jpg","width":720,"height":384},{"@type":"BreadcrumbList","@id":"https:\/\/www.mundoagropecuario.cl\/new\/desayuno-del-productor-lechero-2024-productores-destacados-y-nuevos-hitos\/#breadcrumb","itemListElement":[{"@type":"ListItem","position":1,"name":"Portada","item":"https:\/\/www.mundoagropecuario.cl\/new\/"},{"@type":"ListItem","position":2,"name":"Desayuno del Productor Lechero 2024: Productores destacados y nuevos hitos"}]},{"@type":"WebSite","@id":"https:\/\/www.mundoagropecuario.cl\/new\/#website","url":"https:\/\/www.mundoagropecuario.cl\/new\/","name":"Mundoagropecuario","description":"Mundo Agropecuario","publisher":{"@id":"https:\/\/www.mundoagropecuario.cl\/new\/#organization"},"potentialAction":[{"@type":"SearchAction","target":{"@type":"EntryPoint","urlTemplate":"https:\/\/www.mundoagropecuario.cl\/new\/?s={search_term_string}"},"query-input":{"@type":"PropertyValueSpecification","valueRequired":true,"valueName":"search_term_string"}}],"inLanguage":"es"},{"@type":"Organization","@id":"https:\/\/www.mundoagropecuario.cl\/new\/#organization","name":"Revista de Agricultura","url":"https:\/\/www.mundoagropecuario.cl\/new\/","logo":{"@type":"ImageObject","inLanguage":"es","@id":"https:\/\/www.mundoagropecuario.cl\/new\/#\/schema\/logo\/image\/","url":"https:\/\/www.mundoagropecuario.cl\/new\/wp-content\/uploads\/2020\/11\/PORTAL-1-1.png","contentUrl":"https:\/\/www.mundoagropecuario.cl\/new\/wp-content\/uploads\/2020\/11\/PORTAL-1-1.png","width":1026,"height":100,"caption":"Revista de Agricultura"},"image":{"@id":"https:\/\/www.mundoagropecuario.cl\/new\/#\/schema\/logo\/image\/"},"sameAs":["https:\/\/www.facebook.com\/mundo.agropecuario.3","https:\/\/x.com\/MundoAgropecuar","https:\/\/www.linkedin.com\/in\/mundo-agropecuario-934009201\/"]},{"@type":"Person","@id":"https:\/\/www.mundoagropecuario.cl\/new\/#\/schema\/person\/4e9f74a82a7dac260eb1c44b7eebeb18","name":"mundo","url":"https:\/\/www.mundoagropecuario.cl\/new\/author\/mundo\/"}]}},"_links":{"self":[{"href":"https:\/\/www.mundoagropecuario.cl\/new\/wp-json\/wp\/v2\/posts\/25963","targetHints":{"allow":["GET"]}}],"collection":[{"href":"https:\/\/www.mundoagropecuario.cl\/new\/wp-json\/wp\/v2\/posts"}],"about":[{"href":"https:\/\/www.mundoagropecuario.cl\/new\/wp-json\/wp\/v2\/types\/post"}],"author":[{"embeddable":true,"href":"https:\/\/www.mundoagropecuario.cl\/new\/wp-json\/wp\/v2\/users\/2"}],"replies":[{"embeddable":true,"href":"https:\/\/www.mundoagropecuario.cl\/new\/wp-json\/wp\/v2\/comments?post=25963"}],"version-history":[{"count":1,"href":"https:\/\/www.mundoagropecuario.cl\/new\/wp-json\/wp\/v2\/posts\/25963\/revisions"}],"predecessor-version":[{"id":25966,"href":"https:\/\/www.mundoagropecuario.cl\/new\/wp-json\/wp\/v2\/posts\/25963\/revisions\/25966"}],"wp:featuredmedia":[{"embeddable":true,"href":"https:\/\/www.mundoagropecuario.cl\/new\/wp-json\/wp\/v2\/media\/25964"}],"wp:attachment":[{"href":"https:\/\/www.mundoagropecuario.cl\/new\/wp-json\/wp\/v2\/media?parent=25963"}],"wp:term":[{"taxonomy":"category","embeddable":true,"href":"https:\/\/www.mundoagropecuario.cl\/new\/wp-json\/wp\/v2\/categories?post=25963"},{"taxonomy":"post_tag","embeddable":true,"href":"https:\/\/www.mundoagropecuario.cl\/new\/wp-json\/wp\/v2\/tags?post=25963"}],"curies":[{"name":"wp","href":"https:\/\/api.w.org\/{rel}","templated":true}]}}