{"id":25946,"date":"2024-12-04T09:49:47","date_gmt":"2024-12-04T12:49:47","guid":{"rendered":"https:\/\/www.mundoagropecuario.cl\/new\/?p=25946"},"modified":"2024-12-09T12:28:47","modified_gmt":"2024-12-09T15:28:47","slug":"anticipan-que-carozos-chilenos-volveran-a-marcar-record-de-exportacion","status":"publish","type":"post","link":"https:\/\/www.mundoagropecuario.cl\/new\/anticipan-que-carozos-chilenos-volveran-a-marcar-record-de-exportacion\/","title":{"rendered":"Carozos chilenos volver\u00edan a marcar r\u00e9cord de exportaci\u00f3n"},"content":{"rendered":"<p>El gremio Frutas de Chile proyecta una temporada de exportaci\u00f3n de carozos sin precedentes para el per\u00edodo 2024-2025, con un aumento estimado de 4% en comparaci\u00f3n con la temporada anterior. Se espera que la exportaci\u00f3n de productos como ciruelas japonesas y europeas, duraznos y nectarines alcance un volumen cercano a las 38 millones de cajas.<\/p>\n<p>El valor de las exportaciones tambi\u00e9n experimentar\u00e1 un crecimiento importante, superando los 540 millones de d\u00f3lares, lo que representar\u00eda un aumento equivalente al crecimiento proyectado en el volumen de env\u00edos. Aunque se prev\u00e9 este incremento, factores como el destino de los env\u00edos y las fluctuaciones en los precios de los fletes mar\u00edtimos podr\u00edan influir en las cifras finales.<\/p>\n<h3>Volumen, pero tambi\u00e9n calidad<\/h3>\n<p>Ignacio Caballero, director ejecutivo del Comit\u00e9 de Carozos de Frutas de Chile, coment\u00f3 que \u201cesta estimaci\u00f3n, aunque a\u00fan preliminar, refleja que el sector est\u00e1 enfocado no solo en aumentar los vol\u00famenes, sino tambi\u00e9n en mejorar la calidad de la fruta. Nuestro objetivo es incentivar un mayor consumo y obtener mejores retornos, lo que nos hace anticipar un nuevo r\u00e9cord exportador para los carozos\u201d.<\/p>\n<p>Seg\u00fan explic\u00f3 Caballero, el aumento proyectado \u201cest\u00e1 alineado con la estrategia del Comit\u00e9, que busca aprovechar las oportunidades de los diferentes mercados internacionales, adem\u00e1s de Asia, para seguir creciendo con un enfoque en la calidad y la consistencia de la fruta exportada\u201d.<\/p>\n<p>El Comit\u00e9 de Carozos tambi\u00e9n record\u00f3 que, durante la temporada pasada, China fue el principal destino para las exportaciones de ciruelas y nectarines chilenos, concentrando el 55% y 63% de los env\u00edos de cada producto, respectivamente. En cuanto a los duraznos, el mercado de Norteam\u00e9rica, compuesto por Estados Unidos y Canad\u00e1, represent\u00f3 el 50% de las exportaciones.<\/p>\n<p>De cara a la nueva temporada, el gremio se enfocar\u00e1 en ampliar su presencia en mercados como M\u00e9xico y Brasil, pa\u00edses con un gran consumo de frutas, pero en los que Chile a\u00fan no ha logrado penetrar de manera significativa. Para este prop\u00f3sito, el Comit\u00e9 de Carozos est\u00e1 desarrollando campa\u00f1as de comunicaci\u00f3n orientadas a resaltar las ventajas de las variedades chilenas.<\/p>\n<h3>Proyecci\u00f3n por categor\u00eda de producto<\/h3>\n<p>De acuerdo con las estimaciones de Frutas de Chile, los nectarines ser\u00e1n los grandes protagonistas de la temporada 2024-2025, con un aumento proyectado del 22% respecto al a\u00f1o anterior. Se espera que el volumen de exportaci\u00f3n llegue a 14,1 millones de cajas de 8 kilos cada una. Con este crecimiento, los nectarines se convertir\u00edan, por primera vez, en la principal especie exportada dentro del grupo de los carozos. Caballero detall\u00f3 que de este total, aproximadamente 9 millones de cajas ser\u00edan de nectarines de pulpa blanca (63%), y 5,2 millones de cajas de pulpa amarilla (37%).<\/p>\n<p>En t\u00e9rminos de volumen, las ciruelas japonesas ocupan el segundo lugar en las proyecciones de exportaci\u00f3n, con un estimado de 13,5 millones de cajas de 7 kilogramos cada una. Sin embargo, se anticipa una ca\u00edda del 4% en comparaci\u00f3n con la temporada pasada. De esta cantidad, el 58% corresponde a variedades rojas, el 40% a variedades negras, y el 1% restante a otras variedades.<\/p>\n<h3>Est\u00e1ndares<\/h3>\n<p>Tambi\u00e9n se espera una disminuci\u00f3n en las exportaciones de ciruelas europeas, con una ca\u00edda estimada del 7% respecto al r\u00e9cord hist\u00f3rico alcanzado en la temporada anterior, que super\u00f3 las 8 millones de cajas. Ante esta situaci\u00f3n, el Comit\u00e9 de Carozos se encuentra trabajando para mejorar la calidad de la fruta exportada, implementando recomendaciones y estrategias educativas que promuevan el cumplimiento de est\u00e1ndares m\u00ednimos. \u201cEs fundamental entender que la fruta de baja calidad puede da\u00f1ar la imagen del mercado. Por eso, las expectativas son que las cifras aumenten a largo plazo\u201d, concluy\u00f3 Caballero.<\/p>\n<p>Por \u00faltimo, se proyecta un ligero aumento del 4% en las exportaciones de duraznos, que llegar\u00edan a 2,9 millones de cajas de 8 kilos cada una. Este repunte se da despu\u00e9s de dos temporadas consecutivas de declive.<\/p>\n<p>Caballero explic\u00f3 que el incremento de volumen en algunas especies se debe a la entrada en producci\u00f3n de nuevas plantaciones comerciales. En cambio, las disminuciones est\u00e1n asociadas al proceso de recambio varietal, con la incorporaci\u00f3n de nuevas variedades que prometen una mejor calidad en sabor y resistencia para el transporte.<\/p>\n<div>\n<div class=\"links | story_links\">\n<div class=\"align-links\">\n<div id=\"commentsLine\"><\/div>\n<aside class=\"offer-content\"><\/aside>\n<\/div>\n<\/div>\n<\/div>\n","protected":false},"excerpt":{"rendered":"<p>Chile proyecta un r\u00e9cord en exportaci\u00f3n de carozos con crecimiento en calidad y nuevos mercados en la temporada 2024-2025.<\/p>\n","protected":false},"author":2,"featured_media":25947,"comment_status":"closed","ping_status":"closed","sticky":false,"template":"","format":"standard","meta":{"footnotes":""},"categories":[1986],"tags":[2282,9240,2170,9239,3301,9236,1105,3286,2861,9237,5582,9242,9241,2959,3300,9238],"class_list":["post-25946","post","type-post","status-publish","format-standard","has-post-thumbnail","hentry","category-frutas","tag-brasil","tag-calidad-de-la-fruta","tag-china","tag-ciruelas-japonesas","tag-duraznos","tag-exportacion-de-carozos","tag-exportaciones","tag-fruta","tag-fruta-chilena","tag-frutas-de-chile","tag-fruticolas","tag-industria-fruticola","tag-mercados-mundiales","tag-mexico","tag-nectarines","tag-temporada-2024-2025"],"yoast_head":"<!-- This site is optimized with the Yoast SEO plugin v26.6 - https:\/\/yoast.com\/wordpress\/plugins\/seo\/ -->\n<title>Carozos chilenos volver\u00edan a marcar r\u00e9cord de exportaci\u00f3n - Mundoagropecuario<\/title>\n<meta name=\"description\" content=\"Chile proyecta un r\u00e9cord en exportaci\u00f3n de carozos con crecimiento en calidad y nuevos mercados en la temporada 2024-2025.\" \/>\n<meta name=\"robots\" content=\"index, follow, max-snippet:-1, max-image-preview:large, max-video-preview:-1\" \/>\n<link rel=\"canonical\" href=\"https:\/\/www.mundoagropecuario.cl\/new\/anticipan-que-carozos-chilenos-volveran-a-marcar-record-de-exportacion\/\" \/>\n<meta property=\"og:locale\" content=\"es_ES\" \/>\n<meta property=\"og:type\" content=\"article\" \/>\n<meta property=\"og:title\" content=\"Carozos chilenos volver\u00edan a marcar r\u00e9cord de exportaci\u00f3n - Mundoagropecuario\" \/>\n<meta property=\"og:description\" content=\"Chile proyecta un r\u00e9cord en exportaci\u00f3n de carozos con crecimiento en calidad y nuevos mercados en la temporada 2024-2025.\" \/>\n<meta property=\"og:url\" content=\"https:\/\/www.mundoagropecuario.cl\/new\/anticipan-que-carozos-chilenos-volveran-a-marcar-record-de-exportacion\/\" \/>\n<meta property=\"og:site_name\" content=\"Mundoagropecuario\" \/>\n<meta property=\"article:publisher\" content=\"https:\/\/www.facebook.com\/mundo.agropecuario.3\" \/>\n<meta property=\"article:published_time\" content=\"2024-12-04T12:49:47+00:00\" \/>\n<meta property=\"article:modified_time\" content=\"2024-12-09T15:28:47+00:00\" \/>\n<meta property=\"og:image\" content=\"https:\/\/www.mundoagropecuario.cl\/new\/wp-content\/uploads\/2024\/12\/Plantilla-estandar-mundo-acuicola-62-scaled.jpg\" \/>\n\t<meta property=\"og:image:width\" content=\"720\" \/>\n\t<meta property=\"og:image:height\" content=\"384\" \/>\n\t<meta property=\"og:image:type\" content=\"image\/jpeg\" \/>\n<meta name=\"author\" content=\"mundo\" \/>\n<meta name=\"twitter:card\" content=\"summary_large_image\" \/>\n<meta name=\"twitter:creator\" content=\"@MundoAgropecuar\" \/>\n<meta name=\"twitter:site\" content=\"@MundoAgropecuar\" \/>\n<meta name=\"twitter:label1\" content=\"Escrito por\" \/>\n\t<meta name=\"twitter:data1\" content=\"mundo\" \/>\n\t<meta name=\"twitter:label2\" content=\"Tiempo de lectura\" \/>\n\t<meta name=\"twitter:data2\" content=\"4 minutos\" \/>\n<script type=\"application\/ld+json\" class=\"yoast-schema-graph\">{\"@context\":\"https:\/\/schema.org\",\"@graph\":[{\"@type\":\"Article\",\"@id\":\"https:\/\/www.mundoagropecuario.cl\/new\/anticipan-que-carozos-chilenos-volveran-a-marcar-record-de-exportacion\/#article\",\"isPartOf\":{\"@id\":\"https:\/\/www.mundoagropecuario.cl\/new\/anticipan-que-carozos-chilenos-volveran-a-marcar-record-de-exportacion\/\"},\"author\":{\"name\":\"mundo\",\"@id\":\"https:\/\/www.mundoagropecuario.cl\/new\/#\/schema\/person\/4e9f74a82a7dac260eb1c44b7eebeb18\"},\"headline\":\"Carozos chilenos volver\u00edan a marcar r\u00e9cord de exportaci\u00f3n\",\"datePublished\":\"2024-12-04T12:49:47+00:00\",\"dateModified\":\"2024-12-09T15:28:47+00:00\",\"mainEntityOfPage\":{\"@id\":\"https:\/\/www.mundoagropecuario.cl\/new\/anticipan-que-carozos-chilenos-volveran-a-marcar-record-de-exportacion\/\"},\"wordCount\":725,\"publisher\":{\"@id\":\"https:\/\/www.mundoagropecuario.cl\/new\/#organization\"},\"image\":{\"@id\":\"https:\/\/www.mundoagropecuario.cl\/new\/anticipan-que-carozos-chilenos-volveran-a-marcar-record-de-exportacion\/#primaryimage\"},\"thumbnailUrl\":\"https:\/\/www.mundoagropecuario.cl\/new\/wp-content\/uploads\/2024\/12\/Plantilla-estandar-mundo-acuicola-62-scaled.jpg\",\"keywords\":[\"Brasil\",\"calidad de la fruta\",\"China\",\"ciruelas japonesas\",\"duraznos\",\"exportaci\u00f3n de carozos\",\"Exportaciones\",\"fruta\",\"fruta chilena\",\"Frutas de Chile\",\"frut\u00edcolas\",\"industria frut\u00edcola\",\"mercados mundiales\",\"M\u00e9xico\",\"nectarines\",\"temporada 2024-2025\"],\"articleSection\":[\"Frutas\"],\"inLanguage\":\"es\"},{\"@type\":\"WebPage\",\"@id\":\"https:\/\/www.mundoagropecuario.cl\/new\/anticipan-que-carozos-chilenos-volveran-a-marcar-record-de-exportacion\/\",\"url\":\"https:\/\/www.mundoagropecuario.cl\/new\/anticipan-que-carozos-chilenos-volveran-a-marcar-record-de-exportacion\/\",\"name\":\"Carozos chilenos volver\u00edan a marcar r\u00e9cord de exportaci\u00f3n - Mundoagropecuario\",\"isPartOf\":{\"@id\":\"https:\/\/www.mundoagropecuario.cl\/new\/#website\"},\"primaryImageOfPage\":{\"@id\":\"https:\/\/www.mundoagropecuario.cl\/new\/anticipan-que-carozos-chilenos-volveran-a-marcar-record-de-exportacion\/#primaryimage\"},\"image\":{\"@id\":\"https:\/\/www.mundoagropecuario.cl\/new\/anticipan-que-carozos-chilenos-volveran-a-marcar-record-de-exportacion\/#primaryimage\"},\"thumbnailUrl\":\"https:\/\/www.mundoagropecuario.cl\/new\/wp-content\/uploads\/2024\/12\/Plantilla-estandar-mundo-acuicola-62-scaled.jpg\",\"datePublished\":\"2024-12-04T12:49:47+00:00\",\"dateModified\":\"2024-12-09T15:28:47+00:00\",\"description\":\"Chile proyecta un r\u00e9cord en exportaci\u00f3n de carozos con crecimiento en calidad y nuevos mercados en la temporada 2024-2025.\",\"breadcrumb\":{\"@id\":\"https:\/\/www.mundoagropecuario.cl\/new\/anticipan-que-carozos-chilenos-volveran-a-marcar-record-de-exportacion\/#breadcrumb\"},\"inLanguage\":\"es\",\"potentialAction\":[{\"@type\":\"ReadAction\",\"target\":[\"https:\/\/www.mundoagropecuario.cl\/new\/anticipan-que-carozos-chilenos-volveran-a-marcar-record-de-exportacion\/\"]}]},{\"@type\":\"ImageObject\",\"inLanguage\":\"es\",\"@id\":\"https:\/\/www.mundoagropecuario.cl\/new\/anticipan-que-carozos-chilenos-volveran-a-marcar-record-de-exportacion\/#primaryimage\",\"url\":\"https:\/\/www.mundoagropecuario.cl\/new\/wp-content\/uploads\/2024\/12\/Plantilla-estandar-mundo-acuicola-62-scaled.jpg\",\"contentUrl\":\"https:\/\/www.mundoagropecuario.cl\/new\/wp-content\/uploads\/2024\/12\/Plantilla-estandar-mundo-acuicola-62-scaled.jpg\",\"width\":720,\"height\":384},{\"@type\":\"BreadcrumbList\",\"@id\":\"https:\/\/www.mundoagropecuario.cl\/new\/anticipan-que-carozos-chilenos-volveran-a-marcar-record-de-exportacion\/#breadcrumb\",\"itemListElement\":[{\"@type\":\"ListItem\",\"position\":1,\"name\":\"Portada\",\"item\":\"https:\/\/www.mundoagropecuario.cl\/new\/\"},{\"@type\":\"ListItem\",\"position\":2,\"name\":\"Carozos chilenos volver\u00edan a marcar r\u00e9cord de exportaci\u00f3n\"}]},{\"@type\":\"WebSite\",\"@id\":\"https:\/\/www.mundoagropecuario.cl\/new\/#website\",\"url\":\"https:\/\/www.mundoagropecuario.cl\/new\/\",\"name\":\"Mundoagropecuario\",\"description\":\"Mundo Agropecuario\",\"publisher\":{\"@id\":\"https:\/\/www.mundoagropecuario.cl\/new\/#organization\"},\"potentialAction\":[{\"@type\":\"SearchAction\",\"target\":{\"@type\":\"EntryPoint\",\"urlTemplate\":\"https:\/\/www.mundoagropecuario.cl\/new\/?s={search_term_string}\"},\"query-input\":{\"@type\":\"PropertyValueSpecification\",\"valueRequired\":true,\"valueName\":\"search_term_string\"}}],\"inLanguage\":\"es\"},{\"@type\":\"Organization\",\"@id\":\"https:\/\/www.mundoagropecuario.cl\/new\/#organization\",\"name\":\"Revista de Agricultura\",\"url\":\"https:\/\/www.mundoagropecuario.cl\/new\/\",\"logo\":{\"@type\":\"ImageObject\",\"inLanguage\":\"es\",\"@id\":\"https:\/\/www.mundoagropecuario.cl\/new\/#\/schema\/logo\/image\/\",\"url\":\"https:\/\/www.mundoagropecuario.cl\/new\/wp-content\/uploads\/2020\/11\/PORTAL-1-1.png\",\"contentUrl\":\"https:\/\/www.mundoagropecuario.cl\/new\/wp-content\/uploads\/2020\/11\/PORTAL-1-1.png\",\"width\":1026,\"height\":100,\"caption\":\"Revista de Agricultura\"},\"image\":{\"@id\":\"https:\/\/www.mundoagropecuario.cl\/new\/#\/schema\/logo\/image\/\"},\"sameAs\":[\"https:\/\/www.facebook.com\/mundo.agropecuario.3\",\"https:\/\/x.com\/MundoAgropecuar\",\"https:\/\/www.linkedin.com\/in\/mundo-agropecuario-934009201\/\"]},{\"@type\":\"Person\",\"@id\":\"https:\/\/www.mundoagropecuario.cl\/new\/#\/schema\/person\/4e9f74a82a7dac260eb1c44b7eebeb18\",\"name\":\"mundo\",\"url\":\"https:\/\/www.mundoagropecuario.cl\/new\/author\/mundo\/\"}]}<\/script>\n<!-- \/ Yoast SEO plugin. -->","yoast_head_json":{"title":"Carozos chilenos volver\u00edan a marcar r\u00e9cord de exportaci\u00f3n - Mundoagropecuario","description":"Chile proyecta un r\u00e9cord en exportaci\u00f3n de carozos con crecimiento en calidad y nuevos mercados en la temporada 2024-2025.","robots":{"index":"index","follow":"follow","max-snippet":"max-snippet:-1","max-image-preview":"max-image-preview:large","max-video-preview":"max-video-preview:-1"},"canonical":"https:\/\/www.mundoagropecuario.cl\/new\/anticipan-que-carozos-chilenos-volveran-a-marcar-record-de-exportacion\/","og_locale":"es_ES","og_type":"article","og_title":"Carozos chilenos volver\u00edan a marcar r\u00e9cord de exportaci\u00f3n - Mundoagropecuario","og_description":"Chile proyecta un r\u00e9cord en exportaci\u00f3n de carozos con crecimiento en calidad y nuevos mercados en la temporada 2024-2025.","og_url":"https:\/\/www.mundoagropecuario.cl\/new\/anticipan-que-carozos-chilenos-volveran-a-marcar-record-de-exportacion\/","og_site_name":"Mundoagropecuario","article_publisher":"https:\/\/www.facebook.com\/mundo.agropecuario.3","article_published_time":"2024-12-04T12:49:47+00:00","article_modified_time":"2024-12-09T15:28:47+00:00","og_image":[{"width":720,"height":384,"url":"https:\/\/www.mundoagropecuario.cl\/new\/wp-content\/uploads\/2024\/12\/Plantilla-estandar-mundo-acuicola-62-scaled.jpg","type":"image\/jpeg"}],"author":"mundo","twitter_card":"summary_large_image","twitter_creator":"@MundoAgropecuar","twitter_site":"@MundoAgropecuar","twitter_misc":{"Escrito por":"mundo","Tiempo de lectura":"4 minutos"},"schema":{"@context":"https:\/\/schema.org","@graph":[{"@type":"Article","@id":"https:\/\/www.mundoagropecuario.cl\/new\/anticipan-que-carozos-chilenos-volveran-a-marcar-record-de-exportacion\/#article","isPartOf":{"@id":"https:\/\/www.mundoagropecuario.cl\/new\/anticipan-que-carozos-chilenos-volveran-a-marcar-record-de-exportacion\/"},"author":{"name":"mundo","@id":"https:\/\/www.mundoagropecuario.cl\/new\/#\/schema\/person\/4e9f74a82a7dac260eb1c44b7eebeb18"},"headline":"Carozos chilenos volver\u00edan a marcar r\u00e9cord de exportaci\u00f3n","datePublished":"2024-12-04T12:49:47+00:00","dateModified":"2024-12-09T15:28:47+00:00","mainEntityOfPage":{"@id":"https:\/\/www.mundoagropecuario.cl\/new\/anticipan-que-carozos-chilenos-volveran-a-marcar-record-de-exportacion\/"},"wordCount":725,"publisher":{"@id":"https:\/\/www.mundoagropecuario.cl\/new\/#organization"},"image":{"@id":"https:\/\/www.mundoagropecuario.cl\/new\/anticipan-que-carozos-chilenos-volveran-a-marcar-record-de-exportacion\/#primaryimage"},"thumbnailUrl":"https:\/\/www.mundoagropecuario.cl\/new\/wp-content\/uploads\/2024\/12\/Plantilla-estandar-mundo-acuicola-62-scaled.jpg","keywords":["Brasil","calidad de la fruta","China","ciruelas japonesas","duraznos","exportaci\u00f3n de carozos","Exportaciones","fruta","fruta chilena","Frutas de Chile","frut\u00edcolas","industria frut\u00edcola","mercados mundiales","M\u00e9xico","nectarines","temporada 2024-2025"],"articleSection":["Frutas"],"inLanguage":"es"},{"@type":"WebPage","@id":"https:\/\/www.mundoagropecuario.cl\/new\/anticipan-que-carozos-chilenos-volveran-a-marcar-record-de-exportacion\/","url":"https:\/\/www.mundoagropecuario.cl\/new\/anticipan-que-carozos-chilenos-volveran-a-marcar-record-de-exportacion\/","name":"Carozos chilenos volver\u00edan a marcar r\u00e9cord de exportaci\u00f3n - Mundoagropecuario","isPartOf":{"@id":"https:\/\/www.mundoagropecuario.cl\/new\/#website"},"primaryImageOfPage":{"@id":"https:\/\/www.mundoagropecuario.cl\/new\/anticipan-que-carozos-chilenos-volveran-a-marcar-record-de-exportacion\/#primaryimage"},"image":{"@id":"https:\/\/www.mundoagropecuario.cl\/new\/anticipan-que-carozos-chilenos-volveran-a-marcar-record-de-exportacion\/#primaryimage"},"thumbnailUrl":"https:\/\/www.mundoagropecuario.cl\/new\/wp-content\/uploads\/2024\/12\/Plantilla-estandar-mundo-acuicola-62-scaled.jpg","datePublished":"2024-12-04T12:49:47+00:00","dateModified":"2024-12-09T15:28:47+00:00","description":"Chile proyecta un r\u00e9cord en exportaci\u00f3n de carozos con crecimiento en calidad y nuevos mercados en la temporada 2024-2025.","breadcrumb":{"@id":"https:\/\/www.mundoagropecuario.cl\/new\/anticipan-que-carozos-chilenos-volveran-a-marcar-record-de-exportacion\/#breadcrumb"},"inLanguage":"es","potentialAction":[{"@type":"ReadAction","target":["https:\/\/www.mundoagropecuario.cl\/new\/anticipan-que-carozos-chilenos-volveran-a-marcar-record-de-exportacion\/"]}]},{"@type":"ImageObject","inLanguage":"es","@id":"https:\/\/www.mundoagropecuario.cl\/new\/anticipan-que-carozos-chilenos-volveran-a-marcar-record-de-exportacion\/#primaryimage","url":"https:\/\/www.mundoagropecuario.cl\/new\/wp-content\/uploads\/2024\/12\/Plantilla-estandar-mundo-acuicola-62-scaled.jpg","contentUrl":"https:\/\/www.mundoagropecuario.cl\/new\/wp-content\/uploads\/2024\/12\/Plantilla-estandar-mundo-acuicola-62-scaled.jpg","width":720,"height":384},{"@type":"BreadcrumbList","@id":"https:\/\/www.mundoagropecuario.cl\/new\/anticipan-que-carozos-chilenos-volveran-a-marcar-record-de-exportacion\/#breadcrumb","itemListElement":[{"@type":"ListItem","position":1,"name":"Portada","item":"https:\/\/www.mundoagropecuario.cl\/new\/"},{"@type":"ListItem","position":2,"name":"Carozos chilenos volver\u00edan a marcar r\u00e9cord de exportaci\u00f3n"}]},{"@type":"WebSite","@id":"https:\/\/www.mundoagropecuario.cl\/new\/#website","url":"https:\/\/www.mundoagropecuario.cl\/new\/","name":"Mundoagropecuario","description":"Mundo Agropecuario","publisher":{"@id":"https:\/\/www.mundoagropecuario.cl\/new\/#organization"},"potentialAction":[{"@type":"SearchAction","target":{"@type":"EntryPoint","urlTemplate":"https:\/\/www.mundoagropecuario.cl\/new\/?s={search_term_string}"},"query-input":{"@type":"PropertyValueSpecification","valueRequired":true,"valueName":"search_term_string"}}],"inLanguage":"es"},{"@type":"Organization","@id":"https:\/\/www.mundoagropecuario.cl\/new\/#organization","name":"Revista de Agricultura","url":"https:\/\/www.mundoagropecuario.cl\/new\/","logo":{"@type":"ImageObject","inLanguage":"es","@id":"https:\/\/www.mundoagropecuario.cl\/new\/#\/schema\/logo\/image\/","url":"https:\/\/www.mundoagropecuario.cl\/new\/wp-content\/uploads\/2020\/11\/PORTAL-1-1.png","contentUrl":"https:\/\/www.mundoagropecuario.cl\/new\/wp-content\/uploads\/2020\/11\/PORTAL-1-1.png","width":1026,"height":100,"caption":"Revista de Agricultura"},"image":{"@id":"https:\/\/www.mundoagropecuario.cl\/new\/#\/schema\/logo\/image\/"},"sameAs":["https:\/\/www.facebook.com\/mundo.agropecuario.3","https:\/\/x.com\/MundoAgropecuar","https:\/\/www.linkedin.com\/in\/mundo-agropecuario-934009201\/"]},{"@type":"Person","@id":"https:\/\/www.mundoagropecuario.cl\/new\/#\/schema\/person\/4e9f74a82a7dac260eb1c44b7eebeb18","name":"mundo","url":"https:\/\/www.mundoagropecuario.cl\/new\/author\/mundo\/"}]}},"_links":{"self":[{"href":"https:\/\/www.mundoagropecuario.cl\/new\/wp-json\/wp\/v2\/posts\/25946","targetHints":{"allow":["GET"]}}],"collection":[{"href":"https:\/\/www.mundoagropecuario.cl\/new\/wp-json\/wp\/v2\/posts"}],"about":[{"href":"https:\/\/www.mundoagropecuario.cl\/new\/wp-json\/wp\/v2\/types\/post"}],"author":[{"embeddable":true,"href":"https:\/\/www.mundoagropecuario.cl\/new\/wp-json\/wp\/v2\/users\/2"}],"replies":[{"embeddable":true,"href":"https:\/\/www.mundoagropecuario.cl\/new\/wp-json\/wp\/v2\/comments?post=25946"}],"version-history":[{"count":2,"href":"https:\/\/www.mundoagropecuario.cl\/new\/wp-json\/wp\/v2\/posts\/25946\/revisions"}],"predecessor-version":[{"id":25949,"href":"https:\/\/www.mundoagropecuario.cl\/new\/wp-json\/wp\/v2\/posts\/25946\/revisions\/25949"}],"wp:featuredmedia":[{"embeddable":true,"href":"https:\/\/www.mundoagropecuario.cl\/new\/wp-json\/wp\/v2\/media\/25947"}],"wp:attachment":[{"href":"https:\/\/www.mundoagropecuario.cl\/new\/wp-json\/wp\/v2\/media?parent=25946"}],"wp:term":[{"taxonomy":"category","embeddable":true,"href":"https:\/\/www.mundoagropecuario.cl\/new\/wp-json\/wp\/v2\/categories?post=25946"},{"taxonomy":"post_tag","embeddable":true,"href":"https:\/\/www.mundoagropecuario.cl\/new\/wp-json\/wp\/v2\/tags?post=25946"}],"curies":[{"name":"wp","href":"https:\/\/api.w.org\/{rel}","templated":true}]}}