{"id":25803,"date":"2024-11-19T09:24:40","date_gmt":"2024-11-19T12:24:40","guid":{"rendered":"https:\/\/www.mundoagropecuario.cl\/new\/?p=25803"},"modified":"2024-11-22T11:12:16","modified_gmt":"2024-11-22T14:12:16","slug":"las-mujeres-la-llevan-en-el-campo","status":"publish","type":"post","link":"https:\/\/www.mundoagropecuario.cl\/new\/las-mujeres-la-llevan-en-el-campo\/","title":{"rendered":"&#8220;Las mujeres la llevan en el campo&#8221;"},"content":{"rendered":"<p>Con la participaci\u00f3n de las ganadoras del premio regional \u201cMujeres AgroInnovadoras 2023\u201d (MAI)), se desarroll\u00f3 en Puerto Montt, el encuentro regional CONECTA RED MAI, al que asistieron una veintena de mujeres, entre estudiantes, acad\u00e9micas, emprendedoras y mujeres agricultoras.<\/p>\n<p>La jornada estuvo encabezada por Francine Brossard, directora ejecutiva de la Fundaci\u00f3n de Innovaci\u00f3n Agraria; y la seremi de Agricultura Tania Salas; y liderada por Pilar C\u00e1rcamo C\u00e1rcamo y Sandra R\u00edos N\u00fa\u00f1ez, quienes fueron reconocidas por la agencia FIA con el premio MAI 2023.<\/p>\n<h3>Visibilizar a las mujeres del agro<\/h3>\n<p>El encuentro tuvo como objetivo ser un espacio de reconocimiento e impulso de experiencias innovadoras en el sector silvoagropecuario y la cadena agroalimentaria desarrolladas por mujeres, muchas veces invisibilizadas en esta labor.<\/p>\n<p>\u201cNosotras hemos dado \u00e9nfasis a lo que es empujar a las mujeres innovadoras, por eso hablamos de MAI, mujeres agroinnovadoras. Especialmente nuestro ministro, Esteban Valenzuela, ha apoyado esta fuerza para que las mujeres destaquen\u201d apunt\u00f3 la directora ejecutiva del organismo agrario.<\/p>\n<p>Por su parte la seremi indic\u00f3 que \u201cel premio MAI reconoce a mujeres pioneras en el agro, desde el mundo cient\u00edfico hasta la producci\u00f3n rural. Tenemos a Sandra y a Pilar, quienes buscan mostrar desde el mundo agr\u00edcola, lo que est\u00e1n haciendo desde sus distintas \u00e1reas\u201d.<\/p>\n<h3>Impulso a la innovaci\u00f3n<\/h3>\n<p>El programa Mujer Agroinnovadora de FIA est\u00e1 en l\u00ednea con la pol\u00edtica de fortalecimiento de las mujeres en el agro y equidad de g\u00e9nero, impulsada por el Ministerio de Agricultura y el programa de gobierno encabezado por el Presidente Gabriel Boric.<\/p>\n<p>De esta forma se articulan los encuentros Conecta de la Red MAI que son liderados en cada regi\u00f3n por quienes han sido premiadas por la agencia FIA en las categor\u00edas Profesional del Agro y Mujer Agricultora.<\/p>\n<p>En la regi\u00f3n de Los Lagos, en el \u00e1rea profesional, fue destacada la investigadora, acad\u00e9mica y Doctora en Recursos Naturales y Gesti\u00f3n Sostenible, Sandra R\u00edos N\u00fa\u00f1ez, por su fundamental contribuci\u00f3n al desarrollo de modelos de gobernanza asociativa y en la promoci\u00f3n del emprendimiento agroalimentario femenino.<\/p>\n<p>Su enfoque en la innovaci\u00f3n rural no solo ha mejorado el bienestar de las y los agricultores de Los Lagos, sino que tambi\u00e9n ha fortalecido su papel como l\u00edder y pionera en la regi\u00f3n.<\/p>\n<h3>Sostenibilidad<\/h3>\n<p><a href=\"https:\/\/www.mundoagropecuario.cl\/new\/wp-content\/uploads\/2024\/11\/20241106_121659-scaled.jpg\"><img loading=\"lazy\" decoding=\"async\" class=\"alignright wp-image-25804 size-large\" src=\"https:\/\/www.mundoagropecuario.cl\/new\/wp-content\/uploads\/2024\/11\/20241106_121659-533x400.jpg\" alt=\"\" width=\"533\" height=\"400\" srcset=\"https:\/\/www.mundoagropecuario.cl\/new\/wp-content\/uploads\/2024\/11\/20241106_121659-scaled.jpg 533w, https:\/\/www.mundoagropecuario.cl\/new\/wp-content\/uploads\/2024\/11\/20241106_121659-177x133.jpg 177w, https:\/\/www.mundoagropecuario.cl\/new\/wp-content\/uploads\/2024\/11\/20241106_121659-768x576.jpg 768w, https:\/\/www.mundoagropecuario.cl\/new\/wp-content\/uploads\/2024\/11\/20241106_121659-1536x1152.jpg 1536w, https:\/\/www.mundoagropecuario.cl\/new\/wp-content\/uploads\/2024\/11\/20241106_121659-2048x1536.jpg 2048w\" sizes=\"auto, (max-width: 533px) 100vw, 533px\" \/><\/a>Y en la categor\u00eda agricultora, ha sido reconocida Pilar C\u00e1rcamo C\u00e1rcamo por su valioso aporte al desarrollo de la agricultura sostenible, lo que resalta la importancia de su trabajo en la promoci\u00f3n de pr\u00e1cticas que benefician tanto al medio ambiente como a las comunidades agr\u00edcolas.<\/p>\n<p>Ambas galardonadas valoraron la realizaci\u00f3n de los encuentros CONECTA, por cuanto aporta a la visibilizaci\u00f3n del rol de la mujer en la agricultura; crea lazos para la educaci\u00f3n y acompa\u00f1amiento mutuo, afirmando el establecimiento de redes personales y de capacitaci\u00f3n; y rompe el paradigma de la agricultura masculina, demostrando que las mujeres est\u00e1n activamente presentes e innovando.<\/p>\n<p>En simples palabra, como asever\u00f3 Pilar C\u00e1rcamo, \u201clas mujeres la llevan en el campo\u201d.<\/p>\n","protected":false},"excerpt":{"rendered":"<p>Un espacio de reconocimiento e impulso a la innovaci\u00f3n de la industria silvoagropecuaria y agroalimentaria desarrolladas por mujeres.<\/p>\n","protected":false},"author":2,"featured_media":25805,"comment_status":"closed","ping_status":"closed","sticky":false,"template":"","format":"standard","meta":{"footnotes":""},"categories":[1945],"tags":[2090,2508,3127,3170,2124,9103,2035,2386,5576,559],"class_list":["post-25803","post","type-post","status-publish","format-standard","has-post-thumbnail","hentry","category-agricultura","tag-agricultura","tag-agricultura-sostenible","tag-agro","tag-agrosustentable","tag-fia","tag-fundacion-de-innovacion-agraria","tag-minagri","tag-minagri-los-lagos","tag-mujeres-agricultoras","tag-sustentabilidad"],"yoast_head":"<!-- This site is optimized with the Yoast SEO plugin v26.6 - https:\/\/yoast.com\/wordpress\/plugins\/seo\/ -->\n<title>&quot;Las mujeres la llevan en el campo&quot; - Mundoagropecuario<\/title>\n<meta name=\"description\" content=\"Un espacio de reconocimiento e impulso a la innovaci\u00f3n de la industria silvoagropecuaria y agroalimentaria desarrolladas por mujeres.\" \/>\n<meta name=\"robots\" content=\"index, follow, max-snippet:-1, max-image-preview:large, max-video-preview:-1\" \/>\n<link rel=\"canonical\" href=\"https:\/\/www.mundoagropecuario.cl\/new\/las-mujeres-la-llevan-en-el-campo\/\" \/>\n<meta property=\"og:locale\" content=\"es_ES\" \/>\n<meta property=\"og:type\" content=\"article\" \/>\n<meta property=\"og:title\" content=\"&quot;Las mujeres la llevan en el campo&quot; - Mundoagropecuario\" \/>\n<meta property=\"og:description\" content=\"Un espacio de reconocimiento e impulso a la innovaci\u00f3n de la industria silvoagropecuaria y agroalimentaria desarrolladas por mujeres.\" \/>\n<meta property=\"og:url\" content=\"https:\/\/www.mundoagropecuario.cl\/new\/las-mujeres-la-llevan-en-el-campo\/\" \/>\n<meta property=\"og:site_name\" content=\"Mundoagropecuario\" \/>\n<meta property=\"article:publisher\" content=\"https:\/\/www.facebook.com\/mundo.agropecuario.3\" \/>\n<meta property=\"article:published_time\" content=\"2024-11-19T12:24:40+00:00\" \/>\n<meta property=\"article:modified_time\" content=\"2024-11-22T14:12:16+00:00\" \/>\n<meta property=\"og:image\" content=\"https:\/\/www.mundoagropecuario.cl\/new\/wp-content\/uploads\/2024\/11\/Plantilla-estandar-mundo-acuicola-32-scaled.jpg\" \/>\n\t<meta property=\"og:image:width\" content=\"720\" \/>\n\t<meta property=\"og:image:height\" content=\"384\" \/>\n\t<meta property=\"og:image:type\" content=\"image\/jpeg\" \/>\n<meta name=\"author\" content=\"mundo\" \/>\n<meta name=\"twitter:card\" content=\"summary_large_image\" \/>\n<meta name=\"twitter:creator\" content=\"@MundoAgropecuar\" \/>\n<meta name=\"twitter:site\" content=\"@MundoAgropecuar\" \/>\n<meta name=\"twitter:label1\" content=\"Escrito por\" \/>\n\t<meta name=\"twitter:data1\" content=\"mundo\" \/>\n\t<meta name=\"twitter:label2\" content=\"Tiempo de lectura\" \/>\n\t<meta name=\"twitter:data2\" content=\"3 minutos\" \/>\n<script type=\"application\/ld+json\" class=\"yoast-schema-graph\">{\"@context\":\"https:\/\/schema.org\",\"@graph\":[{\"@type\":\"Article\",\"@id\":\"https:\/\/www.mundoagropecuario.cl\/new\/las-mujeres-la-llevan-en-el-campo\/#article\",\"isPartOf\":{\"@id\":\"https:\/\/www.mundoagropecuario.cl\/new\/las-mujeres-la-llevan-en-el-campo\/\"},\"author\":{\"name\":\"mundo\",\"@id\":\"https:\/\/www.mundoagropecuario.cl\/new\/#\/schema\/person\/4e9f74a82a7dac260eb1c44b7eebeb18\"},\"headline\":\"&#8220;Las mujeres la llevan en el campo&#8221;\",\"datePublished\":\"2024-11-19T12:24:40+00:00\",\"dateModified\":\"2024-11-22T14:12:16+00:00\",\"mainEntityOfPage\":{\"@id\":\"https:\/\/www.mundoagropecuario.cl\/new\/las-mujeres-la-llevan-en-el-campo\/\"},\"wordCount\":531,\"publisher\":{\"@id\":\"https:\/\/www.mundoagropecuario.cl\/new\/#organization\"},\"image\":{\"@id\":\"https:\/\/www.mundoagropecuario.cl\/new\/las-mujeres-la-llevan-en-el-campo\/#primaryimage\"},\"thumbnailUrl\":\"https:\/\/www.mundoagropecuario.cl\/new\/wp-content\/uploads\/2024\/11\/Plantilla-estandar-mundo-acuicola-32-scaled.jpg\",\"keywords\":[\"Agricultura\",\"agricultura sostenible\",\"Agro\",\"agrosustentable\",\"FIA\",\"Fundaci\u00f3n de Innovaci\u00f3n Agraria\",\"Minagri\",\"Minagri Los Lagos\",\"mujeres agricultoras\",\"Sustentabilidad\"],\"articleSection\":[\"Agricultura\"],\"inLanguage\":\"es\"},{\"@type\":\"WebPage\",\"@id\":\"https:\/\/www.mundoagropecuario.cl\/new\/las-mujeres-la-llevan-en-el-campo\/\",\"url\":\"https:\/\/www.mundoagropecuario.cl\/new\/las-mujeres-la-llevan-en-el-campo\/\",\"name\":\"\\\"Las mujeres la llevan en el campo\\\" - Mundoagropecuario\",\"isPartOf\":{\"@id\":\"https:\/\/www.mundoagropecuario.cl\/new\/#website\"},\"primaryImageOfPage\":{\"@id\":\"https:\/\/www.mundoagropecuario.cl\/new\/las-mujeres-la-llevan-en-el-campo\/#primaryimage\"},\"image\":{\"@id\":\"https:\/\/www.mundoagropecuario.cl\/new\/las-mujeres-la-llevan-en-el-campo\/#primaryimage\"},\"thumbnailUrl\":\"https:\/\/www.mundoagropecuario.cl\/new\/wp-content\/uploads\/2024\/11\/Plantilla-estandar-mundo-acuicola-32-scaled.jpg\",\"datePublished\":\"2024-11-19T12:24:40+00:00\",\"dateModified\":\"2024-11-22T14:12:16+00:00\",\"description\":\"Un espacio de reconocimiento e impulso a la innovaci\u00f3n de la industria silvoagropecuaria y agroalimentaria desarrolladas por mujeres.\",\"breadcrumb\":{\"@id\":\"https:\/\/www.mundoagropecuario.cl\/new\/las-mujeres-la-llevan-en-el-campo\/#breadcrumb\"},\"inLanguage\":\"es\",\"potentialAction\":[{\"@type\":\"ReadAction\",\"target\":[\"https:\/\/www.mundoagropecuario.cl\/new\/las-mujeres-la-llevan-en-el-campo\/\"]}]},{\"@type\":\"ImageObject\",\"inLanguage\":\"es\",\"@id\":\"https:\/\/www.mundoagropecuario.cl\/new\/las-mujeres-la-llevan-en-el-campo\/#primaryimage\",\"url\":\"https:\/\/www.mundoagropecuario.cl\/new\/wp-content\/uploads\/2024\/11\/Plantilla-estandar-mundo-acuicola-32-scaled.jpg\",\"contentUrl\":\"https:\/\/www.mundoagropecuario.cl\/new\/wp-content\/uploads\/2024\/11\/Plantilla-estandar-mundo-acuicola-32-scaled.jpg\",\"width\":720,\"height\":384},{\"@type\":\"BreadcrumbList\",\"@id\":\"https:\/\/www.mundoagropecuario.cl\/new\/las-mujeres-la-llevan-en-el-campo\/#breadcrumb\",\"itemListElement\":[{\"@type\":\"ListItem\",\"position\":1,\"name\":\"Portada\",\"item\":\"https:\/\/www.mundoagropecuario.cl\/new\/\"},{\"@type\":\"ListItem\",\"position\":2,\"name\":\"\u00abLas mujeres la llevan en el campo\u00bb\"}]},{\"@type\":\"WebSite\",\"@id\":\"https:\/\/www.mundoagropecuario.cl\/new\/#website\",\"url\":\"https:\/\/www.mundoagropecuario.cl\/new\/\",\"name\":\"Mundoagropecuario\",\"description\":\"Mundo Agropecuario\",\"publisher\":{\"@id\":\"https:\/\/www.mundoagropecuario.cl\/new\/#organization\"},\"potentialAction\":[{\"@type\":\"SearchAction\",\"target\":{\"@type\":\"EntryPoint\",\"urlTemplate\":\"https:\/\/www.mundoagropecuario.cl\/new\/?s={search_term_string}\"},\"query-input\":{\"@type\":\"PropertyValueSpecification\",\"valueRequired\":true,\"valueName\":\"search_term_string\"}}],\"inLanguage\":\"es\"},{\"@type\":\"Organization\",\"@id\":\"https:\/\/www.mundoagropecuario.cl\/new\/#organization\",\"name\":\"Revista de Agricultura\",\"url\":\"https:\/\/www.mundoagropecuario.cl\/new\/\",\"logo\":{\"@type\":\"ImageObject\",\"inLanguage\":\"es\",\"@id\":\"https:\/\/www.mundoagropecuario.cl\/new\/#\/schema\/logo\/image\/\",\"url\":\"https:\/\/www.mundoagropecuario.cl\/new\/wp-content\/uploads\/2020\/11\/PORTAL-1-1.png\",\"contentUrl\":\"https:\/\/www.mundoagropecuario.cl\/new\/wp-content\/uploads\/2020\/11\/PORTAL-1-1.png\",\"width\":1026,\"height\":100,\"caption\":\"Revista de Agricultura\"},\"image\":{\"@id\":\"https:\/\/www.mundoagropecuario.cl\/new\/#\/schema\/logo\/image\/\"},\"sameAs\":[\"https:\/\/www.facebook.com\/mundo.agropecuario.3\",\"https:\/\/x.com\/MundoAgropecuar\",\"https:\/\/www.linkedin.com\/in\/mundo-agropecuario-934009201\/\"]},{\"@type\":\"Person\",\"@id\":\"https:\/\/www.mundoagropecuario.cl\/new\/#\/schema\/person\/4e9f74a82a7dac260eb1c44b7eebeb18\",\"name\":\"mundo\",\"url\":\"https:\/\/www.mundoagropecuario.cl\/new\/author\/mundo\/\"}]}<\/script>\n<!-- \/ Yoast SEO plugin. -->","yoast_head_json":{"title":"\"Las mujeres la llevan en el campo\" - Mundoagropecuario","description":"Un espacio de reconocimiento e impulso a la innovaci\u00f3n de la industria silvoagropecuaria y agroalimentaria desarrolladas por mujeres.","robots":{"index":"index","follow":"follow","max-snippet":"max-snippet:-1","max-image-preview":"max-image-preview:large","max-video-preview":"max-video-preview:-1"},"canonical":"https:\/\/www.mundoagropecuario.cl\/new\/las-mujeres-la-llevan-en-el-campo\/","og_locale":"es_ES","og_type":"article","og_title":"\"Las mujeres la llevan en el campo\" - Mundoagropecuario","og_description":"Un espacio de reconocimiento e impulso a la innovaci\u00f3n de la industria silvoagropecuaria y agroalimentaria desarrolladas por mujeres.","og_url":"https:\/\/www.mundoagropecuario.cl\/new\/las-mujeres-la-llevan-en-el-campo\/","og_site_name":"Mundoagropecuario","article_publisher":"https:\/\/www.facebook.com\/mundo.agropecuario.3","article_published_time":"2024-11-19T12:24:40+00:00","article_modified_time":"2024-11-22T14:12:16+00:00","og_image":[{"width":720,"height":384,"url":"https:\/\/www.mundoagropecuario.cl\/new\/wp-content\/uploads\/2024\/11\/Plantilla-estandar-mundo-acuicola-32-scaled.jpg","type":"image\/jpeg"}],"author":"mundo","twitter_card":"summary_large_image","twitter_creator":"@MundoAgropecuar","twitter_site":"@MundoAgropecuar","twitter_misc":{"Escrito por":"mundo","Tiempo de lectura":"3 minutos"},"schema":{"@context":"https:\/\/schema.org","@graph":[{"@type":"Article","@id":"https:\/\/www.mundoagropecuario.cl\/new\/las-mujeres-la-llevan-en-el-campo\/#article","isPartOf":{"@id":"https:\/\/www.mundoagropecuario.cl\/new\/las-mujeres-la-llevan-en-el-campo\/"},"author":{"name":"mundo","@id":"https:\/\/www.mundoagropecuario.cl\/new\/#\/schema\/person\/4e9f74a82a7dac260eb1c44b7eebeb18"},"headline":"&#8220;Las mujeres la llevan en el campo&#8221;","datePublished":"2024-11-19T12:24:40+00:00","dateModified":"2024-11-22T14:12:16+00:00","mainEntityOfPage":{"@id":"https:\/\/www.mundoagropecuario.cl\/new\/las-mujeres-la-llevan-en-el-campo\/"},"wordCount":531,"publisher":{"@id":"https:\/\/www.mundoagropecuario.cl\/new\/#organization"},"image":{"@id":"https:\/\/www.mundoagropecuario.cl\/new\/las-mujeres-la-llevan-en-el-campo\/#primaryimage"},"thumbnailUrl":"https:\/\/www.mundoagropecuario.cl\/new\/wp-content\/uploads\/2024\/11\/Plantilla-estandar-mundo-acuicola-32-scaled.jpg","keywords":["Agricultura","agricultura sostenible","Agro","agrosustentable","FIA","Fundaci\u00f3n de Innovaci\u00f3n Agraria","Minagri","Minagri Los Lagos","mujeres agricultoras","Sustentabilidad"],"articleSection":["Agricultura"],"inLanguage":"es"},{"@type":"WebPage","@id":"https:\/\/www.mundoagropecuario.cl\/new\/las-mujeres-la-llevan-en-el-campo\/","url":"https:\/\/www.mundoagropecuario.cl\/new\/las-mujeres-la-llevan-en-el-campo\/","name":"\"Las mujeres la llevan en el campo\" - Mundoagropecuario","isPartOf":{"@id":"https:\/\/www.mundoagropecuario.cl\/new\/#website"},"primaryImageOfPage":{"@id":"https:\/\/www.mundoagropecuario.cl\/new\/las-mujeres-la-llevan-en-el-campo\/#primaryimage"},"image":{"@id":"https:\/\/www.mundoagropecuario.cl\/new\/las-mujeres-la-llevan-en-el-campo\/#primaryimage"},"thumbnailUrl":"https:\/\/www.mundoagropecuario.cl\/new\/wp-content\/uploads\/2024\/11\/Plantilla-estandar-mundo-acuicola-32-scaled.jpg","datePublished":"2024-11-19T12:24:40+00:00","dateModified":"2024-11-22T14:12:16+00:00","description":"Un espacio de reconocimiento e impulso a la innovaci\u00f3n de la industria silvoagropecuaria y agroalimentaria desarrolladas por mujeres.","breadcrumb":{"@id":"https:\/\/www.mundoagropecuario.cl\/new\/las-mujeres-la-llevan-en-el-campo\/#breadcrumb"},"inLanguage":"es","potentialAction":[{"@type":"ReadAction","target":["https:\/\/www.mundoagropecuario.cl\/new\/las-mujeres-la-llevan-en-el-campo\/"]}]},{"@type":"ImageObject","inLanguage":"es","@id":"https:\/\/www.mundoagropecuario.cl\/new\/las-mujeres-la-llevan-en-el-campo\/#primaryimage","url":"https:\/\/www.mundoagropecuario.cl\/new\/wp-content\/uploads\/2024\/11\/Plantilla-estandar-mundo-acuicola-32-scaled.jpg","contentUrl":"https:\/\/www.mundoagropecuario.cl\/new\/wp-content\/uploads\/2024\/11\/Plantilla-estandar-mundo-acuicola-32-scaled.jpg","width":720,"height":384},{"@type":"BreadcrumbList","@id":"https:\/\/www.mundoagropecuario.cl\/new\/las-mujeres-la-llevan-en-el-campo\/#breadcrumb","itemListElement":[{"@type":"ListItem","position":1,"name":"Portada","item":"https:\/\/www.mundoagropecuario.cl\/new\/"},{"@type":"ListItem","position":2,"name":"\u00abLas mujeres la llevan en el campo\u00bb"}]},{"@type":"WebSite","@id":"https:\/\/www.mundoagropecuario.cl\/new\/#website","url":"https:\/\/www.mundoagropecuario.cl\/new\/","name":"Mundoagropecuario","description":"Mundo Agropecuario","publisher":{"@id":"https:\/\/www.mundoagropecuario.cl\/new\/#organization"},"potentialAction":[{"@type":"SearchAction","target":{"@type":"EntryPoint","urlTemplate":"https:\/\/www.mundoagropecuario.cl\/new\/?s={search_term_string}"},"query-input":{"@type":"PropertyValueSpecification","valueRequired":true,"valueName":"search_term_string"}}],"inLanguage":"es"},{"@type":"Organization","@id":"https:\/\/www.mundoagropecuario.cl\/new\/#organization","name":"Revista de Agricultura","url":"https:\/\/www.mundoagropecuario.cl\/new\/","logo":{"@type":"ImageObject","inLanguage":"es","@id":"https:\/\/www.mundoagropecuario.cl\/new\/#\/schema\/logo\/image\/","url":"https:\/\/www.mundoagropecuario.cl\/new\/wp-content\/uploads\/2020\/11\/PORTAL-1-1.png","contentUrl":"https:\/\/www.mundoagropecuario.cl\/new\/wp-content\/uploads\/2020\/11\/PORTAL-1-1.png","width":1026,"height":100,"caption":"Revista de Agricultura"},"image":{"@id":"https:\/\/www.mundoagropecuario.cl\/new\/#\/schema\/logo\/image\/"},"sameAs":["https:\/\/www.facebook.com\/mundo.agropecuario.3","https:\/\/x.com\/MundoAgropecuar","https:\/\/www.linkedin.com\/in\/mundo-agropecuario-934009201\/"]},{"@type":"Person","@id":"https:\/\/www.mundoagropecuario.cl\/new\/#\/schema\/person\/4e9f74a82a7dac260eb1c44b7eebeb18","name":"mundo","url":"https:\/\/www.mundoagropecuario.cl\/new\/author\/mundo\/"}]}},"_links":{"self":[{"href":"https:\/\/www.mundoagropecuario.cl\/new\/wp-json\/wp\/v2\/posts\/25803","targetHints":{"allow":["GET"]}}],"collection":[{"href":"https:\/\/www.mundoagropecuario.cl\/new\/wp-json\/wp\/v2\/posts"}],"about":[{"href":"https:\/\/www.mundoagropecuario.cl\/new\/wp-json\/wp\/v2\/types\/post"}],"author":[{"embeddable":true,"href":"https:\/\/www.mundoagropecuario.cl\/new\/wp-json\/wp\/v2\/users\/2"}],"replies":[{"embeddable":true,"href":"https:\/\/www.mundoagropecuario.cl\/new\/wp-json\/wp\/v2\/comments?post=25803"}],"version-history":[{"count":1,"href":"https:\/\/www.mundoagropecuario.cl\/new\/wp-json\/wp\/v2\/posts\/25803\/revisions"}],"predecessor-version":[{"id":25806,"href":"https:\/\/www.mundoagropecuario.cl\/new\/wp-json\/wp\/v2\/posts\/25803\/revisions\/25806"}],"wp:featuredmedia":[{"embeddable":true,"href":"https:\/\/www.mundoagropecuario.cl\/new\/wp-json\/wp\/v2\/media\/25805"}],"wp:attachment":[{"href":"https:\/\/www.mundoagropecuario.cl\/new\/wp-json\/wp\/v2\/media?parent=25803"}],"wp:term":[{"taxonomy":"category","embeddable":true,"href":"https:\/\/www.mundoagropecuario.cl\/new\/wp-json\/wp\/v2\/categories?post=25803"},{"taxonomy":"post_tag","embeddable":true,"href":"https:\/\/www.mundoagropecuario.cl\/new\/wp-json\/wp\/v2\/tags?post=25803"}],"curies":[{"name":"wp","href":"https:\/\/api.w.org\/{rel}","templated":true}]}}