{"id":25799,"date":"2024-11-18T12:10:15","date_gmt":"2024-11-18T15:10:15","guid":{"rendered":"https:\/\/www.mundoagropecuario.cl\/new\/?p=25799"},"modified":"2024-11-19T11:22:07","modified_gmt":"2024-11-19T14:22:07","slug":"asociacion-gremial-cooperativas-del-sur-promueve-asociatividad","status":"publish","type":"post","link":"https:\/\/www.mundoagropecuario.cl\/new\/asociacion-gremial-cooperativas-del-sur-promueve-asociatividad\/","title":{"rendered":"Asociaci\u00f3n Gremial Cooperativas del Sur promueve asociatividad"},"content":{"rendered":"<p>Como un espacio clave para debatir sobre innovaci\u00f3n, desarrollo territorial y el rol estrat\u00e9gico de las cooperativas en el crecimiento y sostenibilidad de las comunidades. As\u00ed se defini\u00f3 el Encuentro Nacional de Facultades de Econom\u00eda y Administraci\u00f3n (ENEFA) 2024.<\/p>\n<p>Se trat\u00f3 de la 40\u00aa edici\u00f3n de este evento, organizado por la Facultad de Ciencias Econ\u00f3micas y Administrativas de la Universidad Austral de Chile (FACEA UACh) y la Asociaci\u00f3n de Directivos Superiores de Facultades de Administraci\u00f3n, Negocios o Empresariales (ASFAE).<\/p>\n<p><a href=\"https:\/\/cooperativasdelsur.cl\/\">Cooperativas del Sur<\/a> tuvo una destacada participaci\u00f3n en este congreso realizado en Valdivia. En la ocasi\u00f3n, la asociaci\u00f3n gremial reafirm\u00f3 su compromiso con el desarrollo social a trav\u00e9s de la asociatividad.<\/p>\n<p>En el marco de este evento y conmemorando el D\u00eda Nacional de las Cooperativas, participaron Gustavo Araya de Colun, F\u00e9lix Cancino de Ovinos San Juan y Fernando D\u00edez de la Universidad de Deusto en Espa\u00f1a. Los representantes presentaron sus respectivas cooperativas y abordaron c\u00f3mo estas organizaciones pueden seguir generando un impacto positivo en sus territorios y adaptarse a las demandas actuales de sostenibilidad e inclusi\u00f3n. Tambi\u00e9n destacaron los desaf\u00edos y oportunidades que enfrentan las cooperativas en innovaci\u00f3n y desarrollo territorial, resaltando el modelo cooperativo como una v\u00eda eficaz para promover el desarrollo sostenible en las comunidades.<\/p>\n<p>Asimismo, Crist\u00f3bal Santa Cruz, jefe de Operaciones y Proyectos de Cooperativas del Sur, comparti\u00f3 su visi\u00f3n y los avances de la asociaci\u00f3n en este \u00e1mbito.<\/p>\n<h3>Connotados expertos<\/h3>\n<p>El Congreso ENEFA-ASFAE cont\u00f3 con la participaci\u00f3n de destacados expertos nacionales e internacionales, entre ellos Rosanna Costa, presidenta del Banco Central de Chile, y acad\u00e9micos de renombre mundial. La agenda incluy\u00f3 exposiciones y mesas de trabajo centradas en econom\u00eda, finanzas, inteligencia artificial y desarrollo humano desde una perspectiva de integraci\u00f3n territorial.<\/p>\n<p>Para Cooperativas del Sur, este congreso fue una oportunidad fundamental para fortalecer su compromiso con el desarrollo social y econ\u00f3mico sostenible a trav\u00e9s del cooperativismo, generando redes y compartiendo experiencias que contribuyen al avance del sector cooperativo en Chile.<\/p>\n<h3>Cooperativas del Sur<\/h3>\n<p>Fernando Becker, presidente de Cooperativas del Sur, destac\u00f3 que &#8220;este Congreso ha sido extraordinario y muy importante para nuestra Asociaci\u00f3n. Contamos con la participaci\u00f3n de 33 profesionales de primer nivel, quienes contribuyeron enormemente al desarrollo de este evento. Para nuestra Asociaci\u00f3n, participar en este tipo de encuentros es fundamental y nos deja con compromisos adquiridos que debemos sacar adelante, ayudando as\u00ed al progreso del pa\u00eds y de la regi\u00f3n&#8221;.<\/p>\n<p>Adem\u00e1s, agreg\u00f3 que &#8220;es magn\u00edfico que se integren los estudiantes; no queremos que salgan de la universidad solo con conocimientos cient\u00edficos, sino tambi\u00e9n con valores. Es estupendo que hayan venido hasta aqu\u00ed, para conocer c\u00f3mo son las cosas y lo que es la vida&#8221;.<\/p>\n<p>Por su parte, Marisela Pilquim\u00e1n, Prodecana de la Facultad de Ciencias Econ\u00f3micas y Administrativas de la UACh, afirm\u00f3 que &#8220;para nosotros es fundamental dar a conocer temas de cooperativismo, especialmente territorializando este modelo en el sur de Chile, y aprovechar la presencia de destacados acad\u00e9micos en esta \u00e1rea, as\u00ed como de invitados internacionales. Es la primera vez que un Congreso de este tipo incluye un panel espec\u00edfico sobre cooperativismo, lo cual es muy relevante&#8221;.<\/p>\n<p>Asimismo, la acad\u00e9mica mencion\u00f3 que &#8220;estos son temas importantes para los estudiantes. Nuestra Facultad imparte carreras estrechamente relacionadas, y esperamos que los estudiantes puedan conocer este modelo y se motiven a involucrarse a trav\u00e9s de pasant\u00edas, trabajos de titulaci\u00f3n, pr\u00e1cticas profesionales y el ejercicio laboral&#8221;.<\/p>\n<h3>&#8220;Estamos en el camino correcto&#8221;<\/h3>\n<p>A su vez, F\u00e9lix Cancino, Gerente de la Cooperativa Ovinos San Juan, coment\u00f3 que &#8220;para nosotros, como una cooperativa nueva, este espacio es invaluable para confirmar que estamos en el camino correcto en el cooperativismo. Es una forma de generar riqueza y de cumplir los sue\u00f1os de nuestros cooperados, peque\u00f1os productores ovinos de San Juan de la Costa&#8221;.<\/p>\n<p>Finalmente, Cancino agreg\u00f3 que &#8220;hay que sembrar, esparcir la semilla, y este es el lugar indicado para hacerlo, ya que a\u00fan existe mucho desconocimiento sobre el sistema cooperativo. Por eso creo que aqu\u00ed es donde las semillas deben plantarse para que realmente germinen&#8221;.<\/p>\n","protected":false},"excerpt":{"rendered":"<p>El Encuentro Nacional de Facultades de Econom\u00eda y Administraci\u00f3n destac\u00f3 el rol de las cooperativas en el desarrollo sostenible.<\/p>\n","protected":false},"author":2,"featured_media":25800,"comment_status":"closed","ping_status":"closed","sticky":false,"template":"","format":"standard","meta":{"footnotes":""},"categories":[126],"tags":[3298,2034,9101,2193,2337,9099,9100,9102,9098,6029],"class_list":["post-25799","post","type-post","status-publish","format-standard","has-post-thumbnail","hentry","category-noticias","tag-asociatividad","tag-colun","tag-cooperacion","tag-cooperativas","tag-cooperativas-del-sur","tag-desarrollo-social","tag-inclusion","tag-modelo-cooperativo","tag-ovinos-san-juan","tag-sostenibilidad"],"yoast_head":"<!-- This site is optimized with the Yoast SEO plugin v26.6 - https:\/\/yoast.com\/wordpress\/plugins\/seo\/ -->\n<title>Asociaci\u00f3n Gremial Cooperativas del Sur promueve asociatividad - Mundoagropecuario<\/title>\n<meta name=\"description\" content=\"El Encuentro Nacional de Facultades de Econom\u00eda y Administraci\u00f3n destac\u00f3 el rol de las cooperativas en el desarrollo sostenible.\" \/>\n<meta name=\"robots\" content=\"index, follow, max-snippet:-1, max-image-preview:large, max-video-preview:-1\" \/>\n<link rel=\"canonical\" href=\"https:\/\/www.mundoagropecuario.cl\/new\/asociacion-gremial-cooperativas-del-sur-promueve-asociatividad\/\" \/>\n<meta property=\"og:locale\" content=\"es_ES\" \/>\n<meta property=\"og:type\" content=\"article\" \/>\n<meta property=\"og:title\" content=\"Asociaci\u00f3n Gremial Cooperativas del Sur promueve asociatividad - Mundoagropecuario\" \/>\n<meta property=\"og:description\" content=\"El Encuentro Nacional de Facultades de Econom\u00eda y Administraci\u00f3n destac\u00f3 el rol de las cooperativas en el desarrollo sostenible.\" \/>\n<meta property=\"og:url\" content=\"https:\/\/www.mundoagropecuario.cl\/new\/asociacion-gremial-cooperativas-del-sur-promueve-asociatividad\/\" \/>\n<meta property=\"og:site_name\" content=\"Mundoagropecuario\" \/>\n<meta property=\"article:publisher\" content=\"https:\/\/www.facebook.com\/mundo.agropecuario.3\" \/>\n<meta property=\"article:published_time\" content=\"2024-11-18T15:10:15+00:00\" \/>\n<meta property=\"article:modified_time\" content=\"2024-11-19T14:22:07+00:00\" \/>\n<meta property=\"og:image\" content=\"https:\/\/www.mundoagropecuario.cl\/new\/wp-content\/uploads\/2024\/11\/Plantilla-estandar-mundo-acuicola-31-scaled.jpg\" \/>\n\t<meta property=\"og:image:width\" content=\"720\" \/>\n\t<meta property=\"og:image:height\" content=\"384\" \/>\n\t<meta property=\"og:image:type\" content=\"image\/jpeg\" \/>\n<meta name=\"author\" content=\"mundo\" \/>\n<meta name=\"twitter:card\" content=\"summary_large_image\" \/>\n<meta name=\"twitter:creator\" content=\"@MundoAgropecuar\" \/>\n<meta name=\"twitter:site\" content=\"@MundoAgropecuar\" \/>\n<meta name=\"twitter:label1\" content=\"Escrito por\" \/>\n\t<meta name=\"twitter:data1\" content=\"mundo\" \/>\n\t<meta name=\"twitter:label2\" content=\"Tiempo de lectura\" \/>\n\t<meta name=\"twitter:data2\" content=\"4 minutos\" \/>\n<script type=\"application\/ld+json\" class=\"yoast-schema-graph\">{\"@context\":\"https:\/\/schema.org\",\"@graph\":[{\"@type\":\"Article\",\"@id\":\"https:\/\/www.mundoagropecuario.cl\/new\/asociacion-gremial-cooperativas-del-sur-promueve-asociatividad\/#article\",\"isPartOf\":{\"@id\":\"https:\/\/www.mundoagropecuario.cl\/new\/asociacion-gremial-cooperativas-del-sur-promueve-asociatividad\/\"},\"author\":{\"name\":\"mundo\",\"@id\":\"https:\/\/www.mundoagropecuario.cl\/new\/#\/schema\/person\/4e9f74a82a7dac260eb1c44b7eebeb18\"},\"headline\":\"Asociaci\u00f3n Gremial Cooperativas del Sur promueve asociatividad\",\"datePublished\":\"2024-11-18T15:10:15+00:00\",\"dateModified\":\"2024-11-19T14:22:07+00:00\",\"mainEntityOfPage\":{\"@id\":\"https:\/\/www.mundoagropecuario.cl\/new\/asociacion-gremial-cooperativas-del-sur-promueve-asociatividad\/\"},\"wordCount\":723,\"publisher\":{\"@id\":\"https:\/\/www.mundoagropecuario.cl\/new\/#organization\"},\"image\":{\"@id\":\"https:\/\/www.mundoagropecuario.cl\/new\/asociacion-gremial-cooperativas-del-sur-promueve-asociatividad\/#primaryimage\"},\"thumbnailUrl\":\"https:\/\/www.mundoagropecuario.cl\/new\/wp-content\/uploads\/2024\/11\/Plantilla-estandar-mundo-acuicola-31-scaled.jpg\",\"keywords\":[\"asociatividad\",\"Colun\",\"cooperaci\u00f3n\",\"Cooperativas\",\"Cooperativas del Sur\",\"desarrollo social\",\"inclusi\u00f3n\",\"modelo cooperativo\",\"Ovinos San Juan\",\"sostenibilidad\"],\"articleSection\":[\"Noticias\"],\"inLanguage\":\"es\"},{\"@type\":\"WebPage\",\"@id\":\"https:\/\/www.mundoagropecuario.cl\/new\/asociacion-gremial-cooperativas-del-sur-promueve-asociatividad\/\",\"url\":\"https:\/\/www.mundoagropecuario.cl\/new\/asociacion-gremial-cooperativas-del-sur-promueve-asociatividad\/\",\"name\":\"Asociaci\u00f3n Gremial Cooperativas del Sur promueve asociatividad - Mundoagropecuario\",\"isPartOf\":{\"@id\":\"https:\/\/www.mundoagropecuario.cl\/new\/#website\"},\"primaryImageOfPage\":{\"@id\":\"https:\/\/www.mundoagropecuario.cl\/new\/asociacion-gremial-cooperativas-del-sur-promueve-asociatividad\/#primaryimage\"},\"image\":{\"@id\":\"https:\/\/www.mundoagropecuario.cl\/new\/asociacion-gremial-cooperativas-del-sur-promueve-asociatividad\/#primaryimage\"},\"thumbnailUrl\":\"https:\/\/www.mundoagropecuario.cl\/new\/wp-content\/uploads\/2024\/11\/Plantilla-estandar-mundo-acuicola-31-scaled.jpg\",\"datePublished\":\"2024-11-18T15:10:15+00:00\",\"dateModified\":\"2024-11-19T14:22:07+00:00\",\"description\":\"El Encuentro Nacional de Facultades de Econom\u00eda y Administraci\u00f3n destac\u00f3 el rol de las cooperativas en el desarrollo sostenible.\",\"breadcrumb\":{\"@id\":\"https:\/\/www.mundoagropecuario.cl\/new\/asociacion-gremial-cooperativas-del-sur-promueve-asociatividad\/#breadcrumb\"},\"inLanguage\":\"es\",\"potentialAction\":[{\"@type\":\"ReadAction\",\"target\":[\"https:\/\/www.mundoagropecuario.cl\/new\/asociacion-gremial-cooperativas-del-sur-promueve-asociatividad\/\"]}]},{\"@type\":\"ImageObject\",\"inLanguage\":\"es\",\"@id\":\"https:\/\/www.mundoagropecuario.cl\/new\/asociacion-gremial-cooperativas-del-sur-promueve-asociatividad\/#primaryimage\",\"url\":\"https:\/\/www.mundoagropecuario.cl\/new\/wp-content\/uploads\/2024\/11\/Plantilla-estandar-mundo-acuicola-31-scaled.jpg\",\"contentUrl\":\"https:\/\/www.mundoagropecuario.cl\/new\/wp-content\/uploads\/2024\/11\/Plantilla-estandar-mundo-acuicola-31-scaled.jpg\",\"width\":720,\"height\":384},{\"@type\":\"BreadcrumbList\",\"@id\":\"https:\/\/www.mundoagropecuario.cl\/new\/asociacion-gremial-cooperativas-del-sur-promueve-asociatividad\/#breadcrumb\",\"itemListElement\":[{\"@type\":\"ListItem\",\"position\":1,\"name\":\"Portada\",\"item\":\"https:\/\/www.mundoagropecuario.cl\/new\/\"},{\"@type\":\"ListItem\",\"position\":2,\"name\":\"Asociaci\u00f3n Gremial Cooperativas del Sur promueve asociatividad\"}]},{\"@type\":\"WebSite\",\"@id\":\"https:\/\/www.mundoagropecuario.cl\/new\/#website\",\"url\":\"https:\/\/www.mundoagropecuario.cl\/new\/\",\"name\":\"Mundoagropecuario\",\"description\":\"Mundo Agropecuario\",\"publisher\":{\"@id\":\"https:\/\/www.mundoagropecuario.cl\/new\/#organization\"},\"potentialAction\":[{\"@type\":\"SearchAction\",\"target\":{\"@type\":\"EntryPoint\",\"urlTemplate\":\"https:\/\/www.mundoagropecuario.cl\/new\/?s={search_term_string}\"},\"query-input\":{\"@type\":\"PropertyValueSpecification\",\"valueRequired\":true,\"valueName\":\"search_term_string\"}}],\"inLanguage\":\"es\"},{\"@type\":\"Organization\",\"@id\":\"https:\/\/www.mundoagropecuario.cl\/new\/#organization\",\"name\":\"Revista de Agricultura\",\"url\":\"https:\/\/www.mundoagropecuario.cl\/new\/\",\"logo\":{\"@type\":\"ImageObject\",\"inLanguage\":\"es\",\"@id\":\"https:\/\/www.mundoagropecuario.cl\/new\/#\/schema\/logo\/image\/\",\"url\":\"https:\/\/www.mundoagropecuario.cl\/new\/wp-content\/uploads\/2020\/11\/PORTAL-1-1.png\",\"contentUrl\":\"https:\/\/www.mundoagropecuario.cl\/new\/wp-content\/uploads\/2020\/11\/PORTAL-1-1.png\",\"width\":1026,\"height\":100,\"caption\":\"Revista de Agricultura\"},\"image\":{\"@id\":\"https:\/\/www.mundoagropecuario.cl\/new\/#\/schema\/logo\/image\/\"},\"sameAs\":[\"https:\/\/www.facebook.com\/mundo.agropecuario.3\",\"https:\/\/x.com\/MundoAgropecuar\",\"https:\/\/www.linkedin.com\/in\/mundo-agropecuario-934009201\/\"]},{\"@type\":\"Person\",\"@id\":\"https:\/\/www.mundoagropecuario.cl\/new\/#\/schema\/person\/4e9f74a82a7dac260eb1c44b7eebeb18\",\"name\":\"mundo\",\"url\":\"https:\/\/www.mundoagropecuario.cl\/new\/author\/mundo\/\"}]}<\/script>\n<!-- \/ Yoast SEO plugin. -->","yoast_head_json":{"title":"Asociaci\u00f3n Gremial Cooperativas del Sur promueve asociatividad - Mundoagropecuario","description":"El Encuentro Nacional de Facultades de Econom\u00eda y Administraci\u00f3n destac\u00f3 el rol de las cooperativas en el desarrollo sostenible.","robots":{"index":"index","follow":"follow","max-snippet":"max-snippet:-1","max-image-preview":"max-image-preview:large","max-video-preview":"max-video-preview:-1"},"canonical":"https:\/\/www.mundoagropecuario.cl\/new\/asociacion-gremial-cooperativas-del-sur-promueve-asociatividad\/","og_locale":"es_ES","og_type":"article","og_title":"Asociaci\u00f3n Gremial Cooperativas del Sur promueve asociatividad - Mundoagropecuario","og_description":"El Encuentro Nacional de Facultades de Econom\u00eda y Administraci\u00f3n destac\u00f3 el rol de las cooperativas en el desarrollo sostenible.","og_url":"https:\/\/www.mundoagropecuario.cl\/new\/asociacion-gremial-cooperativas-del-sur-promueve-asociatividad\/","og_site_name":"Mundoagropecuario","article_publisher":"https:\/\/www.facebook.com\/mundo.agropecuario.3","article_published_time":"2024-11-18T15:10:15+00:00","article_modified_time":"2024-11-19T14:22:07+00:00","og_image":[{"width":720,"height":384,"url":"https:\/\/www.mundoagropecuario.cl\/new\/wp-content\/uploads\/2024\/11\/Plantilla-estandar-mundo-acuicola-31-scaled.jpg","type":"image\/jpeg"}],"author":"mundo","twitter_card":"summary_large_image","twitter_creator":"@MundoAgropecuar","twitter_site":"@MundoAgropecuar","twitter_misc":{"Escrito por":"mundo","Tiempo de lectura":"4 minutos"},"schema":{"@context":"https:\/\/schema.org","@graph":[{"@type":"Article","@id":"https:\/\/www.mundoagropecuario.cl\/new\/asociacion-gremial-cooperativas-del-sur-promueve-asociatividad\/#article","isPartOf":{"@id":"https:\/\/www.mundoagropecuario.cl\/new\/asociacion-gremial-cooperativas-del-sur-promueve-asociatividad\/"},"author":{"name":"mundo","@id":"https:\/\/www.mundoagropecuario.cl\/new\/#\/schema\/person\/4e9f74a82a7dac260eb1c44b7eebeb18"},"headline":"Asociaci\u00f3n Gremial Cooperativas del Sur promueve asociatividad","datePublished":"2024-11-18T15:10:15+00:00","dateModified":"2024-11-19T14:22:07+00:00","mainEntityOfPage":{"@id":"https:\/\/www.mundoagropecuario.cl\/new\/asociacion-gremial-cooperativas-del-sur-promueve-asociatividad\/"},"wordCount":723,"publisher":{"@id":"https:\/\/www.mundoagropecuario.cl\/new\/#organization"},"image":{"@id":"https:\/\/www.mundoagropecuario.cl\/new\/asociacion-gremial-cooperativas-del-sur-promueve-asociatividad\/#primaryimage"},"thumbnailUrl":"https:\/\/www.mundoagropecuario.cl\/new\/wp-content\/uploads\/2024\/11\/Plantilla-estandar-mundo-acuicola-31-scaled.jpg","keywords":["asociatividad","Colun","cooperaci\u00f3n","Cooperativas","Cooperativas del Sur","desarrollo social","inclusi\u00f3n","modelo cooperativo","Ovinos San Juan","sostenibilidad"],"articleSection":["Noticias"],"inLanguage":"es"},{"@type":"WebPage","@id":"https:\/\/www.mundoagropecuario.cl\/new\/asociacion-gremial-cooperativas-del-sur-promueve-asociatividad\/","url":"https:\/\/www.mundoagropecuario.cl\/new\/asociacion-gremial-cooperativas-del-sur-promueve-asociatividad\/","name":"Asociaci\u00f3n Gremial Cooperativas del Sur promueve asociatividad - Mundoagropecuario","isPartOf":{"@id":"https:\/\/www.mundoagropecuario.cl\/new\/#website"},"primaryImageOfPage":{"@id":"https:\/\/www.mundoagropecuario.cl\/new\/asociacion-gremial-cooperativas-del-sur-promueve-asociatividad\/#primaryimage"},"image":{"@id":"https:\/\/www.mundoagropecuario.cl\/new\/asociacion-gremial-cooperativas-del-sur-promueve-asociatividad\/#primaryimage"},"thumbnailUrl":"https:\/\/www.mundoagropecuario.cl\/new\/wp-content\/uploads\/2024\/11\/Plantilla-estandar-mundo-acuicola-31-scaled.jpg","datePublished":"2024-11-18T15:10:15+00:00","dateModified":"2024-11-19T14:22:07+00:00","description":"El Encuentro Nacional de Facultades de Econom\u00eda y Administraci\u00f3n destac\u00f3 el rol de las cooperativas en el desarrollo sostenible.","breadcrumb":{"@id":"https:\/\/www.mundoagropecuario.cl\/new\/asociacion-gremial-cooperativas-del-sur-promueve-asociatividad\/#breadcrumb"},"inLanguage":"es","potentialAction":[{"@type":"ReadAction","target":["https:\/\/www.mundoagropecuario.cl\/new\/asociacion-gremial-cooperativas-del-sur-promueve-asociatividad\/"]}]},{"@type":"ImageObject","inLanguage":"es","@id":"https:\/\/www.mundoagropecuario.cl\/new\/asociacion-gremial-cooperativas-del-sur-promueve-asociatividad\/#primaryimage","url":"https:\/\/www.mundoagropecuario.cl\/new\/wp-content\/uploads\/2024\/11\/Plantilla-estandar-mundo-acuicola-31-scaled.jpg","contentUrl":"https:\/\/www.mundoagropecuario.cl\/new\/wp-content\/uploads\/2024\/11\/Plantilla-estandar-mundo-acuicola-31-scaled.jpg","width":720,"height":384},{"@type":"BreadcrumbList","@id":"https:\/\/www.mundoagropecuario.cl\/new\/asociacion-gremial-cooperativas-del-sur-promueve-asociatividad\/#breadcrumb","itemListElement":[{"@type":"ListItem","position":1,"name":"Portada","item":"https:\/\/www.mundoagropecuario.cl\/new\/"},{"@type":"ListItem","position":2,"name":"Asociaci\u00f3n Gremial Cooperativas del Sur promueve asociatividad"}]},{"@type":"WebSite","@id":"https:\/\/www.mundoagropecuario.cl\/new\/#website","url":"https:\/\/www.mundoagropecuario.cl\/new\/","name":"Mundoagropecuario","description":"Mundo Agropecuario","publisher":{"@id":"https:\/\/www.mundoagropecuario.cl\/new\/#organization"},"potentialAction":[{"@type":"SearchAction","target":{"@type":"EntryPoint","urlTemplate":"https:\/\/www.mundoagropecuario.cl\/new\/?s={search_term_string}"},"query-input":{"@type":"PropertyValueSpecification","valueRequired":true,"valueName":"search_term_string"}}],"inLanguage":"es"},{"@type":"Organization","@id":"https:\/\/www.mundoagropecuario.cl\/new\/#organization","name":"Revista de Agricultura","url":"https:\/\/www.mundoagropecuario.cl\/new\/","logo":{"@type":"ImageObject","inLanguage":"es","@id":"https:\/\/www.mundoagropecuario.cl\/new\/#\/schema\/logo\/image\/","url":"https:\/\/www.mundoagropecuario.cl\/new\/wp-content\/uploads\/2020\/11\/PORTAL-1-1.png","contentUrl":"https:\/\/www.mundoagropecuario.cl\/new\/wp-content\/uploads\/2020\/11\/PORTAL-1-1.png","width":1026,"height":100,"caption":"Revista de Agricultura"},"image":{"@id":"https:\/\/www.mundoagropecuario.cl\/new\/#\/schema\/logo\/image\/"},"sameAs":["https:\/\/www.facebook.com\/mundo.agropecuario.3","https:\/\/x.com\/MundoAgropecuar","https:\/\/www.linkedin.com\/in\/mundo-agropecuario-934009201\/"]},{"@type":"Person","@id":"https:\/\/www.mundoagropecuario.cl\/new\/#\/schema\/person\/4e9f74a82a7dac260eb1c44b7eebeb18","name":"mundo","url":"https:\/\/www.mundoagropecuario.cl\/new\/author\/mundo\/"}]}},"_links":{"self":[{"href":"https:\/\/www.mundoagropecuario.cl\/new\/wp-json\/wp\/v2\/posts\/25799","targetHints":{"allow":["GET"]}}],"collection":[{"href":"https:\/\/www.mundoagropecuario.cl\/new\/wp-json\/wp\/v2\/posts"}],"about":[{"href":"https:\/\/www.mundoagropecuario.cl\/new\/wp-json\/wp\/v2\/types\/post"}],"author":[{"embeddable":true,"href":"https:\/\/www.mundoagropecuario.cl\/new\/wp-json\/wp\/v2\/users\/2"}],"replies":[{"embeddable":true,"href":"https:\/\/www.mundoagropecuario.cl\/new\/wp-json\/wp\/v2\/comments?post=25799"}],"version-history":[{"count":1,"href":"https:\/\/www.mundoagropecuario.cl\/new\/wp-json\/wp\/v2\/posts\/25799\/revisions"}],"predecessor-version":[{"id":25801,"href":"https:\/\/www.mundoagropecuario.cl\/new\/wp-json\/wp\/v2\/posts\/25799\/revisions\/25801"}],"wp:featuredmedia":[{"embeddable":true,"href":"https:\/\/www.mundoagropecuario.cl\/new\/wp-json\/wp\/v2\/media\/25800"}],"wp:attachment":[{"href":"https:\/\/www.mundoagropecuario.cl\/new\/wp-json\/wp\/v2\/media?parent=25799"}],"wp:term":[{"taxonomy":"category","embeddable":true,"href":"https:\/\/www.mundoagropecuario.cl\/new\/wp-json\/wp\/v2\/categories?post=25799"},{"taxonomy":"post_tag","embeddable":true,"href":"https:\/\/www.mundoagropecuario.cl\/new\/wp-json\/wp\/v2\/tags?post=25799"}],"curies":[{"name":"wp","href":"https:\/\/api.w.org\/{rel}","templated":true}]}}