{"id":25756,"date":"2024-11-15T12:40:23","date_gmt":"2024-11-15T15:40:23","guid":{"rendered":"https:\/\/www.mundoagropecuario.cl\/new\/?p=25756"},"modified":"2024-11-18T11:12:15","modified_gmt":"2024-11-18T14:12:15","slug":"insectos-hongos-y-la-mortalidad-de-bosques-nativos","status":"publish","type":"post","link":"https:\/\/www.mundoagropecuario.cl\/new\/insectos-hongos-y-la-mortalidad-de-bosques-nativos\/","title":{"rendered":"Insectos, hongos y la mortalidad de bosques nativos"},"content":{"rendered":"<p><span style=\"font-weight: 400;\">Una de las principales amenazas para los bosques nativos son las plagas forestales y enfermedades. En Chile, hect\u00e1reas de especies de <\/span><i><span style=\"font-weight: 400;\">Nothofagus<\/span><\/i><span style=\"font-weight: 400;\"> est\u00e1n da\u00f1ados por el ataque de <\/span><i><span style=\"font-weight: 400;\">Gnathotrupes<\/span><\/i><span style=\"font-weight: 400;\">, conocidos como escarabajos de ambros\u00eda.\u00a0<\/span><\/p>\n<h3>El Impacto de la Relaci\u00f3n Insecto-Hongo<\/h3>\n<p><span style=\"font-weight: 400;\"><a href=\"https:\/\/www.mundoagropecuario.cl\/new\/wp-content\/uploads\/2024\/11\/E156_97.tiff\"><img decoding=\"async\" class=\"alignnone size-full wp-image-25758\" src=\"https:\/\/www.mundoagropecuario.cl\/new\/wp-content\/uploads\/2024\/11\/E156_97.tiff\" alt=\"\" \/><\/a><a href=\"https:\/\/www.mundoagropecuario.cl\/new\/wp-content\/uploads\/2024\/11\/E156_97.tiff\"><img decoding=\"async\" class=\"alignnone size-full wp-image-25758\" src=\"https:\/\/www.mundoagropecuario.cl\/new\/wp-content\/uploads\/2024\/11\/E156_97.tiff\" alt=\"\" \/><\/a><a href=\"https:\/\/www.mundoagropecuario.cl\/new\/wp-content\/uploads\/2024\/11\/E156_97-scaled.jpg\"><img loading=\"lazy\" decoding=\"async\" class=\"alignleft wp-image-25759 size-large\" src=\"https:\/\/www.mundoagropecuario.cl\/new\/wp-content\/uploads\/2024\/11\/E156_97-533x400.jpg\" alt=\"\" width=\"533\" height=\"400\" srcset=\"https:\/\/www.mundoagropecuario.cl\/new\/wp-content\/uploads\/2024\/11\/E156_97-scaled.jpg 533w, https:\/\/www.mundoagropecuario.cl\/new\/wp-content\/uploads\/2024\/11\/E156_97-177x133.jpg 177w, https:\/\/www.mundoagropecuario.cl\/new\/wp-content\/uploads\/2024\/11\/E156_97-768x576.jpg 768w\" sizes=\"auto, (max-width: 533px) 100vw, 533px\" \/><\/a>Dado que no se tiene mucha informaci\u00f3n sobre estos cole\u00f3pteros, resulta dif\u00edcil determinar su alcance. Por eso, investigadores de la Universidad Mayor estudiar\u00e1n la relaci\u00f3n \u201cinsecto-hongo\u201d del g\u00e9nero <\/span><i><span style=\"font-weight: 400;\">Gnathotrupes<\/span><\/i><span style=\"font-weight: 400;\"> y su rol en la mortalidad de bosques de <\/span><i><span style=\"font-weight: 400;\">Nothofagus<\/span><\/i><span style=\"font-weight: 400;\"> del sur del pa\u00eds, tras adjudicarse una licitaci\u00f3n de la Corporaci\u00f3n Nacional Forestal (CONAF).<\/span><\/p>\n<p><span style=\"font-weight: 400;\">El acad\u00e9mico del centro H\u00e9mera, Paul Amouroux, explic\u00f3 que este grupo de insectos realizan galer\u00edas dentro de la madera. \u201cLo interesante es que la espalda de los adultos tienen una estructura donde est\u00e1n los hongos de ambros\u00eda y mientras los adultos realizan las galer\u00edas, van inoculando los hongos que se alimentar\u00e1n despu\u00e9s sus larvas. Algunas plantas tratan de defenderse de esos hongos y eso puede llevar a la muerte del \u00e1rbol\u201d.<\/span><\/p>\n<p><span style=\"font-weight: 400;\">Junto con la acad\u00e9mica Consuelo Olivares del Centro de Gen\u00f3mica y Bionform\u00e1tica tomar\u00e1n muestras en las localidades de Pinto (\u00d1uble), La Uni\u00f3n (Los R\u00edos) y Coyhaique (Ays\u00e9n) desde noviembre a marzo, que es el periodo de m\u00e1s actividad de estos insectos.<\/span><\/p>\n<p><span style=\"font-weight: 400;\">La idea es identificar las especies seg\u00fan el hospedero y la localidad, luego cultivar estos hongos y hacer una evaluaci\u00f3n morfol\u00f3gica y molecular, que estar\u00e1 a cargo de Marlene Manzano<\/span><span style=\"font-weight: 400;\">\u0355<\/span><span style=\"font-weight: 400;\">, coordinadora del laboratorio del Centro GEMA Gen\u00f3mica<\/span><span style=\"font-weight: 400;\">\u0355<\/span><span style=\"font-weight: 400;\"> Ecolog\u00eda y Medio Ambiente<\/span><span style=\"font-weight: 400;\">\u0355<\/span><span style=\"font-weight: 400;\">. El equipo finalmente realizar\u00e1 pruebas de patogenicidad para ver si son capaces de infectar o no la madera en s\u00ed.\u00a0<\/span><\/p>\n<h3>La Ciencia para Combatir la Deforestaci\u00f3n<\/h3>\n<p><span style=\"font-weight: 400;\">La Dra. Olivares coment\u00f3 que \u201cestos bosques son nativos, est\u00e1n en reservas y por eso es importante que vayamos\u201d. Adem\u00e1s, valor\u00f3 que la CONAF \u201cest\u00e9 buscando especialistas para poder atacar un problema importante como la deforestaci\u00f3n. Les importa que, a trav\u00e9s de la ciencia, podamos resolver una infecci\u00f3n de \u00e1rboles en el sur y se est\u00e1n abriendo a ocupar biolog\u00eda molecular y m\u00e1s conocimientos de investigaci\u00f3n para resolver las plagas\u201d.<\/span><\/p>\n<p><span style=\"font-weight: 400;\">Finalmente, el Dr. Amouroux sostuvo que \u201ceste trabajo permitir\u00e1 a los tomadores de decisiones realizar acciones para un mejor manejo de los ecosistemas forestales nativos\u201d.<\/span><\/p>\n","protected":false},"excerpt":{"rendered":"<p>Ac\u00e1demicos de la U. Mayor estudiar\u00e1n la la interacci\u00f3n entre insectos y hongos y su impacto en la mortalidad de bosques nativos.<\/p>\n","protected":false},"author":2,"featured_media":25764,"comment_status":"closed","ping_status":"closed","sticky":false,"template":"","format":"standard","meta":{"footnotes":""},"categories":[1948],"tags":[9081,3190,876,1859,3555],"class_list":["post-25756","post","type-post","status-publish","format-standard","has-post-thumbnail","hentry","category-sustentabilidad","tag-academia","tag-bosque-nativo","tag-conaf","tag-investigacion","tag-universidad-mayor"],"yoast_head":"<!-- This site is optimized with the Yoast SEO plugin v26.6 - https:\/\/yoast.com\/wordpress\/plugins\/seo\/ -->\n<title>Insectos, hongos y la mortalidad de bosques nativos - Mundoagropecuario<\/title>\n<meta name=\"description\" content=\"Ac\u00e1demicos U. Mayor estudiar\u00e1n la la interacci\u00f3n entre insectos y hongos y su impacto en la mortalidad de bosques nativos.\" \/>\n<meta name=\"robots\" content=\"index, follow, max-snippet:-1, max-image-preview:large, max-video-preview:-1\" \/>\n<link rel=\"canonical\" href=\"https:\/\/www.mundoagropecuario.cl\/new\/insectos-hongos-y-la-mortalidad-de-bosques-nativos\/\" \/>\n<meta property=\"og:locale\" content=\"es_ES\" \/>\n<meta property=\"og:type\" content=\"article\" \/>\n<meta property=\"og:title\" content=\"Insectos, hongos y la mortalidad de bosques nativos - Mundoagropecuario\" \/>\n<meta property=\"og:description\" content=\"Ac\u00e1demicos U. Mayor estudiar\u00e1n la la interacci\u00f3n entre insectos y hongos y su impacto en la mortalidad de bosques nativos.\" \/>\n<meta property=\"og:url\" content=\"https:\/\/www.mundoagropecuario.cl\/new\/insectos-hongos-y-la-mortalidad-de-bosques-nativos\/\" \/>\n<meta property=\"og:site_name\" content=\"Mundoagropecuario\" \/>\n<meta property=\"article:publisher\" content=\"https:\/\/www.facebook.com\/mundo.agropecuario.3\" \/>\n<meta property=\"article:published_time\" content=\"2024-11-15T15:40:23+00:00\" \/>\n<meta property=\"article:modified_time\" content=\"2024-11-18T14:12:15+00:00\" \/>\n<meta property=\"og:image\" content=\"https:\/\/www.mundoagropecuario.cl\/new\/wp-content\/uploads\/2024\/11\/Plantilla-estandar-mundo-acuicola-25-scaled.jpg\" \/>\n\t<meta property=\"og:image:width\" content=\"720\" \/>\n\t<meta property=\"og:image:height\" content=\"384\" \/>\n\t<meta property=\"og:image:type\" content=\"image\/jpeg\" \/>\n<meta name=\"author\" content=\"mundo\" \/>\n<meta name=\"twitter:card\" content=\"summary_large_image\" \/>\n<meta name=\"twitter:creator\" content=\"@MundoAgropecuar\" \/>\n<meta name=\"twitter:site\" content=\"@MundoAgropecuar\" \/>\n<meta name=\"twitter:label1\" content=\"Escrito por\" \/>\n\t<meta name=\"twitter:data1\" content=\"mundo\" \/>\n\t<meta name=\"twitter:label2\" content=\"Tiempo de lectura\" \/>\n\t<meta name=\"twitter:data2\" content=\"3 minutos\" \/>\n<script type=\"application\/ld+json\" class=\"yoast-schema-graph\">{\"@context\":\"https:\/\/schema.org\",\"@graph\":[{\"@type\":\"Article\",\"@id\":\"https:\/\/www.mundoagropecuario.cl\/new\/insectos-hongos-y-la-mortalidad-de-bosques-nativos\/#article\",\"isPartOf\":{\"@id\":\"https:\/\/www.mundoagropecuario.cl\/new\/insectos-hongos-y-la-mortalidad-de-bosques-nativos\/\"},\"author\":{\"name\":\"mundo\",\"@id\":\"https:\/\/www.mundoagropecuario.cl\/new\/#\/schema\/person\/4e9f74a82a7dac260eb1c44b7eebeb18\"},\"headline\":\"Insectos, hongos y la mortalidad de bosques nativos\",\"datePublished\":\"2024-11-15T15:40:23+00:00\",\"dateModified\":\"2024-11-18T14:12:15+00:00\",\"mainEntityOfPage\":{\"@id\":\"https:\/\/www.mundoagropecuario.cl\/new\/insectos-hongos-y-la-mortalidad-de-bosques-nativos\/\"},\"wordCount\":420,\"publisher\":{\"@id\":\"https:\/\/www.mundoagropecuario.cl\/new\/#organization\"},\"image\":{\"@id\":\"https:\/\/www.mundoagropecuario.cl\/new\/insectos-hongos-y-la-mortalidad-de-bosques-nativos\/#primaryimage\"},\"thumbnailUrl\":\"https:\/\/www.mundoagropecuario.cl\/new\/wp-content\/uploads\/2024\/11\/Plantilla-estandar-mundo-acuicola-25-scaled.jpg\",\"keywords\":[\"Academia\",\"bosque nativo\",\"Conaf\",\"Investigaci\u00f3n\",\"Universidad Mayor\"],\"articleSection\":[\"Sustentabilidad\"],\"inLanguage\":\"es\"},{\"@type\":\"WebPage\",\"@id\":\"https:\/\/www.mundoagropecuario.cl\/new\/insectos-hongos-y-la-mortalidad-de-bosques-nativos\/\",\"url\":\"https:\/\/www.mundoagropecuario.cl\/new\/insectos-hongos-y-la-mortalidad-de-bosques-nativos\/\",\"name\":\"Insectos, hongos y la mortalidad de bosques nativos - Mundoagropecuario\",\"isPartOf\":{\"@id\":\"https:\/\/www.mundoagropecuario.cl\/new\/#website\"},\"primaryImageOfPage\":{\"@id\":\"https:\/\/www.mundoagropecuario.cl\/new\/insectos-hongos-y-la-mortalidad-de-bosques-nativos\/#primaryimage\"},\"image\":{\"@id\":\"https:\/\/www.mundoagropecuario.cl\/new\/insectos-hongos-y-la-mortalidad-de-bosques-nativos\/#primaryimage\"},\"thumbnailUrl\":\"https:\/\/www.mundoagropecuario.cl\/new\/wp-content\/uploads\/2024\/11\/Plantilla-estandar-mundo-acuicola-25-scaled.jpg\",\"datePublished\":\"2024-11-15T15:40:23+00:00\",\"dateModified\":\"2024-11-18T14:12:15+00:00\",\"description\":\"Ac\u00e1demicos U. Mayor estudiar\u00e1n la la interacci\u00f3n entre insectos y hongos y su impacto en la mortalidad de bosques nativos.\",\"breadcrumb\":{\"@id\":\"https:\/\/www.mundoagropecuario.cl\/new\/insectos-hongos-y-la-mortalidad-de-bosques-nativos\/#breadcrumb\"},\"inLanguage\":\"es\",\"potentialAction\":[{\"@type\":\"ReadAction\",\"target\":[\"https:\/\/www.mundoagropecuario.cl\/new\/insectos-hongos-y-la-mortalidad-de-bosques-nativos\/\"]}]},{\"@type\":\"ImageObject\",\"inLanguage\":\"es\",\"@id\":\"https:\/\/www.mundoagropecuario.cl\/new\/insectos-hongos-y-la-mortalidad-de-bosques-nativos\/#primaryimage\",\"url\":\"https:\/\/www.mundoagropecuario.cl\/new\/wp-content\/uploads\/2024\/11\/Plantilla-estandar-mundo-acuicola-25-scaled.jpg\",\"contentUrl\":\"https:\/\/www.mundoagropecuario.cl\/new\/wp-content\/uploads\/2024\/11\/Plantilla-estandar-mundo-acuicola-25-scaled.jpg\",\"width\":720,\"height\":384},{\"@type\":\"BreadcrumbList\",\"@id\":\"https:\/\/www.mundoagropecuario.cl\/new\/insectos-hongos-y-la-mortalidad-de-bosques-nativos\/#breadcrumb\",\"itemListElement\":[{\"@type\":\"ListItem\",\"position\":1,\"name\":\"Portada\",\"item\":\"https:\/\/www.mundoagropecuario.cl\/new\/\"},{\"@type\":\"ListItem\",\"position\":2,\"name\":\"Insectos, hongos y la mortalidad de bosques nativos\"}]},{\"@type\":\"WebSite\",\"@id\":\"https:\/\/www.mundoagropecuario.cl\/new\/#website\",\"url\":\"https:\/\/www.mundoagropecuario.cl\/new\/\",\"name\":\"Mundoagropecuario\",\"description\":\"Mundo Agropecuario\",\"publisher\":{\"@id\":\"https:\/\/www.mundoagropecuario.cl\/new\/#organization\"},\"potentialAction\":[{\"@type\":\"SearchAction\",\"target\":{\"@type\":\"EntryPoint\",\"urlTemplate\":\"https:\/\/www.mundoagropecuario.cl\/new\/?s={search_term_string}\"},\"query-input\":{\"@type\":\"PropertyValueSpecification\",\"valueRequired\":true,\"valueName\":\"search_term_string\"}}],\"inLanguage\":\"es\"},{\"@type\":\"Organization\",\"@id\":\"https:\/\/www.mundoagropecuario.cl\/new\/#organization\",\"name\":\"Revista de Agricultura\",\"url\":\"https:\/\/www.mundoagropecuario.cl\/new\/\",\"logo\":{\"@type\":\"ImageObject\",\"inLanguage\":\"es\",\"@id\":\"https:\/\/www.mundoagropecuario.cl\/new\/#\/schema\/logo\/image\/\",\"url\":\"https:\/\/www.mundoagropecuario.cl\/new\/wp-content\/uploads\/2020\/11\/PORTAL-1-1.png\",\"contentUrl\":\"https:\/\/www.mundoagropecuario.cl\/new\/wp-content\/uploads\/2020\/11\/PORTAL-1-1.png\",\"width\":1026,\"height\":100,\"caption\":\"Revista de Agricultura\"},\"image\":{\"@id\":\"https:\/\/www.mundoagropecuario.cl\/new\/#\/schema\/logo\/image\/\"},\"sameAs\":[\"https:\/\/www.facebook.com\/mundo.agropecuario.3\",\"https:\/\/x.com\/MundoAgropecuar\",\"https:\/\/www.linkedin.com\/in\/mundo-agropecuario-934009201\/\"]},{\"@type\":\"Person\",\"@id\":\"https:\/\/www.mundoagropecuario.cl\/new\/#\/schema\/person\/4e9f74a82a7dac260eb1c44b7eebeb18\",\"name\":\"mundo\",\"url\":\"https:\/\/www.mundoagropecuario.cl\/new\/author\/mundo\/\"}]}<\/script>\n<!-- \/ Yoast SEO plugin. -->","yoast_head_json":{"title":"Insectos, hongos y la mortalidad de bosques nativos - Mundoagropecuario","description":"Ac\u00e1demicos U. Mayor estudiar\u00e1n la la interacci\u00f3n entre insectos y hongos y su impacto en la mortalidad de bosques nativos.","robots":{"index":"index","follow":"follow","max-snippet":"max-snippet:-1","max-image-preview":"max-image-preview:large","max-video-preview":"max-video-preview:-1"},"canonical":"https:\/\/www.mundoagropecuario.cl\/new\/insectos-hongos-y-la-mortalidad-de-bosques-nativos\/","og_locale":"es_ES","og_type":"article","og_title":"Insectos, hongos y la mortalidad de bosques nativos - Mundoagropecuario","og_description":"Ac\u00e1demicos U. Mayor estudiar\u00e1n la la interacci\u00f3n entre insectos y hongos y su impacto en la mortalidad de bosques nativos.","og_url":"https:\/\/www.mundoagropecuario.cl\/new\/insectos-hongos-y-la-mortalidad-de-bosques-nativos\/","og_site_name":"Mundoagropecuario","article_publisher":"https:\/\/www.facebook.com\/mundo.agropecuario.3","article_published_time":"2024-11-15T15:40:23+00:00","article_modified_time":"2024-11-18T14:12:15+00:00","og_image":[{"width":720,"height":384,"url":"https:\/\/www.mundoagropecuario.cl\/new\/wp-content\/uploads\/2024\/11\/Plantilla-estandar-mundo-acuicola-25-scaled.jpg","type":"image\/jpeg"}],"author":"mundo","twitter_card":"summary_large_image","twitter_creator":"@MundoAgropecuar","twitter_site":"@MundoAgropecuar","twitter_misc":{"Escrito por":"mundo","Tiempo de lectura":"3 minutos"},"schema":{"@context":"https:\/\/schema.org","@graph":[{"@type":"Article","@id":"https:\/\/www.mundoagropecuario.cl\/new\/insectos-hongos-y-la-mortalidad-de-bosques-nativos\/#article","isPartOf":{"@id":"https:\/\/www.mundoagropecuario.cl\/new\/insectos-hongos-y-la-mortalidad-de-bosques-nativos\/"},"author":{"name":"mundo","@id":"https:\/\/www.mundoagropecuario.cl\/new\/#\/schema\/person\/4e9f74a82a7dac260eb1c44b7eebeb18"},"headline":"Insectos, hongos y la mortalidad de bosques nativos","datePublished":"2024-11-15T15:40:23+00:00","dateModified":"2024-11-18T14:12:15+00:00","mainEntityOfPage":{"@id":"https:\/\/www.mundoagropecuario.cl\/new\/insectos-hongos-y-la-mortalidad-de-bosques-nativos\/"},"wordCount":420,"publisher":{"@id":"https:\/\/www.mundoagropecuario.cl\/new\/#organization"},"image":{"@id":"https:\/\/www.mundoagropecuario.cl\/new\/insectos-hongos-y-la-mortalidad-de-bosques-nativos\/#primaryimage"},"thumbnailUrl":"https:\/\/www.mundoagropecuario.cl\/new\/wp-content\/uploads\/2024\/11\/Plantilla-estandar-mundo-acuicola-25-scaled.jpg","keywords":["Academia","bosque nativo","Conaf","Investigaci\u00f3n","Universidad Mayor"],"articleSection":["Sustentabilidad"],"inLanguage":"es"},{"@type":"WebPage","@id":"https:\/\/www.mundoagropecuario.cl\/new\/insectos-hongos-y-la-mortalidad-de-bosques-nativos\/","url":"https:\/\/www.mundoagropecuario.cl\/new\/insectos-hongos-y-la-mortalidad-de-bosques-nativos\/","name":"Insectos, hongos y la mortalidad de bosques nativos - Mundoagropecuario","isPartOf":{"@id":"https:\/\/www.mundoagropecuario.cl\/new\/#website"},"primaryImageOfPage":{"@id":"https:\/\/www.mundoagropecuario.cl\/new\/insectos-hongos-y-la-mortalidad-de-bosques-nativos\/#primaryimage"},"image":{"@id":"https:\/\/www.mundoagropecuario.cl\/new\/insectos-hongos-y-la-mortalidad-de-bosques-nativos\/#primaryimage"},"thumbnailUrl":"https:\/\/www.mundoagropecuario.cl\/new\/wp-content\/uploads\/2024\/11\/Plantilla-estandar-mundo-acuicola-25-scaled.jpg","datePublished":"2024-11-15T15:40:23+00:00","dateModified":"2024-11-18T14:12:15+00:00","description":"Ac\u00e1demicos U. Mayor estudiar\u00e1n la la interacci\u00f3n entre insectos y hongos y su impacto en la mortalidad de bosques nativos.","breadcrumb":{"@id":"https:\/\/www.mundoagropecuario.cl\/new\/insectos-hongos-y-la-mortalidad-de-bosques-nativos\/#breadcrumb"},"inLanguage":"es","potentialAction":[{"@type":"ReadAction","target":["https:\/\/www.mundoagropecuario.cl\/new\/insectos-hongos-y-la-mortalidad-de-bosques-nativos\/"]}]},{"@type":"ImageObject","inLanguage":"es","@id":"https:\/\/www.mundoagropecuario.cl\/new\/insectos-hongos-y-la-mortalidad-de-bosques-nativos\/#primaryimage","url":"https:\/\/www.mundoagropecuario.cl\/new\/wp-content\/uploads\/2024\/11\/Plantilla-estandar-mundo-acuicola-25-scaled.jpg","contentUrl":"https:\/\/www.mundoagropecuario.cl\/new\/wp-content\/uploads\/2024\/11\/Plantilla-estandar-mundo-acuicola-25-scaled.jpg","width":720,"height":384},{"@type":"BreadcrumbList","@id":"https:\/\/www.mundoagropecuario.cl\/new\/insectos-hongos-y-la-mortalidad-de-bosques-nativos\/#breadcrumb","itemListElement":[{"@type":"ListItem","position":1,"name":"Portada","item":"https:\/\/www.mundoagropecuario.cl\/new\/"},{"@type":"ListItem","position":2,"name":"Insectos, hongos y la mortalidad de bosques nativos"}]},{"@type":"WebSite","@id":"https:\/\/www.mundoagropecuario.cl\/new\/#website","url":"https:\/\/www.mundoagropecuario.cl\/new\/","name":"Mundoagropecuario","description":"Mundo Agropecuario","publisher":{"@id":"https:\/\/www.mundoagropecuario.cl\/new\/#organization"},"potentialAction":[{"@type":"SearchAction","target":{"@type":"EntryPoint","urlTemplate":"https:\/\/www.mundoagropecuario.cl\/new\/?s={search_term_string}"},"query-input":{"@type":"PropertyValueSpecification","valueRequired":true,"valueName":"search_term_string"}}],"inLanguage":"es"},{"@type":"Organization","@id":"https:\/\/www.mundoagropecuario.cl\/new\/#organization","name":"Revista de Agricultura","url":"https:\/\/www.mundoagropecuario.cl\/new\/","logo":{"@type":"ImageObject","inLanguage":"es","@id":"https:\/\/www.mundoagropecuario.cl\/new\/#\/schema\/logo\/image\/","url":"https:\/\/www.mundoagropecuario.cl\/new\/wp-content\/uploads\/2020\/11\/PORTAL-1-1.png","contentUrl":"https:\/\/www.mundoagropecuario.cl\/new\/wp-content\/uploads\/2020\/11\/PORTAL-1-1.png","width":1026,"height":100,"caption":"Revista de Agricultura"},"image":{"@id":"https:\/\/www.mundoagropecuario.cl\/new\/#\/schema\/logo\/image\/"},"sameAs":["https:\/\/www.facebook.com\/mundo.agropecuario.3","https:\/\/x.com\/MundoAgropecuar","https:\/\/www.linkedin.com\/in\/mundo-agropecuario-934009201\/"]},{"@type":"Person","@id":"https:\/\/www.mundoagropecuario.cl\/new\/#\/schema\/person\/4e9f74a82a7dac260eb1c44b7eebeb18","name":"mundo","url":"https:\/\/www.mundoagropecuario.cl\/new\/author\/mundo\/"}]}},"_links":{"self":[{"href":"https:\/\/www.mundoagropecuario.cl\/new\/wp-json\/wp\/v2\/posts\/25756","targetHints":{"allow":["GET"]}}],"collection":[{"href":"https:\/\/www.mundoagropecuario.cl\/new\/wp-json\/wp\/v2\/posts"}],"about":[{"href":"https:\/\/www.mundoagropecuario.cl\/new\/wp-json\/wp\/v2\/types\/post"}],"author":[{"embeddable":true,"href":"https:\/\/www.mundoagropecuario.cl\/new\/wp-json\/wp\/v2\/users\/2"}],"replies":[{"embeddable":true,"href":"https:\/\/www.mundoagropecuario.cl\/new\/wp-json\/wp\/v2\/comments?post=25756"}],"version-history":[{"count":1,"href":"https:\/\/www.mundoagropecuario.cl\/new\/wp-json\/wp\/v2\/posts\/25756\/revisions"}],"predecessor-version":[{"id":25760,"href":"https:\/\/www.mundoagropecuario.cl\/new\/wp-json\/wp\/v2\/posts\/25756\/revisions\/25760"}],"wp:featuredmedia":[{"embeddable":true,"href":"https:\/\/www.mundoagropecuario.cl\/new\/wp-json\/wp\/v2\/media\/25764"}],"wp:attachment":[{"href":"https:\/\/www.mundoagropecuario.cl\/new\/wp-json\/wp\/v2\/media?parent=25756"}],"wp:term":[{"taxonomy":"category","embeddable":true,"href":"https:\/\/www.mundoagropecuario.cl\/new\/wp-json\/wp\/v2\/categories?post=25756"},{"taxonomy":"post_tag","embeddable":true,"href":"https:\/\/www.mundoagropecuario.cl\/new\/wp-json\/wp\/v2\/tags?post=25756"}],"curies":[{"name":"wp","href":"https:\/\/api.w.org\/{rel}","templated":true}]}}