{"id":25725,"date":"2024-11-14T11:13:41","date_gmt":"2024-11-14T14:13:41","guid":{"rendered":"https:\/\/www.mundoagropecuario.cl\/new\/?p=25725"},"modified":"2024-11-18T11:09:04","modified_gmt":"2024-11-18T14:09:04","slug":"exponut-destacan-crecimiento-global-del-mercado-de-las-nueces","status":"publish","type":"post","link":"https:\/\/www.mundoagropecuario.cl\/new\/exponut-destacan-crecimiento-global-del-mercado-de-las-nueces\/","title":{"rendered":"ExpoNut: Destacan crecimiento global del mercado de las nueces"},"content":{"rendered":"<p>Con gran \u00e9xito finaliz\u00f3 la XVI edici\u00f3n de Exponut, el evento m\u00e1s relevante de la industria de la nuez en Chile. Organizado por Chilenut, Exponut se ha consolidado como el principal foro para productores, procesadores, asesores, exportadores y proveedores.<\/p>\n<p>Se trata de un espacio \u00fanico para compartir conocimientos, analizar tendencias y proyectar el futuro del sector en un contexto global cambiante.<\/p>\n<p>La ceremonia de apertura cont\u00f3 con la presencia de autoridades de alto nivel. Entre ellos, el ministro de Agricultura, Esteban Valenzuela, y el director de <a href=\"https:\/\/www.prochile.gob.cl\/\">ProChile<\/a>, Ignacio Fern\u00e1ndez.<\/p>\n<p>Tambi\u00e9n estuvo presente el presidente de Chilenut, Juan Esteban Valenzuela. Todos compartieron sus perspectivas sobre el impacto de la industria del nogal en la econom\u00eda nacional. Asimismo, en torno al rol de Chile como potencia exportadora de nueces.<\/p>\n<h3>Estado actual del mercado<\/h3>\n<div>El presidente de ChileNut, Juan Esteban Rodr\u00edguez explic\u00f3 que \u201cen los \u00faltimos a\u00f1os, la industria global de frutos secos ha experimentado cambios significativos, con un notable incremento en la producci\u00f3n y una contracci\u00f3n en el consumo debido a problemas externos. La producci\u00f3n mundial ha crecido exponencialmente, \u2060apoyados en una producci\u00f3n estable en China y una menor producci\u00f3n en California, lo cual podr\u00eda impulsar los precios. Desde 2020, hemos observado una reducci\u00f3n en el consumo, debido a factores como la pandemia y otros problemas econ\u00f3micos y pol\u00edticos. Sin embargo, mantenemos nuestro optimismo y creemos que la colaboraci\u00f3n y el enfoque en la calidad ser\u00e1n clave para nuestro \u00e9xito\u201d.<\/div>\n<div><\/div>\n<div>\n<p>Ignacio Fern\u00e1ndez, director general de ProChile, destac\u00f3 que el comercio global de frutos secos y deshidratados ha crecido m\u00e1s del 180% en los \u00faltimos 20 a\u00f1os. Seg\u00fan Chilealimentos, Chile ha duplicado ese ritmo, con un crecimiento cercano al 400%. El pa\u00eds est\u00e1 bien posicionado para aumentar su presencia en mercados clave como India, donde tuvo \u00e9xito en el primer Chile Summit, y en Europa, donde particip\u00f3 destacadamente en la SIAL Par\u00eds 2024 y volver\u00e1 a estar en Anuga, Alemania.<\/p>\n<p>El director general de ProChile coment\u00f3 adem\u00e1s, Chile ha aumentado su presencia en mercados como Espa\u00f1a, donde las exportaciones crecieron casi un 30%, alcanzando US$ 42 millones. En M\u00e9xico, las exportaciones aumentaron m\u00e1s de un 50%, con cerca de US$ 12 millones entre enero y septiembre.<\/p>\n<p>&nbsp;<\/p>\n<\/div>\n","protected":false},"excerpt":{"rendered":"<p>Exponut 2024 resalt\u00f3 el crecimiento de la industria de la nuez en Chile, con aumento en exportaciones y presencia en mercados clave como India y Europa. <\/p>\n","protected":false},"author":2,"featured_media":25733,"comment_status":"closed","ping_status":"closed","sticky":false,"template":"","format":"standard","meta":{"footnotes":""},"categories":[1945],"tags":[9052,9049,9050,6577,3421,9051,1105,3646,9048,2305,9055,601,9053,9054],"class_list":["post-25725","post","type-post","status-publish","format-standard","has-post-thumbnail","hentry","category-agricultura","tag-agricultura-en-chile","tag-chilenut","tag-comercio-global","tag-exponut","tag-exportacion","tag-exportacion-de-nueces","tag-exportaciones","tag-frutos-secos","tag-industria-de-nuez","tag-nueces","tag-nuez","tag-prochile","tag-sostenibilidad-agricola","tag-trazabilidad-de-productos"],"yoast_head":"<!-- This site is optimized with the Yoast SEO plugin v26.6 - https:\/\/yoast.com\/wordpress\/plugins\/seo\/ -->\n<title>Destacan crecimiento global del mercado de las nueces<\/title>\n<meta name=\"description\" content=\"Exponut 2024 destac\u00f3 el crecimiento de la industria de las nueces en Chile, con un aumento de las exportaciones en mercados clave.\" \/>\n<meta name=\"robots\" content=\"index, follow, max-snippet:-1, max-image-preview:large, max-video-preview:-1\" \/>\n<link rel=\"canonical\" href=\"https:\/\/www.mundoagropecuario.cl\/new\/exponut-destacan-crecimiento-global-del-mercado-de-las-nueces\/\" \/>\n<meta property=\"og:locale\" content=\"es_ES\" \/>\n<meta property=\"og:type\" content=\"article\" \/>\n<meta property=\"og:title\" content=\"Destacan crecimiento global del mercado de las nueces\" \/>\n<meta property=\"og:description\" content=\"Exponut 2024 destac\u00f3 el crecimiento de la industria de las nueces en Chile, con un aumento de las exportaciones en mercados clave.\" \/>\n<meta property=\"og:url\" content=\"https:\/\/www.mundoagropecuario.cl\/new\/exponut-destacan-crecimiento-global-del-mercado-de-las-nueces\/\" \/>\n<meta property=\"og:site_name\" content=\"Mundoagropecuario\" \/>\n<meta property=\"article:publisher\" content=\"https:\/\/www.facebook.com\/mundo.agropecuario.3\" \/>\n<meta property=\"article:published_time\" content=\"2024-11-14T14:13:41+00:00\" \/>\n<meta property=\"article:modified_time\" content=\"2024-11-18T14:09:04+00:00\" \/>\n<meta property=\"og:image\" content=\"https:\/\/www.mundoagropecuario.cl\/new\/wp-content\/uploads\/2024\/11\/ExpoNut-scaled.jpg\" \/>\n\t<meta property=\"og:image:width\" content=\"720\" \/>\n\t<meta property=\"og:image:height\" content=\"392\" \/>\n\t<meta property=\"og:image:type\" content=\"image\/jpeg\" \/>\n<meta name=\"author\" content=\"mundo\" \/>\n<meta name=\"twitter:card\" content=\"summary_large_image\" \/>\n<meta name=\"twitter:creator\" content=\"@MundoAgropecuar\" \/>\n<meta name=\"twitter:site\" content=\"@MundoAgropecuar\" \/>\n<meta name=\"twitter:label1\" content=\"Escrito por\" \/>\n\t<meta name=\"twitter:data1\" content=\"mundo\" \/>\n\t<meta name=\"twitter:label2\" content=\"Tiempo de lectura\" \/>\n\t<meta name=\"twitter:data2\" content=\"2 minutos\" \/>\n<script type=\"application\/ld+json\" class=\"yoast-schema-graph\">{\"@context\":\"https:\/\/schema.org\",\"@graph\":[{\"@type\":\"Article\",\"@id\":\"https:\/\/www.mundoagropecuario.cl\/new\/exponut-destacan-crecimiento-global-del-mercado-de-las-nueces\/#article\",\"isPartOf\":{\"@id\":\"https:\/\/www.mundoagropecuario.cl\/new\/exponut-destacan-crecimiento-global-del-mercado-de-las-nueces\/\"},\"author\":{\"name\":\"mundo\",\"@id\":\"https:\/\/www.mundoagropecuario.cl\/new\/#\/schema\/person\/4e9f74a82a7dac260eb1c44b7eebeb18\"},\"headline\":\"ExpoNut: Destacan crecimiento global del mercado de las nueces\",\"datePublished\":\"2024-11-14T14:13:41+00:00\",\"dateModified\":\"2024-11-18T14:09:04+00:00\",\"mainEntityOfPage\":{\"@id\":\"https:\/\/www.mundoagropecuario.cl\/new\/exponut-destacan-crecimiento-global-del-mercado-de-las-nueces\/\"},\"wordCount\":392,\"publisher\":{\"@id\":\"https:\/\/www.mundoagropecuario.cl\/new\/#organization\"},\"image\":{\"@id\":\"https:\/\/www.mundoagropecuario.cl\/new\/exponut-destacan-crecimiento-global-del-mercado-de-las-nueces\/#primaryimage\"},\"thumbnailUrl\":\"https:\/\/www.mundoagropecuario.cl\/new\/wp-content\/uploads\/2024\/11\/ExpoNut-scaled.jpg\",\"keywords\":[\"Agricultura en Chile\",\"ChileNut\",\"Comercio global\",\"ExpoNut\",\"exportaci\u00f3n\",\"Exportaci\u00f3n de nueces\",\"Exportaciones\",\"frutos secos\",\"Industria de nuez\",\"Nueces\",\"Nuez\",\"ProChile\",\"Sostenibilidad agr\u00edcola\",\"Trazabilidad de productos\"],\"articleSection\":[\"Agricultura\"],\"inLanguage\":\"es\"},{\"@type\":\"WebPage\",\"@id\":\"https:\/\/www.mundoagropecuario.cl\/new\/exponut-destacan-crecimiento-global-del-mercado-de-las-nueces\/\",\"url\":\"https:\/\/www.mundoagropecuario.cl\/new\/exponut-destacan-crecimiento-global-del-mercado-de-las-nueces\/\",\"name\":\"Destacan crecimiento global del mercado de las nueces\",\"isPartOf\":{\"@id\":\"https:\/\/www.mundoagropecuario.cl\/new\/#website\"},\"primaryImageOfPage\":{\"@id\":\"https:\/\/www.mundoagropecuario.cl\/new\/exponut-destacan-crecimiento-global-del-mercado-de-las-nueces\/#primaryimage\"},\"image\":{\"@id\":\"https:\/\/www.mundoagropecuario.cl\/new\/exponut-destacan-crecimiento-global-del-mercado-de-las-nueces\/#primaryimage\"},\"thumbnailUrl\":\"https:\/\/www.mundoagropecuario.cl\/new\/wp-content\/uploads\/2024\/11\/ExpoNut-scaled.jpg\",\"datePublished\":\"2024-11-14T14:13:41+00:00\",\"dateModified\":\"2024-11-18T14:09:04+00:00\",\"description\":\"Exponut 2024 destac\u00f3 el crecimiento de la industria de las nueces en Chile, con un aumento de las exportaciones en mercados clave.\",\"breadcrumb\":{\"@id\":\"https:\/\/www.mundoagropecuario.cl\/new\/exponut-destacan-crecimiento-global-del-mercado-de-las-nueces\/#breadcrumb\"},\"inLanguage\":\"es\",\"potentialAction\":[{\"@type\":\"ReadAction\",\"target\":[\"https:\/\/www.mundoagropecuario.cl\/new\/exponut-destacan-crecimiento-global-del-mercado-de-las-nueces\/\"]}]},{\"@type\":\"ImageObject\",\"inLanguage\":\"es\",\"@id\":\"https:\/\/www.mundoagropecuario.cl\/new\/exponut-destacan-crecimiento-global-del-mercado-de-las-nueces\/#primaryimage\",\"url\":\"https:\/\/www.mundoagropecuario.cl\/new\/wp-content\/uploads\/2024\/11\/ExpoNut-scaled.jpg\",\"contentUrl\":\"https:\/\/www.mundoagropecuario.cl\/new\/wp-content\/uploads\/2024\/11\/ExpoNut-scaled.jpg\",\"width\":720,\"height\":392},{\"@type\":\"BreadcrumbList\",\"@id\":\"https:\/\/www.mundoagropecuario.cl\/new\/exponut-destacan-crecimiento-global-del-mercado-de-las-nueces\/#breadcrumb\",\"itemListElement\":[{\"@type\":\"ListItem\",\"position\":1,\"name\":\"Portada\",\"item\":\"https:\/\/www.mundoagropecuario.cl\/new\/\"},{\"@type\":\"ListItem\",\"position\":2,\"name\":\"ExpoNut: Destacan crecimiento global del mercado de las nueces\"}]},{\"@type\":\"WebSite\",\"@id\":\"https:\/\/www.mundoagropecuario.cl\/new\/#website\",\"url\":\"https:\/\/www.mundoagropecuario.cl\/new\/\",\"name\":\"Mundoagropecuario\",\"description\":\"Mundo Agropecuario\",\"publisher\":{\"@id\":\"https:\/\/www.mundoagropecuario.cl\/new\/#organization\"},\"potentialAction\":[{\"@type\":\"SearchAction\",\"target\":{\"@type\":\"EntryPoint\",\"urlTemplate\":\"https:\/\/www.mundoagropecuario.cl\/new\/?s={search_term_string}\"},\"query-input\":{\"@type\":\"PropertyValueSpecification\",\"valueRequired\":true,\"valueName\":\"search_term_string\"}}],\"inLanguage\":\"es\"},{\"@type\":\"Organization\",\"@id\":\"https:\/\/www.mundoagropecuario.cl\/new\/#organization\",\"name\":\"Revista de Agricultura\",\"url\":\"https:\/\/www.mundoagropecuario.cl\/new\/\",\"logo\":{\"@type\":\"ImageObject\",\"inLanguage\":\"es\",\"@id\":\"https:\/\/www.mundoagropecuario.cl\/new\/#\/schema\/logo\/image\/\",\"url\":\"https:\/\/www.mundoagropecuario.cl\/new\/wp-content\/uploads\/2020\/11\/PORTAL-1-1.png\",\"contentUrl\":\"https:\/\/www.mundoagropecuario.cl\/new\/wp-content\/uploads\/2020\/11\/PORTAL-1-1.png\",\"width\":1026,\"height\":100,\"caption\":\"Revista de Agricultura\"},\"image\":{\"@id\":\"https:\/\/www.mundoagropecuario.cl\/new\/#\/schema\/logo\/image\/\"},\"sameAs\":[\"https:\/\/www.facebook.com\/mundo.agropecuario.3\",\"https:\/\/x.com\/MundoAgropecuar\",\"https:\/\/www.linkedin.com\/in\/mundo-agropecuario-934009201\/\"]},{\"@type\":\"Person\",\"@id\":\"https:\/\/www.mundoagropecuario.cl\/new\/#\/schema\/person\/4e9f74a82a7dac260eb1c44b7eebeb18\",\"name\":\"mundo\",\"url\":\"https:\/\/www.mundoagropecuario.cl\/new\/author\/mundo\/\"}]}<\/script>\n<!-- \/ Yoast SEO plugin. -->","yoast_head_json":{"title":"Destacan crecimiento global del mercado de las nueces","description":"Exponut 2024 destac\u00f3 el crecimiento de la industria de las nueces en Chile, con un aumento de las exportaciones en mercados clave.","robots":{"index":"index","follow":"follow","max-snippet":"max-snippet:-1","max-image-preview":"max-image-preview:large","max-video-preview":"max-video-preview:-1"},"canonical":"https:\/\/www.mundoagropecuario.cl\/new\/exponut-destacan-crecimiento-global-del-mercado-de-las-nueces\/","og_locale":"es_ES","og_type":"article","og_title":"Destacan crecimiento global del mercado de las nueces","og_description":"Exponut 2024 destac\u00f3 el crecimiento de la industria de las nueces en Chile, con un aumento de las exportaciones en mercados clave.","og_url":"https:\/\/www.mundoagropecuario.cl\/new\/exponut-destacan-crecimiento-global-del-mercado-de-las-nueces\/","og_site_name":"Mundoagropecuario","article_publisher":"https:\/\/www.facebook.com\/mundo.agropecuario.3","article_published_time":"2024-11-14T14:13:41+00:00","article_modified_time":"2024-11-18T14:09:04+00:00","og_image":[{"width":720,"height":392,"url":"https:\/\/www.mundoagropecuario.cl\/new\/wp-content\/uploads\/2024\/11\/ExpoNut-scaled.jpg","type":"image\/jpeg"}],"author":"mundo","twitter_card":"summary_large_image","twitter_creator":"@MundoAgropecuar","twitter_site":"@MundoAgropecuar","twitter_misc":{"Escrito por":"mundo","Tiempo de lectura":"2 minutos"},"schema":{"@context":"https:\/\/schema.org","@graph":[{"@type":"Article","@id":"https:\/\/www.mundoagropecuario.cl\/new\/exponut-destacan-crecimiento-global-del-mercado-de-las-nueces\/#article","isPartOf":{"@id":"https:\/\/www.mundoagropecuario.cl\/new\/exponut-destacan-crecimiento-global-del-mercado-de-las-nueces\/"},"author":{"name":"mundo","@id":"https:\/\/www.mundoagropecuario.cl\/new\/#\/schema\/person\/4e9f74a82a7dac260eb1c44b7eebeb18"},"headline":"ExpoNut: Destacan crecimiento global del mercado de las nueces","datePublished":"2024-11-14T14:13:41+00:00","dateModified":"2024-11-18T14:09:04+00:00","mainEntityOfPage":{"@id":"https:\/\/www.mundoagropecuario.cl\/new\/exponut-destacan-crecimiento-global-del-mercado-de-las-nueces\/"},"wordCount":392,"publisher":{"@id":"https:\/\/www.mundoagropecuario.cl\/new\/#organization"},"image":{"@id":"https:\/\/www.mundoagropecuario.cl\/new\/exponut-destacan-crecimiento-global-del-mercado-de-las-nueces\/#primaryimage"},"thumbnailUrl":"https:\/\/www.mundoagropecuario.cl\/new\/wp-content\/uploads\/2024\/11\/ExpoNut-scaled.jpg","keywords":["Agricultura en Chile","ChileNut","Comercio global","ExpoNut","exportaci\u00f3n","Exportaci\u00f3n de nueces","Exportaciones","frutos secos","Industria de nuez","Nueces","Nuez","ProChile","Sostenibilidad agr\u00edcola","Trazabilidad de productos"],"articleSection":["Agricultura"],"inLanguage":"es"},{"@type":"WebPage","@id":"https:\/\/www.mundoagropecuario.cl\/new\/exponut-destacan-crecimiento-global-del-mercado-de-las-nueces\/","url":"https:\/\/www.mundoagropecuario.cl\/new\/exponut-destacan-crecimiento-global-del-mercado-de-las-nueces\/","name":"Destacan crecimiento global del mercado de las nueces","isPartOf":{"@id":"https:\/\/www.mundoagropecuario.cl\/new\/#website"},"primaryImageOfPage":{"@id":"https:\/\/www.mundoagropecuario.cl\/new\/exponut-destacan-crecimiento-global-del-mercado-de-las-nueces\/#primaryimage"},"image":{"@id":"https:\/\/www.mundoagropecuario.cl\/new\/exponut-destacan-crecimiento-global-del-mercado-de-las-nueces\/#primaryimage"},"thumbnailUrl":"https:\/\/www.mundoagropecuario.cl\/new\/wp-content\/uploads\/2024\/11\/ExpoNut-scaled.jpg","datePublished":"2024-11-14T14:13:41+00:00","dateModified":"2024-11-18T14:09:04+00:00","description":"Exponut 2024 destac\u00f3 el crecimiento de la industria de las nueces en Chile, con un aumento de las exportaciones en mercados clave.","breadcrumb":{"@id":"https:\/\/www.mundoagropecuario.cl\/new\/exponut-destacan-crecimiento-global-del-mercado-de-las-nueces\/#breadcrumb"},"inLanguage":"es","potentialAction":[{"@type":"ReadAction","target":["https:\/\/www.mundoagropecuario.cl\/new\/exponut-destacan-crecimiento-global-del-mercado-de-las-nueces\/"]}]},{"@type":"ImageObject","inLanguage":"es","@id":"https:\/\/www.mundoagropecuario.cl\/new\/exponut-destacan-crecimiento-global-del-mercado-de-las-nueces\/#primaryimage","url":"https:\/\/www.mundoagropecuario.cl\/new\/wp-content\/uploads\/2024\/11\/ExpoNut-scaled.jpg","contentUrl":"https:\/\/www.mundoagropecuario.cl\/new\/wp-content\/uploads\/2024\/11\/ExpoNut-scaled.jpg","width":720,"height":392},{"@type":"BreadcrumbList","@id":"https:\/\/www.mundoagropecuario.cl\/new\/exponut-destacan-crecimiento-global-del-mercado-de-las-nueces\/#breadcrumb","itemListElement":[{"@type":"ListItem","position":1,"name":"Portada","item":"https:\/\/www.mundoagropecuario.cl\/new\/"},{"@type":"ListItem","position":2,"name":"ExpoNut: Destacan crecimiento global del mercado de las nueces"}]},{"@type":"WebSite","@id":"https:\/\/www.mundoagropecuario.cl\/new\/#website","url":"https:\/\/www.mundoagropecuario.cl\/new\/","name":"Mundoagropecuario","description":"Mundo Agropecuario","publisher":{"@id":"https:\/\/www.mundoagropecuario.cl\/new\/#organization"},"potentialAction":[{"@type":"SearchAction","target":{"@type":"EntryPoint","urlTemplate":"https:\/\/www.mundoagropecuario.cl\/new\/?s={search_term_string}"},"query-input":{"@type":"PropertyValueSpecification","valueRequired":true,"valueName":"search_term_string"}}],"inLanguage":"es"},{"@type":"Organization","@id":"https:\/\/www.mundoagropecuario.cl\/new\/#organization","name":"Revista de Agricultura","url":"https:\/\/www.mundoagropecuario.cl\/new\/","logo":{"@type":"ImageObject","inLanguage":"es","@id":"https:\/\/www.mundoagropecuario.cl\/new\/#\/schema\/logo\/image\/","url":"https:\/\/www.mundoagropecuario.cl\/new\/wp-content\/uploads\/2020\/11\/PORTAL-1-1.png","contentUrl":"https:\/\/www.mundoagropecuario.cl\/new\/wp-content\/uploads\/2020\/11\/PORTAL-1-1.png","width":1026,"height":100,"caption":"Revista de Agricultura"},"image":{"@id":"https:\/\/www.mundoagropecuario.cl\/new\/#\/schema\/logo\/image\/"},"sameAs":["https:\/\/www.facebook.com\/mundo.agropecuario.3","https:\/\/x.com\/MundoAgropecuar","https:\/\/www.linkedin.com\/in\/mundo-agropecuario-934009201\/"]},{"@type":"Person","@id":"https:\/\/www.mundoagropecuario.cl\/new\/#\/schema\/person\/4e9f74a82a7dac260eb1c44b7eebeb18","name":"mundo","url":"https:\/\/www.mundoagropecuario.cl\/new\/author\/mundo\/"}]}},"_links":{"self":[{"href":"https:\/\/www.mundoagropecuario.cl\/new\/wp-json\/wp\/v2\/posts\/25725","targetHints":{"allow":["GET"]}}],"collection":[{"href":"https:\/\/www.mundoagropecuario.cl\/new\/wp-json\/wp\/v2\/posts"}],"about":[{"href":"https:\/\/www.mundoagropecuario.cl\/new\/wp-json\/wp\/v2\/types\/post"}],"author":[{"embeddable":true,"href":"https:\/\/www.mundoagropecuario.cl\/new\/wp-json\/wp\/v2\/users\/2"}],"replies":[{"embeddable":true,"href":"https:\/\/www.mundoagropecuario.cl\/new\/wp-json\/wp\/v2\/comments?post=25725"}],"version-history":[{"count":3,"href":"https:\/\/www.mundoagropecuario.cl\/new\/wp-json\/wp\/v2\/posts\/25725\/revisions"}],"predecessor-version":[{"id":25729,"href":"https:\/\/www.mundoagropecuario.cl\/new\/wp-json\/wp\/v2\/posts\/25725\/revisions\/25729"}],"wp:featuredmedia":[{"embeddable":true,"href":"https:\/\/www.mundoagropecuario.cl\/new\/wp-json\/wp\/v2\/media\/25733"}],"wp:attachment":[{"href":"https:\/\/www.mundoagropecuario.cl\/new\/wp-json\/wp\/v2\/media?parent=25725"}],"wp:term":[{"taxonomy":"category","embeddable":true,"href":"https:\/\/www.mundoagropecuario.cl\/new\/wp-json\/wp\/v2\/categories?post=25725"},{"taxonomy":"post_tag","embeddable":true,"href":"https:\/\/www.mundoagropecuario.cl\/new\/wp-json\/wp\/v2\/tags?post=25725"}],"curies":[{"name":"wp","href":"https:\/\/api.w.org\/{rel}","templated":true}]}}