{"id":25697,"date":"2024-11-13T10:45:57","date_gmt":"2024-11-13T13:45:57","guid":{"rendered":"https:\/\/www.mundoagropecuario.cl\/new\/?p=25697"},"modified":"2024-11-15T10:04:29","modified_gmt":"2024-11-15T13:04:29","slug":"realizan-2-encuentro-de-economia-circular","status":"publish","type":"post","link":"https:\/\/www.mundoagropecuario.cl\/new\/realizan-2-encuentro-de-economia-circular\/","title":{"rendered":"Realizan 2\u00b0 Encuentro de Econom\u00eda Circular"},"content":{"rendered":"<p>M\u00e1s de 200 personas participaron del\u00a0 2\u00b0 Encuentro de Econom\u00eda Circular en la regi\u00f3n de Los Lagos. La jornada impuls\u00f3 la vinculaci\u00f3n entre sectores productivos, gestores de residuos y emprendimientos comprometidos con la transici\u00f3n hacia un modelo econ\u00f3mico m\u00e1s sustentable.<\/p>\n<p>El evento, realizado en el Club Gimn\u00e1stico Alem\u00e1n de Llanquihue, fue organizado por el Gobierno Regional de Los Lagos en conjunto con la Seremi del Medio Ambiente, Corfo Los Lagos, el Programa Territorio Circular, la Agencia de Sustentabilidad y Cambio Clim\u00e1tico, el Centro de Desarrollo de Negocios de Sercotec Puerto Varas y Cecinas Llanquihue. La instancia reuni\u00f3 a representantes de sectores productivos, gestores de residuos, emprendedores, servicios p\u00fablicos, universidades y centros de investigaci\u00f3n, con el objetivo de fomentar la integraci\u00f3n y cooperaci\u00f3n en torno a la econom\u00eda circular.<\/p>\n<h3>Dos a\u00f1os de trabajo por la sostenibilidad<\/h3>\n<p><a href=\"https:\/\/www.mundoagropecuario.cl\/new\/wp-content\/uploads\/2024\/11\/1-scaled.jpeg\"><img loading=\"lazy\" decoding=\"async\" class=\"alignleft wp-image-25698 size-large\" src=\"https:\/\/www.mundoagropecuario.cl\/new\/wp-content\/uploads\/2024\/11\/1-533x400.jpeg\" alt=\"\" width=\"533\" height=\"400\" srcset=\"https:\/\/www.mundoagropecuario.cl\/new\/wp-content\/uploads\/2024\/11\/1-scaled.jpeg 533w, https:\/\/www.mundoagropecuario.cl\/new\/wp-content\/uploads\/2024\/11\/1-177x133.jpeg 177w, https:\/\/www.mundoagropecuario.cl\/new\/wp-content\/uploads\/2024\/11\/1-768x576.jpeg 768w, https:\/\/www.mundoagropecuario.cl\/new\/wp-content\/uploads\/2024\/11\/1-1536x1152.jpeg 1536w, https:\/\/www.mundoagropecuario.cl\/new\/wp-content\/uploads\/2024\/11\/1-2048x1536.jpeg 2048w\" sizes=\"auto, (max-width: 533px) 100vw, 533px\" \/><\/a>&#8220;Hoy tuvimos la representaci\u00f3n de los principales sectores productivos de la regi\u00f3n, quienes llevan ya dos a\u00f1os trabajando para una regi\u00f3n sostenible e inclusiva. Hemos logrado construir un grupo cohesionado de profesionales que convergen desde distintas \u00e1reas, y hemos adoptado en conjunto esta bandera, en colaboraci\u00f3n con la empresa M\u00f6dinger, que est\u00e1 comprometida con este prop\u00f3sito,&#8221; se\u00f1al\u00f3\u00a0Claudio Valenzuela, director regional de Corfo Los Lagos.<\/p>\n<p>\u201cAdem\u00e1s, trabajamos estrechamente con colegas de la Seremi de Medio Ambiente, la Agencia de Sustentabilidad y Cambio Clim\u00e1tico, el Centro de Negocios de Puerto Varas y el Programa Territorio Circular de Corfo. Esta convergencia de capacidades junto con el apoyo del sector privado crea un beneficio para todos, un modelo que contribuye al desarrollo sostenible de nuestra regi\u00f3n,\u201d a\u00f1adi\u00f3.<\/p>\n<h3>Actores p\u00fablicos y privados<\/h3>\n<p>Patricio Vallesp\u00edn, Gobernador de la Regi\u00f3n de Los Lagos,\u00a0destac\u00f3 que \u201cla circularidad surge como una demanda transversal del Pacto por una regi\u00f3n sostenible e inclusiva, donde actores p\u00fablicos y privados nos hemos puesto de acuerdo en los grandes desaf\u00edos, y la econom\u00eda circular es uno de ellos. Hay 14 compromisos de este Pacto relacionados con la econom\u00eda circular; realizar este segundo encuentro, con una convocatoria que pas\u00f3 de 120 a m\u00e1s de 200 personas, muestra c\u00f3mo hemos avanzado en esta misi\u00f3n compartida&#8221;.<\/p>\n<p>Durante el encuentro, se presentaron diagn\u00f3sticos detallados sobre las brechas y el estado actual de la econom\u00eda circular en Los Lagos, as\u00ed como las oportunidades que distintos sectores productivos visualizan en este \u00e1mbito. La jornada incluy\u00f3 una mesa de conversaci\u00f3n donde se compartieron experiencias y aprendizajes, como el del primer Centro Tecnol\u00f3gico de Econom\u00eda Circular, una iniciativa inspiradora para continuar desarrollando en la regi\u00f3n.<\/p>\n<h3>Di\u00e1logo<\/h3>\n<p>Francisco M\u00f6dinger, Gerente Planificaci\u00f3n y Desarrollo Cecinas Llanquihue\u00a0coment\u00f3 que &#8220;lo que nos motiva como empresa el d\u00eda de hoy es simplemente congregar a las personas que en este tema est\u00e1n liderando la regi\u00f3n, es importante congregar a la gente y que se dialogue y hable de las problem\u00e1ticas y que se conozca la gente. Esa es la gran motivaci\u00f3n que tenemos, si podemos articular y propiciar este tipo de encuentros, estamos m\u00e1s que satisfechos de esta segunda jornada&#8221;.<\/p>\n<p>De esta manera, el encuentro fue una oportunidad \u00fanica para que gremios, empresas, gestores de residuos y emprendedores exploraran formas de avanzar juntos hacia una econom\u00eda m\u00e1s circular, promoviendo un modelo que prioriza la reutilizaci\u00f3n y reducci\u00f3n de residuos en beneficio del medio ambiente y el desarrollo regional.<\/p>\n<h3>Econom\u00eda circular<\/h3>\n<p>Alejandra de la Fuente,\u00a0Seremi de Medio Ambiente,\u00a0enfatiz\u00f3 que \u201ccomo Ministerio del Medio Ambiente es fundamental apoyar este tipo de iniciativas. Contamos con una ley y normas que deben aplicarse, y este encuentro nos permite hacer un v\u00ednculo importante con la comunidad, donde no s\u00f3lo participan las empresas sino tambi\u00e9n la sociedad civil. Todos estamos involucrados en este proceso de transformar una producci\u00f3n lineal hacia una econom\u00eda circular&#8221;.<\/p>\n<p>Este segundo encuentro de Econom\u00eda Circular en Los Lagos dej\u00f3 en claro que, con voluntad, colaboraci\u00f3n y el compromiso de actores p\u00fablicos y privados, es posible seguir avanzando hacia una regi\u00f3n m\u00e1s sostenible, cerrando brechas y adoptando pr\u00e1cticas innovadoras que fortalecen el desarrollo econ\u00f3mico y medioambiental de la regi\u00f3n.<\/p>\n","protected":false},"excerpt":{"rendered":"<p>El evento cont\u00f3 con la participaci\u00f3n de actores p\u00fablicos y privados, representantes de los principales sectores productivos de la regi\u00f3n y quienes llevan dos a\u00f1os de trabajo por una regi\u00f3n m\u00e1s sostenible e inclusiva. <\/p>\n","protected":false},"author":2,"featured_media":25724,"comment_status":"closed","ping_status":"closed","sticky":false,"template":"","format":"standard","meta":{"footnotes":""},"categories":[1948],"tags":[2151,7910,9038,3473,9041,9043,6029,9042],"class_list":["post-25697","post","type-post","status-publish","format-standard","has-post-thumbnail","hentry","category-sustentabilidad","tag-cecinas-llanquihue","tag-circularidad","tag-colaboracion-publico-privada","tag-economia-circular","tag-gobierno-regional-de-los-lagos","tag-sectores-productivos","tag-sostenibilidad","tag-sustentable"],"yoast_head":"<!-- This site is optimized with the Yoast SEO plugin v26.6 - https:\/\/yoast.com\/wordpress\/plugins\/seo\/ -->\n<title>Realizan 2\u00b0 Encuentro de Econom\u00eda Circular - Mundoagropecuario<\/title>\n<meta name=\"description\" content=\"El evento cont\u00f3 con la participaci\u00f3n de actores p\u00fablicos y privados, representantes de los principales sectores productivos de la regi\u00f3n.\" \/>\n<meta name=\"robots\" content=\"index, follow, max-snippet:-1, max-image-preview:large, max-video-preview:-1\" \/>\n<link rel=\"canonical\" href=\"https:\/\/www.mundoagropecuario.cl\/new\/realizan-2-encuentro-de-economia-circular\/\" \/>\n<meta property=\"og:locale\" content=\"es_ES\" \/>\n<meta property=\"og:type\" content=\"article\" \/>\n<meta property=\"og:title\" content=\"Realizan 2\u00b0 Encuentro de Econom\u00eda Circular - Mundoagropecuario\" \/>\n<meta property=\"og:description\" content=\"El evento cont\u00f3 con la participaci\u00f3n de actores p\u00fablicos y privados, representantes de los principales sectores productivos de la regi\u00f3n.\" \/>\n<meta property=\"og:url\" content=\"https:\/\/www.mundoagropecuario.cl\/new\/realizan-2-encuentro-de-economia-circular\/\" \/>\n<meta property=\"og:site_name\" content=\"Mundoagropecuario\" \/>\n<meta property=\"article:publisher\" content=\"https:\/\/www.facebook.com\/mundo.agropecuario.3\" \/>\n<meta property=\"article:published_time\" content=\"2024-11-13T13:45:57+00:00\" \/>\n<meta property=\"article:modified_time\" content=\"2024-11-15T13:04:29+00:00\" \/>\n<meta property=\"og:image\" content=\"https:\/\/www.mundoagropecuario.cl\/new\/wp-content\/uploads\/2024\/11\/Plantilla-estandar-mundo-acuicola-15-1-scaled.jpg\" \/>\n\t<meta property=\"og:image:width\" content=\"720\" \/>\n\t<meta property=\"og:image:height\" content=\"384\" \/>\n\t<meta property=\"og:image:type\" content=\"image\/jpeg\" \/>\n<meta name=\"author\" content=\"mundo\" \/>\n<meta name=\"twitter:card\" content=\"summary_large_image\" \/>\n<meta name=\"twitter:creator\" content=\"@MundoAgropecuar\" \/>\n<meta name=\"twitter:site\" content=\"@MundoAgropecuar\" \/>\n<meta name=\"twitter:label1\" content=\"Escrito por\" \/>\n\t<meta name=\"twitter:data1\" content=\"mundo\" \/>\n\t<meta name=\"twitter:label2\" content=\"Tiempo de lectura\" \/>\n\t<meta name=\"twitter:data2\" content=\"4 minutos\" \/>\n<script type=\"application\/ld+json\" class=\"yoast-schema-graph\">{\"@context\":\"https:\/\/schema.org\",\"@graph\":[{\"@type\":\"Article\",\"@id\":\"https:\/\/www.mundoagropecuario.cl\/new\/realizan-2-encuentro-de-economia-circular\/#article\",\"isPartOf\":{\"@id\":\"https:\/\/www.mundoagropecuario.cl\/new\/realizan-2-encuentro-de-economia-circular\/\"},\"author\":{\"name\":\"mundo\",\"@id\":\"https:\/\/www.mundoagropecuario.cl\/new\/#\/schema\/person\/4e9f74a82a7dac260eb1c44b7eebeb18\"},\"headline\":\"Realizan 2\u00b0 Encuentro de Econom\u00eda Circular\",\"datePublished\":\"2024-11-13T13:45:57+00:00\",\"dateModified\":\"2024-11-15T13:04:29+00:00\",\"mainEntityOfPage\":{\"@id\":\"https:\/\/www.mundoagropecuario.cl\/new\/realizan-2-encuentro-de-economia-circular\/\"},\"wordCount\":731,\"publisher\":{\"@id\":\"https:\/\/www.mundoagropecuario.cl\/new\/#organization\"},\"image\":{\"@id\":\"https:\/\/www.mundoagropecuario.cl\/new\/realizan-2-encuentro-de-economia-circular\/#primaryimage\"},\"thumbnailUrl\":\"https:\/\/www.mundoagropecuario.cl\/new\/wp-content\/uploads\/2024\/11\/Plantilla-estandar-mundo-acuicola-15-1-scaled.jpg\",\"keywords\":[\"Cecinas Llanquihue\",\"circularidad\",\"colaboraci\u00f3n p\u00fablico privada\",\"econom\u00eda circular\",\"Gobierno Regional de Los Lagos\",\"sectores productivos\",\"sostenibilidad\",\"Sustentable\"],\"articleSection\":[\"Sustentabilidad\"],\"inLanguage\":\"es\"},{\"@type\":\"WebPage\",\"@id\":\"https:\/\/www.mundoagropecuario.cl\/new\/realizan-2-encuentro-de-economia-circular\/\",\"url\":\"https:\/\/www.mundoagropecuario.cl\/new\/realizan-2-encuentro-de-economia-circular\/\",\"name\":\"Realizan 2\u00b0 Encuentro de Econom\u00eda Circular - Mundoagropecuario\",\"isPartOf\":{\"@id\":\"https:\/\/www.mundoagropecuario.cl\/new\/#website\"},\"primaryImageOfPage\":{\"@id\":\"https:\/\/www.mundoagropecuario.cl\/new\/realizan-2-encuentro-de-economia-circular\/#primaryimage\"},\"image\":{\"@id\":\"https:\/\/www.mundoagropecuario.cl\/new\/realizan-2-encuentro-de-economia-circular\/#primaryimage\"},\"thumbnailUrl\":\"https:\/\/www.mundoagropecuario.cl\/new\/wp-content\/uploads\/2024\/11\/Plantilla-estandar-mundo-acuicola-15-1-scaled.jpg\",\"datePublished\":\"2024-11-13T13:45:57+00:00\",\"dateModified\":\"2024-11-15T13:04:29+00:00\",\"description\":\"El evento cont\u00f3 con la participaci\u00f3n de actores p\u00fablicos y privados, representantes de los principales sectores productivos de la regi\u00f3n.\",\"breadcrumb\":{\"@id\":\"https:\/\/www.mundoagropecuario.cl\/new\/realizan-2-encuentro-de-economia-circular\/#breadcrumb\"},\"inLanguage\":\"es\",\"potentialAction\":[{\"@type\":\"ReadAction\",\"target\":[\"https:\/\/www.mundoagropecuario.cl\/new\/realizan-2-encuentro-de-economia-circular\/\"]}]},{\"@type\":\"ImageObject\",\"inLanguage\":\"es\",\"@id\":\"https:\/\/www.mundoagropecuario.cl\/new\/realizan-2-encuentro-de-economia-circular\/#primaryimage\",\"url\":\"https:\/\/www.mundoagropecuario.cl\/new\/wp-content\/uploads\/2024\/11\/Plantilla-estandar-mundo-acuicola-15-1-scaled.jpg\",\"contentUrl\":\"https:\/\/www.mundoagropecuario.cl\/new\/wp-content\/uploads\/2024\/11\/Plantilla-estandar-mundo-acuicola-15-1-scaled.jpg\",\"width\":720,\"height\":384},{\"@type\":\"BreadcrumbList\",\"@id\":\"https:\/\/www.mundoagropecuario.cl\/new\/realizan-2-encuentro-de-economia-circular\/#breadcrumb\",\"itemListElement\":[{\"@type\":\"ListItem\",\"position\":1,\"name\":\"Portada\",\"item\":\"https:\/\/www.mundoagropecuario.cl\/new\/\"},{\"@type\":\"ListItem\",\"position\":2,\"name\":\"Realizan 2\u00b0 Encuentro de Econom\u00eda Circular\"}]},{\"@type\":\"WebSite\",\"@id\":\"https:\/\/www.mundoagropecuario.cl\/new\/#website\",\"url\":\"https:\/\/www.mundoagropecuario.cl\/new\/\",\"name\":\"Mundoagropecuario\",\"description\":\"Mundo Agropecuario\",\"publisher\":{\"@id\":\"https:\/\/www.mundoagropecuario.cl\/new\/#organization\"},\"potentialAction\":[{\"@type\":\"SearchAction\",\"target\":{\"@type\":\"EntryPoint\",\"urlTemplate\":\"https:\/\/www.mundoagropecuario.cl\/new\/?s={search_term_string}\"},\"query-input\":{\"@type\":\"PropertyValueSpecification\",\"valueRequired\":true,\"valueName\":\"search_term_string\"}}],\"inLanguage\":\"es\"},{\"@type\":\"Organization\",\"@id\":\"https:\/\/www.mundoagropecuario.cl\/new\/#organization\",\"name\":\"Revista de Agricultura\",\"url\":\"https:\/\/www.mundoagropecuario.cl\/new\/\",\"logo\":{\"@type\":\"ImageObject\",\"inLanguage\":\"es\",\"@id\":\"https:\/\/www.mundoagropecuario.cl\/new\/#\/schema\/logo\/image\/\",\"url\":\"https:\/\/www.mundoagropecuario.cl\/new\/wp-content\/uploads\/2020\/11\/PORTAL-1-1.png\",\"contentUrl\":\"https:\/\/www.mundoagropecuario.cl\/new\/wp-content\/uploads\/2020\/11\/PORTAL-1-1.png\",\"width\":1026,\"height\":100,\"caption\":\"Revista de Agricultura\"},\"image\":{\"@id\":\"https:\/\/www.mundoagropecuario.cl\/new\/#\/schema\/logo\/image\/\"},\"sameAs\":[\"https:\/\/www.facebook.com\/mundo.agropecuario.3\",\"https:\/\/x.com\/MundoAgropecuar\",\"https:\/\/www.linkedin.com\/in\/mundo-agropecuario-934009201\/\"]},{\"@type\":\"Person\",\"@id\":\"https:\/\/www.mundoagropecuario.cl\/new\/#\/schema\/person\/4e9f74a82a7dac260eb1c44b7eebeb18\",\"name\":\"mundo\",\"url\":\"https:\/\/www.mundoagropecuario.cl\/new\/author\/mundo\/\"}]}<\/script>\n<!-- \/ Yoast SEO plugin. -->","yoast_head_json":{"title":"Realizan 2\u00b0 Encuentro de Econom\u00eda Circular - Mundoagropecuario","description":"El evento cont\u00f3 con la participaci\u00f3n de actores p\u00fablicos y privados, representantes de los principales sectores productivos de la regi\u00f3n.","robots":{"index":"index","follow":"follow","max-snippet":"max-snippet:-1","max-image-preview":"max-image-preview:large","max-video-preview":"max-video-preview:-1"},"canonical":"https:\/\/www.mundoagropecuario.cl\/new\/realizan-2-encuentro-de-economia-circular\/","og_locale":"es_ES","og_type":"article","og_title":"Realizan 2\u00b0 Encuentro de Econom\u00eda Circular - Mundoagropecuario","og_description":"El evento cont\u00f3 con la participaci\u00f3n de actores p\u00fablicos y privados, representantes de los principales sectores productivos de la regi\u00f3n.","og_url":"https:\/\/www.mundoagropecuario.cl\/new\/realizan-2-encuentro-de-economia-circular\/","og_site_name":"Mundoagropecuario","article_publisher":"https:\/\/www.facebook.com\/mundo.agropecuario.3","article_published_time":"2024-11-13T13:45:57+00:00","article_modified_time":"2024-11-15T13:04:29+00:00","og_image":[{"width":720,"height":384,"url":"https:\/\/www.mundoagropecuario.cl\/new\/wp-content\/uploads\/2024\/11\/Plantilla-estandar-mundo-acuicola-15-1-scaled.jpg","type":"image\/jpeg"}],"author":"mundo","twitter_card":"summary_large_image","twitter_creator":"@MundoAgropecuar","twitter_site":"@MundoAgropecuar","twitter_misc":{"Escrito por":"mundo","Tiempo de lectura":"4 minutos"},"schema":{"@context":"https:\/\/schema.org","@graph":[{"@type":"Article","@id":"https:\/\/www.mundoagropecuario.cl\/new\/realizan-2-encuentro-de-economia-circular\/#article","isPartOf":{"@id":"https:\/\/www.mundoagropecuario.cl\/new\/realizan-2-encuentro-de-economia-circular\/"},"author":{"name":"mundo","@id":"https:\/\/www.mundoagropecuario.cl\/new\/#\/schema\/person\/4e9f74a82a7dac260eb1c44b7eebeb18"},"headline":"Realizan 2\u00b0 Encuentro de Econom\u00eda Circular","datePublished":"2024-11-13T13:45:57+00:00","dateModified":"2024-11-15T13:04:29+00:00","mainEntityOfPage":{"@id":"https:\/\/www.mundoagropecuario.cl\/new\/realizan-2-encuentro-de-economia-circular\/"},"wordCount":731,"publisher":{"@id":"https:\/\/www.mundoagropecuario.cl\/new\/#organization"},"image":{"@id":"https:\/\/www.mundoagropecuario.cl\/new\/realizan-2-encuentro-de-economia-circular\/#primaryimage"},"thumbnailUrl":"https:\/\/www.mundoagropecuario.cl\/new\/wp-content\/uploads\/2024\/11\/Plantilla-estandar-mundo-acuicola-15-1-scaled.jpg","keywords":["Cecinas Llanquihue","circularidad","colaboraci\u00f3n p\u00fablico privada","econom\u00eda circular","Gobierno Regional de Los Lagos","sectores productivos","sostenibilidad","Sustentable"],"articleSection":["Sustentabilidad"],"inLanguage":"es"},{"@type":"WebPage","@id":"https:\/\/www.mundoagropecuario.cl\/new\/realizan-2-encuentro-de-economia-circular\/","url":"https:\/\/www.mundoagropecuario.cl\/new\/realizan-2-encuentro-de-economia-circular\/","name":"Realizan 2\u00b0 Encuentro de Econom\u00eda Circular - Mundoagropecuario","isPartOf":{"@id":"https:\/\/www.mundoagropecuario.cl\/new\/#website"},"primaryImageOfPage":{"@id":"https:\/\/www.mundoagropecuario.cl\/new\/realizan-2-encuentro-de-economia-circular\/#primaryimage"},"image":{"@id":"https:\/\/www.mundoagropecuario.cl\/new\/realizan-2-encuentro-de-economia-circular\/#primaryimage"},"thumbnailUrl":"https:\/\/www.mundoagropecuario.cl\/new\/wp-content\/uploads\/2024\/11\/Plantilla-estandar-mundo-acuicola-15-1-scaled.jpg","datePublished":"2024-11-13T13:45:57+00:00","dateModified":"2024-11-15T13:04:29+00:00","description":"El evento cont\u00f3 con la participaci\u00f3n de actores p\u00fablicos y privados, representantes de los principales sectores productivos de la regi\u00f3n.","breadcrumb":{"@id":"https:\/\/www.mundoagropecuario.cl\/new\/realizan-2-encuentro-de-economia-circular\/#breadcrumb"},"inLanguage":"es","potentialAction":[{"@type":"ReadAction","target":["https:\/\/www.mundoagropecuario.cl\/new\/realizan-2-encuentro-de-economia-circular\/"]}]},{"@type":"ImageObject","inLanguage":"es","@id":"https:\/\/www.mundoagropecuario.cl\/new\/realizan-2-encuentro-de-economia-circular\/#primaryimage","url":"https:\/\/www.mundoagropecuario.cl\/new\/wp-content\/uploads\/2024\/11\/Plantilla-estandar-mundo-acuicola-15-1-scaled.jpg","contentUrl":"https:\/\/www.mundoagropecuario.cl\/new\/wp-content\/uploads\/2024\/11\/Plantilla-estandar-mundo-acuicola-15-1-scaled.jpg","width":720,"height":384},{"@type":"BreadcrumbList","@id":"https:\/\/www.mundoagropecuario.cl\/new\/realizan-2-encuentro-de-economia-circular\/#breadcrumb","itemListElement":[{"@type":"ListItem","position":1,"name":"Portada","item":"https:\/\/www.mundoagropecuario.cl\/new\/"},{"@type":"ListItem","position":2,"name":"Realizan 2\u00b0 Encuentro de Econom\u00eda Circular"}]},{"@type":"WebSite","@id":"https:\/\/www.mundoagropecuario.cl\/new\/#website","url":"https:\/\/www.mundoagropecuario.cl\/new\/","name":"Mundoagropecuario","description":"Mundo Agropecuario","publisher":{"@id":"https:\/\/www.mundoagropecuario.cl\/new\/#organization"},"potentialAction":[{"@type":"SearchAction","target":{"@type":"EntryPoint","urlTemplate":"https:\/\/www.mundoagropecuario.cl\/new\/?s={search_term_string}"},"query-input":{"@type":"PropertyValueSpecification","valueRequired":true,"valueName":"search_term_string"}}],"inLanguage":"es"},{"@type":"Organization","@id":"https:\/\/www.mundoagropecuario.cl\/new\/#organization","name":"Revista de Agricultura","url":"https:\/\/www.mundoagropecuario.cl\/new\/","logo":{"@type":"ImageObject","inLanguage":"es","@id":"https:\/\/www.mundoagropecuario.cl\/new\/#\/schema\/logo\/image\/","url":"https:\/\/www.mundoagropecuario.cl\/new\/wp-content\/uploads\/2020\/11\/PORTAL-1-1.png","contentUrl":"https:\/\/www.mundoagropecuario.cl\/new\/wp-content\/uploads\/2020\/11\/PORTAL-1-1.png","width":1026,"height":100,"caption":"Revista de Agricultura"},"image":{"@id":"https:\/\/www.mundoagropecuario.cl\/new\/#\/schema\/logo\/image\/"},"sameAs":["https:\/\/www.facebook.com\/mundo.agropecuario.3","https:\/\/x.com\/MundoAgropecuar","https:\/\/www.linkedin.com\/in\/mundo-agropecuario-934009201\/"]},{"@type":"Person","@id":"https:\/\/www.mundoagropecuario.cl\/new\/#\/schema\/person\/4e9f74a82a7dac260eb1c44b7eebeb18","name":"mundo","url":"https:\/\/www.mundoagropecuario.cl\/new\/author\/mundo\/"}]}},"_links":{"self":[{"href":"https:\/\/www.mundoagropecuario.cl\/new\/wp-json\/wp\/v2\/posts\/25697","targetHints":{"allow":["GET"]}}],"collection":[{"href":"https:\/\/www.mundoagropecuario.cl\/new\/wp-json\/wp\/v2\/posts"}],"about":[{"href":"https:\/\/www.mundoagropecuario.cl\/new\/wp-json\/wp\/v2\/types\/post"}],"author":[{"embeddable":true,"href":"https:\/\/www.mundoagropecuario.cl\/new\/wp-json\/wp\/v2\/users\/2"}],"replies":[{"embeddable":true,"href":"https:\/\/www.mundoagropecuario.cl\/new\/wp-json\/wp\/v2\/comments?post=25697"}],"version-history":[{"count":3,"href":"https:\/\/www.mundoagropecuario.cl\/new\/wp-json\/wp\/v2\/posts\/25697\/revisions"}],"predecessor-version":[{"id":25714,"href":"https:\/\/www.mundoagropecuario.cl\/new\/wp-json\/wp\/v2\/posts\/25697\/revisions\/25714"}],"wp:featuredmedia":[{"embeddable":true,"href":"https:\/\/www.mundoagropecuario.cl\/new\/wp-json\/wp\/v2\/media\/25724"}],"wp:attachment":[{"href":"https:\/\/www.mundoagropecuario.cl\/new\/wp-json\/wp\/v2\/media?parent=25697"}],"wp:term":[{"taxonomy":"category","embeddable":true,"href":"https:\/\/www.mundoagropecuario.cl\/new\/wp-json\/wp\/v2\/categories?post=25697"},{"taxonomy":"post_tag","embeddable":true,"href":"https:\/\/www.mundoagropecuario.cl\/new\/wp-json\/wp\/v2\/tags?post=25697"}],"curies":[{"name":"wp","href":"https:\/\/api.w.org\/{rel}","templated":true}]}}