{"id":25687,"date":"2024-11-13T10:14:02","date_gmt":"2024-11-13T13:14:02","guid":{"rendered":"https:\/\/www.mundoagropecuario.cl\/new\/?p=25687"},"modified":"2024-11-14T10:28:51","modified_gmt":"2024-11-14T13:28:51","slug":"programa-busca-prevenir-incendios-en-establecimientos-rurales","status":"publish","type":"post","link":"https:\/\/www.mundoagropecuario.cl\/new\/programa-busca-prevenir-incendios-en-establecimientos-rurales\/","title":{"rendered":"Programa busca prevenir incendios en escuelas rurales"},"content":{"rendered":"<p>Desde la escuela El Remanso, en la comuna de El Monte, Santiago, autoridades nacionales lanzaron e Programa Escuelas Preparadas. Iniciativa que tiene como objetivo reforzar la preparaci\u00f3n y prevenci\u00f3n ante incendios forestales en establecimientos educativos rurales de todo el pa\u00eds.<\/p>\n<p style=\"font-weight: 400;\">El programa comienza a implementarse este a\u00f1o en 160 escuelas rurales del pa\u00eds. Tiene contemplado, entre otros, la realizaci\u00f3n de evaluaciones y diagn\u00f3sticos de vulnerabilidad de la infraestructura, fomentando la vinculaci\u00f3n interinstitucional en los territorios. Adem\u00e1s, se entregaron planes de acci\u00f3n para orientar las medidas mitigatorias en caso de emergencia, especialmente en las escuelas rurales ubicadas en zonas aisladas.<\/p>\n<p style=\"font-weight: 400;\">Complementando las acciones preventivas, las autoridades hicieron entrega de una nueva herramienta de prevenci\u00f3n: la gu\u00eda\u00a0<a href=\"https:\/\/www.conaf.cl\/wp-content\/uploads\/2024\/11\/guia-escuelas-2024-folleto-completo.pdf\" data-saferedirecturl=\"https:\/\/www.google.com\/url?q=https:\/\/www.conaf.cl\/wp-content\/uploads\/2024\/11\/guia-escuelas-2024-folleto-completo.pdf&amp;source=gmail&amp;ust=1731587228435000&amp;usg=AOvVaw2A-qZwpnkYHeuWFR6mDa3l\"><strong>Escuelas Preparadas ante Incendios Forestales<\/strong><\/a>, que busca apoyar y orientar a las comunidades educativas con directrices y estrategias para la gesti\u00f3n de riesgos.<\/p>\n<p>En la oportunidad, una brigada de CONAF realiz\u00f3 un despeje de vegetaci\u00f3n en una zona de riesgo. Esto, como parte de una clase pr\u00e1ctica para la comunidad educativa.<\/p>\n<h3>Impacto nacional<\/h3>\n<p>Tras el recorrido po<a href=\"https:\/\/www.mundoagropecuario.cl\/new\/wp-content\/uploads\/2024\/11\/EscuelasPreparadas2-1-1-scaled.jpg\"><img loading=\"lazy\" decoding=\"async\" class=\"wp-image-25690 alignleft\" src=\"https:\/\/www.mundoagropecuario.cl\/new\/wp-content\/uploads\/2024\/11\/EscuelasPreparadas2-1-1-236x133.jpg\" alt=\"\" width=\"358\" height=\"202\" srcset=\"https:\/\/www.mundoagropecuario.cl\/new\/wp-content\/uploads\/2024\/11\/EscuelasPreparadas2-1-1-236x133.jpg 236w, https:\/\/www.mundoagropecuario.cl\/new\/wp-content\/uploads\/2024\/11\/EscuelasPreparadas2-1-1-scaled.jpg 711w, https:\/\/www.mundoagropecuario.cl\/new\/wp-content\/uploads\/2024\/11\/EscuelasPreparadas2-1-1-768x432.jpg 768w\" sizes=\"auto, (max-width: 358px) 100vw, 358px\" \/><\/a>r el establecimiento, la subsecretaria Alejandra Arratia se\u00f1al\u00f3 que \u201ca partir de hoy, la gu\u00eda va a estar disponible online para el sistema educativo&#8221;. Adem\u00e1s asever\u00f3 que el documento ser\u00e1 enviado a todas las escuelas rurales del pa\u00eds.<\/p>\n<p>&#8220;Cobra especial relevancia c\u00f3mo la educaci\u00f3n puede ayudarnos a prevenir este tipo de desastres. Muchas veces se dice que la educaci\u00f3n prepara para la vida, y la verdad es que es m\u00e1s que eso, la educaci\u00f3n es una parte central de la vida. Aqu\u00ed vimos un ejemplo muy fuerte de eso. El rol de las comunidades educativas para crear conciencia y para que los ni\u00f1os y ni\u00f1as tambi\u00e9n puedan llevar ese mensaje a sus hogares es fundamental. Esto nos permitir\u00e1 proteger nuestro entorno y construir, de manera conjunta, una mejor sociedad y un mejor mundo, donde la educaci\u00f3n desempe\u00f1a un rol esencial&#8221;, agreg\u00f3 la subsecretaria.<\/p>\n<h3>Causas humanas<\/h3>\n<p>Las autoridades aseveraron que la mayor\u00eda de los incendios forestales son provocados por actividades humanas, como fogatas mal apagadas o la negligencia con colillas de cigarro, lo que hace a\u00fan m\u00e1s urgente la necesidad de educar a las comunidades escolares sobre c\u00f3mo prevenir estos riesgos.<\/p>\n<p>Al respecto, la subsecretaria de Agricultura, Ignacia Fern\u00e1ndez, indic\u00f3 que \u201ccomo Gobierno estamos desplegando un importante trabajo de coordinaci\u00f3n entre una amplia red de instituciones p\u00fablicas y privadas, pero es necesario recordar que el 99,7%, pr\u00e1cticamente la totalidad de los incendios, los provocan causas humanas. Es por eso que cobra relevancia el trabajo que hacemos con las comunidades para concientizar sobre la importancia de prevenir, de tener un comportamiento seguro, de ser responsables. Y qu\u00e9 mejor que hacer ese trabajo con ni\u00f1os, ni\u00f1as y adolescentes, que adem\u00e1s de preocuparse por sus escuelas son muy buenos embajadores en sus familias\u201d.<\/p>\n<h3>Colaboraci\u00f3n p\u00fablico-privada<\/h3>\n<p>Por su parte, la directora de Senapred, Alicia Cebri\u00e1n, sostuvo que este programa \u201ces uno de los tantos esfuerzos que se hacen para involucrar a las comunidades en el compromiso de poder construir un pa\u00eds m\u00e1s seguro. Agreg\u00f3 que Senapred est\u00e1 trabajando desde el mes de mayo en la elaboraci\u00f3n de una estrategia para el fortalecimiento de la gesti\u00f3n de los incendios forestales. Iniciativa que cuenta con una importante colaboraci\u00f3n de distintos organismos del mundo p\u00fablico, el mundo privado, y tambi\u00e9n de las comunidades organizadas\u201d.<\/p>\n<p>&nbsp;<\/p>\n<p>&nbsp;<\/p>\n","protected":false},"excerpt":{"rendered":"<p>La iniciativa entrega planes de acci\u00f3n para guiar medidas mitigatorias en emergencias, especialmente en escuelas rurales de zonas aisladas.<\/p>\n","protected":false},"author":2,"featured_media":25693,"comment_status":"closed","ping_status":"closed","sticky":false,"template":"","format":"standard","meta":{"footnotes":""},"categories":[1948],"tags":[9038,9036,9033,9037,9035,2663,9039,9032,9034],"class_list":["post-25687","post","type-post","status-publish","format-standard","has-post-thumbnail","hentry","category-sustentabilidad","tag-colaboracion-publico-privada","tag-educacion-ambiental","tag-escuelas-rurales","tag-gestion-de-riesgos","tag-guia-prevencion","tag-incendios-forestales","tag-intencionalidad","tag-programa-preventivo","tag-seguridad-escolar"],"yoast_head":"<!-- This site is optimized with the Yoast SEO plugin v26.6 - https:\/\/yoast.com\/wordpress\/plugins\/seo\/ -->\n<title>Programa busca prevenir incendios en escuelas rurales - Mundoagropecuario<\/title>\n<meta name=\"description\" content=\"La iniciativa entrega planes de acci\u00f3n para guiar medidas mitigatorias en emergencias, especialmente en escuelas rurales de zonas aisladas.\" \/>\n<meta name=\"robots\" content=\"index, follow, max-snippet:-1, max-image-preview:large, max-video-preview:-1\" \/>\n<link rel=\"canonical\" href=\"https:\/\/www.mundoagropecuario.cl\/new\/programa-busca-prevenir-incendios-en-establecimientos-rurales\/\" \/>\n<meta property=\"og:locale\" content=\"es_ES\" \/>\n<meta property=\"og:type\" content=\"article\" \/>\n<meta property=\"og:title\" content=\"Programa busca prevenir incendios en escuelas rurales - Mundoagropecuario\" \/>\n<meta property=\"og:description\" content=\"La iniciativa entrega planes de acci\u00f3n para guiar medidas mitigatorias en emergencias, especialmente en escuelas rurales de zonas aisladas.\" \/>\n<meta property=\"og:url\" content=\"https:\/\/www.mundoagropecuario.cl\/new\/programa-busca-prevenir-incendios-en-establecimientos-rurales\/\" \/>\n<meta property=\"og:site_name\" content=\"Mundoagropecuario\" \/>\n<meta property=\"article:publisher\" content=\"https:\/\/www.facebook.com\/mundo.agropecuario.3\" \/>\n<meta property=\"article:published_time\" content=\"2024-11-13T13:14:02+00:00\" \/>\n<meta property=\"article:modified_time\" content=\"2024-11-14T13:28:51+00:00\" \/>\n<meta property=\"og:image\" content=\"https:\/\/www.mundoagropecuario.cl\/new\/wp-content\/uploads\/2024\/11\/Plantilla-estandar-mundo-acuicola-9-scaled.jpg\" \/>\n\t<meta property=\"og:image:width\" content=\"720\" \/>\n\t<meta property=\"og:image:height\" content=\"384\" \/>\n\t<meta property=\"og:image:type\" content=\"image\/jpeg\" \/>\n<meta name=\"author\" content=\"mundo\" \/>\n<meta name=\"twitter:card\" content=\"summary_large_image\" \/>\n<meta name=\"twitter:creator\" content=\"@MundoAgropecuar\" \/>\n<meta name=\"twitter:site\" content=\"@MundoAgropecuar\" \/>\n<meta name=\"twitter:label1\" content=\"Escrito por\" \/>\n\t<meta name=\"twitter:data1\" content=\"mundo\" \/>\n\t<meta name=\"twitter:label2\" content=\"Tiempo de lectura\" \/>\n\t<meta name=\"twitter:data2\" content=\"3 minutos\" \/>\n<script type=\"application\/ld+json\" class=\"yoast-schema-graph\">{\"@context\":\"https:\/\/schema.org\",\"@graph\":[{\"@type\":\"Article\",\"@id\":\"https:\/\/www.mundoagropecuario.cl\/new\/programa-busca-prevenir-incendios-en-establecimientos-rurales\/#article\",\"isPartOf\":{\"@id\":\"https:\/\/www.mundoagropecuario.cl\/new\/programa-busca-prevenir-incendios-en-establecimientos-rurales\/\"},\"author\":{\"name\":\"mundo\",\"@id\":\"https:\/\/www.mundoagropecuario.cl\/new\/#\/schema\/person\/4e9f74a82a7dac260eb1c44b7eebeb18\"},\"headline\":\"Programa busca prevenir incendios en escuelas rurales\",\"datePublished\":\"2024-11-13T13:14:02+00:00\",\"dateModified\":\"2024-11-14T13:28:51+00:00\",\"mainEntityOfPage\":{\"@id\":\"https:\/\/www.mundoagropecuario.cl\/new\/programa-busca-prevenir-incendios-en-establecimientos-rurales\/\"},\"wordCount\":605,\"publisher\":{\"@id\":\"https:\/\/www.mundoagropecuario.cl\/new\/#organization\"},\"image\":{\"@id\":\"https:\/\/www.mundoagropecuario.cl\/new\/programa-busca-prevenir-incendios-en-establecimientos-rurales\/#primaryimage\"},\"thumbnailUrl\":\"https:\/\/www.mundoagropecuario.cl\/new\/wp-content\/uploads\/2024\/11\/Plantilla-estandar-mundo-acuicola-9-scaled.jpg\",\"keywords\":[\"colaboraci\u00f3n p\u00fablico privada\",\"educaci\u00f3n ambiental\",\"escuelas rurales\",\"gesti\u00f3n de riesgos\",\"gu\u00eda prevenci\u00f3n\",\"incendios forestales\",\"intencionalidad\",\"programa preventivo\",\"seguridad escolar\"],\"articleSection\":[\"Sustentabilidad\"],\"inLanguage\":\"es\"},{\"@type\":\"WebPage\",\"@id\":\"https:\/\/www.mundoagropecuario.cl\/new\/programa-busca-prevenir-incendios-en-establecimientos-rurales\/\",\"url\":\"https:\/\/www.mundoagropecuario.cl\/new\/programa-busca-prevenir-incendios-en-establecimientos-rurales\/\",\"name\":\"Programa busca prevenir incendios en escuelas rurales - Mundoagropecuario\",\"isPartOf\":{\"@id\":\"https:\/\/www.mundoagropecuario.cl\/new\/#website\"},\"primaryImageOfPage\":{\"@id\":\"https:\/\/www.mundoagropecuario.cl\/new\/programa-busca-prevenir-incendios-en-establecimientos-rurales\/#primaryimage\"},\"image\":{\"@id\":\"https:\/\/www.mundoagropecuario.cl\/new\/programa-busca-prevenir-incendios-en-establecimientos-rurales\/#primaryimage\"},\"thumbnailUrl\":\"https:\/\/www.mundoagropecuario.cl\/new\/wp-content\/uploads\/2024\/11\/Plantilla-estandar-mundo-acuicola-9-scaled.jpg\",\"datePublished\":\"2024-11-13T13:14:02+00:00\",\"dateModified\":\"2024-11-14T13:28:51+00:00\",\"description\":\"La iniciativa entrega planes de acci\u00f3n para guiar medidas mitigatorias en emergencias, especialmente en escuelas rurales de zonas aisladas.\",\"breadcrumb\":{\"@id\":\"https:\/\/www.mundoagropecuario.cl\/new\/programa-busca-prevenir-incendios-en-establecimientos-rurales\/#breadcrumb\"},\"inLanguage\":\"es\",\"potentialAction\":[{\"@type\":\"ReadAction\",\"target\":[\"https:\/\/www.mundoagropecuario.cl\/new\/programa-busca-prevenir-incendios-en-establecimientos-rurales\/\"]}]},{\"@type\":\"ImageObject\",\"inLanguage\":\"es\",\"@id\":\"https:\/\/www.mundoagropecuario.cl\/new\/programa-busca-prevenir-incendios-en-establecimientos-rurales\/#primaryimage\",\"url\":\"https:\/\/www.mundoagropecuario.cl\/new\/wp-content\/uploads\/2024\/11\/Plantilla-estandar-mundo-acuicola-9-scaled.jpg\",\"contentUrl\":\"https:\/\/www.mundoagropecuario.cl\/new\/wp-content\/uploads\/2024\/11\/Plantilla-estandar-mundo-acuicola-9-scaled.jpg\",\"width\":720,\"height\":384},{\"@type\":\"BreadcrumbList\",\"@id\":\"https:\/\/www.mundoagropecuario.cl\/new\/programa-busca-prevenir-incendios-en-establecimientos-rurales\/#breadcrumb\",\"itemListElement\":[{\"@type\":\"ListItem\",\"position\":1,\"name\":\"Portada\",\"item\":\"https:\/\/www.mundoagropecuario.cl\/new\/\"},{\"@type\":\"ListItem\",\"position\":2,\"name\":\"Programa busca prevenir incendios en escuelas rurales\"}]},{\"@type\":\"WebSite\",\"@id\":\"https:\/\/www.mundoagropecuario.cl\/new\/#website\",\"url\":\"https:\/\/www.mundoagropecuario.cl\/new\/\",\"name\":\"Mundoagropecuario\",\"description\":\"Mundo Agropecuario\",\"publisher\":{\"@id\":\"https:\/\/www.mundoagropecuario.cl\/new\/#organization\"},\"potentialAction\":[{\"@type\":\"SearchAction\",\"target\":{\"@type\":\"EntryPoint\",\"urlTemplate\":\"https:\/\/www.mundoagropecuario.cl\/new\/?s={search_term_string}\"},\"query-input\":{\"@type\":\"PropertyValueSpecification\",\"valueRequired\":true,\"valueName\":\"search_term_string\"}}],\"inLanguage\":\"es\"},{\"@type\":\"Organization\",\"@id\":\"https:\/\/www.mundoagropecuario.cl\/new\/#organization\",\"name\":\"Revista de Agricultura\",\"url\":\"https:\/\/www.mundoagropecuario.cl\/new\/\",\"logo\":{\"@type\":\"ImageObject\",\"inLanguage\":\"es\",\"@id\":\"https:\/\/www.mundoagropecuario.cl\/new\/#\/schema\/logo\/image\/\",\"url\":\"https:\/\/www.mundoagropecuario.cl\/new\/wp-content\/uploads\/2020\/11\/PORTAL-1-1.png\",\"contentUrl\":\"https:\/\/www.mundoagropecuario.cl\/new\/wp-content\/uploads\/2020\/11\/PORTAL-1-1.png\",\"width\":1026,\"height\":100,\"caption\":\"Revista de Agricultura\"},\"image\":{\"@id\":\"https:\/\/www.mundoagropecuario.cl\/new\/#\/schema\/logo\/image\/\"},\"sameAs\":[\"https:\/\/www.facebook.com\/mundo.agropecuario.3\",\"https:\/\/x.com\/MundoAgropecuar\",\"https:\/\/www.linkedin.com\/in\/mundo-agropecuario-934009201\/\"]},{\"@type\":\"Person\",\"@id\":\"https:\/\/www.mundoagropecuario.cl\/new\/#\/schema\/person\/4e9f74a82a7dac260eb1c44b7eebeb18\",\"name\":\"mundo\",\"url\":\"https:\/\/www.mundoagropecuario.cl\/new\/author\/mundo\/\"}]}<\/script>\n<!-- \/ Yoast SEO plugin. -->","yoast_head_json":{"title":"Programa busca prevenir incendios en escuelas rurales - Mundoagropecuario","description":"La iniciativa entrega planes de acci\u00f3n para guiar medidas mitigatorias en emergencias, especialmente en escuelas rurales de zonas aisladas.","robots":{"index":"index","follow":"follow","max-snippet":"max-snippet:-1","max-image-preview":"max-image-preview:large","max-video-preview":"max-video-preview:-1"},"canonical":"https:\/\/www.mundoagropecuario.cl\/new\/programa-busca-prevenir-incendios-en-establecimientos-rurales\/","og_locale":"es_ES","og_type":"article","og_title":"Programa busca prevenir incendios en escuelas rurales - Mundoagropecuario","og_description":"La iniciativa entrega planes de acci\u00f3n para guiar medidas mitigatorias en emergencias, especialmente en escuelas rurales de zonas aisladas.","og_url":"https:\/\/www.mundoagropecuario.cl\/new\/programa-busca-prevenir-incendios-en-establecimientos-rurales\/","og_site_name":"Mundoagropecuario","article_publisher":"https:\/\/www.facebook.com\/mundo.agropecuario.3","article_published_time":"2024-11-13T13:14:02+00:00","article_modified_time":"2024-11-14T13:28:51+00:00","og_image":[{"width":720,"height":384,"url":"https:\/\/www.mundoagropecuario.cl\/new\/wp-content\/uploads\/2024\/11\/Plantilla-estandar-mundo-acuicola-9-scaled.jpg","type":"image\/jpeg"}],"author":"mundo","twitter_card":"summary_large_image","twitter_creator":"@MundoAgropecuar","twitter_site":"@MundoAgropecuar","twitter_misc":{"Escrito por":"mundo","Tiempo de lectura":"3 minutos"},"schema":{"@context":"https:\/\/schema.org","@graph":[{"@type":"Article","@id":"https:\/\/www.mundoagropecuario.cl\/new\/programa-busca-prevenir-incendios-en-establecimientos-rurales\/#article","isPartOf":{"@id":"https:\/\/www.mundoagropecuario.cl\/new\/programa-busca-prevenir-incendios-en-establecimientos-rurales\/"},"author":{"name":"mundo","@id":"https:\/\/www.mundoagropecuario.cl\/new\/#\/schema\/person\/4e9f74a82a7dac260eb1c44b7eebeb18"},"headline":"Programa busca prevenir incendios en escuelas rurales","datePublished":"2024-11-13T13:14:02+00:00","dateModified":"2024-11-14T13:28:51+00:00","mainEntityOfPage":{"@id":"https:\/\/www.mundoagropecuario.cl\/new\/programa-busca-prevenir-incendios-en-establecimientos-rurales\/"},"wordCount":605,"publisher":{"@id":"https:\/\/www.mundoagropecuario.cl\/new\/#organization"},"image":{"@id":"https:\/\/www.mundoagropecuario.cl\/new\/programa-busca-prevenir-incendios-en-establecimientos-rurales\/#primaryimage"},"thumbnailUrl":"https:\/\/www.mundoagropecuario.cl\/new\/wp-content\/uploads\/2024\/11\/Plantilla-estandar-mundo-acuicola-9-scaled.jpg","keywords":["colaboraci\u00f3n p\u00fablico privada","educaci\u00f3n ambiental","escuelas rurales","gesti\u00f3n de riesgos","gu\u00eda prevenci\u00f3n","incendios forestales","intencionalidad","programa preventivo","seguridad escolar"],"articleSection":["Sustentabilidad"],"inLanguage":"es"},{"@type":"WebPage","@id":"https:\/\/www.mundoagropecuario.cl\/new\/programa-busca-prevenir-incendios-en-establecimientos-rurales\/","url":"https:\/\/www.mundoagropecuario.cl\/new\/programa-busca-prevenir-incendios-en-establecimientos-rurales\/","name":"Programa busca prevenir incendios en escuelas rurales - Mundoagropecuario","isPartOf":{"@id":"https:\/\/www.mundoagropecuario.cl\/new\/#website"},"primaryImageOfPage":{"@id":"https:\/\/www.mundoagropecuario.cl\/new\/programa-busca-prevenir-incendios-en-establecimientos-rurales\/#primaryimage"},"image":{"@id":"https:\/\/www.mundoagropecuario.cl\/new\/programa-busca-prevenir-incendios-en-establecimientos-rurales\/#primaryimage"},"thumbnailUrl":"https:\/\/www.mundoagropecuario.cl\/new\/wp-content\/uploads\/2024\/11\/Plantilla-estandar-mundo-acuicola-9-scaled.jpg","datePublished":"2024-11-13T13:14:02+00:00","dateModified":"2024-11-14T13:28:51+00:00","description":"La iniciativa entrega planes de acci\u00f3n para guiar medidas mitigatorias en emergencias, especialmente en escuelas rurales de zonas aisladas.","breadcrumb":{"@id":"https:\/\/www.mundoagropecuario.cl\/new\/programa-busca-prevenir-incendios-en-establecimientos-rurales\/#breadcrumb"},"inLanguage":"es","potentialAction":[{"@type":"ReadAction","target":["https:\/\/www.mundoagropecuario.cl\/new\/programa-busca-prevenir-incendios-en-establecimientos-rurales\/"]}]},{"@type":"ImageObject","inLanguage":"es","@id":"https:\/\/www.mundoagropecuario.cl\/new\/programa-busca-prevenir-incendios-en-establecimientos-rurales\/#primaryimage","url":"https:\/\/www.mundoagropecuario.cl\/new\/wp-content\/uploads\/2024\/11\/Plantilla-estandar-mundo-acuicola-9-scaled.jpg","contentUrl":"https:\/\/www.mundoagropecuario.cl\/new\/wp-content\/uploads\/2024\/11\/Plantilla-estandar-mundo-acuicola-9-scaled.jpg","width":720,"height":384},{"@type":"BreadcrumbList","@id":"https:\/\/www.mundoagropecuario.cl\/new\/programa-busca-prevenir-incendios-en-establecimientos-rurales\/#breadcrumb","itemListElement":[{"@type":"ListItem","position":1,"name":"Portada","item":"https:\/\/www.mundoagropecuario.cl\/new\/"},{"@type":"ListItem","position":2,"name":"Programa busca prevenir incendios en escuelas rurales"}]},{"@type":"WebSite","@id":"https:\/\/www.mundoagropecuario.cl\/new\/#website","url":"https:\/\/www.mundoagropecuario.cl\/new\/","name":"Mundoagropecuario","description":"Mundo Agropecuario","publisher":{"@id":"https:\/\/www.mundoagropecuario.cl\/new\/#organization"},"potentialAction":[{"@type":"SearchAction","target":{"@type":"EntryPoint","urlTemplate":"https:\/\/www.mundoagropecuario.cl\/new\/?s={search_term_string}"},"query-input":{"@type":"PropertyValueSpecification","valueRequired":true,"valueName":"search_term_string"}}],"inLanguage":"es"},{"@type":"Organization","@id":"https:\/\/www.mundoagropecuario.cl\/new\/#organization","name":"Revista de Agricultura","url":"https:\/\/www.mundoagropecuario.cl\/new\/","logo":{"@type":"ImageObject","inLanguage":"es","@id":"https:\/\/www.mundoagropecuario.cl\/new\/#\/schema\/logo\/image\/","url":"https:\/\/www.mundoagropecuario.cl\/new\/wp-content\/uploads\/2020\/11\/PORTAL-1-1.png","contentUrl":"https:\/\/www.mundoagropecuario.cl\/new\/wp-content\/uploads\/2020\/11\/PORTAL-1-1.png","width":1026,"height":100,"caption":"Revista de Agricultura"},"image":{"@id":"https:\/\/www.mundoagropecuario.cl\/new\/#\/schema\/logo\/image\/"},"sameAs":["https:\/\/www.facebook.com\/mundo.agropecuario.3","https:\/\/x.com\/MundoAgropecuar","https:\/\/www.linkedin.com\/in\/mundo-agropecuario-934009201\/"]},{"@type":"Person","@id":"https:\/\/www.mundoagropecuario.cl\/new\/#\/schema\/person\/4e9f74a82a7dac260eb1c44b7eebeb18","name":"mundo","url":"https:\/\/www.mundoagropecuario.cl\/new\/author\/mundo\/"}]}},"_links":{"self":[{"href":"https:\/\/www.mundoagropecuario.cl\/new\/wp-json\/wp\/v2\/posts\/25687","targetHints":{"allow":["GET"]}}],"collection":[{"href":"https:\/\/www.mundoagropecuario.cl\/new\/wp-json\/wp\/v2\/posts"}],"about":[{"href":"https:\/\/www.mundoagropecuario.cl\/new\/wp-json\/wp\/v2\/types\/post"}],"author":[{"embeddable":true,"href":"https:\/\/www.mundoagropecuario.cl\/new\/wp-json\/wp\/v2\/users\/2"}],"replies":[{"embeddable":true,"href":"https:\/\/www.mundoagropecuario.cl\/new\/wp-json\/wp\/v2\/comments?post=25687"}],"version-history":[{"count":3,"href":"https:\/\/www.mundoagropecuario.cl\/new\/wp-json\/wp\/v2\/posts\/25687\/revisions"}],"predecessor-version":[{"id":25702,"href":"https:\/\/www.mundoagropecuario.cl\/new\/wp-json\/wp\/v2\/posts\/25687\/revisions\/25702"}],"wp:featuredmedia":[{"embeddable":true,"href":"https:\/\/www.mundoagropecuario.cl\/new\/wp-json\/wp\/v2\/media\/25693"}],"wp:attachment":[{"href":"https:\/\/www.mundoagropecuario.cl\/new\/wp-json\/wp\/v2\/media?parent=25687"}],"wp:term":[{"taxonomy":"category","embeddable":true,"href":"https:\/\/www.mundoagropecuario.cl\/new\/wp-json\/wp\/v2\/categories?post=25687"},{"taxonomy":"post_tag","embeddable":true,"href":"https:\/\/www.mundoagropecuario.cl\/new\/wp-json\/wp\/v2\/tags?post=25687"}],"curies":[{"name":"wp","href":"https:\/\/api.w.org\/{rel}","templated":true}]}}