{"id":25674,"date":"2024-11-12T11:55:14","date_gmt":"2024-11-12T14:55:14","guid":{"rendered":"https:\/\/www.mundoagropecuario.cl\/new\/?p=25674"},"modified":"2024-11-14T17:35:37","modified_gmt":"2024-11-14T20:35:37","slug":"importadores-mexicanos-visitan-forestales-chilenas","status":"publish","type":"post","link":"https:\/\/www.mundoagropecuario.cl\/new\/importadores-mexicanos-visitan-forestales-chilenas\/","title":{"rendered":"Importadores mexicanos visitan forestales chilenas"},"content":{"rendered":"<div>\n<p>\u201cEl balance es totalmente positivo\u201d, parte diciendo Gerardo Sierra, Director Comercial del Grupo Siga, empresa dedicada a la comercializaci\u00f3n de pallets, embalajes y recolecci\u00f3n con sede en Jalisco, Guadalajara. El ejecutivo estuvo acompa\u00f1ado por el Director General de la empresa mexicana, Pablo G\u00e1mez Sainz.<\/p>\n<p>\u201cNos dimos cuenta de que adem\u00e1s de tener el producto que necesitamos, las empresas chilenas se caracterizan por tener un orden espectacular. Son muy organizadas, muy amables y con precios competitivos tambi\u00e9n. Adem\u00e1s, nos llevamos algunas opciones de negocios que pueden funcionar all\u00e1 en M\u00e9xico, especialmente en la parte de los pallets. Los temas de productividad que manejan ac\u00e1, temas de calidad y c\u00f3mo han llevado el desarrollo de este tipo de industria se traduce en un producto de alta calidad que es totalmente funcional para nosotros\u201d, agreg\u00f3 Sierra.<\/p>\n<h3>&#8220;Chile es referencia en calidad de maderas&#8221;<\/h3>\n<p>Sobre el posicionamiento de nuestro pa\u00eds en el mercado forestal, el ejecutivo mexicano coment\u00f3 que \u201cChile siempre es referencia de calidad en maderas. Sabemos que la madera de mejor calidad est\u00e1 ac\u00e1 y luego de esta visita no nos queda ninguna duda. Tuvimos la oportunidad de ver varios aserraderos y la calidad es muy similar, es un est\u00e1ndar global y eso habla muy bien de la industria chilena\u201d.<\/p>\n<\/div>\n<div>\n<p>Consultado sobre la posibilidad de concretar negocios en el mediano plazo, el ejecutivo respondi\u00f3 que \u201cs\u00ed, totalmente. Buscamos un precio competitivo de acuerdo a lo que estamos comprando all\u00e1 y s\u00ed es acorde, los precios chilenos son competitivos y estamos seguros de que vamos a hacer muchos negocios\u201d.<\/p>\n<h3>Agenda<\/h3>\n<\/div>\n<div>\n<p>Finalmente, el ejecutivo mexicano se refiri\u00f3 al apoyo de los diferentes equipos de <a href=\"https:\/\/www.prochile.gob.cl\/home\">ProChile<\/a>. \u201cNuestra experiencia ha sido espectacular, agradezco el apoyo de todos los ejecutivos que nos han ayudado a realizar una agenda muy productiva. Lo que m\u00e1s valoramos es c\u00f3mo nos ayudaron a perfilar el tipo de empresas que buscamos y en realidad todas pueden llegar a ser proveedoras nuestras. Todo funcion\u00f3 perfecto, el saldo es 10 de 10\u201d, termin\u00f3 diciendo Sierra.<\/p>\n<\/div>\n<div>\n<p>La agenda de los importadores mexicanos consider\u00f3 visitas a Embalajes Troya, en Placilla; a Exprochile, en Los \u00c1lamos; a Aserraderos San Joaqu\u00edn, en Chill\u00e1n Viejo; a Noramco y Newman, en Coronel; a Forestal Valdivia, en Talcahuano; a Sercomad en Cabrero; a Forestal Aitue, Embalajes Standard y Aserradero Poco a Poco en Los \u00c1ngeles; a Zipoforex en Temuco y a Maderas Orellana en Quillota.<\/p>\n<\/div>\n","protected":false},"excerpt":{"rendered":"<p>Los ejecutivos destacaron la calidad de la madera chilena y la competitividad de las empresas visitadas.<\/p>\n","protected":false},"author":2,"featured_media":25675,"comment_status":"closed","ping_status":"closed","sticky":false,"template":"","format":"standard","meta":{"footnotes":""},"categories":[1949],"tags":[8338,1223,9030,3421,1329,4250,2959,9008,9029,601],"class_list":["post-25674","post","type-post","status-publish","format-standard","has-post-thumbnail","hentry","category-forestal","tag-calidad","tag-chile","tag-embalajes","tag-exportacion","tag-industria","tag-maderas","tag-mexico","tag-negocios","tag-pallets","tag-prochile"],"yoast_head":"<!-- This site is optimized with the Yoast SEO plugin v26.6 - https:\/\/yoast.com\/wordpress\/plugins\/seo\/ -->\n<title>Importadores mexicanos visitan forestales chilenas<\/title>\n<meta name=\"description\" content=\"Los ejecutivos mexicanos resaltaron la calidad de la madera chilena.\" \/>\n<meta name=\"robots\" content=\"index, follow, max-snippet:-1, max-image-preview:large, max-video-preview:-1\" \/>\n<link rel=\"canonical\" href=\"https:\/\/www.mundoagropecuario.cl\/new\/importadores-mexicanos-visitan-forestales-chilenas\/\" \/>\n<meta property=\"og:locale\" content=\"es_ES\" \/>\n<meta property=\"og:type\" content=\"article\" \/>\n<meta property=\"og:title\" content=\"Importadores mexicanos visitan forestales chilenas\" \/>\n<meta property=\"og:description\" content=\"Los ejecutivos mexicanos resaltaron la calidad de la madera chilena.\" \/>\n<meta property=\"og:url\" content=\"https:\/\/www.mundoagropecuario.cl\/new\/importadores-mexicanos-visitan-forestales-chilenas\/\" \/>\n<meta property=\"og:site_name\" content=\"Mundoagropecuario\" \/>\n<meta property=\"article:publisher\" content=\"https:\/\/www.facebook.com\/mundo.agropecuario.3\" \/>\n<meta property=\"article:published_time\" content=\"2024-11-12T14:55:14+00:00\" \/>\n<meta property=\"article:modified_time\" content=\"2024-11-14T20:35:37+00:00\" \/>\n<meta property=\"og:image\" content=\"https:\/\/www.mundoagropecuario.cl\/new\/wp-content\/uploads\/2024\/11\/Plantilla-estandar-mundo-acuicola-6-scaled.jpg\" \/>\n\t<meta property=\"og:image:width\" content=\"720\" \/>\n\t<meta property=\"og:image:height\" content=\"384\" \/>\n\t<meta property=\"og:image:type\" content=\"image\/jpeg\" \/>\n<meta name=\"author\" content=\"mundo\" \/>\n<meta name=\"twitter:card\" content=\"summary_large_image\" \/>\n<meta name=\"twitter:creator\" content=\"@MundoAgropecuar\" \/>\n<meta name=\"twitter:site\" content=\"@MundoAgropecuar\" \/>\n<meta name=\"twitter:label1\" content=\"Escrito por\" \/>\n\t<meta name=\"twitter:data1\" content=\"mundo\" \/>\n\t<meta name=\"twitter:label2\" content=\"Tiempo de lectura\" \/>\n\t<meta name=\"twitter:data2\" content=\"3 minutos\" \/>\n<script type=\"application\/ld+json\" class=\"yoast-schema-graph\">{\"@context\":\"https:\/\/schema.org\",\"@graph\":[{\"@type\":\"Article\",\"@id\":\"https:\/\/www.mundoagropecuario.cl\/new\/importadores-mexicanos-visitan-forestales-chilenas\/#article\",\"isPartOf\":{\"@id\":\"https:\/\/www.mundoagropecuario.cl\/new\/importadores-mexicanos-visitan-forestales-chilenas\/\"},\"author\":{\"name\":\"mundo\",\"@id\":\"https:\/\/www.mundoagropecuario.cl\/new\/#\/schema\/person\/4e9f74a82a7dac260eb1c44b7eebeb18\"},\"headline\":\"Importadores mexicanos visitan forestales chilenas\",\"datePublished\":\"2024-11-12T14:55:14+00:00\",\"dateModified\":\"2024-11-14T20:35:37+00:00\",\"mainEntityOfPage\":{\"@id\":\"https:\/\/www.mundoagropecuario.cl\/new\/importadores-mexicanos-visitan-forestales-chilenas\/\"},\"wordCount\":412,\"publisher\":{\"@id\":\"https:\/\/www.mundoagropecuario.cl\/new\/#organization\"},\"image\":{\"@id\":\"https:\/\/www.mundoagropecuario.cl\/new\/importadores-mexicanos-visitan-forestales-chilenas\/#primaryimage\"},\"thumbnailUrl\":\"https:\/\/www.mundoagropecuario.cl\/new\/wp-content\/uploads\/2024\/11\/Plantilla-estandar-mundo-acuicola-6-scaled.jpg\",\"keywords\":[\"calidad\",\"Chile\",\"Embalajes\",\"exportaci\u00f3n\",\"Industria\",\"Maderas\",\"M\u00e9xico\",\"negocios\",\"Pallets\",\"ProChile\"],\"articleSection\":[\"Forestal\"],\"inLanguage\":\"es\"},{\"@type\":\"WebPage\",\"@id\":\"https:\/\/www.mundoagropecuario.cl\/new\/importadores-mexicanos-visitan-forestales-chilenas\/\",\"url\":\"https:\/\/www.mundoagropecuario.cl\/new\/importadores-mexicanos-visitan-forestales-chilenas\/\",\"name\":\"Importadores mexicanos visitan forestales chilenas\",\"isPartOf\":{\"@id\":\"https:\/\/www.mundoagropecuario.cl\/new\/#website\"},\"primaryImageOfPage\":{\"@id\":\"https:\/\/www.mundoagropecuario.cl\/new\/importadores-mexicanos-visitan-forestales-chilenas\/#primaryimage\"},\"image\":{\"@id\":\"https:\/\/www.mundoagropecuario.cl\/new\/importadores-mexicanos-visitan-forestales-chilenas\/#primaryimage\"},\"thumbnailUrl\":\"https:\/\/www.mundoagropecuario.cl\/new\/wp-content\/uploads\/2024\/11\/Plantilla-estandar-mundo-acuicola-6-scaled.jpg\",\"datePublished\":\"2024-11-12T14:55:14+00:00\",\"dateModified\":\"2024-11-14T20:35:37+00:00\",\"description\":\"Los ejecutivos mexicanos resaltaron la calidad de la madera chilena.\",\"breadcrumb\":{\"@id\":\"https:\/\/www.mundoagropecuario.cl\/new\/importadores-mexicanos-visitan-forestales-chilenas\/#breadcrumb\"},\"inLanguage\":\"es\",\"potentialAction\":[{\"@type\":\"ReadAction\",\"target\":[\"https:\/\/www.mundoagropecuario.cl\/new\/importadores-mexicanos-visitan-forestales-chilenas\/\"]}]},{\"@type\":\"ImageObject\",\"inLanguage\":\"es\",\"@id\":\"https:\/\/www.mundoagropecuario.cl\/new\/importadores-mexicanos-visitan-forestales-chilenas\/#primaryimage\",\"url\":\"https:\/\/www.mundoagropecuario.cl\/new\/wp-content\/uploads\/2024\/11\/Plantilla-estandar-mundo-acuicola-6-scaled.jpg\",\"contentUrl\":\"https:\/\/www.mundoagropecuario.cl\/new\/wp-content\/uploads\/2024\/11\/Plantilla-estandar-mundo-acuicola-6-scaled.jpg\",\"width\":720,\"height\":384},{\"@type\":\"BreadcrumbList\",\"@id\":\"https:\/\/www.mundoagropecuario.cl\/new\/importadores-mexicanos-visitan-forestales-chilenas\/#breadcrumb\",\"itemListElement\":[{\"@type\":\"ListItem\",\"position\":1,\"name\":\"Portada\",\"item\":\"https:\/\/www.mundoagropecuario.cl\/new\/\"},{\"@type\":\"ListItem\",\"position\":2,\"name\":\"Importadores mexicanos visitan forestales chilenas\"}]},{\"@type\":\"WebSite\",\"@id\":\"https:\/\/www.mundoagropecuario.cl\/new\/#website\",\"url\":\"https:\/\/www.mundoagropecuario.cl\/new\/\",\"name\":\"Mundoagropecuario\",\"description\":\"Mundo Agropecuario\",\"publisher\":{\"@id\":\"https:\/\/www.mundoagropecuario.cl\/new\/#organization\"},\"potentialAction\":[{\"@type\":\"SearchAction\",\"target\":{\"@type\":\"EntryPoint\",\"urlTemplate\":\"https:\/\/www.mundoagropecuario.cl\/new\/?s={search_term_string}\"},\"query-input\":{\"@type\":\"PropertyValueSpecification\",\"valueRequired\":true,\"valueName\":\"search_term_string\"}}],\"inLanguage\":\"es\"},{\"@type\":\"Organization\",\"@id\":\"https:\/\/www.mundoagropecuario.cl\/new\/#organization\",\"name\":\"Revista de Agricultura\",\"url\":\"https:\/\/www.mundoagropecuario.cl\/new\/\",\"logo\":{\"@type\":\"ImageObject\",\"inLanguage\":\"es\",\"@id\":\"https:\/\/www.mundoagropecuario.cl\/new\/#\/schema\/logo\/image\/\",\"url\":\"https:\/\/www.mundoagropecuario.cl\/new\/wp-content\/uploads\/2020\/11\/PORTAL-1-1.png\",\"contentUrl\":\"https:\/\/www.mundoagropecuario.cl\/new\/wp-content\/uploads\/2020\/11\/PORTAL-1-1.png\",\"width\":1026,\"height\":100,\"caption\":\"Revista de Agricultura\"},\"image\":{\"@id\":\"https:\/\/www.mundoagropecuario.cl\/new\/#\/schema\/logo\/image\/\"},\"sameAs\":[\"https:\/\/www.facebook.com\/mundo.agropecuario.3\",\"https:\/\/x.com\/MundoAgropecuar\",\"https:\/\/www.linkedin.com\/in\/mundo-agropecuario-934009201\/\"]},{\"@type\":\"Person\",\"@id\":\"https:\/\/www.mundoagropecuario.cl\/new\/#\/schema\/person\/4e9f74a82a7dac260eb1c44b7eebeb18\",\"name\":\"mundo\",\"url\":\"https:\/\/www.mundoagropecuario.cl\/new\/author\/mundo\/\"}]}<\/script>\n<!-- \/ Yoast SEO plugin. -->","yoast_head_json":{"title":"Importadores mexicanos visitan forestales chilenas","description":"Los ejecutivos mexicanos resaltaron la calidad de la madera chilena.","robots":{"index":"index","follow":"follow","max-snippet":"max-snippet:-1","max-image-preview":"max-image-preview:large","max-video-preview":"max-video-preview:-1"},"canonical":"https:\/\/www.mundoagropecuario.cl\/new\/importadores-mexicanos-visitan-forestales-chilenas\/","og_locale":"es_ES","og_type":"article","og_title":"Importadores mexicanos visitan forestales chilenas","og_description":"Los ejecutivos mexicanos resaltaron la calidad de la madera chilena.","og_url":"https:\/\/www.mundoagropecuario.cl\/new\/importadores-mexicanos-visitan-forestales-chilenas\/","og_site_name":"Mundoagropecuario","article_publisher":"https:\/\/www.facebook.com\/mundo.agropecuario.3","article_published_time":"2024-11-12T14:55:14+00:00","article_modified_time":"2024-11-14T20:35:37+00:00","og_image":[{"width":720,"height":384,"url":"https:\/\/www.mundoagropecuario.cl\/new\/wp-content\/uploads\/2024\/11\/Plantilla-estandar-mundo-acuicola-6-scaled.jpg","type":"image\/jpeg"}],"author":"mundo","twitter_card":"summary_large_image","twitter_creator":"@MundoAgropecuar","twitter_site":"@MundoAgropecuar","twitter_misc":{"Escrito por":"mundo","Tiempo de lectura":"3 minutos"},"schema":{"@context":"https:\/\/schema.org","@graph":[{"@type":"Article","@id":"https:\/\/www.mundoagropecuario.cl\/new\/importadores-mexicanos-visitan-forestales-chilenas\/#article","isPartOf":{"@id":"https:\/\/www.mundoagropecuario.cl\/new\/importadores-mexicanos-visitan-forestales-chilenas\/"},"author":{"name":"mundo","@id":"https:\/\/www.mundoagropecuario.cl\/new\/#\/schema\/person\/4e9f74a82a7dac260eb1c44b7eebeb18"},"headline":"Importadores mexicanos visitan forestales chilenas","datePublished":"2024-11-12T14:55:14+00:00","dateModified":"2024-11-14T20:35:37+00:00","mainEntityOfPage":{"@id":"https:\/\/www.mundoagropecuario.cl\/new\/importadores-mexicanos-visitan-forestales-chilenas\/"},"wordCount":412,"publisher":{"@id":"https:\/\/www.mundoagropecuario.cl\/new\/#organization"},"image":{"@id":"https:\/\/www.mundoagropecuario.cl\/new\/importadores-mexicanos-visitan-forestales-chilenas\/#primaryimage"},"thumbnailUrl":"https:\/\/www.mundoagropecuario.cl\/new\/wp-content\/uploads\/2024\/11\/Plantilla-estandar-mundo-acuicola-6-scaled.jpg","keywords":["calidad","Chile","Embalajes","exportaci\u00f3n","Industria","Maderas","M\u00e9xico","negocios","Pallets","ProChile"],"articleSection":["Forestal"],"inLanguage":"es"},{"@type":"WebPage","@id":"https:\/\/www.mundoagropecuario.cl\/new\/importadores-mexicanos-visitan-forestales-chilenas\/","url":"https:\/\/www.mundoagropecuario.cl\/new\/importadores-mexicanos-visitan-forestales-chilenas\/","name":"Importadores mexicanos visitan forestales chilenas","isPartOf":{"@id":"https:\/\/www.mundoagropecuario.cl\/new\/#website"},"primaryImageOfPage":{"@id":"https:\/\/www.mundoagropecuario.cl\/new\/importadores-mexicanos-visitan-forestales-chilenas\/#primaryimage"},"image":{"@id":"https:\/\/www.mundoagropecuario.cl\/new\/importadores-mexicanos-visitan-forestales-chilenas\/#primaryimage"},"thumbnailUrl":"https:\/\/www.mundoagropecuario.cl\/new\/wp-content\/uploads\/2024\/11\/Plantilla-estandar-mundo-acuicola-6-scaled.jpg","datePublished":"2024-11-12T14:55:14+00:00","dateModified":"2024-11-14T20:35:37+00:00","description":"Los ejecutivos mexicanos resaltaron la calidad de la madera chilena.","breadcrumb":{"@id":"https:\/\/www.mundoagropecuario.cl\/new\/importadores-mexicanos-visitan-forestales-chilenas\/#breadcrumb"},"inLanguage":"es","potentialAction":[{"@type":"ReadAction","target":["https:\/\/www.mundoagropecuario.cl\/new\/importadores-mexicanos-visitan-forestales-chilenas\/"]}]},{"@type":"ImageObject","inLanguage":"es","@id":"https:\/\/www.mundoagropecuario.cl\/new\/importadores-mexicanos-visitan-forestales-chilenas\/#primaryimage","url":"https:\/\/www.mundoagropecuario.cl\/new\/wp-content\/uploads\/2024\/11\/Plantilla-estandar-mundo-acuicola-6-scaled.jpg","contentUrl":"https:\/\/www.mundoagropecuario.cl\/new\/wp-content\/uploads\/2024\/11\/Plantilla-estandar-mundo-acuicola-6-scaled.jpg","width":720,"height":384},{"@type":"BreadcrumbList","@id":"https:\/\/www.mundoagropecuario.cl\/new\/importadores-mexicanos-visitan-forestales-chilenas\/#breadcrumb","itemListElement":[{"@type":"ListItem","position":1,"name":"Portada","item":"https:\/\/www.mundoagropecuario.cl\/new\/"},{"@type":"ListItem","position":2,"name":"Importadores mexicanos visitan forestales chilenas"}]},{"@type":"WebSite","@id":"https:\/\/www.mundoagropecuario.cl\/new\/#website","url":"https:\/\/www.mundoagropecuario.cl\/new\/","name":"Mundoagropecuario","description":"Mundo Agropecuario","publisher":{"@id":"https:\/\/www.mundoagropecuario.cl\/new\/#organization"},"potentialAction":[{"@type":"SearchAction","target":{"@type":"EntryPoint","urlTemplate":"https:\/\/www.mundoagropecuario.cl\/new\/?s={search_term_string}"},"query-input":{"@type":"PropertyValueSpecification","valueRequired":true,"valueName":"search_term_string"}}],"inLanguage":"es"},{"@type":"Organization","@id":"https:\/\/www.mundoagropecuario.cl\/new\/#organization","name":"Revista de Agricultura","url":"https:\/\/www.mundoagropecuario.cl\/new\/","logo":{"@type":"ImageObject","inLanguage":"es","@id":"https:\/\/www.mundoagropecuario.cl\/new\/#\/schema\/logo\/image\/","url":"https:\/\/www.mundoagropecuario.cl\/new\/wp-content\/uploads\/2020\/11\/PORTAL-1-1.png","contentUrl":"https:\/\/www.mundoagropecuario.cl\/new\/wp-content\/uploads\/2020\/11\/PORTAL-1-1.png","width":1026,"height":100,"caption":"Revista de Agricultura"},"image":{"@id":"https:\/\/www.mundoagropecuario.cl\/new\/#\/schema\/logo\/image\/"},"sameAs":["https:\/\/www.facebook.com\/mundo.agropecuario.3","https:\/\/x.com\/MundoAgropecuar","https:\/\/www.linkedin.com\/in\/mundo-agropecuario-934009201\/"]},{"@type":"Person","@id":"https:\/\/www.mundoagropecuario.cl\/new\/#\/schema\/person\/4e9f74a82a7dac260eb1c44b7eebeb18","name":"mundo","url":"https:\/\/www.mundoagropecuario.cl\/new\/author\/mundo\/"}]}},"_links":{"self":[{"href":"https:\/\/www.mundoagropecuario.cl\/new\/wp-json\/wp\/v2\/posts\/25674","targetHints":{"allow":["GET"]}}],"collection":[{"href":"https:\/\/www.mundoagropecuario.cl\/new\/wp-json\/wp\/v2\/posts"}],"about":[{"href":"https:\/\/www.mundoagropecuario.cl\/new\/wp-json\/wp\/v2\/types\/post"}],"author":[{"embeddable":true,"href":"https:\/\/www.mundoagropecuario.cl\/new\/wp-json\/wp\/v2\/users\/2"}],"replies":[{"embeddable":true,"href":"https:\/\/www.mundoagropecuario.cl\/new\/wp-json\/wp\/v2\/comments?post=25674"}],"version-history":[{"count":3,"href":"https:\/\/www.mundoagropecuario.cl\/new\/wp-json\/wp\/v2\/posts\/25674\/revisions"}],"predecessor-version":[{"id":25678,"href":"https:\/\/www.mundoagropecuario.cl\/new\/wp-json\/wp\/v2\/posts\/25674\/revisions\/25678"}],"wp:featuredmedia":[{"embeddable":true,"href":"https:\/\/www.mundoagropecuario.cl\/new\/wp-json\/wp\/v2\/media\/25675"}],"wp:attachment":[{"href":"https:\/\/www.mundoagropecuario.cl\/new\/wp-json\/wp\/v2\/media?parent=25674"}],"wp:term":[{"taxonomy":"category","embeddable":true,"href":"https:\/\/www.mundoagropecuario.cl\/new\/wp-json\/wp\/v2\/categories?post=25674"},{"taxonomy":"post_tag","embeddable":true,"href":"https:\/\/www.mundoagropecuario.cl\/new\/wp-json\/wp\/v2\/tags?post=25674"}],"curies":[{"name":"wp","href":"https:\/\/api.w.org\/{rel}","templated":true}]}}