{"id":25671,"date":"2024-11-12T11:39:32","date_gmt":"2024-11-12T14:39:32","guid":{"rendered":"https:\/\/www.mundoagropecuario.cl\/new\/?p=25671"},"modified":"2024-11-14T17:33:45","modified_gmt":"2024-11-14T20:33:45","slug":"avanzan-compromisos-por-la-preservacion-del-huemul","status":"publish","type":"post","link":"https:\/\/www.mundoagropecuario.cl\/new\/avanzan-compromisos-por-la-preservacion-del-huemul\/","title":{"rendered":"Avanzan compromisos por la preservaci\u00f3n del huemul"},"content":{"rendered":"<p>Seguir avanzando en la tarea de restablecer la conectividad de subpoblaciones sanas de huemul en la Patagonia chilena y recuperar h\u00e1bitat y corredores de vida silvestre, a trav\u00e9s de un trabajo colaborativo. Estos son parte de los objetivos de la coolaboraci\u00f3n p\u00fablico-privada que mantienen diferentes entidades nacionales.<\/p>\n<p>Entre ellos, el SAG, Conaf, Ministerio de Agricultura, Conaf, Rewilding Chile y la Fundaci\u00f3n Tompkins Conservation. Es as\u00ed que recientemente se realiz\u00f3 un positivo encuentro de coordinaci\u00f3n que permiti\u00f3 dar cuenta de las medidas en curso en el marco del convenio firmado en 2023 para la creaci\u00f3n el primer Corredor Nacional del Huemul (CNH) en el pa\u00eds.<\/p>\n<p>\u201cEstoy muy agradecida de ser invitada a esta reuni\u00f3n que considero s\u00faper clave, hablando del rescate de la especie huemul, y se reforz\u00f3 que esta especie no sobrevivir\u00e1 en la ausencia de la coordinaci\u00f3n y compromiso entre Gobierno, partes privadas, comunidades locales, regionales y nacionales. Si no hubi\u00e9semos firmado un convenio hace un a\u00f1o, creando el concepto de Corredor Nacional de Huemules, no tendr\u00edamos esta reuni\u00f3n hoy. Cuando uno compromete un Corredor Nacional, significa que tiene que trabajar desde el punto donde viven los pocos que quedan, hasta Santiago. Estoy muy agradecida y feliz \u201c, subray\u00f3 Kristine Tompkins.<\/p>\n<p>En este sentido, la iniciativa del Corredor Nacional de Huemul busca generar una conexi\u00f3n entre las macrozonas norte, centro y sur, abarcando 6 Parques Nacionales y 4 Reservas Nacionales entre la regi\u00f3n de Los Lagos, Ays\u00e9n y Magallanes, respectivamente, permitiendo as\u00ed avanzar en la tarea fortalecer la conectividad entre poblaciones de la especie.<\/p>\n","protected":false},"excerpt":{"rendered":"<p>En una alianza p\u00fablico-privada, se busca fortalecer los corredores biol\u00f3gicos del huemul, conectando las macrozonas norte, centro y sur.<\/p>\n","protected":false},"author":2,"featured_media":25672,"comment_status":"closed","ping_status":"closed","sticky":false,"template":"","format":"standard","meta":{"footnotes":""},"categories":[1987],"tags":[1681,876,9017,9027,4541,3004,6339,2634,9028,2036,6029],"class_list":["post-25671","post","type-post","status-publish","format-standard","has-post-thumbnail","hentry","category-instituciones","tag-biodiversidad","tag-conaf","tag-conservacion","tag-corredor","tag-fauna-nativa","tag-huemul","tag-parques","tag-patagonia","tag-rewilding","tag-sag","tag-sostenibilidad"],"yoast_head":"<!-- This site is optimized with the Yoast SEO plugin v26.6 - https:\/\/yoast.com\/wordpress\/plugins\/seo\/ -->\n<title>Avanzan compromisos por la preservaci\u00f3n del huemul - Mundoagropecuario<\/title>\n<meta name=\"description\" content=\"En una alianza p\u00fablico-privada, se busca fortalecer los corredores biol\u00f3gicos del huemul, conectando las macrozonas norte, centro y sur.\" \/>\n<meta name=\"robots\" content=\"index, follow, max-snippet:-1, max-image-preview:large, max-video-preview:-1\" \/>\n<link rel=\"canonical\" href=\"https:\/\/www.mundoagropecuario.cl\/new\/avanzan-compromisos-por-la-preservacion-del-huemul\/\" \/>\n<meta property=\"og:locale\" content=\"es_ES\" \/>\n<meta property=\"og:type\" content=\"article\" \/>\n<meta property=\"og:title\" content=\"Avanzan compromisos por la preservaci\u00f3n del huemul - Mundoagropecuario\" \/>\n<meta property=\"og:description\" content=\"En una alianza p\u00fablico-privada, se busca fortalecer los corredores biol\u00f3gicos del huemul, conectando las macrozonas norte, centro y sur.\" \/>\n<meta property=\"og:url\" content=\"https:\/\/www.mundoagropecuario.cl\/new\/avanzan-compromisos-por-la-preservacion-del-huemul\/\" \/>\n<meta property=\"og:site_name\" content=\"Mundoagropecuario\" \/>\n<meta property=\"article:publisher\" content=\"https:\/\/www.facebook.com\/mundo.agropecuario.3\" \/>\n<meta property=\"article:published_time\" content=\"2024-11-12T14:39:32+00:00\" \/>\n<meta property=\"article:modified_time\" content=\"2024-11-14T20:33:45+00:00\" \/>\n<meta property=\"og:image\" content=\"https:\/\/www.mundoagropecuario.cl\/new\/wp-content\/uploads\/2024\/11\/Plantilla-estandar-mundo-acuicola-5-scaled.jpg\" \/>\n\t<meta property=\"og:image:width\" content=\"720\" \/>\n\t<meta property=\"og:image:height\" content=\"384\" \/>\n\t<meta property=\"og:image:type\" content=\"image\/jpeg\" \/>\n<meta name=\"author\" content=\"mundo\" \/>\n<meta name=\"twitter:card\" content=\"summary_large_image\" \/>\n<meta name=\"twitter:creator\" content=\"@MundoAgropecuar\" \/>\n<meta name=\"twitter:site\" content=\"@MundoAgropecuar\" \/>\n<meta name=\"twitter:label1\" content=\"Escrito por\" \/>\n\t<meta name=\"twitter:data1\" content=\"mundo\" \/>\n\t<meta name=\"twitter:label2\" content=\"Tiempo de lectura\" \/>\n\t<meta name=\"twitter:data2\" content=\"2 minutos\" \/>\n<script type=\"application\/ld+json\" class=\"yoast-schema-graph\">{\"@context\":\"https:\/\/schema.org\",\"@graph\":[{\"@type\":\"Article\",\"@id\":\"https:\/\/www.mundoagropecuario.cl\/new\/avanzan-compromisos-por-la-preservacion-del-huemul\/#article\",\"isPartOf\":{\"@id\":\"https:\/\/www.mundoagropecuario.cl\/new\/avanzan-compromisos-por-la-preservacion-del-huemul\/\"},\"author\":{\"name\":\"mundo\",\"@id\":\"https:\/\/www.mundoagropecuario.cl\/new\/#\/schema\/person\/4e9f74a82a7dac260eb1c44b7eebeb18\"},\"headline\":\"Avanzan compromisos por la preservaci\u00f3n del huemul\",\"datePublished\":\"2024-11-12T14:39:32+00:00\",\"dateModified\":\"2024-11-14T20:33:45+00:00\",\"mainEntityOfPage\":{\"@id\":\"https:\/\/www.mundoagropecuario.cl\/new\/avanzan-compromisos-por-la-preservacion-del-huemul\/\"},\"wordCount\":277,\"publisher\":{\"@id\":\"https:\/\/www.mundoagropecuario.cl\/new\/#organization\"},\"image\":{\"@id\":\"https:\/\/www.mundoagropecuario.cl\/new\/avanzan-compromisos-por-la-preservacion-del-huemul\/#primaryimage\"},\"thumbnailUrl\":\"https:\/\/www.mundoagropecuario.cl\/new\/wp-content\/uploads\/2024\/11\/Plantilla-estandar-mundo-acuicola-5-scaled.jpg\",\"keywords\":[\"Biodiversidad\",\"Conaf\",\"conservaci\u00f3n\",\"Corredor\",\"fauna nativa\",\"huemul\",\"Parques\",\"Patagonia\",\"Rewilding\",\"SAG\",\"sostenibilidad\"],\"articleSection\":[\"Instituciones\"],\"inLanguage\":\"es\"},{\"@type\":\"WebPage\",\"@id\":\"https:\/\/www.mundoagropecuario.cl\/new\/avanzan-compromisos-por-la-preservacion-del-huemul\/\",\"url\":\"https:\/\/www.mundoagropecuario.cl\/new\/avanzan-compromisos-por-la-preservacion-del-huemul\/\",\"name\":\"Avanzan compromisos por la preservaci\u00f3n del huemul - Mundoagropecuario\",\"isPartOf\":{\"@id\":\"https:\/\/www.mundoagropecuario.cl\/new\/#website\"},\"primaryImageOfPage\":{\"@id\":\"https:\/\/www.mundoagropecuario.cl\/new\/avanzan-compromisos-por-la-preservacion-del-huemul\/#primaryimage\"},\"image\":{\"@id\":\"https:\/\/www.mundoagropecuario.cl\/new\/avanzan-compromisos-por-la-preservacion-del-huemul\/#primaryimage\"},\"thumbnailUrl\":\"https:\/\/www.mundoagropecuario.cl\/new\/wp-content\/uploads\/2024\/11\/Plantilla-estandar-mundo-acuicola-5-scaled.jpg\",\"datePublished\":\"2024-11-12T14:39:32+00:00\",\"dateModified\":\"2024-11-14T20:33:45+00:00\",\"description\":\"En una alianza p\u00fablico-privada, se busca fortalecer los corredores biol\u00f3gicos del huemul, conectando las macrozonas norte, centro y sur.\",\"breadcrumb\":{\"@id\":\"https:\/\/www.mundoagropecuario.cl\/new\/avanzan-compromisos-por-la-preservacion-del-huemul\/#breadcrumb\"},\"inLanguage\":\"es\",\"potentialAction\":[{\"@type\":\"ReadAction\",\"target\":[\"https:\/\/www.mundoagropecuario.cl\/new\/avanzan-compromisos-por-la-preservacion-del-huemul\/\"]}]},{\"@type\":\"ImageObject\",\"inLanguage\":\"es\",\"@id\":\"https:\/\/www.mundoagropecuario.cl\/new\/avanzan-compromisos-por-la-preservacion-del-huemul\/#primaryimage\",\"url\":\"https:\/\/www.mundoagropecuario.cl\/new\/wp-content\/uploads\/2024\/11\/Plantilla-estandar-mundo-acuicola-5-scaled.jpg\",\"contentUrl\":\"https:\/\/www.mundoagropecuario.cl\/new\/wp-content\/uploads\/2024\/11\/Plantilla-estandar-mundo-acuicola-5-scaled.jpg\",\"width\":720,\"height\":384},{\"@type\":\"BreadcrumbList\",\"@id\":\"https:\/\/www.mundoagropecuario.cl\/new\/avanzan-compromisos-por-la-preservacion-del-huemul\/#breadcrumb\",\"itemListElement\":[{\"@type\":\"ListItem\",\"position\":1,\"name\":\"Portada\",\"item\":\"https:\/\/www.mundoagropecuario.cl\/new\/\"},{\"@type\":\"ListItem\",\"position\":2,\"name\":\"Avanzan compromisos por la preservaci\u00f3n del huemul\"}]},{\"@type\":\"WebSite\",\"@id\":\"https:\/\/www.mundoagropecuario.cl\/new\/#website\",\"url\":\"https:\/\/www.mundoagropecuario.cl\/new\/\",\"name\":\"Mundoagropecuario\",\"description\":\"Mundo Agropecuario\",\"publisher\":{\"@id\":\"https:\/\/www.mundoagropecuario.cl\/new\/#organization\"},\"potentialAction\":[{\"@type\":\"SearchAction\",\"target\":{\"@type\":\"EntryPoint\",\"urlTemplate\":\"https:\/\/www.mundoagropecuario.cl\/new\/?s={search_term_string}\"},\"query-input\":{\"@type\":\"PropertyValueSpecification\",\"valueRequired\":true,\"valueName\":\"search_term_string\"}}],\"inLanguage\":\"es\"},{\"@type\":\"Organization\",\"@id\":\"https:\/\/www.mundoagropecuario.cl\/new\/#organization\",\"name\":\"Revista de Agricultura\",\"url\":\"https:\/\/www.mundoagropecuario.cl\/new\/\",\"logo\":{\"@type\":\"ImageObject\",\"inLanguage\":\"es\",\"@id\":\"https:\/\/www.mundoagropecuario.cl\/new\/#\/schema\/logo\/image\/\",\"url\":\"https:\/\/www.mundoagropecuario.cl\/new\/wp-content\/uploads\/2020\/11\/PORTAL-1-1.png\",\"contentUrl\":\"https:\/\/www.mundoagropecuario.cl\/new\/wp-content\/uploads\/2020\/11\/PORTAL-1-1.png\",\"width\":1026,\"height\":100,\"caption\":\"Revista de Agricultura\"},\"image\":{\"@id\":\"https:\/\/www.mundoagropecuario.cl\/new\/#\/schema\/logo\/image\/\"},\"sameAs\":[\"https:\/\/www.facebook.com\/mundo.agropecuario.3\",\"https:\/\/x.com\/MundoAgropecuar\",\"https:\/\/www.linkedin.com\/in\/mundo-agropecuario-934009201\/\"]},{\"@type\":\"Person\",\"@id\":\"https:\/\/www.mundoagropecuario.cl\/new\/#\/schema\/person\/4e9f74a82a7dac260eb1c44b7eebeb18\",\"name\":\"mundo\",\"url\":\"https:\/\/www.mundoagropecuario.cl\/new\/author\/mundo\/\"}]}<\/script>\n<!-- \/ Yoast SEO plugin. -->","yoast_head_json":{"title":"Avanzan compromisos por la preservaci\u00f3n del huemul - Mundoagropecuario","description":"En una alianza p\u00fablico-privada, se busca fortalecer los corredores biol\u00f3gicos del huemul, conectando las macrozonas norte, centro y sur.","robots":{"index":"index","follow":"follow","max-snippet":"max-snippet:-1","max-image-preview":"max-image-preview:large","max-video-preview":"max-video-preview:-1"},"canonical":"https:\/\/www.mundoagropecuario.cl\/new\/avanzan-compromisos-por-la-preservacion-del-huemul\/","og_locale":"es_ES","og_type":"article","og_title":"Avanzan compromisos por la preservaci\u00f3n del huemul - Mundoagropecuario","og_description":"En una alianza p\u00fablico-privada, se busca fortalecer los corredores biol\u00f3gicos del huemul, conectando las macrozonas norte, centro y sur.","og_url":"https:\/\/www.mundoagropecuario.cl\/new\/avanzan-compromisos-por-la-preservacion-del-huemul\/","og_site_name":"Mundoagropecuario","article_publisher":"https:\/\/www.facebook.com\/mundo.agropecuario.3","article_published_time":"2024-11-12T14:39:32+00:00","article_modified_time":"2024-11-14T20:33:45+00:00","og_image":[{"width":720,"height":384,"url":"https:\/\/www.mundoagropecuario.cl\/new\/wp-content\/uploads\/2024\/11\/Plantilla-estandar-mundo-acuicola-5-scaled.jpg","type":"image\/jpeg"}],"author":"mundo","twitter_card":"summary_large_image","twitter_creator":"@MundoAgropecuar","twitter_site":"@MundoAgropecuar","twitter_misc":{"Escrito por":"mundo","Tiempo de lectura":"2 minutos"},"schema":{"@context":"https:\/\/schema.org","@graph":[{"@type":"Article","@id":"https:\/\/www.mundoagropecuario.cl\/new\/avanzan-compromisos-por-la-preservacion-del-huemul\/#article","isPartOf":{"@id":"https:\/\/www.mundoagropecuario.cl\/new\/avanzan-compromisos-por-la-preservacion-del-huemul\/"},"author":{"name":"mundo","@id":"https:\/\/www.mundoagropecuario.cl\/new\/#\/schema\/person\/4e9f74a82a7dac260eb1c44b7eebeb18"},"headline":"Avanzan compromisos por la preservaci\u00f3n del huemul","datePublished":"2024-11-12T14:39:32+00:00","dateModified":"2024-11-14T20:33:45+00:00","mainEntityOfPage":{"@id":"https:\/\/www.mundoagropecuario.cl\/new\/avanzan-compromisos-por-la-preservacion-del-huemul\/"},"wordCount":277,"publisher":{"@id":"https:\/\/www.mundoagropecuario.cl\/new\/#organization"},"image":{"@id":"https:\/\/www.mundoagropecuario.cl\/new\/avanzan-compromisos-por-la-preservacion-del-huemul\/#primaryimage"},"thumbnailUrl":"https:\/\/www.mundoagropecuario.cl\/new\/wp-content\/uploads\/2024\/11\/Plantilla-estandar-mundo-acuicola-5-scaled.jpg","keywords":["Biodiversidad","Conaf","conservaci\u00f3n","Corredor","fauna nativa","huemul","Parques","Patagonia","Rewilding","SAG","sostenibilidad"],"articleSection":["Instituciones"],"inLanguage":"es"},{"@type":"WebPage","@id":"https:\/\/www.mundoagropecuario.cl\/new\/avanzan-compromisos-por-la-preservacion-del-huemul\/","url":"https:\/\/www.mundoagropecuario.cl\/new\/avanzan-compromisos-por-la-preservacion-del-huemul\/","name":"Avanzan compromisos por la preservaci\u00f3n del huemul - Mundoagropecuario","isPartOf":{"@id":"https:\/\/www.mundoagropecuario.cl\/new\/#website"},"primaryImageOfPage":{"@id":"https:\/\/www.mundoagropecuario.cl\/new\/avanzan-compromisos-por-la-preservacion-del-huemul\/#primaryimage"},"image":{"@id":"https:\/\/www.mundoagropecuario.cl\/new\/avanzan-compromisos-por-la-preservacion-del-huemul\/#primaryimage"},"thumbnailUrl":"https:\/\/www.mundoagropecuario.cl\/new\/wp-content\/uploads\/2024\/11\/Plantilla-estandar-mundo-acuicola-5-scaled.jpg","datePublished":"2024-11-12T14:39:32+00:00","dateModified":"2024-11-14T20:33:45+00:00","description":"En una alianza p\u00fablico-privada, se busca fortalecer los corredores biol\u00f3gicos del huemul, conectando las macrozonas norte, centro y sur.","breadcrumb":{"@id":"https:\/\/www.mundoagropecuario.cl\/new\/avanzan-compromisos-por-la-preservacion-del-huemul\/#breadcrumb"},"inLanguage":"es","potentialAction":[{"@type":"ReadAction","target":["https:\/\/www.mundoagropecuario.cl\/new\/avanzan-compromisos-por-la-preservacion-del-huemul\/"]}]},{"@type":"ImageObject","inLanguage":"es","@id":"https:\/\/www.mundoagropecuario.cl\/new\/avanzan-compromisos-por-la-preservacion-del-huemul\/#primaryimage","url":"https:\/\/www.mundoagropecuario.cl\/new\/wp-content\/uploads\/2024\/11\/Plantilla-estandar-mundo-acuicola-5-scaled.jpg","contentUrl":"https:\/\/www.mundoagropecuario.cl\/new\/wp-content\/uploads\/2024\/11\/Plantilla-estandar-mundo-acuicola-5-scaled.jpg","width":720,"height":384},{"@type":"BreadcrumbList","@id":"https:\/\/www.mundoagropecuario.cl\/new\/avanzan-compromisos-por-la-preservacion-del-huemul\/#breadcrumb","itemListElement":[{"@type":"ListItem","position":1,"name":"Portada","item":"https:\/\/www.mundoagropecuario.cl\/new\/"},{"@type":"ListItem","position":2,"name":"Avanzan compromisos por la preservaci\u00f3n del huemul"}]},{"@type":"WebSite","@id":"https:\/\/www.mundoagropecuario.cl\/new\/#website","url":"https:\/\/www.mundoagropecuario.cl\/new\/","name":"Mundoagropecuario","description":"Mundo Agropecuario","publisher":{"@id":"https:\/\/www.mundoagropecuario.cl\/new\/#organization"},"potentialAction":[{"@type":"SearchAction","target":{"@type":"EntryPoint","urlTemplate":"https:\/\/www.mundoagropecuario.cl\/new\/?s={search_term_string}"},"query-input":{"@type":"PropertyValueSpecification","valueRequired":true,"valueName":"search_term_string"}}],"inLanguage":"es"},{"@type":"Organization","@id":"https:\/\/www.mundoagropecuario.cl\/new\/#organization","name":"Revista de Agricultura","url":"https:\/\/www.mundoagropecuario.cl\/new\/","logo":{"@type":"ImageObject","inLanguage":"es","@id":"https:\/\/www.mundoagropecuario.cl\/new\/#\/schema\/logo\/image\/","url":"https:\/\/www.mundoagropecuario.cl\/new\/wp-content\/uploads\/2020\/11\/PORTAL-1-1.png","contentUrl":"https:\/\/www.mundoagropecuario.cl\/new\/wp-content\/uploads\/2020\/11\/PORTAL-1-1.png","width":1026,"height":100,"caption":"Revista de Agricultura"},"image":{"@id":"https:\/\/www.mundoagropecuario.cl\/new\/#\/schema\/logo\/image\/"},"sameAs":["https:\/\/www.facebook.com\/mundo.agropecuario.3","https:\/\/x.com\/MundoAgropecuar","https:\/\/www.linkedin.com\/in\/mundo-agropecuario-934009201\/"]},{"@type":"Person","@id":"https:\/\/www.mundoagropecuario.cl\/new\/#\/schema\/person\/4e9f74a82a7dac260eb1c44b7eebeb18","name":"mundo","url":"https:\/\/www.mundoagropecuario.cl\/new\/author\/mundo\/"}]}},"_links":{"self":[{"href":"https:\/\/www.mundoagropecuario.cl\/new\/wp-json\/wp\/v2\/posts\/25671","targetHints":{"allow":["GET"]}}],"collection":[{"href":"https:\/\/www.mundoagropecuario.cl\/new\/wp-json\/wp\/v2\/posts"}],"about":[{"href":"https:\/\/www.mundoagropecuario.cl\/new\/wp-json\/wp\/v2\/types\/post"}],"author":[{"embeddable":true,"href":"https:\/\/www.mundoagropecuario.cl\/new\/wp-json\/wp\/v2\/users\/2"}],"replies":[{"embeddable":true,"href":"https:\/\/www.mundoagropecuario.cl\/new\/wp-json\/wp\/v2\/comments?post=25671"}],"version-history":[{"count":1,"href":"https:\/\/www.mundoagropecuario.cl\/new\/wp-json\/wp\/v2\/posts\/25671\/revisions"}],"predecessor-version":[{"id":25673,"href":"https:\/\/www.mundoagropecuario.cl\/new\/wp-json\/wp\/v2\/posts\/25671\/revisions\/25673"}],"wp:featuredmedia":[{"embeddable":true,"href":"https:\/\/www.mundoagropecuario.cl\/new\/wp-json\/wp\/v2\/media\/25672"}],"wp:attachment":[{"href":"https:\/\/www.mundoagropecuario.cl\/new\/wp-json\/wp\/v2\/media?parent=25671"}],"wp:term":[{"taxonomy":"category","embeddable":true,"href":"https:\/\/www.mundoagropecuario.cl\/new\/wp-json\/wp\/v2\/categories?post=25671"},{"taxonomy":"post_tag","embeddable":true,"href":"https:\/\/www.mundoagropecuario.cl\/new\/wp-json\/wp\/v2\/tags?post=25671"}],"curies":[{"name":"wp","href":"https:\/\/api.w.org\/{rel}","templated":true}]}}