{"id":25639,"date":"2024-11-11T12:29:14","date_gmt":"2024-11-11T15:29:14","guid":{"rendered":"https:\/\/www.mundoagropecuario.cl\/new\/?p=25639"},"modified":"2024-11-14T17:40:11","modified_gmt":"2024-11-14T20:40:11","slug":"semana-de-las-mipymes-en-osorno-tendencias-y-desafios","status":"publish","type":"post","link":"https:\/\/www.mundoagropecuario.cl\/new\/semana-de-las-mipymes-en-osorno-tendencias-y-desafios\/","title":{"rendered":"Semana de las MiPymes en Osorno: Tendencias y Desaf\u00edos"},"content":{"rendered":"<p><span style=\"font-weight: 400;\">La Semana de las MiPymes y Cooperativas, una iniciativa organizada anualmente por el Ministerio de Econom\u00eda, Fomento y Turismo, se celebr\u00f3 recientemente con el prop\u00f3sito de destacar la relevancia de las micro, peque\u00f1as y medianas empresas y cooperativas en la econom\u00eda nacional.<\/span><\/p>\n<p>En este marco, en la ciudad de Osorno se llev\u00f3 a cabo <span style=\"font-weight: 400;\">el Encuentro Empresarial: \u201cTendencias y Nuevos Desaf\u00edos\u201d, organizado por el Centro de Desarrollo de Negocios Sercotec Osorno. El evento reuni\u00f3 <\/span><span style=\"font-weight: 400;\">a micro y peque\u00f1as empresas de la regi\u00f3n, quienes participaron activamente en diversas charlas orientadas a fortalecer sus capacidades de innovaci\u00f3n y adaptaci\u00f3n a los cambios del mercado.\u00a0<\/span><\/p>\n<p><span style=\"font-weight: 400;\">Entre los temas abordados estuvieron \u201cNuevos escenarios, nuevos comportamientos: \u00bfel mismo negocio?\u201d y \u201cCreatividad, Innovaci\u00f3n y Crecimiento en los Servicios, Productos y Experiencias\u201d. Las exposiciones fueron lideradas por los expertos Eduardo Abarca y Oscar Acu\u00f1a del Observatorio de Emprendimiento y Desarrollo Territorial.<\/span><\/p>\n<p>La instancia, que busca fomentar el di\u00e1logo p\u00fablico-privado, permite a las empresas de menor tama\u00f1o compartir experiencias, generar redes y conocer herramientas y proyectos de ley en apoyo a su desarrollo. En este sentido, la jornada dej\u00f3 en claro el compromiso del sector con la actualizaci\u00f3n y el crecimiento, consolidando una vez m\u00e1s el rol de las micro y peque\u00f1as empresas en la econom\u00eda de la regi\u00f3n.<\/p>\n<h3>Innovaci\u00f3n y redes de colaboraci\u00f3n para las MiPymes locales<\/h3>\n<p><a href=\"https:\/\/www.mundoagropecuario.cl\/new\/wp-content\/uploads\/2024\/11\/1-scaled.jpg\"><img loading=\"lazy\" decoding=\"async\" class=\"alignleft wp-image-25642 size-large\" src=\"https:\/\/www.mundoagropecuario.cl\/new\/wp-content\/uploads\/2024\/11\/1-533x400.jpg\" alt=\"\" width=\"533\" height=\"400\" srcset=\"https:\/\/www.mundoagropecuario.cl\/new\/wp-content\/uploads\/2024\/11\/1-scaled.jpg 533w, https:\/\/www.mundoagropecuario.cl\/new\/wp-content\/uploads\/2024\/11\/1-177x133.jpg 177w, https:\/\/www.mundoagropecuario.cl\/new\/wp-content\/uploads\/2024\/11\/1-768x576.jpg 768w, https:\/\/www.mundoagropecuario.cl\/new\/wp-content\/uploads\/2024\/11\/1-1536x1152.jpg 1536w, https:\/\/www.mundoagropecuario.cl\/new\/wp-content\/uploads\/2024\/11\/1-2048x1536.jpg 2048w\" sizes=\"auto, (max-width: 533px) 100vw, 533px\" \/><\/a>Jessica Kramm, Directora de Sercotec Los Lagos, indic\u00f3 que \u201ceste tipo de encuentros con microempresarios en Osorno es muy importante. El Centro se ha esmerado en crear un entorno para microempresarios, lo cual fortalece estas iniciativas, donde pueden reunirse, conversar, conocerse y darse cuenta de que no est\u00e1n solos en Osorno. Hay m\u00e1s microempresas como ellos, que comparten los mismos desaf\u00edos y logros. Estos encuentros propician la creaci\u00f3n de alianzas y oportunidades de negocio, lo que es fundamental para el crecimiento conjunto\u201d.<\/p>\n<p>Por su parte Jaime Valdebenito, Jefe del <a href=\"https:\/\/www.sercotec.cl\/centros-de-negocios\/centro-de%E2%80%8B-desarrollo-de-negocios-osorno\/\">Centro de Negocios Osorn<\/a>o, se\u00f1al\u00f3 que \u201cno s\u00f3lo ofrecemos asesor\u00edas, tambi\u00e9n organizamos encuentros empresariales donde buscamos transmitir y comunicar conceptos como nuevos desaf\u00edos y tendencias, desarrollo de modelos de negocio, entre otros&#8221;.<\/p>\n<p>Finalmente, Jessica S\u00e1nchez, emprendedora de Zona del Queso, coment\u00f3 que \u201ceste seminario fue excelente, nos abri\u00f3 la mente sobre lo que sucede y c\u00f3mo debemos crecer. Como pyme, a veces nos estancamos en lo que ya somos. Al comenzar, quer\u00edamos hacer s\u00f3lo un tipo de queso y enfocarnos en que fuera el mejor, pero entendimos que hab\u00eda que diversificar e innovar para no quedarnos atr\u00e1s. Empezamos peque\u00f1os, pero la idea es seguir creciendo. Somos de Purranque, pero ya nos conocen en Puc\u00f3n, Santiago, Punta Arenas y m\u00e1s lugares, expandiendo as\u00ed nuestra zona de confort\u201d.<\/p>\n","protected":false},"excerpt":{"rendered":"<p>La Semana de las MiPymes, organizada por el Ministerio de Econom\u00eda, se celebr\u00f3 en Osorno con un encuentro empresarial centrado en las tendencias y desaf\u00edos para las micro y peque\u00f1as empresas. <\/p>\n","protected":false},"author":2,"featured_media":25735,"comment_status":"closed","ping_status":"closed","sticky":false,"template":"","format":"standard","meta":{"footnotes":""},"categories":[1945],"tags":[2090,9009,3083,7908,9010,5733,9004,9006,9005,9008,1954,9003,9007],"class_list":["post-25639","post","type-post","status-publish","format-standard","has-post-thumbnail","hentry","category-agricultura","tag-agricultura","tag-dialogo-publico-privado","tag-emprendimiento","tag-emprendimiento-de-la-region-de-los-lagos","tag-empresas","tag-empresas-agricolas","tag-encuentro-empresarial","tag-innovacion-pyme","tag-mipymes-chile","tag-negocios","tag-queso","tag-semana-mipymes","tag-sercotec-osorno"],"yoast_head":"<!-- This site is optimized with the Yoast SEO plugin v26.6 - https:\/\/yoast.com\/wordpress\/plugins\/seo\/ -->\n<title>Semana de las MiPymes en Osorno: Tendencias y Desaf\u00edos - Mundoagropecuario<\/title>\n<meta name=\"description\" content=\"Durante la Semana de las MiPymes, empresas de Osorno participaron en un encuentro empresarial sobre innovaci\u00f3n, nuevos desaf\u00edos y tendencias.\" \/>\n<meta name=\"robots\" content=\"index, follow, max-snippet:-1, max-image-preview:large, max-video-preview:-1\" \/>\n<link rel=\"canonical\" href=\"https:\/\/www.mundoagropecuario.cl\/new\/semana-de-las-mipymes-en-osorno-tendencias-y-desafios\/\" \/>\n<meta property=\"og:locale\" content=\"es_ES\" \/>\n<meta property=\"og:type\" content=\"article\" \/>\n<meta property=\"og:title\" content=\"Semana de las MiPymes en Osorno: Tendencias y Desaf\u00edos - Mundoagropecuario\" \/>\n<meta property=\"og:description\" content=\"Durante la Semana de las MiPymes, empresas de Osorno participaron en un encuentro empresarial sobre innovaci\u00f3n, nuevos desaf\u00edos y tendencias.\" \/>\n<meta property=\"og:url\" content=\"https:\/\/www.mundoagropecuario.cl\/new\/semana-de-las-mipymes-en-osorno-tendencias-y-desafios\/\" \/>\n<meta property=\"og:site_name\" content=\"Mundoagropecuario\" \/>\n<meta property=\"article:publisher\" content=\"https:\/\/www.facebook.com\/mundo.agropecuario.3\" \/>\n<meta property=\"article:published_time\" content=\"2024-11-11T15:29:14+00:00\" \/>\n<meta property=\"article:modified_time\" content=\"2024-11-14T20:40:11+00:00\" \/>\n<meta property=\"og:image\" content=\"https:\/\/www.mundoagropecuario.cl\/new\/wp-content\/uploads\/2024\/11\/MIP-scaled.jpg\" \/>\n\t<meta property=\"og:image:width\" content=\"720\" \/>\n\t<meta property=\"og:image:height\" content=\"392\" \/>\n\t<meta property=\"og:image:type\" content=\"image\/jpeg\" \/>\n<meta name=\"author\" content=\"mundo\" \/>\n<meta name=\"twitter:card\" content=\"summary_large_image\" \/>\n<meta name=\"twitter:creator\" content=\"@MundoAgropecuar\" \/>\n<meta name=\"twitter:site\" content=\"@MundoAgropecuar\" \/>\n<meta name=\"twitter:label1\" content=\"Escrito por\" \/>\n\t<meta name=\"twitter:data1\" content=\"mundo\" \/>\n\t<meta name=\"twitter:label2\" content=\"Tiempo de lectura\" \/>\n\t<meta name=\"twitter:data2\" content=\"3 minutos\" \/>\n<script type=\"application\/ld+json\" class=\"yoast-schema-graph\">{\"@context\":\"https:\/\/schema.org\",\"@graph\":[{\"@type\":\"Article\",\"@id\":\"https:\/\/www.mundoagropecuario.cl\/new\/semana-de-las-mipymes-en-osorno-tendencias-y-desafios\/#article\",\"isPartOf\":{\"@id\":\"https:\/\/www.mundoagropecuario.cl\/new\/semana-de-las-mipymes-en-osorno-tendencias-y-desafios\/\"},\"author\":{\"name\":\"mundo\",\"@id\":\"https:\/\/www.mundoagropecuario.cl\/new\/#\/schema\/person\/4e9f74a82a7dac260eb1c44b7eebeb18\"},\"headline\":\"Semana de las MiPymes en Osorno: Tendencias y Desaf\u00edos\",\"datePublished\":\"2024-11-11T15:29:14+00:00\",\"dateModified\":\"2024-11-14T20:40:11+00:00\",\"mainEntityOfPage\":{\"@id\":\"https:\/\/www.mundoagropecuario.cl\/new\/semana-de-las-mipymes-en-osorno-tendencias-y-desafios\/\"},\"wordCount\":484,\"publisher\":{\"@id\":\"https:\/\/www.mundoagropecuario.cl\/new\/#organization\"},\"image\":{\"@id\":\"https:\/\/www.mundoagropecuario.cl\/new\/semana-de-las-mipymes-en-osorno-tendencias-y-desafios\/#primaryimage\"},\"thumbnailUrl\":\"https:\/\/www.mundoagropecuario.cl\/new\/wp-content\/uploads\/2024\/11\/MIP-scaled.jpg\",\"keywords\":[\"Agricultura\",\"di\u00e1logo p\u00fablico-privado\",\"emprendimiento\",\"emprendimiento de la regi\u00f3n de Los Lagos\",\"empresas\",\"empresas agr\u00edcolas\",\"Encuentro empresarial\",\"Innovaci\u00f3n Pyme\",\"MiPymes Chile\",\"negocios\",\"queso\",\"Semana MiPymes\",\"Sercotec Osorno\"],\"articleSection\":[\"Agricultura\"],\"inLanguage\":\"es\"},{\"@type\":\"WebPage\",\"@id\":\"https:\/\/www.mundoagropecuario.cl\/new\/semana-de-las-mipymes-en-osorno-tendencias-y-desafios\/\",\"url\":\"https:\/\/www.mundoagropecuario.cl\/new\/semana-de-las-mipymes-en-osorno-tendencias-y-desafios\/\",\"name\":\"Semana de las MiPymes en Osorno: Tendencias y Desaf\u00edos - Mundoagropecuario\",\"isPartOf\":{\"@id\":\"https:\/\/www.mundoagropecuario.cl\/new\/#website\"},\"primaryImageOfPage\":{\"@id\":\"https:\/\/www.mundoagropecuario.cl\/new\/semana-de-las-mipymes-en-osorno-tendencias-y-desafios\/#primaryimage\"},\"image\":{\"@id\":\"https:\/\/www.mundoagropecuario.cl\/new\/semana-de-las-mipymes-en-osorno-tendencias-y-desafios\/#primaryimage\"},\"thumbnailUrl\":\"https:\/\/www.mundoagropecuario.cl\/new\/wp-content\/uploads\/2024\/11\/MIP-scaled.jpg\",\"datePublished\":\"2024-11-11T15:29:14+00:00\",\"dateModified\":\"2024-11-14T20:40:11+00:00\",\"description\":\"Durante la Semana de las MiPymes, empresas de Osorno participaron en un encuentro empresarial sobre innovaci\u00f3n, nuevos desaf\u00edos y tendencias.\",\"breadcrumb\":{\"@id\":\"https:\/\/www.mundoagropecuario.cl\/new\/semana-de-las-mipymes-en-osorno-tendencias-y-desafios\/#breadcrumb\"},\"inLanguage\":\"es\",\"potentialAction\":[{\"@type\":\"ReadAction\",\"target\":[\"https:\/\/www.mundoagropecuario.cl\/new\/semana-de-las-mipymes-en-osorno-tendencias-y-desafios\/\"]}]},{\"@type\":\"ImageObject\",\"inLanguage\":\"es\",\"@id\":\"https:\/\/www.mundoagropecuario.cl\/new\/semana-de-las-mipymes-en-osorno-tendencias-y-desafios\/#primaryimage\",\"url\":\"https:\/\/www.mundoagropecuario.cl\/new\/wp-content\/uploads\/2024\/11\/MIP-scaled.jpg\",\"contentUrl\":\"https:\/\/www.mundoagropecuario.cl\/new\/wp-content\/uploads\/2024\/11\/MIP-scaled.jpg\",\"width\":720,\"height\":392},{\"@type\":\"BreadcrumbList\",\"@id\":\"https:\/\/www.mundoagropecuario.cl\/new\/semana-de-las-mipymes-en-osorno-tendencias-y-desafios\/#breadcrumb\",\"itemListElement\":[{\"@type\":\"ListItem\",\"position\":1,\"name\":\"Portada\",\"item\":\"https:\/\/www.mundoagropecuario.cl\/new\/\"},{\"@type\":\"ListItem\",\"position\":2,\"name\":\"Semana de las MiPymes en Osorno: Tendencias y Desaf\u00edos\"}]},{\"@type\":\"WebSite\",\"@id\":\"https:\/\/www.mundoagropecuario.cl\/new\/#website\",\"url\":\"https:\/\/www.mundoagropecuario.cl\/new\/\",\"name\":\"Mundoagropecuario\",\"description\":\"Mundo Agropecuario\",\"publisher\":{\"@id\":\"https:\/\/www.mundoagropecuario.cl\/new\/#organization\"},\"potentialAction\":[{\"@type\":\"SearchAction\",\"target\":{\"@type\":\"EntryPoint\",\"urlTemplate\":\"https:\/\/www.mundoagropecuario.cl\/new\/?s={search_term_string}\"},\"query-input\":{\"@type\":\"PropertyValueSpecification\",\"valueRequired\":true,\"valueName\":\"search_term_string\"}}],\"inLanguage\":\"es\"},{\"@type\":\"Organization\",\"@id\":\"https:\/\/www.mundoagropecuario.cl\/new\/#organization\",\"name\":\"Revista de Agricultura\",\"url\":\"https:\/\/www.mundoagropecuario.cl\/new\/\",\"logo\":{\"@type\":\"ImageObject\",\"inLanguage\":\"es\",\"@id\":\"https:\/\/www.mundoagropecuario.cl\/new\/#\/schema\/logo\/image\/\",\"url\":\"https:\/\/www.mundoagropecuario.cl\/new\/wp-content\/uploads\/2020\/11\/PORTAL-1-1.png\",\"contentUrl\":\"https:\/\/www.mundoagropecuario.cl\/new\/wp-content\/uploads\/2020\/11\/PORTAL-1-1.png\",\"width\":1026,\"height\":100,\"caption\":\"Revista de Agricultura\"},\"image\":{\"@id\":\"https:\/\/www.mundoagropecuario.cl\/new\/#\/schema\/logo\/image\/\"},\"sameAs\":[\"https:\/\/www.facebook.com\/mundo.agropecuario.3\",\"https:\/\/x.com\/MundoAgropecuar\",\"https:\/\/www.linkedin.com\/in\/mundo-agropecuario-934009201\/\"]},{\"@type\":\"Person\",\"@id\":\"https:\/\/www.mundoagropecuario.cl\/new\/#\/schema\/person\/4e9f74a82a7dac260eb1c44b7eebeb18\",\"name\":\"mundo\",\"url\":\"https:\/\/www.mundoagropecuario.cl\/new\/author\/mundo\/\"}]}<\/script>\n<!-- \/ Yoast SEO plugin. -->","yoast_head_json":{"title":"Semana de las MiPymes en Osorno: Tendencias y Desaf\u00edos - Mundoagropecuario","description":"Durante la Semana de las MiPymes, empresas de Osorno participaron en un encuentro empresarial sobre innovaci\u00f3n, nuevos desaf\u00edos y tendencias.","robots":{"index":"index","follow":"follow","max-snippet":"max-snippet:-1","max-image-preview":"max-image-preview:large","max-video-preview":"max-video-preview:-1"},"canonical":"https:\/\/www.mundoagropecuario.cl\/new\/semana-de-las-mipymes-en-osorno-tendencias-y-desafios\/","og_locale":"es_ES","og_type":"article","og_title":"Semana de las MiPymes en Osorno: Tendencias y Desaf\u00edos - Mundoagropecuario","og_description":"Durante la Semana de las MiPymes, empresas de Osorno participaron en un encuentro empresarial sobre innovaci\u00f3n, nuevos desaf\u00edos y tendencias.","og_url":"https:\/\/www.mundoagropecuario.cl\/new\/semana-de-las-mipymes-en-osorno-tendencias-y-desafios\/","og_site_name":"Mundoagropecuario","article_publisher":"https:\/\/www.facebook.com\/mundo.agropecuario.3","article_published_time":"2024-11-11T15:29:14+00:00","article_modified_time":"2024-11-14T20:40:11+00:00","og_image":[{"width":720,"height":392,"url":"https:\/\/www.mundoagropecuario.cl\/new\/wp-content\/uploads\/2024\/11\/MIP-scaled.jpg","type":"image\/jpeg"}],"author":"mundo","twitter_card":"summary_large_image","twitter_creator":"@MundoAgropecuar","twitter_site":"@MundoAgropecuar","twitter_misc":{"Escrito por":"mundo","Tiempo de lectura":"3 minutos"},"schema":{"@context":"https:\/\/schema.org","@graph":[{"@type":"Article","@id":"https:\/\/www.mundoagropecuario.cl\/new\/semana-de-las-mipymes-en-osorno-tendencias-y-desafios\/#article","isPartOf":{"@id":"https:\/\/www.mundoagropecuario.cl\/new\/semana-de-las-mipymes-en-osorno-tendencias-y-desafios\/"},"author":{"name":"mundo","@id":"https:\/\/www.mundoagropecuario.cl\/new\/#\/schema\/person\/4e9f74a82a7dac260eb1c44b7eebeb18"},"headline":"Semana de las MiPymes en Osorno: Tendencias y Desaf\u00edos","datePublished":"2024-11-11T15:29:14+00:00","dateModified":"2024-11-14T20:40:11+00:00","mainEntityOfPage":{"@id":"https:\/\/www.mundoagropecuario.cl\/new\/semana-de-las-mipymes-en-osorno-tendencias-y-desafios\/"},"wordCount":484,"publisher":{"@id":"https:\/\/www.mundoagropecuario.cl\/new\/#organization"},"image":{"@id":"https:\/\/www.mundoagropecuario.cl\/new\/semana-de-las-mipymes-en-osorno-tendencias-y-desafios\/#primaryimage"},"thumbnailUrl":"https:\/\/www.mundoagropecuario.cl\/new\/wp-content\/uploads\/2024\/11\/MIP-scaled.jpg","keywords":["Agricultura","di\u00e1logo p\u00fablico-privado","emprendimiento","emprendimiento de la regi\u00f3n de Los Lagos","empresas","empresas agr\u00edcolas","Encuentro empresarial","Innovaci\u00f3n Pyme","MiPymes Chile","negocios","queso","Semana MiPymes","Sercotec Osorno"],"articleSection":["Agricultura"],"inLanguage":"es"},{"@type":"WebPage","@id":"https:\/\/www.mundoagropecuario.cl\/new\/semana-de-las-mipymes-en-osorno-tendencias-y-desafios\/","url":"https:\/\/www.mundoagropecuario.cl\/new\/semana-de-las-mipymes-en-osorno-tendencias-y-desafios\/","name":"Semana de las MiPymes en Osorno: Tendencias y Desaf\u00edos - Mundoagropecuario","isPartOf":{"@id":"https:\/\/www.mundoagropecuario.cl\/new\/#website"},"primaryImageOfPage":{"@id":"https:\/\/www.mundoagropecuario.cl\/new\/semana-de-las-mipymes-en-osorno-tendencias-y-desafios\/#primaryimage"},"image":{"@id":"https:\/\/www.mundoagropecuario.cl\/new\/semana-de-las-mipymes-en-osorno-tendencias-y-desafios\/#primaryimage"},"thumbnailUrl":"https:\/\/www.mundoagropecuario.cl\/new\/wp-content\/uploads\/2024\/11\/MIP-scaled.jpg","datePublished":"2024-11-11T15:29:14+00:00","dateModified":"2024-11-14T20:40:11+00:00","description":"Durante la Semana de las MiPymes, empresas de Osorno participaron en un encuentro empresarial sobre innovaci\u00f3n, nuevos desaf\u00edos y tendencias.","breadcrumb":{"@id":"https:\/\/www.mundoagropecuario.cl\/new\/semana-de-las-mipymes-en-osorno-tendencias-y-desafios\/#breadcrumb"},"inLanguage":"es","potentialAction":[{"@type":"ReadAction","target":["https:\/\/www.mundoagropecuario.cl\/new\/semana-de-las-mipymes-en-osorno-tendencias-y-desafios\/"]}]},{"@type":"ImageObject","inLanguage":"es","@id":"https:\/\/www.mundoagropecuario.cl\/new\/semana-de-las-mipymes-en-osorno-tendencias-y-desafios\/#primaryimage","url":"https:\/\/www.mundoagropecuario.cl\/new\/wp-content\/uploads\/2024\/11\/MIP-scaled.jpg","contentUrl":"https:\/\/www.mundoagropecuario.cl\/new\/wp-content\/uploads\/2024\/11\/MIP-scaled.jpg","width":720,"height":392},{"@type":"BreadcrumbList","@id":"https:\/\/www.mundoagropecuario.cl\/new\/semana-de-las-mipymes-en-osorno-tendencias-y-desafios\/#breadcrumb","itemListElement":[{"@type":"ListItem","position":1,"name":"Portada","item":"https:\/\/www.mundoagropecuario.cl\/new\/"},{"@type":"ListItem","position":2,"name":"Semana de las MiPymes en Osorno: Tendencias y Desaf\u00edos"}]},{"@type":"WebSite","@id":"https:\/\/www.mundoagropecuario.cl\/new\/#website","url":"https:\/\/www.mundoagropecuario.cl\/new\/","name":"Mundoagropecuario","description":"Mundo Agropecuario","publisher":{"@id":"https:\/\/www.mundoagropecuario.cl\/new\/#organization"},"potentialAction":[{"@type":"SearchAction","target":{"@type":"EntryPoint","urlTemplate":"https:\/\/www.mundoagropecuario.cl\/new\/?s={search_term_string}"},"query-input":{"@type":"PropertyValueSpecification","valueRequired":true,"valueName":"search_term_string"}}],"inLanguage":"es"},{"@type":"Organization","@id":"https:\/\/www.mundoagropecuario.cl\/new\/#organization","name":"Revista de Agricultura","url":"https:\/\/www.mundoagropecuario.cl\/new\/","logo":{"@type":"ImageObject","inLanguage":"es","@id":"https:\/\/www.mundoagropecuario.cl\/new\/#\/schema\/logo\/image\/","url":"https:\/\/www.mundoagropecuario.cl\/new\/wp-content\/uploads\/2020\/11\/PORTAL-1-1.png","contentUrl":"https:\/\/www.mundoagropecuario.cl\/new\/wp-content\/uploads\/2020\/11\/PORTAL-1-1.png","width":1026,"height":100,"caption":"Revista de Agricultura"},"image":{"@id":"https:\/\/www.mundoagropecuario.cl\/new\/#\/schema\/logo\/image\/"},"sameAs":["https:\/\/www.facebook.com\/mundo.agropecuario.3","https:\/\/x.com\/MundoAgropecuar","https:\/\/www.linkedin.com\/in\/mundo-agropecuario-934009201\/"]},{"@type":"Person","@id":"https:\/\/www.mundoagropecuario.cl\/new\/#\/schema\/person\/4e9f74a82a7dac260eb1c44b7eebeb18","name":"mundo","url":"https:\/\/www.mundoagropecuario.cl\/new\/author\/mundo\/"}]}},"_links":{"self":[{"href":"https:\/\/www.mundoagropecuario.cl\/new\/wp-json\/wp\/v2\/posts\/25639","targetHints":{"allow":["GET"]}}],"collection":[{"href":"https:\/\/www.mundoagropecuario.cl\/new\/wp-json\/wp\/v2\/posts"}],"about":[{"href":"https:\/\/www.mundoagropecuario.cl\/new\/wp-json\/wp\/v2\/types\/post"}],"author":[{"embeddable":true,"href":"https:\/\/www.mundoagropecuario.cl\/new\/wp-json\/wp\/v2\/users\/2"}],"replies":[{"embeddable":true,"href":"https:\/\/www.mundoagropecuario.cl\/new\/wp-json\/wp\/v2\/comments?post=25639"}],"version-history":[{"count":5,"href":"https:\/\/www.mundoagropecuario.cl\/new\/wp-json\/wp\/v2\/posts\/25639\/revisions"}],"predecessor-version":[{"id":25647,"href":"https:\/\/www.mundoagropecuario.cl\/new\/wp-json\/wp\/v2\/posts\/25639\/revisions\/25647"}],"wp:featuredmedia":[{"embeddable":true,"href":"https:\/\/www.mundoagropecuario.cl\/new\/wp-json\/wp\/v2\/media\/25735"}],"wp:attachment":[{"href":"https:\/\/www.mundoagropecuario.cl\/new\/wp-json\/wp\/v2\/media?parent=25639"}],"wp:term":[{"taxonomy":"category","embeddable":true,"href":"https:\/\/www.mundoagropecuario.cl\/new\/wp-json\/wp\/v2\/categories?post=25639"},{"taxonomy":"post_tag","embeddable":true,"href":"https:\/\/www.mundoagropecuario.cl\/new\/wp-json\/wp\/v2\/tags?post=25639"}],"curies":[{"name":"wp","href":"https:\/\/api.w.org\/{rel}","templated":true}]}}