{"id":25634,"date":"2024-11-11T11:57:56","date_gmt":"2024-11-11T14:57:56","guid":{"rendered":"https:\/\/www.mundoagropecuario.cl\/new\/?p=25634"},"modified":"2024-11-12T10:10:05","modified_gmt":"2024-11-12T13:10:05","slug":"cientificos-del-cono-sur-promueven-el-agro-sostenible-en-puerto-varas","status":"publish","type":"post","link":"https:\/\/www.mundoagropecuario.cl\/new\/cientificos-del-cono-sur-promueven-el-agro-sostenible-en-puerto-varas\/","title":{"rendered":"Cient\u00edficos del Cono Sur Promueven el Agro Sostenible en Puerto Varas"},"content":{"rendered":"<p>Representantes de diversos pa\u00edses del Cono Sur, junto con directivos del Programa PROCISUR y el Instituto Interamericano de Cooperaci\u00f3n para la Agricultura (IICA), se dieron cita en Puerto Varas para evaluar el impacto de sus iniciativas conjuntas en el sector agroalimentario.<\/p>\n<p>En esta reuni\u00f3n, se discutieron los avances en la implementaci\u00f3n de tecnolog\u00edas sostenibles y se trazaron nuevas metas de colaboraci\u00f3n para los pr\u00f3ximos a\u00f1os. La jornada incluy\u00f3 una visita al <a href=\"https:\/\/www.inia.cl\/remehue\/\">INIA Remehue<\/a>, en la que se presentaron los \u00faltimos avances en investigaci\u00f3n y desarrollo agr\u00edcola en el sur de Chile.<\/p>\n<h4>Visita al INIA Remehue<\/h4>\n<p>El Dr. Manuel Mu\u00f1oz, director regional de INIA Remehue, destac\u00f3 los logros cient\u00edficos y tecnol\u00f3gicos impulsados por el INIA en las regiones de Los Lagos y Los R\u00edos con el desaf\u00edo de avanzar hacia sistemas agroalimentarios m\u00e1s sostenibles en rubro como la ganader\u00eda bovina de leche y carne, la producci\u00f3n ovina, cultivos como la papa, cereales, as\u00ed como hortalizas y frutales, entre otros.<\/p>\n<p>A continuaci\u00f3n, la delegaci\u00f3n recorri\u00f3 las unidades de investigaci\u00f3n, donde se presentaron los avances y proyectos clave que se est\u00e1n desarrollando en la zona sur de Chile.<\/p>\n<p><a href=\"https:\/\/www.mundoagropecuario.cl\/new\/wp-content\/uploads\/2024\/11\/foto-2-inia-remehue-scaled.jpg\"><img loading=\"lazy\" decoding=\"async\" class=\"alignright wp-image-25637 \" src=\"https:\/\/www.mundoagropecuario.cl\/new\/wp-content\/uploads\/2024\/11\/foto-2-inia-remehue-547x400.jpg\" alt=\"\" width=\"557\" height=\"407\" srcset=\"https:\/\/www.mundoagropecuario.cl\/new\/wp-content\/uploads\/2024\/11\/foto-2-inia-remehue-547x400.jpg 547w, https:\/\/www.mundoagropecuario.cl\/new\/wp-content\/uploads\/2024\/11\/foto-2-inia-remehue-182x133.jpg 182w, https:\/\/www.mundoagropecuario.cl\/new\/wp-content\/uploads\/2024\/11\/foto-2-inia-remehue-768x561.jpg 768w, https:\/\/www.mundoagropecuario.cl\/new\/wp-content\/uploads\/2024\/11\/foto-2-inia-remehue-scaled.jpg 548w\" sizes=\"auto, (max-width: 557px) 100vw, 557px\" \/><\/a><\/p>\n<p>Lo primero fue una visita a la Lecher\u00eda Robotizada de INIA Remehue en la que hay una Unidad Demostrativa de Sistema de Orde\u00f1a Voluntaria, a cargo del Dr. Sergio Iraira, investigador de INIA Remehue.<\/p>\n<p>Luego, el Dr. Francisco Salazar, especialista en temas ambientales de INIA, dio a conocer resultados de estudios de balance de carbono en predios agr\u00edcolas de la zona sur de Chile.<\/p>\n<p>Posteriormente, las visitas extranjeras conocieron a nueva Planta de Innovaci\u00f3n Alimentaria destinada al desarrollo de prototipos de quesos artesanos de autor y otros productos l\u00e1cteos innovadores, junto al Dr. Nicol\u00e1s Pizarro.<\/p>\n<p>Finalmente, Carolina Folch, investigadora del \u00e1rea de biotecnolog\u00eda, expuso las capacidades desarrolladas y los logros del Programa de Mejoramiento Gen\u00e9tico de Papa de INIA, que a la fecha ha liberado 16 variedades de papa.<\/p>\n<p>El cierre de la jornada estuvo a cargo de Dra. Cecilia Gianoni, secretaria ejecutiva del PROCISUR, quien agradeci\u00f3 la visita a INIA Remehue y destac\u00f3 el compromiso que hay de fomentar la colaboraci\u00f3n, compartir conocimientos e impulsar la innovaci\u00f3n en el sector agroalimentario del Cono Sur de Am\u00e9rica.<\/p>\n<p>&nbsp;<\/p>\n","protected":false},"excerpt":{"rendered":"<p>Cient\u00edficos y autoridades del Cono Sur, incluidos representantes de Argentina, Brasil, Chile, Paraguay y Uruguay, se reunieron para revisar los avances del Programa PROCISUR. Durante el encuentro, se destac\u00f3 el compromiso con el desarrollo tecnol\u00f3gico y sostenible del agro.<\/p>\n","protected":false},"author":2,"featured_media":25635,"comment_status":"closed","ping_status":"closed","sticky":false,"template":"","format":"standard","meta":{"footnotes":""},"categories":[1945],"tags":[2090,3127,2675,4494,2943,9011,7444,2052,1993,2128],"class_list":["post-25634","post","type-post","status-publish","format-standard","has-post-thumbnail","hentry","category-agricultura","tag-agricultura","tag-agro","tag-agroalimentario","tag-agropecuario","tag-cereales","tag-desarrollo-sostenible","tag-ganaderia-bovina","tag-inia","tag-inia-remehue","tag-papas"],"yoast_head":"<!-- This site is optimized with the Yoast SEO plugin v26.6 - https:\/\/yoast.com\/wordpress\/plugins\/seo\/ -->\n<title>Cient\u00edficos del Cono Sur Promueven el Agro Sostenible en Puerto Varas - Mundoagropecuario<\/title>\n<meta name=\"description\" content=\"Cient\u00edficos del Cono Sur se re\u00fanen en Puerto Varas para avanzar en el desarrollo tecnol\u00f3gico y sostenible del agro.\" \/>\n<meta name=\"robots\" content=\"index, follow, max-snippet:-1, max-image-preview:large, max-video-preview:-1\" \/>\n<link rel=\"canonical\" href=\"https:\/\/www.mundoagropecuario.cl\/new\/cientificos-del-cono-sur-promueven-el-agro-sostenible-en-puerto-varas\/\" \/>\n<meta property=\"og:locale\" content=\"es_ES\" \/>\n<meta property=\"og:type\" content=\"article\" \/>\n<meta property=\"og:title\" content=\"Cient\u00edficos del Cono Sur Promueven el Agro Sostenible en Puerto Varas - Mundoagropecuario\" \/>\n<meta property=\"og:description\" content=\"Cient\u00edficos del Cono Sur se re\u00fanen en Puerto Varas para avanzar en el desarrollo tecnol\u00f3gico y sostenible del agro.\" \/>\n<meta property=\"og:url\" content=\"https:\/\/www.mundoagropecuario.cl\/new\/cientificos-del-cono-sur-promueven-el-agro-sostenible-en-puerto-varas\/\" \/>\n<meta property=\"og:site_name\" content=\"Mundoagropecuario\" \/>\n<meta property=\"article:publisher\" content=\"https:\/\/www.facebook.com\/mundo.agropecuario.3\" \/>\n<meta property=\"article:published_time\" content=\"2024-11-11T14:57:56+00:00\" \/>\n<meta property=\"article:modified_time\" content=\"2024-11-12T13:10:05+00:00\" \/>\n<meta property=\"og:image\" content=\"https:\/\/www.mundoagropecuario.cl\/new\/wp-content\/uploads\/2024\/11\/Plantilla-estandar-mundo-acuicola-scaled.jpg\" \/>\n\t<meta property=\"og:image:width\" content=\"720\" \/>\n\t<meta property=\"og:image:height\" content=\"384\" \/>\n\t<meta property=\"og:image:type\" content=\"image\/jpeg\" \/>\n<meta name=\"author\" content=\"mundo\" \/>\n<meta name=\"twitter:card\" content=\"summary_large_image\" \/>\n<meta name=\"twitter:creator\" content=\"@MundoAgropecuar\" \/>\n<meta name=\"twitter:site\" content=\"@MundoAgropecuar\" \/>\n<meta name=\"twitter:label1\" content=\"Escrito por\" \/>\n\t<meta name=\"twitter:data1\" content=\"mundo\" \/>\n\t<meta name=\"twitter:label2\" content=\"Tiempo de lectura\" \/>\n\t<meta name=\"twitter:data2\" content=\"3 minutos\" \/>\n<script type=\"application\/ld+json\" class=\"yoast-schema-graph\">{\"@context\":\"https:\/\/schema.org\",\"@graph\":[{\"@type\":\"Article\",\"@id\":\"https:\/\/www.mundoagropecuario.cl\/new\/cientificos-del-cono-sur-promueven-el-agro-sostenible-en-puerto-varas\/#article\",\"isPartOf\":{\"@id\":\"https:\/\/www.mundoagropecuario.cl\/new\/cientificos-del-cono-sur-promueven-el-agro-sostenible-en-puerto-varas\/\"},\"author\":{\"name\":\"mundo\",\"@id\":\"https:\/\/www.mundoagropecuario.cl\/new\/#\/schema\/person\/4e9f74a82a7dac260eb1c44b7eebeb18\"},\"headline\":\"Cient\u00edficos del Cono Sur Promueven el Agro Sostenible en Puerto Varas\",\"datePublished\":\"2024-11-11T14:57:56+00:00\",\"dateModified\":\"2024-11-12T13:10:05+00:00\",\"mainEntityOfPage\":{\"@id\":\"https:\/\/www.mundoagropecuario.cl\/new\/cientificos-del-cono-sur-promueven-el-agro-sostenible-en-puerto-varas\/\"},\"wordCount\":407,\"publisher\":{\"@id\":\"https:\/\/www.mundoagropecuario.cl\/new\/#organization\"},\"image\":{\"@id\":\"https:\/\/www.mundoagropecuario.cl\/new\/cientificos-del-cono-sur-promueven-el-agro-sostenible-en-puerto-varas\/#primaryimage\"},\"thumbnailUrl\":\"https:\/\/www.mundoagropecuario.cl\/new\/wp-content\/uploads\/2024\/11\/Plantilla-estandar-mundo-acuicola-scaled.jpg\",\"keywords\":[\"Agricultura\",\"Agro\",\"agroalimentario\",\"Agropecuario\",\"cereales\",\"desarrollo sostenible\",\"ganader\u00eda bovina\",\"INIA\",\"INIA Remehue\",\"Papas\"],\"articleSection\":[\"Agricultura\"],\"inLanguage\":\"es\"},{\"@type\":\"WebPage\",\"@id\":\"https:\/\/www.mundoagropecuario.cl\/new\/cientificos-del-cono-sur-promueven-el-agro-sostenible-en-puerto-varas\/\",\"url\":\"https:\/\/www.mundoagropecuario.cl\/new\/cientificos-del-cono-sur-promueven-el-agro-sostenible-en-puerto-varas\/\",\"name\":\"Cient\u00edficos del Cono Sur Promueven el Agro Sostenible en Puerto Varas - Mundoagropecuario\",\"isPartOf\":{\"@id\":\"https:\/\/www.mundoagropecuario.cl\/new\/#website\"},\"primaryImageOfPage\":{\"@id\":\"https:\/\/www.mundoagropecuario.cl\/new\/cientificos-del-cono-sur-promueven-el-agro-sostenible-en-puerto-varas\/#primaryimage\"},\"image\":{\"@id\":\"https:\/\/www.mundoagropecuario.cl\/new\/cientificos-del-cono-sur-promueven-el-agro-sostenible-en-puerto-varas\/#primaryimage\"},\"thumbnailUrl\":\"https:\/\/www.mundoagropecuario.cl\/new\/wp-content\/uploads\/2024\/11\/Plantilla-estandar-mundo-acuicola-scaled.jpg\",\"datePublished\":\"2024-11-11T14:57:56+00:00\",\"dateModified\":\"2024-11-12T13:10:05+00:00\",\"description\":\"Cient\u00edficos del Cono Sur se re\u00fanen en Puerto Varas para avanzar en el desarrollo tecnol\u00f3gico y sostenible del agro.\",\"breadcrumb\":{\"@id\":\"https:\/\/www.mundoagropecuario.cl\/new\/cientificos-del-cono-sur-promueven-el-agro-sostenible-en-puerto-varas\/#breadcrumb\"},\"inLanguage\":\"es\",\"potentialAction\":[{\"@type\":\"ReadAction\",\"target\":[\"https:\/\/www.mundoagropecuario.cl\/new\/cientificos-del-cono-sur-promueven-el-agro-sostenible-en-puerto-varas\/\"]}]},{\"@type\":\"ImageObject\",\"inLanguage\":\"es\",\"@id\":\"https:\/\/www.mundoagropecuario.cl\/new\/cientificos-del-cono-sur-promueven-el-agro-sostenible-en-puerto-varas\/#primaryimage\",\"url\":\"https:\/\/www.mundoagropecuario.cl\/new\/wp-content\/uploads\/2024\/11\/Plantilla-estandar-mundo-acuicola-scaled.jpg\",\"contentUrl\":\"https:\/\/www.mundoagropecuario.cl\/new\/wp-content\/uploads\/2024\/11\/Plantilla-estandar-mundo-acuicola-scaled.jpg\",\"width\":720,\"height\":384},{\"@type\":\"BreadcrumbList\",\"@id\":\"https:\/\/www.mundoagropecuario.cl\/new\/cientificos-del-cono-sur-promueven-el-agro-sostenible-en-puerto-varas\/#breadcrumb\",\"itemListElement\":[{\"@type\":\"ListItem\",\"position\":1,\"name\":\"Portada\",\"item\":\"https:\/\/www.mundoagropecuario.cl\/new\/\"},{\"@type\":\"ListItem\",\"position\":2,\"name\":\"Cient\u00edficos del Cono Sur Promueven el Agro Sostenible en Puerto Varas\"}]},{\"@type\":\"WebSite\",\"@id\":\"https:\/\/www.mundoagropecuario.cl\/new\/#website\",\"url\":\"https:\/\/www.mundoagropecuario.cl\/new\/\",\"name\":\"Mundoagropecuario\",\"description\":\"Mundo Agropecuario\",\"publisher\":{\"@id\":\"https:\/\/www.mundoagropecuario.cl\/new\/#organization\"},\"potentialAction\":[{\"@type\":\"SearchAction\",\"target\":{\"@type\":\"EntryPoint\",\"urlTemplate\":\"https:\/\/www.mundoagropecuario.cl\/new\/?s={search_term_string}\"},\"query-input\":{\"@type\":\"PropertyValueSpecification\",\"valueRequired\":true,\"valueName\":\"search_term_string\"}}],\"inLanguage\":\"es\"},{\"@type\":\"Organization\",\"@id\":\"https:\/\/www.mundoagropecuario.cl\/new\/#organization\",\"name\":\"Revista de Agricultura\",\"url\":\"https:\/\/www.mundoagropecuario.cl\/new\/\",\"logo\":{\"@type\":\"ImageObject\",\"inLanguage\":\"es\",\"@id\":\"https:\/\/www.mundoagropecuario.cl\/new\/#\/schema\/logo\/image\/\",\"url\":\"https:\/\/www.mundoagropecuario.cl\/new\/wp-content\/uploads\/2020\/11\/PORTAL-1-1.png\",\"contentUrl\":\"https:\/\/www.mundoagropecuario.cl\/new\/wp-content\/uploads\/2020\/11\/PORTAL-1-1.png\",\"width\":1026,\"height\":100,\"caption\":\"Revista de Agricultura\"},\"image\":{\"@id\":\"https:\/\/www.mundoagropecuario.cl\/new\/#\/schema\/logo\/image\/\"},\"sameAs\":[\"https:\/\/www.facebook.com\/mundo.agropecuario.3\",\"https:\/\/x.com\/MundoAgropecuar\",\"https:\/\/www.linkedin.com\/in\/mundo-agropecuario-934009201\/\"]},{\"@type\":\"Person\",\"@id\":\"https:\/\/www.mundoagropecuario.cl\/new\/#\/schema\/person\/4e9f74a82a7dac260eb1c44b7eebeb18\",\"name\":\"mundo\",\"url\":\"https:\/\/www.mundoagropecuario.cl\/new\/author\/mundo\/\"}]}<\/script>\n<!-- \/ Yoast SEO plugin. -->","yoast_head_json":{"title":"Cient\u00edficos del Cono Sur Promueven el Agro Sostenible en Puerto Varas - Mundoagropecuario","description":"Cient\u00edficos del Cono Sur se re\u00fanen en Puerto Varas para avanzar en el desarrollo tecnol\u00f3gico y sostenible del agro.","robots":{"index":"index","follow":"follow","max-snippet":"max-snippet:-1","max-image-preview":"max-image-preview:large","max-video-preview":"max-video-preview:-1"},"canonical":"https:\/\/www.mundoagropecuario.cl\/new\/cientificos-del-cono-sur-promueven-el-agro-sostenible-en-puerto-varas\/","og_locale":"es_ES","og_type":"article","og_title":"Cient\u00edficos del Cono Sur Promueven el Agro Sostenible en Puerto Varas - Mundoagropecuario","og_description":"Cient\u00edficos del Cono Sur se re\u00fanen en Puerto Varas para avanzar en el desarrollo tecnol\u00f3gico y sostenible del agro.","og_url":"https:\/\/www.mundoagropecuario.cl\/new\/cientificos-del-cono-sur-promueven-el-agro-sostenible-en-puerto-varas\/","og_site_name":"Mundoagropecuario","article_publisher":"https:\/\/www.facebook.com\/mundo.agropecuario.3","article_published_time":"2024-11-11T14:57:56+00:00","article_modified_time":"2024-11-12T13:10:05+00:00","og_image":[{"width":720,"height":384,"url":"https:\/\/www.mundoagropecuario.cl\/new\/wp-content\/uploads\/2024\/11\/Plantilla-estandar-mundo-acuicola-scaled.jpg","type":"image\/jpeg"}],"author":"mundo","twitter_card":"summary_large_image","twitter_creator":"@MundoAgropecuar","twitter_site":"@MundoAgropecuar","twitter_misc":{"Escrito por":"mundo","Tiempo de lectura":"3 minutos"},"schema":{"@context":"https:\/\/schema.org","@graph":[{"@type":"Article","@id":"https:\/\/www.mundoagropecuario.cl\/new\/cientificos-del-cono-sur-promueven-el-agro-sostenible-en-puerto-varas\/#article","isPartOf":{"@id":"https:\/\/www.mundoagropecuario.cl\/new\/cientificos-del-cono-sur-promueven-el-agro-sostenible-en-puerto-varas\/"},"author":{"name":"mundo","@id":"https:\/\/www.mundoagropecuario.cl\/new\/#\/schema\/person\/4e9f74a82a7dac260eb1c44b7eebeb18"},"headline":"Cient\u00edficos del Cono Sur Promueven el Agro Sostenible en Puerto Varas","datePublished":"2024-11-11T14:57:56+00:00","dateModified":"2024-11-12T13:10:05+00:00","mainEntityOfPage":{"@id":"https:\/\/www.mundoagropecuario.cl\/new\/cientificos-del-cono-sur-promueven-el-agro-sostenible-en-puerto-varas\/"},"wordCount":407,"publisher":{"@id":"https:\/\/www.mundoagropecuario.cl\/new\/#organization"},"image":{"@id":"https:\/\/www.mundoagropecuario.cl\/new\/cientificos-del-cono-sur-promueven-el-agro-sostenible-en-puerto-varas\/#primaryimage"},"thumbnailUrl":"https:\/\/www.mundoagropecuario.cl\/new\/wp-content\/uploads\/2024\/11\/Plantilla-estandar-mundo-acuicola-scaled.jpg","keywords":["Agricultura","Agro","agroalimentario","Agropecuario","cereales","desarrollo sostenible","ganader\u00eda bovina","INIA","INIA Remehue","Papas"],"articleSection":["Agricultura"],"inLanguage":"es"},{"@type":"WebPage","@id":"https:\/\/www.mundoagropecuario.cl\/new\/cientificos-del-cono-sur-promueven-el-agro-sostenible-en-puerto-varas\/","url":"https:\/\/www.mundoagropecuario.cl\/new\/cientificos-del-cono-sur-promueven-el-agro-sostenible-en-puerto-varas\/","name":"Cient\u00edficos del Cono Sur Promueven el Agro Sostenible en Puerto Varas - Mundoagropecuario","isPartOf":{"@id":"https:\/\/www.mundoagropecuario.cl\/new\/#website"},"primaryImageOfPage":{"@id":"https:\/\/www.mundoagropecuario.cl\/new\/cientificos-del-cono-sur-promueven-el-agro-sostenible-en-puerto-varas\/#primaryimage"},"image":{"@id":"https:\/\/www.mundoagropecuario.cl\/new\/cientificos-del-cono-sur-promueven-el-agro-sostenible-en-puerto-varas\/#primaryimage"},"thumbnailUrl":"https:\/\/www.mundoagropecuario.cl\/new\/wp-content\/uploads\/2024\/11\/Plantilla-estandar-mundo-acuicola-scaled.jpg","datePublished":"2024-11-11T14:57:56+00:00","dateModified":"2024-11-12T13:10:05+00:00","description":"Cient\u00edficos del Cono Sur se re\u00fanen en Puerto Varas para avanzar en el desarrollo tecnol\u00f3gico y sostenible del agro.","breadcrumb":{"@id":"https:\/\/www.mundoagropecuario.cl\/new\/cientificos-del-cono-sur-promueven-el-agro-sostenible-en-puerto-varas\/#breadcrumb"},"inLanguage":"es","potentialAction":[{"@type":"ReadAction","target":["https:\/\/www.mundoagropecuario.cl\/new\/cientificos-del-cono-sur-promueven-el-agro-sostenible-en-puerto-varas\/"]}]},{"@type":"ImageObject","inLanguage":"es","@id":"https:\/\/www.mundoagropecuario.cl\/new\/cientificos-del-cono-sur-promueven-el-agro-sostenible-en-puerto-varas\/#primaryimage","url":"https:\/\/www.mundoagropecuario.cl\/new\/wp-content\/uploads\/2024\/11\/Plantilla-estandar-mundo-acuicola-scaled.jpg","contentUrl":"https:\/\/www.mundoagropecuario.cl\/new\/wp-content\/uploads\/2024\/11\/Plantilla-estandar-mundo-acuicola-scaled.jpg","width":720,"height":384},{"@type":"BreadcrumbList","@id":"https:\/\/www.mundoagropecuario.cl\/new\/cientificos-del-cono-sur-promueven-el-agro-sostenible-en-puerto-varas\/#breadcrumb","itemListElement":[{"@type":"ListItem","position":1,"name":"Portada","item":"https:\/\/www.mundoagropecuario.cl\/new\/"},{"@type":"ListItem","position":2,"name":"Cient\u00edficos del Cono Sur Promueven el Agro Sostenible en Puerto Varas"}]},{"@type":"WebSite","@id":"https:\/\/www.mundoagropecuario.cl\/new\/#website","url":"https:\/\/www.mundoagropecuario.cl\/new\/","name":"Mundoagropecuario","description":"Mundo Agropecuario","publisher":{"@id":"https:\/\/www.mundoagropecuario.cl\/new\/#organization"},"potentialAction":[{"@type":"SearchAction","target":{"@type":"EntryPoint","urlTemplate":"https:\/\/www.mundoagropecuario.cl\/new\/?s={search_term_string}"},"query-input":{"@type":"PropertyValueSpecification","valueRequired":true,"valueName":"search_term_string"}}],"inLanguage":"es"},{"@type":"Organization","@id":"https:\/\/www.mundoagropecuario.cl\/new\/#organization","name":"Revista de Agricultura","url":"https:\/\/www.mundoagropecuario.cl\/new\/","logo":{"@type":"ImageObject","inLanguage":"es","@id":"https:\/\/www.mundoagropecuario.cl\/new\/#\/schema\/logo\/image\/","url":"https:\/\/www.mundoagropecuario.cl\/new\/wp-content\/uploads\/2020\/11\/PORTAL-1-1.png","contentUrl":"https:\/\/www.mundoagropecuario.cl\/new\/wp-content\/uploads\/2020\/11\/PORTAL-1-1.png","width":1026,"height":100,"caption":"Revista de Agricultura"},"image":{"@id":"https:\/\/www.mundoagropecuario.cl\/new\/#\/schema\/logo\/image\/"},"sameAs":["https:\/\/www.facebook.com\/mundo.agropecuario.3","https:\/\/x.com\/MundoAgropecuar","https:\/\/www.linkedin.com\/in\/mundo-agropecuario-934009201\/"]},{"@type":"Person","@id":"https:\/\/www.mundoagropecuario.cl\/new\/#\/schema\/person\/4e9f74a82a7dac260eb1c44b7eebeb18","name":"mundo","url":"https:\/\/www.mundoagropecuario.cl\/new\/author\/mundo\/"}]}},"_links":{"self":[{"href":"https:\/\/www.mundoagropecuario.cl\/new\/wp-json\/wp\/v2\/posts\/25634","targetHints":{"allow":["GET"]}}],"collection":[{"href":"https:\/\/www.mundoagropecuario.cl\/new\/wp-json\/wp\/v2\/posts"}],"about":[{"href":"https:\/\/www.mundoagropecuario.cl\/new\/wp-json\/wp\/v2\/types\/post"}],"author":[{"embeddable":true,"href":"https:\/\/www.mundoagropecuario.cl\/new\/wp-json\/wp\/v2\/users\/2"}],"replies":[{"embeddable":true,"href":"https:\/\/www.mundoagropecuario.cl\/new\/wp-json\/wp\/v2\/comments?post=25634"}],"version-history":[{"count":3,"href":"https:\/\/www.mundoagropecuario.cl\/new\/wp-json\/wp\/v2\/posts\/25634\/revisions"}],"predecessor-version":[{"id":25649,"href":"https:\/\/www.mundoagropecuario.cl\/new\/wp-json\/wp\/v2\/posts\/25634\/revisions\/25649"}],"wp:featuredmedia":[{"embeddable":true,"href":"https:\/\/www.mundoagropecuario.cl\/new\/wp-json\/wp\/v2\/media\/25635"}],"wp:attachment":[{"href":"https:\/\/www.mundoagropecuario.cl\/new\/wp-json\/wp\/v2\/media?parent=25634"}],"wp:term":[{"taxonomy":"category","embeddable":true,"href":"https:\/\/www.mundoagropecuario.cl\/new\/wp-json\/wp\/v2\/categories?post=25634"},{"taxonomy":"post_tag","embeddable":true,"href":"https:\/\/www.mundoagropecuario.cl\/new\/wp-json\/wp\/v2\/tags?post=25634"}],"curies":[{"name":"wp","href":"https:\/\/api.w.org\/{rel}","templated":true}]}}