{"id":25623,"date":"2024-11-07T11:35:19","date_gmt":"2024-11-07T14:35:19","guid":{"rendered":"https:\/\/www.mundoagropecuario.cl\/new\/?p=25623"},"modified":"2024-11-14T17:44:53","modified_gmt":"2024-11-14T20:44:53","slug":"cooprinsem-inaugura-nueva-sucursal-en-frutillar-consolidando-su-compromiso-con-el-agro","status":"publish","type":"post","link":"https:\/\/www.mundoagropecuario.cl\/new\/cooprinsem-inaugura-nueva-sucursal-en-frutillar-consolidando-su-compromiso-con-el-agro\/","title":{"rendered":"Cooprinsem inaugura nueva sucursal en Frutillar consolidando su compromiso con el agro"},"content":{"rendered":"<p>En una ceremonia marcada por la presencia de autoridades y representantes del sector agr\u00edcola, Cooprinsem celebr\u00f3 la inauguraci\u00f3n de su nueva y moderna sucursal en Frutillar, ubicada en la ruta camino Tegualda km 0.5. Este nuevo centro, que reemplaza a la anterior sede en Avenida Carlos Richter, se erige como un hito en el desarrollo de la cooperativa, reafirmando su liderazgo en servicios para el agro y su compromiso con los agricultores de la regi\u00f3n de Los Lagos.<\/p>\n<p>Ubicada en una propiedad de 30.260 m\u00b2, la nueva instalaci\u00f3n cuenta con amplios espacios de almacenaje y una sala de ventas equipada para ofrecer una atenci\u00f3n r\u00e1pida y c\u00f3moda. Adem\u00e1s, contar\u00e1 con un equipo de profesionales, incluyendo agr\u00f3nomos, veterinarios y t\u00e9cnicos, quienes brindar\u00e1n asesor\u00edas especializadas a los socios y clientes de la cooperativa.<\/p>\n<p><a href=\"https:\/\/www.mundoagropecuario.cl\/new\/wp-content\/uploads\/2024\/11\/Cooprinsem2-scaled.jpg\"><img loading=\"lazy\" decoding=\"async\" class=\"alignright wp-image-25625 \" src=\"https:\/\/www.mundoagropecuario.cl\/new\/wp-content\/uploads\/2024\/11\/Cooprinsem2-711x400.jpg\" alt=\"\" width=\"529\" height=\"374\" \/><\/a>En la sucursal, los usuarios podr\u00e1n acceder a una amplia gama de productos y servicios: tecnolog\u00eda, farmacia, lubricantes, implementos de seguridad, productos para la orde\u00f1a mec\u00e1nica, riego, nutrici\u00f3n animal, agroqu\u00edmicos, ferreter\u00eda, herramientas de jardiner\u00eda y m\u00e1s. Estas instalaciones permitir\u00e1n a Cooprinsem ofrecer nuevas alternativas y promociones que beneficiar\u00e1n directamente a los agricultores, apoy\u00e1ndolos en el desarrollo de sus proyectos.<\/p>\n<p>La ceremonia de inauguraci\u00f3n cont\u00f3 con la asistencia de destacadas autoridades, entre ellas el alcalde de Frutillar, C\u00e9sar Huenuqueo, quien estuvo acompa\u00f1ado tambi\u00e9n del Gerente General de Cooprinsem, Felipe Gottschalk y el Presidente del Directorio, Arturo Gebauer.<\/p>\n<p>Adem\u00e1s, los asistentes disfrutaron de una presentaci\u00f3n especial del Conjunto Folcl\u00f3rico Los Copihues, quienes los deleitaron con un pie de cueca y un n\u00famero art\u00edstico tradicional de Alemania, junto al Conjunto Folcl\u00f3rico Bafopuva, brindando un toque cultural y festivo a la jornada.<\/p>\n<p>Con esta nueva y moderna dependencia, Cooprinsem da un paso adelante en su misi\u00f3n de brindar soluciones innovadoras y cercanas a la comunidad agr\u00edcola, fortaleciendo su posici\u00f3n como una cooperativa que entiende y responde a las necesidades del agro en Chile.<\/p>\n<p>Felipe Gottschalk, Gerente General de Cooprinsem, coment\u00f3 que &#8220;la innovaci\u00f3n ha sido un eje fundamental desde que decidimos invertir recursos, esfuerzos y voluntades para hacer realidad este proyecto. Esta nueva oficina es la m\u00e1s moderna, espaciosa y c\u00f3moda de toda nuestra red de sucursales. La historia de Cooprinsem en Frutillar est\u00e1 marcada por la innovaci\u00f3n, comenzando en la sucursal de calle Carlos Richter, donde estuvimos hasta hace poco. Empezamos de manera peque\u00f1a, paso a paso, con esfuerzo e innovaci\u00f3n, hasta lograr una oficina de este nivel, con amplios espacios, bodegas dise\u00f1adas para muchos a\u00f1os, y un dise\u00f1o centrado en la conectividad y el bienestar de quienes trabajan aqu\u00ed y de nuestros clientes&#8221;<\/p>\n<p>A su vez, Gottschalk agreg\u00f3 que &#8220;este logro es el resultado de muchos a\u00f1os de trabajo. Con 56 a\u00f1os de trayectoria, este avance es fruto de la constancia, del esfuerzo diario y de una evoluci\u00f3n estrat\u00e9gica. Hemos invertido y mejorado de manera planificada para seguir cumpliendo con nuestra misi\u00f3n y visi\u00f3n: hacer crecer y desarrollar el sector agropecuario chileno bajo el modelo cooperativo&#8221;.<\/p>\n<p><a href=\"https:\/\/www.mundoagropecuario.cl\/new\/wp-content\/uploads\/2024\/11\/Cooprinsen3-scaled.jpg\"><img loading=\"lazy\" decoding=\"async\" class=\"alignleft wp-image-25626 \" src=\"https:\/\/www.mundoagropecuario.cl\/new\/wp-content\/uploads\/2024\/11\/Cooprinsen3-713x400.jpg\" alt=\"\" width=\"620\" height=\"348\" srcset=\"https:\/\/www.mundoagropecuario.cl\/new\/wp-content\/uploads\/2024\/11\/Cooprinsen3-scaled.jpg 713w, https:\/\/www.mundoagropecuario.cl\/new\/wp-content\/uploads\/2024\/11\/Cooprinsen3-237x133.jpg 237w\" sizes=\"auto, (max-width: 620px) 100vw, 620px\" \/><\/a>Por su parte Jaime Ercoreca, Agente Zonal Sur de Cooprinsem, destac\u00f3 que \u201cdesde que nos instalamos en Frutillar en 2007, hemos observado un crecimiento significativo en el sector agr\u00edcola, tanto en cooperados como en clientes estrat\u00e9gicos. Esto nos motiv\u00f3 a desarrollar una nueva sucursal, cuya construcci\u00f3n iniciamos en 2022, equipada con una bodega de 2.400 m\u00b2, sistemas de carga el\u00e9ctrica, reciclado t\u00e9rmico para calefacci\u00f3n y amplios espacios para oficinas y reuniones\u201d.<\/p>\n<p>Adem\u00e1s, Ercoreca subray\u00f3 que \u201cel relevo generacional en la zona refuerza nuestro compromiso de impulsar el desarrollo agr\u00edcola, extendiendo nuestra atenci\u00f3n tambi\u00e9n a parcelas y al \u00e1mbito urbano. Con esta nueva infraestructura y mejoras log\u00edsticas, tambi\u00e9n contribuimos a reducir nuestra huella de carbono, consolid\u00e1ndonos as\u00ed en una de las zonas lecheras m\u00e1s importantes del sur de Chile\u201d.<\/p>\n<p>Sergio Niklitschek, Presidente del Consorcio Lechero y ex Gerente de Cooprinsem, record\u00f3 que &#8220;esto comenz\u00f3 hace muchos a\u00f1os, cuando la antigua sucursal de Frutillar se volvi\u00f3 estrecha. Fue un gran anhelo, hasta que se present\u00f3 la oportunidad de adquirir este terreno. Hoy, despu\u00e9s de varios a\u00f1os y de toda la tramitaci\u00f3n que a veces complica un poco las cosas, estamos inaugurando una sucursal hermosa y funcional\u201d.<\/p>\n<p>Finalmente, Mart\u00edn Nannig, agricultor y cooperado de Frutillar, mencion\u00f3 que &#8220;esta inauguraci\u00f3n es la guinda de la torta, el resultado de mucho esfuerzo y de cumplir el sue\u00f1o de la gente de Frutillar. Es un cambio rotundo que nos abre muchas opciones&#8221;.<\/p>\n<p>Adem\u00e1s, destac\u00f3 que &#8220;uno se acerca a Cooprinsem porque siempre hay novedades, siempre hay algo por conocer y aprender. Nunca dejamos de aprender, y la cooperativa siempre ofrece buenas oportunidades para descubrir ideas interesantes&#8221;.<\/p>\n","protected":false},"excerpt":{"rendered":"<p>La nueva instalaci\u00f3n cuenta con amplios espacios de almacenaje y una sala de ventas equipada para ofrecer una atenci\u00f3n r\u00e1pida y c\u00f3moda.<\/p>\n","protected":false},"author":2,"featured_media":25736,"comment_status":"closed","ping_status":"closed","sticky":false,"template":"","format":"standard","meta":{"footnotes":""},"categories":[1945],"tags":[2090,5801,2261,9000,6727,5154,1874],"class_list":["post-25623","post","type-post","status-publish","format-standard","has-post-thumbnail","hentry","category-agricultura","tag-agricultura","tag-arturo-gebauer","tag-cooprinsem","tag-cooprinsem-inaugura-sucursal-en-frutillar","tag-directorio","tag-felipe-gottschalk","tag-frutillar"],"yoast_head":"<!-- This site is optimized with the Yoast SEO plugin v26.6 - https:\/\/yoast.com\/wordpress\/plugins\/seo\/ -->\n<title>Cooprinsem inaugura nueva sucursal en Frutillar consolidando su compromiso con el agro - Mundoagropecuario<\/title>\n<meta name=\"description\" content=\"La nueva instalaci\u00f3n cuenta con amplios espacios de almacenaje y una sala de ventas equipada para ofrecer una atenci\u00f3n r\u00e1pida y c\u00f3moda.\" \/>\n<meta name=\"robots\" content=\"index, follow, max-snippet:-1, max-image-preview:large, max-video-preview:-1\" \/>\n<link rel=\"canonical\" href=\"https:\/\/www.mundoagropecuario.cl\/new\/cooprinsem-inaugura-nueva-sucursal-en-frutillar-consolidando-su-compromiso-con-el-agro\/\" \/>\n<meta property=\"og:locale\" content=\"es_ES\" \/>\n<meta property=\"og:type\" content=\"article\" \/>\n<meta property=\"og:title\" content=\"Cooprinsem inaugura nueva sucursal en Frutillar consolidando su compromiso con el agro - Mundoagropecuario\" \/>\n<meta property=\"og:description\" content=\"La nueva instalaci\u00f3n cuenta con amplios espacios de almacenaje y una sala de ventas equipada para ofrecer una atenci\u00f3n r\u00e1pida y c\u00f3moda.\" \/>\n<meta property=\"og:url\" content=\"https:\/\/www.mundoagropecuario.cl\/new\/cooprinsem-inaugura-nueva-sucursal-en-frutillar-consolidando-su-compromiso-con-el-agro\/\" \/>\n<meta property=\"og:site_name\" content=\"Mundoagropecuario\" \/>\n<meta property=\"article:publisher\" content=\"https:\/\/www.facebook.com\/mundo.agropecuario.3\" \/>\n<meta property=\"article:published_time\" content=\"2024-11-07T14:35:19+00:00\" \/>\n<meta property=\"article:modified_time\" content=\"2024-11-14T20:44:53+00:00\" \/>\n<meta property=\"og:image\" content=\"https:\/\/www.mundoagropecuario.cl\/new\/wp-content\/uploads\/2024\/11\/Cooprinsen-1-scaled-1-scaled.jpg\" \/>\n\t<meta property=\"og:image:width\" content=\"720\" \/>\n\t<meta property=\"og:image:height\" content=\"383\" \/>\n\t<meta property=\"og:image:type\" content=\"image\/jpeg\" \/>\n<meta name=\"author\" content=\"mundo\" \/>\n<meta name=\"twitter:card\" content=\"summary_large_image\" \/>\n<meta name=\"twitter:creator\" content=\"@MundoAgropecuar\" \/>\n<meta name=\"twitter:site\" content=\"@MundoAgropecuar\" \/>\n<meta name=\"twitter:label1\" content=\"Escrito por\" \/>\n\t<meta name=\"twitter:data1\" content=\"mundo\" \/>\n\t<meta name=\"twitter:label2\" content=\"Tiempo de lectura\" \/>\n\t<meta name=\"twitter:data2\" content=\"5 minutos\" \/>\n<script type=\"application\/ld+json\" class=\"yoast-schema-graph\">{\"@context\":\"https:\/\/schema.org\",\"@graph\":[{\"@type\":\"Article\",\"@id\":\"https:\/\/www.mundoagropecuario.cl\/new\/cooprinsem-inaugura-nueva-sucursal-en-frutillar-consolidando-su-compromiso-con-el-agro\/#article\",\"isPartOf\":{\"@id\":\"https:\/\/www.mundoagropecuario.cl\/new\/cooprinsem-inaugura-nueva-sucursal-en-frutillar-consolidando-su-compromiso-con-el-agro\/\"},\"author\":{\"name\":\"mundo\",\"@id\":\"https:\/\/www.mundoagropecuario.cl\/new\/#\/schema\/person\/4e9f74a82a7dac260eb1c44b7eebeb18\"},\"headline\":\"Cooprinsem inaugura nueva sucursal en Frutillar consolidando su compromiso con el agro\",\"datePublished\":\"2024-11-07T14:35:19+00:00\",\"dateModified\":\"2024-11-14T20:44:53+00:00\",\"mainEntityOfPage\":{\"@id\":\"https:\/\/www.mundoagropecuario.cl\/new\/cooprinsem-inaugura-nueva-sucursal-en-frutillar-consolidando-su-compromiso-con-el-agro\/\"},\"wordCount\":835,\"publisher\":{\"@id\":\"https:\/\/www.mundoagropecuario.cl\/new\/#organization\"},\"image\":{\"@id\":\"https:\/\/www.mundoagropecuario.cl\/new\/cooprinsem-inaugura-nueva-sucursal-en-frutillar-consolidando-su-compromiso-con-el-agro\/#primaryimage\"},\"thumbnailUrl\":\"https:\/\/www.mundoagropecuario.cl\/new\/wp-content\/uploads\/2024\/11\/Cooprinsen-1-scaled-1-scaled.jpg\",\"keywords\":[\"Agricultura\",\"Arturo Gebauer\",\"Cooprinsem\",\"Cooprinsem inaugura sucursal en Frutillar\",\"Directorio\",\"Felipe Gottschalk\",\"Frutillar\"],\"articleSection\":[\"Agricultura\"],\"inLanguage\":\"es\"},{\"@type\":\"WebPage\",\"@id\":\"https:\/\/www.mundoagropecuario.cl\/new\/cooprinsem-inaugura-nueva-sucursal-en-frutillar-consolidando-su-compromiso-con-el-agro\/\",\"url\":\"https:\/\/www.mundoagropecuario.cl\/new\/cooprinsem-inaugura-nueva-sucursal-en-frutillar-consolidando-su-compromiso-con-el-agro\/\",\"name\":\"Cooprinsem inaugura nueva sucursal en Frutillar consolidando su compromiso con el agro - Mundoagropecuario\",\"isPartOf\":{\"@id\":\"https:\/\/www.mundoagropecuario.cl\/new\/#website\"},\"primaryImageOfPage\":{\"@id\":\"https:\/\/www.mundoagropecuario.cl\/new\/cooprinsem-inaugura-nueva-sucursal-en-frutillar-consolidando-su-compromiso-con-el-agro\/#primaryimage\"},\"image\":{\"@id\":\"https:\/\/www.mundoagropecuario.cl\/new\/cooprinsem-inaugura-nueva-sucursal-en-frutillar-consolidando-su-compromiso-con-el-agro\/#primaryimage\"},\"thumbnailUrl\":\"https:\/\/www.mundoagropecuario.cl\/new\/wp-content\/uploads\/2024\/11\/Cooprinsen-1-scaled-1-scaled.jpg\",\"datePublished\":\"2024-11-07T14:35:19+00:00\",\"dateModified\":\"2024-11-14T20:44:53+00:00\",\"description\":\"La nueva instalaci\u00f3n cuenta con amplios espacios de almacenaje y una sala de ventas equipada para ofrecer una atenci\u00f3n r\u00e1pida y c\u00f3moda.\",\"breadcrumb\":{\"@id\":\"https:\/\/www.mundoagropecuario.cl\/new\/cooprinsem-inaugura-nueva-sucursal-en-frutillar-consolidando-su-compromiso-con-el-agro\/#breadcrumb\"},\"inLanguage\":\"es\",\"potentialAction\":[{\"@type\":\"ReadAction\",\"target\":[\"https:\/\/www.mundoagropecuario.cl\/new\/cooprinsem-inaugura-nueva-sucursal-en-frutillar-consolidando-su-compromiso-con-el-agro\/\"]}]},{\"@type\":\"ImageObject\",\"inLanguage\":\"es\",\"@id\":\"https:\/\/www.mundoagropecuario.cl\/new\/cooprinsem-inaugura-nueva-sucursal-en-frutillar-consolidando-su-compromiso-con-el-agro\/#primaryimage\",\"url\":\"https:\/\/www.mundoagropecuario.cl\/new\/wp-content\/uploads\/2024\/11\/Cooprinsen-1-scaled-1-scaled.jpg\",\"contentUrl\":\"https:\/\/www.mundoagropecuario.cl\/new\/wp-content\/uploads\/2024\/11\/Cooprinsen-1-scaled-1-scaled.jpg\",\"width\":720,\"height\":383},{\"@type\":\"BreadcrumbList\",\"@id\":\"https:\/\/www.mundoagropecuario.cl\/new\/cooprinsem-inaugura-nueva-sucursal-en-frutillar-consolidando-su-compromiso-con-el-agro\/#breadcrumb\",\"itemListElement\":[{\"@type\":\"ListItem\",\"position\":1,\"name\":\"Portada\",\"item\":\"https:\/\/www.mundoagropecuario.cl\/new\/\"},{\"@type\":\"ListItem\",\"position\":2,\"name\":\"Cooprinsem inaugura nueva sucursal en Frutillar consolidando su compromiso con el agro\"}]},{\"@type\":\"WebSite\",\"@id\":\"https:\/\/www.mundoagropecuario.cl\/new\/#website\",\"url\":\"https:\/\/www.mundoagropecuario.cl\/new\/\",\"name\":\"Mundoagropecuario\",\"description\":\"Mundo Agropecuario\",\"publisher\":{\"@id\":\"https:\/\/www.mundoagropecuario.cl\/new\/#organization\"},\"potentialAction\":[{\"@type\":\"SearchAction\",\"target\":{\"@type\":\"EntryPoint\",\"urlTemplate\":\"https:\/\/www.mundoagropecuario.cl\/new\/?s={search_term_string}\"},\"query-input\":{\"@type\":\"PropertyValueSpecification\",\"valueRequired\":true,\"valueName\":\"search_term_string\"}}],\"inLanguage\":\"es\"},{\"@type\":\"Organization\",\"@id\":\"https:\/\/www.mundoagropecuario.cl\/new\/#organization\",\"name\":\"Revista de Agricultura\",\"url\":\"https:\/\/www.mundoagropecuario.cl\/new\/\",\"logo\":{\"@type\":\"ImageObject\",\"inLanguage\":\"es\",\"@id\":\"https:\/\/www.mundoagropecuario.cl\/new\/#\/schema\/logo\/image\/\",\"url\":\"https:\/\/www.mundoagropecuario.cl\/new\/wp-content\/uploads\/2020\/11\/PORTAL-1-1.png\",\"contentUrl\":\"https:\/\/www.mundoagropecuario.cl\/new\/wp-content\/uploads\/2020\/11\/PORTAL-1-1.png\",\"width\":1026,\"height\":100,\"caption\":\"Revista de Agricultura\"},\"image\":{\"@id\":\"https:\/\/www.mundoagropecuario.cl\/new\/#\/schema\/logo\/image\/\"},\"sameAs\":[\"https:\/\/www.facebook.com\/mundo.agropecuario.3\",\"https:\/\/x.com\/MundoAgropecuar\",\"https:\/\/www.linkedin.com\/in\/mundo-agropecuario-934009201\/\"]},{\"@type\":\"Person\",\"@id\":\"https:\/\/www.mundoagropecuario.cl\/new\/#\/schema\/person\/4e9f74a82a7dac260eb1c44b7eebeb18\",\"name\":\"mundo\",\"url\":\"https:\/\/www.mundoagropecuario.cl\/new\/author\/mundo\/\"}]}<\/script>\n<!-- \/ Yoast SEO plugin. -->","yoast_head_json":{"title":"Cooprinsem inaugura nueva sucursal en Frutillar consolidando su compromiso con el agro - Mundoagropecuario","description":"La nueva instalaci\u00f3n cuenta con amplios espacios de almacenaje y una sala de ventas equipada para ofrecer una atenci\u00f3n r\u00e1pida y c\u00f3moda.","robots":{"index":"index","follow":"follow","max-snippet":"max-snippet:-1","max-image-preview":"max-image-preview:large","max-video-preview":"max-video-preview:-1"},"canonical":"https:\/\/www.mundoagropecuario.cl\/new\/cooprinsem-inaugura-nueva-sucursal-en-frutillar-consolidando-su-compromiso-con-el-agro\/","og_locale":"es_ES","og_type":"article","og_title":"Cooprinsem inaugura nueva sucursal en Frutillar consolidando su compromiso con el agro - Mundoagropecuario","og_description":"La nueva instalaci\u00f3n cuenta con amplios espacios de almacenaje y una sala de ventas equipada para ofrecer una atenci\u00f3n r\u00e1pida y c\u00f3moda.","og_url":"https:\/\/www.mundoagropecuario.cl\/new\/cooprinsem-inaugura-nueva-sucursal-en-frutillar-consolidando-su-compromiso-con-el-agro\/","og_site_name":"Mundoagropecuario","article_publisher":"https:\/\/www.facebook.com\/mundo.agropecuario.3","article_published_time":"2024-11-07T14:35:19+00:00","article_modified_time":"2024-11-14T20:44:53+00:00","og_image":[{"width":720,"height":383,"url":"https:\/\/www.mundoagropecuario.cl\/new\/wp-content\/uploads\/2024\/11\/Cooprinsen-1-scaled-1-scaled.jpg","type":"image\/jpeg"}],"author":"mundo","twitter_card":"summary_large_image","twitter_creator":"@MundoAgropecuar","twitter_site":"@MundoAgropecuar","twitter_misc":{"Escrito por":"mundo","Tiempo de lectura":"5 minutos"},"schema":{"@context":"https:\/\/schema.org","@graph":[{"@type":"Article","@id":"https:\/\/www.mundoagropecuario.cl\/new\/cooprinsem-inaugura-nueva-sucursal-en-frutillar-consolidando-su-compromiso-con-el-agro\/#article","isPartOf":{"@id":"https:\/\/www.mundoagropecuario.cl\/new\/cooprinsem-inaugura-nueva-sucursal-en-frutillar-consolidando-su-compromiso-con-el-agro\/"},"author":{"name":"mundo","@id":"https:\/\/www.mundoagropecuario.cl\/new\/#\/schema\/person\/4e9f74a82a7dac260eb1c44b7eebeb18"},"headline":"Cooprinsem inaugura nueva sucursal en Frutillar consolidando su compromiso con el agro","datePublished":"2024-11-07T14:35:19+00:00","dateModified":"2024-11-14T20:44:53+00:00","mainEntityOfPage":{"@id":"https:\/\/www.mundoagropecuario.cl\/new\/cooprinsem-inaugura-nueva-sucursal-en-frutillar-consolidando-su-compromiso-con-el-agro\/"},"wordCount":835,"publisher":{"@id":"https:\/\/www.mundoagropecuario.cl\/new\/#organization"},"image":{"@id":"https:\/\/www.mundoagropecuario.cl\/new\/cooprinsem-inaugura-nueva-sucursal-en-frutillar-consolidando-su-compromiso-con-el-agro\/#primaryimage"},"thumbnailUrl":"https:\/\/www.mundoagropecuario.cl\/new\/wp-content\/uploads\/2024\/11\/Cooprinsen-1-scaled-1-scaled.jpg","keywords":["Agricultura","Arturo Gebauer","Cooprinsem","Cooprinsem inaugura sucursal en Frutillar","Directorio","Felipe Gottschalk","Frutillar"],"articleSection":["Agricultura"],"inLanguage":"es"},{"@type":"WebPage","@id":"https:\/\/www.mundoagropecuario.cl\/new\/cooprinsem-inaugura-nueva-sucursal-en-frutillar-consolidando-su-compromiso-con-el-agro\/","url":"https:\/\/www.mundoagropecuario.cl\/new\/cooprinsem-inaugura-nueva-sucursal-en-frutillar-consolidando-su-compromiso-con-el-agro\/","name":"Cooprinsem inaugura nueva sucursal en Frutillar consolidando su compromiso con el agro - Mundoagropecuario","isPartOf":{"@id":"https:\/\/www.mundoagropecuario.cl\/new\/#website"},"primaryImageOfPage":{"@id":"https:\/\/www.mundoagropecuario.cl\/new\/cooprinsem-inaugura-nueva-sucursal-en-frutillar-consolidando-su-compromiso-con-el-agro\/#primaryimage"},"image":{"@id":"https:\/\/www.mundoagropecuario.cl\/new\/cooprinsem-inaugura-nueva-sucursal-en-frutillar-consolidando-su-compromiso-con-el-agro\/#primaryimage"},"thumbnailUrl":"https:\/\/www.mundoagropecuario.cl\/new\/wp-content\/uploads\/2024\/11\/Cooprinsen-1-scaled-1-scaled.jpg","datePublished":"2024-11-07T14:35:19+00:00","dateModified":"2024-11-14T20:44:53+00:00","description":"La nueva instalaci\u00f3n cuenta con amplios espacios de almacenaje y una sala de ventas equipada para ofrecer una atenci\u00f3n r\u00e1pida y c\u00f3moda.","breadcrumb":{"@id":"https:\/\/www.mundoagropecuario.cl\/new\/cooprinsem-inaugura-nueva-sucursal-en-frutillar-consolidando-su-compromiso-con-el-agro\/#breadcrumb"},"inLanguage":"es","potentialAction":[{"@type":"ReadAction","target":["https:\/\/www.mundoagropecuario.cl\/new\/cooprinsem-inaugura-nueva-sucursal-en-frutillar-consolidando-su-compromiso-con-el-agro\/"]}]},{"@type":"ImageObject","inLanguage":"es","@id":"https:\/\/www.mundoagropecuario.cl\/new\/cooprinsem-inaugura-nueva-sucursal-en-frutillar-consolidando-su-compromiso-con-el-agro\/#primaryimage","url":"https:\/\/www.mundoagropecuario.cl\/new\/wp-content\/uploads\/2024\/11\/Cooprinsen-1-scaled-1-scaled.jpg","contentUrl":"https:\/\/www.mundoagropecuario.cl\/new\/wp-content\/uploads\/2024\/11\/Cooprinsen-1-scaled-1-scaled.jpg","width":720,"height":383},{"@type":"BreadcrumbList","@id":"https:\/\/www.mundoagropecuario.cl\/new\/cooprinsem-inaugura-nueva-sucursal-en-frutillar-consolidando-su-compromiso-con-el-agro\/#breadcrumb","itemListElement":[{"@type":"ListItem","position":1,"name":"Portada","item":"https:\/\/www.mundoagropecuario.cl\/new\/"},{"@type":"ListItem","position":2,"name":"Cooprinsem inaugura nueva sucursal en Frutillar consolidando su compromiso con el agro"}]},{"@type":"WebSite","@id":"https:\/\/www.mundoagropecuario.cl\/new\/#website","url":"https:\/\/www.mundoagropecuario.cl\/new\/","name":"Mundoagropecuario","description":"Mundo Agropecuario","publisher":{"@id":"https:\/\/www.mundoagropecuario.cl\/new\/#organization"},"potentialAction":[{"@type":"SearchAction","target":{"@type":"EntryPoint","urlTemplate":"https:\/\/www.mundoagropecuario.cl\/new\/?s={search_term_string}"},"query-input":{"@type":"PropertyValueSpecification","valueRequired":true,"valueName":"search_term_string"}}],"inLanguage":"es"},{"@type":"Organization","@id":"https:\/\/www.mundoagropecuario.cl\/new\/#organization","name":"Revista de Agricultura","url":"https:\/\/www.mundoagropecuario.cl\/new\/","logo":{"@type":"ImageObject","inLanguage":"es","@id":"https:\/\/www.mundoagropecuario.cl\/new\/#\/schema\/logo\/image\/","url":"https:\/\/www.mundoagropecuario.cl\/new\/wp-content\/uploads\/2020\/11\/PORTAL-1-1.png","contentUrl":"https:\/\/www.mundoagropecuario.cl\/new\/wp-content\/uploads\/2020\/11\/PORTAL-1-1.png","width":1026,"height":100,"caption":"Revista de Agricultura"},"image":{"@id":"https:\/\/www.mundoagropecuario.cl\/new\/#\/schema\/logo\/image\/"},"sameAs":["https:\/\/www.facebook.com\/mundo.agropecuario.3","https:\/\/x.com\/MundoAgropecuar","https:\/\/www.linkedin.com\/in\/mundo-agropecuario-934009201\/"]},{"@type":"Person","@id":"https:\/\/www.mundoagropecuario.cl\/new\/#\/schema\/person\/4e9f74a82a7dac260eb1c44b7eebeb18","name":"mundo","url":"https:\/\/www.mundoagropecuario.cl\/new\/author\/mundo\/"}]}},"_links":{"self":[{"href":"https:\/\/www.mundoagropecuario.cl\/new\/wp-json\/wp\/v2\/posts\/25623","targetHints":{"allow":["GET"]}}],"collection":[{"href":"https:\/\/www.mundoagropecuario.cl\/new\/wp-json\/wp\/v2\/posts"}],"about":[{"href":"https:\/\/www.mundoagropecuario.cl\/new\/wp-json\/wp\/v2\/types\/post"}],"author":[{"embeddable":true,"href":"https:\/\/www.mundoagropecuario.cl\/new\/wp-json\/wp\/v2\/users\/2"}],"replies":[{"embeddable":true,"href":"https:\/\/www.mundoagropecuario.cl\/new\/wp-json\/wp\/v2\/comments?post=25623"}],"version-history":[{"count":3,"href":"https:\/\/www.mundoagropecuario.cl\/new\/wp-json\/wp\/v2\/posts\/25623\/revisions"}],"predecessor-version":[{"id":25738,"href":"https:\/\/www.mundoagropecuario.cl\/new\/wp-json\/wp\/v2\/posts\/25623\/revisions\/25738"}],"wp:featuredmedia":[{"embeddable":true,"href":"https:\/\/www.mundoagropecuario.cl\/new\/wp-json\/wp\/v2\/media\/25736"}],"wp:attachment":[{"href":"https:\/\/www.mundoagropecuario.cl\/new\/wp-json\/wp\/v2\/media?parent=25623"}],"wp:term":[{"taxonomy":"category","embeddable":true,"href":"https:\/\/www.mundoagropecuario.cl\/new\/wp-json\/wp\/v2\/categories?post=25623"},{"taxonomy":"post_tag","embeddable":true,"href":"https:\/\/www.mundoagropecuario.cl\/new\/wp-json\/wp\/v2\/tags?post=25623"}],"curies":[{"name":"wp","href":"https:\/\/api.w.org\/{rel}","templated":true}]}}