{"id":25583,"date":"2024-10-09T13:13:41","date_gmt":"2024-10-09T16:13:41","guid":{"rendered":"https:\/\/www.mundoagropecuario.cl\/new\/?p=25583"},"modified":"2024-11-05T15:59:30","modified_gmt":"2024-11-05T18:59:30","slug":"exportaciones-lacteas-acumulan-alza-de-56-al-mes-de-agosto","status":"publish","type":"post","link":"https:\/\/www.mundoagropecuario.cl\/new\/exportaciones-lacteas-acumulan-alza-de-56-al-mes-de-agosto\/","title":{"rendered":"Exportaciones l\u00e1cteas acumulan alza de 5,6% al mes de agosto"},"content":{"rendered":"<p>De acuerdo a los datos del Bolet\u00edn de Avance de Comercio Exterior de Productos L\u00e1cteos elaborado por la Oficina de Estudios y Pol\u00edticas Agrarias -Odepa-, reproducidos por la Federaci\u00f3n Nacional de Productores de Leche (Fedeleche), las exportaciones de productos l\u00e1cteos en enero y agosto de 2024 sumaron un total de US$ 169,3 millones, lo cual representa un aumento de 5,6% en relaci\u00f3n al mismo periodo del a\u00f1o anterior.<\/p>\n<p><a href=\"https:\/\/www.mundoagropecuario.cl\/new\/wp-content\/uploads\/2023\/12\/leche-y-queso-scaled.jpeg\"><img loading=\"lazy\" decoding=\"async\" class=\"alignleft wp-image-24952 \" src=\"https:\/\/www.mundoagropecuario.cl\/new\/wp-content\/uploads\/2023\/12\/leche-y-queso-716x400.jpeg\" alt=\"\" width=\"579\" height=\"323\" srcset=\"https:\/\/www.mundoagropecuario.cl\/new\/wp-content\/uploads\/2023\/12\/leche-y-queso-scaled.jpeg 716w, https:\/\/www.mundoagropecuario.cl\/new\/wp-content\/uploads\/2023\/12\/leche-y-queso-238x133.jpeg 238w\" sizes=\"auto, (max-width: 579px) 100vw, 579px\" \/><\/a>En los ocho meses del a\u00f1o, los env\u00edos l\u00e1cteos registraron un incremento de US$ 9,0 millones comparado con el mismo lapso de 2023, aumento dado principalmente por el crecimiento observado en los principales pa\u00edses de destino de los embarques nacionales y con especial \u00e9nfasis en M\u00e9xico y Brasil.<\/p>\n<p>Al desglosar los datos, se observa que el principal destino de los l\u00e1cteos chilenos sigue siendo Estados Unidos, con una participaci\u00f3n dentro del total de 22,5%, lo que supone ventas por US$ 38,1 millones y un alza de 2,2% frente al a\u00f1o anterior.<\/p>\n<p><span style=\"color: #0000ff;\">Embarques se elevaron US$ 9,0 millones respecto de 2023.<\/span><\/p>\n<p><span style=\"color: #0000ff;\">Estados Unidos primer pa\u00eds de destino de los env\u00edos.<\/span><\/p>\n<p><span style=\"color: #0000ff;\">La leche condensada es la categor\u00eda principal exportada.<\/span><\/p>\n<p>Emiratos \u00c1rabes Unidos se mantiene en la segunda posici\u00f3n con una participaci\u00f3n de 16,7%, con un incremento del 7,4% al totalizar env\u00edos por US$ 28,3 millones, mientras en la tercera plaza M\u00e9xico presenta una importante variaci\u00f3n del 44,6% respecto del a\u00f1o 2023, con embarques que suman US$ 25,7 millones y una participaci\u00f3n sobre el total del 15,1%.<\/p>\n<p>Colombia en la cuarta posici\u00f3n alcanza un 9,1% del mercado, con exportaciones avaluadas en US$ 15,4 millones, siendo este valor un 38,8% m\u00e1s alto que el registrado en el a\u00f1o 2023. En el quinto sitial aparece Per\u00fa, representando un 7,5% dentro del total, con embarques por US$12,7 millones, lo que supone un retroceso de 8,2% con relaci\u00f3n al mes de mayo de 2023.<\/p>\n<p>El sexto pa\u00eds es Brasil, mercado con una participaci\u00f3n dentro del total de 7,3% y que presenta un alza de 184% respecto del a\u00f1o anterior, lo que se traduce en env\u00edos por US$ 12,4 millones.<\/p>\n<p><strong>Por categor\u00eda<\/strong><\/p>\n<p>De acuerdo a los datos de Odepa, la leche condensada es el producto l\u00e1cteo m\u00e1s exportado por la industria. Dentro del valor total de las exportaciones representan un 24,3%, alcanzando una facturaci\u00f3n total por US$ 41,1 millones, valor que se traduce en una baja de 0,9% en relaci\u00f3n con el a\u00f1o pasado. En volumen, los embarques de leche condensada suben un 3,5% respecto al a\u00f1o anterior, sumando 18.406 toneladas.<\/p>\n<p>En segundo lugar, con una participaci\u00f3n de 19,0% dentro del total, se ubicaron las dem\u00e1s preparaciones en base a productos l\u00e1cteos, cuyas ventas suben un 7,3% en relaci\u00f3n con el a\u00f1o anterior hasta totalizar US$ 32,2 millones. En volumen, los embarques de esta categor\u00eda subieron 8,0% respecto al a\u00f1o anterior, sumando 7.379 toneladas.<\/p>\n<p>Por su parte, los embarques de quesos con un 13,8% de participaci\u00f3n sobre el total, anota un alza del 47,7% respecto a 2023, alcanzando un valor de US$ 20,2 millones. En volumen, los embarques de LPE suben un 86,5% respecto al a\u00f1o anterior hasta sumar 5.036 toneladas.<\/p>\n<p>De igual manera, las exportaciones de la leche en polvo entera (LPE), que representan un 12,7% del mercado, presentan en este periodo un alza de 78,5% frente a 2023 hasta sumar env\u00edos por US$ 21,5 millones. En volumen, los embarques de quesos se incrementaron un 86,5% respecto al a\u00f1o anterior, sumando 5.758 toneladas.<\/p>\n<p>A su vez, la leche en polvo descremada (LPD) con una participaci\u00f3n de 6,9% dentro del total, suman exportaciones por un valor de US$ 11,7 millones, lo cual representa un aumento del 100% frente a 2023. En volumen, esta categor\u00eda registra un alza de 128,8%<\/p>\n<p>Fuente: Comunicaciones Fedeleche con informaci\u00f3n de Odepa<\/p>\n","protected":false},"excerpt":{"rendered":"<p>Al desglosar los datos, se observa que el principal destino de los l\u00e1cteos chilenos sigue siendo Estados Unidos, con una participaci\u00f3n dentro del total de 22,5%.<\/p>\n","protected":false},"author":2,"featured_media":17207,"comment_status":"closed","ping_status":"closed","sticky":false,"template":"","format":"standard","meta":{"footnotes":""},"categories":[1946],"tags":[2090,3127,2751,4716,2141,2051,2066,8972,6131],"class_list":["post-25583","post","type-post","status-publish","format-standard","has-post-thumbnail","hentry","category-lacteos","tag-agricultura","tag-agro","tag-emiratos-arabes-unidos","tag-exportaciones-lacteas","tag-lacteos","tag-leche","tag-odepa","tag-politicas-agrarias-odepa","tag-productores-de-leche"],"yoast_head":"<!-- This site is optimized with the Yoast SEO plugin v26.6 - https:\/\/yoast.com\/wordpress\/plugins\/seo\/ -->\n<title>Exportaciones l\u00e1cteas acumulan alza de 5,6% al mes de agosto - Mundoagropecuario<\/title>\n<meta name=\"description\" content=\"Se observa que el principal destino de los l\u00e1cteos chilenos sigue siendo Estados Unidos, con una participaci\u00f3n dentro del total de 22,5%.\" \/>\n<meta name=\"robots\" content=\"index, follow, max-snippet:-1, max-image-preview:large, max-video-preview:-1\" \/>\n<link rel=\"canonical\" href=\"https:\/\/www.mundoagropecuario.cl\/new\/exportaciones-lacteas-acumulan-alza-de-56-al-mes-de-agosto\/\" \/>\n<meta property=\"og:locale\" content=\"es_ES\" \/>\n<meta property=\"og:type\" content=\"article\" \/>\n<meta property=\"og:title\" content=\"Exportaciones l\u00e1cteas acumulan alza de 5,6% al mes de agosto - Mundoagropecuario\" \/>\n<meta property=\"og:description\" content=\"Se observa que el principal destino de los l\u00e1cteos chilenos sigue siendo Estados Unidos, con una participaci\u00f3n dentro del total de 22,5%.\" \/>\n<meta property=\"og:url\" content=\"https:\/\/www.mundoagropecuario.cl\/new\/exportaciones-lacteas-acumulan-alza-de-56-al-mes-de-agosto\/\" \/>\n<meta property=\"og:site_name\" content=\"Mundoagropecuario\" \/>\n<meta property=\"article:publisher\" content=\"https:\/\/www.facebook.com\/mundo.agropecuario.3\" \/>\n<meta property=\"article:published_time\" content=\"2024-10-09T16:13:41+00:00\" \/>\n<meta property=\"article:modified_time\" content=\"2024-11-05T18:59:30+00:00\" \/>\n<meta property=\"og:image\" content=\"https:\/\/www.mundoagropecuario.cl\/new\/wp-content\/uploads\/2020\/12\/Leche-exportaciones.jpg\" \/>\n\t<meta property=\"og:image:width\" content=\"370\" \/>\n\t<meta property=\"og:image:height\" content=\"252\" \/>\n\t<meta property=\"og:image:type\" content=\"image\/jpeg\" \/>\n<meta name=\"author\" content=\"mundo\" \/>\n<meta name=\"twitter:card\" content=\"summary_large_image\" \/>\n<meta name=\"twitter:creator\" content=\"@MundoAgropecuar\" \/>\n<meta name=\"twitter:site\" content=\"@MundoAgropecuar\" \/>\n<meta name=\"twitter:label1\" content=\"Escrito por\" \/>\n\t<meta name=\"twitter:data1\" content=\"mundo\" \/>\n\t<meta name=\"twitter:label2\" content=\"Tiempo de lectura\" \/>\n\t<meta name=\"twitter:data2\" content=\"4 minutos\" \/>\n<script type=\"application\/ld+json\" class=\"yoast-schema-graph\">{\"@context\":\"https:\/\/schema.org\",\"@graph\":[{\"@type\":\"Article\",\"@id\":\"https:\/\/www.mundoagropecuario.cl\/new\/exportaciones-lacteas-acumulan-alza-de-56-al-mes-de-agosto\/#article\",\"isPartOf\":{\"@id\":\"https:\/\/www.mundoagropecuario.cl\/new\/exportaciones-lacteas-acumulan-alza-de-56-al-mes-de-agosto\/\"},\"author\":{\"name\":\"mundo\",\"@id\":\"https:\/\/www.mundoagropecuario.cl\/new\/#\/schema\/person\/4e9f74a82a7dac260eb1c44b7eebeb18\"},\"headline\":\"Exportaciones l\u00e1cteas acumulan alza de 5,6% al mes de agosto\",\"datePublished\":\"2024-10-09T16:13:41+00:00\",\"dateModified\":\"2024-11-05T18:59:30+00:00\",\"mainEntityOfPage\":{\"@id\":\"https:\/\/www.mundoagropecuario.cl\/new\/exportaciones-lacteas-acumulan-alza-de-56-al-mes-de-agosto\/\"},\"wordCount\":626,\"publisher\":{\"@id\":\"https:\/\/www.mundoagropecuario.cl\/new\/#organization\"},\"image\":{\"@id\":\"https:\/\/www.mundoagropecuario.cl\/new\/exportaciones-lacteas-acumulan-alza-de-56-al-mes-de-agosto\/#primaryimage\"},\"thumbnailUrl\":\"https:\/\/www.mundoagropecuario.cl\/new\/wp-content\/uploads\/2020\/12\/Leche-exportaciones.jpg\",\"keywords\":[\"Agricultura\",\"Agro\",\"Emiratos \u00c1rabes Unidos\",\"Exportaciones l\u00e1cteas\",\"L\u00e1cteos\",\"Leche\",\"Odepa\",\"Pol\u00edticas Agrarias -Odepa-\",\"Productores de leche\"],\"articleSection\":[\"L\u00e1cteos\"],\"inLanguage\":\"es\"},{\"@type\":\"WebPage\",\"@id\":\"https:\/\/www.mundoagropecuario.cl\/new\/exportaciones-lacteas-acumulan-alza-de-56-al-mes-de-agosto\/\",\"url\":\"https:\/\/www.mundoagropecuario.cl\/new\/exportaciones-lacteas-acumulan-alza-de-56-al-mes-de-agosto\/\",\"name\":\"Exportaciones l\u00e1cteas acumulan alza de 5,6% al mes de agosto - Mundoagropecuario\",\"isPartOf\":{\"@id\":\"https:\/\/www.mundoagropecuario.cl\/new\/#website\"},\"primaryImageOfPage\":{\"@id\":\"https:\/\/www.mundoagropecuario.cl\/new\/exportaciones-lacteas-acumulan-alza-de-56-al-mes-de-agosto\/#primaryimage\"},\"image\":{\"@id\":\"https:\/\/www.mundoagropecuario.cl\/new\/exportaciones-lacteas-acumulan-alza-de-56-al-mes-de-agosto\/#primaryimage\"},\"thumbnailUrl\":\"https:\/\/www.mundoagropecuario.cl\/new\/wp-content\/uploads\/2020\/12\/Leche-exportaciones.jpg\",\"datePublished\":\"2024-10-09T16:13:41+00:00\",\"dateModified\":\"2024-11-05T18:59:30+00:00\",\"description\":\"Se observa que el principal destino de los l\u00e1cteos chilenos sigue siendo Estados Unidos, con una participaci\u00f3n dentro del total de 22,5%.\",\"breadcrumb\":{\"@id\":\"https:\/\/www.mundoagropecuario.cl\/new\/exportaciones-lacteas-acumulan-alza-de-56-al-mes-de-agosto\/#breadcrumb\"},\"inLanguage\":\"es\",\"potentialAction\":[{\"@type\":\"ReadAction\",\"target\":[\"https:\/\/www.mundoagropecuario.cl\/new\/exportaciones-lacteas-acumulan-alza-de-56-al-mes-de-agosto\/\"]}]},{\"@type\":\"ImageObject\",\"inLanguage\":\"es\",\"@id\":\"https:\/\/www.mundoagropecuario.cl\/new\/exportaciones-lacteas-acumulan-alza-de-56-al-mes-de-agosto\/#primaryimage\",\"url\":\"https:\/\/www.mundoagropecuario.cl\/new\/wp-content\/uploads\/2020\/12\/Leche-exportaciones.jpg\",\"contentUrl\":\"https:\/\/www.mundoagropecuario.cl\/new\/wp-content\/uploads\/2020\/12\/Leche-exportaciones.jpg\",\"width\":370,\"height\":252},{\"@type\":\"BreadcrumbList\",\"@id\":\"https:\/\/www.mundoagropecuario.cl\/new\/exportaciones-lacteas-acumulan-alza-de-56-al-mes-de-agosto\/#breadcrumb\",\"itemListElement\":[{\"@type\":\"ListItem\",\"position\":1,\"name\":\"Portada\",\"item\":\"https:\/\/www.mundoagropecuario.cl\/new\/\"},{\"@type\":\"ListItem\",\"position\":2,\"name\":\"Exportaciones l\u00e1cteas acumulan alza de 5,6% al mes de agosto\"}]},{\"@type\":\"WebSite\",\"@id\":\"https:\/\/www.mundoagropecuario.cl\/new\/#website\",\"url\":\"https:\/\/www.mundoagropecuario.cl\/new\/\",\"name\":\"Mundoagropecuario\",\"description\":\"Mundo Agropecuario\",\"publisher\":{\"@id\":\"https:\/\/www.mundoagropecuario.cl\/new\/#organization\"},\"potentialAction\":[{\"@type\":\"SearchAction\",\"target\":{\"@type\":\"EntryPoint\",\"urlTemplate\":\"https:\/\/www.mundoagropecuario.cl\/new\/?s={search_term_string}\"},\"query-input\":{\"@type\":\"PropertyValueSpecification\",\"valueRequired\":true,\"valueName\":\"search_term_string\"}}],\"inLanguage\":\"es\"},{\"@type\":\"Organization\",\"@id\":\"https:\/\/www.mundoagropecuario.cl\/new\/#organization\",\"name\":\"Revista de Agricultura\",\"url\":\"https:\/\/www.mundoagropecuario.cl\/new\/\",\"logo\":{\"@type\":\"ImageObject\",\"inLanguage\":\"es\",\"@id\":\"https:\/\/www.mundoagropecuario.cl\/new\/#\/schema\/logo\/image\/\",\"url\":\"https:\/\/www.mundoagropecuario.cl\/new\/wp-content\/uploads\/2020\/11\/PORTAL-1-1.png\",\"contentUrl\":\"https:\/\/www.mundoagropecuario.cl\/new\/wp-content\/uploads\/2020\/11\/PORTAL-1-1.png\",\"width\":1026,\"height\":100,\"caption\":\"Revista de Agricultura\"},\"image\":{\"@id\":\"https:\/\/www.mundoagropecuario.cl\/new\/#\/schema\/logo\/image\/\"},\"sameAs\":[\"https:\/\/www.facebook.com\/mundo.agropecuario.3\",\"https:\/\/x.com\/MundoAgropecuar\",\"https:\/\/www.linkedin.com\/in\/mundo-agropecuario-934009201\/\"]},{\"@type\":\"Person\",\"@id\":\"https:\/\/www.mundoagropecuario.cl\/new\/#\/schema\/person\/4e9f74a82a7dac260eb1c44b7eebeb18\",\"name\":\"mundo\",\"url\":\"https:\/\/www.mundoagropecuario.cl\/new\/author\/mundo\/\"}]}<\/script>\n<!-- \/ Yoast SEO plugin. -->","yoast_head_json":{"title":"Exportaciones l\u00e1cteas acumulan alza de 5,6% al mes de agosto - Mundoagropecuario","description":"Se observa que el principal destino de los l\u00e1cteos chilenos sigue siendo Estados Unidos, con una participaci\u00f3n dentro del total de 22,5%.","robots":{"index":"index","follow":"follow","max-snippet":"max-snippet:-1","max-image-preview":"max-image-preview:large","max-video-preview":"max-video-preview:-1"},"canonical":"https:\/\/www.mundoagropecuario.cl\/new\/exportaciones-lacteas-acumulan-alza-de-56-al-mes-de-agosto\/","og_locale":"es_ES","og_type":"article","og_title":"Exportaciones l\u00e1cteas acumulan alza de 5,6% al mes de agosto - Mundoagropecuario","og_description":"Se observa que el principal destino de los l\u00e1cteos chilenos sigue siendo Estados Unidos, con una participaci\u00f3n dentro del total de 22,5%.","og_url":"https:\/\/www.mundoagropecuario.cl\/new\/exportaciones-lacteas-acumulan-alza-de-56-al-mes-de-agosto\/","og_site_name":"Mundoagropecuario","article_publisher":"https:\/\/www.facebook.com\/mundo.agropecuario.3","article_published_time":"2024-10-09T16:13:41+00:00","article_modified_time":"2024-11-05T18:59:30+00:00","og_image":[{"width":370,"height":252,"url":"https:\/\/www.mundoagropecuario.cl\/new\/wp-content\/uploads\/2020\/12\/Leche-exportaciones.jpg","type":"image\/jpeg"}],"author":"mundo","twitter_card":"summary_large_image","twitter_creator":"@MundoAgropecuar","twitter_site":"@MundoAgropecuar","twitter_misc":{"Escrito por":"mundo","Tiempo de lectura":"4 minutos"},"schema":{"@context":"https:\/\/schema.org","@graph":[{"@type":"Article","@id":"https:\/\/www.mundoagropecuario.cl\/new\/exportaciones-lacteas-acumulan-alza-de-56-al-mes-de-agosto\/#article","isPartOf":{"@id":"https:\/\/www.mundoagropecuario.cl\/new\/exportaciones-lacteas-acumulan-alza-de-56-al-mes-de-agosto\/"},"author":{"name":"mundo","@id":"https:\/\/www.mundoagropecuario.cl\/new\/#\/schema\/person\/4e9f74a82a7dac260eb1c44b7eebeb18"},"headline":"Exportaciones l\u00e1cteas acumulan alza de 5,6% al mes de agosto","datePublished":"2024-10-09T16:13:41+00:00","dateModified":"2024-11-05T18:59:30+00:00","mainEntityOfPage":{"@id":"https:\/\/www.mundoagropecuario.cl\/new\/exportaciones-lacteas-acumulan-alza-de-56-al-mes-de-agosto\/"},"wordCount":626,"publisher":{"@id":"https:\/\/www.mundoagropecuario.cl\/new\/#organization"},"image":{"@id":"https:\/\/www.mundoagropecuario.cl\/new\/exportaciones-lacteas-acumulan-alza-de-56-al-mes-de-agosto\/#primaryimage"},"thumbnailUrl":"https:\/\/www.mundoagropecuario.cl\/new\/wp-content\/uploads\/2020\/12\/Leche-exportaciones.jpg","keywords":["Agricultura","Agro","Emiratos \u00c1rabes Unidos","Exportaciones l\u00e1cteas","L\u00e1cteos","Leche","Odepa","Pol\u00edticas Agrarias -Odepa-","Productores de leche"],"articleSection":["L\u00e1cteos"],"inLanguage":"es"},{"@type":"WebPage","@id":"https:\/\/www.mundoagropecuario.cl\/new\/exportaciones-lacteas-acumulan-alza-de-56-al-mes-de-agosto\/","url":"https:\/\/www.mundoagropecuario.cl\/new\/exportaciones-lacteas-acumulan-alza-de-56-al-mes-de-agosto\/","name":"Exportaciones l\u00e1cteas acumulan alza de 5,6% al mes de agosto - Mundoagropecuario","isPartOf":{"@id":"https:\/\/www.mundoagropecuario.cl\/new\/#website"},"primaryImageOfPage":{"@id":"https:\/\/www.mundoagropecuario.cl\/new\/exportaciones-lacteas-acumulan-alza-de-56-al-mes-de-agosto\/#primaryimage"},"image":{"@id":"https:\/\/www.mundoagropecuario.cl\/new\/exportaciones-lacteas-acumulan-alza-de-56-al-mes-de-agosto\/#primaryimage"},"thumbnailUrl":"https:\/\/www.mundoagropecuario.cl\/new\/wp-content\/uploads\/2020\/12\/Leche-exportaciones.jpg","datePublished":"2024-10-09T16:13:41+00:00","dateModified":"2024-11-05T18:59:30+00:00","description":"Se observa que el principal destino de los l\u00e1cteos chilenos sigue siendo Estados Unidos, con una participaci\u00f3n dentro del total de 22,5%.","breadcrumb":{"@id":"https:\/\/www.mundoagropecuario.cl\/new\/exportaciones-lacteas-acumulan-alza-de-56-al-mes-de-agosto\/#breadcrumb"},"inLanguage":"es","potentialAction":[{"@type":"ReadAction","target":["https:\/\/www.mundoagropecuario.cl\/new\/exportaciones-lacteas-acumulan-alza-de-56-al-mes-de-agosto\/"]}]},{"@type":"ImageObject","inLanguage":"es","@id":"https:\/\/www.mundoagropecuario.cl\/new\/exportaciones-lacteas-acumulan-alza-de-56-al-mes-de-agosto\/#primaryimage","url":"https:\/\/www.mundoagropecuario.cl\/new\/wp-content\/uploads\/2020\/12\/Leche-exportaciones.jpg","contentUrl":"https:\/\/www.mundoagropecuario.cl\/new\/wp-content\/uploads\/2020\/12\/Leche-exportaciones.jpg","width":370,"height":252},{"@type":"BreadcrumbList","@id":"https:\/\/www.mundoagropecuario.cl\/new\/exportaciones-lacteas-acumulan-alza-de-56-al-mes-de-agosto\/#breadcrumb","itemListElement":[{"@type":"ListItem","position":1,"name":"Portada","item":"https:\/\/www.mundoagropecuario.cl\/new\/"},{"@type":"ListItem","position":2,"name":"Exportaciones l\u00e1cteas acumulan alza de 5,6% al mes de agosto"}]},{"@type":"WebSite","@id":"https:\/\/www.mundoagropecuario.cl\/new\/#website","url":"https:\/\/www.mundoagropecuario.cl\/new\/","name":"Mundoagropecuario","description":"Mundo Agropecuario","publisher":{"@id":"https:\/\/www.mundoagropecuario.cl\/new\/#organization"},"potentialAction":[{"@type":"SearchAction","target":{"@type":"EntryPoint","urlTemplate":"https:\/\/www.mundoagropecuario.cl\/new\/?s={search_term_string}"},"query-input":{"@type":"PropertyValueSpecification","valueRequired":true,"valueName":"search_term_string"}}],"inLanguage":"es"},{"@type":"Organization","@id":"https:\/\/www.mundoagropecuario.cl\/new\/#organization","name":"Revista de Agricultura","url":"https:\/\/www.mundoagropecuario.cl\/new\/","logo":{"@type":"ImageObject","inLanguage":"es","@id":"https:\/\/www.mundoagropecuario.cl\/new\/#\/schema\/logo\/image\/","url":"https:\/\/www.mundoagropecuario.cl\/new\/wp-content\/uploads\/2020\/11\/PORTAL-1-1.png","contentUrl":"https:\/\/www.mundoagropecuario.cl\/new\/wp-content\/uploads\/2020\/11\/PORTAL-1-1.png","width":1026,"height":100,"caption":"Revista de Agricultura"},"image":{"@id":"https:\/\/www.mundoagropecuario.cl\/new\/#\/schema\/logo\/image\/"},"sameAs":["https:\/\/www.facebook.com\/mundo.agropecuario.3","https:\/\/x.com\/MundoAgropecuar","https:\/\/www.linkedin.com\/in\/mundo-agropecuario-934009201\/"]},{"@type":"Person","@id":"https:\/\/www.mundoagropecuario.cl\/new\/#\/schema\/person\/4e9f74a82a7dac260eb1c44b7eebeb18","name":"mundo","url":"https:\/\/www.mundoagropecuario.cl\/new\/author\/mundo\/"}]}},"_links":{"self":[{"href":"https:\/\/www.mundoagropecuario.cl\/new\/wp-json\/wp\/v2\/posts\/25583","targetHints":{"allow":["GET"]}}],"collection":[{"href":"https:\/\/www.mundoagropecuario.cl\/new\/wp-json\/wp\/v2\/posts"}],"about":[{"href":"https:\/\/www.mundoagropecuario.cl\/new\/wp-json\/wp\/v2\/types\/post"}],"author":[{"embeddable":true,"href":"https:\/\/www.mundoagropecuario.cl\/new\/wp-json\/wp\/v2\/users\/2"}],"replies":[{"embeddable":true,"href":"https:\/\/www.mundoagropecuario.cl\/new\/wp-json\/wp\/v2\/comments?post=25583"}],"version-history":[{"count":1,"href":"https:\/\/www.mundoagropecuario.cl\/new\/wp-json\/wp\/v2\/posts\/25583\/revisions"}],"predecessor-version":[{"id":25584,"href":"https:\/\/www.mundoagropecuario.cl\/new\/wp-json\/wp\/v2\/posts\/25583\/revisions\/25584"}],"wp:featuredmedia":[{"embeddable":true,"href":"https:\/\/www.mundoagropecuario.cl\/new\/wp-json\/wp\/v2\/media\/17207"}],"wp:attachment":[{"href":"https:\/\/www.mundoagropecuario.cl\/new\/wp-json\/wp\/v2\/media?parent=25583"}],"wp:term":[{"taxonomy":"category","embeddable":true,"href":"https:\/\/www.mundoagropecuario.cl\/new\/wp-json\/wp\/v2\/categories?post=25583"},{"taxonomy":"post_tag","embeddable":true,"href":"https:\/\/www.mundoagropecuario.cl\/new\/wp-json\/wp\/v2\/tags?post=25583"}],"curies":[{"name":"wp","href":"https:\/\/api.w.org\/{rel}","templated":true}]}}