{"id":25566,"date":"2024-10-01T18:34:06","date_gmt":"2024-10-01T21:34:06","guid":{"rendered":"https:\/\/www.mundoagropecuario.cl\/new\/?p=25566"},"modified":"2024-10-28T16:31:13","modified_gmt":"2024-10-28T19:31:13","slug":"los-mejores-quesos-artesanos-de-chile-se-haran-presentes-en-espacio-food-service","status":"publish","type":"post","link":"https:\/\/www.mundoagropecuario.cl\/new\/los-mejores-quesos-artesanos-de-chile-se-haran-presentes-en-espacio-food-service\/","title":{"rendered":"Los mejores quesos artesanos de Chile se har\u00e1n presentes en Espacio Food &#038; Service"},"content":{"rendered":"<p>Este mi\u00e9rcoles 2 de octubre, en Espacio Food &amp; Service, la feria m\u00e1s importante de la industria alimentaria nacional y unas de las m\u00e1s grandes de Latinoam\u00e9rica, se realizar\u00e1n dos catas con los mejores quesos artesanos de Chile. As\u00ed lo dieron a conocer el investigador de INIA Remehue, Ignacio Subiabre y el destacado fromelier y jurado internacional de quesos, Alejandro Thomas.<\/p>\n<p>\u201cComo ya es tradicional en el entorno de la feria Food &amp; Service, junto al Instituto de Investigaciones Agropecuarias (INIA), este a\u00f1o tendremos 2 catas con expertos, actores relevantes de la industria, autoridades, medios de prensa e invitados especiales, en las que presentaremos y degustaremos los mejores quesos artesanos de Chile\u201d, indic\u00f3 Alejandro Thomas.<\/p>\n<p>Ignacio Subiabre, a\u00f1adi\u00f3 que \u201cadem\u00e1s de algunos productos especiales elegidos para esta oportunidad, estar\u00e1n los ganadores del concurso nacional de quesos La Queser\u00eda 2024, realizado recientemente en Osorno en el marco de la Feria sensorial de quesos artesanos y quesos de autor, que organizamos en INIA Remehue, con el apoyo la Fundaci\u00f3n para la Innovaci\u00f3n Agraria (FIA), Colectivo Fermento y Fermentos del Sur\u201d.<\/p>\n<p>Entre los productos destacan el queso de Caprinos Villaseca de Ovalle, Regi\u00f3n de Coquimbo, de la productora Yasna Molina que obtuvo mellada de oro recientemente en la Copa Am\u00e9rica en Ecuador; el queso de cabra maduro Herencia de Campo, elaborado en Marchig\u00fce, Regi\u00f3n de O\u2019Higgins, del productor Juan Fuentes, que obtuvo una medalla de bronce en el concurso internacional de quesos artesanos de Brasil \u201cArax\u00e1 Internacional Cheese Award\u201d; el queso Herencia de Campo tierno con 60 d\u00edas de maduraci\u00f3n que logr\u00f3 el segundo lugar en queso de cabra maduro y el queso de Herencia de Campo fresco prensado, que logr\u00f3 tambi\u00e9n un segundo lugar en la categor\u00eda cabra joven, en el concurso nacional La Queser\u00eda.<\/p>\n<p>Otros quesos artesanos elaborados con leche de cabra que estar\u00e1n presentes en la cata son el queso de cabra maduro de L\u00e1cteos Manquelaf, de la Regi\u00f3n de Los R\u00edos, del productor Fredy Quilaqueo, que logr\u00f3 el primer lugar en su categor\u00eda en el certamen nacional la Queser\u00eda y el queso D\u2019Cabra, Frutillar, Regi\u00f3n de Los Lagos, productora Paulina Retamal, que obtuvo el tercer lugar en el concurso La Queser\u00eda 2024 en la categor\u00eda queso de cabra joven.<\/p>\n<p>En los quesos elaborados con leche de vaca estar\u00e1n los ganadores de la categor\u00eda Mantecoso Chanco joven: el primer lugar, de Quesos Renaico, Regi\u00f3n de La Araucan\u00eda, de la productora Olivia Fa\u00fandez; el segundo lugar del Fundo Centinela de Osorno, Regi\u00f3n de Los Lagos, del productor Ra\u00fal Cavieres y el tercer lugar, del Liceo Agrotec de La Uni\u00f3n, Regi\u00f3n de Los R\u00edos.<\/p>\n<p>En la categor\u00eda Mantecoso Chanco maduro, el primer lugar de Quesos Renaico, de la productora Olivia Fa\u00fandez; el segundo lugar de L\u00e1cteos Quilacoya, R\u00edo Negro, Regi\u00f3n de Los Lagos, del productor Jorge Licandeo y el tercer lugar de Quesos Don Benedicto, R\u00edo Negro, Regi\u00f3n de Los Lagos, de la productora Karin Sturm.<\/p>\n<p>De la categor\u00eda Queso Blando participar\u00e1n el primer lugar, de Quesos Quiman de Futrono, Regi\u00f3n de Los R\u00edos, de la productora Lorna Tamayo; el segundo lugar de L\u00e1cteos Cahuelche de Ancud, Regi\u00f3n de Los Lagos, de la productora Melanie Siegel y el tercer lugar, de Cabritalegre de Placilla, Regi\u00f3n de O\u2019Higgins, de la productora Lorena Mardones.<\/p>\n<p>Finalmente, en la categor\u00eda Queso de Autor, est\u00e1n en las dos catas, el primer lugar de la Fundaci\u00f3n Mondion, de Victoria, Regi\u00f3n de La Araucan\u00eda, de la productora Denisse Escobar; el segundo lugar de Chilozabal, de Ancud, Regi\u00f3n de Los Lagos, del productor Rafael Marip\u00e1n y el tercer lugar de la Queser\u00eda Do\u00f1a Rina de Casablanca, Regi\u00f3n de Valpara\u00edso, del productor Roberto Urivi Garc\u00eda-Huidobro.<\/p>\n<p>Junto a los anteriores, tambi\u00e9n se degustar\u00e1n quesos de La Rotunda, un mantecoso hecho con leche de vaca y madurado 60 d\u00edas y el queso Laureles de Oveja Vasca afinado por m\u00e1s de 60 d\u00edas.<\/p>\n<p><strong>Resultado de un trabajo conjunto<\/strong><\/p>\n<p>Ignacio Subiabre, investigador de INIA, resalt\u00f3 que \u201cgracias a todo el trabajo que hemos estado desarrollando junto a diversos actores hemos podido definir y estandarizar algunos atributos sensoriales de los quesos artesanos y quesos de autor en Chile y al mismo tiempo caracterizar sensorialmente los quesos que participaron en el concurso La Queser\u00eda con jueces especializados, con la idea de determinar la aceptabilidad sensorial de los quesos mejor evaluados y luego difundir los resultados, promoviendo as\u00ed que m\u00e1s productores se atrevan a innovar, diversificar su oferta y mejorar la calidad de sus quesos agregando valor a su producci\u00f3n\u201d.<\/p>\n<p>El ingeniero en alimentos y juez internacional, Alejandro Thomas, sostuvo que entre los pasos a seguir para continuar promoviendo el desarrollo de la industria quesera nacional y en particular la producci\u00f3n de quesos artesanos y quesos de autor en Chile, pr\u00f3ximamente viajar\u00e1 a Portugal para participar como jurado en el concurso mundial de quesos World Cheese Awards, que se realizar\u00e1 en la ciudad de Viseu, entre el 14 al 18 de noviembre pr\u00f3ximos.<\/p>\n<p>\u201cA este concurso llevaremos por primera vez en la historia, una selecci\u00f3n de los mejores quesos artesanos chilenos, lo que es realmente un hito, que se va a concretar gracias al apoyo de instituciones del Ministerio de Agricultura y tambi\u00e9n tenemos el compromiso de la organizaci\u00f3n del World Cheese Awards y de la Food &amp; Service, adem\u00e1s de instituciones como INIA, SAG, FIA, CORFO, Sernatur y ProChile que nos pueden colaborar, para organizar el pr\u00f3ximo a\u00f1o en esta misma feria un nuevo concurso nacional de quesos que sea una especie de clasificatorio para el certamen mundial\u201d.<\/p>\n","protected":false},"excerpt":{"rendered":"<p>Expertos y actores relevantes de la industria alimentaria, cocineros, influencers y autoridades del sector, participar\u00e1n este 2 de octubre en dos catas organizadas por INIA y el fromelier Alejandro Thomas.<\/p>\n","protected":false},"author":2,"featured_media":25567,"comment_status":"closed","ping_status":"closed","sticky":false,"template":"","format":"standard","meta":{"footnotes":""},"categories":[1946],"tags":[2090,3127,8951,2108,2514,2052,8950,8949,563],"class_list":["post-25566","post","type-post","status-publish","format-standard","has-post-thumbnail","hentry","category-lacteos","tag-agricultura","tag-agro","tag-de-la-productora-karin-sturm","tag-espacio-food-service","tag-fundacion-para-la-innovacion-agraria","tag-inia","tag-productor-fredy-quilaqueo","tag-quesos-artesanos","tag-region-de-los-lagos"],"yoast_head":"<!-- This site is optimized with the Yoast SEO plugin v26.6 - https:\/\/yoast.com\/wordpress\/plugins\/seo\/ -->\n<title>Los mejores quesos artesanos de Chile se har\u00e1n presentes en Espacio Food &amp; Service - Mundoagropecuario<\/title>\n<meta name=\"description\" content=\"La industria alimentaria, cocineros, influencers y autoridades del sector, participar\u00e1n este 2 de octubre en dos catas organizadas por INIA\" \/>\n<meta name=\"robots\" content=\"index, follow, max-snippet:-1, max-image-preview:large, max-video-preview:-1\" \/>\n<link rel=\"canonical\" href=\"https:\/\/www.mundoagropecuario.cl\/new\/los-mejores-quesos-artesanos-de-chile-se-haran-presentes-en-espacio-food-service\/\" \/>\n<meta property=\"og:locale\" content=\"es_ES\" \/>\n<meta property=\"og:type\" content=\"article\" \/>\n<meta property=\"og:title\" content=\"Los mejores quesos artesanos de Chile se har\u00e1n presentes en Espacio Food &amp; Service - Mundoagropecuario\" \/>\n<meta property=\"og:description\" content=\"La industria alimentaria, cocineros, influencers y autoridades del sector, participar\u00e1n este 2 de octubre en dos catas organizadas por INIA\" \/>\n<meta property=\"og:url\" content=\"https:\/\/www.mundoagropecuario.cl\/new\/los-mejores-quesos-artesanos-de-chile-se-haran-presentes-en-espacio-food-service\/\" \/>\n<meta property=\"og:site_name\" content=\"Mundoagropecuario\" \/>\n<meta property=\"article:publisher\" content=\"https:\/\/www.facebook.com\/mundo.agropecuario.3\" \/>\n<meta property=\"article:published_time\" content=\"2024-10-01T21:34:06+00:00\" \/>\n<meta property=\"article:modified_time\" content=\"2024-10-28T19:31:13+00:00\" \/>\n<meta property=\"og:image\" content=\"https:\/\/www.mundoagropecuario.cl\/new\/wp-content\/uploads\/2024\/10\/Quesos-scaled.jpg\" \/>\n\t<meta property=\"og:image:width\" content=\"678\" \/>\n\t<meta property=\"og:image:height\" content=\"400\" \/>\n\t<meta property=\"og:image:type\" content=\"image\/jpeg\" \/>\n<meta name=\"author\" content=\"mundo\" \/>\n<meta name=\"twitter:card\" content=\"summary_large_image\" \/>\n<meta name=\"twitter:creator\" content=\"@MundoAgropecuar\" \/>\n<meta name=\"twitter:site\" content=\"@MundoAgropecuar\" \/>\n<meta name=\"twitter:label1\" content=\"Escrito por\" \/>\n\t<meta name=\"twitter:data1\" content=\"mundo\" \/>\n\t<meta name=\"twitter:label2\" content=\"Tiempo de lectura\" \/>\n\t<meta name=\"twitter:data2\" content=\"5 minutos\" \/>\n<script type=\"application\/ld+json\" class=\"yoast-schema-graph\">{\"@context\":\"https:\/\/schema.org\",\"@graph\":[{\"@type\":\"Article\",\"@id\":\"https:\/\/www.mundoagropecuario.cl\/new\/los-mejores-quesos-artesanos-de-chile-se-haran-presentes-en-espacio-food-service\/#article\",\"isPartOf\":{\"@id\":\"https:\/\/www.mundoagropecuario.cl\/new\/los-mejores-quesos-artesanos-de-chile-se-haran-presentes-en-espacio-food-service\/\"},\"author\":{\"name\":\"mundo\",\"@id\":\"https:\/\/www.mundoagropecuario.cl\/new\/#\/schema\/person\/4e9f74a82a7dac260eb1c44b7eebeb18\"},\"headline\":\"Los mejores quesos artesanos de Chile se har\u00e1n presentes en Espacio Food &#038; Service\",\"datePublished\":\"2024-10-01T21:34:06+00:00\",\"dateModified\":\"2024-10-28T19:31:13+00:00\",\"mainEntityOfPage\":{\"@id\":\"https:\/\/www.mundoagropecuario.cl\/new\/los-mejores-quesos-artesanos-de-chile-se-haran-presentes-en-espacio-food-service\/\"},\"wordCount\":1002,\"publisher\":{\"@id\":\"https:\/\/www.mundoagropecuario.cl\/new\/#organization\"},\"image\":{\"@id\":\"https:\/\/www.mundoagropecuario.cl\/new\/los-mejores-quesos-artesanos-de-chile-se-haran-presentes-en-espacio-food-service\/#primaryimage\"},\"thumbnailUrl\":\"https:\/\/www.mundoagropecuario.cl\/new\/wp-content\/uploads\/2024\/10\/Quesos-scaled.jpg\",\"keywords\":[\"Agricultura\",\"Agro\",\"de la productora Karin Sturm\",\"Espacio Food &amp; Service\",\"Fundaci\u00f3n para la Innovaci\u00f3n Agraria\",\"INIA\",\"productor Fredy Quilaqueo\",\"quesos artesanos\",\"Regi\u00f3n de Los Lagos\"],\"articleSection\":[\"L\u00e1cteos\"],\"inLanguage\":\"es\"},{\"@type\":\"WebPage\",\"@id\":\"https:\/\/www.mundoagropecuario.cl\/new\/los-mejores-quesos-artesanos-de-chile-se-haran-presentes-en-espacio-food-service\/\",\"url\":\"https:\/\/www.mundoagropecuario.cl\/new\/los-mejores-quesos-artesanos-de-chile-se-haran-presentes-en-espacio-food-service\/\",\"name\":\"Los mejores quesos artesanos de Chile se har\u00e1n presentes en Espacio Food & Service - Mundoagropecuario\",\"isPartOf\":{\"@id\":\"https:\/\/www.mundoagropecuario.cl\/new\/#website\"},\"primaryImageOfPage\":{\"@id\":\"https:\/\/www.mundoagropecuario.cl\/new\/los-mejores-quesos-artesanos-de-chile-se-haran-presentes-en-espacio-food-service\/#primaryimage\"},\"image\":{\"@id\":\"https:\/\/www.mundoagropecuario.cl\/new\/los-mejores-quesos-artesanos-de-chile-se-haran-presentes-en-espacio-food-service\/#primaryimage\"},\"thumbnailUrl\":\"https:\/\/www.mundoagropecuario.cl\/new\/wp-content\/uploads\/2024\/10\/Quesos-scaled.jpg\",\"datePublished\":\"2024-10-01T21:34:06+00:00\",\"dateModified\":\"2024-10-28T19:31:13+00:00\",\"description\":\"La industria alimentaria, cocineros, influencers y autoridades del sector, participar\u00e1n este 2 de octubre en dos catas organizadas por INIA\",\"breadcrumb\":{\"@id\":\"https:\/\/www.mundoagropecuario.cl\/new\/los-mejores-quesos-artesanos-de-chile-se-haran-presentes-en-espacio-food-service\/#breadcrumb\"},\"inLanguage\":\"es\",\"potentialAction\":[{\"@type\":\"ReadAction\",\"target\":[\"https:\/\/www.mundoagropecuario.cl\/new\/los-mejores-quesos-artesanos-de-chile-se-haran-presentes-en-espacio-food-service\/\"]}]},{\"@type\":\"ImageObject\",\"inLanguage\":\"es\",\"@id\":\"https:\/\/www.mundoagropecuario.cl\/new\/los-mejores-quesos-artesanos-de-chile-se-haran-presentes-en-espacio-food-service\/#primaryimage\",\"url\":\"https:\/\/www.mundoagropecuario.cl\/new\/wp-content\/uploads\/2024\/10\/Quesos-scaled.jpg\",\"contentUrl\":\"https:\/\/www.mundoagropecuario.cl\/new\/wp-content\/uploads\/2024\/10\/Quesos-scaled.jpg\",\"width\":678,\"height\":400},{\"@type\":\"BreadcrumbList\",\"@id\":\"https:\/\/www.mundoagropecuario.cl\/new\/los-mejores-quesos-artesanos-de-chile-se-haran-presentes-en-espacio-food-service\/#breadcrumb\",\"itemListElement\":[{\"@type\":\"ListItem\",\"position\":1,\"name\":\"Portada\",\"item\":\"https:\/\/www.mundoagropecuario.cl\/new\/\"},{\"@type\":\"ListItem\",\"position\":2,\"name\":\"Los mejores quesos artesanos de Chile se har\u00e1n presentes en Espacio Food &#038; Service\"}]},{\"@type\":\"WebSite\",\"@id\":\"https:\/\/www.mundoagropecuario.cl\/new\/#website\",\"url\":\"https:\/\/www.mundoagropecuario.cl\/new\/\",\"name\":\"Mundoagropecuario\",\"description\":\"Mundo Agropecuario\",\"publisher\":{\"@id\":\"https:\/\/www.mundoagropecuario.cl\/new\/#organization\"},\"potentialAction\":[{\"@type\":\"SearchAction\",\"target\":{\"@type\":\"EntryPoint\",\"urlTemplate\":\"https:\/\/www.mundoagropecuario.cl\/new\/?s={search_term_string}\"},\"query-input\":{\"@type\":\"PropertyValueSpecification\",\"valueRequired\":true,\"valueName\":\"search_term_string\"}}],\"inLanguage\":\"es\"},{\"@type\":\"Organization\",\"@id\":\"https:\/\/www.mundoagropecuario.cl\/new\/#organization\",\"name\":\"Revista de Agricultura\",\"url\":\"https:\/\/www.mundoagropecuario.cl\/new\/\",\"logo\":{\"@type\":\"ImageObject\",\"inLanguage\":\"es\",\"@id\":\"https:\/\/www.mundoagropecuario.cl\/new\/#\/schema\/logo\/image\/\",\"url\":\"https:\/\/www.mundoagropecuario.cl\/new\/wp-content\/uploads\/2020\/11\/PORTAL-1-1.png\",\"contentUrl\":\"https:\/\/www.mundoagropecuario.cl\/new\/wp-content\/uploads\/2020\/11\/PORTAL-1-1.png\",\"width\":1026,\"height\":100,\"caption\":\"Revista de Agricultura\"},\"image\":{\"@id\":\"https:\/\/www.mundoagropecuario.cl\/new\/#\/schema\/logo\/image\/\"},\"sameAs\":[\"https:\/\/www.facebook.com\/mundo.agropecuario.3\",\"https:\/\/x.com\/MundoAgropecuar\",\"https:\/\/www.linkedin.com\/in\/mundo-agropecuario-934009201\/\"]},{\"@type\":\"Person\",\"@id\":\"https:\/\/www.mundoagropecuario.cl\/new\/#\/schema\/person\/4e9f74a82a7dac260eb1c44b7eebeb18\",\"name\":\"mundo\",\"url\":\"https:\/\/www.mundoagropecuario.cl\/new\/author\/mundo\/\"}]}<\/script>\n<!-- \/ Yoast SEO plugin. -->","yoast_head_json":{"title":"Los mejores quesos artesanos de Chile se har\u00e1n presentes en Espacio Food & Service - Mundoagropecuario","description":"La industria alimentaria, cocineros, influencers y autoridades del sector, participar\u00e1n este 2 de octubre en dos catas organizadas por INIA","robots":{"index":"index","follow":"follow","max-snippet":"max-snippet:-1","max-image-preview":"max-image-preview:large","max-video-preview":"max-video-preview:-1"},"canonical":"https:\/\/www.mundoagropecuario.cl\/new\/los-mejores-quesos-artesanos-de-chile-se-haran-presentes-en-espacio-food-service\/","og_locale":"es_ES","og_type":"article","og_title":"Los mejores quesos artesanos de Chile se har\u00e1n presentes en Espacio Food & Service - Mundoagropecuario","og_description":"La industria alimentaria, cocineros, influencers y autoridades del sector, participar\u00e1n este 2 de octubre en dos catas organizadas por INIA","og_url":"https:\/\/www.mundoagropecuario.cl\/new\/los-mejores-quesos-artesanos-de-chile-se-haran-presentes-en-espacio-food-service\/","og_site_name":"Mundoagropecuario","article_publisher":"https:\/\/www.facebook.com\/mundo.agropecuario.3","article_published_time":"2024-10-01T21:34:06+00:00","article_modified_time":"2024-10-28T19:31:13+00:00","og_image":[{"width":678,"height":400,"url":"https:\/\/www.mundoagropecuario.cl\/new\/wp-content\/uploads\/2024\/10\/Quesos-scaled.jpg","type":"image\/jpeg"}],"author":"mundo","twitter_card":"summary_large_image","twitter_creator":"@MundoAgropecuar","twitter_site":"@MundoAgropecuar","twitter_misc":{"Escrito por":"mundo","Tiempo de lectura":"5 minutos"},"schema":{"@context":"https:\/\/schema.org","@graph":[{"@type":"Article","@id":"https:\/\/www.mundoagropecuario.cl\/new\/los-mejores-quesos-artesanos-de-chile-se-haran-presentes-en-espacio-food-service\/#article","isPartOf":{"@id":"https:\/\/www.mundoagropecuario.cl\/new\/los-mejores-quesos-artesanos-de-chile-se-haran-presentes-en-espacio-food-service\/"},"author":{"name":"mundo","@id":"https:\/\/www.mundoagropecuario.cl\/new\/#\/schema\/person\/4e9f74a82a7dac260eb1c44b7eebeb18"},"headline":"Los mejores quesos artesanos de Chile se har\u00e1n presentes en Espacio Food &#038; Service","datePublished":"2024-10-01T21:34:06+00:00","dateModified":"2024-10-28T19:31:13+00:00","mainEntityOfPage":{"@id":"https:\/\/www.mundoagropecuario.cl\/new\/los-mejores-quesos-artesanos-de-chile-se-haran-presentes-en-espacio-food-service\/"},"wordCount":1002,"publisher":{"@id":"https:\/\/www.mundoagropecuario.cl\/new\/#organization"},"image":{"@id":"https:\/\/www.mundoagropecuario.cl\/new\/los-mejores-quesos-artesanos-de-chile-se-haran-presentes-en-espacio-food-service\/#primaryimage"},"thumbnailUrl":"https:\/\/www.mundoagropecuario.cl\/new\/wp-content\/uploads\/2024\/10\/Quesos-scaled.jpg","keywords":["Agricultura","Agro","de la productora Karin Sturm","Espacio Food &amp; Service","Fundaci\u00f3n para la Innovaci\u00f3n Agraria","INIA","productor Fredy Quilaqueo","quesos artesanos","Regi\u00f3n de Los Lagos"],"articleSection":["L\u00e1cteos"],"inLanguage":"es"},{"@type":"WebPage","@id":"https:\/\/www.mundoagropecuario.cl\/new\/los-mejores-quesos-artesanos-de-chile-se-haran-presentes-en-espacio-food-service\/","url":"https:\/\/www.mundoagropecuario.cl\/new\/los-mejores-quesos-artesanos-de-chile-se-haran-presentes-en-espacio-food-service\/","name":"Los mejores quesos artesanos de Chile se har\u00e1n presentes en Espacio Food & Service - Mundoagropecuario","isPartOf":{"@id":"https:\/\/www.mundoagropecuario.cl\/new\/#website"},"primaryImageOfPage":{"@id":"https:\/\/www.mundoagropecuario.cl\/new\/los-mejores-quesos-artesanos-de-chile-se-haran-presentes-en-espacio-food-service\/#primaryimage"},"image":{"@id":"https:\/\/www.mundoagropecuario.cl\/new\/los-mejores-quesos-artesanos-de-chile-se-haran-presentes-en-espacio-food-service\/#primaryimage"},"thumbnailUrl":"https:\/\/www.mundoagropecuario.cl\/new\/wp-content\/uploads\/2024\/10\/Quesos-scaled.jpg","datePublished":"2024-10-01T21:34:06+00:00","dateModified":"2024-10-28T19:31:13+00:00","description":"La industria alimentaria, cocineros, influencers y autoridades del sector, participar\u00e1n este 2 de octubre en dos catas organizadas por INIA","breadcrumb":{"@id":"https:\/\/www.mundoagropecuario.cl\/new\/los-mejores-quesos-artesanos-de-chile-se-haran-presentes-en-espacio-food-service\/#breadcrumb"},"inLanguage":"es","potentialAction":[{"@type":"ReadAction","target":["https:\/\/www.mundoagropecuario.cl\/new\/los-mejores-quesos-artesanos-de-chile-se-haran-presentes-en-espacio-food-service\/"]}]},{"@type":"ImageObject","inLanguage":"es","@id":"https:\/\/www.mundoagropecuario.cl\/new\/los-mejores-quesos-artesanos-de-chile-se-haran-presentes-en-espacio-food-service\/#primaryimage","url":"https:\/\/www.mundoagropecuario.cl\/new\/wp-content\/uploads\/2024\/10\/Quesos-scaled.jpg","contentUrl":"https:\/\/www.mundoagropecuario.cl\/new\/wp-content\/uploads\/2024\/10\/Quesos-scaled.jpg","width":678,"height":400},{"@type":"BreadcrumbList","@id":"https:\/\/www.mundoagropecuario.cl\/new\/los-mejores-quesos-artesanos-de-chile-se-haran-presentes-en-espacio-food-service\/#breadcrumb","itemListElement":[{"@type":"ListItem","position":1,"name":"Portada","item":"https:\/\/www.mundoagropecuario.cl\/new\/"},{"@type":"ListItem","position":2,"name":"Los mejores quesos artesanos de Chile se har\u00e1n presentes en Espacio Food &#038; Service"}]},{"@type":"WebSite","@id":"https:\/\/www.mundoagropecuario.cl\/new\/#website","url":"https:\/\/www.mundoagropecuario.cl\/new\/","name":"Mundoagropecuario","description":"Mundo Agropecuario","publisher":{"@id":"https:\/\/www.mundoagropecuario.cl\/new\/#organization"},"potentialAction":[{"@type":"SearchAction","target":{"@type":"EntryPoint","urlTemplate":"https:\/\/www.mundoagropecuario.cl\/new\/?s={search_term_string}"},"query-input":{"@type":"PropertyValueSpecification","valueRequired":true,"valueName":"search_term_string"}}],"inLanguage":"es"},{"@type":"Organization","@id":"https:\/\/www.mundoagropecuario.cl\/new\/#organization","name":"Revista de Agricultura","url":"https:\/\/www.mundoagropecuario.cl\/new\/","logo":{"@type":"ImageObject","inLanguage":"es","@id":"https:\/\/www.mundoagropecuario.cl\/new\/#\/schema\/logo\/image\/","url":"https:\/\/www.mundoagropecuario.cl\/new\/wp-content\/uploads\/2020\/11\/PORTAL-1-1.png","contentUrl":"https:\/\/www.mundoagropecuario.cl\/new\/wp-content\/uploads\/2020\/11\/PORTAL-1-1.png","width":1026,"height":100,"caption":"Revista de Agricultura"},"image":{"@id":"https:\/\/www.mundoagropecuario.cl\/new\/#\/schema\/logo\/image\/"},"sameAs":["https:\/\/www.facebook.com\/mundo.agropecuario.3","https:\/\/x.com\/MundoAgropecuar","https:\/\/www.linkedin.com\/in\/mundo-agropecuario-934009201\/"]},{"@type":"Person","@id":"https:\/\/www.mundoagropecuario.cl\/new\/#\/schema\/person\/4e9f74a82a7dac260eb1c44b7eebeb18","name":"mundo","url":"https:\/\/www.mundoagropecuario.cl\/new\/author\/mundo\/"}]}},"_links":{"self":[{"href":"https:\/\/www.mundoagropecuario.cl\/new\/wp-json\/wp\/v2\/posts\/25566","targetHints":{"allow":["GET"]}}],"collection":[{"href":"https:\/\/www.mundoagropecuario.cl\/new\/wp-json\/wp\/v2\/posts"}],"about":[{"href":"https:\/\/www.mundoagropecuario.cl\/new\/wp-json\/wp\/v2\/types\/post"}],"author":[{"embeddable":true,"href":"https:\/\/www.mundoagropecuario.cl\/new\/wp-json\/wp\/v2\/users\/2"}],"replies":[{"embeddable":true,"href":"https:\/\/www.mundoagropecuario.cl\/new\/wp-json\/wp\/v2\/comments?post=25566"}],"version-history":[{"count":1,"href":"https:\/\/www.mundoagropecuario.cl\/new\/wp-json\/wp\/v2\/posts\/25566\/revisions"}],"predecessor-version":[{"id":25568,"href":"https:\/\/www.mundoagropecuario.cl\/new\/wp-json\/wp\/v2\/posts\/25566\/revisions\/25568"}],"wp:featuredmedia":[{"embeddable":true,"href":"https:\/\/www.mundoagropecuario.cl\/new\/wp-json\/wp\/v2\/media\/25567"}],"wp:attachment":[{"href":"https:\/\/www.mundoagropecuario.cl\/new\/wp-json\/wp\/v2\/media?parent=25566"}],"wp:term":[{"taxonomy":"category","embeddable":true,"href":"https:\/\/www.mundoagropecuario.cl\/new\/wp-json\/wp\/v2\/categories?post=25566"},{"taxonomy":"post_tag","embeddable":true,"href":"https:\/\/www.mundoagropecuario.cl\/new\/wp-json\/wp\/v2\/tags?post=25566"}],"curies":[{"name":"wp","href":"https:\/\/api.w.org\/{rel}","templated":true}]}}