{"id":25481,"date":"2024-08-22T11:49:58","date_gmt":"2024-08-22T14:49:58","guid":{"rendered":"https:\/\/www.mundoagropecuario.cl\/new\/?p=25481"},"modified":"2024-09-09T13:10:27","modified_gmt":"2024-09-09T16:10:27","slug":"industria-lactea-chilena-marca-hito-con-firma-de-2do-apl","status":"publish","type":"post","link":"https:\/\/www.mundoagropecuario.cl\/new\/industria-lactea-chilena-marca-hito-con-firma-de-2do-apl\/","title":{"rendered":"Industria l\u00e1ctea chilena marca hito con firma de 2do APL"},"content":{"rendered":"<p>Mediante esta nueva alianza p\u00fablico-privada, empresas procesadoras del sector l\u00e1cteo buscan no solo mejorar la eficiencia ambiental y productiva, sino tambi\u00e9n fortalecer la resiliencia de la industria frente a los desaf\u00edos del cambio clim\u00e1tico, con un fuerte involucramiento de la cadena de valor.<\/p>\n<p>En un esfuerzo por elevar el est\u00e1ndar de sustentabilidad alcanzado en el primer APL y avanzar en la acci\u00f3n clim\u00e1tica en la industria l\u00e1ctea chilena, la Agencia de Sustentabilidad y Cambio Clim\u00e1tico (ASCC) de Corfo y la Corporaci\u00f3n Consorcio Lechero firmaron el segundo Acuerdo de Producci\u00f3n Limpia (APL) del sector en la sede del Instituto AIEP Bellavista. Mediante este acuerdo voluntario se busca establecer una gesti\u00f3n de carbono sostenible, con el objetivo de reducir las emisiones de gases de efecto invernadero y fortalecer la resiliencia de la industria.<\/p>\n<p>Cooperativa Agr\u00edcola y Lechera de la Uni\u00f3n Limitada, Nestl\u00e9 Chile, Soprole, Watts y Comercial de Campo son las primera empresas en adherir al APL del &#8220;Sector Industria L\u00e1ctea Procesadora Sustentable, Programa Chile Origen Consciente&#8221;, con sus plantas procesadoras en las Regiones Metropolitana, \u00d1uble, Los R\u00efos y Los Lagos.<\/p>\n<p>Claudia Sanhueza, subsecretaria de Relaciones Econ\u00f3micas Internacionales, expres\u00f3 que &#8220;siendo este el segundo APL en el que participamos acompa\u00f1ando a la industria, reforzamos el compromiso mutuo, el de la Subsecretar\u00eda de Relaciones Econ\u00f3micas Internacionales, a trav\u00e9s del Punto Nacional de Contacto de Chile, y el de la industria, con el progreso econ\u00f3mico y social sostenible, responsable e inclusivo&#8221;.<\/p>\n<p>Junto con relevar los resultados del primer APL del sector que generaron importantes ahorros econ\u00f3micos, la directora ejecutiva de la ASCC, Ximena Ruz, afirm\u00f3 que &#8220;estamos convencidos de que los APL generan una mayor eficiencia productiva. Este segundo APL nos est\u00e1 diciendo que necesitamos seguir avanzando, que el tema de la sostenibilidad, el cambio clim\u00e1tico y la adaptaci\u00f3n es una tarea dif\u00edcil, pero queremos que el sector lechero\u00a0 sea un referente para todas las industrias chilenas&#8221;.<\/p>\n<p>Esta alianza p\u00fablico-privada cuenta con la participaci\u00f3n de las subsecretar\u00edas de Energ\u00eda, Medio Ambiente y de Relaciones Econ\u00f3micas Internacionales, la Oficina de Estudios y Pol\u00edticas Agrarias, y la Agencia de Sostenibilidad Energ\u00e9tica, cuyo apoyo es esencial para consolidar al sector l\u00e1cteo chileno como un actor relevante en un mercado globalizado.<\/p>\n<p><a href=\"https:\/\/www.mundoagropecuario.cl\/new\/wp-content\/uploads\/2024\/08\/Consorcio-9-scaled.jpeg\"><img loading=\"lazy\" decoding=\"async\" class=\"aligncenter wp-image-25482 \" src=\"https:\/\/www.mundoagropecuario.cl\/new\/wp-content\/uploads\/2024\/08\/Consorcio-9-scaled.jpeg\" alt=\"\" width=\"867\" height=\"432\" \/><\/a><\/p>\n<p><span style=\"color: #000080;\"><strong>Principales compromisos del APL<\/strong><\/span><\/p>\n<p>Entre los desaf\u00edos que deber\u00e1n abordar las empresas en el APL, en un plazo de 24 meses, se incluye el desarrollo de un sistema de gesti\u00f3n sustentable y la implementaci\u00f3n de indicadores que permitir\u00e1n medir y reportar el desempe\u00f1o en t\u00e9rminos de sustentabilidad. Adem\u00e1s, trabajar\u00e1n en mejorar la gesti\u00f3n del agua,\u00a0 energ\u00eda, refrigerantes\u00a0 y residuos s\u00f3lidos, as\u00ed como en capacitar a los trabajadores en materias de sustentabilidad y acci\u00f3n clim\u00e1tica.<\/p>\n<p>&#8220;Con la firma de este segundo APL, las empresas procesadoras que son socias del Consorcio Lechero, sellan el compromiso de seguir avanzando en la sustentabilidad de sus instalaciones junto con dar un paso que permite la certificaci\u00f3n del sello Chile Origen Consciente en productos l\u00e1cteos. Este esfuerzo, junto con el realizado por los productores de leche, permitir\u00e1n mostrar a las personas y consumidores, el compromiso de la cadena l\u00e1ctea completa en ser cada vez m\u00e1s sustentable&#8221;, sostuvo Mois\u00e9s Saravia, vicepresidente de la Corporaci\u00f3n Consorcio Lechero.<\/p>\n<p>Otro aspecto crucial del APL es la implementaci\u00f3n de medidas de debida diligencia y conducta empresarial responsable.\u00a0 Esto considera tambi\u00e9n la cuantificaci\u00f3n y verificaci\u00f3n de la huella de carbono organizacional, medidas y proyectos de reducci\u00f3n de gases de efecto invernadero, as\u00ed como la gesti\u00f3n de refrigerantes, con el objetivo de avanzar hacia la carbono neutralidad.<\/p>\n<p>Andrea Garc\u00eda, directora nacional de la Oficina de Estudios y Pol\u00edticas Agrarias (ODEPA), destac\u00f3 que &#8220;este Acuerdo responde adem\u00e1s al est\u00e1ndar de sustentabilidad que est\u00e1 asociado al Programa Chile Origen Consciente y este programa es la forma que hemos encontrado de entregar ese atributo de calidad, ese sello que distingue a quienes lo est\u00e1n haciendo bien&#8221;.<\/p>\n<p>La cadena l\u00e1ctea en su conjunto se est\u00e1 comprometiendo con la calidad y la sostenibilidad, abarcando desde los campos hasta el consumidor. Por ello, se implementar\u00e1 un sistema de trazabilidad que garantice que la leche procesada provenga exclusivamente de predios lecheros certificados bajo el APL Est\u00e1ndar de Sustentabilidad Sector L\u00e1cteo Primario, Programa Chile Origen Consciente.<\/p>\n<p><span style=\"color: #000080;\"><strong>La industria l\u00e1ctea procesadora en cifras<\/strong><\/span><\/p>\n<p>La industria l\u00e1ctea mayor procesa alrededor de 2.145 millones de litros de leche y se distribuye en las regiones Metropolitana, \u00d1uble, Biob\u00edo, Araucan\u00eda, Los R\u00edos y Los Lagos. Los principales productos elaborados por la industria procesadora de leche son: leche fluida (460 millones de litros), yogurt (220 millones de litros), quesos (100 millones de kilos) y la leche en polvo (75 millones de kilos). Los trabajadores promedio por empresa corresponden a 415 por lo que se espera que participen del APL aproximadamente 3.300 trabajadores entre trabajadores permanentes y trabajadores temporales.<\/p>\n<p>En un contexto donde los consumidores est\u00e1n cada vez m\u00e1s informados y preocupados por los procesos de producci\u00f3n de los alimentos, el APL representa un avance significativo que abre nuevas oportunidades para los productos l\u00e1cteos chilenos tanto en el mercado nacional como en el internacional.<\/p>\n","protected":false},"excerpt":{"rendered":"<p>Colun, Nestl\u00e9 Chile, Soprole, Watts y Comercial de Campo son las primera empresas en adherir al APL del &#8220;Sector Industria L\u00e1ctea Procesadora Sustentable, Programa Chile Origen Consciente&#8221;<\/p>\n","protected":false},"author":2,"featured_media":25483,"comment_status":"closed","ping_status":"closed","sticky":false,"template":"","format":"standard","meta":{"footnotes":""},"categories":[1946],"tags":[3136,154,8892,2622,1957,2068,8889,8894,8890,2051,6641,1151,3353,8891,8893],"class_list":["post-25481","post","type-post","status-publish","format-standard","has-post-thumbnail","hentry","category-lacteos","tag-apl","tag-araucania","tag-ascc","tag-biobio","tag-consorcio-lechero","tag-industria-lactea","tag-industria-lactea-chilena","tag-industria-lactea-procesadora","tag-lactea","tag-leche","tag-los-rios-y-los-lagos","tag-nuble","tag-produccion-limpia","tag-regiones-metropolitana","tag-ximena-ruz"],"yoast_head":"<!-- This site is optimized with the Yoast SEO plugin v26.6 - https:\/\/yoast.com\/wordpress\/plugins\/seo\/ -->\n<title>Industria l\u00e1ctea chilena marca hito con firma de 2do APL - Mundoagropecuario<\/title>\n<meta name=\"description\" content=\"Colun, Nestl\u00e9 Chile, Soprole, Watts y Comercial de Campo son las primera empresas en adherir al APL del Sector Industria L\u00e1ctea Procesadora\" \/>\n<meta name=\"robots\" content=\"index, follow, max-snippet:-1, max-image-preview:large, max-video-preview:-1\" \/>\n<link rel=\"canonical\" href=\"https:\/\/www.mundoagropecuario.cl\/new\/industria-lactea-chilena-marca-hito-con-firma-de-2do-apl\/\" \/>\n<meta property=\"og:locale\" content=\"es_ES\" \/>\n<meta property=\"og:type\" content=\"article\" \/>\n<meta property=\"og:title\" content=\"Industria l\u00e1ctea chilena marca hito con firma de 2do APL - Mundoagropecuario\" \/>\n<meta property=\"og:description\" content=\"Colun, Nestl\u00e9 Chile, Soprole, Watts y Comercial de Campo son las primera empresas en adherir al APL del Sector Industria L\u00e1ctea Procesadora\" \/>\n<meta property=\"og:url\" content=\"https:\/\/www.mundoagropecuario.cl\/new\/industria-lactea-chilena-marca-hito-con-firma-de-2do-apl\/\" \/>\n<meta property=\"og:site_name\" content=\"Mundoagropecuario\" \/>\n<meta property=\"article:publisher\" content=\"https:\/\/www.facebook.com\/mundo.agropecuario.3\" \/>\n<meta property=\"article:published_time\" content=\"2024-08-22T14:49:58+00:00\" \/>\n<meta property=\"article:modified_time\" content=\"2024-09-09T16:10:27+00:00\" \/>\n<meta property=\"og:image\" content=\"https:\/\/www.mundoagropecuario.cl\/new\/wp-content\/uploads\/2024\/08\/image00040-scaled.jpeg\" \/>\n\t<meta property=\"og:image:width\" content=\"720\" \/>\n\t<meta property=\"og:image:height\" content=\"391\" \/>\n\t<meta property=\"og:image:type\" content=\"image\/jpeg\" \/>\n<meta name=\"author\" content=\"mundo\" \/>\n<meta name=\"twitter:card\" content=\"summary_large_image\" \/>\n<meta name=\"twitter:creator\" content=\"@MundoAgropecuar\" \/>\n<meta name=\"twitter:site\" content=\"@MundoAgropecuar\" \/>\n<meta name=\"twitter:label1\" content=\"Escrito por\" \/>\n\t<meta name=\"twitter:data1\" content=\"mundo\" \/>\n\t<meta name=\"twitter:label2\" content=\"Tiempo de lectura\" \/>\n\t<meta name=\"twitter:data2\" content=\"5 minutos\" \/>\n<script type=\"application\/ld+json\" class=\"yoast-schema-graph\">{\"@context\":\"https:\/\/schema.org\",\"@graph\":[{\"@type\":\"Article\",\"@id\":\"https:\/\/www.mundoagropecuario.cl\/new\/industria-lactea-chilena-marca-hito-con-firma-de-2do-apl\/#article\",\"isPartOf\":{\"@id\":\"https:\/\/www.mundoagropecuario.cl\/new\/industria-lactea-chilena-marca-hito-con-firma-de-2do-apl\/\"},\"author\":{\"name\":\"mundo\",\"@id\":\"https:\/\/www.mundoagropecuario.cl\/new\/#\/schema\/person\/4e9f74a82a7dac260eb1c44b7eebeb18\"},\"headline\":\"Industria l\u00e1ctea chilena marca hito con firma de 2do APL\",\"datePublished\":\"2024-08-22T14:49:58+00:00\",\"dateModified\":\"2024-09-09T16:10:27+00:00\",\"mainEntityOfPage\":{\"@id\":\"https:\/\/www.mundoagropecuario.cl\/new\/industria-lactea-chilena-marca-hito-con-firma-de-2do-apl\/\"},\"wordCount\":911,\"publisher\":{\"@id\":\"https:\/\/www.mundoagropecuario.cl\/new\/#organization\"},\"image\":{\"@id\":\"https:\/\/www.mundoagropecuario.cl\/new\/industria-lactea-chilena-marca-hito-con-firma-de-2do-apl\/#primaryimage\"},\"thumbnailUrl\":\"https:\/\/www.mundoagropecuario.cl\/new\/wp-content\/uploads\/2024\/08\/image00040-scaled.jpeg\",\"keywords\":[\"APL\",\"araucan\u00eda\",\"ASCC\",\"Biob\u00edo\",\"Consorcio Lechero\",\"Industria l\u00e1ctea\",\"industria l\u00e1ctea chilena\",\"Industria L\u00e1ctea Procesadora\",\"L\u00e1ctea\",\"Leche\",\"Los R\u00edos y Los Lagos\",\"\u00d1uble\",\"Producci\u00f3n Limpia\",\"Regiones Metropolitana\",\"Ximena Ruz\"],\"articleSection\":[\"L\u00e1cteos\"],\"inLanguage\":\"es\"},{\"@type\":\"WebPage\",\"@id\":\"https:\/\/www.mundoagropecuario.cl\/new\/industria-lactea-chilena-marca-hito-con-firma-de-2do-apl\/\",\"url\":\"https:\/\/www.mundoagropecuario.cl\/new\/industria-lactea-chilena-marca-hito-con-firma-de-2do-apl\/\",\"name\":\"Industria l\u00e1ctea chilena marca hito con firma de 2do APL - Mundoagropecuario\",\"isPartOf\":{\"@id\":\"https:\/\/www.mundoagropecuario.cl\/new\/#website\"},\"primaryImageOfPage\":{\"@id\":\"https:\/\/www.mundoagropecuario.cl\/new\/industria-lactea-chilena-marca-hito-con-firma-de-2do-apl\/#primaryimage\"},\"image\":{\"@id\":\"https:\/\/www.mundoagropecuario.cl\/new\/industria-lactea-chilena-marca-hito-con-firma-de-2do-apl\/#primaryimage\"},\"thumbnailUrl\":\"https:\/\/www.mundoagropecuario.cl\/new\/wp-content\/uploads\/2024\/08\/image00040-scaled.jpeg\",\"datePublished\":\"2024-08-22T14:49:58+00:00\",\"dateModified\":\"2024-09-09T16:10:27+00:00\",\"description\":\"Colun, Nestl\u00e9 Chile, Soprole, Watts y Comercial de Campo son las primera empresas en adherir al APL del Sector Industria L\u00e1ctea Procesadora\",\"breadcrumb\":{\"@id\":\"https:\/\/www.mundoagropecuario.cl\/new\/industria-lactea-chilena-marca-hito-con-firma-de-2do-apl\/#breadcrumb\"},\"inLanguage\":\"es\",\"potentialAction\":[{\"@type\":\"ReadAction\",\"target\":[\"https:\/\/www.mundoagropecuario.cl\/new\/industria-lactea-chilena-marca-hito-con-firma-de-2do-apl\/\"]}]},{\"@type\":\"ImageObject\",\"inLanguage\":\"es\",\"@id\":\"https:\/\/www.mundoagropecuario.cl\/new\/industria-lactea-chilena-marca-hito-con-firma-de-2do-apl\/#primaryimage\",\"url\":\"https:\/\/www.mundoagropecuario.cl\/new\/wp-content\/uploads\/2024\/08\/image00040-scaled.jpeg\",\"contentUrl\":\"https:\/\/www.mundoagropecuario.cl\/new\/wp-content\/uploads\/2024\/08\/image00040-scaled.jpeg\",\"width\":720,\"height\":391},{\"@type\":\"BreadcrumbList\",\"@id\":\"https:\/\/www.mundoagropecuario.cl\/new\/industria-lactea-chilena-marca-hito-con-firma-de-2do-apl\/#breadcrumb\",\"itemListElement\":[{\"@type\":\"ListItem\",\"position\":1,\"name\":\"Portada\",\"item\":\"https:\/\/www.mundoagropecuario.cl\/new\/\"},{\"@type\":\"ListItem\",\"position\":2,\"name\":\"Industria l\u00e1ctea chilena marca hito con firma de 2do APL\"}]},{\"@type\":\"WebSite\",\"@id\":\"https:\/\/www.mundoagropecuario.cl\/new\/#website\",\"url\":\"https:\/\/www.mundoagropecuario.cl\/new\/\",\"name\":\"Mundoagropecuario\",\"description\":\"Mundo Agropecuario\",\"publisher\":{\"@id\":\"https:\/\/www.mundoagropecuario.cl\/new\/#organization\"},\"potentialAction\":[{\"@type\":\"SearchAction\",\"target\":{\"@type\":\"EntryPoint\",\"urlTemplate\":\"https:\/\/www.mundoagropecuario.cl\/new\/?s={search_term_string}\"},\"query-input\":{\"@type\":\"PropertyValueSpecification\",\"valueRequired\":true,\"valueName\":\"search_term_string\"}}],\"inLanguage\":\"es\"},{\"@type\":\"Organization\",\"@id\":\"https:\/\/www.mundoagropecuario.cl\/new\/#organization\",\"name\":\"Revista de Agricultura\",\"url\":\"https:\/\/www.mundoagropecuario.cl\/new\/\",\"logo\":{\"@type\":\"ImageObject\",\"inLanguage\":\"es\",\"@id\":\"https:\/\/www.mundoagropecuario.cl\/new\/#\/schema\/logo\/image\/\",\"url\":\"https:\/\/www.mundoagropecuario.cl\/new\/wp-content\/uploads\/2020\/11\/PORTAL-1-1.png\",\"contentUrl\":\"https:\/\/www.mundoagropecuario.cl\/new\/wp-content\/uploads\/2020\/11\/PORTAL-1-1.png\",\"width\":1026,\"height\":100,\"caption\":\"Revista de Agricultura\"},\"image\":{\"@id\":\"https:\/\/www.mundoagropecuario.cl\/new\/#\/schema\/logo\/image\/\"},\"sameAs\":[\"https:\/\/www.facebook.com\/mundo.agropecuario.3\",\"https:\/\/x.com\/MundoAgropecuar\",\"https:\/\/www.linkedin.com\/in\/mundo-agropecuario-934009201\/\"]},{\"@type\":\"Person\",\"@id\":\"https:\/\/www.mundoagropecuario.cl\/new\/#\/schema\/person\/4e9f74a82a7dac260eb1c44b7eebeb18\",\"name\":\"mundo\",\"url\":\"https:\/\/www.mundoagropecuario.cl\/new\/author\/mundo\/\"}]}<\/script>\n<!-- \/ Yoast SEO plugin. -->","yoast_head_json":{"title":"Industria l\u00e1ctea chilena marca hito con firma de 2do APL - Mundoagropecuario","description":"Colun, Nestl\u00e9 Chile, Soprole, Watts y Comercial de Campo son las primera empresas en adherir al APL del Sector Industria L\u00e1ctea Procesadora","robots":{"index":"index","follow":"follow","max-snippet":"max-snippet:-1","max-image-preview":"max-image-preview:large","max-video-preview":"max-video-preview:-1"},"canonical":"https:\/\/www.mundoagropecuario.cl\/new\/industria-lactea-chilena-marca-hito-con-firma-de-2do-apl\/","og_locale":"es_ES","og_type":"article","og_title":"Industria l\u00e1ctea chilena marca hito con firma de 2do APL - Mundoagropecuario","og_description":"Colun, Nestl\u00e9 Chile, Soprole, Watts y Comercial de Campo son las primera empresas en adherir al APL del Sector Industria L\u00e1ctea Procesadora","og_url":"https:\/\/www.mundoagropecuario.cl\/new\/industria-lactea-chilena-marca-hito-con-firma-de-2do-apl\/","og_site_name":"Mundoagropecuario","article_publisher":"https:\/\/www.facebook.com\/mundo.agropecuario.3","article_published_time":"2024-08-22T14:49:58+00:00","article_modified_time":"2024-09-09T16:10:27+00:00","og_image":[{"width":720,"height":391,"url":"https:\/\/www.mundoagropecuario.cl\/new\/wp-content\/uploads\/2024\/08\/image00040-scaled.jpeg","type":"image\/jpeg"}],"author":"mundo","twitter_card":"summary_large_image","twitter_creator":"@MundoAgropecuar","twitter_site":"@MundoAgropecuar","twitter_misc":{"Escrito por":"mundo","Tiempo de lectura":"5 minutos"},"schema":{"@context":"https:\/\/schema.org","@graph":[{"@type":"Article","@id":"https:\/\/www.mundoagropecuario.cl\/new\/industria-lactea-chilena-marca-hito-con-firma-de-2do-apl\/#article","isPartOf":{"@id":"https:\/\/www.mundoagropecuario.cl\/new\/industria-lactea-chilena-marca-hito-con-firma-de-2do-apl\/"},"author":{"name":"mundo","@id":"https:\/\/www.mundoagropecuario.cl\/new\/#\/schema\/person\/4e9f74a82a7dac260eb1c44b7eebeb18"},"headline":"Industria l\u00e1ctea chilena marca hito con firma de 2do APL","datePublished":"2024-08-22T14:49:58+00:00","dateModified":"2024-09-09T16:10:27+00:00","mainEntityOfPage":{"@id":"https:\/\/www.mundoagropecuario.cl\/new\/industria-lactea-chilena-marca-hito-con-firma-de-2do-apl\/"},"wordCount":911,"publisher":{"@id":"https:\/\/www.mundoagropecuario.cl\/new\/#organization"},"image":{"@id":"https:\/\/www.mundoagropecuario.cl\/new\/industria-lactea-chilena-marca-hito-con-firma-de-2do-apl\/#primaryimage"},"thumbnailUrl":"https:\/\/www.mundoagropecuario.cl\/new\/wp-content\/uploads\/2024\/08\/image00040-scaled.jpeg","keywords":["APL","araucan\u00eda","ASCC","Biob\u00edo","Consorcio Lechero","Industria l\u00e1ctea","industria l\u00e1ctea chilena","Industria L\u00e1ctea Procesadora","L\u00e1ctea","Leche","Los R\u00edos y Los Lagos","\u00d1uble","Producci\u00f3n Limpia","Regiones Metropolitana","Ximena Ruz"],"articleSection":["L\u00e1cteos"],"inLanguage":"es"},{"@type":"WebPage","@id":"https:\/\/www.mundoagropecuario.cl\/new\/industria-lactea-chilena-marca-hito-con-firma-de-2do-apl\/","url":"https:\/\/www.mundoagropecuario.cl\/new\/industria-lactea-chilena-marca-hito-con-firma-de-2do-apl\/","name":"Industria l\u00e1ctea chilena marca hito con firma de 2do APL - Mundoagropecuario","isPartOf":{"@id":"https:\/\/www.mundoagropecuario.cl\/new\/#website"},"primaryImageOfPage":{"@id":"https:\/\/www.mundoagropecuario.cl\/new\/industria-lactea-chilena-marca-hito-con-firma-de-2do-apl\/#primaryimage"},"image":{"@id":"https:\/\/www.mundoagropecuario.cl\/new\/industria-lactea-chilena-marca-hito-con-firma-de-2do-apl\/#primaryimage"},"thumbnailUrl":"https:\/\/www.mundoagropecuario.cl\/new\/wp-content\/uploads\/2024\/08\/image00040-scaled.jpeg","datePublished":"2024-08-22T14:49:58+00:00","dateModified":"2024-09-09T16:10:27+00:00","description":"Colun, Nestl\u00e9 Chile, Soprole, Watts y Comercial de Campo son las primera empresas en adherir al APL del Sector Industria L\u00e1ctea Procesadora","breadcrumb":{"@id":"https:\/\/www.mundoagropecuario.cl\/new\/industria-lactea-chilena-marca-hito-con-firma-de-2do-apl\/#breadcrumb"},"inLanguage":"es","potentialAction":[{"@type":"ReadAction","target":["https:\/\/www.mundoagropecuario.cl\/new\/industria-lactea-chilena-marca-hito-con-firma-de-2do-apl\/"]}]},{"@type":"ImageObject","inLanguage":"es","@id":"https:\/\/www.mundoagropecuario.cl\/new\/industria-lactea-chilena-marca-hito-con-firma-de-2do-apl\/#primaryimage","url":"https:\/\/www.mundoagropecuario.cl\/new\/wp-content\/uploads\/2024\/08\/image00040-scaled.jpeg","contentUrl":"https:\/\/www.mundoagropecuario.cl\/new\/wp-content\/uploads\/2024\/08\/image00040-scaled.jpeg","width":720,"height":391},{"@type":"BreadcrumbList","@id":"https:\/\/www.mundoagropecuario.cl\/new\/industria-lactea-chilena-marca-hito-con-firma-de-2do-apl\/#breadcrumb","itemListElement":[{"@type":"ListItem","position":1,"name":"Portada","item":"https:\/\/www.mundoagropecuario.cl\/new\/"},{"@type":"ListItem","position":2,"name":"Industria l\u00e1ctea chilena marca hito con firma de 2do APL"}]},{"@type":"WebSite","@id":"https:\/\/www.mundoagropecuario.cl\/new\/#website","url":"https:\/\/www.mundoagropecuario.cl\/new\/","name":"Mundoagropecuario","description":"Mundo Agropecuario","publisher":{"@id":"https:\/\/www.mundoagropecuario.cl\/new\/#organization"},"potentialAction":[{"@type":"SearchAction","target":{"@type":"EntryPoint","urlTemplate":"https:\/\/www.mundoagropecuario.cl\/new\/?s={search_term_string}"},"query-input":{"@type":"PropertyValueSpecification","valueRequired":true,"valueName":"search_term_string"}}],"inLanguage":"es"},{"@type":"Organization","@id":"https:\/\/www.mundoagropecuario.cl\/new\/#organization","name":"Revista de Agricultura","url":"https:\/\/www.mundoagropecuario.cl\/new\/","logo":{"@type":"ImageObject","inLanguage":"es","@id":"https:\/\/www.mundoagropecuario.cl\/new\/#\/schema\/logo\/image\/","url":"https:\/\/www.mundoagropecuario.cl\/new\/wp-content\/uploads\/2020\/11\/PORTAL-1-1.png","contentUrl":"https:\/\/www.mundoagropecuario.cl\/new\/wp-content\/uploads\/2020\/11\/PORTAL-1-1.png","width":1026,"height":100,"caption":"Revista de Agricultura"},"image":{"@id":"https:\/\/www.mundoagropecuario.cl\/new\/#\/schema\/logo\/image\/"},"sameAs":["https:\/\/www.facebook.com\/mundo.agropecuario.3","https:\/\/x.com\/MundoAgropecuar","https:\/\/www.linkedin.com\/in\/mundo-agropecuario-934009201\/"]},{"@type":"Person","@id":"https:\/\/www.mundoagropecuario.cl\/new\/#\/schema\/person\/4e9f74a82a7dac260eb1c44b7eebeb18","name":"mundo","url":"https:\/\/www.mundoagropecuario.cl\/new\/author\/mundo\/"}]}},"_links":{"self":[{"href":"https:\/\/www.mundoagropecuario.cl\/new\/wp-json\/wp\/v2\/posts\/25481","targetHints":{"allow":["GET"]}}],"collection":[{"href":"https:\/\/www.mundoagropecuario.cl\/new\/wp-json\/wp\/v2\/posts"}],"about":[{"href":"https:\/\/www.mundoagropecuario.cl\/new\/wp-json\/wp\/v2\/types\/post"}],"author":[{"embeddable":true,"href":"https:\/\/www.mundoagropecuario.cl\/new\/wp-json\/wp\/v2\/users\/2"}],"replies":[{"embeddable":true,"href":"https:\/\/www.mundoagropecuario.cl\/new\/wp-json\/wp\/v2\/comments?post=25481"}],"version-history":[{"count":1,"href":"https:\/\/www.mundoagropecuario.cl\/new\/wp-json\/wp\/v2\/posts\/25481\/revisions"}],"predecessor-version":[{"id":25484,"href":"https:\/\/www.mundoagropecuario.cl\/new\/wp-json\/wp\/v2\/posts\/25481\/revisions\/25484"}],"wp:featuredmedia":[{"embeddable":true,"href":"https:\/\/www.mundoagropecuario.cl\/new\/wp-json\/wp\/v2\/media\/25483"}],"wp:attachment":[{"href":"https:\/\/www.mundoagropecuario.cl\/new\/wp-json\/wp\/v2\/media?parent=25481"}],"wp:term":[{"taxonomy":"category","embeddable":true,"href":"https:\/\/www.mundoagropecuario.cl\/new\/wp-json\/wp\/v2\/categories?post=25481"},{"taxonomy":"post_tag","embeddable":true,"href":"https:\/\/www.mundoagropecuario.cl\/new\/wp-json\/wp\/v2\/tags?post=25481"}],"curies":[{"name":"wp","href":"https:\/\/api.w.org\/{rel}","templated":true}]}}