{"id":25427,"date":"2024-07-23T18:31:54","date_gmt":"2024-07-23T21:31:54","guid":{"rendered":"https:\/\/www.mundoagropecuario.cl\/new\/?p=25427"},"modified":"2024-08-14T12:53:39","modified_gmt":"2024-08-14T15:53:39","slug":"gremios-agricolas-se-reunieron-con-subsecretaria-de-agricultura-para-afrontar-desafios-del-sector","status":"publish","type":"post","link":"https:\/\/www.mundoagropecuario.cl\/new\/gremios-agricolas-se-reunieron-con-subsecretaria-de-agricultura-para-afrontar-desafios-del-sector\/","title":{"rendered":"Gremios agr\u00edcolas se reunieron con Subsecretaria de Agricultura para afrontar desaf\u00edos del sector"},"content":{"rendered":"<p>En una reuni\u00f3n convocada por la Seremi de Agricultura de Los Lagos, Tania Salas, y con la presencia de la Subsecretaria de Agricultura, Ignacia Fern\u00e1ndez, representantes de diversos gremios del sector agropecuario, entre ellos Aproleche Osorno, discutieron temas cr\u00edticos para la regi\u00f3n.<\/p>\n<p>Uno de los temas destacados fue la problem\u00e1tica de los perros asilvestrados. Aunque no es una prioridad inmediata, Fern\u00e1ndez se\u00f1al\u00f3 la necesidad de abordar este problema que afecta directamente al sector rural y que hasta ahora ha tenido foco s\u00f3lo en \u00e1reas urbanas.<\/p>\n<p>A su vez, en la reuni\u00f3n se discuti\u00f3 tambi\u00e9n la revisi\u00f3n de la Ley Cholito y la Ley de Agroseguros, buscando modificar ciertas cl\u00e1usulas para mejorar la protecci\u00f3n del sector. Adem\u00e1s, Aproleche Osorno pidi\u00f3 que los profesionales acreditados bajo el proyecto de Ley de Sistema de Incentivos para la Gesti\u00f3n Sostenible de Suelos (SIGESS), tengan formaci\u00f3n en biolog\u00eda y qu\u00edmica de suelos, argumentando la Subsecretaria Fern\u00e1ndez, que existe espacio para ajustes en esta ley, actualmente en el Senado.<\/p>\n<p>Otros temas incluyeron la necesidad de mejorar la conectividad rural y digital y fomentar el consumo de leche y carne. Asimismo, se destac\u00f3 la urgencia de actualizar el censo agr\u00edcola, que sigue utilizando datos de 2007.<\/p>\n<p><a href=\"https:\/\/www.mundoagropecuario.cl\/new\/wp-content\/uploads\/2024\/07\/agricultura2--scaled.jpg\"><img loading=\"lazy\" decoding=\"async\" class=\"alignleft wp-image-25428 \" src=\"https:\/\/www.mundoagropecuario.cl\/new\/wp-content\/uploads\/2024\/07\/agricultura2--scaled.jpg\" alt=\"\" width=\"654\" height=\"392\" \/><\/a>El abigeato tambi\u00e9n fue un punto clave, con un aumento del 43% en las denuncias durante el primer trimestre de 2024. Se enfatiz\u00f3 la necesidad de mejorar los protocolos de seguridad como incorporaci\u00f3n de t\u00e9cnicas especiales de investigaci\u00f3n, patrullaje preventivo, mayor dotaci\u00f3n rural de carabineros y modificaciones legales respectivas de las sanciones, adem\u00e1s de medidas contra el robo de insumos agr\u00edcolas.<\/p>\n<p>La reuni\u00f3n concluy\u00f3 con un llamado a la acci\u00f3n conjunta para enfrentar los desaf\u00edos del sector agropecuario en la regi\u00f3n de Los Lagos.<\/p>\n<p>En este sentido, Tania Salas, Seremi de Agricultura, apunt\u00f3 que el di\u00e1logo intersectorial entre lo p\u00fablico y lo privado es fundamental para el Ministerio. \u201cPor eso, nuestra Subsecretaria, en su visita a la regi\u00f3n de Los Lagos, me solicit\u00f3 tener un espacio con los distintos gremios que representan todos los rubros y actividades econ\u00f3micas en torno al agro en nuestra regi\u00f3n. Aunque algunos gremios no pudieron participar debido a compromisos previos en otras regiones, logramos un encuentro sano y necesario. Nuestra Subsecretaria qued\u00f3 con una muy buena impresi\u00f3n del trabajo que se est\u00e1 desarrollando en la regi\u00f3n de Los Lagos, tanto desde lo p\u00fablico como desde lo privado&#8221;.<\/p>\n<p>Finalmente, Anita Jans, gerente de Aproleche Osorno, sostuvo que &#8220;este tipo de reuniones son sumamente importantes para exponer lo que nuestro sector est\u00e1 viviendo y donde necesitamos el apoyo de nuestras autoridades, principalmente en temas de seguridad rural como el abigeato y el ataque de perros asilvestrados. Fue una muy buena conversaci\u00f3n, con una importante disposici\u00f3n de la Seremi y de la Subsecretaria para apoyar todas las inquietudes planteadas&#8221;<\/p>\n","protected":false},"excerpt":{"rendered":"<p>La Subsecretaria subray\u00f3 la importancia de la sustentabilidad y reafirm\u00f3 el compromiso con el \u201cPacto por una Regi\u00f3n Sostenible e Inclusiva\u201d, instruyendo a su equipo a apoyar este compromiso continuamente.<\/p>\n","protected":false},"author":2,"featured_media":25429,"comment_status":"closed","ping_status":"closed","sticky":false,"template":"","format":"standard","meta":{"footnotes":""},"categories":[1945],"tags":[2090,8852,3127,2131,2126,2187,3026,2092,6858],"class_list":["post-25427","post","type-post","status-publish","format-standard","has-post-thumbnail","hentry","category-agricultura","tag-agricultura","tag-agricultura-de-los-lagos","tag-agro","tag-agroseguros","tag-aproleche-osorno","tag-ganaderia","tag-gremios-agricolas","tag-subsecretaria-de-agricultura","tag-tania-salas"],"yoast_head":"<!-- This site is optimized with the Yoast SEO plugin v26.6 - https:\/\/yoast.com\/wordpress\/plugins\/seo\/ -->\n<title>Gremios agr\u00edcolas se reunieron con Subsecretaria de Agricultura para afrontar desaf\u00edos del sector - Mundoagropecuario<\/title>\n<meta name=\"description\" content=\"La Subsecretaria subray\u00f3 la importancia de la sustentabilidad y reafirm\u00f3 el compromiso con el \u201cPacto por una Regi\u00f3n Sostenible e Inclusiva\u201d.\" \/>\n<meta name=\"robots\" content=\"index, follow, max-snippet:-1, max-image-preview:large, max-video-preview:-1\" \/>\n<link rel=\"canonical\" href=\"https:\/\/www.mundoagropecuario.cl\/new\/gremios-agricolas-se-reunieron-con-subsecretaria-de-agricultura-para-afrontar-desafios-del-sector\/\" \/>\n<meta property=\"og:locale\" content=\"es_ES\" \/>\n<meta property=\"og:type\" content=\"article\" \/>\n<meta property=\"og:title\" content=\"Gremios agr\u00edcolas se reunieron con Subsecretaria de Agricultura para afrontar desaf\u00edos del sector - Mundoagropecuario\" \/>\n<meta property=\"og:description\" content=\"La Subsecretaria subray\u00f3 la importancia de la sustentabilidad y reafirm\u00f3 el compromiso con el \u201cPacto por una Regi\u00f3n Sostenible e Inclusiva\u201d.\" \/>\n<meta property=\"og:url\" content=\"https:\/\/www.mundoagropecuario.cl\/new\/gremios-agricolas-se-reunieron-con-subsecretaria-de-agricultura-para-afrontar-desafios-del-sector\/\" \/>\n<meta property=\"og:site_name\" content=\"Mundoagropecuario\" \/>\n<meta property=\"article:publisher\" content=\"https:\/\/www.facebook.com\/mundo.agropecuario.3\" \/>\n<meta property=\"article:published_time\" content=\"2024-07-23T21:31:54+00:00\" \/>\n<meta property=\"article:modified_time\" content=\"2024-08-14T15:53:39+00:00\" \/>\n<meta property=\"og:image\" content=\"https:\/\/www.mundoagropecuario.cl\/new\/wp-content\/uploads\/2024\/07\/Agricultura-scaled.jpg\" \/>\n\t<meta property=\"og:image:width\" content=\"720\" \/>\n\t<meta property=\"og:image:height\" content=\"390\" \/>\n\t<meta property=\"og:image:type\" content=\"image\/jpeg\" \/>\n<meta name=\"author\" content=\"mundo\" \/>\n<meta name=\"twitter:card\" content=\"summary_large_image\" \/>\n<meta name=\"twitter:creator\" content=\"@MundoAgropecuar\" \/>\n<meta name=\"twitter:site\" content=\"@MundoAgropecuar\" \/>\n<meta name=\"twitter:label1\" content=\"Escrito por\" \/>\n\t<meta name=\"twitter:data1\" content=\"mundo\" \/>\n\t<meta name=\"twitter:label2\" content=\"Tiempo de lectura\" \/>\n\t<meta name=\"twitter:data2\" content=\"3 minutos\" \/>\n<script type=\"application\/ld+json\" class=\"yoast-schema-graph\">{\"@context\":\"https:\/\/schema.org\",\"@graph\":[{\"@type\":\"Article\",\"@id\":\"https:\/\/www.mundoagropecuario.cl\/new\/gremios-agricolas-se-reunieron-con-subsecretaria-de-agricultura-para-afrontar-desafios-del-sector\/#article\",\"isPartOf\":{\"@id\":\"https:\/\/www.mundoagropecuario.cl\/new\/gremios-agricolas-se-reunieron-con-subsecretaria-de-agricultura-para-afrontar-desafios-del-sector\/\"},\"author\":{\"name\":\"mundo\",\"@id\":\"https:\/\/www.mundoagropecuario.cl\/new\/#\/schema\/person\/4e9f74a82a7dac260eb1c44b7eebeb18\"},\"headline\":\"Gremios agr\u00edcolas se reunieron con Subsecretaria de Agricultura para afrontar desaf\u00edos del sector\",\"datePublished\":\"2024-07-23T21:31:54+00:00\",\"dateModified\":\"2024-08-14T15:53:39+00:00\",\"mainEntityOfPage\":{\"@id\":\"https:\/\/www.mundoagropecuario.cl\/new\/gremios-agricolas-se-reunieron-con-subsecretaria-de-agricultura-para-afrontar-desafios-del-sector\/\"},\"wordCount\":513,\"publisher\":{\"@id\":\"https:\/\/www.mundoagropecuario.cl\/new\/#organization\"},\"image\":{\"@id\":\"https:\/\/www.mundoagropecuario.cl\/new\/gremios-agricolas-se-reunieron-con-subsecretaria-de-agricultura-para-afrontar-desafios-del-sector\/#primaryimage\"},\"thumbnailUrl\":\"https:\/\/www.mundoagropecuario.cl\/new\/wp-content\/uploads\/2024\/07\/Agricultura-scaled.jpg\",\"keywords\":[\"Agricultura\",\"Agricultura de Los Lagos\",\"Agro\",\"Agroseguros\",\"Aproleche Osorno\",\"Ganader\u00eda\",\"Gremios agr\u00edcolas\",\"Subsecretar\u00eda de Agricultura\",\"Tania Salas\"],\"articleSection\":[\"Agricultura\"],\"inLanguage\":\"es\"},{\"@type\":\"WebPage\",\"@id\":\"https:\/\/www.mundoagropecuario.cl\/new\/gremios-agricolas-se-reunieron-con-subsecretaria-de-agricultura-para-afrontar-desafios-del-sector\/\",\"url\":\"https:\/\/www.mundoagropecuario.cl\/new\/gremios-agricolas-se-reunieron-con-subsecretaria-de-agricultura-para-afrontar-desafios-del-sector\/\",\"name\":\"Gremios agr\u00edcolas se reunieron con Subsecretaria de Agricultura para afrontar desaf\u00edos del sector - Mundoagropecuario\",\"isPartOf\":{\"@id\":\"https:\/\/www.mundoagropecuario.cl\/new\/#website\"},\"primaryImageOfPage\":{\"@id\":\"https:\/\/www.mundoagropecuario.cl\/new\/gremios-agricolas-se-reunieron-con-subsecretaria-de-agricultura-para-afrontar-desafios-del-sector\/#primaryimage\"},\"image\":{\"@id\":\"https:\/\/www.mundoagropecuario.cl\/new\/gremios-agricolas-se-reunieron-con-subsecretaria-de-agricultura-para-afrontar-desafios-del-sector\/#primaryimage\"},\"thumbnailUrl\":\"https:\/\/www.mundoagropecuario.cl\/new\/wp-content\/uploads\/2024\/07\/Agricultura-scaled.jpg\",\"datePublished\":\"2024-07-23T21:31:54+00:00\",\"dateModified\":\"2024-08-14T15:53:39+00:00\",\"description\":\"La Subsecretaria subray\u00f3 la importancia de la sustentabilidad y reafirm\u00f3 el compromiso con el \u201cPacto por una Regi\u00f3n Sostenible e Inclusiva\u201d.\",\"breadcrumb\":{\"@id\":\"https:\/\/www.mundoagropecuario.cl\/new\/gremios-agricolas-se-reunieron-con-subsecretaria-de-agricultura-para-afrontar-desafios-del-sector\/#breadcrumb\"},\"inLanguage\":\"es\",\"potentialAction\":[{\"@type\":\"ReadAction\",\"target\":[\"https:\/\/www.mundoagropecuario.cl\/new\/gremios-agricolas-se-reunieron-con-subsecretaria-de-agricultura-para-afrontar-desafios-del-sector\/\"]}]},{\"@type\":\"ImageObject\",\"inLanguage\":\"es\",\"@id\":\"https:\/\/www.mundoagropecuario.cl\/new\/gremios-agricolas-se-reunieron-con-subsecretaria-de-agricultura-para-afrontar-desafios-del-sector\/#primaryimage\",\"url\":\"https:\/\/www.mundoagropecuario.cl\/new\/wp-content\/uploads\/2024\/07\/Agricultura-scaled.jpg\",\"contentUrl\":\"https:\/\/www.mundoagropecuario.cl\/new\/wp-content\/uploads\/2024\/07\/Agricultura-scaled.jpg\",\"width\":720,\"height\":390},{\"@type\":\"BreadcrumbList\",\"@id\":\"https:\/\/www.mundoagropecuario.cl\/new\/gremios-agricolas-se-reunieron-con-subsecretaria-de-agricultura-para-afrontar-desafios-del-sector\/#breadcrumb\",\"itemListElement\":[{\"@type\":\"ListItem\",\"position\":1,\"name\":\"Portada\",\"item\":\"https:\/\/www.mundoagropecuario.cl\/new\/\"},{\"@type\":\"ListItem\",\"position\":2,\"name\":\"Gremios agr\u00edcolas se reunieron con Subsecretaria de Agricultura para afrontar desaf\u00edos del sector\"}]},{\"@type\":\"WebSite\",\"@id\":\"https:\/\/www.mundoagropecuario.cl\/new\/#website\",\"url\":\"https:\/\/www.mundoagropecuario.cl\/new\/\",\"name\":\"Mundoagropecuario\",\"description\":\"Mundo Agropecuario\",\"publisher\":{\"@id\":\"https:\/\/www.mundoagropecuario.cl\/new\/#organization\"},\"potentialAction\":[{\"@type\":\"SearchAction\",\"target\":{\"@type\":\"EntryPoint\",\"urlTemplate\":\"https:\/\/www.mundoagropecuario.cl\/new\/?s={search_term_string}\"},\"query-input\":{\"@type\":\"PropertyValueSpecification\",\"valueRequired\":true,\"valueName\":\"search_term_string\"}}],\"inLanguage\":\"es\"},{\"@type\":\"Organization\",\"@id\":\"https:\/\/www.mundoagropecuario.cl\/new\/#organization\",\"name\":\"Revista de Agricultura\",\"url\":\"https:\/\/www.mundoagropecuario.cl\/new\/\",\"logo\":{\"@type\":\"ImageObject\",\"inLanguage\":\"es\",\"@id\":\"https:\/\/www.mundoagropecuario.cl\/new\/#\/schema\/logo\/image\/\",\"url\":\"https:\/\/www.mundoagropecuario.cl\/new\/wp-content\/uploads\/2020\/11\/PORTAL-1-1.png\",\"contentUrl\":\"https:\/\/www.mundoagropecuario.cl\/new\/wp-content\/uploads\/2020\/11\/PORTAL-1-1.png\",\"width\":1026,\"height\":100,\"caption\":\"Revista de Agricultura\"},\"image\":{\"@id\":\"https:\/\/www.mundoagropecuario.cl\/new\/#\/schema\/logo\/image\/\"},\"sameAs\":[\"https:\/\/www.facebook.com\/mundo.agropecuario.3\",\"https:\/\/x.com\/MundoAgropecuar\",\"https:\/\/www.linkedin.com\/in\/mundo-agropecuario-934009201\/\"]},{\"@type\":\"Person\",\"@id\":\"https:\/\/www.mundoagropecuario.cl\/new\/#\/schema\/person\/4e9f74a82a7dac260eb1c44b7eebeb18\",\"name\":\"mundo\",\"url\":\"https:\/\/www.mundoagropecuario.cl\/new\/author\/mundo\/\"}]}<\/script>\n<!-- \/ Yoast SEO plugin. -->","yoast_head_json":{"title":"Gremios agr\u00edcolas se reunieron con Subsecretaria de Agricultura para afrontar desaf\u00edos del sector - Mundoagropecuario","description":"La Subsecretaria subray\u00f3 la importancia de la sustentabilidad y reafirm\u00f3 el compromiso con el \u201cPacto por una Regi\u00f3n Sostenible e Inclusiva\u201d.","robots":{"index":"index","follow":"follow","max-snippet":"max-snippet:-1","max-image-preview":"max-image-preview:large","max-video-preview":"max-video-preview:-1"},"canonical":"https:\/\/www.mundoagropecuario.cl\/new\/gremios-agricolas-se-reunieron-con-subsecretaria-de-agricultura-para-afrontar-desafios-del-sector\/","og_locale":"es_ES","og_type":"article","og_title":"Gremios agr\u00edcolas se reunieron con Subsecretaria de Agricultura para afrontar desaf\u00edos del sector - Mundoagropecuario","og_description":"La Subsecretaria subray\u00f3 la importancia de la sustentabilidad y reafirm\u00f3 el compromiso con el \u201cPacto por una Regi\u00f3n Sostenible e Inclusiva\u201d.","og_url":"https:\/\/www.mundoagropecuario.cl\/new\/gremios-agricolas-se-reunieron-con-subsecretaria-de-agricultura-para-afrontar-desafios-del-sector\/","og_site_name":"Mundoagropecuario","article_publisher":"https:\/\/www.facebook.com\/mundo.agropecuario.3","article_published_time":"2024-07-23T21:31:54+00:00","article_modified_time":"2024-08-14T15:53:39+00:00","og_image":[{"width":720,"height":390,"url":"https:\/\/www.mundoagropecuario.cl\/new\/wp-content\/uploads\/2024\/07\/Agricultura-scaled.jpg","type":"image\/jpeg"}],"author":"mundo","twitter_card":"summary_large_image","twitter_creator":"@MundoAgropecuar","twitter_site":"@MundoAgropecuar","twitter_misc":{"Escrito por":"mundo","Tiempo de lectura":"3 minutos"},"schema":{"@context":"https:\/\/schema.org","@graph":[{"@type":"Article","@id":"https:\/\/www.mundoagropecuario.cl\/new\/gremios-agricolas-se-reunieron-con-subsecretaria-de-agricultura-para-afrontar-desafios-del-sector\/#article","isPartOf":{"@id":"https:\/\/www.mundoagropecuario.cl\/new\/gremios-agricolas-se-reunieron-con-subsecretaria-de-agricultura-para-afrontar-desafios-del-sector\/"},"author":{"name":"mundo","@id":"https:\/\/www.mundoagropecuario.cl\/new\/#\/schema\/person\/4e9f74a82a7dac260eb1c44b7eebeb18"},"headline":"Gremios agr\u00edcolas se reunieron con Subsecretaria de Agricultura para afrontar desaf\u00edos del sector","datePublished":"2024-07-23T21:31:54+00:00","dateModified":"2024-08-14T15:53:39+00:00","mainEntityOfPage":{"@id":"https:\/\/www.mundoagropecuario.cl\/new\/gremios-agricolas-se-reunieron-con-subsecretaria-de-agricultura-para-afrontar-desafios-del-sector\/"},"wordCount":513,"publisher":{"@id":"https:\/\/www.mundoagropecuario.cl\/new\/#organization"},"image":{"@id":"https:\/\/www.mundoagropecuario.cl\/new\/gremios-agricolas-se-reunieron-con-subsecretaria-de-agricultura-para-afrontar-desafios-del-sector\/#primaryimage"},"thumbnailUrl":"https:\/\/www.mundoagropecuario.cl\/new\/wp-content\/uploads\/2024\/07\/Agricultura-scaled.jpg","keywords":["Agricultura","Agricultura de Los Lagos","Agro","Agroseguros","Aproleche Osorno","Ganader\u00eda","Gremios agr\u00edcolas","Subsecretar\u00eda de Agricultura","Tania Salas"],"articleSection":["Agricultura"],"inLanguage":"es"},{"@type":"WebPage","@id":"https:\/\/www.mundoagropecuario.cl\/new\/gremios-agricolas-se-reunieron-con-subsecretaria-de-agricultura-para-afrontar-desafios-del-sector\/","url":"https:\/\/www.mundoagropecuario.cl\/new\/gremios-agricolas-se-reunieron-con-subsecretaria-de-agricultura-para-afrontar-desafios-del-sector\/","name":"Gremios agr\u00edcolas se reunieron con Subsecretaria de Agricultura para afrontar desaf\u00edos del sector - Mundoagropecuario","isPartOf":{"@id":"https:\/\/www.mundoagropecuario.cl\/new\/#website"},"primaryImageOfPage":{"@id":"https:\/\/www.mundoagropecuario.cl\/new\/gremios-agricolas-se-reunieron-con-subsecretaria-de-agricultura-para-afrontar-desafios-del-sector\/#primaryimage"},"image":{"@id":"https:\/\/www.mundoagropecuario.cl\/new\/gremios-agricolas-se-reunieron-con-subsecretaria-de-agricultura-para-afrontar-desafios-del-sector\/#primaryimage"},"thumbnailUrl":"https:\/\/www.mundoagropecuario.cl\/new\/wp-content\/uploads\/2024\/07\/Agricultura-scaled.jpg","datePublished":"2024-07-23T21:31:54+00:00","dateModified":"2024-08-14T15:53:39+00:00","description":"La Subsecretaria subray\u00f3 la importancia de la sustentabilidad y reafirm\u00f3 el compromiso con el \u201cPacto por una Regi\u00f3n Sostenible e Inclusiva\u201d.","breadcrumb":{"@id":"https:\/\/www.mundoagropecuario.cl\/new\/gremios-agricolas-se-reunieron-con-subsecretaria-de-agricultura-para-afrontar-desafios-del-sector\/#breadcrumb"},"inLanguage":"es","potentialAction":[{"@type":"ReadAction","target":["https:\/\/www.mundoagropecuario.cl\/new\/gremios-agricolas-se-reunieron-con-subsecretaria-de-agricultura-para-afrontar-desafios-del-sector\/"]}]},{"@type":"ImageObject","inLanguage":"es","@id":"https:\/\/www.mundoagropecuario.cl\/new\/gremios-agricolas-se-reunieron-con-subsecretaria-de-agricultura-para-afrontar-desafios-del-sector\/#primaryimage","url":"https:\/\/www.mundoagropecuario.cl\/new\/wp-content\/uploads\/2024\/07\/Agricultura-scaled.jpg","contentUrl":"https:\/\/www.mundoagropecuario.cl\/new\/wp-content\/uploads\/2024\/07\/Agricultura-scaled.jpg","width":720,"height":390},{"@type":"BreadcrumbList","@id":"https:\/\/www.mundoagropecuario.cl\/new\/gremios-agricolas-se-reunieron-con-subsecretaria-de-agricultura-para-afrontar-desafios-del-sector\/#breadcrumb","itemListElement":[{"@type":"ListItem","position":1,"name":"Portada","item":"https:\/\/www.mundoagropecuario.cl\/new\/"},{"@type":"ListItem","position":2,"name":"Gremios agr\u00edcolas se reunieron con Subsecretaria de Agricultura para afrontar desaf\u00edos del sector"}]},{"@type":"WebSite","@id":"https:\/\/www.mundoagropecuario.cl\/new\/#website","url":"https:\/\/www.mundoagropecuario.cl\/new\/","name":"Mundoagropecuario","description":"Mundo Agropecuario","publisher":{"@id":"https:\/\/www.mundoagropecuario.cl\/new\/#organization"},"potentialAction":[{"@type":"SearchAction","target":{"@type":"EntryPoint","urlTemplate":"https:\/\/www.mundoagropecuario.cl\/new\/?s={search_term_string}"},"query-input":{"@type":"PropertyValueSpecification","valueRequired":true,"valueName":"search_term_string"}}],"inLanguage":"es"},{"@type":"Organization","@id":"https:\/\/www.mundoagropecuario.cl\/new\/#organization","name":"Revista de Agricultura","url":"https:\/\/www.mundoagropecuario.cl\/new\/","logo":{"@type":"ImageObject","inLanguage":"es","@id":"https:\/\/www.mundoagropecuario.cl\/new\/#\/schema\/logo\/image\/","url":"https:\/\/www.mundoagropecuario.cl\/new\/wp-content\/uploads\/2020\/11\/PORTAL-1-1.png","contentUrl":"https:\/\/www.mundoagropecuario.cl\/new\/wp-content\/uploads\/2020\/11\/PORTAL-1-1.png","width":1026,"height":100,"caption":"Revista de Agricultura"},"image":{"@id":"https:\/\/www.mundoagropecuario.cl\/new\/#\/schema\/logo\/image\/"},"sameAs":["https:\/\/www.facebook.com\/mundo.agropecuario.3","https:\/\/x.com\/MundoAgropecuar","https:\/\/www.linkedin.com\/in\/mundo-agropecuario-934009201\/"]},{"@type":"Person","@id":"https:\/\/www.mundoagropecuario.cl\/new\/#\/schema\/person\/4e9f74a82a7dac260eb1c44b7eebeb18","name":"mundo","url":"https:\/\/www.mundoagropecuario.cl\/new\/author\/mundo\/"}]}},"_links":{"self":[{"href":"https:\/\/www.mundoagropecuario.cl\/new\/wp-json\/wp\/v2\/posts\/25427","targetHints":{"allow":["GET"]}}],"collection":[{"href":"https:\/\/www.mundoagropecuario.cl\/new\/wp-json\/wp\/v2\/posts"}],"about":[{"href":"https:\/\/www.mundoagropecuario.cl\/new\/wp-json\/wp\/v2\/types\/post"}],"author":[{"embeddable":true,"href":"https:\/\/www.mundoagropecuario.cl\/new\/wp-json\/wp\/v2\/users\/2"}],"replies":[{"embeddable":true,"href":"https:\/\/www.mundoagropecuario.cl\/new\/wp-json\/wp\/v2\/comments?post=25427"}],"version-history":[{"count":1,"href":"https:\/\/www.mundoagropecuario.cl\/new\/wp-json\/wp\/v2\/posts\/25427\/revisions"}],"predecessor-version":[{"id":25430,"href":"https:\/\/www.mundoagropecuario.cl\/new\/wp-json\/wp\/v2\/posts\/25427\/revisions\/25430"}],"wp:featuredmedia":[{"embeddable":true,"href":"https:\/\/www.mundoagropecuario.cl\/new\/wp-json\/wp\/v2\/media\/25429"}],"wp:attachment":[{"href":"https:\/\/www.mundoagropecuario.cl\/new\/wp-json\/wp\/v2\/media?parent=25427"}],"wp:term":[{"taxonomy":"category","embeddable":true,"href":"https:\/\/www.mundoagropecuario.cl\/new\/wp-json\/wp\/v2\/categories?post=25427"},{"taxonomy":"post_tag","embeddable":true,"href":"https:\/\/www.mundoagropecuario.cl\/new\/wp-json\/wp\/v2\/tags?post=25427"}],"curies":[{"name":"wp","href":"https:\/\/api.w.org\/{rel}","templated":true}]}}