{"id":25420,"date":"2024-07-22T13:47:37","date_gmt":"2024-07-22T16:47:37","guid":{"rendered":"https:\/\/www.mundoagropecuario.cl\/new\/?p=25420"},"modified":"2024-08-16T13:03:31","modified_gmt":"2024-08-16T16:03:31","slug":"cooprinsem-fortalece-su-compromiso-con-la-innovacion-en-la-nueva-cumbre-agricola-del-sur","status":"publish","type":"post","link":"https:\/\/www.mundoagropecuario.cl\/new\/cooprinsem-fortalece-su-compromiso-con-la-innovacion-en-la-nueva-cumbre-agricola-del-sur\/","title":{"rendered":"Cooprinsem fortalece su compromiso con la innovaci\u00f3n en la nueva Cumbre Agr\u00edcola del Sur"},"content":{"rendered":"<p>Esta semana, en el Centro de Eventos Dreams de Temuco, se realiz\u00f3 la \u201cSegunda Cumbre Agr\u00edcola del Sur de Chile\u201d, un evento pionero que reuni\u00f3 a las principales autoridades del sector agr\u00edcola a nivel nacional y regional. Organizada por la Asociaci\u00f3n de Agricultores de Malleco, esta instancia convoc\u00f3 a autoridades pol\u00edticas, l\u00edderes gremiales y representantes del sector para analizar las principales problem\u00e1ticas y oportunidades del rubro.<\/p>\n<p>Fue as\u00ed como Cooprinsem tuvo una destacada participaci\u00f3n en este encuentro, reafirmando su compromiso con el desarrollo agr\u00edcola, contribuyendo con su experiencia y recursos a la mejora continua del sector.<\/p>\n<p><a href=\"https:\/\/www.mundoagropecuario.cl\/new\/wp-content\/uploads\/2024\/07\/Cooprinsem34.png\"><img loading=\"lazy\" decoding=\"async\" class=\"alignleft wp-image-25421 \" src=\"https:\/\/www.mundoagropecuario.cl\/new\/wp-content\/uploads\/2024\/07\/Cooprinsem34.png\" alt=\"\" width=\"546\" height=\"310\" srcset=\"https:\/\/www.mundoagropecuario.cl\/new\/wp-content\/uploads\/2024\/07\/Cooprinsem34.png 704w, https:\/\/www.mundoagropecuario.cl\/new\/wp-content\/uploads\/2024\/07\/Cooprinsem34-234x133.png 234w\" sizes=\"auto, (max-width: 546px) 100vw, 546px\" \/><\/a> Durante la cumbre, se abordaron temas relevantes a nivel regional y nacional, con la presencia de figuras destacadas como el ministro de la Secretar\u00eda General de la Presidencia, \u00c1lvaro Elizalde; el presidente del Senado, Jos\u00e9 Garc\u00eda Ruminot; el empresario agr\u00edcola Juan Sutil; el presidente de la Sociedad Nacional de Agricultura, Antonio Walker; el exministro de Econom\u00eda, Juan Andr\u00e9s Fontaine; y el climat\u00f3logo Fernando Santib\u00e1\u00f1ez.<\/p>\n<p>Uno de los puntos altos fue la exposici\u00f3n de Juan Andr\u00e9s Fontaine, quien present\u00f3 su visi\u00f3n sobre el panorama econ\u00f3mico y las perspectivas para el sector agr\u00edcola en el contexto actual. Adem\u00e1s, se realiz\u00f3 un foro sobre la seguridad en el campo, donde se discutieron estrategias para proteger a los agricultores y sus familias.<\/p>\n<p>Por su parte, el Dr. Fernando Santib\u00e1\u00f1ez tambi\u00e9n present\u00f3 una ponencia sobre el presente y futuro del clima y su impacto en la actividad agr\u00edcola, crucial para entender los desaf\u00edos clim\u00e1ticos y econ\u00f3micos que enfrenta el sector.<\/p>\n<p>A su vez, Antonio Walker, presidente de la Sociedad Nacional de Agricultura, destac\u00f3 la actualidad agr\u00edcola nacional y la labor gremial, subrayando la importancia de la colaboraci\u00f3n entre todos los actores del sector para enfrentar los desaf\u00edos futuros.<\/p>\n<p>De esta manera, la participaci\u00f3n de Cooprinsem subray\u00f3 su compromiso con el desarrollo agr\u00edcola, tanto en la regi\u00f3n como en el pa\u00eds, trabajando para ofrecer soluciones innovadoras y apoyo constante a los agricultores, promoviendo el crecimiento y la sostenibilidad de la agricultura nacional.<\/p>\n<p>As\u00ed, la Segunda Cumbre Agr\u00edcola del Sur de Chile se consolid\u00f3 como una instancia clave para el di\u00e1logo y la b\u00fasqueda de soluciones conjuntas, fortaleciendo la cooperaci\u00f3n entre el gobierno, el sector empresarial y los gremios agr\u00edcolas.<\/p>\n<p>Roberto Rivas, jefe de la Oficina Cooprinsem Temuco, apunt\u00f3 que &#8220;como cooperativa, nuestro objetivo es apoyar la agricultura nacional siguiendo las directrices de la empresa. Malleco es una zona m\u00e1s centrada en cultivos y siembra, tiene un mercado amplio y queremos darnos a conocer en este \u00e1mbito de insumos agr\u00edcolas&#8221;.<\/p>\n<p>Finalmente, R\u00edos sostuvo que &#8220;nuestra presencia aqu\u00ed nos permite mostrar todas las \u00e1reas de soluciones agr\u00edcolas de Cooprinsem, incluyendo riego, cultivos e insumos. Adem\u00e1s, las charlas sobre cambio clim\u00e1tico revelaron nuevos cultivos frutales en la regi\u00f3n de La Araucan\u00eda, antes imposibles. Esto abre nuevas l\u00edneas de negocio para Cooprinsem, permiti\u00e9ndonos ofrecer m\u00e1s soluciones a los agricultores y explorar nuevas \u00e1reas&#8221;.<\/p>\n","protected":false},"excerpt":{"rendered":"<p>Cooprinsem tuvo una destacada participaci\u00f3n en el encuentro, reafirmando su compromiso con el desarrollo agr\u00edcola, contribuyendo con su experiencia y recursos a la mejora continua del sector.<\/p>\n","protected":false},"author":2,"featured_media":25422,"comment_status":"closed","ping_status":"closed","sticky":false,"template":"","format":"standard","meta":{"footnotes":""},"categories":[1950],"tags":[2090,3127,2261,8848,8849,2187,8850],"class_list":["post-25420","post","type-post","status-publish","format-standard","has-post-thumbnail","hentry","category-empresa","tag-agricultura","tag-agro","tag-cooprinsem","tag-cumbre-agricola-del-sur","tag-fernando-santibanez","tag-ganaderia","tag-roberto-rivas"],"yoast_head":"<!-- This site is optimized with the Yoast SEO plugin v26.6 - https:\/\/yoast.com\/wordpress\/plugins\/seo\/ -->\n<title>Cooprinsem fortalece su compromiso con la innovaci\u00f3n en la nueva Cumbre Agr\u00edcola del Sur - Mundoagropecuario<\/title>\n<meta name=\"description\" content=\"Cooprinsem tuvo una destacada participaci\u00f3n en el encuentro, reafirmando su compromiso con el desarrollo agr\u00edcola.\" \/>\n<meta name=\"robots\" content=\"index, follow, max-snippet:-1, max-image-preview:large, max-video-preview:-1\" \/>\n<link rel=\"canonical\" href=\"https:\/\/www.mundoagropecuario.cl\/new\/cooprinsem-fortalece-su-compromiso-con-la-innovacion-en-la-nueva-cumbre-agricola-del-sur\/\" \/>\n<meta property=\"og:locale\" content=\"es_ES\" \/>\n<meta property=\"og:type\" content=\"article\" \/>\n<meta property=\"og:title\" content=\"Cooprinsem fortalece su compromiso con la innovaci\u00f3n en la nueva Cumbre Agr\u00edcola del Sur - Mundoagropecuario\" \/>\n<meta property=\"og:description\" content=\"Cooprinsem tuvo una destacada participaci\u00f3n en el encuentro, reafirmando su compromiso con el desarrollo agr\u00edcola.\" \/>\n<meta property=\"og:url\" content=\"https:\/\/www.mundoagropecuario.cl\/new\/cooprinsem-fortalece-su-compromiso-con-la-innovacion-en-la-nueva-cumbre-agricola-del-sur\/\" \/>\n<meta property=\"og:site_name\" content=\"Mundoagropecuario\" \/>\n<meta property=\"article:publisher\" content=\"https:\/\/www.facebook.com\/mundo.agropecuario.3\" \/>\n<meta property=\"article:published_time\" content=\"2024-07-22T16:47:37+00:00\" \/>\n<meta property=\"article:modified_time\" content=\"2024-08-16T16:03:31+00:00\" \/>\n<meta property=\"og:image\" content=\"https:\/\/www.mundoagropecuario.cl\/new\/wp-content\/uploads\/2024\/07\/4-6-scaled.jpg\" \/>\n\t<meta property=\"og:image:width\" content=\"699\" \/>\n\t<meta property=\"og:image:height\" content=\"400\" \/>\n\t<meta property=\"og:image:type\" content=\"image\/jpeg\" \/>\n<meta name=\"author\" content=\"mundo\" \/>\n<meta name=\"twitter:card\" content=\"summary_large_image\" \/>\n<meta name=\"twitter:creator\" content=\"@MundoAgropecuar\" \/>\n<meta name=\"twitter:site\" content=\"@MundoAgropecuar\" \/>\n<meta name=\"twitter:label1\" content=\"Escrito por\" \/>\n\t<meta name=\"twitter:data1\" content=\"mundo\" \/>\n\t<meta name=\"twitter:label2\" content=\"Tiempo de lectura\" \/>\n\t<meta name=\"twitter:data2\" content=\"3 minutos\" \/>\n<script type=\"application\/ld+json\" class=\"yoast-schema-graph\">{\"@context\":\"https:\/\/schema.org\",\"@graph\":[{\"@type\":\"Article\",\"@id\":\"https:\/\/www.mundoagropecuario.cl\/new\/cooprinsem-fortalece-su-compromiso-con-la-innovacion-en-la-nueva-cumbre-agricola-del-sur\/#article\",\"isPartOf\":{\"@id\":\"https:\/\/www.mundoagropecuario.cl\/new\/cooprinsem-fortalece-su-compromiso-con-la-innovacion-en-la-nueva-cumbre-agricola-del-sur\/\"},\"author\":{\"name\":\"mundo\",\"@id\":\"https:\/\/www.mundoagropecuario.cl\/new\/#\/schema\/person\/4e9f74a82a7dac260eb1c44b7eebeb18\"},\"headline\":\"Cooprinsem fortalece su compromiso con la innovaci\u00f3n en la nueva Cumbre Agr\u00edcola del Sur\",\"datePublished\":\"2024-07-22T16:47:37+00:00\",\"dateModified\":\"2024-08-16T16:03:31+00:00\",\"mainEntityOfPage\":{\"@id\":\"https:\/\/www.mundoagropecuario.cl\/new\/cooprinsem-fortalece-su-compromiso-con-la-innovacion-en-la-nueva-cumbre-agricola-del-sur\/\"},\"wordCount\":545,\"publisher\":{\"@id\":\"https:\/\/www.mundoagropecuario.cl\/new\/#organization\"},\"image\":{\"@id\":\"https:\/\/www.mundoagropecuario.cl\/new\/cooprinsem-fortalece-su-compromiso-con-la-innovacion-en-la-nueva-cumbre-agricola-del-sur\/#primaryimage\"},\"thumbnailUrl\":\"https:\/\/www.mundoagropecuario.cl\/new\/wp-content\/uploads\/2024\/07\/4-6-scaled.jpg\",\"keywords\":[\"Agricultura\",\"Agro\",\"Cooprinsem\",\"Cumbre Agr\u00edcola del Sur\",\"Fernando Santib\u00e1\u00f1ez.\",\"Ganader\u00eda\",\"Roberto Rivas\"],\"articleSection\":[\"Empresa\"],\"inLanguage\":\"es\"},{\"@type\":\"WebPage\",\"@id\":\"https:\/\/www.mundoagropecuario.cl\/new\/cooprinsem-fortalece-su-compromiso-con-la-innovacion-en-la-nueva-cumbre-agricola-del-sur\/\",\"url\":\"https:\/\/www.mundoagropecuario.cl\/new\/cooprinsem-fortalece-su-compromiso-con-la-innovacion-en-la-nueva-cumbre-agricola-del-sur\/\",\"name\":\"Cooprinsem fortalece su compromiso con la innovaci\u00f3n en la nueva Cumbre Agr\u00edcola del Sur - Mundoagropecuario\",\"isPartOf\":{\"@id\":\"https:\/\/www.mundoagropecuario.cl\/new\/#website\"},\"primaryImageOfPage\":{\"@id\":\"https:\/\/www.mundoagropecuario.cl\/new\/cooprinsem-fortalece-su-compromiso-con-la-innovacion-en-la-nueva-cumbre-agricola-del-sur\/#primaryimage\"},\"image\":{\"@id\":\"https:\/\/www.mundoagropecuario.cl\/new\/cooprinsem-fortalece-su-compromiso-con-la-innovacion-en-la-nueva-cumbre-agricola-del-sur\/#primaryimage\"},\"thumbnailUrl\":\"https:\/\/www.mundoagropecuario.cl\/new\/wp-content\/uploads\/2024\/07\/4-6-scaled.jpg\",\"datePublished\":\"2024-07-22T16:47:37+00:00\",\"dateModified\":\"2024-08-16T16:03:31+00:00\",\"description\":\"Cooprinsem tuvo una destacada participaci\u00f3n en el encuentro, reafirmando su compromiso con el desarrollo agr\u00edcola.\",\"breadcrumb\":{\"@id\":\"https:\/\/www.mundoagropecuario.cl\/new\/cooprinsem-fortalece-su-compromiso-con-la-innovacion-en-la-nueva-cumbre-agricola-del-sur\/#breadcrumb\"},\"inLanguage\":\"es\",\"potentialAction\":[{\"@type\":\"ReadAction\",\"target\":[\"https:\/\/www.mundoagropecuario.cl\/new\/cooprinsem-fortalece-su-compromiso-con-la-innovacion-en-la-nueva-cumbre-agricola-del-sur\/\"]}]},{\"@type\":\"ImageObject\",\"inLanguage\":\"es\",\"@id\":\"https:\/\/www.mundoagropecuario.cl\/new\/cooprinsem-fortalece-su-compromiso-con-la-innovacion-en-la-nueva-cumbre-agricola-del-sur\/#primaryimage\",\"url\":\"https:\/\/www.mundoagropecuario.cl\/new\/wp-content\/uploads\/2024\/07\/4-6-scaled.jpg\",\"contentUrl\":\"https:\/\/www.mundoagropecuario.cl\/new\/wp-content\/uploads\/2024\/07\/4-6-scaled.jpg\",\"width\":699,\"height\":400},{\"@type\":\"BreadcrumbList\",\"@id\":\"https:\/\/www.mundoagropecuario.cl\/new\/cooprinsem-fortalece-su-compromiso-con-la-innovacion-en-la-nueva-cumbre-agricola-del-sur\/#breadcrumb\",\"itemListElement\":[{\"@type\":\"ListItem\",\"position\":1,\"name\":\"Portada\",\"item\":\"https:\/\/www.mundoagropecuario.cl\/new\/\"},{\"@type\":\"ListItem\",\"position\":2,\"name\":\"Cooprinsem fortalece su compromiso con la innovaci\u00f3n en la nueva Cumbre Agr\u00edcola del Sur\"}]},{\"@type\":\"WebSite\",\"@id\":\"https:\/\/www.mundoagropecuario.cl\/new\/#website\",\"url\":\"https:\/\/www.mundoagropecuario.cl\/new\/\",\"name\":\"Mundoagropecuario\",\"description\":\"Mundo Agropecuario\",\"publisher\":{\"@id\":\"https:\/\/www.mundoagropecuario.cl\/new\/#organization\"},\"potentialAction\":[{\"@type\":\"SearchAction\",\"target\":{\"@type\":\"EntryPoint\",\"urlTemplate\":\"https:\/\/www.mundoagropecuario.cl\/new\/?s={search_term_string}\"},\"query-input\":{\"@type\":\"PropertyValueSpecification\",\"valueRequired\":true,\"valueName\":\"search_term_string\"}}],\"inLanguage\":\"es\"},{\"@type\":\"Organization\",\"@id\":\"https:\/\/www.mundoagropecuario.cl\/new\/#organization\",\"name\":\"Revista de Agricultura\",\"url\":\"https:\/\/www.mundoagropecuario.cl\/new\/\",\"logo\":{\"@type\":\"ImageObject\",\"inLanguage\":\"es\",\"@id\":\"https:\/\/www.mundoagropecuario.cl\/new\/#\/schema\/logo\/image\/\",\"url\":\"https:\/\/www.mundoagropecuario.cl\/new\/wp-content\/uploads\/2020\/11\/PORTAL-1-1.png\",\"contentUrl\":\"https:\/\/www.mundoagropecuario.cl\/new\/wp-content\/uploads\/2020\/11\/PORTAL-1-1.png\",\"width\":1026,\"height\":100,\"caption\":\"Revista de Agricultura\"},\"image\":{\"@id\":\"https:\/\/www.mundoagropecuario.cl\/new\/#\/schema\/logo\/image\/\"},\"sameAs\":[\"https:\/\/www.facebook.com\/mundo.agropecuario.3\",\"https:\/\/x.com\/MundoAgropecuar\",\"https:\/\/www.linkedin.com\/in\/mundo-agropecuario-934009201\/\"]},{\"@type\":\"Person\",\"@id\":\"https:\/\/www.mundoagropecuario.cl\/new\/#\/schema\/person\/4e9f74a82a7dac260eb1c44b7eebeb18\",\"name\":\"mundo\",\"url\":\"https:\/\/www.mundoagropecuario.cl\/new\/author\/mundo\/\"}]}<\/script>\n<!-- \/ Yoast SEO plugin. -->","yoast_head_json":{"title":"Cooprinsem fortalece su compromiso con la innovaci\u00f3n en la nueva Cumbre Agr\u00edcola del Sur - Mundoagropecuario","description":"Cooprinsem tuvo una destacada participaci\u00f3n en el encuentro, reafirmando su compromiso con el desarrollo agr\u00edcola.","robots":{"index":"index","follow":"follow","max-snippet":"max-snippet:-1","max-image-preview":"max-image-preview:large","max-video-preview":"max-video-preview:-1"},"canonical":"https:\/\/www.mundoagropecuario.cl\/new\/cooprinsem-fortalece-su-compromiso-con-la-innovacion-en-la-nueva-cumbre-agricola-del-sur\/","og_locale":"es_ES","og_type":"article","og_title":"Cooprinsem fortalece su compromiso con la innovaci\u00f3n en la nueva Cumbre Agr\u00edcola del Sur - Mundoagropecuario","og_description":"Cooprinsem tuvo una destacada participaci\u00f3n en el encuentro, reafirmando su compromiso con el desarrollo agr\u00edcola.","og_url":"https:\/\/www.mundoagropecuario.cl\/new\/cooprinsem-fortalece-su-compromiso-con-la-innovacion-en-la-nueva-cumbre-agricola-del-sur\/","og_site_name":"Mundoagropecuario","article_publisher":"https:\/\/www.facebook.com\/mundo.agropecuario.3","article_published_time":"2024-07-22T16:47:37+00:00","article_modified_time":"2024-08-16T16:03:31+00:00","og_image":[{"width":699,"height":400,"url":"https:\/\/www.mundoagropecuario.cl\/new\/wp-content\/uploads\/2024\/07\/4-6-scaled.jpg","type":"image\/jpeg"}],"author":"mundo","twitter_card":"summary_large_image","twitter_creator":"@MundoAgropecuar","twitter_site":"@MundoAgropecuar","twitter_misc":{"Escrito por":"mundo","Tiempo de lectura":"3 minutos"},"schema":{"@context":"https:\/\/schema.org","@graph":[{"@type":"Article","@id":"https:\/\/www.mundoagropecuario.cl\/new\/cooprinsem-fortalece-su-compromiso-con-la-innovacion-en-la-nueva-cumbre-agricola-del-sur\/#article","isPartOf":{"@id":"https:\/\/www.mundoagropecuario.cl\/new\/cooprinsem-fortalece-su-compromiso-con-la-innovacion-en-la-nueva-cumbre-agricola-del-sur\/"},"author":{"name":"mundo","@id":"https:\/\/www.mundoagropecuario.cl\/new\/#\/schema\/person\/4e9f74a82a7dac260eb1c44b7eebeb18"},"headline":"Cooprinsem fortalece su compromiso con la innovaci\u00f3n en la nueva Cumbre Agr\u00edcola del Sur","datePublished":"2024-07-22T16:47:37+00:00","dateModified":"2024-08-16T16:03:31+00:00","mainEntityOfPage":{"@id":"https:\/\/www.mundoagropecuario.cl\/new\/cooprinsem-fortalece-su-compromiso-con-la-innovacion-en-la-nueva-cumbre-agricola-del-sur\/"},"wordCount":545,"publisher":{"@id":"https:\/\/www.mundoagropecuario.cl\/new\/#organization"},"image":{"@id":"https:\/\/www.mundoagropecuario.cl\/new\/cooprinsem-fortalece-su-compromiso-con-la-innovacion-en-la-nueva-cumbre-agricola-del-sur\/#primaryimage"},"thumbnailUrl":"https:\/\/www.mundoagropecuario.cl\/new\/wp-content\/uploads\/2024\/07\/4-6-scaled.jpg","keywords":["Agricultura","Agro","Cooprinsem","Cumbre Agr\u00edcola del Sur","Fernando Santib\u00e1\u00f1ez.","Ganader\u00eda","Roberto Rivas"],"articleSection":["Empresa"],"inLanguage":"es"},{"@type":"WebPage","@id":"https:\/\/www.mundoagropecuario.cl\/new\/cooprinsem-fortalece-su-compromiso-con-la-innovacion-en-la-nueva-cumbre-agricola-del-sur\/","url":"https:\/\/www.mundoagropecuario.cl\/new\/cooprinsem-fortalece-su-compromiso-con-la-innovacion-en-la-nueva-cumbre-agricola-del-sur\/","name":"Cooprinsem fortalece su compromiso con la innovaci\u00f3n en la nueva Cumbre Agr\u00edcola del Sur - Mundoagropecuario","isPartOf":{"@id":"https:\/\/www.mundoagropecuario.cl\/new\/#website"},"primaryImageOfPage":{"@id":"https:\/\/www.mundoagropecuario.cl\/new\/cooprinsem-fortalece-su-compromiso-con-la-innovacion-en-la-nueva-cumbre-agricola-del-sur\/#primaryimage"},"image":{"@id":"https:\/\/www.mundoagropecuario.cl\/new\/cooprinsem-fortalece-su-compromiso-con-la-innovacion-en-la-nueva-cumbre-agricola-del-sur\/#primaryimage"},"thumbnailUrl":"https:\/\/www.mundoagropecuario.cl\/new\/wp-content\/uploads\/2024\/07\/4-6-scaled.jpg","datePublished":"2024-07-22T16:47:37+00:00","dateModified":"2024-08-16T16:03:31+00:00","description":"Cooprinsem tuvo una destacada participaci\u00f3n en el encuentro, reafirmando su compromiso con el desarrollo agr\u00edcola.","breadcrumb":{"@id":"https:\/\/www.mundoagropecuario.cl\/new\/cooprinsem-fortalece-su-compromiso-con-la-innovacion-en-la-nueva-cumbre-agricola-del-sur\/#breadcrumb"},"inLanguage":"es","potentialAction":[{"@type":"ReadAction","target":["https:\/\/www.mundoagropecuario.cl\/new\/cooprinsem-fortalece-su-compromiso-con-la-innovacion-en-la-nueva-cumbre-agricola-del-sur\/"]}]},{"@type":"ImageObject","inLanguage":"es","@id":"https:\/\/www.mundoagropecuario.cl\/new\/cooprinsem-fortalece-su-compromiso-con-la-innovacion-en-la-nueva-cumbre-agricola-del-sur\/#primaryimage","url":"https:\/\/www.mundoagropecuario.cl\/new\/wp-content\/uploads\/2024\/07\/4-6-scaled.jpg","contentUrl":"https:\/\/www.mundoagropecuario.cl\/new\/wp-content\/uploads\/2024\/07\/4-6-scaled.jpg","width":699,"height":400},{"@type":"BreadcrumbList","@id":"https:\/\/www.mundoagropecuario.cl\/new\/cooprinsem-fortalece-su-compromiso-con-la-innovacion-en-la-nueva-cumbre-agricola-del-sur\/#breadcrumb","itemListElement":[{"@type":"ListItem","position":1,"name":"Portada","item":"https:\/\/www.mundoagropecuario.cl\/new\/"},{"@type":"ListItem","position":2,"name":"Cooprinsem fortalece su compromiso con la innovaci\u00f3n en la nueva Cumbre Agr\u00edcola del Sur"}]},{"@type":"WebSite","@id":"https:\/\/www.mundoagropecuario.cl\/new\/#website","url":"https:\/\/www.mundoagropecuario.cl\/new\/","name":"Mundoagropecuario","description":"Mundo Agropecuario","publisher":{"@id":"https:\/\/www.mundoagropecuario.cl\/new\/#organization"},"potentialAction":[{"@type":"SearchAction","target":{"@type":"EntryPoint","urlTemplate":"https:\/\/www.mundoagropecuario.cl\/new\/?s={search_term_string}"},"query-input":{"@type":"PropertyValueSpecification","valueRequired":true,"valueName":"search_term_string"}}],"inLanguage":"es"},{"@type":"Organization","@id":"https:\/\/www.mundoagropecuario.cl\/new\/#organization","name":"Revista de Agricultura","url":"https:\/\/www.mundoagropecuario.cl\/new\/","logo":{"@type":"ImageObject","inLanguage":"es","@id":"https:\/\/www.mundoagropecuario.cl\/new\/#\/schema\/logo\/image\/","url":"https:\/\/www.mundoagropecuario.cl\/new\/wp-content\/uploads\/2020\/11\/PORTAL-1-1.png","contentUrl":"https:\/\/www.mundoagropecuario.cl\/new\/wp-content\/uploads\/2020\/11\/PORTAL-1-1.png","width":1026,"height":100,"caption":"Revista de Agricultura"},"image":{"@id":"https:\/\/www.mundoagropecuario.cl\/new\/#\/schema\/logo\/image\/"},"sameAs":["https:\/\/www.facebook.com\/mundo.agropecuario.3","https:\/\/x.com\/MundoAgropecuar","https:\/\/www.linkedin.com\/in\/mundo-agropecuario-934009201\/"]},{"@type":"Person","@id":"https:\/\/www.mundoagropecuario.cl\/new\/#\/schema\/person\/4e9f74a82a7dac260eb1c44b7eebeb18","name":"mundo","url":"https:\/\/www.mundoagropecuario.cl\/new\/author\/mundo\/"}]}},"_links":{"self":[{"href":"https:\/\/www.mundoagropecuario.cl\/new\/wp-json\/wp\/v2\/posts\/25420","targetHints":{"allow":["GET"]}}],"collection":[{"href":"https:\/\/www.mundoagropecuario.cl\/new\/wp-json\/wp\/v2\/posts"}],"about":[{"href":"https:\/\/www.mundoagropecuario.cl\/new\/wp-json\/wp\/v2\/types\/post"}],"author":[{"embeddable":true,"href":"https:\/\/www.mundoagropecuario.cl\/new\/wp-json\/wp\/v2\/users\/2"}],"replies":[{"embeddable":true,"href":"https:\/\/www.mundoagropecuario.cl\/new\/wp-json\/wp\/v2\/comments?post=25420"}],"version-history":[{"count":1,"href":"https:\/\/www.mundoagropecuario.cl\/new\/wp-json\/wp\/v2\/posts\/25420\/revisions"}],"predecessor-version":[{"id":25423,"href":"https:\/\/www.mundoagropecuario.cl\/new\/wp-json\/wp\/v2\/posts\/25420\/revisions\/25423"}],"wp:featuredmedia":[{"embeddable":true,"href":"https:\/\/www.mundoagropecuario.cl\/new\/wp-json\/wp\/v2\/media\/25422"}],"wp:attachment":[{"href":"https:\/\/www.mundoagropecuario.cl\/new\/wp-json\/wp\/v2\/media?parent=25420"}],"wp:term":[{"taxonomy":"category","embeddable":true,"href":"https:\/\/www.mundoagropecuario.cl\/new\/wp-json\/wp\/v2\/categories?post=25420"},{"taxonomy":"post_tag","embeddable":true,"href":"https:\/\/www.mundoagropecuario.cl\/new\/wp-json\/wp\/v2\/tags?post=25420"}],"curies":[{"name":"wp","href":"https:\/\/api.w.org\/{rel}","templated":true}]}}