{"id":25411,"date":"2024-07-15T17:18:53","date_gmt":"2024-07-15T20:18:53","guid":{"rendered":"https:\/\/www.mundoagropecuario.cl\/new\/?p=25411"},"modified":"2024-07-24T18:18:21","modified_gmt":"2024-07-24T21:18:21","slug":"realizan-nuevo-encuentro-entre-centros-regionales-de-investigacion-de-inia-en-osorno","status":"publish","type":"post","link":"https:\/\/www.mundoagropecuario.cl\/new\/realizan-nuevo-encuentro-entre-centros-regionales-de-investigacion-de-inia-en-osorno\/","title":{"rendered":"Realizan nuevo encuentro entre centros regionales de Investigaci\u00f3n de INIA en Osorno"},"content":{"rendered":"<p>Un nuevo encuentro entre centros regionales de investigaci\u00f3n del Instituto de Investigaciones Agropecuarias (INIA), se realiz\u00f3 recientemente en Osorno.<\/p>\n<p>El director regional de INIA Remehue, Manuel Mu\u00f1oz, anfitri\u00f3n de la jornada, se mostr\u00f3 contento con esta reuni\u00f3n de trabajo entre el Centro Regional de Investigaci\u00f3n INIA Intihuasi, que cubre las regiones de Coquimbo, Atacama y Arica y Parinacota; y su similar INIA Remehue con cobertura en las regiones de Los Lagos y Los R\u00edos.<\/p>\n<p>La autoridad regional explic\u00f3 que el motivo de esta jornada es \u201ccompartir experiencias, nivelar conocimientos y generar nuevas iniciativas de manera de hacer un desarrollo integral de la agricultura, uniendo la experiencia de ambas regiones\u201d.<\/p>\n<p>Destac\u00f3 tambi\u00e9n la presencia de &#8220;representantes de la industria salmonicultora, en donde se est\u00e1 iniciando un nuevo proyecto para generar nuevos desarrollos para la regi\u00f3n\u201d.<\/p>\n<p>Por su parte, Claudio Balbont\u00edn, director regional de INIA Intihuasi, sostuvo que su visita al sur \u201ctiene dos objetivos principales: uno es visitar las instalaciones de una empresa con la que estamos colaborando en un proyecto Fondef que lidera la investigadora Constanza Jana, que tiene que ver con el uso de residuos de la industria salmonera\u201d y se trata de \u201cun proyecto muy interesante porque aboga por la econom\u00eda circular., tomando un residuo e incorpor\u00e1ndolo en el siguiente ciclo, que puede ser en la agricultura\u201d.<\/p>\n<p>El segundo objetivo del viaje, indic\u00f3 que \u201ces visitar a los investigadores del centro regional de ac\u00e1 de la zona de Osorno, convivir con ellos y compartir experiencias de investigaci\u00f3n\u201d.<\/p>\n<p>Claudio Salas, subdirector regional de I+D+i de INIA Remehue, principal organizador del encuentro, se mostr\u00f3 satisfecho por los logros alcanzados en esta jornada y destac\u00f3 las proyecciones que existen de generar nuevas iniciativas conjuntas entre ambos centros.<\/p>\n","protected":false},"excerpt":{"rendered":"<p>Investigadores de zona norte del pa\u00eds, de las regiones de Coquimbo y Atacama, se reunieron con sus pares del sur de las regiones de Los Lagos y Los R\u00edos.\u00a0<\/p>\n","protected":false},"author":2,"featured_media":25413,"comment_status":"closed","ping_status":"closed","sticky":false,"template":"","format":"standard","meta":{"footnotes":""},"categories":[1945],"tags":[2090,3127,4494,8845,8847,3900,8670,8737,8846],"class_list":["post-25411","post","type-post","status-publish","format-standard","has-post-thumbnail","hentry","category-agricultura","tag-agricultura","tag-agro","tag-agropecuario","tag-centros-regionales","tag-claudio-balbontin","tag-director-regional-de-inia-intihuasi","tag-idi-de-inia-remehue","tag-inia-en-osorno","tag-zona-de-osorno"],"yoast_head":"<!-- This site is optimized with the Yoast SEO plugin v26.6 - https:\/\/yoast.com\/wordpress\/plugins\/seo\/ -->\n<title>Realizan nuevo encuentro entre centros regionales de Investigaci\u00f3n de INIA en Osorno - Mundoagropecuario<\/title>\n<meta name=\"description\" content=\"Investigadores de zona norte del pa\u00eds, de las regiones de Coquimbo y Atacama, se reunieron con sus pares del sur de las regiones\" \/>\n<meta name=\"robots\" content=\"index, follow, max-snippet:-1, max-image-preview:large, max-video-preview:-1\" \/>\n<link rel=\"canonical\" href=\"https:\/\/www.mundoagropecuario.cl\/new\/realizan-nuevo-encuentro-entre-centros-regionales-de-investigacion-de-inia-en-osorno\/\" \/>\n<meta property=\"og:locale\" content=\"es_ES\" \/>\n<meta property=\"og:type\" content=\"article\" \/>\n<meta property=\"og:title\" content=\"Realizan nuevo encuentro entre centros regionales de Investigaci\u00f3n de INIA en Osorno - Mundoagropecuario\" \/>\n<meta property=\"og:description\" content=\"Investigadores de zona norte del pa\u00eds, de las regiones de Coquimbo y Atacama, se reunieron con sus pares del sur de las regiones\" \/>\n<meta property=\"og:url\" content=\"https:\/\/www.mundoagropecuario.cl\/new\/realizan-nuevo-encuentro-entre-centros-regionales-de-investigacion-de-inia-en-osorno\/\" \/>\n<meta property=\"og:site_name\" content=\"Mundoagropecuario\" \/>\n<meta property=\"article:publisher\" content=\"https:\/\/www.facebook.com\/mundo.agropecuario.3\" \/>\n<meta property=\"article:published_time\" content=\"2024-07-15T20:18:53+00:00\" \/>\n<meta property=\"article:modified_time\" content=\"2024-07-24T21:18:21+00:00\" \/>\n<meta property=\"og:image\" content=\"https:\/\/www.mundoagropecuario.cl\/new\/wp-content\/uploads\/2024\/07\/centros-de-INIA-scaled.jpg\" \/>\n\t<meta property=\"og:image:width\" content=\"720\" \/>\n\t<meta property=\"og:image:height\" content=\"385\" \/>\n\t<meta property=\"og:image:type\" content=\"image\/jpeg\" \/>\n<meta name=\"author\" content=\"mundo\" \/>\n<meta name=\"twitter:card\" content=\"summary_large_image\" \/>\n<meta name=\"twitter:creator\" content=\"@MundoAgropecuar\" \/>\n<meta name=\"twitter:site\" content=\"@MundoAgropecuar\" \/>\n<meta name=\"twitter:label1\" content=\"Escrito por\" \/>\n\t<meta name=\"twitter:data1\" content=\"mundo\" \/>\n\t<meta name=\"twitter:label2\" content=\"Tiempo de lectura\" \/>\n\t<meta name=\"twitter:data2\" content=\"2 minutos\" \/>\n<script type=\"application\/ld+json\" class=\"yoast-schema-graph\">{\"@context\":\"https:\/\/schema.org\",\"@graph\":[{\"@type\":\"Article\",\"@id\":\"https:\/\/www.mundoagropecuario.cl\/new\/realizan-nuevo-encuentro-entre-centros-regionales-de-investigacion-de-inia-en-osorno\/#article\",\"isPartOf\":{\"@id\":\"https:\/\/www.mundoagropecuario.cl\/new\/realizan-nuevo-encuentro-entre-centros-regionales-de-investigacion-de-inia-en-osorno\/\"},\"author\":{\"name\":\"mundo\",\"@id\":\"https:\/\/www.mundoagropecuario.cl\/new\/#\/schema\/person\/4e9f74a82a7dac260eb1c44b7eebeb18\"},\"headline\":\"Realizan nuevo encuentro entre centros regionales de Investigaci\u00f3n de INIA en Osorno\",\"datePublished\":\"2024-07-15T20:18:53+00:00\",\"dateModified\":\"2024-07-24T21:18:21+00:00\",\"mainEntityOfPage\":{\"@id\":\"https:\/\/www.mundoagropecuario.cl\/new\/realizan-nuevo-encuentro-entre-centros-regionales-de-investigacion-de-inia-en-osorno\/\"},\"wordCount\":313,\"publisher\":{\"@id\":\"https:\/\/www.mundoagropecuario.cl\/new\/#organization\"},\"image\":{\"@id\":\"https:\/\/www.mundoagropecuario.cl\/new\/realizan-nuevo-encuentro-entre-centros-regionales-de-investigacion-de-inia-en-osorno\/#primaryimage\"},\"thumbnailUrl\":\"https:\/\/www.mundoagropecuario.cl\/new\/wp-content\/uploads\/2024\/07\/centros-de-INIA-scaled.jpg\",\"keywords\":[\"Agricultura\",\"Agro\",\"Agropecuario\",\"centros regionales\",\"Claudio Balbont\u00edn\",\"Director Regional de INIA Intihuasi\",\"I+D+i de INIA Remehue\",\"INIA en Osorno\",\"zona de Osorno\"],\"articleSection\":[\"Agricultura\"],\"inLanguage\":\"es\"},{\"@type\":\"WebPage\",\"@id\":\"https:\/\/www.mundoagropecuario.cl\/new\/realizan-nuevo-encuentro-entre-centros-regionales-de-investigacion-de-inia-en-osorno\/\",\"url\":\"https:\/\/www.mundoagropecuario.cl\/new\/realizan-nuevo-encuentro-entre-centros-regionales-de-investigacion-de-inia-en-osorno\/\",\"name\":\"Realizan nuevo encuentro entre centros regionales de Investigaci\u00f3n de INIA en Osorno - Mundoagropecuario\",\"isPartOf\":{\"@id\":\"https:\/\/www.mundoagropecuario.cl\/new\/#website\"},\"primaryImageOfPage\":{\"@id\":\"https:\/\/www.mundoagropecuario.cl\/new\/realizan-nuevo-encuentro-entre-centros-regionales-de-investigacion-de-inia-en-osorno\/#primaryimage\"},\"image\":{\"@id\":\"https:\/\/www.mundoagropecuario.cl\/new\/realizan-nuevo-encuentro-entre-centros-regionales-de-investigacion-de-inia-en-osorno\/#primaryimage\"},\"thumbnailUrl\":\"https:\/\/www.mundoagropecuario.cl\/new\/wp-content\/uploads\/2024\/07\/centros-de-INIA-scaled.jpg\",\"datePublished\":\"2024-07-15T20:18:53+00:00\",\"dateModified\":\"2024-07-24T21:18:21+00:00\",\"description\":\"Investigadores de zona norte del pa\u00eds, de las regiones de Coquimbo y Atacama, se reunieron con sus pares del sur de las regiones\",\"breadcrumb\":{\"@id\":\"https:\/\/www.mundoagropecuario.cl\/new\/realizan-nuevo-encuentro-entre-centros-regionales-de-investigacion-de-inia-en-osorno\/#breadcrumb\"},\"inLanguage\":\"es\",\"potentialAction\":[{\"@type\":\"ReadAction\",\"target\":[\"https:\/\/www.mundoagropecuario.cl\/new\/realizan-nuevo-encuentro-entre-centros-regionales-de-investigacion-de-inia-en-osorno\/\"]}]},{\"@type\":\"ImageObject\",\"inLanguage\":\"es\",\"@id\":\"https:\/\/www.mundoagropecuario.cl\/new\/realizan-nuevo-encuentro-entre-centros-regionales-de-investigacion-de-inia-en-osorno\/#primaryimage\",\"url\":\"https:\/\/www.mundoagropecuario.cl\/new\/wp-content\/uploads\/2024\/07\/centros-de-INIA-scaled.jpg\",\"contentUrl\":\"https:\/\/www.mundoagropecuario.cl\/new\/wp-content\/uploads\/2024\/07\/centros-de-INIA-scaled.jpg\",\"width\":720,\"height\":385},{\"@type\":\"BreadcrumbList\",\"@id\":\"https:\/\/www.mundoagropecuario.cl\/new\/realizan-nuevo-encuentro-entre-centros-regionales-de-investigacion-de-inia-en-osorno\/#breadcrumb\",\"itemListElement\":[{\"@type\":\"ListItem\",\"position\":1,\"name\":\"Portada\",\"item\":\"https:\/\/www.mundoagropecuario.cl\/new\/\"},{\"@type\":\"ListItem\",\"position\":2,\"name\":\"Realizan nuevo encuentro entre centros regionales de Investigaci\u00f3n de INIA en Osorno\"}]},{\"@type\":\"WebSite\",\"@id\":\"https:\/\/www.mundoagropecuario.cl\/new\/#website\",\"url\":\"https:\/\/www.mundoagropecuario.cl\/new\/\",\"name\":\"Mundoagropecuario\",\"description\":\"Mundo Agropecuario\",\"publisher\":{\"@id\":\"https:\/\/www.mundoagropecuario.cl\/new\/#organization\"},\"potentialAction\":[{\"@type\":\"SearchAction\",\"target\":{\"@type\":\"EntryPoint\",\"urlTemplate\":\"https:\/\/www.mundoagropecuario.cl\/new\/?s={search_term_string}\"},\"query-input\":{\"@type\":\"PropertyValueSpecification\",\"valueRequired\":true,\"valueName\":\"search_term_string\"}}],\"inLanguage\":\"es\"},{\"@type\":\"Organization\",\"@id\":\"https:\/\/www.mundoagropecuario.cl\/new\/#organization\",\"name\":\"Revista de Agricultura\",\"url\":\"https:\/\/www.mundoagropecuario.cl\/new\/\",\"logo\":{\"@type\":\"ImageObject\",\"inLanguage\":\"es\",\"@id\":\"https:\/\/www.mundoagropecuario.cl\/new\/#\/schema\/logo\/image\/\",\"url\":\"https:\/\/www.mundoagropecuario.cl\/new\/wp-content\/uploads\/2020\/11\/PORTAL-1-1.png\",\"contentUrl\":\"https:\/\/www.mundoagropecuario.cl\/new\/wp-content\/uploads\/2020\/11\/PORTAL-1-1.png\",\"width\":1026,\"height\":100,\"caption\":\"Revista de Agricultura\"},\"image\":{\"@id\":\"https:\/\/www.mundoagropecuario.cl\/new\/#\/schema\/logo\/image\/\"},\"sameAs\":[\"https:\/\/www.facebook.com\/mundo.agropecuario.3\",\"https:\/\/x.com\/MundoAgropecuar\",\"https:\/\/www.linkedin.com\/in\/mundo-agropecuario-934009201\/\"]},{\"@type\":\"Person\",\"@id\":\"https:\/\/www.mundoagropecuario.cl\/new\/#\/schema\/person\/4e9f74a82a7dac260eb1c44b7eebeb18\",\"name\":\"mundo\",\"url\":\"https:\/\/www.mundoagropecuario.cl\/new\/author\/mundo\/\"}]}<\/script>\n<!-- \/ Yoast SEO plugin. -->","yoast_head_json":{"title":"Realizan nuevo encuentro entre centros regionales de Investigaci\u00f3n de INIA en Osorno - Mundoagropecuario","description":"Investigadores de zona norte del pa\u00eds, de las regiones de Coquimbo y Atacama, se reunieron con sus pares del sur de las regiones","robots":{"index":"index","follow":"follow","max-snippet":"max-snippet:-1","max-image-preview":"max-image-preview:large","max-video-preview":"max-video-preview:-1"},"canonical":"https:\/\/www.mundoagropecuario.cl\/new\/realizan-nuevo-encuentro-entre-centros-regionales-de-investigacion-de-inia-en-osorno\/","og_locale":"es_ES","og_type":"article","og_title":"Realizan nuevo encuentro entre centros regionales de Investigaci\u00f3n de INIA en Osorno - Mundoagropecuario","og_description":"Investigadores de zona norte del pa\u00eds, de las regiones de Coquimbo y Atacama, se reunieron con sus pares del sur de las regiones","og_url":"https:\/\/www.mundoagropecuario.cl\/new\/realizan-nuevo-encuentro-entre-centros-regionales-de-investigacion-de-inia-en-osorno\/","og_site_name":"Mundoagropecuario","article_publisher":"https:\/\/www.facebook.com\/mundo.agropecuario.3","article_published_time":"2024-07-15T20:18:53+00:00","article_modified_time":"2024-07-24T21:18:21+00:00","og_image":[{"width":720,"height":385,"url":"https:\/\/www.mundoagropecuario.cl\/new\/wp-content\/uploads\/2024\/07\/centros-de-INIA-scaled.jpg","type":"image\/jpeg"}],"author":"mundo","twitter_card":"summary_large_image","twitter_creator":"@MundoAgropecuar","twitter_site":"@MundoAgropecuar","twitter_misc":{"Escrito por":"mundo","Tiempo de lectura":"2 minutos"},"schema":{"@context":"https:\/\/schema.org","@graph":[{"@type":"Article","@id":"https:\/\/www.mundoagropecuario.cl\/new\/realizan-nuevo-encuentro-entre-centros-regionales-de-investigacion-de-inia-en-osorno\/#article","isPartOf":{"@id":"https:\/\/www.mundoagropecuario.cl\/new\/realizan-nuevo-encuentro-entre-centros-regionales-de-investigacion-de-inia-en-osorno\/"},"author":{"name":"mundo","@id":"https:\/\/www.mundoagropecuario.cl\/new\/#\/schema\/person\/4e9f74a82a7dac260eb1c44b7eebeb18"},"headline":"Realizan nuevo encuentro entre centros regionales de Investigaci\u00f3n de INIA en Osorno","datePublished":"2024-07-15T20:18:53+00:00","dateModified":"2024-07-24T21:18:21+00:00","mainEntityOfPage":{"@id":"https:\/\/www.mundoagropecuario.cl\/new\/realizan-nuevo-encuentro-entre-centros-regionales-de-investigacion-de-inia-en-osorno\/"},"wordCount":313,"publisher":{"@id":"https:\/\/www.mundoagropecuario.cl\/new\/#organization"},"image":{"@id":"https:\/\/www.mundoagropecuario.cl\/new\/realizan-nuevo-encuentro-entre-centros-regionales-de-investigacion-de-inia-en-osorno\/#primaryimage"},"thumbnailUrl":"https:\/\/www.mundoagropecuario.cl\/new\/wp-content\/uploads\/2024\/07\/centros-de-INIA-scaled.jpg","keywords":["Agricultura","Agro","Agropecuario","centros regionales","Claudio Balbont\u00edn","Director Regional de INIA Intihuasi","I+D+i de INIA Remehue","INIA en Osorno","zona de Osorno"],"articleSection":["Agricultura"],"inLanguage":"es"},{"@type":"WebPage","@id":"https:\/\/www.mundoagropecuario.cl\/new\/realizan-nuevo-encuentro-entre-centros-regionales-de-investigacion-de-inia-en-osorno\/","url":"https:\/\/www.mundoagropecuario.cl\/new\/realizan-nuevo-encuentro-entre-centros-regionales-de-investigacion-de-inia-en-osorno\/","name":"Realizan nuevo encuentro entre centros regionales de Investigaci\u00f3n de INIA en Osorno - Mundoagropecuario","isPartOf":{"@id":"https:\/\/www.mundoagropecuario.cl\/new\/#website"},"primaryImageOfPage":{"@id":"https:\/\/www.mundoagropecuario.cl\/new\/realizan-nuevo-encuentro-entre-centros-regionales-de-investigacion-de-inia-en-osorno\/#primaryimage"},"image":{"@id":"https:\/\/www.mundoagropecuario.cl\/new\/realizan-nuevo-encuentro-entre-centros-regionales-de-investigacion-de-inia-en-osorno\/#primaryimage"},"thumbnailUrl":"https:\/\/www.mundoagropecuario.cl\/new\/wp-content\/uploads\/2024\/07\/centros-de-INIA-scaled.jpg","datePublished":"2024-07-15T20:18:53+00:00","dateModified":"2024-07-24T21:18:21+00:00","description":"Investigadores de zona norte del pa\u00eds, de las regiones de Coquimbo y Atacama, se reunieron con sus pares del sur de las regiones","breadcrumb":{"@id":"https:\/\/www.mundoagropecuario.cl\/new\/realizan-nuevo-encuentro-entre-centros-regionales-de-investigacion-de-inia-en-osorno\/#breadcrumb"},"inLanguage":"es","potentialAction":[{"@type":"ReadAction","target":["https:\/\/www.mundoagropecuario.cl\/new\/realizan-nuevo-encuentro-entre-centros-regionales-de-investigacion-de-inia-en-osorno\/"]}]},{"@type":"ImageObject","inLanguage":"es","@id":"https:\/\/www.mundoagropecuario.cl\/new\/realizan-nuevo-encuentro-entre-centros-regionales-de-investigacion-de-inia-en-osorno\/#primaryimage","url":"https:\/\/www.mundoagropecuario.cl\/new\/wp-content\/uploads\/2024\/07\/centros-de-INIA-scaled.jpg","contentUrl":"https:\/\/www.mundoagropecuario.cl\/new\/wp-content\/uploads\/2024\/07\/centros-de-INIA-scaled.jpg","width":720,"height":385},{"@type":"BreadcrumbList","@id":"https:\/\/www.mundoagropecuario.cl\/new\/realizan-nuevo-encuentro-entre-centros-regionales-de-investigacion-de-inia-en-osorno\/#breadcrumb","itemListElement":[{"@type":"ListItem","position":1,"name":"Portada","item":"https:\/\/www.mundoagropecuario.cl\/new\/"},{"@type":"ListItem","position":2,"name":"Realizan nuevo encuentro entre centros regionales de Investigaci\u00f3n de INIA en Osorno"}]},{"@type":"WebSite","@id":"https:\/\/www.mundoagropecuario.cl\/new\/#website","url":"https:\/\/www.mundoagropecuario.cl\/new\/","name":"Mundoagropecuario","description":"Mundo Agropecuario","publisher":{"@id":"https:\/\/www.mundoagropecuario.cl\/new\/#organization"},"potentialAction":[{"@type":"SearchAction","target":{"@type":"EntryPoint","urlTemplate":"https:\/\/www.mundoagropecuario.cl\/new\/?s={search_term_string}"},"query-input":{"@type":"PropertyValueSpecification","valueRequired":true,"valueName":"search_term_string"}}],"inLanguage":"es"},{"@type":"Organization","@id":"https:\/\/www.mundoagropecuario.cl\/new\/#organization","name":"Revista de Agricultura","url":"https:\/\/www.mundoagropecuario.cl\/new\/","logo":{"@type":"ImageObject","inLanguage":"es","@id":"https:\/\/www.mundoagropecuario.cl\/new\/#\/schema\/logo\/image\/","url":"https:\/\/www.mundoagropecuario.cl\/new\/wp-content\/uploads\/2020\/11\/PORTAL-1-1.png","contentUrl":"https:\/\/www.mundoagropecuario.cl\/new\/wp-content\/uploads\/2020\/11\/PORTAL-1-1.png","width":1026,"height":100,"caption":"Revista de Agricultura"},"image":{"@id":"https:\/\/www.mundoagropecuario.cl\/new\/#\/schema\/logo\/image\/"},"sameAs":["https:\/\/www.facebook.com\/mundo.agropecuario.3","https:\/\/x.com\/MundoAgropecuar","https:\/\/www.linkedin.com\/in\/mundo-agropecuario-934009201\/"]},{"@type":"Person","@id":"https:\/\/www.mundoagropecuario.cl\/new\/#\/schema\/person\/4e9f74a82a7dac260eb1c44b7eebeb18","name":"mundo","url":"https:\/\/www.mundoagropecuario.cl\/new\/author\/mundo\/"}]}},"_links":{"self":[{"href":"https:\/\/www.mundoagropecuario.cl\/new\/wp-json\/wp\/v2\/posts\/25411","targetHints":{"allow":["GET"]}}],"collection":[{"href":"https:\/\/www.mundoagropecuario.cl\/new\/wp-json\/wp\/v2\/posts"}],"about":[{"href":"https:\/\/www.mundoagropecuario.cl\/new\/wp-json\/wp\/v2\/types\/post"}],"author":[{"embeddable":true,"href":"https:\/\/www.mundoagropecuario.cl\/new\/wp-json\/wp\/v2\/users\/2"}],"replies":[{"embeddable":true,"href":"https:\/\/www.mundoagropecuario.cl\/new\/wp-json\/wp\/v2\/comments?post=25411"}],"version-history":[{"count":1,"href":"https:\/\/www.mundoagropecuario.cl\/new\/wp-json\/wp\/v2\/posts\/25411\/revisions"}],"predecessor-version":[{"id":25412,"href":"https:\/\/www.mundoagropecuario.cl\/new\/wp-json\/wp\/v2\/posts\/25411\/revisions\/25412"}],"wp:featuredmedia":[{"embeddable":true,"href":"https:\/\/www.mundoagropecuario.cl\/new\/wp-json\/wp\/v2\/media\/25413"}],"wp:attachment":[{"href":"https:\/\/www.mundoagropecuario.cl\/new\/wp-json\/wp\/v2\/media?parent=25411"}],"wp:term":[{"taxonomy":"category","embeddable":true,"href":"https:\/\/www.mundoagropecuario.cl\/new\/wp-json\/wp\/v2\/categories?post=25411"},{"taxonomy":"post_tag","embeddable":true,"href":"https:\/\/www.mundoagropecuario.cl\/new\/wp-json\/wp\/v2\/tags?post=25411"}],"curies":[{"name":"wp","href":"https:\/\/api.w.org\/{rel}","templated":true}]}}