{"id":25385,"date":"2024-07-01T14:34:44","date_gmt":"2024-07-01T17:34:44","guid":{"rendered":"https:\/\/www.mundoagropecuario.cl\/new\/?p=25385"},"modified":"2024-07-15T17:56:54","modified_gmt":"2024-07-15T20:56:54","slug":"asesores-tecnicos-de-la-provincia-de-chiloe-realizan-curso-de-gestion-hidrica-dictado-por-inia","status":"publish","type":"post","link":"https:\/\/www.mundoagropecuario.cl\/new\/asesores-tecnicos-de-la-provincia-de-chiloe-realizan-curso-de-gestion-hidrica-dictado-por-inia\/","title":{"rendered":"Asesores t\u00e9cnicos de la provincia de Chilo\u00e9 realizan curso de Gesti\u00f3n H\u00eddrica dictado por INIA\u00a0"},"content":{"rendered":"<p style=\"font-weight: 400;\">Fue una demanda de ellos mismos, el curso de Gesti\u00f3n H\u00eddrica dictado por el Instituto de Investigaciones Agropecuarias (INIA) y certificado por INIA Educa, para profesionales y t\u00e9cnicos que apoyan la producci\u00f3n de alimentos de peque\u00f1os agricultores de Chilo\u00e9.<\/p>\n<p style=\"font-weight: 400;\">Gabriel Pe\u00f1a coordinador de esta actividad de capacitaci\u00f3n, explic\u00f3 que \u201cen el marco de los programas de transferencia tecnol\u00f3gica y de extensi\u00f3n que INIA est\u00e1 ejecutando a nivel nacional, con financiamiento de la Subsecretar\u00eda de Agricultura y en concordancia con los lineamientos del Ministerio de Agricultura, INIA Butalcura, en conjunto con INIA Remehue y la OTEC INIA Educa, dise\u00f1\u00f3 un curso especializado en gesti\u00f3n h\u00eddrica\u201d.<\/p>\n<p style=\"font-weight: 400;\">A\u00f1adi\u00f3 que \u201cel curso estuvo dirigido a asesores t\u00e9cnicos de programas como Prodesal, PDTI, SAT, entre otros, y tuvo una duraci\u00f3n de 42 horas lectivas, en las cuales se abordaron temas de recursos h\u00eddricos, sistemas y eficiencia en el riego, calidad del agua, buenas pr\u00e1cticas agr\u00edcolas, cosecha y aprovechamiento del agua de lluvia, tecnificaci\u00f3n e innovaci\u00f3n en procesos h\u00eddricos, aspectos normativos, legales y de gesti\u00f3n financiera, as\u00ed como econ\u00f3micos y productivos\u201d.<\/p>\n<p style=\"font-weight: 400;\">Para Germ\u00e1n Holmberg, subdirector nacional de Vinculaci\u00f3n y Transferencia Tecnol\u00f3gica esta actividad significa ir \u201ccerrando un ciclo virtuoso que tiene que ver con c\u00f3mo asesores tecnol\u00f3gicos ejercieron una demanda por capacitaci\u00f3n y c\u00f3mo INIA fue capaz de moldear un curso de acuerdo a las necesidades territoriales y de los agricultores y hoy d\u00eda estamos haciendo la entrega de 22 certificados\u201d.<\/p>\n<p style=\"font-weight: 400;\">Manuel Mu\u00f1oz, director regional de INIA Remehue, destac\u00f3 que este curso fue \u201cgestionado y organizado por el Centro Experimental INIA Butalcura y abord\u00f3 distintos aspectos que tienen que ver con el buen uso del recurso h\u00eddrico, hoy d\u00eda tan importante debido a los efectos del cambio clim\u00e1tico\u201d y a\u00f1adi\u00f3 que \u201cesperamos que este curso haya sido un gran avance para desarrollar sistemas agroalimentarios sostenibles y as\u00ed tener una mejor seguridad y soberan\u00eda alimentaria en la provincia de Chilo\u00e9\u201d.<\/p>\n<p style=\"font-weight: 400;\">Homero Barr\u00eda, investigador y especialista en riego de INIA Remehue, tambi\u00e9n se mostr\u00f3 contento con el resultado. \u201cYo tuve la oportunidad de participar como expositor en el \u00e1rea de riego y fue una grata experiencia y siento mucha satisfacci\u00f3n de ver que el trabajo que hace INIA tiene un resultado positivo, un impacto positivo, en los asesores t\u00e9cnicos de Chile\u201d, puntualiz\u00f3.<\/p>\n<p style=\"font-weight: 400;\">Mar\u00eda Bel\u00e9n Lismayer, asesora SAT de Chilo\u00e9, sostuvo que su experiencia con este curso fue \u201cs\u00faper provechosa, ya que el tema es muy importante\u201d. A\u00f1adi\u00f3 que se trata de \u201cun problema que tenemos que solventar y que se viene cada vez m\u00e1s complejo\u201d.<\/p>\n<p style=\"font-weight: 400;\">De igual modo, V\u00edctor Barrientos, coordinador del Programa Prodesal de Castro, expres\u00f3 su alegr\u00eda al t\u00e9rmino de la jornada. \u201cEstamos muy felices todos los participantes, porque hemos podido terminar este curso aprendiendo bastantes conocimientos en el tema de riego, en calidad del agua, formulaci\u00f3n de proyectos y otros temas que nos van a servir bastante para el desarrollo de la peque\u00f1a agricultura\u201d.<\/p>\n","protected":false},"excerpt":{"rendered":"<p>M\u00e1s de 20 asesores t\u00e9cnicos de las 10 comunas de la provincia de Chilo\u00e9, recibieron sus certificados de aprobaci\u00f3n.<\/p>\n","protected":false},"author":2,"featured_media":25386,"comment_status":"closed","ping_status":"closed","sticky":false,"template":"","format":"standard","meta":{"footnotes":""},"categories":[1945],"tags":[2835,2090,3127,8831,8832,5544,2052,1993,8830,8829,3268,2091,6529],"class_list":["post-25385","post","type-post","status-publish","format-standard","has-post-thumbnail","hentry","category-agricultura","tag-agricultores","tag-agricultura","tag-agro","tag-asesora-sat-de-chiloe","tag-curso-de-gestion-hidrica","tag-gestion-hidrica","tag-inia","tag-inia-remehue","tag-maria-belen-lismayer","tag-nia-educa","tag-pdti","tag-prodesal","tag-sat"],"yoast_head":"<!-- This site is optimized with the Yoast SEO plugin v26.6 - https:\/\/yoast.com\/wordpress\/plugins\/seo\/ -->\n<title>Asesores t\u00e9cnicos de la provincia de Chilo\u00e9 realizan curso de Gesti\u00f3n H\u00eddrica dictado por INIA\u00a0 - Mundoagropecuario<\/title>\n<meta name=\"description\" content=\"M\u00e1s de 20 asesores t\u00e9cnicos de las 10 comunas de la provincia de Chilo\u00e9, recibieron sus certificados de aprobaci\u00f3n.\" \/>\n<meta name=\"robots\" content=\"index, follow, max-snippet:-1, max-image-preview:large, max-video-preview:-1\" \/>\n<link rel=\"canonical\" href=\"https:\/\/www.mundoagropecuario.cl\/new\/asesores-tecnicos-de-la-provincia-de-chiloe-realizan-curso-de-gestion-hidrica-dictado-por-inia\/\" \/>\n<meta property=\"og:locale\" content=\"es_ES\" \/>\n<meta property=\"og:type\" content=\"article\" \/>\n<meta property=\"og:title\" content=\"Asesores t\u00e9cnicos de la provincia de Chilo\u00e9 realizan curso de Gesti\u00f3n H\u00eddrica dictado por INIA\u00a0 - Mundoagropecuario\" \/>\n<meta property=\"og:description\" content=\"M\u00e1s de 20 asesores t\u00e9cnicos de las 10 comunas de la provincia de Chilo\u00e9, recibieron sus certificados de aprobaci\u00f3n.\" \/>\n<meta property=\"og:url\" content=\"https:\/\/www.mundoagropecuario.cl\/new\/asesores-tecnicos-de-la-provincia-de-chiloe-realizan-curso-de-gestion-hidrica-dictado-por-inia\/\" \/>\n<meta property=\"og:site_name\" content=\"Mundoagropecuario\" \/>\n<meta property=\"article:publisher\" content=\"https:\/\/www.facebook.com\/mundo.agropecuario.3\" \/>\n<meta property=\"article:published_time\" content=\"2024-07-01T17:34:44+00:00\" \/>\n<meta property=\"article:modified_time\" content=\"2024-07-15T20:56:54+00:00\" \/>\n<meta property=\"og:image\" content=\"https:\/\/www.mundoagropecuario.cl\/new\/wp-content\/uploads\/2024\/07\/INIA-certificaciones-scaled.jpg\" \/>\n\t<meta property=\"og:image:width\" content=\"720\" \/>\n\t<meta property=\"og:image:height\" content=\"391\" \/>\n\t<meta property=\"og:image:type\" content=\"image\/jpeg\" \/>\n<meta name=\"author\" content=\"mundo\" \/>\n<meta name=\"twitter:card\" content=\"summary_large_image\" \/>\n<meta name=\"twitter:creator\" content=\"@MundoAgropecuar\" \/>\n<meta name=\"twitter:site\" content=\"@MundoAgropecuar\" \/>\n<meta name=\"twitter:label1\" content=\"Escrito por\" \/>\n\t<meta name=\"twitter:data1\" content=\"mundo\" \/>\n\t<meta name=\"twitter:label2\" content=\"Tiempo de lectura\" \/>\n\t<meta name=\"twitter:data2\" content=\"3 minutos\" \/>\n<script type=\"application\/ld+json\" class=\"yoast-schema-graph\">{\"@context\":\"https:\/\/schema.org\",\"@graph\":[{\"@type\":\"Article\",\"@id\":\"https:\/\/www.mundoagropecuario.cl\/new\/asesores-tecnicos-de-la-provincia-de-chiloe-realizan-curso-de-gestion-hidrica-dictado-por-inia\/#article\",\"isPartOf\":{\"@id\":\"https:\/\/www.mundoagropecuario.cl\/new\/asesores-tecnicos-de-la-provincia-de-chiloe-realizan-curso-de-gestion-hidrica-dictado-por-inia\/\"},\"author\":{\"name\":\"mundo\",\"@id\":\"https:\/\/www.mundoagropecuario.cl\/new\/#\/schema\/person\/4e9f74a82a7dac260eb1c44b7eebeb18\"},\"headline\":\"Asesores t\u00e9cnicos de la provincia de Chilo\u00e9 realizan curso de Gesti\u00f3n H\u00eddrica dictado por INIA\u00a0\",\"datePublished\":\"2024-07-01T17:34:44+00:00\",\"dateModified\":\"2024-07-15T20:56:54+00:00\",\"mainEntityOfPage\":{\"@id\":\"https:\/\/www.mundoagropecuario.cl\/new\/asesores-tecnicos-de-la-provincia-de-chiloe-realizan-curso-de-gestion-hidrica-dictado-por-inia\/\"},\"wordCount\":546,\"publisher\":{\"@id\":\"https:\/\/www.mundoagropecuario.cl\/new\/#organization\"},\"image\":{\"@id\":\"https:\/\/www.mundoagropecuario.cl\/new\/asesores-tecnicos-de-la-provincia-de-chiloe-realizan-curso-de-gestion-hidrica-dictado-por-inia\/#primaryimage\"},\"thumbnailUrl\":\"https:\/\/www.mundoagropecuario.cl\/new\/wp-content\/uploads\/2024\/07\/INIA-certificaciones-scaled.jpg\",\"keywords\":[\"agricultores\",\"Agricultura\",\"Agro\",\"asesora SAT de Chilo\u00e9\",\"curso de Gesti\u00f3n H\u00eddrica\",\"gesti\u00f3n h\u00eddrica\",\"INIA\",\"INIA Remehue\",\"Mar\u00eda Bel\u00e9n Lismayer\",\"NIA Educa\",\"PDTI\",\"Prodesal\",\"SAT\"],\"articleSection\":[\"Agricultura\"],\"inLanguage\":\"es\"},{\"@type\":\"WebPage\",\"@id\":\"https:\/\/www.mundoagropecuario.cl\/new\/asesores-tecnicos-de-la-provincia-de-chiloe-realizan-curso-de-gestion-hidrica-dictado-por-inia\/\",\"url\":\"https:\/\/www.mundoagropecuario.cl\/new\/asesores-tecnicos-de-la-provincia-de-chiloe-realizan-curso-de-gestion-hidrica-dictado-por-inia\/\",\"name\":\"Asesores t\u00e9cnicos de la provincia de Chilo\u00e9 realizan curso de Gesti\u00f3n H\u00eddrica dictado por INIA\u00a0 - Mundoagropecuario\",\"isPartOf\":{\"@id\":\"https:\/\/www.mundoagropecuario.cl\/new\/#website\"},\"primaryImageOfPage\":{\"@id\":\"https:\/\/www.mundoagropecuario.cl\/new\/asesores-tecnicos-de-la-provincia-de-chiloe-realizan-curso-de-gestion-hidrica-dictado-por-inia\/#primaryimage\"},\"image\":{\"@id\":\"https:\/\/www.mundoagropecuario.cl\/new\/asesores-tecnicos-de-la-provincia-de-chiloe-realizan-curso-de-gestion-hidrica-dictado-por-inia\/#primaryimage\"},\"thumbnailUrl\":\"https:\/\/www.mundoagropecuario.cl\/new\/wp-content\/uploads\/2024\/07\/INIA-certificaciones-scaled.jpg\",\"datePublished\":\"2024-07-01T17:34:44+00:00\",\"dateModified\":\"2024-07-15T20:56:54+00:00\",\"description\":\"M\u00e1s de 20 asesores t\u00e9cnicos de las 10 comunas de la provincia de Chilo\u00e9, recibieron sus certificados de aprobaci\u00f3n.\",\"breadcrumb\":{\"@id\":\"https:\/\/www.mundoagropecuario.cl\/new\/asesores-tecnicos-de-la-provincia-de-chiloe-realizan-curso-de-gestion-hidrica-dictado-por-inia\/#breadcrumb\"},\"inLanguage\":\"es\",\"potentialAction\":[{\"@type\":\"ReadAction\",\"target\":[\"https:\/\/www.mundoagropecuario.cl\/new\/asesores-tecnicos-de-la-provincia-de-chiloe-realizan-curso-de-gestion-hidrica-dictado-por-inia\/\"]}]},{\"@type\":\"ImageObject\",\"inLanguage\":\"es\",\"@id\":\"https:\/\/www.mundoagropecuario.cl\/new\/asesores-tecnicos-de-la-provincia-de-chiloe-realizan-curso-de-gestion-hidrica-dictado-por-inia\/#primaryimage\",\"url\":\"https:\/\/www.mundoagropecuario.cl\/new\/wp-content\/uploads\/2024\/07\/INIA-certificaciones-scaled.jpg\",\"contentUrl\":\"https:\/\/www.mundoagropecuario.cl\/new\/wp-content\/uploads\/2024\/07\/INIA-certificaciones-scaled.jpg\",\"width\":720,\"height\":391},{\"@type\":\"BreadcrumbList\",\"@id\":\"https:\/\/www.mundoagropecuario.cl\/new\/asesores-tecnicos-de-la-provincia-de-chiloe-realizan-curso-de-gestion-hidrica-dictado-por-inia\/#breadcrumb\",\"itemListElement\":[{\"@type\":\"ListItem\",\"position\":1,\"name\":\"Portada\",\"item\":\"https:\/\/www.mundoagropecuario.cl\/new\/\"},{\"@type\":\"ListItem\",\"position\":2,\"name\":\"Asesores t\u00e9cnicos de la provincia de Chilo\u00e9 realizan curso de Gesti\u00f3n H\u00eddrica dictado por INIA\u00a0\"}]},{\"@type\":\"WebSite\",\"@id\":\"https:\/\/www.mundoagropecuario.cl\/new\/#website\",\"url\":\"https:\/\/www.mundoagropecuario.cl\/new\/\",\"name\":\"Mundoagropecuario\",\"description\":\"Mundo Agropecuario\",\"publisher\":{\"@id\":\"https:\/\/www.mundoagropecuario.cl\/new\/#organization\"},\"potentialAction\":[{\"@type\":\"SearchAction\",\"target\":{\"@type\":\"EntryPoint\",\"urlTemplate\":\"https:\/\/www.mundoagropecuario.cl\/new\/?s={search_term_string}\"},\"query-input\":{\"@type\":\"PropertyValueSpecification\",\"valueRequired\":true,\"valueName\":\"search_term_string\"}}],\"inLanguage\":\"es\"},{\"@type\":\"Organization\",\"@id\":\"https:\/\/www.mundoagropecuario.cl\/new\/#organization\",\"name\":\"Revista de Agricultura\",\"url\":\"https:\/\/www.mundoagropecuario.cl\/new\/\",\"logo\":{\"@type\":\"ImageObject\",\"inLanguage\":\"es\",\"@id\":\"https:\/\/www.mundoagropecuario.cl\/new\/#\/schema\/logo\/image\/\",\"url\":\"https:\/\/www.mundoagropecuario.cl\/new\/wp-content\/uploads\/2020\/11\/PORTAL-1-1.png\",\"contentUrl\":\"https:\/\/www.mundoagropecuario.cl\/new\/wp-content\/uploads\/2020\/11\/PORTAL-1-1.png\",\"width\":1026,\"height\":100,\"caption\":\"Revista de Agricultura\"},\"image\":{\"@id\":\"https:\/\/www.mundoagropecuario.cl\/new\/#\/schema\/logo\/image\/\"},\"sameAs\":[\"https:\/\/www.facebook.com\/mundo.agropecuario.3\",\"https:\/\/x.com\/MundoAgropecuar\",\"https:\/\/www.linkedin.com\/in\/mundo-agropecuario-934009201\/\"]},{\"@type\":\"Person\",\"@id\":\"https:\/\/www.mundoagropecuario.cl\/new\/#\/schema\/person\/4e9f74a82a7dac260eb1c44b7eebeb18\",\"name\":\"mundo\",\"url\":\"https:\/\/www.mundoagropecuario.cl\/new\/author\/mundo\/\"}]}<\/script>\n<!-- \/ Yoast SEO plugin. -->","yoast_head_json":{"title":"Asesores t\u00e9cnicos de la provincia de Chilo\u00e9 realizan curso de Gesti\u00f3n H\u00eddrica dictado por INIA\u00a0 - Mundoagropecuario","description":"M\u00e1s de 20 asesores t\u00e9cnicos de las 10 comunas de la provincia de Chilo\u00e9, recibieron sus certificados de aprobaci\u00f3n.","robots":{"index":"index","follow":"follow","max-snippet":"max-snippet:-1","max-image-preview":"max-image-preview:large","max-video-preview":"max-video-preview:-1"},"canonical":"https:\/\/www.mundoagropecuario.cl\/new\/asesores-tecnicos-de-la-provincia-de-chiloe-realizan-curso-de-gestion-hidrica-dictado-por-inia\/","og_locale":"es_ES","og_type":"article","og_title":"Asesores t\u00e9cnicos de la provincia de Chilo\u00e9 realizan curso de Gesti\u00f3n H\u00eddrica dictado por INIA\u00a0 - Mundoagropecuario","og_description":"M\u00e1s de 20 asesores t\u00e9cnicos de las 10 comunas de la provincia de Chilo\u00e9, recibieron sus certificados de aprobaci\u00f3n.","og_url":"https:\/\/www.mundoagropecuario.cl\/new\/asesores-tecnicos-de-la-provincia-de-chiloe-realizan-curso-de-gestion-hidrica-dictado-por-inia\/","og_site_name":"Mundoagropecuario","article_publisher":"https:\/\/www.facebook.com\/mundo.agropecuario.3","article_published_time":"2024-07-01T17:34:44+00:00","article_modified_time":"2024-07-15T20:56:54+00:00","og_image":[{"width":720,"height":391,"url":"https:\/\/www.mundoagropecuario.cl\/new\/wp-content\/uploads\/2024\/07\/INIA-certificaciones-scaled.jpg","type":"image\/jpeg"}],"author":"mundo","twitter_card":"summary_large_image","twitter_creator":"@MundoAgropecuar","twitter_site":"@MundoAgropecuar","twitter_misc":{"Escrito por":"mundo","Tiempo de lectura":"3 minutos"},"schema":{"@context":"https:\/\/schema.org","@graph":[{"@type":"Article","@id":"https:\/\/www.mundoagropecuario.cl\/new\/asesores-tecnicos-de-la-provincia-de-chiloe-realizan-curso-de-gestion-hidrica-dictado-por-inia\/#article","isPartOf":{"@id":"https:\/\/www.mundoagropecuario.cl\/new\/asesores-tecnicos-de-la-provincia-de-chiloe-realizan-curso-de-gestion-hidrica-dictado-por-inia\/"},"author":{"name":"mundo","@id":"https:\/\/www.mundoagropecuario.cl\/new\/#\/schema\/person\/4e9f74a82a7dac260eb1c44b7eebeb18"},"headline":"Asesores t\u00e9cnicos de la provincia de Chilo\u00e9 realizan curso de Gesti\u00f3n H\u00eddrica dictado por INIA\u00a0","datePublished":"2024-07-01T17:34:44+00:00","dateModified":"2024-07-15T20:56:54+00:00","mainEntityOfPage":{"@id":"https:\/\/www.mundoagropecuario.cl\/new\/asesores-tecnicos-de-la-provincia-de-chiloe-realizan-curso-de-gestion-hidrica-dictado-por-inia\/"},"wordCount":546,"publisher":{"@id":"https:\/\/www.mundoagropecuario.cl\/new\/#organization"},"image":{"@id":"https:\/\/www.mundoagropecuario.cl\/new\/asesores-tecnicos-de-la-provincia-de-chiloe-realizan-curso-de-gestion-hidrica-dictado-por-inia\/#primaryimage"},"thumbnailUrl":"https:\/\/www.mundoagropecuario.cl\/new\/wp-content\/uploads\/2024\/07\/INIA-certificaciones-scaled.jpg","keywords":["agricultores","Agricultura","Agro","asesora SAT de Chilo\u00e9","curso de Gesti\u00f3n H\u00eddrica","gesti\u00f3n h\u00eddrica","INIA","INIA Remehue","Mar\u00eda Bel\u00e9n Lismayer","NIA Educa","PDTI","Prodesal","SAT"],"articleSection":["Agricultura"],"inLanguage":"es"},{"@type":"WebPage","@id":"https:\/\/www.mundoagropecuario.cl\/new\/asesores-tecnicos-de-la-provincia-de-chiloe-realizan-curso-de-gestion-hidrica-dictado-por-inia\/","url":"https:\/\/www.mundoagropecuario.cl\/new\/asesores-tecnicos-de-la-provincia-de-chiloe-realizan-curso-de-gestion-hidrica-dictado-por-inia\/","name":"Asesores t\u00e9cnicos de la provincia de Chilo\u00e9 realizan curso de Gesti\u00f3n H\u00eddrica dictado por INIA\u00a0 - Mundoagropecuario","isPartOf":{"@id":"https:\/\/www.mundoagropecuario.cl\/new\/#website"},"primaryImageOfPage":{"@id":"https:\/\/www.mundoagropecuario.cl\/new\/asesores-tecnicos-de-la-provincia-de-chiloe-realizan-curso-de-gestion-hidrica-dictado-por-inia\/#primaryimage"},"image":{"@id":"https:\/\/www.mundoagropecuario.cl\/new\/asesores-tecnicos-de-la-provincia-de-chiloe-realizan-curso-de-gestion-hidrica-dictado-por-inia\/#primaryimage"},"thumbnailUrl":"https:\/\/www.mundoagropecuario.cl\/new\/wp-content\/uploads\/2024\/07\/INIA-certificaciones-scaled.jpg","datePublished":"2024-07-01T17:34:44+00:00","dateModified":"2024-07-15T20:56:54+00:00","description":"M\u00e1s de 20 asesores t\u00e9cnicos de las 10 comunas de la provincia de Chilo\u00e9, recibieron sus certificados de aprobaci\u00f3n.","breadcrumb":{"@id":"https:\/\/www.mundoagropecuario.cl\/new\/asesores-tecnicos-de-la-provincia-de-chiloe-realizan-curso-de-gestion-hidrica-dictado-por-inia\/#breadcrumb"},"inLanguage":"es","potentialAction":[{"@type":"ReadAction","target":["https:\/\/www.mundoagropecuario.cl\/new\/asesores-tecnicos-de-la-provincia-de-chiloe-realizan-curso-de-gestion-hidrica-dictado-por-inia\/"]}]},{"@type":"ImageObject","inLanguage":"es","@id":"https:\/\/www.mundoagropecuario.cl\/new\/asesores-tecnicos-de-la-provincia-de-chiloe-realizan-curso-de-gestion-hidrica-dictado-por-inia\/#primaryimage","url":"https:\/\/www.mundoagropecuario.cl\/new\/wp-content\/uploads\/2024\/07\/INIA-certificaciones-scaled.jpg","contentUrl":"https:\/\/www.mundoagropecuario.cl\/new\/wp-content\/uploads\/2024\/07\/INIA-certificaciones-scaled.jpg","width":720,"height":391},{"@type":"BreadcrumbList","@id":"https:\/\/www.mundoagropecuario.cl\/new\/asesores-tecnicos-de-la-provincia-de-chiloe-realizan-curso-de-gestion-hidrica-dictado-por-inia\/#breadcrumb","itemListElement":[{"@type":"ListItem","position":1,"name":"Portada","item":"https:\/\/www.mundoagropecuario.cl\/new\/"},{"@type":"ListItem","position":2,"name":"Asesores t\u00e9cnicos de la provincia de Chilo\u00e9 realizan curso de Gesti\u00f3n H\u00eddrica dictado por INIA\u00a0"}]},{"@type":"WebSite","@id":"https:\/\/www.mundoagropecuario.cl\/new\/#website","url":"https:\/\/www.mundoagropecuario.cl\/new\/","name":"Mundoagropecuario","description":"Mundo Agropecuario","publisher":{"@id":"https:\/\/www.mundoagropecuario.cl\/new\/#organization"},"potentialAction":[{"@type":"SearchAction","target":{"@type":"EntryPoint","urlTemplate":"https:\/\/www.mundoagropecuario.cl\/new\/?s={search_term_string}"},"query-input":{"@type":"PropertyValueSpecification","valueRequired":true,"valueName":"search_term_string"}}],"inLanguage":"es"},{"@type":"Organization","@id":"https:\/\/www.mundoagropecuario.cl\/new\/#organization","name":"Revista de Agricultura","url":"https:\/\/www.mundoagropecuario.cl\/new\/","logo":{"@type":"ImageObject","inLanguage":"es","@id":"https:\/\/www.mundoagropecuario.cl\/new\/#\/schema\/logo\/image\/","url":"https:\/\/www.mundoagropecuario.cl\/new\/wp-content\/uploads\/2020\/11\/PORTAL-1-1.png","contentUrl":"https:\/\/www.mundoagropecuario.cl\/new\/wp-content\/uploads\/2020\/11\/PORTAL-1-1.png","width":1026,"height":100,"caption":"Revista de Agricultura"},"image":{"@id":"https:\/\/www.mundoagropecuario.cl\/new\/#\/schema\/logo\/image\/"},"sameAs":["https:\/\/www.facebook.com\/mundo.agropecuario.3","https:\/\/x.com\/MundoAgropecuar","https:\/\/www.linkedin.com\/in\/mundo-agropecuario-934009201\/"]},{"@type":"Person","@id":"https:\/\/www.mundoagropecuario.cl\/new\/#\/schema\/person\/4e9f74a82a7dac260eb1c44b7eebeb18","name":"mundo","url":"https:\/\/www.mundoagropecuario.cl\/new\/author\/mundo\/"}]}},"_links":{"self":[{"href":"https:\/\/www.mundoagropecuario.cl\/new\/wp-json\/wp\/v2\/posts\/25385","targetHints":{"allow":["GET"]}}],"collection":[{"href":"https:\/\/www.mundoagropecuario.cl\/new\/wp-json\/wp\/v2\/posts"}],"about":[{"href":"https:\/\/www.mundoagropecuario.cl\/new\/wp-json\/wp\/v2\/types\/post"}],"author":[{"embeddable":true,"href":"https:\/\/www.mundoagropecuario.cl\/new\/wp-json\/wp\/v2\/users\/2"}],"replies":[{"embeddable":true,"href":"https:\/\/www.mundoagropecuario.cl\/new\/wp-json\/wp\/v2\/comments?post=25385"}],"version-history":[{"count":1,"href":"https:\/\/www.mundoagropecuario.cl\/new\/wp-json\/wp\/v2\/posts\/25385\/revisions"}],"predecessor-version":[{"id":25387,"href":"https:\/\/www.mundoagropecuario.cl\/new\/wp-json\/wp\/v2\/posts\/25385\/revisions\/25387"}],"wp:featuredmedia":[{"embeddable":true,"href":"https:\/\/www.mundoagropecuario.cl\/new\/wp-json\/wp\/v2\/media\/25386"}],"wp:attachment":[{"href":"https:\/\/www.mundoagropecuario.cl\/new\/wp-json\/wp\/v2\/media?parent=25385"}],"wp:term":[{"taxonomy":"category","embeddable":true,"href":"https:\/\/www.mundoagropecuario.cl\/new\/wp-json\/wp\/v2\/categories?post=25385"},{"taxonomy":"post_tag","embeddable":true,"href":"https:\/\/www.mundoagropecuario.cl\/new\/wp-json\/wp\/v2\/tags?post=25385"}],"curies":[{"name":"wp","href":"https:\/\/api.w.org\/{rel}","templated":true}]}}