{"id":25355,"date":"2024-06-19T13:58:13","date_gmt":"2024-06-19T16:58:13","guid":{"rendered":"https:\/\/www.mundoagropecuario.cl\/new\/?p=25355"},"modified":"2024-07-01T14:50:44","modified_gmt":"2024-07-01T17:50:44","slug":"sag-intensifica-despliegue-operativo-para-proteger-a-chile-de-la-mosca-de-la-fruta","status":"publish","type":"post","link":"https:\/\/www.mundoagropecuario.cl\/new\/sag-intensifica-despliegue-operativo-para-proteger-a-chile-de-la-mosca-de-la-fruta\/","title":{"rendered":"SAG intensifica despliegue operativo para proteger a Chile de la mosca de la fruta"},"content":{"rendered":"<p>En 2024, se ha desplegado un equipo de 1,026 personas dedicadas a la lucha contra la Ceratitis capitata, m\u00e1s conocida como la mosca de la fruta. Con m\u00e1s de 10,288 trampas instaladas en \u00e1reas clave, se han realizado cerca de 300,000 revisiones de trampas en m\u00e1s de 18,000 lugares muestreados a lo largo del pa\u00eds. Esta intensa labor de vigilancia ha permitido analizar 34 toneladas de frutas en laboratorios especializados para detectar posibles infestaciones.<\/p>\n<p>Una de las estrategias m\u00e1s innovadoras implementadas es el uso de la T\u00e9cnica del Insecto Est\u00e9ril (TIE), mediante la cual se liberan pupas esterilizadas cada semana. En 2024, casi 14 millones de pupas han sido liberadas en campa\u00f1as realizadas en Arica, San Esteban, Los Andes, San Bernardo, Lo Espejo y Chimbarongo. Esta t\u00e9cnica ha demostrado ser altamente efectiva para reducir las poblaciones de mosca de la fruta de manera sostenible.<\/p>\n<p><a href=\"https:\/\/www.mundoagropecuario.cl\/new\/wp-content\/uploads\/2024\/06\/moscaF.jpeg\"><img loading=\"lazy\" decoding=\"async\" class=\"alignright wp-image-25357 \" src=\"https:\/\/www.mundoagropecuario.cl\/new\/wp-content\/uploads\/2024\/06\/moscaF.jpeg\" alt=\"\" width=\"646\" height=\"317\" \/><\/a>El Director Nacional del SAG, Jos\u00e9 Guajardo Reyes, destac\u00f3 la importancia de estas medidas: \u201cLa protecci\u00f3n de nuestra agricultura es fundamental para el desarrollo econ\u00f3mico y la seguridad alimentaria de Chile. Las acciones coordinadas y el uso de tecnolog\u00edas avanzadas, como la T\u00e9cnica del Insecto Est\u00e9ril, nos permiten enfrentar con \u00e9xito las amenazas de plagas como la mosca de la fruta\u201d.<\/p>\n<p>Adem\u00e1s, el SAG ha trabajado arduamente para controlar la entrada de productos agropecuarios de riesgo. En los controles fronterizos se han retenido 86,000 kilos de productos de origen animal y\/o vegetal, mientras que en pasos no habilitados se han interceptado 263,000 kilos de productos ingresados de manera ilegal. Durante 2023, con el apoyo de Carabineros, se logr\u00f3 interceptar m\u00e1s de 1 mill\u00f3n de kilos de productos de riesgo.<\/p>\n<p>Para mitigar los riesgos de ingreso ilegal de productos agropecuarios, el SAG ha establecido tres controles sanitarios intermedios en Cuya, Quillagua y El Loa. Estos puntos estrat\u00e9gicos permiten una vigilancia continua y eficaz, garantizando la protecci\u00f3n de los recursos agr\u00edcolas del pa\u00eds.<\/p>\n<p>\u201cEn 1995 se declar\u00f3 a Chile pa\u00eds libre de moscas de la fruta de importancia cuarentenaria. Somos el \u00fanico pa\u00eds libre de todas las moscas en la regi\u00f3n y, a nivel continental, el \u00fanico libre de Ceratitis capitata. Mantener esta condici\u00f3n es nuestro desaf\u00edo\u201d, afirm\u00f3 Guajardo.<\/p>\n<p>Cabe destacar, que en el a\u00f1o agr\u00edcola 2020\/2021, Chile export\u00f3 m\u00e1s de 2.8 millones de toneladas de frutas frescas, con un valor total cercano a los 6.5 mil millones de d\u00f3lares estadounidenses. Este valor incluye una amplia gama de frutas frescas, como uvas, cerezas, ar\u00e1ndanos, manzanas, paltas, entre otras.<\/p>\n","protected":false},"excerpt":{"rendered":"<p>El Servicio Agr\u00edcola y Ganadero (SAG) ha redoblado sus esfuerzos para salvaguardar la agricultura chilena frente a la amenaza de la mosca de la fruta, una plaga que pone en riesgo la producci\u00f3n frut\u00edcola del pa\u00eds.\u00a0<\/p>\n","protected":false},"author":2,"featured_media":25358,"comment_status":"closed","ping_status":"closed","sticky":false,"template":"","format":"standard","meta":{"footnotes":""},"categories":[1945],"tags":[2090,8817,7217,7139,3338,2036],"class_list":["post-25355","post","type-post","status-publish","format-standard","has-post-thumbnail","hentry","category-agricultura","tag-agricultura","tag-ceratitis-capitata","tag-certifica-el-sag","tag-jose-guajardo-reyes","tag-mosca-de-la-fruta","tag-sag"],"yoast_head":"<!-- This site is optimized with the Yoast SEO plugin v26.6 - https:\/\/yoast.com\/wordpress\/plugins\/seo\/ -->\n<title>SAG intensifica despliegue operativo para proteger a Chile de la mosca de la fruta - Mundoagropecuario<\/title>\n<meta name=\"description\" content=\"El Servicio Agr\u00edcola y Ganadero ha redoblado sus esfuerzos para salvaguardar la agricultura frente a la amenaza de la mosca de la frut\" \/>\n<meta name=\"robots\" content=\"index, follow, max-snippet:-1, max-image-preview:large, max-video-preview:-1\" \/>\n<link rel=\"canonical\" href=\"https:\/\/www.mundoagropecuario.cl\/new\/sag-intensifica-despliegue-operativo-para-proteger-a-chile-de-la-mosca-de-la-fruta\/\" \/>\n<meta property=\"og:locale\" content=\"es_ES\" \/>\n<meta property=\"og:type\" content=\"article\" \/>\n<meta property=\"og:title\" content=\"SAG intensifica despliegue operativo para proteger a Chile de la mosca de la fruta - Mundoagropecuario\" \/>\n<meta property=\"og:description\" content=\"El Servicio Agr\u00edcola y Ganadero ha redoblado sus esfuerzos para salvaguardar la agricultura frente a la amenaza de la mosca de la frut\" \/>\n<meta property=\"og:url\" content=\"https:\/\/www.mundoagropecuario.cl\/new\/sag-intensifica-despliegue-operativo-para-proteger-a-chile-de-la-mosca-de-la-fruta\/\" \/>\n<meta property=\"og:site_name\" content=\"Mundoagropecuario\" \/>\n<meta property=\"article:publisher\" content=\"https:\/\/www.facebook.com\/mundo.agropecuario.3\" \/>\n<meta property=\"article:published_time\" content=\"2024-06-19T16:58:13+00:00\" \/>\n<meta property=\"article:modified_time\" content=\"2024-07-01T17:50:44+00:00\" \/>\n<meta property=\"og:image\" content=\"https:\/\/www.mundoagropecuario.cl\/new\/wp-content\/uploads\/2024\/06\/moscasfruta-scaled.jpeg\" \/>\n\t<meta property=\"og:image:width\" content=\"713\" \/>\n\t<meta property=\"og:image:height\" content=\"400\" \/>\n\t<meta property=\"og:image:type\" content=\"image\/jpeg\" \/>\n<meta name=\"author\" content=\"mundo\" \/>\n<meta name=\"twitter:card\" content=\"summary_large_image\" \/>\n<meta name=\"twitter:creator\" content=\"@MundoAgropecuar\" \/>\n<meta name=\"twitter:site\" content=\"@MundoAgropecuar\" \/>\n<meta name=\"twitter:label1\" content=\"Escrito por\" \/>\n\t<meta name=\"twitter:data1\" content=\"mundo\" \/>\n\t<meta name=\"twitter:label2\" content=\"Tiempo de lectura\" \/>\n\t<meta name=\"twitter:data2\" content=\"3 minutos\" \/>\n<script type=\"application\/ld+json\" class=\"yoast-schema-graph\">{\"@context\":\"https:\/\/schema.org\",\"@graph\":[{\"@type\":\"Article\",\"@id\":\"https:\/\/www.mundoagropecuario.cl\/new\/sag-intensifica-despliegue-operativo-para-proteger-a-chile-de-la-mosca-de-la-fruta\/#article\",\"isPartOf\":{\"@id\":\"https:\/\/www.mundoagropecuario.cl\/new\/sag-intensifica-despliegue-operativo-para-proteger-a-chile-de-la-mosca-de-la-fruta\/\"},\"author\":{\"name\":\"mundo\",\"@id\":\"https:\/\/www.mundoagropecuario.cl\/new\/#\/schema\/person\/4e9f74a82a7dac260eb1c44b7eebeb18\"},\"headline\":\"SAG intensifica despliegue operativo para proteger a Chile de la mosca de la fruta\",\"datePublished\":\"2024-06-19T16:58:13+00:00\",\"dateModified\":\"2024-07-01T17:50:44+00:00\",\"mainEntityOfPage\":{\"@id\":\"https:\/\/www.mundoagropecuario.cl\/new\/sag-intensifica-despliegue-operativo-para-proteger-a-chile-de-la-mosca-de-la-fruta\/\"},\"wordCount\":440,\"publisher\":{\"@id\":\"https:\/\/www.mundoagropecuario.cl\/new\/#organization\"},\"image\":{\"@id\":\"https:\/\/www.mundoagropecuario.cl\/new\/sag-intensifica-despliegue-operativo-para-proteger-a-chile-de-la-mosca-de-la-fruta\/#primaryimage\"},\"thumbnailUrl\":\"https:\/\/www.mundoagropecuario.cl\/new\/wp-content\/uploads\/2024\/06\/moscasfruta-scaled.jpeg\",\"keywords\":[\"Agricultura\",\"Ceratitis capitata\",\"certifica el SAG\",\"Jos\u00e9 Guajardo Reyes\",\"mosca de la fruta\",\"SAG\"],\"articleSection\":[\"Agricultura\"],\"inLanguage\":\"es\"},{\"@type\":\"WebPage\",\"@id\":\"https:\/\/www.mundoagropecuario.cl\/new\/sag-intensifica-despliegue-operativo-para-proteger-a-chile-de-la-mosca-de-la-fruta\/\",\"url\":\"https:\/\/www.mundoagropecuario.cl\/new\/sag-intensifica-despliegue-operativo-para-proteger-a-chile-de-la-mosca-de-la-fruta\/\",\"name\":\"SAG intensifica despliegue operativo para proteger a Chile de la mosca de la fruta - Mundoagropecuario\",\"isPartOf\":{\"@id\":\"https:\/\/www.mundoagropecuario.cl\/new\/#website\"},\"primaryImageOfPage\":{\"@id\":\"https:\/\/www.mundoagropecuario.cl\/new\/sag-intensifica-despliegue-operativo-para-proteger-a-chile-de-la-mosca-de-la-fruta\/#primaryimage\"},\"image\":{\"@id\":\"https:\/\/www.mundoagropecuario.cl\/new\/sag-intensifica-despliegue-operativo-para-proteger-a-chile-de-la-mosca-de-la-fruta\/#primaryimage\"},\"thumbnailUrl\":\"https:\/\/www.mundoagropecuario.cl\/new\/wp-content\/uploads\/2024\/06\/moscasfruta-scaled.jpeg\",\"datePublished\":\"2024-06-19T16:58:13+00:00\",\"dateModified\":\"2024-07-01T17:50:44+00:00\",\"description\":\"El Servicio Agr\u00edcola y Ganadero ha redoblado sus esfuerzos para salvaguardar la agricultura frente a la amenaza de la mosca de la frut\",\"breadcrumb\":{\"@id\":\"https:\/\/www.mundoagropecuario.cl\/new\/sag-intensifica-despliegue-operativo-para-proteger-a-chile-de-la-mosca-de-la-fruta\/#breadcrumb\"},\"inLanguage\":\"es\",\"potentialAction\":[{\"@type\":\"ReadAction\",\"target\":[\"https:\/\/www.mundoagropecuario.cl\/new\/sag-intensifica-despliegue-operativo-para-proteger-a-chile-de-la-mosca-de-la-fruta\/\"]}]},{\"@type\":\"ImageObject\",\"inLanguage\":\"es\",\"@id\":\"https:\/\/www.mundoagropecuario.cl\/new\/sag-intensifica-despliegue-operativo-para-proteger-a-chile-de-la-mosca-de-la-fruta\/#primaryimage\",\"url\":\"https:\/\/www.mundoagropecuario.cl\/new\/wp-content\/uploads\/2024\/06\/moscasfruta-scaled.jpeg\",\"contentUrl\":\"https:\/\/www.mundoagropecuario.cl\/new\/wp-content\/uploads\/2024\/06\/moscasfruta-scaled.jpeg\",\"width\":713,\"height\":400},{\"@type\":\"BreadcrumbList\",\"@id\":\"https:\/\/www.mundoagropecuario.cl\/new\/sag-intensifica-despliegue-operativo-para-proteger-a-chile-de-la-mosca-de-la-fruta\/#breadcrumb\",\"itemListElement\":[{\"@type\":\"ListItem\",\"position\":1,\"name\":\"Portada\",\"item\":\"https:\/\/www.mundoagropecuario.cl\/new\/\"},{\"@type\":\"ListItem\",\"position\":2,\"name\":\"SAG intensifica despliegue operativo para proteger a Chile de la mosca de la fruta\"}]},{\"@type\":\"WebSite\",\"@id\":\"https:\/\/www.mundoagropecuario.cl\/new\/#website\",\"url\":\"https:\/\/www.mundoagropecuario.cl\/new\/\",\"name\":\"Mundoagropecuario\",\"description\":\"Mundo Agropecuario\",\"publisher\":{\"@id\":\"https:\/\/www.mundoagropecuario.cl\/new\/#organization\"},\"potentialAction\":[{\"@type\":\"SearchAction\",\"target\":{\"@type\":\"EntryPoint\",\"urlTemplate\":\"https:\/\/www.mundoagropecuario.cl\/new\/?s={search_term_string}\"},\"query-input\":{\"@type\":\"PropertyValueSpecification\",\"valueRequired\":true,\"valueName\":\"search_term_string\"}}],\"inLanguage\":\"es\"},{\"@type\":\"Organization\",\"@id\":\"https:\/\/www.mundoagropecuario.cl\/new\/#organization\",\"name\":\"Revista de Agricultura\",\"url\":\"https:\/\/www.mundoagropecuario.cl\/new\/\",\"logo\":{\"@type\":\"ImageObject\",\"inLanguage\":\"es\",\"@id\":\"https:\/\/www.mundoagropecuario.cl\/new\/#\/schema\/logo\/image\/\",\"url\":\"https:\/\/www.mundoagropecuario.cl\/new\/wp-content\/uploads\/2020\/11\/PORTAL-1-1.png\",\"contentUrl\":\"https:\/\/www.mundoagropecuario.cl\/new\/wp-content\/uploads\/2020\/11\/PORTAL-1-1.png\",\"width\":1026,\"height\":100,\"caption\":\"Revista de Agricultura\"},\"image\":{\"@id\":\"https:\/\/www.mundoagropecuario.cl\/new\/#\/schema\/logo\/image\/\"},\"sameAs\":[\"https:\/\/www.facebook.com\/mundo.agropecuario.3\",\"https:\/\/x.com\/MundoAgropecuar\",\"https:\/\/www.linkedin.com\/in\/mundo-agropecuario-934009201\/\"]},{\"@type\":\"Person\",\"@id\":\"https:\/\/www.mundoagropecuario.cl\/new\/#\/schema\/person\/4e9f74a82a7dac260eb1c44b7eebeb18\",\"name\":\"mundo\",\"url\":\"https:\/\/www.mundoagropecuario.cl\/new\/author\/mundo\/\"}]}<\/script>\n<!-- \/ Yoast SEO plugin. -->","yoast_head_json":{"title":"SAG intensifica despliegue operativo para proteger a Chile de la mosca de la fruta - Mundoagropecuario","description":"El Servicio Agr\u00edcola y Ganadero ha redoblado sus esfuerzos para salvaguardar la agricultura frente a la amenaza de la mosca de la frut","robots":{"index":"index","follow":"follow","max-snippet":"max-snippet:-1","max-image-preview":"max-image-preview:large","max-video-preview":"max-video-preview:-1"},"canonical":"https:\/\/www.mundoagropecuario.cl\/new\/sag-intensifica-despliegue-operativo-para-proteger-a-chile-de-la-mosca-de-la-fruta\/","og_locale":"es_ES","og_type":"article","og_title":"SAG intensifica despliegue operativo para proteger a Chile de la mosca de la fruta - Mundoagropecuario","og_description":"El Servicio Agr\u00edcola y Ganadero ha redoblado sus esfuerzos para salvaguardar la agricultura frente a la amenaza de la mosca de la frut","og_url":"https:\/\/www.mundoagropecuario.cl\/new\/sag-intensifica-despliegue-operativo-para-proteger-a-chile-de-la-mosca-de-la-fruta\/","og_site_name":"Mundoagropecuario","article_publisher":"https:\/\/www.facebook.com\/mundo.agropecuario.3","article_published_time":"2024-06-19T16:58:13+00:00","article_modified_time":"2024-07-01T17:50:44+00:00","og_image":[{"width":713,"height":400,"url":"https:\/\/www.mundoagropecuario.cl\/new\/wp-content\/uploads\/2024\/06\/moscasfruta-scaled.jpeg","type":"image\/jpeg"}],"author":"mundo","twitter_card":"summary_large_image","twitter_creator":"@MundoAgropecuar","twitter_site":"@MundoAgropecuar","twitter_misc":{"Escrito por":"mundo","Tiempo de lectura":"3 minutos"},"schema":{"@context":"https:\/\/schema.org","@graph":[{"@type":"Article","@id":"https:\/\/www.mundoagropecuario.cl\/new\/sag-intensifica-despliegue-operativo-para-proteger-a-chile-de-la-mosca-de-la-fruta\/#article","isPartOf":{"@id":"https:\/\/www.mundoagropecuario.cl\/new\/sag-intensifica-despliegue-operativo-para-proteger-a-chile-de-la-mosca-de-la-fruta\/"},"author":{"name":"mundo","@id":"https:\/\/www.mundoagropecuario.cl\/new\/#\/schema\/person\/4e9f74a82a7dac260eb1c44b7eebeb18"},"headline":"SAG intensifica despliegue operativo para proteger a Chile de la mosca de la fruta","datePublished":"2024-06-19T16:58:13+00:00","dateModified":"2024-07-01T17:50:44+00:00","mainEntityOfPage":{"@id":"https:\/\/www.mundoagropecuario.cl\/new\/sag-intensifica-despliegue-operativo-para-proteger-a-chile-de-la-mosca-de-la-fruta\/"},"wordCount":440,"publisher":{"@id":"https:\/\/www.mundoagropecuario.cl\/new\/#organization"},"image":{"@id":"https:\/\/www.mundoagropecuario.cl\/new\/sag-intensifica-despliegue-operativo-para-proteger-a-chile-de-la-mosca-de-la-fruta\/#primaryimage"},"thumbnailUrl":"https:\/\/www.mundoagropecuario.cl\/new\/wp-content\/uploads\/2024\/06\/moscasfruta-scaled.jpeg","keywords":["Agricultura","Ceratitis capitata","certifica el SAG","Jos\u00e9 Guajardo Reyes","mosca de la fruta","SAG"],"articleSection":["Agricultura"],"inLanguage":"es"},{"@type":"WebPage","@id":"https:\/\/www.mundoagropecuario.cl\/new\/sag-intensifica-despliegue-operativo-para-proteger-a-chile-de-la-mosca-de-la-fruta\/","url":"https:\/\/www.mundoagropecuario.cl\/new\/sag-intensifica-despliegue-operativo-para-proteger-a-chile-de-la-mosca-de-la-fruta\/","name":"SAG intensifica despliegue operativo para proteger a Chile de la mosca de la fruta - Mundoagropecuario","isPartOf":{"@id":"https:\/\/www.mundoagropecuario.cl\/new\/#website"},"primaryImageOfPage":{"@id":"https:\/\/www.mundoagropecuario.cl\/new\/sag-intensifica-despliegue-operativo-para-proteger-a-chile-de-la-mosca-de-la-fruta\/#primaryimage"},"image":{"@id":"https:\/\/www.mundoagropecuario.cl\/new\/sag-intensifica-despliegue-operativo-para-proteger-a-chile-de-la-mosca-de-la-fruta\/#primaryimage"},"thumbnailUrl":"https:\/\/www.mundoagropecuario.cl\/new\/wp-content\/uploads\/2024\/06\/moscasfruta-scaled.jpeg","datePublished":"2024-06-19T16:58:13+00:00","dateModified":"2024-07-01T17:50:44+00:00","description":"El Servicio Agr\u00edcola y Ganadero ha redoblado sus esfuerzos para salvaguardar la agricultura frente a la amenaza de la mosca de la frut","breadcrumb":{"@id":"https:\/\/www.mundoagropecuario.cl\/new\/sag-intensifica-despliegue-operativo-para-proteger-a-chile-de-la-mosca-de-la-fruta\/#breadcrumb"},"inLanguage":"es","potentialAction":[{"@type":"ReadAction","target":["https:\/\/www.mundoagropecuario.cl\/new\/sag-intensifica-despliegue-operativo-para-proteger-a-chile-de-la-mosca-de-la-fruta\/"]}]},{"@type":"ImageObject","inLanguage":"es","@id":"https:\/\/www.mundoagropecuario.cl\/new\/sag-intensifica-despliegue-operativo-para-proteger-a-chile-de-la-mosca-de-la-fruta\/#primaryimage","url":"https:\/\/www.mundoagropecuario.cl\/new\/wp-content\/uploads\/2024\/06\/moscasfruta-scaled.jpeg","contentUrl":"https:\/\/www.mundoagropecuario.cl\/new\/wp-content\/uploads\/2024\/06\/moscasfruta-scaled.jpeg","width":713,"height":400},{"@type":"BreadcrumbList","@id":"https:\/\/www.mundoagropecuario.cl\/new\/sag-intensifica-despliegue-operativo-para-proteger-a-chile-de-la-mosca-de-la-fruta\/#breadcrumb","itemListElement":[{"@type":"ListItem","position":1,"name":"Portada","item":"https:\/\/www.mundoagropecuario.cl\/new\/"},{"@type":"ListItem","position":2,"name":"SAG intensifica despliegue operativo para proteger a Chile de la mosca de la fruta"}]},{"@type":"WebSite","@id":"https:\/\/www.mundoagropecuario.cl\/new\/#website","url":"https:\/\/www.mundoagropecuario.cl\/new\/","name":"Mundoagropecuario","description":"Mundo Agropecuario","publisher":{"@id":"https:\/\/www.mundoagropecuario.cl\/new\/#organization"},"potentialAction":[{"@type":"SearchAction","target":{"@type":"EntryPoint","urlTemplate":"https:\/\/www.mundoagropecuario.cl\/new\/?s={search_term_string}"},"query-input":{"@type":"PropertyValueSpecification","valueRequired":true,"valueName":"search_term_string"}}],"inLanguage":"es"},{"@type":"Organization","@id":"https:\/\/www.mundoagropecuario.cl\/new\/#organization","name":"Revista de Agricultura","url":"https:\/\/www.mundoagropecuario.cl\/new\/","logo":{"@type":"ImageObject","inLanguage":"es","@id":"https:\/\/www.mundoagropecuario.cl\/new\/#\/schema\/logo\/image\/","url":"https:\/\/www.mundoagropecuario.cl\/new\/wp-content\/uploads\/2020\/11\/PORTAL-1-1.png","contentUrl":"https:\/\/www.mundoagropecuario.cl\/new\/wp-content\/uploads\/2020\/11\/PORTAL-1-1.png","width":1026,"height":100,"caption":"Revista de Agricultura"},"image":{"@id":"https:\/\/www.mundoagropecuario.cl\/new\/#\/schema\/logo\/image\/"},"sameAs":["https:\/\/www.facebook.com\/mundo.agropecuario.3","https:\/\/x.com\/MundoAgropecuar","https:\/\/www.linkedin.com\/in\/mundo-agropecuario-934009201\/"]},{"@type":"Person","@id":"https:\/\/www.mundoagropecuario.cl\/new\/#\/schema\/person\/4e9f74a82a7dac260eb1c44b7eebeb18","name":"mundo","url":"https:\/\/www.mundoagropecuario.cl\/new\/author\/mundo\/"}]}},"_links":{"self":[{"href":"https:\/\/www.mundoagropecuario.cl\/new\/wp-json\/wp\/v2\/posts\/25355","targetHints":{"allow":["GET"]}}],"collection":[{"href":"https:\/\/www.mundoagropecuario.cl\/new\/wp-json\/wp\/v2\/posts"}],"about":[{"href":"https:\/\/www.mundoagropecuario.cl\/new\/wp-json\/wp\/v2\/types\/post"}],"author":[{"embeddable":true,"href":"https:\/\/www.mundoagropecuario.cl\/new\/wp-json\/wp\/v2\/users\/2"}],"replies":[{"embeddable":true,"href":"https:\/\/www.mundoagropecuario.cl\/new\/wp-json\/wp\/v2\/comments?post=25355"}],"version-history":[{"count":2,"href":"https:\/\/www.mundoagropecuario.cl\/new\/wp-json\/wp\/v2\/posts\/25355\/revisions"}],"predecessor-version":[{"id":25359,"href":"https:\/\/www.mundoagropecuario.cl\/new\/wp-json\/wp\/v2\/posts\/25355\/revisions\/25359"}],"wp:featuredmedia":[{"embeddable":true,"href":"https:\/\/www.mundoagropecuario.cl\/new\/wp-json\/wp\/v2\/media\/25358"}],"wp:attachment":[{"href":"https:\/\/www.mundoagropecuario.cl\/new\/wp-json\/wp\/v2\/media?parent=25355"}],"wp:term":[{"taxonomy":"category","embeddable":true,"href":"https:\/\/www.mundoagropecuario.cl\/new\/wp-json\/wp\/v2\/categories?post=25355"},{"taxonomy":"post_tag","embeddable":true,"href":"https:\/\/www.mundoagropecuario.cl\/new\/wp-json\/wp\/v2\/tags?post=25355"}],"curies":[{"name":"wp","href":"https:\/\/api.w.org\/{rel}","templated":true}]}}