{"id":25315,"date":"2024-06-04T17:35:42","date_gmt":"2024-06-04T20:35:42","guid":{"rendered":"https:\/\/www.mundoagropecuario.cl\/new\/?p=25315"},"modified":"2024-06-17T14:38:13","modified_gmt":"2024-06-17T17:38:13","slug":"uach-promueve-modelo-cooperativo-para-el-desarrollo-economico","status":"publish","type":"post","link":"https:\/\/www.mundoagropecuario.cl\/new\/uach-promueve-modelo-cooperativo-para-el-desarrollo-economico\/","title":{"rendered":"UACh promueve modelo cooperativo para el desarrollo econ\u00f3mico"},"content":{"rendered":"<p>Con la presencia de acad\u00e9micos, representantes de cooperativas y estudiantes de diversas carreras, se realiz\u00f3 en la ciudad de Valdivia, el Panel de conversaci\u00f3n \u201cEmprendimientos cooperativos: Una v\u00eda sostenible al desarrollo econ\u00f3mico\u201d, instancia organizada por la Asociaci\u00f3n de Cooperativas del Sur y la Facultad de Ciencias Econ\u00f3micas y Administrativas de la Universidad Austral de Chile, UACh.<\/p>\n<p><a href=\"https:\/\/www.mundoagropecuario.cl\/new\/wp-content\/uploads\/2024\/06\/IMG_1308-scaled.jpg\"><img loading=\"lazy\" decoding=\"async\" class=\"alignleft wp-image-25317 \" src=\"https:\/\/www.mundoagropecuario.cl\/new\/wp-content\/uploads\/2024\/06\/IMG_1308-scaled.jpg\" alt=\"\" width=\"555\" height=\"328\" \/><\/a>El objetivo de este encuentro fue precisamente dar a conocer el modelo cooperativo, entregando diversas visiones a cargo de representantes de exitosas cooperativas como Colun y Ganacoop, adem\u00e1s de resaltar la importancia de la vinculaci\u00f3n con otras entidades para el fortalecimiento del modelo, todo en el marco de un convenio vigente entre Cooperativas del Sur y UACh.<\/p>\n<p>Las palabras de bienvenida corrieron por cuenta del Decano de la\u00a0 Facultad de Ciencias Econ\u00f3micas y Administrativas de UACh, Dr. Egon Montecinos, quien resalt\u00f3 el compromiso existente entre la casa de estudios y Cooperativas del Sur, siendo este panel de conversaci\u00f3n uno de los hitos establecidos en el presente convenio.<\/p>\n<p>La autoridad acad\u00e9mica se mostr\u00f3 satisfecha de este importante encuentro, que permiti\u00f3 conocer un poco m\u00e1s sobre el modelo cooperativo y sus implicancias en las econom\u00edas locales. \u201cComo Universidad estamos en permanente vinculaci\u00f3n con la empresa privada, pero era importante vincularse con este tipo de empresas que se ha desarrollado mucho en el sur, por lo que nuestro v\u00ednculo con Cooperativas del Sur representa nuestro inter\u00e9s para abrir un camino y un mundo nuevo en materia laboral y de emprendimiento a nuestros estudiantes\u201d, expres\u00f3 el Decano.<\/p>\n<p>La gerente de Ganacoop, Paola N\u00fa\u00f1ez, valor\u00f3 poder mostrar\u00a0 a los presentes el camino hacia la conformaci\u00f3n de esta cooperativa, entregando durante su alocuci\u00f3n consejos para el desarrollo de un trabajo asociativo exitoso. \u201cExisten cooperativas de diferentes rubros, por lo que cualquier persona o profesional puede canalizar sus conocimientos y saberes en este tipo de empresa. Siempre el trabajo en conjunto ser\u00e1 m\u00e1s eficiente y productivo que hacerlo de forma individual. Es importante visualizar y ver como la asociatividad es una alternativa para rentabilizar y dar un salto en sus negocios o emprendimientos\u201d.<\/p>\n<p>Por su parte, el Subgerente de estrategia de Colun, Gustavo Araya, coment\u00f3 lo que ha sido el camino de esta cooperativa durante los 75 a\u00f1os de vida que poseen, dando a conocer el modelo de gobernanza que ha permitido dar estabilidad en el tiempo, enfrentando diversos desaf\u00edos y tambi\u00e9n resaltando algunos de sus \u00e9xitos como empresa.<\/p>\n<p><a href=\"https:\/\/www.mundoagropecuario.cl\/new\/wp-content\/uploads\/2024\/06\/IMG_1315-scaled.jpg\"><img loading=\"lazy\" decoding=\"async\" class=\"alignleft wp-image-25316 \" src=\"https:\/\/www.mundoagropecuario.cl\/new\/wp-content\/uploads\/2024\/06\/IMG_1315-scaled.jpg\" alt=\"\" width=\"566\" height=\"302\" \/><\/a>\u201cColun hoy en d\u00eda es la empresa l\u00e1ctea que recibe m\u00e1s leche en el pa\u00eds, somos un referente como organizaci\u00f3n, llevamos 75 a\u00f1os manteniendo el modelo cooperativo, vincul\u00e1ndonos con la zona donde tenemos influencia sobre todo en Los R\u00edos y Los Lagos, con generaci\u00f3n de actividad y de empleo. Esta experiencia queremos que se conozca, por eso nos vinculamos con la academia y con estudiantes, para de este modo, desarrollar un modelo que sea virtuoso para todos\u201d, sostuvo el ejecutivo.<\/p>\n<p>Finalmente Fernando Becker, presidente de Cooperativas del Sur, calific\u00f3 esta jornada como tremendamente interesante, valorando el compromiso que existe con la Universidad Austral, que permite la difusi\u00f3n del modelo cooperativo a los futuros estudiantes y cuerpo acad\u00e9mico.<\/p>\n<p>\u201cPara nosotros es muy importante insertar el concepto cooperativo en la ense\u00f1anza de los j\u00f3venes, que va m\u00e1s all\u00e1 del propio \u00e1mbito profesional y monetaria, ya que hay valores que entregar, para que estos futuros profesionales sean quienes lideren nuevos proyectos para el desarrollo regional y nacional. Me voy con una grata sensaci\u00f3n, viendo a la\u00a0 UACh muy involucrada en este convenio, por lo que seguiremos haciendo este tipo de encuentros de manera conjunta\u201d, puntualiz\u00f3 Becker.<\/p>\n","protected":false},"excerpt":{"rendered":"<p>El objetivo de este encuentro fue dar a conocer el modelo cooperativo, entregando diversas visiones a cargo de representantes de exitosas cooperativas como Colun y Ganacoop.<\/p>\n","protected":false},"author":2,"featured_media":25318,"comment_status":"closed","ping_status":"closed","sticky":false,"template":"","format":"standard","meta":{"footnotes":""},"categories":[1945],"tags":[2090,3127,2034,8788,8711,8789,8790,578],"class_list":["post-25315","post","type-post","status-publish","format-standard","has-post-thumbnail","hentry","category-agricultura","tag-agricultura","tag-agro","tag-colun","tag-facultad-de-ciencias-economicas","tag-ganacoop","tag-paola-nunez","tag-presidente-de-cooperativas-del-sur","tag-uach"],"yoast_head":"<!-- This site is optimized with the Yoast SEO plugin v26.6 - https:\/\/yoast.com\/wordpress\/plugins\/seo\/ -->\n<title>UACh promueve modelo cooperativo para el desarrollo econ\u00f3mico - Mundoagropecuario<\/title>\n<meta name=\"description\" content=\"El objetivo de este encuentro fue dar a conocer el modelo cooperativo, entregando diversas visiones a cargo de representantes de cooperativas\" \/>\n<meta name=\"robots\" content=\"index, follow, max-snippet:-1, max-image-preview:large, max-video-preview:-1\" \/>\n<link rel=\"canonical\" href=\"https:\/\/www.mundoagropecuario.cl\/new\/uach-promueve-modelo-cooperativo-para-el-desarrollo-economico\/\" \/>\n<meta property=\"og:locale\" content=\"es_ES\" \/>\n<meta property=\"og:type\" content=\"article\" \/>\n<meta property=\"og:title\" content=\"UACh promueve modelo cooperativo para el desarrollo econ\u00f3mico - Mundoagropecuario\" \/>\n<meta property=\"og:description\" content=\"El objetivo de este encuentro fue dar a conocer el modelo cooperativo, entregando diversas visiones a cargo de representantes de cooperativas\" \/>\n<meta property=\"og:url\" content=\"https:\/\/www.mundoagropecuario.cl\/new\/uach-promueve-modelo-cooperativo-para-el-desarrollo-economico\/\" \/>\n<meta property=\"og:site_name\" content=\"Mundoagropecuario\" \/>\n<meta property=\"article:publisher\" content=\"https:\/\/www.facebook.com\/mundo.agropecuario.3\" \/>\n<meta property=\"article:published_time\" content=\"2024-06-04T20:35:42+00:00\" \/>\n<meta property=\"article:modified_time\" content=\"2024-06-17T17:38:13+00:00\" \/>\n<meta property=\"og:image\" content=\"https:\/\/www.mundoagropecuario.cl\/new\/wp-content\/uploads\/2024\/06\/IMG_1296-scaled.jpg\" \/>\n\t<meta property=\"og:image:width\" content=\"720\" \/>\n\t<meta property=\"og:image:height\" content=\"388\" \/>\n\t<meta property=\"og:image:type\" content=\"image\/jpeg\" \/>\n<meta name=\"author\" content=\"mundo\" \/>\n<meta name=\"twitter:card\" content=\"summary_large_image\" \/>\n<meta name=\"twitter:creator\" content=\"@MundoAgropecuar\" \/>\n<meta name=\"twitter:site\" content=\"@MundoAgropecuar\" \/>\n<meta name=\"twitter:label1\" content=\"Escrito por\" \/>\n\t<meta name=\"twitter:data1\" content=\"mundo\" \/>\n\t<meta name=\"twitter:label2\" content=\"Tiempo de lectura\" \/>\n\t<meta name=\"twitter:data2\" content=\"4 minutos\" \/>\n<script type=\"application\/ld+json\" class=\"yoast-schema-graph\">{\"@context\":\"https:\/\/schema.org\",\"@graph\":[{\"@type\":\"Article\",\"@id\":\"https:\/\/www.mundoagropecuario.cl\/new\/uach-promueve-modelo-cooperativo-para-el-desarrollo-economico\/#article\",\"isPartOf\":{\"@id\":\"https:\/\/www.mundoagropecuario.cl\/new\/uach-promueve-modelo-cooperativo-para-el-desarrollo-economico\/\"},\"author\":{\"name\":\"mundo\",\"@id\":\"https:\/\/www.mundoagropecuario.cl\/new\/#\/schema\/person\/4e9f74a82a7dac260eb1c44b7eebeb18\"},\"headline\":\"UACh promueve modelo cooperativo para el desarrollo econ\u00f3mico\",\"datePublished\":\"2024-06-04T20:35:42+00:00\",\"dateModified\":\"2024-06-17T17:38:13+00:00\",\"mainEntityOfPage\":{\"@id\":\"https:\/\/www.mundoagropecuario.cl\/new\/uach-promueve-modelo-cooperativo-para-el-desarrollo-economico\/\"},\"wordCount\":636,\"publisher\":{\"@id\":\"https:\/\/www.mundoagropecuario.cl\/new\/#organization\"},\"image\":{\"@id\":\"https:\/\/www.mundoagropecuario.cl\/new\/uach-promueve-modelo-cooperativo-para-el-desarrollo-economico\/#primaryimage\"},\"thumbnailUrl\":\"https:\/\/www.mundoagropecuario.cl\/new\/wp-content\/uploads\/2024\/06\/IMG_1296-scaled.jpg\",\"keywords\":[\"Agricultura\",\"Agro\",\"Colun\",\"Facultad de Ciencias Econ\u00f3micas\",\"Ganacoop\",\"Paola N\u00fa\u00f1ez\",\"presidente de Cooperativas del Sur\",\"UACh\"],\"articleSection\":[\"Agricultura\"],\"inLanguage\":\"es\"},{\"@type\":\"WebPage\",\"@id\":\"https:\/\/www.mundoagropecuario.cl\/new\/uach-promueve-modelo-cooperativo-para-el-desarrollo-economico\/\",\"url\":\"https:\/\/www.mundoagropecuario.cl\/new\/uach-promueve-modelo-cooperativo-para-el-desarrollo-economico\/\",\"name\":\"UACh promueve modelo cooperativo para el desarrollo econ\u00f3mico - Mundoagropecuario\",\"isPartOf\":{\"@id\":\"https:\/\/www.mundoagropecuario.cl\/new\/#website\"},\"primaryImageOfPage\":{\"@id\":\"https:\/\/www.mundoagropecuario.cl\/new\/uach-promueve-modelo-cooperativo-para-el-desarrollo-economico\/#primaryimage\"},\"image\":{\"@id\":\"https:\/\/www.mundoagropecuario.cl\/new\/uach-promueve-modelo-cooperativo-para-el-desarrollo-economico\/#primaryimage\"},\"thumbnailUrl\":\"https:\/\/www.mundoagropecuario.cl\/new\/wp-content\/uploads\/2024\/06\/IMG_1296-scaled.jpg\",\"datePublished\":\"2024-06-04T20:35:42+00:00\",\"dateModified\":\"2024-06-17T17:38:13+00:00\",\"description\":\"El objetivo de este encuentro fue dar a conocer el modelo cooperativo, entregando diversas visiones a cargo de representantes de cooperativas\",\"breadcrumb\":{\"@id\":\"https:\/\/www.mundoagropecuario.cl\/new\/uach-promueve-modelo-cooperativo-para-el-desarrollo-economico\/#breadcrumb\"},\"inLanguage\":\"es\",\"potentialAction\":[{\"@type\":\"ReadAction\",\"target\":[\"https:\/\/www.mundoagropecuario.cl\/new\/uach-promueve-modelo-cooperativo-para-el-desarrollo-economico\/\"]}]},{\"@type\":\"ImageObject\",\"inLanguage\":\"es\",\"@id\":\"https:\/\/www.mundoagropecuario.cl\/new\/uach-promueve-modelo-cooperativo-para-el-desarrollo-economico\/#primaryimage\",\"url\":\"https:\/\/www.mundoagropecuario.cl\/new\/wp-content\/uploads\/2024\/06\/IMG_1296-scaled.jpg\",\"contentUrl\":\"https:\/\/www.mundoagropecuario.cl\/new\/wp-content\/uploads\/2024\/06\/IMG_1296-scaled.jpg\",\"width\":720,\"height\":388},{\"@type\":\"BreadcrumbList\",\"@id\":\"https:\/\/www.mundoagropecuario.cl\/new\/uach-promueve-modelo-cooperativo-para-el-desarrollo-economico\/#breadcrumb\",\"itemListElement\":[{\"@type\":\"ListItem\",\"position\":1,\"name\":\"Portada\",\"item\":\"https:\/\/www.mundoagropecuario.cl\/new\/\"},{\"@type\":\"ListItem\",\"position\":2,\"name\":\"UACh promueve modelo cooperativo para el desarrollo econ\u00f3mico\"}]},{\"@type\":\"WebSite\",\"@id\":\"https:\/\/www.mundoagropecuario.cl\/new\/#website\",\"url\":\"https:\/\/www.mundoagropecuario.cl\/new\/\",\"name\":\"Mundoagropecuario\",\"description\":\"Mundo Agropecuario\",\"publisher\":{\"@id\":\"https:\/\/www.mundoagropecuario.cl\/new\/#organization\"},\"potentialAction\":[{\"@type\":\"SearchAction\",\"target\":{\"@type\":\"EntryPoint\",\"urlTemplate\":\"https:\/\/www.mundoagropecuario.cl\/new\/?s={search_term_string}\"},\"query-input\":{\"@type\":\"PropertyValueSpecification\",\"valueRequired\":true,\"valueName\":\"search_term_string\"}}],\"inLanguage\":\"es\"},{\"@type\":\"Organization\",\"@id\":\"https:\/\/www.mundoagropecuario.cl\/new\/#organization\",\"name\":\"Revista de Agricultura\",\"url\":\"https:\/\/www.mundoagropecuario.cl\/new\/\",\"logo\":{\"@type\":\"ImageObject\",\"inLanguage\":\"es\",\"@id\":\"https:\/\/www.mundoagropecuario.cl\/new\/#\/schema\/logo\/image\/\",\"url\":\"https:\/\/www.mundoagropecuario.cl\/new\/wp-content\/uploads\/2020\/11\/PORTAL-1-1.png\",\"contentUrl\":\"https:\/\/www.mundoagropecuario.cl\/new\/wp-content\/uploads\/2020\/11\/PORTAL-1-1.png\",\"width\":1026,\"height\":100,\"caption\":\"Revista de Agricultura\"},\"image\":{\"@id\":\"https:\/\/www.mundoagropecuario.cl\/new\/#\/schema\/logo\/image\/\"},\"sameAs\":[\"https:\/\/www.facebook.com\/mundo.agropecuario.3\",\"https:\/\/x.com\/MundoAgropecuar\",\"https:\/\/www.linkedin.com\/in\/mundo-agropecuario-934009201\/\"]},{\"@type\":\"Person\",\"@id\":\"https:\/\/www.mundoagropecuario.cl\/new\/#\/schema\/person\/4e9f74a82a7dac260eb1c44b7eebeb18\",\"name\":\"mundo\",\"url\":\"https:\/\/www.mundoagropecuario.cl\/new\/author\/mundo\/\"}]}<\/script>\n<!-- \/ Yoast SEO plugin. -->","yoast_head_json":{"title":"UACh promueve modelo cooperativo para el desarrollo econ\u00f3mico - Mundoagropecuario","description":"El objetivo de este encuentro fue dar a conocer el modelo cooperativo, entregando diversas visiones a cargo de representantes de cooperativas","robots":{"index":"index","follow":"follow","max-snippet":"max-snippet:-1","max-image-preview":"max-image-preview:large","max-video-preview":"max-video-preview:-1"},"canonical":"https:\/\/www.mundoagropecuario.cl\/new\/uach-promueve-modelo-cooperativo-para-el-desarrollo-economico\/","og_locale":"es_ES","og_type":"article","og_title":"UACh promueve modelo cooperativo para el desarrollo econ\u00f3mico - Mundoagropecuario","og_description":"El objetivo de este encuentro fue dar a conocer el modelo cooperativo, entregando diversas visiones a cargo de representantes de cooperativas","og_url":"https:\/\/www.mundoagropecuario.cl\/new\/uach-promueve-modelo-cooperativo-para-el-desarrollo-economico\/","og_site_name":"Mundoagropecuario","article_publisher":"https:\/\/www.facebook.com\/mundo.agropecuario.3","article_published_time":"2024-06-04T20:35:42+00:00","article_modified_time":"2024-06-17T17:38:13+00:00","og_image":[{"width":720,"height":388,"url":"https:\/\/www.mundoagropecuario.cl\/new\/wp-content\/uploads\/2024\/06\/IMG_1296-scaled.jpg","type":"image\/jpeg"}],"author":"mundo","twitter_card":"summary_large_image","twitter_creator":"@MundoAgropecuar","twitter_site":"@MundoAgropecuar","twitter_misc":{"Escrito por":"mundo","Tiempo de lectura":"4 minutos"},"schema":{"@context":"https:\/\/schema.org","@graph":[{"@type":"Article","@id":"https:\/\/www.mundoagropecuario.cl\/new\/uach-promueve-modelo-cooperativo-para-el-desarrollo-economico\/#article","isPartOf":{"@id":"https:\/\/www.mundoagropecuario.cl\/new\/uach-promueve-modelo-cooperativo-para-el-desarrollo-economico\/"},"author":{"name":"mundo","@id":"https:\/\/www.mundoagropecuario.cl\/new\/#\/schema\/person\/4e9f74a82a7dac260eb1c44b7eebeb18"},"headline":"UACh promueve modelo cooperativo para el desarrollo econ\u00f3mico","datePublished":"2024-06-04T20:35:42+00:00","dateModified":"2024-06-17T17:38:13+00:00","mainEntityOfPage":{"@id":"https:\/\/www.mundoagropecuario.cl\/new\/uach-promueve-modelo-cooperativo-para-el-desarrollo-economico\/"},"wordCount":636,"publisher":{"@id":"https:\/\/www.mundoagropecuario.cl\/new\/#organization"},"image":{"@id":"https:\/\/www.mundoagropecuario.cl\/new\/uach-promueve-modelo-cooperativo-para-el-desarrollo-economico\/#primaryimage"},"thumbnailUrl":"https:\/\/www.mundoagropecuario.cl\/new\/wp-content\/uploads\/2024\/06\/IMG_1296-scaled.jpg","keywords":["Agricultura","Agro","Colun","Facultad de Ciencias Econ\u00f3micas","Ganacoop","Paola N\u00fa\u00f1ez","presidente de Cooperativas del Sur","UACh"],"articleSection":["Agricultura"],"inLanguage":"es"},{"@type":"WebPage","@id":"https:\/\/www.mundoagropecuario.cl\/new\/uach-promueve-modelo-cooperativo-para-el-desarrollo-economico\/","url":"https:\/\/www.mundoagropecuario.cl\/new\/uach-promueve-modelo-cooperativo-para-el-desarrollo-economico\/","name":"UACh promueve modelo cooperativo para el desarrollo econ\u00f3mico - Mundoagropecuario","isPartOf":{"@id":"https:\/\/www.mundoagropecuario.cl\/new\/#website"},"primaryImageOfPage":{"@id":"https:\/\/www.mundoagropecuario.cl\/new\/uach-promueve-modelo-cooperativo-para-el-desarrollo-economico\/#primaryimage"},"image":{"@id":"https:\/\/www.mundoagropecuario.cl\/new\/uach-promueve-modelo-cooperativo-para-el-desarrollo-economico\/#primaryimage"},"thumbnailUrl":"https:\/\/www.mundoagropecuario.cl\/new\/wp-content\/uploads\/2024\/06\/IMG_1296-scaled.jpg","datePublished":"2024-06-04T20:35:42+00:00","dateModified":"2024-06-17T17:38:13+00:00","description":"El objetivo de este encuentro fue dar a conocer el modelo cooperativo, entregando diversas visiones a cargo de representantes de cooperativas","breadcrumb":{"@id":"https:\/\/www.mundoagropecuario.cl\/new\/uach-promueve-modelo-cooperativo-para-el-desarrollo-economico\/#breadcrumb"},"inLanguage":"es","potentialAction":[{"@type":"ReadAction","target":["https:\/\/www.mundoagropecuario.cl\/new\/uach-promueve-modelo-cooperativo-para-el-desarrollo-economico\/"]}]},{"@type":"ImageObject","inLanguage":"es","@id":"https:\/\/www.mundoagropecuario.cl\/new\/uach-promueve-modelo-cooperativo-para-el-desarrollo-economico\/#primaryimage","url":"https:\/\/www.mundoagropecuario.cl\/new\/wp-content\/uploads\/2024\/06\/IMG_1296-scaled.jpg","contentUrl":"https:\/\/www.mundoagropecuario.cl\/new\/wp-content\/uploads\/2024\/06\/IMG_1296-scaled.jpg","width":720,"height":388},{"@type":"BreadcrumbList","@id":"https:\/\/www.mundoagropecuario.cl\/new\/uach-promueve-modelo-cooperativo-para-el-desarrollo-economico\/#breadcrumb","itemListElement":[{"@type":"ListItem","position":1,"name":"Portada","item":"https:\/\/www.mundoagropecuario.cl\/new\/"},{"@type":"ListItem","position":2,"name":"UACh promueve modelo cooperativo para el desarrollo econ\u00f3mico"}]},{"@type":"WebSite","@id":"https:\/\/www.mundoagropecuario.cl\/new\/#website","url":"https:\/\/www.mundoagropecuario.cl\/new\/","name":"Mundoagropecuario","description":"Mundo Agropecuario","publisher":{"@id":"https:\/\/www.mundoagropecuario.cl\/new\/#organization"},"potentialAction":[{"@type":"SearchAction","target":{"@type":"EntryPoint","urlTemplate":"https:\/\/www.mundoagropecuario.cl\/new\/?s={search_term_string}"},"query-input":{"@type":"PropertyValueSpecification","valueRequired":true,"valueName":"search_term_string"}}],"inLanguage":"es"},{"@type":"Organization","@id":"https:\/\/www.mundoagropecuario.cl\/new\/#organization","name":"Revista de Agricultura","url":"https:\/\/www.mundoagropecuario.cl\/new\/","logo":{"@type":"ImageObject","inLanguage":"es","@id":"https:\/\/www.mundoagropecuario.cl\/new\/#\/schema\/logo\/image\/","url":"https:\/\/www.mundoagropecuario.cl\/new\/wp-content\/uploads\/2020\/11\/PORTAL-1-1.png","contentUrl":"https:\/\/www.mundoagropecuario.cl\/new\/wp-content\/uploads\/2020\/11\/PORTAL-1-1.png","width":1026,"height":100,"caption":"Revista de Agricultura"},"image":{"@id":"https:\/\/www.mundoagropecuario.cl\/new\/#\/schema\/logo\/image\/"},"sameAs":["https:\/\/www.facebook.com\/mundo.agropecuario.3","https:\/\/x.com\/MundoAgropecuar","https:\/\/www.linkedin.com\/in\/mundo-agropecuario-934009201\/"]},{"@type":"Person","@id":"https:\/\/www.mundoagropecuario.cl\/new\/#\/schema\/person\/4e9f74a82a7dac260eb1c44b7eebeb18","name":"mundo","url":"https:\/\/www.mundoagropecuario.cl\/new\/author\/mundo\/"}]}},"_links":{"self":[{"href":"https:\/\/www.mundoagropecuario.cl\/new\/wp-json\/wp\/v2\/posts\/25315","targetHints":{"allow":["GET"]}}],"collection":[{"href":"https:\/\/www.mundoagropecuario.cl\/new\/wp-json\/wp\/v2\/posts"}],"about":[{"href":"https:\/\/www.mundoagropecuario.cl\/new\/wp-json\/wp\/v2\/types\/post"}],"author":[{"embeddable":true,"href":"https:\/\/www.mundoagropecuario.cl\/new\/wp-json\/wp\/v2\/users\/2"}],"replies":[{"embeddable":true,"href":"https:\/\/www.mundoagropecuario.cl\/new\/wp-json\/wp\/v2\/comments?post=25315"}],"version-history":[{"count":1,"href":"https:\/\/www.mundoagropecuario.cl\/new\/wp-json\/wp\/v2\/posts\/25315\/revisions"}],"predecessor-version":[{"id":25319,"href":"https:\/\/www.mundoagropecuario.cl\/new\/wp-json\/wp\/v2\/posts\/25315\/revisions\/25319"}],"wp:featuredmedia":[{"embeddable":true,"href":"https:\/\/www.mundoagropecuario.cl\/new\/wp-json\/wp\/v2\/media\/25318"}],"wp:attachment":[{"href":"https:\/\/www.mundoagropecuario.cl\/new\/wp-json\/wp\/v2\/media?parent=25315"}],"wp:term":[{"taxonomy":"category","embeddable":true,"href":"https:\/\/www.mundoagropecuario.cl\/new\/wp-json\/wp\/v2\/categories?post=25315"},{"taxonomy":"post_tag","embeddable":true,"href":"https:\/\/www.mundoagropecuario.cl\/new\/wp-json\/wp\/v2\/tags?post=25315"}],"curies":[{"name":"wp","href":"https:\/\/api.w.org\/{rel}","templated":true}]}}