{"id":25312,"date":"2024-06-04T13:46:25","date_gmt":"2024-06-04T16:46:25","guid":{"rendered":"https:\/\/www.mundoagropecuario.cl\/new\/?p=25312"},"modified":"2024-06-13T18:13:28","modified_gmt":"2024-06-13T21:13:28","slug":"actividades-y-celebracion-del-dia-mundial-de-la-leche-2024","status":"publish","type":"post","link":"https:\/\/www.mundoagropecuario.cl\/new\/actividades-y-celebracion-del-dia-mundial-de-la-leche-2024\/","title":{"rendered":"Actividades y celebraci\u00f3n del D\u00eda Mundial de la Leche 2024"},"content":{"rendered":"<p>Realzando el tremendo aporte de este alimento a la nutrici\u00f3n y el cuidado de la salud de las personas gracias a sus nutrientes de alto valor biol\u00f3gico y con un claro llamado a preferir siempre leche chilena por ser un alimento seguro, confiable y sostenible, la Federaci\u00f3n Nacional de Productores de Leche (Fedeleche) y sus gremios asociados adhirieron este 1 de junio a una nueva celebraci\u00f3n del \u201cD\u00eda Mundial de la Leche\u201d.<\/p>\n<p>Todo comenz\u00f3 el viernes 31 de mayo cuando junto la comunidad de Osorno, en el Parque Chuyaca de la ciudad, y con la participaci\u00f3n especial de representantes gremiales y autoridades locales se conmemor\u00f3 esta importante fecha para el sector, donde se resalt\u00f3 los beneficios de la leche a la alimentaci\u00f3n y la importancia de la producci\u00f3n l\u00e1ctea para el pa\u00eds.<\/p>\n<p><strong>Y lleg\u00f3 el d\u00eda.<\/strong><\/p>\n<p><a href=\"https:\/\/www.mundoagropecuario.cl\/new\/wp-content\/uploads\/2023\/08\/leche-33.jpg\"><img loading=\"lazy\" decoding=\"async\" class=\"alignright wp-image-24601 \" src=\"https:\/\/www.mundoagropecuario.cl\/new\/wp-content\/uploads\/2023\/08\/leche-33.jpg\" alt=\"\" width=\"403\" height=\"269\" srcset=\"https:\/\/www.mundoagropecuario.cl\/new\/wp-content\/uploads\/2023\/08\/leche-33.jpg 360w, https:\/\/www.mundoagropecuario.cl\/new\/wp-content\/uploads\/2023\/08\/leche-33-200x133.jpg 200w\" sizes=\"auto, (max-width: 403px) 100vw, 403px\" \/><\/a>Incentivar y promover el consumo y sus derivados 100% chilenos, fomentando y valorando la producci\u00f3n de leche en Chile, fue el eje de las celebraciones de la conmoraci\u00f3n del \u201cD\u00eda Mundial de la Leche 2024\u201d, lo que incluy\u00f3 la realizaci\u00f3n de una actividad recreativa para acercar a la comunidad con los productores de leche y promover h\u00e1bitos saludables y la entrega de colaciones alimenticias de productos l\u00e1cteos. Por otra parte, se publicaron y difundieron los saludos de los presidentes de los gremios regionales y se elaboraron piezas gr\u00e1ficas, videos y columnas de opini\u00f3n todo con el objetivo de dar mayor realce a esta fecha.<\/p>\n<p>Y como ha sido tradicional, asimismo se adhiri\u00f3 a los festejos de la Federaci\u00f3n Panamericana de Lecher\u00eda (Fepale) mediante un mensaje de uni\u00f3n y llena de vida.<\/p>\n<p><strong>\u201cD\u00eda Nacional del Productor Lechero\u201d<\/strong><\/p>\n<p><a href=\"https:\/\/www.mundoagropecuario.cl\/new\/wp-content\/uploads\/2024\/06\/dialeche.jpeg\"><img loading=\"lazy\" decoding=\"async\" class=\"alignleft wp-image-25313 size-full\" src=\"https:\/\/www.mundoagropecuario.cl\/new\/wp-content\/uploads\/2024\/06\/dialeche.jpeg\" alt=\"\" width=\"400\" height=\"400\" srcset=\"https:\/\/www.mundoagropecuario.cl\/new\/wp-content\/uploads\/2024\/06\/dialeche.jpeg 400w, https:\/\/www.mundoagropecuario.cl\/new\/wp-content\/uploads\/2024\/06\/dialeche-133x133.jpeg 133w\" sizes=\"auto, (max-width: 400px) 100vw, 400px\" \/><\/a>El D\u00eda Nacional del Productor Lechero se celebra en Chile desde 2015. Fue establecido oficialmente el 1 de junio de cada a\u00f1o mediante el Decreto N\u00b0 11 del Ministerio de Agricultura. Esta efem\u00e9ride reconoce y destaca la labor fundamental de los productores lecheros en la cadena productiva y en la alimentaci\u00f3n saludable de las personas.<\/p>\n<p>Para Fedeleche los productores lecheros desempe\u00f1an un papel crucial en la sociedad y tienen un impacto positivo en los territorios rurales y sus comunidades y por eso es relevante conmemorar esta actividad con un mensaje positivo que honra y reconoce su labor a lo largo del pa\u00eds lechero.<\/p>\n<p>Desde FEDELECHE un saludo afectuoso y un reconocimiento merecido todos los productores de leche, cuyo trabajo, de enorme esmero y dedicaci\u00f3n, es justo relevar a trav\u00e9s de esta conmemoraci\u00f3n.<\/p>\n<p>Fuente: Comunicaciones Fedeleche FG<\/p>\n","protected":false},"excerpt":{"rendered":"<p>Fedeleche adhiri\u00f3 este 1 de junio,  a una nueva celebraci\u00f3n del \u201cD\u00eda Mundial de la Leche.  La actividad cont\u00f3 con cobertura de medios y amplia difusi\u00f3n en redes sociales.<\/p>\n","protected":false},"author":2,"featured_media":24615,"comment_status":"closed","ping_status":"closed","sticky":false,"template":"","format":"standard","meta":{"footnotes":""},"categories":[1946],"tags":[8787,8786,2058,2328,6974,5349,6131],"class_list":["post-25312","post","type-post","status-publish","format-standard","has-post-thumbnail","hentry","category-lacteos","tag-beneficios-de-la-leche","tag-dia-de-la-leche-2024","tag-fedeleche","tag-ministerio-de-agricultura","tag-parque-chuyaca","tag-produccion-lactea","tag-productores-de-leche"],"yoast_head":"<!-- This site is optimized with the Yoast SEO plugin v26.6 - https:\/\/yoast.com\/wordpress\/plugins\/seo\/ -->\n<title>Actividades y celebraci\u00f3n del D\u00eda Mundial de la Leche 2024 - Mundoagropecuario<\/title>\n<meta name=\"description\" content=\"Fedeleche adhiri\u00f3 este 1 de junio, a una nueva celebraci\u00f3n del \u201cD\u00eda Mundial de la Leche. La actividad cont\u00f3 con cobertura de medios\" \/>\n<meta name=\"robots\" content=\"index, follow, max-snippet:-1, max-image-preview:large, max-video-preview:-1\" \/>\n<link rel=\"canonical\" href=\"https:\/\/www.mundoagropecuario.cl\/new\/actividades-y-celebracion-del-dia-mundial-de-la-leche-2024\/\" \/>\n<meta property=\"og:locale\" content=\"es_ES\" \/>\n<meta property=\"og:type\" content=\"article\" \/>\n<meta property=\"og:title\" content=\"Actividades y celebraci\u00f3n del D\u00eda Mundial de la Leche 2024 - Mundoagropecuario\" \/>\n<meta property=\"og:description\" content=\"Fedeleche adhiri\u00f3 este 1 de junio, a una nueva celebraci\u00f3n del \u201cD\u00eda Mundial de la Leche. La actividad cont\u00f3 con cobertura de medios\" \/>\n<meta property=\"og:url\" content=\"https:\/\/www.mundoagropecuario.cl\/new\/actividades-y-celebracion-del-dia-mundial-de-la-leche-2024\/\" \/>\n<meta property=\"og:site_name\" content=\"Mundoagropecuario\" \/>\n<meta property=\"article:publisher\" content=\"https:\/\/www.facebook.com\/mundo.agropecuario.3\" \/>\n<meta property=\"article:published_time\" content=\"2024-06-04T16:46:25+00:00\" \/>\n<meta property=\"article:modified_time\" content=\"2024-06-13T21:13:28+00:00\" \/>\n<meta property=\"og:image\" content=\"https:\/\/www.mundoagropecuario.cl\/new\/wp-content\/uploads\/2023\/08\/primer-plano-leche-organica-queso-gourmet-1-1-scaled.jpg\" \/>\n\t<meta property=\"og:image:width\" content=\"720\" \/>\n\t<meta property=\"og:image:height\" content=\"394\" \/>\n\t<meta property=\"og:image:type\" content=\"image\/jpeg\" \/>\n<meta name=\"author\" content=\"mundo\" \/>\n<meta name=\"twitter:card\" content=\"summary_large_image\" \/>\n<meta name=\"twitter:creator\" content=\"@MundoAgropecuar\" \/>\n<meta name=\"twitter:site\" content=\"@MundoAgropecuar\" \/>\n<meta name=\"twitter:label1\" content=\"Escrito por\" \/>\n\t<meta name=\"twitter:data1\" content=\"mundo\" \/>\n\t<meta name=\"twitter:label2\" content=\"Tiempo de lectura\" \/>\n\t<meta name=\"twitter:data2\" content=\"3 minutos\" \/>\n<script type=\"application\/ld+json\" class=\"yoast-schema-graph\">{\"@context\":\"https:\/\/schema.org\",\"@graph\":[{\"@type\":\"Article\",\"@id\":\"https:\/\/www.mundoagropecuario.cl\/new\/actividades-y-celebracion-del-dia-mundial-de-la-leche-2024\/#article\",\"isPartOf\":{\"@id\":\"https:\/\/www.mundoagropecuario.cl\/new\/actividades-y-celebracion-del-dia-mundial-de-la-leche-2024\/\"},\"author\":{\"name\":\"mundo\",\"@id\":\"https:\/\/www.mundoagropecuario.cl\/new\/#\/schema\/person\/4e9f74a82a7dac260eb1c44b7eebeb18\"},\"headline\":\"Actividades y celebraci\u00f3n del D\u00eda Mundial de la Leche 2024\",\"datePublished\":\"2024-06-04T16:46:25+00:00\",\"dateModified\":\"2024-06-13T21:13:28+00:00\",\"mainEntityOfPage\":{\"@id\":\"https:\/\/www.mundoagropecuario.cl\/new\/actividades-y-celebracion-del-dia-mundial-de-la-leche-2024\/\"},\"wordCount\":444,\"publisher\":{\"@id\":\"https:\/\/www.mundoagropecuario.cl\/new\/#organization\"},\"image\":{\"@id\":\"https:\/\/www.mundoagropecuario.cl\/new\/actividades-y-celebracion-del-dia-mundial-de-la-leche-2024\/#primaryimage\"},\"thumbnailUrl\":\"https:\/\/www.mundoagropecuario.cl\/new\/wp-content\/uploads\/2023\/08\/primer-plano-leche-organica-queso-gourmet-1-1-scaled.jpg\",\"keywords\":[\"beneficios de la leche\",\"D\u00eda de la Leche 2024\",\"Fedeleche\",\"Ministerio de Agricultura\",\"Parque Chuyaca\",\"producci\u00f3n l\u00e1ctea\",\"Productores de leche\"],\"articleSection\":[\"L\u00e1cteos\"],\"inLanguage\":\"es\"},{\"@type\":\"WebPage\",\"@id\":\"https:\/\/www.mundoagropecuario.cl\/new\/actividades-y-celebracion-del-dia-mundial-de-la-leche-2024\/\",\"url\":\"https:\/\/www.mundoagropecuario.cl\/new\/actividades-y-celebracion-del-dia-mundial-de-la-leche-2024\/\",\"name\":\"Actividades y celebraci\u00f3n del D\u00eda Mundial de la Leche 2024 - Mundoagropecuario\",\"isPartOf\":{\"@id\":\"https:\/\/www.mundoagropecuario.cl\/new\/#website\"},\"primaryImageOfPage\":{\"@id\":\"https:\/\/www.mundoagropecuario.cl\/new\/actividades-y-celebracion-del-dia-mundial-de-la-leche-2024\/#primaryimage\"},\"image\":{\"@id\":\"https:\/\/www.mundoagropecuario.cl\/new\/actividades-y-celebracion-del-dia-mundial-de-la-leche-2024\/#primaryimage\"},\"thumbnailUrl\":\"https:\/\/www.mundoagropecuario.cl\/new\/wp-content\/uploads\/2023\/08\/primer-plano-leche-organica-queso-gourmet-1-1-scaled.jpg\",\"datePublished\":\"2024-06-04T16:46:25+00:00\",\"dateModified\":\"2024-06-13T21:13:28+00:00\",\"description\":\"Fedeleche adhiri\u00f3 este 1 de junio, a una nueva celebraci\u00f3n del \u201cD\u00eda Mundial de la Leche. La actividad cont\u00f3 con cobertura de medios\",\"breadcrumb\":{\"@id\":\"https:\/\/www.mundoagropecuario.cl\/new\/actividades-y-celebracion-del-dia-mundial-de-la-leche-2024\/#breadcrumb\"},\"inLanguage\":\"es\",\"potentialAction\":[{\"@type\":\"ReadAction\",\"target\":[\"https:\/\/www.mundoagropecuario.cl\/new\/actividades-y-celebracion-del-dia-mundial-de-la-leche-2024\/\"]}]},{\"@type\":\"ImageObject\",\"inLanguage\":\"es\",\"@id\":\"https:\/\/www.mundoagropecuario.cl\/new\/actividades-y-celebracion-del-dia-mundial-de-la-leche-2024\/#primaryimage\",\"url\":\"https:\/\/www.mundoagropecuario.cl\/new\/wp-content\/uploads\/2023\/08\/primer-plano-leche-organica-queso-gourmet-1-1-scaled.jpg\",\"contentUrl\":\"https:\/\/www.mundoagropecuario.cl\/new\/wp-content\/uploads\/2023\/08\/primer-plano-leche-organica-queso-gourmet-1-1-scaled.jpg\",\"width\":720,\"height\":394},{\"@type\":\"BreadcrumbList\",\"@id\":\"https:\/\/www.mundoagropecuario.cl\/new\/actividades-y-celebracion-del-dia-mundial-de-la-leche-2024\/#breadcrumb\",\"itemListElement\":[{\"@type\":\"ListItem\",\"position\":1,\"name\":\"Portada\",\"item\":\"https:\/\/www.mundoagropecuario.cl\/new\/\"},{\"@type\":\"ListItem\",\"position\":2,\"name\":\"Actividades y celebraci\u00f3n del D\u00eda Mundial de la Leche 2024\"}]},{\"@type\":\"WebSite\",\"@id\":\"https:\/\/www.mundoagropecuario.cl\/new\/#website\",\"url\":\"https:\/\/www.mundoagropecuario.cl\/new\/\",\"name\":\"Mundoagropecuario\",\"description\":\"Mundo Agropecuario\",\"publisher\":{\"@id\":\"https:\/\/www.mundoagropecuario.cl\/new\/#organization\"},\"potentialAction\":[{\"@type\":\"SearchAction\",\"target\":{\"@type\":\"EntryPoint\",\"urlTemplate\":\"https:\/\/www.mundoagropecuario.cl\/new\/?s={search_term_string}\"},\"query-input\":{\"@type\":\"PropertyValueSpecification\",\"valueRequired\":true,\"valueName\":\"search_term_string\"}}],\"inLanguage\":\"es\"},{\"@type\":\"Organization\",\"@id\":\"https:\/\/www.mundoagropecuario.cl\/new\/#organization\",\"name\":\"Revista de Agricultura\",\"url\":\"https:\/\/www.mundoagropecuario.cl\/new\/\",\"logo\":{\"@type\":\"ImageObject\",\"inLanguage\":\"es\",\"@id\":\"https:\/\/www.mundoagropecuario.cl\/new\/#\/schema\/logo\/image\/\",\"url\":\"https:\/\/www.mundoagropecuario.cl\/new\/wp-content\/uploads\/2020\/11\/PORTAL-1-1.png\",\"contentUrl\":\"https:\/\/www.mundoagropecuario.cl\/new\/wp-content\/uploads\/2020\/11\/PORTAL-1-1.png\",\"width\":1026,\"height\":100,\"caption\":\"Revista de Agricultura\"},\"image\":{\"@id\":\"https:\/\/www.mundoagropecuario.cl\/new\/#\/schema\/logo\/image\/\"},\"sameAs\":[\"https:\/\/www.facebook.com\/mundo.agropecuario.3\",\"https:\/\/x.com\/MundoAgropecuar\",\"https:\/\/www.linkedin.com\/in\/mundo-agropecuario-934009201\/\"]},{\"@type\":\"Person\",\"@id\":\"https:\/\/www.mundoagropecuario.cl\/new\/#\/schema\/person\/4e9f74a82a7dac260eb1c44b7eebeb18\",\"name\":\"mundo\",\"url\":\"https:\/\/www.mundoagropecuario.cl\/new\/author\/mundo\/\"}]}<\/script>\n<!-- \/ Yoast SEO plugin. -->","yoast_head_json":{"title":"Actividades y celebraci\u00f3n del D\u00eda Mundial de la Leche 2024 - Mundoagropecuario","description":"Fedeleche adhiri\u00f3 este 1 de junio, a una nueva celebraci\u00f3n del \u201cD\u00eda Mundial de la Leche. La actividad cont\u00f3 con cobertura de medios","robots":{"index":"index","follow":"follow","max-snippet":"max-snippet:-1","max-image-preview":"max-image-preview:large","max-video-preview":"max-video-preview:-1"},"canonical":"https:\/\/www.mundoagropecuario.cl\/new\/actividades-y-celebracion-del-dia-mundial-de-la-leche-2024\/","og_locale":"es_ES","og_type":"article","og_title":"Actividades y celebraci\u00f3n del D\u00eda Mundial de la Leche 2024 - Mundoagropecuario","og_description":"Fedeleche adhiri\u00f3 este 1 de junio, a una nueva celebraci\u00f3n del \u201cD\u00eda Mundial de la Leche. La actividad cont\u00f3 con cobertura de medios","og_url":"https:\/\/www.mundoagropecuario.cl\/new\/actividades-y-celebracion-del-dia-mundial-de-la-leche-2024\/","og_site_name":"Mundoagropecuario","article_publisher":"https:\/\/www.facebook.com\/mundo.agropecuario.3","article_published_time":"2024-06-04T16:46:25+00:00","article_modified_time":"2024-06-13T21:13:28+00:00","og_image":[{"width":720,"height":394,"url":"https:\/\/www.mundoagropecuario.cl\/new\/wp-content\/uploads\/2023\/08\/primer-plano-leche-organica-queso-gourmet-1-1-scaled.jpg","type":"image\/jpeg"}],"author":"mundo","twitter_card":"summary_large_image","twitter_creator":"@MundoAgropecuar","twitter_site":"@MundoAgropecuar","twitter_misc":{"Escrito por":"mundo","Tiempo de lectura":"3 minutos"},"schema":{"@context":"https:\/\/schema.org","@graph":[{"@type":"Article","@id":"https:\/\/www.mundoagropecuario.cl\/new\/actividades-y-celebracion-del-dia-mundial-de-la-leche-2024\/#article","isPartOf":{"@id":"https:\/\/www.mundoagropecuario.cl\/new\/actividades-y-celebracion-del-dia-mundial-de-la-leche-2024\/"},"author":{"name":"mundo","@id":"https:\/\/www.mundoagropecuario.cl\/new\/#\/schema\/person\/4e9f74a82a7dac260eb1c44b7eebeb18"},"headline":"Actividades y celebraci\u00f3n del D\u00eda Mundial de la Leche 2024","datePublished":"2024-06-04T16:46:25+00:00","dateModified":"2024-06-13T21:13:28+00:00","mainEntityOfPage":{"@id":"https:\/\/www.mundoagropecuario.cl\/new\/actividades-y-celebracion-del-dia-mundial-de-la-leche-2024\/"},"wordCount":444,"publisher":{"@id":"https:\/\/www.mundoagropecuario.cl\/new\/#organization"},"image":{"@id":"https:\/\/www.mundoagropecuario.cl\/new\/actividades-y-celebracion-del-dia-mundial-de-la-leche-2024\/#primaryimage"},"thumbnailUrl":"https:\/\/www.mundoagropecuario.cl\/new\/wp-content\/uploads\/2023\/08\/primer-plano-leche-organica-queso-gourmet-1-1-scaled.jpg","keywords":["beneficios de la leche","D\u00eda de la Leche 2024","Fedeleche","Ministerio de Agricultura","Parque Chuyaca","producci\u00f3n l\u00e1ctea","Productores de leche"],"articleSection":["L\u00e1cteos"],"inLanguage":"es"},{"@type":"WebPage","@id":"https:\/\/www.mundoagropecuario.cl\/new\/actividades-y-celebracion-del-dia-mundial-de-la-leche-2024\/","url":"https:\/\/www.mundoagropecuario.cl\/new\/actividades-y-celebracion-del-dia-mundial-de-la-leche-2024\/","name":"Actividades y celebraci\u00f3n del D\u00eda Mundial de la Leche 2024 - Mundoagropecuario","isPartOf":{"@id":"https:\/\/www.mundoagropecuario.cl\/new\/#website"},"primaryImageOfPage":{"@id":"https:\/\/www.mundoagropecuario.cl\/new\/actividades-y-celebracion-del-dia-mundial-de-la-leche-2024\/#primaryimage"},"image":{"@id":"https:\/\/www.mundoagropecuario.cl\/new\/actividades-y-celebracion-del-dia-mundial-de-la-leche-2024\/#primaryimage"},"thumbnailUrl":"https:\/\/www.mundoagropecuario.cl\/new\/wp-content\/uploads\/2023\/08\/primer-plano-leche-organica-queso-gourmet-1-1-scaled.jpg","datePublished":"2024-06-04T16:46:25+00:00","dateModified":"2024-06-13T21:13:28+00:00","description":"Fedeleche adhiri\u00f3 este 1 de junio, a una nueva celebraci\u00f3n del \u201cD\u00eda Mundial de la Leche. La actividad cont\u00f3 con cobertura de medios","breadcrumb":{"@id":"https:\/\/www.mundoagropecuario.cl\/new\/actividades-y-celebracion-del-dia-mundial-de-la-leche-2024\/#breadcrumb"},"inLanguage":"es","potentialAction":[{"@type":"ReadAction","target":["https:\/\/www.mundoagropecuario.cl\/new\/actividades-y-celebracion-del-dia-mundial-de-la-leche-2024\/"]}]},{"@type":"ImageObject","inLanguage":"es","@id":"https:\/\/www.mundoagropecuario.cl\/new\/actividades-y-celebracion-del-dia-mundial-de-la-leche-2024\/#primaryimage","url":"https:\/\/www.mundoagropecuario.cl\/new\/wp-content\/uploads\/2023\/08\/primer-plano-leche-organica-queso-gourmet-1-1-scaled.jpg","contentUrl":"https:\/\/www.mundoagropecuario.cl\/new\/wp-content\/uploads\/2023\/08\/primer-plano-leche-organica-queso-gourmet-1-1-scaled.jpg","width":720,"height":394},{"@type":"BreadcrumbList","@id":"https:\/\/www.mundoagropecuario.cl\/new\/actividades-y-celebracion-del-dia-mundial-de-la-leche-2024\/#breadcrumb","itemListElement":[{"@type":"ListItem","position":1,"name":"Portada","item":"https:\/\/www.mundoagropecuario.cl\/new\/"},{"@type":"ListItem","position":2,"name":"Actividades y celebraci\u00f3n del D\u00eda Mundial de la Leche 2024"}]},{"@type":"WebSite","@id":"https:\/\/www.mundoagropecuario.cl\/new\/#website","url":"https:\/\/www.mundoagropecuario.cl\/new\/","name":"Mundoagropecuario","description":"Mundo Agropecuario","publisher":{"@id":"https:\/\/www.mundoagropecuario.cl\/new\/#organization"},"potentialAction":[{"@type":"SearchAction","target":{"@type":"EntryPoint","urlTemplate":"https:\/\/www.mundoagropecuario.cl\/new\/?s={search_term_string}"},"query-input":{"@type":"PropertyValueSpecification","valueRequired":true,"valueName":"search_term_string"}}],"inLanguage":"es"},{"@type":"Organization","@id":"https:\/\/www.mundoagropecuario.cl\/new\/#organization","name":"Revista de Agricultura","url":"https:\/\/www.mundoagropecuario.cl\/new\/","logo":{"@type":"ImageObject","inLanguage":"es","@id":"https:\/\/www.mundoagropecuario.cl\/new\/#\/schema\/logo\/image\/","url":"https:\/\/www.mundoagropecuario.cl\/new\/wp-content\/uploads\/2020\/11\/PORTAL-1-1.png","contentUrl":"https:\/\/www.mundoagropecuario.cl\/new\/wp-content\/uploads\/2020\/11\/PORTAL-1-1.png","width":1026,"height":100,"caption":"Revista de Agricultura"},"image":{"@id":"https:\/\/www.mundoagropecuario.cl\/new\/#\/schema\/logo\/image\/"},"sameAs":["https:\/\/www.facebook.com\/mundo.agropecuario.3","https:\/\/x.com\/MundoAgropecuar","https:\/\/www.linkedin.com\/in\/mundo-agropecuario-934009201\/"]},{"@type":"Person","@id":"https:\/\/www.mundoagropecuario.cl\/new\/#\/schema\/person\/4e9f74a82a7dac260eb1c44b7eebeb18","name":"mundo","url":"https:\/\/www.mundoagropecuario.cl\/new\/author\/mundo\/"}]}},"_links":{"self":[{"href":"https:\/\/www.mundoagropecuario.cl\/new\/wp-json\/wp\/v2\/posts\/25312","targetHints":{"allow":["GET"]}}],"collection":[{"href":"https:\/\/www.mundoagropecuario.cl\/new\/wp-json\/wp\/v2\/posts"}],"about":[{"href":"https:\/\/www.mundoagropecuario.cl\/new\/wp-json\/wp\/v2\/types\/post"}],"author":[{"embeddable":true,"href":"https:\/\/www.mundoagropecuario.cl\/new\/wp-json\/wp\/v2\/users\/2"}],"replies":[{"embeddable":true,"href":"https:\/\/www.mundoagropecuario.cl\/new\/wp-json\/wp\/v2\/comments?post=25312"}],"version-history":[{"count":1,"href":"https:\/\/www.mundoagropecuario.cl\/new\/wp-json\/wp\/v2\/posts\/25312\/revisions"}],"predecessor-version":[{"id":25314,"href":"https:\/\/www.mundoagropecuario.cl\/new\/wp-json\/wp\/v2\/posts\/25312\/revisions\/25314"}],"wp:featuredmedia":[{"embeddable":true,"href":"https:\/\/www.mundoagropecuario.cl\/new\/wp-json\/wp\/v2\/media\/24615"}],"wp:attachment":[{"href":"https:\/\/www.mundoagropecuario.cl\/new\/wp-json\/wp\/v2\/media?parent=25312"}],"wp:term":[{"taxonomy":"category","embeddable":true,"href":"https:\/\/www.mundoagropecuario.cl\/new\/wp-json\/wp\/v2\/categories?post=25312"},{"taxonomy":"post_tag","embeddable":true,"href":"https:\/\/www.mundoagropecuario.cl\/new\/wp-json\/wp\/v2\/tags?post=25312"}],"curies":[{"name":"wp","href":"https:\/\/api.w.org\/{rel}","templated":true}]}}