{"id":25295,"date":"2024-05-30T14:30:26","date_gmt":"2024-05-30T17:30:26","guid":{"rendered":"https:\/\/www.mundoagropecuario.cl\/new\/?p=25295"},"modified":"2024-06-07T13:23:09","modified_gmt":"2024-06-07T16:23:09","slug":"jornadas-tecnicas-de-cooprinsem-abordaron-la-innovacion-y-sostenibilidad-en-el-sector-lechero","status":"publish","type":"post","link":"https:\/\/www.mundoagropecuario.cl\/new\/jornadas-tecnicas-de-cooprinsem-abordaron-la-innovacion-y-sostenibilidad-en-el-sector-lechero\/","title":{"rendered":"Jornadas T\u00e9cnicas de Cooprinsem abordaron la innovaci\u00f3n y sostenibilidad en el sector lechero"},"content":{"rendered":"<p>Entre los presentes se encontraban socios, productores, colaboradores y profesionales del agro, todos reunidos con el objetivo de abordar temas de inter\u00e9s para el sector l\u00e1cteo y tendencias que agregan valor a la realidad que se vive en los campos.<\/p>\n<p>De esta manera, este evento se ha convertido en un referente anual para los profesionales y entusiastas del sector agropecuario, ofreciendo un espacio de intercambio de conocimientos y actualizaci\u00f3n en las \u00faltimas tendencias y avances en la ganader\u00eda y la producci\u00f3n lechera.<\/p>\n<p><a href=\"https:\/\/www.mundoagropecuario.cl\/new\/wp-content\/uploads\/2024\/05\/Cooprinsem-7-3-scaled.jpg\"><img loading=\"lazy\" decoding=\"async\" class=\"alignleft wp-image-25297 \" src=\"https:\/\/www.mundoagropecuario.cl\/new\/wp-content\/uploads\/2024\/05\/Cooprinsem-7-3-scaled.jpg\" alt=\"\" width=\"572\" height=\"368\" \/><\/a>El enfoque central de esta edici\u00f3n fue el desarrollo sustentable del sector. Para ello, se llevaron a cabo diversas charlas a cargo de especialistas nacionales e internacionales, quienes compartieron sus conocimientos y experiencias sobre temas cruciales para el futuro de la industria.<\/p>\n<p>La jornada comenz\u00f3 con las palabras de bienvenida del Gerente General de Cooprinsem, Felipe Gottschalk. Seguidamente, Humberto Gonz\u00e1lez, Ingeniero Agr\u00f3nomo, Mag\u00edster en Ciencias menci\u00f3n en Producci\u00f3n Animal de la Universidad Austral de Chile y Asesor T\u00e9cnico de la cooperativa, imparti\u00f3 la charla &#8220;Evoluci\u00f3n de par\u00e1metros productivos en reba\u00f1os bajo control lechero oficial&#8221;, destacando las mejoras y desaf\u00edos en la gesti\u00f3n de reba\u00f1os lecheros.<\/p>\n<p>Uno de los momentos m\u00e1s esperados fue la intervenci\u00f3n del Dr. Frank Mitloehner, renombrado profesor y especialista en calidad del aire de la Universidad de California en Davis, Estados Unidos. El Dr. Mitloehner ofreci\u00f3 dos charlas de gran relevancia: &#8220;Una ganader\u00eda sustentable, un futuro sostenible&#8221; y &#8220;Soluciones clim\u00e1ticas ganaderas: Opciones para su aporte a la reducci\u00f3n de los GEI del sistema alimentario&#8221;. Estas ponencias proporcionaron un an\u00e1lisis exhaustivo sobre c\u00f3mo la ganader\u00eda puede contribuir a la sostenibilidad ambiental y a la reducci\u00f3n de gases de efecto invernadero, generando un gran inter\u00e9s entre los asistentes.<\/p>\n<p>La programaci\u00f3n continu\u00f3 con la intervenci\u00f3n de C\u00e9sar Bratz, Ingeniero Agr\u00f3nomo especialista en Nutrici\u00f3n Animal de la Universidad Cat\u00f3lica de Temuco, y Nutricionista de Rumiantes y Especialista Comercial de Image Holdings, quien dict\u00f3 la charla &#8220;Programaci\u00f3n metab\u00f3lica de terneras: Su aporte a la sustentabilidad&#8221;. Bratz destac\u00f3 c\u00f3mo una correcta programaci\u00f3n metab\u00f3lica puede influir positivamente en la sostenibilidad de la producci\u00f3n ganadera, subrayando la importancia de una gesti\u00f3n adecuada desde las etapas tempranas de vida de los animales.<\/p>\n<p>El Dr. Pedro Mel\u00e9ndez, M\u00e9dico Veterinario, MS, PhD y Profesor Asociado del Colegio de Medicina Veterinaria de la Universidad de Georgia, Estados Unidos, tambi\u00e9n aport\u00f3 con su charla &#8220;Nuevas estrategias de manejo para aumentar el rendimiento de las vacas lecheras en transici\u00f3n&#8221;, ofreciendo estrategias innovadoras para mejorar el rendimiento y la salud de las vacas durante periodos cr\u00edticos.<\/p>\n<p>La actividad culmin\u00f3 con la charla &#8220;Por qu\u00e9 Chile es un buen pa\u00eds para producir leche&#8221;, nuevamente a cargo de C\u00e9sar Bratz. En esta presentaci\u00f3n, Bratz ofreci\u00f3 una visi\u00f3n integral sobre las ventajas y potencialidades de Chile en el \u00e1mbito de la producci\u00f3n lechera, destacando los factores que hacen del pa\u00eds un lugar propicio para esta actividad.<\/p>\n<p>De esta manera, esta nueva versi\u00f3n no s\u00f3lo permiti\u00f3 a los asistentes conocer las \u00faltimas innovaciones y tendencias en la industria l\u00e1ctea, sino que tambi\u00e9n promovi\u00f3 un enfoque sostenible, esencial para el futuro del sector.<\/p>\n<p>Felipe Gottschalk, Gerente General de Cooprinsem, se\u00f1al\u00f3 que &#8220;el objetivo de nuestras Jornadas T\u00e9cnicas ha sido siempre crear instancias donde el medio agr\u00edcola, y particularmente el sector lechero, pueda acceder a temas transversales y relevantes. Esto permite capacitar, ofrecer m\u00e1s informaci\u00f3n y reconocer las tendencias del mercado lechero desde el punto de vista t\u00e9cnico&#8221;.<\/p>\n<p>A su vez, Gottschalk mencion\u00f3 que &#8220;contribuimos as\u00ed a que los productores lecheros, asesores, profesionales relacionados con el agro y estudiantes, tengan la oportunidad de acceder a estos charlistas y tomar mejores decisiones al analizar los escenarios futuros. Adem\u00e1s, buscamos generar instancias de conexi\u00f3n entre los asistentes, estableciendo redes y fomentando el networking, en un entorno donde el objetivo t\u00e9cnico prime sobre cualquier inter\u00e9s comercial&#8221;.<\/p>\n<p><a href=\"https:\/\/www.mundoagropecuario.cl\/new\/wp-content\/uploads\/2024\/05\/Cooprinsem2-scaled.jpg\"><img loading=\"lazy\" decoding=\"async\" class=\"wp-image-25296 alignright\" src=\"https:\/\/www.mundoagropecuario.cl\/new\/wp-content\/uploads\/2024\/05\/Cooprinsem2-scaled.jpg\" alt=\"\" width=\"676\" height=\"375\" \/><\/a>Por su parte, Frank Mitloehner, profesor y especialista en calidad del aire de la Universidad de California en Davis, Estados Unidos, afirm\u00f3 que &#8220;esta fue una gran oportunidad para reunirme con productores en este hermoso pa\u00eds, que cuenta con una diversidad productiva. Conversamos acerca de la importancia del camino hacia la sostenibilidad en la producci\u00f3n l\u00e1ctea diaria. Por otra parte, la innovaci\u00f3n siempre ha estado presente en las lecher\u00edas. Si observas a las vacas modernas y la productividad que tienen, es sorprendente lo lejos que hemos llegado. Y es que hoy y siempre, la agricultura ha sido crucial para todos nosotros; es tan b\u00e1sica como la salud. La agricultura y la salud son los temas m\u00e1s importantes para la humanidad, y no es algo que podamos dejar pasar. Es algo en lo que debemos invertir&#8221;.<\/p>\n<p>Finalmente, Alejandro Gantz, productor de Agr\u00edcola Muticao en el sector de R\u00edo Bueno, resalt\u00f3 la importancia de estas charlas en esta instancia, ya que &#8220;son un respaldo fundamental para el sector lechero. Disipan muchas dudas en temas estrat\u00e9gicos y a largo plazo, permiti\u00e9ndonos comprender qu\u00e9 depara el futuro para la industria l\u00e1ctea y ganadera. Los avances tecnol\u00f3gicos de los \u00faltimos a\u00f1os son notables, lo que hace que el desarrollo potencial sea sumamente interesante. Cooprinsem ha estado a la vanguardia en el desarrollo de tecnolog\u00edas, especialmente en equipos, y estamos agradecidos por el apoyo constante que nos brindan&#8221;.<\/p>\n","protected":false},"excerpt":{"rendered":"<p>Esta semana se celebr\u00f3 con gran \u00e9xito la nueva versi\u00f3n de las Jornadas T\u00e9cnicas de Cooprinsem, que tuvo lugar en los salones del hotel Sonesta Osorno y cont\u00f3 con la participaci\u00f3n de m\u00e1s de 250 asistentes.<\/p>\n","protected":false},"author":2,"featured_media":25298,"comment_status":"closed","ping_status":"closed","sticky":false,"template":"","format":"standard","meta":{"footnotes":""},"categories":[1946],"tags":[2261,5154,8773,3222,3435],"class_list":["post-25295","post","type-post","status-publish","format-standard","has-post-thumbnail","hentry","category-lacteos","tag-cooprinsem","tag-felipe-gottschalk","tag-frank-mitloehner","tag-sector-lechero","tag-universidad-catolica-de-temuco"],"yoast_head":"<!-- This site is optimized with the Yoast SEO plugin v26.6 - https:\/\/yoast.com\/wordpress\/plugins\/seo\/ -->\n<title>Jornadas T\u00e9cnicas de Cooprinsem abordaron la innovaci\u00f3n y sostenibilidad en el sector lechero - Mundoagropecuario<\/title>\n<meta name=\"description\" content=\"Con gran \u00e9xito la nueva versi\u00f3n de las Jornadas T\u00e9cnicas de Cooprinsem, que tuvo lugar en los salones del hotel Sonesta Osorno\" \/>\n<meta name=\"robots\" content=\"index, follow, max-snippet:-1, max-image-preview:large, max-video-preview:-1\" \/>\n<link rel=\"canonical\" href=\"https:\/\/www.mundoagropecuario.cl\/new\/jornadas-tecnicas-de-cooprinsem-abordaron-la-innovacion-y-sostenibilidad-en-el-sector-lechero\/\" \/>\n<meta property=\"og:locale\" content=\"es_ES\" \/>\n<meta property=\"og:type\" content=\"article\" \/>\n<meta property=\"og:title\" content=\"Jornadas T\u00e9cnicas de Cooprinsem abordaron la innovaci\u00f3n y sostenibilidad en el sector lechero - Mundoagropecuario\" \/>\n<meta property=\"og:description\" content=\"Con gran \u00e9xito la nueva versi\u00f3n de las Jornadas T\u00e9cnicas de Cooprinsem, que tuvo lugar en los salones del hotel Sonesta Osorno\" \/>\n<meta property=\"og:url\" content=\"https:\/\/www.mundoagropecuario.cl\/new\/jornadas-tecnicas-de-cooprinsem-abordaron-la-innovacion-y-sostenibilidad-en-el-sector-lechero\/\" \/>\n<meta property=\"og:site_name\" content=\"Mundoagropecuario\" \/>\n<meta property=\"article:publisher\" content=\"https:\/\/www.facebook.com\/mundo.agropecuario.3\" \/>\n<meta property=\"article:published_time\" content=\"2024-05-30T17:30:26+00:00\" \/>\n<meta property=\"article:modified_time\" content=\"2024-06-07T16:23:09+00:00\" \/>\n<meta property=\"og:image\" content=\"https:\/\/www.mundoagropecuario.cl\/new\/wp-content\/uploads\/2024\/05\/Cooprinsem3-scaled.jpg\" \/>\n\t<meta property=\"og:image:width\" content=\"720\" \/>\n\t<meta property=\"og:image:height\" content=\"390\" \/>\n\t<meta property=\"og:image:type\" content=\"image\/jpeg\" \/>\n<meta name=\"author\" content=\"mundo\" \/>\n<meta name=\"twitter:card\" content=\"summary_large_image\" \/>\n<meta name=\"twitter:creator\" content=\"@MundoAgropecuar\" \/>\n<meta name=\"twitter:site\" content=\"@MundoAgropecuar\" \/>\n<meta name=\"twitter:label1\" content=\"Escrito por\" \/>\n\t<meta name=\"twitter:data1\" content=\"mundo\" \/>\n\t<meta name=\"twitter:label2\" content=\"Tiempo de lectura\" \/>\n\t<meta name=\"twitter:data2\" content=\"5 minutos\" \/>\n<script type=\"application\/ld+json\" class=\"yoast-schema-graph\">{\"@context\":\"https:\/\/schema.org\",\"@graph\":[{\"@type\":\"Article\",\"@id\":\"https:\/\/www.mundoagropecuario.cl\/new\/jornadas-tecnicas-de-cooprinsem-abordaron-la-innovacion-y-sostenibilidad-en-el-sector-lechero\/#article\",\"isPartOf\":{\"@id\":\"https:\/\/www.mundoagropecuario.cl\/new\/jornadas-tecnicas-de-cooprinsem-abordaron-la-innovacion-y-sostenibilidad-en-el-sector-lechero\/\"},\"author\":{\"name\":\"mundo\",\"@id\":\"https:\/\/www.mundoagropecuario.cl\/new\/#\/schema\/person\/4e9f74a82a7dac260eb1c44b7eebeb18\"},\"headline\":\"Jornadas T\u00e9cnicas de Cooprinsem abordaron la innovaci\u00f3n y sostenibilidad en el sector lechero\",\"datePublished\":\"2024-05-30T17:30:26+00:00\",\"dateModified\":\"2024-06-07T16:23:09+00:00\",\"mainEntityOfPage\":{\"@id\":\"https:\/\/www.mundoagropecuario.cl\/new\/jornadas-tecnicas-de-cooprinsem-abordaron-la-innovacion-y-sostenibilidad-en-el-sector-lechero\/\"},\"wordCount\":955,\"publisher\":{\"@id\":\"https:\/\/www.mundoagropecuario.cl\/new\/#organization\"},\"image\":{\"@id\":\"https:\/\/www.mundoagropecuario.cl\/new\/jornadas-tecnicas-de-cooprinsem-abordaron-la-innovacion-y-sostenibilidad-en-el-sector-lechero\/#primaryimage\"},\"thumbnailUrl\":\"https:\/\/www.mundoagropecuario.cl\/new\/wp-content\/uploads\/2024\/05\/Cooprinsem3-scaled.jpg\",\"keywords\":[\"Cooprinsem\",\"Felipe Gottschalk\",\"Frank Mitloehner\",\"sector lechero\",\"Universidad Cat\u00f3lica de Temuco\"],\"articleSection\":[\"L\u00e1cteos\"],\"inLanguage\":\"es\"},{\"@type\":\"WebPage\",\"@id\":\"https:\/\/www.mundoagropecuario.cl\/new\/jornadas-tecnicas-de-cooprinsem-abordaron-la-innovacion-y-sostenibilidad-en-el-sector-lechero\/\",\"url\":\"https:\/\/www.mundoagropecuario.cl\/new\/jornadas-tecnicas-de-cooprinsem-abordaron-la-innovacion-y-sostenibilidad-en-el-sector-lechero\/\",\"name\":\"Jornadas T\u00e9cnicas de Cooprinsem abordaron la innovaci\u00f3n y sostenibilidad en el sector lechero - Mundoagropecuario\",\"isPartOf\":{\"@id\":\"https:\/\/www.mundoagropecuario.cl\/new\/#website\"},\"primaryImageOfPage\":{\"@id\":\"https:\/\/www.mundoagropecuario.cl\/new\/jornadas-tecnicas-de-cooprinsem-abordaron-la-innovacion-y-sostenibilidad-en-el-sector-lechero\/#primaryimage\"},\"image\":{\"@id\":\"https:\/\/www.mundoagropecuario.cl\/new\/jornadas-tecnicas-de-cooprinsem-abordaron-la-innovacion-y-sostenibilidad-en-el-sector-lechero\/#primaryimage\"},\"thumbnailUrl\":\"https:\/\/www.mundoagropecuario.cl\/new\/wp-content\/uploads\/2024\/05\/Cooprinsem3-scaled.jpg\",\"datePublished\":\"2024-05-30T17:30:26+00:00\",\"dateModified\":\"2024-06-07T16:23:09+00:00\",\"description\":\"Con gran \u00e9xito la nueva versi\u00f3n de las Jornadas T\u00e9cnicas de Cooprinsem, que tuvo lugar en los salones del hotel Sonesta Osorno\",\"breadcrumb\":{\"@id\":\"https:\/\/www.mundoagropecuario.cl\/new\/jornadas-tecnicas-de-cooprinsem-abordaron-la-innovacion-y-sostenibilidad-en-el-sector-lechero\/#breadcrumb\"},\"inLanguage\":\"es\",\"potentialAction\":[{\"@type\":\"ReadAction\",\"target\":[\"https:\/\/www.mundoagropecuario.cl\/new\/jornadas-tecnicas-de-cooprinsem-abordaron-la-innovacion-y-sostenibilidad-en-el-sector-lechero\/\"]}]},{\"@type\":\"ImageObject\",\"inLanguage\":\"es\",\"@id\":\"https:\/\/www.mundoagropecuario.cl\/new\/jornadas-tecnicas-de-cooprinsem-abordaron-la-innovacion-y-sostenibilidad-en-el-sector-lechero\/#primaryimage\",\"url\":\"https:\/\/www.mundoagropecuario.cl\/new\/wp-content\/uploads\/2024\/05\/Cooprinsem3-scaled.jpg\",\"contentUrl\":\"https:\/\/www.mundoagropecuario.cl\/new\/wp-content\/uploads\/2024\/05\/Cooprinsem3-scaled.jpg\",\"width\":720,\"height\":390},{\"@type\":\"BreadcrumbList\",\"@id\":\"https:\/\/www.mundoagropecuario.cl\/new\/jornadas-tecnicas-de-cooprinsem-abordaron-la-innovacion-y-sostenibilidad-en-el-sector-lechero\/#breadcrumb\",\"itemListElement\":[{\"@type\":\"ListItem\",\"position\":1,\"name\":\"Portada\",\"item\":\"https:\/\/www.mundoagropecuario.cl\/new\/\"},{\"@type\":\"ListItem\",\"position\":2,\"name\":\"Jornadas T\u00e9cnicas de Cooprinsem abordaron la innovaci\u00f3n y sostenibilidad en el sector lechero\"}]},{\"@type\":\"WebSite\",\"@id\":\"https:\/\/www.mundoagropecuario.cl\/new\/#website\",\"url\":\"https:\/\/www.mundoagropecuario.cl\/new\/\",\"name\":\"Mundoagropecuario\",\"description\":\"Mundo Agropecuario\",\"publisher\":{\"@id\":\"https:\/\/www.mundoagropecuario.cl\/new\/#organization\"},\"potentialAction\":[{\"@type\":\"SearchAction\",\"target\":{\"@type\":\"EntryPoint\",\"urlTemplate\":\"https:\/\/www.mundoagropecuario.cl\/new\/?s={search_term_string}\"},\"query-input\":{\"@type\":\"PropertyValueSpecification\",\"valueRequired\":true,\"valueName\":\"search_term_string\"}}],\"inLanguage\":\"es\"},{\"@type\":\"Organization\",\"@id\":\"https:\/\/www.mundoagropecuario.cl\/new\/#organization\",\"name\":\"Revista de Agricultura\",\"url\":\"https:\/\/www.mundoagropecuario.cl\/new\/\",\"logo\":{\"@type\":\"ImageObject\",\"inLanguage\":\"es\",\"@id\":\"https:\/\/www.mundoagropecuario.cl\/new\/#\/schema\/logo\/image\/\",\"url\":\"https:\/\/www.mundoagropecuario.cl\/new\/wp-content\/uploads\/2020\/11\/PORTAL-1-1.png\",\"contentUrl\":\"https:\/\/www.mundoagropecuario.cl\/new\/wp-content\/uploads\/2020\/11\/PORTAL-1-1.png\",\"width\":1026,\"height\":100,\"caption\":\"Revista de Agricultura\"},\"image\":{\"@id\":\"https:\/\/www.mundoagropecuario.cl\/new\/#\/schema\/logo\/image\/\"},\"sameAs\":[\"https:\/\/www.facebook.com\/mundo.agropecuario.3\",\"https:\/\/x.com\/MundoAgropecuar\",\"https:\/\/www.linkedin.com\/in\/mundo-agropecuario-934009201\/\"]},{\"@type\":\"Person\",\"@id\":\"https:\/\/www.mundoagropecuario.cl\/new\/#\/schema\/person\/4e9f74a82a7dac260eb1c44b7eebeb18\",\"name\":\"mundo\",\"url\":\"https:\/\/www.mundoagropecuario.cl\/new\/author\/mundo\/\"}]}<\/script>\n<!-- \/ Yoast SEO plugin. -->","yoast_head_json":{"title":"Jornadas T\u00e9cnicas de Cooprinsem abordaron la innovaci\u00f3n y sostenibilidad en el sector lechero - Mundoagropecuario","description":"Con gran \u00e9xito la nueva versi\u00f3n de las Jornadas T\u00e9cnicas de Cooprinsem, que tuvo lugar en los salones del hotel Sonesta Osorno","robots":{"index":"index","follow":"follow","max-snippet":"max-snippet:-1","max-image-preview":"max-image-preview:large","max-video-preview":"max-video-preview:-1"},"canonical":"https:\/\/www.mundoagropecuario.cl\/new\/jornadas-tecnicas-de-cooprinsem-abordaron-la-innovacion-y-sostenibilidad-en-el-sector-lechero\/","og_locale":"es_ES","og_type":"article","og_title":"Jornadas T\u00e9cnicas de Cooprinsem abordaron la innovaci\u00f3n y sostenibilidad en el sector lechero - Mundoagropecuario","og_description":"Con gran \u00e9xito la nueva versi\u00f3n de las Jornadas T\u00e9cnicas de Cooprinsem, que tuvo lugar en los salones del hotel Sonesta Osorno","og_url":"https:\/\/www.mundoagropecuario.cl\/new\/jornadas-tecnicas-de-cooprinsem-abordaron-la-innovacion-y-sostenibilidad-en-el-sector-lechero\/","og_site_name":"Mundoagropecuario","article_publisher":"https:\/\/www.facebook.com\/mundo.agropecuario.3","article_published_time":"2024-05-30T17:30:26+00:00","article_modified_time":"2024-06-07T16:23:09+00:00","og_image":[{"width":720,"height":390,"url":"https:\/\/www.mundoagropecuario.cl\/new\/wp-content\/uploads\/2024\/05\/Cooprinsem3-scaled.jpg","type":"image\/jpeg"}],"author":"mundo","twitter_card":"summary_large_image","twitter_creator":"@MundoAgropecuar","twitter_site":"@MundoAgropecuar","twitter_misc":{"Escrito por":"mundo","Tiempo de lectura":"5 minutos"},"schema":{"@context":"https:\/\/schema.org","@graph":[{"@type":"Article","@id":"https:\/\/www.mundoagropecuario.cl\/new\/jornadas-tecnicas-de-cooprinsem-abordaron-la-innovacion-y-sostenibilidad-en-el-sector-lechero\/#article","isPartOf":{"@id":"https:\/\/www.mundoagropecuario.cl\/new\/jornadas-tecnicas-de-cooprinsem-abordaron-la-innovacion-y-sostenibilidad-en-el-sector-lechero\/"},"author":{"name":"mundo","@id":"https:\/\/www.mundoagropecuario.cl\/new\/#\/schema\/person\/4e9f74a82a7dac260eb1c44b7eebeb18"},"headline":"Jornadas T\u00e9cnicas de Cooprinsem abordaron la innovaci\u00f3n y sostenibilidad en el sector lechero","datePublished":"2024-05-30T17:30:26+00:00","dateModified":"2024-06-07T16:23:09+00:00","mainEntityOfPage":{"@id":"https:\/\/www.mundoagropecuario.cl\/new\/jornadas-tecnicas-de-cooprinsem-abordaron-la-innovacion-y-sostenibilidad-en-el-sector-lechero\/"},"wordCount":955,"publisher":{"@id":"https:\/\/www.mundoagropecuario.cl\/new\/#organization"},"image":{"@id":"https:\/\/www.mundoagropecuario.cl\/new\/jornadas-tecnicas-de-cooprinsem-abordaron-la-innovacion-y-sostenibilidad-en-el-sector-lechero\/#primaryimage"},"thumbnailUrl":"https:\/\/www.mundoagropecuario.cl\/new\/wp-content\/uploads\/2024\/05\/Cooprinsem3-scaled.jpg","keywords":["Cooprinsem","Felipe Gottschalk","Frank Mitloehner","sector lechero","Universidad Cat\u00f3lica de Temuco"],"articleSection":["L\u00e1cteos"],"inLanguage":"es"},{"@type":"WebPage","@id":"https:\/\/www.mundoagropecuario.cl\/new\/jornadas-tecnicas-de-cooprinsem-abordaron-la-innovacion-y-sostenibilidad-en-el-sector-lechero\/","url":"https:\/\/www.mundoagropecuario.cl\/new\/jornadas-tecnicas-de-cooprinsem-abordaron-la-innovacion-y-sostenibilidad-en-el-sector-lechero\/","name":"Jornadas T\u00e9cnicas de Cooprinsem abordaron la innovaci\u00f3n y sostenibilidad en el sector lechero - Mundoagropecuario","isPartOf":{"@id":"https:\/\/www.mundoagropecuario.cl\/new\/#website"},"primaryImageOfPage":{"@id":"https:\/\/www.mundoagropecuario.cl\/new\/jornadas-tecnicas-de-cooprinsem-abordaron-la-innovacion-y-sostenibilidad-en-el-sector-lechero\/#primaryimage"},"image":{"@id":"https:\/\/www.mundoagropecuario.cl\/new\/jornadas-tecnicas-de-cooprinsem-abordaron-la-innovacion-y-sostenibilidad-en-el-sector-lechero\/#primaryimage"},"thumbnailUrl":"https:\/\/www.mundoagropecuario.cl\/new\/wp-content\/uploads\/2024\/05\/Cooprinsem3-scaled.jpg","datePublished":"2024-05-30T17:30:26+00:00","dateModified":"2024-06-07T16:23:09+00:00","description":"Con gran \u00e9xito la nueva versi\u00f3n de las Jornadas T\u00e9cnicas de Cooprinsem, que tuvo lugar en los salones del hotel Sonesta Osorno","breadcrumb":{"@id":"https:\/\/www.mundoagropecuario.cl\/new\/jornadas-tecnicas-de-cooprinsem-abordaron-la-innovacion-y-sostenibilidad-en-el-sector-lechero\/#breadcrumb"},"inLanguage":"es","potentialAction":[{"@type":"ReadAction","target":["https:\/\/www.mundoagropecuario.cl\/new\/jornadas-tecnicas-de-cooprinsem-abordaron-la-innovacion-y-sostenibilidad-en-el-sector-lechero\/"]}]},{"@type":"ImageObject","inLanguage":"es","@id":"https:\/\/www.mundoagropecuario.cl\/new\/jornadas-tecnicas-de-cooprinsem-abordaron-la-innovacion-y-sostenibilidad-en-el-sector-lechero\/#primaryimage","url":"https:\/\/www.mundoagropecuario.cl\/new\/wp-content\/uploads\/2024\/05\/Cooprinsem3-scaled.jpg","contentUrl":"https:\/\/www.mundoagropecuario.cl\/new\/wp-content\/uploads\/2024\/05\/Cooprinsem3-scaled.jpg","width":720,"height":390},{"@type":"BreadcrumbList","@id":"https:\/\/www.mundoagropecuario.cl\/new\/jornadas-tecnicas-de-cooprinsem-abordaron-la-innovacion-y-sostenibilidad-en-el-sector-lechero\/#breadcrumb","itemListElement":[{"@type":"ListItem","position":1,"name":"Portada","item":"https:\/\/www.mundoagropecuario.cl\/new\/"},{"@type":"ListItem","position":2,"name":"Jornadas T\u00e9cnicas de Cooprinsem abordaron la innovaci\u00f3n y sostenibilidad en el sector lechero"}]},{"@type":"WebSite","@id":"https:\/\/www.mundoagropecuario.cl\/new\/#website","url":"https:\/\/www.mundoagropecuario.cl\/new\/","name":"Mundoagropecuario","description":"Mundo Agropecuario","publisher":{"@id":"https:\/\/www.mundoagropecuario.cl\/new\/#organization"},"potentialAction":[{"@type":"SearchAction","target":{"@type":"EntryPoint","urlTemplate":"https:\/\/www.mundoagropecuario.cl\/new\/?s={search_term_string}"},"query-input":{"@type":"PropertyValueSpecification","valueRequired":true,"valueName":"search_term_string"}}],"inLanguage":"es"},{"@type":"Organization","@id":"https:\/\/www.mundoagropecuario.cl\/new\/#organization","name":"Revista de Agricultura","url":"https:\/\/www.mundoagropecuario.cl\/new\/","logo":{"@type":"ImageObject","inLanguage":"es","@id":"https:\/\/www.mundoagropecuario.cl\/new\/#\/schema\/logo\/image\/","url":"https:\/\/www.mundoagropecuario.cl\/new\/wp-content\/uploads\/2020\/11\/PORTAL-1-1.png","contentUrl":"https:\/\/www.mundoagropecuario.cl\/new\/wp-content\/uploads\/2020\/11\/PORTAL-1-1.png","width":1026,"height":100,"caption":"Revista de Agricultura"},"image":{"@id":"https:\/\/www.mundoagropecuario.cl\/new\/#\/schema\/logo\/image\/"},"sameAs":["https:\/\/www.facebook.com\/mundo.agropecuario.3","https:\/\/x.com\/MundoAgropecuar","https:\/\/www.linkedin.com\/in\/mundo-agropecuario-934009201\/"]},{"@type":"Person","@id":"https:\/\/www.mundoagropecuario.cl\/new\/#\/schema\/person\/4e9f74a82a7dac260eb1c44b7eebeb18","name":"mundo","url":"https:\/\/www.mundoagropecuario.cl\/new\/author\/mundo\/"}]}},"_links":{"self":[{"href":"https:\/\/www.mundoagropecuario.cl\/new\/wp-json\/wp\/v2\/posts\/25295","targetHints":{"allow":["GET"]}}],"collection":[{"href":"https:\/\/www.mundoagropecuario.cl\/new\/wp-json\/wp\/v2\/posts"}],"about":[{"href":"https:\/\/www.mundoagropecuario.cl\/new\/wp-json\/wp\/v2\/types\/post"}],"author":[{"embeddable":true,"href":"https:\/\/www.mundoagropecuario.cl\/new\/wp-json\/wp\/v2\/users\/2"}],"replies":[{"embeddable":true,"href":"https:\/\/www.mundoagropecuario.cl\/new\/wp-json\/wp\/v2\/comments?post=25295"}],"version-history":[{"count":1,"href":"https:\/\/www.mundoagropecuario.cl\/new\/wp-json\/wp\/v2\/posts\/25295\/revisions"}],"predecessor-version":[{"id":25299,"href":"https:\/\/www.mundoagropecuario.cl\/new\/wp-json\/wp\/v2\/posts\/25295\/revisions\/25299"}],"wp:featuredmedia":[{"embeddable":true,"href":"https:\/\/www.mundoagropecuario.cl\/new\/wp-json\/wp\/v2\/media\/25298"}],"wp:attachment":[{"href":"https:\/\/www.mundoagropecuario.cl\/new\/wp-json\/wp\/v2\/media?parent=25295"}],"wp:term":[{"taxonomy":"category","embeddable":true,"href":"https:\/\/www.mundoagropecuario.cl\/new\/wp-json\/wp\/v2\/categories?post=25295"},{"taxonomy":"post_tag","embeddable":true,"href":"https:\/\/www.mundoagropecuario.cl\/new\/wp-json\/wp\/v2\/tags?post=25295"}],"curies":[{"name":"wp","href":"https:\/\/api.w.org\/{rel}","templated":true}]}}