{"id":25241,"date":"2024-05-15T10:38:11","date_gmt":"2024-05-15T13:38:11","guid":{"rendered":"https:\/\/www.mundoagropecuario.cl\/new\/?p=25241"},"modified":"2024-05-24T13:50:43","modified_gmt":"2024-05-24T16:50:43","slug":"el-ipc-de-los-productos-lacteos-anota-un-comportamiento-al-alza-en-abril-2024","status":"publish","type":"post","link":"https:\/\/www.mundoagropecuario.cl\/new\/el-ipc-de-los-productos-lacteos-anota-un-comportamiento-al-alza-en-abril-2024\/","title":{"rendered":"El IPC de los productos l\u00e1cteos anota un comportamiento al alza en abril 2024"},"content":{"rendered":"<p>Un nuevo informe sobre el IPC de los Productos L\u00e1cteos elaborado por la Federaci\u00f3n Nacional de Productores de Leche (Fedeleche), con antecedentes del Instituto Nacional de Estad\u00edsticas (INE), muestra que en abril de 2024 se registra un comportamiento en general al alza en cuanto a su variaci\u00f3n mensual, luego de presentar algunos meses precedentes a la baja.<\/p>\n<p>De acuerdo al an\u00e1lisis del gremio lechero, para el mes de febrero 2024 se aprecia adem\u00e1s que entre los productos con mayor incidencia al alza aparece la leche l\u00edquida (+4,8%) y quesos (+1,3%). Por otra parte, dentro de los productos con una mayor incidencia a la baja, dentro de los alimentos, se encuentra la leche en polvo (-7,3%).<\/p>\n<p>En el cuarto mes del a\u00f1o, la variaci\u00f3n positiva entre los productos l\u00e1cteos se registra en el caso de la leche l\u00edquida (4,8%), postres l\u00e1cteos (+2,4%) y la mantequilla (+0,7%).<\/p>\n<p>Cabe indicar que la categor\u00eda que re\u00fane a L\u00e1cteos, bebidas vegetales y huevos anota en abril presenta un alza de 2,3%, mientras la divisi\u00f3n Alimentos registr\u00f3 un aumento de 0,5%.<\/p>\n<p>En tanto, la variaci\u00f3n general del IPC en abril registra una variaci\u00f3n de 0,5%, destacando las alzas de alimentos y bebidas no alcoh\u00f3licas y de transporte, y la disminuci\u00f3n de vestuario y calzado.<\/p>\n<p><a href=\"https:\/\/www.mundoagropecuario.cl\/new\/wp-content\/uploads\/2024\/05\/cuadro1.jpeg\"><img loading=\"lazy\" decoding=\"async\" class=\"aligncenter wp-image-25242 size-full\" src=\"https:\/\/www.mundoagropecuario.cl\/new\/wp-content\/uploads\/2024\/05\/cuadro1.jpeg\" alt=\"\" width=\"700\" height=\"393\" srcset=\"https:\/\/www.mundoagropecuario.cl\/new\/wp-content\/uploads\/2024\/05\/cuadro1.jpeg 700w, https:\/\/www.mundoagropecuario.cl\/new\/wp-content\/uploads\/2024\/05\/cuadro1-237x133.jpeg 237w\" sizes=\"auto, (max-width: 700px) 100vw, 700px\" \/><\/a><\/p>\n<p><strong>Variaci\u00f3n anual<\/strong><\/p>\n<p>Un comportamiento mixto se aprecia para la variaci\u00f3n anual de los productos l\u00e1cteos.<\/p>\n<p>El \u00edndice es liderado por la leche l\u00edquida, cuya variaci\u00f3n es (+2,0%), mientras la mantequilla y los postres l\u00e1cteos presentan un alza anual de (+1,8%). respectivamente. \u00a0El queso sube tambi\u00e9n (+1,7%).<\/p>\n<p>Por otra parte, la leche en polvo presenta la mayor variaci\u00f3n anual negativa de (-6,7%), mientras el yogurt cierra con una baja de (-0,7%).<\/p>\n<p>La variaci\u00f3n anual que re\u00fane a L\u00e1cteos, bebidas, vegetales y huevos, registr\u00f3 un alza de 2,0%, mientras la categor\u00eda de los Alimentos experiment\u00f3 un avance en un 0,9%.<\/p>\n<p>La inflaci\u00f3n anual lleg\u00f3 a 2,2%, mientras a 12 meses es de 4,0%, inform\u00f3 el INE.<\/p>\n<p>Fuente: Comunicaciones Fedeleche FG con informaci\u00f3n del INE<\/p>\n","protected":false},"excerpt":{"rendered":"<p>Un nuevo informe sobre el IPC de los Productos L\u00e1cteos elaborado por Fedeleche, con antecedentes del INE, muestra que en abril de 2024 se registra un comportamiento en general al alza.<\/p>\n","protected":false},"author":2,"featured_media":24952,"comment_status":"closed","ping_status":"closed","sticky":false,"template":"","format":"standard","meta":{"footnotes":""},"categories":[1946],"tags":[2090,3127,2058,1193,2122,8739,8576,5790],"class_list":["post-25241","post","type-post","status-publish","format-standard","has-post-thumbnail","hentry","category-lacteos","tag-agricultura","tag-agro","tag-fedeleche","tag-ine","tag-ipc","tag-la-mantequilla","tag-leche-liquida","tag-productos-lacteos"],"yoast_head":"<!-- This site is optimized with the Yoast SEO plugin v26.6 - https:\/\/yoast.com\/wordpress\/plugins\/seo\/ -->\n<title>El IPC de los productos l\u00e1cteos anota un comportamiento al alza en abril 2024 - Mundoagropecuario<\/title>\n<meta name=\"description\" content=\"informe Productos L\u00e1cteos elaborado por Fedeleche, con antecedentes del INE, muestra que en abril de 2024 se registra un alza.\" \/>\n<meta name=\"robots\" content=\"index, follow, max-snippet:-1, max-image-preview:large, max-video-preview:-1\" \/>\n<link rel=\"canonical\" href=\"https:\/\/www.mundoagropecuario.cl\/new\/el-ipc-de-los-productos-lacteos-anota-un-comportamiento-al-alza-en-abril-2024\/\" \/>\n<meta property=\"og:locale\" content=\"es_ES\" \/>\n<meta property=\"og:type\" content=\"article\" \/>\n<meta property=\"og:title\" content=\"El IPC de los productos l\u00e1cteos anota un comportamiento al alza en abril 2024 - Mundoagropecuario\" \/>\n<meta property=\"og:description\" content=\"informe Productos L\u00e1cteos elaborado por Fedeleche, con antecedentes del INE, muestra que en abril de 2024 se registra un alza.\" \/>\n<meta property=\"og:url\" content=\"https:\/\/www.mundoagropecuario.cl\/new\/el-ipc-de-los-productos-lacteos-anota-un-comportamiento-al-alza-en-abril-2024\/\" \/>\n<meta property=\"og:site_name\" content=\"Mundoagropecuario\" \/>\n<meta property=\"article:publisher\" content=\"https:\/\/www.facebook.com\/mundo.agropecuario.3\" \/>\n<meta property=\"article:published_time\" content=\"2024-05-15T13:38:11+00:00\" \/>\n<meta property=\"article:modified_time\" content=\"2024-05-24T16:50:43+00:00\" \/>\n<meta property=\"og:image\" content=\"https:\/\/www.mundoagropecuario.cl\/new\/wp-content\/uploads\/2023\/12\/leche-y-queso-scaled.jpeg\" \/>\n\t<meta property=\"og:image:width\" content=\"716\" \/>\n\t<meta property=\"og:image:height\" content=\"400\" \/>\n\t<meta property=\"og:image:type\" content=\"image\/jpeg\" \/>\n<meta name=\"author\" content=\"mundo\" \/>\n<meta name=\"twitter:card\" content=\"summary_large_image\" \/>\n<meta name=\"twitter:creator\" content=\"@MundoAgropecuar\" \/>\n<meta name=\"twitter:site\" content=\"@MundoAgropecuar\" \/>\n<meta name=\"twitter:label1\" content=\"Escrito por\" \/>\n\t<meta name=\"twitter:data1\" content=\"mundo\" \/>\n\t<meta name=\"twitter:label2\" content=\"Tiempo de lectura\" \/>\n\t<meta name=\"twitter:data2\" content=\"2 minutos\" \/>\n<script type=\"application\/ld+json\" class=\"yoast-schema-graph\">{\"@context\":\"https:\/\/schema.org\",\"@graph\":[{\"@type\":\"Article\",\"@id\":\"https:\/\/www.mundoagropecuario.cl\/new\/el-ipc-de-los-productos-lacteos-anota-un-comportamiento-al-alza-en-abril-2024\/#article\",\"isPartOf\":{\"@id\":\"https:\/\/www.mundoagropecuario.cl\/new\/el-ipc-de-los-productos-lacteos-anota-un-comportamiento-al-alza-en-abril-2024\/\"},\"author\":{\"name\":\"mundo\",\"@id\":\"https:\/\/www.mundoagropecuario.cl\/new\/#\/schema\/person\/4e9f74a82a7dac260eb1c44b7eebeb18\"},\"headline\":\"El IPC de los productos l\u00e1cteos anota un comportamiento al alza en abril 2024\",\"datePublished\":\"2024-05-15T13:38:11+00:00\",\"dateModified\":\"2024-05-24T16:50:43+00:00\",\"mainEntityOfPage\":{\"@id\":\"https:\/\/www.mundoagropecuario.cl\/new\/el-ipc-de-los-productos-lacteos-anota-un-comportamiento-al-alza-en-abril-2024\/\"},\"wordCount\":360,\"publisher\":{\"@id\":\"https:\/\/www.mundoagropecuario.cl\/new\/#organization\"},\"image\":{\"@id\":\"https:\/\/www.mundoagropecuario.cl\/new\/el-ipc-de-los-productos-lacteos-anota-un-comportamiento-al-alza-en-abril-2024\/#primaryimage\"},\"thumbnailUrl\":\"https:\/\/www.mundoagropecuario.cl\/new\/wp-content\/uploads\/2023\/12\/leche-y-queso-scaled.jpeg\",\"keywords\":[\"Agricultura\",\"Agro\",\"Fedeleche\",\"INE\",\"IPC\",\"la mantequilla\",\"leche l\u00edquida\",\"productos l\u00e1cteos\"],\"articleSection\":[\"L\u00e1cteos\"],\"inLanguage\":\"es\"},{\"@type\":\"WebPage\",\"@id\":\"https:\/\/www.mundoagropecuario.cl\/new\/el-ipc-de-los-productos-lacteos-anota-un-comportamiento-al-alza-en-abril-2024\/\",\"url\":\"https:\/\/www.mundoagropecuario.cl\/new\/el-ipc-de-los-productos-lacteos-anota-un-comportamiento-al-alza-en-abril-2024\/\",\"name\":\"El IPC de los productos l\u00e1cteos anota un comportamiento al alza en abril 2024 - Mundoagropecuario\",\"isPartOf\":{\"@id\":\"https:\/\/www.mundoagropecuario.cl\/new\/#website\"},\"primaryImageOfPage\":{\"@id\":\"https:\/\/www.mundoagropecuario.cl\/new\/el-ipc-de-los-productos-lacteos-anota-un-comportamiento-al-alza-en-abril-2024\/#primaryimage\"},\"image\":{\"@id\":\"https:\/\/www.mundoagropecuario.cl\/new\/el-ipc-de-los-productos-lacteos-anota-un-comportamiento-al-alza-en-abril-2024\/#primaryimage\"},\"thumbnailUrl\":\"https:\/\/www.mundoagropecuario.cl\/new\/wp-content\/uploads\/2023\/12\/leche-y-queso-scaled.jpeg\",\"datePublished\":\"2024-05-15T13:38:11+00:00\",\"dateModified\":\"2024-05-24T16:50:43+00:00\",\"description\":\"informe Productos L\u00e1cteos elaborado por Fedeleche, con antecedentes del INE, muestra que en abril de 2024 se registra un alza.\",\"breadcrumb\":{\"@id\":\"https:\/\/www.mundoagropecuario.cl\/new\/el-ipc-de-los-productos-lacteos-anota-un-comportamiento-al-alza-en-abril-2024\/#breadcrumb\"},\"inLanguage\":\"es\",\"potentialAction\":[{\"@type\":\"ReadAction\",\"target\":[\"https:\/\/www.mundoagropecuario.cl\/new\/el-ipc-de-los-productos-lacteos-anota-un-comportamiento-al-alza-en-abril-2024\/\"]}]},{\"@type\":\"ImageObject\",\"inLanguage\":\"es\",\"@id\":\"https:\/\/www.mundoagropecuario.cl\/new\/el-ipc-de-los-productos-lacteos-anota-un-comportamiento-al-alza-en-abril-2024\/#primaryimage\",\"url\":\"https:\/\/www.mundoagropecuario.cl\/new\/wp-content\/uploads\/2023\/12\/leche-y-queso-scaled.jpeg\",\"contentUrl\":\"https:\/\/www.mundoagropecuario.cl\/new\/wp-content\/uploads\/2023\/12\/leche-y-queso-scaled.jpeg\",\"width\":716,\"height\":400},{\"@type\":\"BreadcrumbList\",\"@id\":\"https:\/\/www.mundoagropecuario.cl\/new\/el-ipc-de-los-productos-lacteos-anota-un-comportamiento-al-alza-en-abril-2024\/#breadcrumb\",\"itemListElement\":[{\"@type\":\"ListItem\",\"position\":1,\"name\":\"Portada\",\"item\":\"https:\/\/www.mundoagropecuario.cl\/new\/\"},{\"@type\":\"ListItem\",\"position\":2,\"name\":\"El IPC de los productos l\u00e1cteos anota un comportamiento al alza en abril 2024\"}]},{\"@type\":\"WebSite\",\"@id\":\"https:\/\/www.mundoagropecuario.cl\/new\/#website\",\"url\":\"https:\/\/www.mundoagropecuario.cl\/new\/\",\"name\":\"Mundoagropecuario\",\"description\":\"Mundo Agropecuario\",\"publisher\":{\"@id\":\"https:\/\/www.mundoagropecuario.cl\/new\/#organization\"},\"potentialAction\":[{\"@type\":\"SearchAction\",\"target\":{\"@type\":\"EntryPoint\",\"urlTemplate\":\"https:\/\/www.mundoagropecuario.cl\/new\/?s={search_term_string}\"},\"query-input\":{\"@type\":\"PropertyValueSpecification\",\"valueRequired\":true,\"valueName\":\"search_term_string\"}}],\"inLanguage\":\"es\"},{\"@type\":\"Organization\",\"@id\":\"https:\/\/www.mundoagropecuario.cl\/new\/#organization\",\"name\":\"Revista de Agricultura\",\"url\":\"https:\/\/www.mundoagropecuario.cl\/new\/\",\"logo\":{\"@type\":\"ImageObject\",\"inLanguage\":\"es\",\"@id\":\"https:\/\/www.mundoagropecuario.cl\/new\/#\/schema\/logo\/image\/\",\"url\":\"https:\/\/www.mundoagropecuario.cl\/new\/wp-content\/uploads\/2020\/11\/PORTAL-1-1.png\",\"contentUrl\":\"https:\/\/www.mundoagropecuario.cl\/new\/wp-content\/uploads\/2020\/11\/PORTAL-1-1.png\",\"width\":1026,\"height\":100,\"caption\":\"Revista de Agricultura\"},\"image\":{\"@id\":\"https:\/\/www.mundoagropecuario.cl\/new\/#\/schema\/logo\/image\/\"},\"sameAs\":[\"https:\/\/www.facebook.com\/mundo.agropecuario.3\",\"https:\/\/x.com\/MundoAgropecuar\",\"https:\/\/www.linkedin.com\/in\/mundo-agropecuario-934009201\/\"]},{\"@type\":\"Person\",\"@id\":\"https:\/\/www.mundoagropecuario.cl\/new\/#\/schema\/person\/4e9f74a82a7dac260eb1c44b7eebeb18\",\"name\":\"mundo\",\"url\":\"https:\/\/www.mundoagropecuario.cl\/new\/author\/mundo\/\"}]}<\/script>\n<!-- \/ Yoast SEO plugin. -->","yoast_head_json":{"title":"El IPC de los productos l\u00e1cteos anota un comportamiento al alza en abril 2024 - Mundoagropecuario","description":"informe Productos L\u00e1cteos elaborado por Fedeleche, con antecedentes del INE, muestra que en abril de 2024 se registra un alza.","robots":{"index":"index","follow":"follow","max-snippet":"max-snippet:-1","max-image-preview":"max-image-preview:large","max-video-preview":"max-video-preview:-1"},"canonical":"https:\/\/www.mundoagropecuario.cl\/new\/el-ipc-de-los-productos-lacteos-anota-un-comportamiento-al-alza-en-abril-2024\/","og_locale":"es_ES","og_type":"article","og_title":"El IPC de los productos l\u00e1cteos anota un comportamiento al alza en abril 2024 - Mundoagropecuario","og_description":"informe Productos L\u00e1cteos elaborado por Fedeleche, con antecedentes del INE, muestra que en abril de 2024 se registra un alza.","og_url":"https:\/\/www.mundoagropecuario.cl\/new\/el-ipc-de-los-productos-lacteos-anota-un-comportamiento-al-alza-en-abril-2024\/","og_site_name":"Mundoagropecuario","article_publisher":"https:\/\/www.facebook.com\/mundo.agropecuario.3","article_published_time":"2024-05-15T13:38:11+00:00","article_modified_time":"2024-05-24T16:50:43+00:00","og_image":[{"width":716,"height":400,"url":"https:\/\/www.mundoagropecuario.cl\/new\/wp-content\/uploads\/2023\/12\/leche-y-queso-scaled.jpeg","type":"image\/jpeg"}],"author":"mundo","twitter_card":"summary_large_image","twitter_creator":"@MundoAgropecuar","twitter_site":"@MundoAgropecuar","twitter_misc":{"Escrito por":"mundo","Tiempo de lectura":"2 minutos"},"schema":{"@context":"https:\/\/schema.org","@graph":[{"@type":"Article","@id":"https:\/\/www.mundoagropecuario.cl\/new\/el-ipc-de-los-productos-lacteos-anota-un-comportamiento-al-alza-en-abril-2024\/#article","isPartOf":{"@id":"https:\/\/www.mundoagropecuario.cl\/new\/el-ipc-de-los-productos-lacteos-anota-un-comportamiento-al-alza-en-abril-2024\/"},"author":{"name":"mundo","@id":"https:\/\/www.mundoagropecuario.cl\/new\/#\/schema\/person\/4e9f74a82a7dac260eb1c44b7eebeb18"},"headline":"El IPC de los productos l\u00e1cteos anota un comportamiento al alza en abril 2024","datePublished":"2024-05-15T13:38:11+00:00","dateModified":"2024-05-24T16:50:43+00:00","mainEntityOfPage":{"@id":"https:\/\/www.mundoagropecuario.cl\/new\/el-ipc-de-los-productos-lacteos-anota-un-comportamiento-al-alza-en-abril-2024\/"},"wordCount":360,"publisher":{"@id":"https:\/\/www.mundoagropecuario.cl\/new\/#organization"},"image":{"@id":"https:\/\/www.mundoagropecuario.cl\/new\/el-ipc-de-los-productos-lacteos-anota-un-comportamiento-al-alza-en-abril-2024\/#primaryimage"},"thumbnailUrl":"https:\/\/www.mundoagropecuario.cl\/new\/wp-content\/uploads\/2023\/12\/leche-y-queso-scaled.jpeg","keywords":["Agricultura","Agro","Fedeleche","INE","IPC","la mantequilla","leche l\u00edquida","productos l\u00e1cteos"],"articleSection":["L\u00e1cteos"],"inLanguage":"es"},{"@type":"WebPage","@id":"https:\/\/www.mundoagropecuario.cl\/new\/el-ipc-de-los-productos-lacteos-anota-un-comportamiento-al-alza-en-abril-2024\/","url":"https:\/\/www.mundoagropecuario.cl\/new\/el-ipc-de-los-productos-lacteos-anota-un-comportamiento-al-alza-en-abril-2024\/","name":"El IPC de los productos l\u00e1cteos anota un comportamiento al alza en abril 2024 - Mundoagropecuario","isPartOf":{"@id":"https:\/\/www.mundoagropecuario.cl\/new\/#website"},"primaryImageOfPage":{"@id":"https:\/\/www.mundoagropecuario.cl\/new\/el-ipc-de-los-productos-lacteos-anota-un-comportamiento-al-alza-en-abril-2024\/#primaryimage"},"image":{"@id":"https:\/\/www.mundoagropecuario.cl\/new\/el-ipc-de-los-productos-lacteos-anota-un-comportamiento-al-alza-en-abril-2024\/#primaryimage"},"thumbnailUrl":"https:\/\/www.mundoagropecuario.cl\/new\/wp-content\/uploads\/2023\/12\/leche-y-queso-scaled.jpeg","datePublished":"2024-05-15T13:38:11+00:00","dateModified":"2024-05-24T16:50:43+00:00","description":"informe Productos L\u00e1cteos elaborado por Fedeleche, con antecedentes del INE, muestra que en abril de 2024 se registra un alza.","breadcrumb":{"@id":"https:\/\/www.mundoagropecuario.cl\/new\/el-ipc-de-los-productos-lacteos-anota-un-comportamiento-al-alza-en-abril-2024\/#breadcrumb"},"inLanguage":"es","potentialAction":[{"@type":"ReadAction","target":["https:\/\/www.mundoagropecuario.cl\/new\/el-ipc-de-los-productos-lacteos-anota-un-comportamiento-al-alza-en-abril-2024\/"]}]},{"@type":"ImageObject","inLanguage":"es","@id":"https:\/\/www.mundoagropecuario.cl\/new\/el-ipc-de-los-productos-lacteos-anota-un-comportamiento-al-alza-en-abril-2024\/#primaryimage","url":"https:\/\/www.mundoagropecuario.cl\/new\/wp-content\/uploads\/2023\/12\/leche-y-queso-scaled.jpeg","contentUrl":"https:\/\/www.mundoagropecuario.cl\/new\/wp-content\/uploads\/2023\/12\/leche-y-queso-scaled.jpeg","width":716,"height":400},{"@type":"BreadcrumbList","@id":"https:\/\/www.mundoagropecuario.cl\/new\/el-ipc-de-los-productos-lacteos-anota-un-comportamiento-al-alza-en-abril-2024\/#breadcrumb","itemListElement":[{"@type":"ListItem","position":1,"name":"Portada","item":"https:\/\/www.mundoagropecuario.cl\/new\/"},{"@type":"ListItem","position":2,"name":"El IPC de los productos l\u00e1cteos anota un comportamiento al alza en abril 2024"}]},{"@type":"WebSite","@id":"https:\/\/www.mundoagropecuario.cl\/new\/#website","url":"https:\/\/www.mundoagropecuario.cl\/new\/","name":"Mundoagropecuario","description":"Mundo Agropecuario","publisher":{"@id":"https:\/\/www.mundoagropecuario.cl\/new\/#organization"},"potentialAction":[{"@type":"SearchAction","target":{"@type":"EntryPoint","urlTemplate":"https:\/\/www.mundoagropecuario.cl\/new\/?s={search_term_string}"},"query-input":{"@type":"PropertyValueSpecification","valueRequired":true,"valueName":"search_term_string"}}],"inLanguage":"es"},{"@type":"Organization","@id":"https:\/\/www.mundoagropecuario.cl\/new\/#organization","name":"Revista de Agricultura","url":"https:\/\/www.mundoagropecuario.cl\/new\/","logo":{"@type":"ImageObject","inLanguage":"es","@id":"https:\/\/www.mundoagropecuario.cl\/new\/#\/schema\/logo\/image\/","url":"https:\/\/www.mundoagropecuario.cl\/new\/wp-content\/uploads\/2020\/11\/PORTAL-1-1.png","contentUrl":"https:\/\/www.mundoagropecuario.cl\/new\/wp-content\/uploads\/2020\/11\/PORTAL-1-1.png","width":1026,"height":100,"caption":"Revista de Agricultura"},"image":{"@id":"https:\/\/www.mundoagropecuario.cl\/new\/#\/schema\/logo\/image\/"},"sameAs":["https:\/\/www.facebook.com\/mundo.agropecuario.3","https:\/\/x.com\/MundoAgropecuar","https:\/\/www.linkedin.com\/in\/mundo-agropecuario-934009201\/"]},{"@type":"Person","@id":"https:\/\/www.mundoagropecuario.cl\/new\/#\/schema\/person\/4e9f74a82a7dac260eb1c44b7eebeb18","name":"mundo","url":"https:\/\/www.mundoagropecuario.cl\/new\/author\/mundo\/"}]}},"_links":{"self":[{"href":"https:\/\/www.mundoagropecuario.cl\/new\/wp-json\/wp\/v2\/posts\/25241","targetHints":{"allow":["GET"]}}],"collection":[{"href":"https:\/\/www.mundoagropecuario.cl\/new\/wp-json\/wp\/v2\/posts"}],"about":[{"href":"https:\/\/www.mundoagropecuario.cl\/new\/wp-json\/wp\/v2\/types\/post"}],"author":[{"embeddable":true,"href":"https:\/\/www.mundoagropecuario.cl\/new\/wp-json\/wp\/v2\/users\/2"}],"replies":[{"embeddable":true,"href":"https:\/\/www.mundoagropecuario.cl\/new\/wp-json\/wp\/v2\/comments?post=25241"}],"version-history":[{"count":1,"href":"https:\/\/www.mundoagropecuario.cl\/new\/wp-json\/wp\/v2\/posts\/25241\/revisions"}],"predecessor-version":[{"id":25243,"href":"https:\/\/www.mundoagropecuario.cl\/new\/wp-json\/wp\/v2\/posts\/25241\/revisions\/25243"}],"wp:featuredmedia":[{"embeddable":true,"href":"https:\/\/www.mundoagropecuario.cl\/new\/wp-json\/wp\/v2\/media\/24952"}],"wp:attachment":[{"href":"https:\/\/www.mundoagropecuario.cl\/new\/wp-json\/wp\/v2\/media?parent=25241"}],"wp:term":[{"taxonomy":"category","embeddable":true,"href":"https:\/\/www.mundoagropecuario.cl\/new\/wp-json\/wp\/v2\/categories?post=25241"},{"taxonomy":"post_tag","embeddable":true,"href":"https:\/\/www.mundoagropecuario.cl\/new\/wp-json\/wp\/v2\/tags?post=25241"}],"curies":[{"name":"wp","href":"https:\/\/api.w.org\/{rel}","templated":true}]}}