{"id":25233,"date":"2024-05-13T14:15:56","date_gmt":"2024-05-13T17:15:56","guid":{"rendered":"https:\/\/www.mundoagropecuario.cl\/new\/?p=25233"},"modified":"2024-05-22T14:14:29","modified_gmt":"2024-05-22T17:14:29","slug":"hemisferio-norte-sera-el-nuevo-hogar-de-abejas-reinas-producidas-en-el-sur-de-chile","status":"publish","type":"post","link":"https:\/\/www.mundoagropecuario.cl\/new\/hemisferio-norte-sera-el-nuevo-hogar-de-abejas-reinas-producidas-en-el-sur-de-chile\/","title":{"rendered":"Hemisferio Norte ser\u00e1 el nuevo hogar de abejas reinas producidas en el sur de Chile"},"content":{"rendered":"<p>\u201cLa exportaci\u00f3n de abejas reina es una nueva oportunidad de negocio para los apicultores y, en particular, las abejas que se cr\u00edan en el sur de Chile destacan por su calidad gen\u00e9tica, adaptaci\u00f3n a cambios clim\u00e1ticos y r\u00e1pida producci\u00f3n de cr\u00edas en primavera\u201d, explic\u00f3 Mario Loyola, Director Regional (s) del SAG Los Lagos.<\/p>\n<p><a href=\"https:\/\/www.mundoagropecuario.cl\/new\/wp-content\/uploads\/2024\/05\/Abejas-3-1-scaled.jpg\"><img loading=\"lazy\" decoding=\"async\" class=\"alignleft wp-image-25235 size-full\" src=\"https:\/\/www.mundoagropecuario.cl\/new\/wp-content\/uploads\/2024\/05\/Abejas-3-1-scaled.jpg\" alt=\"\" width=\"379\" height=\"400\" srcset=\"https:\/\/www.mundoagropecuario.cl\/new\/wp-content\/uploads\/2024\/05\/Abejas-3-1-scaled.jpg 379w, https:\/\/www.mundoagropecuario.cl\/new\/wp-content\/uploads\/2024\/05\/Abejas-3-1-126x133.jpg 126w\" sizes=\"auto, (max-width: 379px) 100vw, 379px\" \/><\/a>Seg\u00fan coment\u00f3 Daniel Obando Espa\u00f1a, apicultor a cargo de la exportaci\u00f3n, quien reside en el sector Cruce La Paloma, comuna de Los Muermos, cada una las reinas mel\u00edferas, viaja acompa\u00f1ada de 5 nodrizas, en jaulas peque\u00f1as de transporte y con alimentaci\u00f3n suficiente para el trayecto del viaje. Las abejas son de raza c\u00e1rnica (negra), una variedad conocida por su mansedumbre, alta productividad y adaptaci\u00f3n a bajas temperaturas.<\/p>\n<p>\u201cEsas son las caracter\u00edsticas que buscan los apicultores canadienses quienes actualmente trabajan con otras variedades -italianas, buckfast &#8211; m\u00e1s delicadas a climas fr\u00edos, menos productoras de miel, y de comportamiento agresivo lo cual dificulta su manejo\u201d, agreg\u00f3 Obando.<\/p>\n<p>Para fines de este mes, el apicultor proyecta efectuar un nuevo env\u00edo, al mismo mercado, por una cantidad similar de abejas reinas. Tambi\u00e9n tiene previsto, en junio, un viaje al Hemisferio Norte en b\u00fasqueda de potenciales nuevos clientes en Toronto y en Winnipeg. \u201cSon contactos que hice cuando particip\u00e9 con un stand en la Feria Internacional Apimondia 2023 que tuvo como sede a Chile. En ese espacio tuve la oportunidad de conversar con apicultores de Canad\u00e1 quienes est\u00e1n muy contentos con las cualidades de las abejas chilenas ya que se adaptan mejor, hibernan bien y producen m\u00e1s miel\u201d.<\/p>\n","protected":false},"excerpt":{"rendered":"<p>Con destino a Toronto, Canad\u00e1, salieron desde un predio ubicado en la comuna de Los Muermos, 552 abejas reinas. Para concretar la exportaci\u00f3n, el SAG verific\u00f3, ausencia de enfermedades como Loque americana, Loque Europea y varroa.<\/p>\n","protected":false},"author":2,"featured_media":25234,"comment_status":"closed","ping_status":"closed","sticky":false,"template":"","format":"standard","meta":{"footnotes":""},"categories":[1945],"tags":[5531,2090,3127,8735,8734,5798,2277],"class_list":["post-25233","post","type-post","status-publish","format-standard","has-post-thumbnail","hentry","category-agricultura","tag-abejas-reinas","tag-agricultura","tag-agro","tag-apicultores-de-canada","tag-buckfast","tag-hemisferio-norte","tag-sag-los-lagos"],"yoast_head":"<!-- This site is optimized with the Yoast SEO plugin v26.6 - https:\/\/yoast.com\/wordpress\/plugins\/seo\/ -->\n<title>Hemisferio Norte ser\u00e1 el nuevo hogar de abejas reinas producidas en el sur de Chile - Mundoagropecuario<\/title>\n<meta name=\"description\" content=\"Con destino a Toronto, Canad\u00e1, salieron desde un predio ubicado en la comuna de Los Muermos, 552 abejas reinas. Para concretar la exportaci\u00f3n\" \/>\n<meta name=\"robots\" content=\"index, follow, max-snippet:-1, max-image-preview:large, max-video-preview:-1\" \/>\n<link rel=\"canonical\" href=\"https:\/\/www.mundoagropecuario.cl\/new\/hemisferio-norte-sera-el-nuevo-hogar-de-abejas-reinas-producidas-en-el-sur-de-chile\/\" \/>\n<meta property=\"og:locale\" content=\"es_ES\" \/>\n<meta property=\"og:type\" content=\"article\" \/>\n<meta property=\"og:title\" content=\"Hemisferio Norte ser\u00e1 el nuevo hogar de abejas reinas producidas en el sur de Chile - Mundoagropecuario\" \/>\n<meta property=\"og:description\" content=\"Con destino a Toronto, Canad\u00e1, salieron desde un predio ubicado en la comuna de Los Muermos, 552 abejas reinas. Para concretar la exportaci\u00f3n\" \/>\n<meta property=\"og:url\" content=\"https:\/\/www.mundoagropecuario.cl\/new\/hemisferio-norte-sera-el-nuevo-hogar-de-abejas-reinas-producidas-en-el-sur-de-chile\/\" \/>\n<meta property=\"og:site_name\" content=\"Mundoagropecuario\" \/>\n<meta property=\"article:publisher\" content=\"https:\/\/www.facebook.com\/mundo.agropecuario.3\" \/>\n<meta property=\"article:published_time\" content=\"2024-05-13T17:15:56+00:00\" \/>\n<meta property=\"article:modified_time\" content=\"2024-05-22T17:14:29+00:00\" \/>\n<meta property=\"og:image\" content=\"https:\/\/www.mundoagropecuario.cl\/new\/wp-content\/uploads\/2024\/05\/Abejs-foto-1-2-scaled.jpg\" \/>\n\t<meta property=\"og:image:width\" content=\"686\" \/>\n\t<meta property=\"og:image:height\" content=\"400\" \/>\n\t<meta property=\"og:image:type\" content=\"image\/jpeg\" \/>\n<meta name=\"author\" content=\"mundo\" \/>\n<meta name=\"twitter:card\" content=\"summary_large_image\" \/>\n<meta name=\"twitter:creator\" content=\"@MundoAgropecuar\" \/>\n<meta name=\"twitter:site\" content=\"@MundoAgropecuar\" \/>\n<meta name=\"twitter:label1\" content=\"Escrito por\" \/>\n\t<meta name=\"twitter:data1\" content=\"mundo\" \/>\n\t<meta name=\"twitter:label2\" content=\"Tiempo de lectura\" \/>\n\t<meta name=\"twitter:data2\" content=\"2 minutos\" \/>\n<script type=\"application\/ld+json\" class=\"yoast-schema-graph\">{\"@context\":\"https:\/\/schema.org\",\"@graph\":[{\"@type\":\"Article\",\"@id\":\"https:\/\/www.mundoagropecuario.cl\/new\/hemisferio-norte-sera-el-nuevo-hogar-de-abejas-reinas-producidas-en-el-sur-de-chile\/#article\",\"isPartOf\":{\"@id\":\"https:\/\/www.mundoagropecuario.cl\/new\/hemisferio-norte-sera-el-nuevo-hogar-de-abejas-reinas-producidas-en-el-sur-de-chile\/\"},\"author\":{\"name\":\"mundo\",\"@id\":\"https:\/\/www.mundoagropecuario.cl\/new\/#\/schema\/person\/4e9f74a82a7dac260eb1c44b7eebeb18\"},\"headline\":\"Hemisferio Norte ser\u00e1 el nuevo hogar de abejas reinas producidas en el sur de Chile\",\"datePublished\":\"2024-05-13T17:15:56+00:00\",\"dateModified\":\"2024-05-22T17:14:29+00:00\",\"mainEntityOfPage\":{\"@id\":\"https:\/\/www.mundoagropecuario.cl\/new\/hemisferio-norte-sera-el-nuevo-hogar-de-abejas-reinas-producidas-en-el-sur-de-chile\/\"},\"wordCount\":294,\"publisher\":{\"@id\":\"https:\/\/www.mundoagropecuario.cl\/new\/#organization\"},\"image\":{\"@id\":\"https:\/\/www.mundoagropecuario.cl\/new\/hemisferio-norte-sera-el-nuevo-hogar-de-abejas-reinas-producidas-en-el-sur-de-chile\/#primaryimage\"},\"thumbnailUrl\":\"https:\/\/www.mundoagropecuario.cl\/new\/wp-content\/uploads\/2024\/05\/Abejs-foto-1-2-scaled.jpg\",\"keywords\":[\"abejas reinas\",\"Agricultura\",\"Agro\",\"apicultores de Canad\u00e1\",\"buckfast -\",\"hemisferio norte\",\"SAG Los Lagos\"],\"articleSection\":[\"Agricultura\"],\"inLanguage\":\"es\"},{\"@type\":\"WebPage\",\"@id\":\"https:\/\/www.mundoagropecuario.cl\/new\/hemisferio-norte-sera-el-nuevo-hogar-de-abejas-reinas-producidas-en-el-sur-de-chile\/\",\"url\":\"https:\/\/www.mundoagropecuario.cl\/new\/hemisferio-norte-sera-el-nuevo-hogar-de-abejas-reinas-producidas-en-el-sur-de-chile\/\",\"name\":\"Hemisferio Norte ser\u00e1 el nuevo hogar de abejas reinas producidas en el sur de Chile - Mundoagropecuario\",\"isPartOf\":{\"@id\":\"https:\/\/www.mundoagropecuario.cl\/new\/#website\"},\"primaryImageOfPage\":{\"@id\":\"https:\/\/www.mundoagropecuario.cl\/new\/hemisferio-norte-sera-el-nuevo-hogar-de-abejas-reinas-producidas-en-el-sur-de-chile\/#primaryimage\"},\"image\":{\"@id\":\"https:\/\/www.mundoagropecuario.cl\/new\/hemisferio-norte-sera-el-nuevo-hogar-de-abejas-reinas-producidas-en-el-sur-de-chile\/#primaryimage\"},\"thumbnailUrl\":\"https:\/\/www.mundoagropecuario.cl\/new\/wp-content\/uploads\/2024\/05\/Abejs-foto-1-2-scaled.jpg\",\"datePublished\":\"2024-05-13T17:15:56+00:00\",\"dateModified\":\"2024-05-22T17:14:29+00:00\",\"description\":\"Con destino a Toronto, Canad\u00e1, salieron desde un predio ubicado en la comuna de Los Muermos, 552 abejas reinas. Para concretar la exportaci\u00f3n\",\"breadcrumb\":{\"@id\":\"https:\/\/www.mundoagropecuario.cl\/new\/hemisferio-norte-sera-el-nuevo-hogar-de-abejas-reinas-producidas-en-el-sur-de-chile\/#breadcrumb\"},\"inLanguage\":\"es\",\"potentialAction\":[{\"@type\":\"ReadAction\",\"target\":[\"https:\/\/www.mundoagropecuario.cl\/new\/hemisferio-norte-sera-el-nuevo-hogar-de-abejas-reinas-producidas-en-el-sur-de-chile\/\"]}]},{\"@type\":\"ImageObject\",\"inLanguage\":\"es\",\"@id\":\"https:\/\/www.mundoagropecuario.cl\/new\/hemisferio-norte-sera-el-nuevo-hogar-de-abejas-reinas-producidas-en-el-sur-de-chile\/#primaryimage\",\"url\":\"https:\/\/www.mundoagropecuario.cl\/new\/wp-content\/uploads\/2024\/05\/Abejs-foto-1-2-scaled.jpg\",\"contentUrl\":\"https:\/\/www.mundoagropecuario.cl\/new\/wp-content\/uploads\/2024\/05\/Abejs-foto-1-2-scaled.jpg\",\"width\":686,\"height\":400},{\"@type\":\"BreadcrumbList\",\"@id\":\"https:\/\/www.mundoagropecuario.cl\/new\/hemisferio-norte-sera-el-nuevo-hogar-de-abejas-reinas-producidas-en-el-sur-de-chile\/#breadcrumb\",\"itemListElement\":[{\"@type\":\"ListItem\",\"position\":1,\"name\":\"Portada\",\"item\":\"https:\/\/www.mundoagropecuario.cl\/new\/\"},{\"@type\":\"ListItem\",\"position\":2,\"name\":\"Hemisferio Norte ser\u00e1 el nuevo hogar de abejas reinas producidas en el sur de Chile\"}]},{\"@type\":\"WebSite\",\"@id\":\"https:\/\/www.mundoagropecuario.cl\/new\/#website\",\"url\":\"https:\/\/www.mundoagropecuario.cl\/new\/\",\"name\":\"Mundoagropecuario\",\"description\":\"Mundo Agropecuario\",\"publisher\":{\"@id\":\"https:\/\/www.mundoagropecuario.cl\/new\/#organization\"},\"potentialAction\":[{\"@type\":\"SearchAction\",\"target\":{\"@type\":\"EntryPoint\",\"urlTemplate\":\"https:\/\/www.mundoagropecuario.cl\/new\/?s={search_term_string}\"},\"query-input\":{\"@type\":\"PropertyValueSpecification\",\"valueRequired\":true,\"valueName\":\"search_term_string\"}}],\"inLanguage\":\"es\"},{\"@type\":\"Organization\",\"@id\":\"https:\/\/www.mundoagropecuario.cl\/new\/#organization\",\"name\":\"Revista de Agricultura\",\"url\":\"https:\/\/www.mundoagropecuario.cl\/new\/\",\"logo\":{\"@type\":\"ImageObject\",\"inLanguage\":\"es\",\"@id\":\"https:\/\/www.mundoagropecuario.cl\/new\/#\/schema\/logo\/image\/\",\"url\":\"https:\/\/www.mundoagropecuario.cl\/new\/wp-content\/uploads\/2020\/11\/PORTAL-1-1.png\",\"contentUrl\":\"https:\/\/www.mundoagropecuario.cl\/new\/wp-content\/uploads\/2020\/11\/PORTAL-1-1.png\",\"width\":1026,\"height\":100,\"caption\":\"Revista de Agricultura\"},\"image\":{\"@id\":\"https:\/\/www.mundoagropecuario.cl\/new\/#\/schema\/logo\/image\/\"},\"sameAs\":[\"https:\/\/www.facebook.com\/mundo.agropecuario.3\",\"https:\/\/x.com\/MundoAgropecuar\",\"https:\/\/www.linkedin.com\/in\/mundo-agropecuario-934009201\/\"]},{\"@type\":\"Person\",\"@id\":\"https:\/\/www.mundoagropecuario.cl\/new\/#\/schema\/person\/4e9f74a82a7dac260eb1c44b7eebeb18\",\"name\":\"mundo\",\"url\":\"https:\/\/www.mundoagropecuario.cl\/new\/author\/mundo\/\"}]}<\/script>\n<!-- \/ Yoast SEO plugin. -->","yoast_head_json":{"title":"Hemisferio Norte ser\u00e1 el nuevo hogar de abejas reinas producidas en el sur de Chile - Mundoagropecuario","description":"Con destino a Toronto, Canad\u00e1, salieron desde un predio ubicado en la comuna de Los Muermos, 552 abejas reinas. Para concretar la exportaci\u00f3n","robots":{"index":"index","follow":"follow","max-snippet":"max-snippet:-1","max-image-preview":"max-image-preview:large","max-video-preview":"max-video-preview:-1"},"canonical":"https:\/\/www.mundoagropecuario.cl\/new\/hemisferio-norte-sera-el-nuevo-hogar-de-abejas-reinas-producidas-en-el-sur-de-chile\/","og_locale":"es_ES","og_type":"article","og_title":"Hemisferio Norte ser\u00e1 el nuevo hogar de abejas reinas producidas en el sur de Chile - Mundoagropecuario","og_description":"Con destino a Toronto, Canad\u00e1, salieron desde un predio ubicado en la comuna de Los Muermos, 552 abejas reinas. Para concretar la exportaci\u00f3n","og_url":"https:\/\/www.mundoagropecuario.cl\/new\/hemisferio-norte-sera-el-nuevo-hogar-de-abejas-reinas-producidas-en-el-sur-de-chile\/","og_site_name":"Mundoagropecuario","article_publisher":"https:\/\/www.facebook.com\/mundo.agropecuario.3","article_published_time":"2024-05-13T17:15:56+00:00","article_modified_time":"2024-05-22T17:14:29+00:00","og_image":[{"width":686,"height":400,"url":"https:\/\/www.mundoagropecuario.cl\/new\/wp-content\/uploads\/2024\/05\/Abejs-foto-1-2-scaled.jpg","type":"image\/jpeg"}],"author":"mundo","twitter_card":"summary_large_image","twitter_creator":"@MundoAgropecuar","twitter_site":"@MundoAgropecuar","twitter_misc":{"Escrito por":"mundo","Tiempo de lectura":"2 minutos"},"schema":{"@context":"https:\/\/schema.org","@graph":[{"@type":"Article","@id":"https:\/\/www.mundoagropecuario.cl\/new\/hemisferio-norte-sera-el-nuevo-hogar-de-abejas-reinas-producidas-en-el-sur-de-chile\/#article","isPartOf":{"@id":"https:\/\/www.mundoagropecuario.cl\/new\/hemisferio-norte-sera-el-nuevo-hogar-de-abejas-reinas-producidas-en-el-sur-de-chile\/"},"author":{"name":"mundo","@id":"https:\/\/www.mundoagropecuario.cl\/new\/#\/schema\/person\/4e9f74a82a7dac260eb1c44b7eebeb18"},"headline":"Hemisferio Norte ser\u00e1 el nuevo hogar de abejas reinas producidas en el sur de Chile","datePublished":"2024-05-13T17:15:56+00:00","dateModified":"2024-05-22T17:14:29+00:00","mainEntityOfPage":{"@id":"https:\/\/www.mundoagropecuario.cl\/new\/hemisferio-norte-sera-el-nuevo-hogar-de-abejas-reinas-producidas-en-el-sur-de-chile\/"},"wordCount":294,"publisher":{"@id":"https:\/\/www.mundoagropecuario.cl\/new\/#organization"},"image":{"@id":"https:\/\/www.mundoagropecuario.cl\/new\/hemisferio-norte-sera-el-nuevo-hogar-de-abejas-reinas-producidas-en-el-sur-de-chile\/#primaryimage"},"thumbnailUrl":"https:\/\/www.mundoagropecuario.cl\/new\/wp-content\/uploads\/2024\/05\/Abejs-foto-1-2-scaled.jpg","keywords":["abejas reinas","Agricultura","Agro","apicultores de Canad\u00e1","buckfast -","hemisferio norte","SAG Los Lagos"],"articleSection":["Agricultura"],"inLanguage":"es"},{"@type":"WebPage","@id":"https:\/\/www.mundoagropecuario.cl\/new\/hemisferio-norte-sera-el-nuevo-hogar-de-abejas-reinas-producidas-en-el-sur-de-chile\/","url":"https:\/\/www.mundoagropecuario.cl\/new\/hemisferio-norte-sera-el-nuevo-hogar-de-abejas-reinas-producidas-en-el-sur-de-chile\/","name":"Hemisferio Norte ser\u00e1 el nuevo hogar de abejas reinas producidas en el sur de Chile - Mundoagropecuario","isPartOf":{"@id":"https:\/\/www.mundoagropecuario.cl\/new\/#website"},"primaryImageOfPage":{"@id":"https:\/\/www.mundoagropecuario.cl\/new\/hemisferio-norte-sera-el-nuevo-hogar-de-abejas-reinas-producidas-en-el-sur-de-chile\/#primaryimage"},"image":{"@id":"https:\/\/www.mundoagropecuario.cl\/new\/hemisferio-norte-sera-el-nuevo-hogar-de-abejas-reinas-producidas-en-el-sur-de-chile\/#primaryimage"},"thumbnailUrl":"https:\/\/www.mundoagropecuario.cl\/new\/wp-content\/uploads\/2024\/05\/Abejs-foto-1-2-scaled.jpg","datePublished":"2024-05-13T17:15:56+00:00","dateModified":"2024-05-22T17:14:29+00:00","description":"Con destino a Toronto, Canad\u00e1, salieron desde un predio ubicado en la comuna de Los Muermos, 552 abejas reinas. Para concretar la exportaci\u00f3n","breadcrumb":{"@id":"https:\/\/www.mundoagropecuario.cl\/new\/hemisferio-norte-sera-el-nuevo-hogar-de-abejas-reinas-producidas-en-el-sur-de-chile\/#breadcrumb"},"inLanguage":"es","potentialAction":[{"@type":"ReadAction","target":["https:\/\/www.mundoagropecuario.cl\/new\/hemisferio-norte-sera-el-nuevo-hogar-de-abejas-reinas-producidas-en-el-sur-de-chile\/"]}]},{"@type":"ImageObject","inLanguage":"es","@id":"https:\/\/www.mundoagropecuario.cl\/new\/hemisferio-norte-sera-el-nuevo-hogar-de-abejas-reinas-producidas-en-el-sur-de-chile\/#primaryimage","url":"https:\/\/www.mundoagropecuario.cl\/new\/wp-content\/uploads\/2024\/05\/Abejs-foto-1-2-scaled.jpg","contentUrl":"https:\/\/www.mundoagropecuario.cl\/new\/wp-content\/uploads\/2024\/05\/Abejs-foto-1-2-scaled.jpg","width":686,"height":400},{"@type":"BreadcrumbList","@id":"https:\/\/www.mundoagropecuario.cl\/new\/hemisferio-norte-sera-el-nuevo-hogar-de-abejas-reinas-producidas-en-el-sur-de-chile\/#breadcrumb","itemListElement":[{"@type":"ListItem","position":1,"name":"Portada","item":"https:\/\/www.mundoagropecuario.cl\/new\/"},{"@type":"ListItem","position":2,"name":"Hemisferio Norte ser\u00e1 el nuevo hogar de abejas reinas producidas en el sur de Chile"}]},{"@type":"WebSite","@id":"https:\/\/www.mundoagropecuario.cl\/new\/#website","url":"https:\/\/www.mundoagropecuario.cl\/new\/","name":"Mundoagropecuario","description":"Mundo Agropecuario","publisher":{"@id":"https:\/\/www.mundoagropecuario.cl\/new\/#organization"},"potentialAction":[{"@type":"SearchAction","target":{"@type":"EntryPoint","urlTemplate":"https:\/\/www.mundoagropecuario.cl\/new\/?s={search_term_string}"},"query-input":{"@type":"PropertyValueSpecification","valueRequired":true,"valueName":"search_term_string"}}],"inLanguage":"es"},{"@type":"Organization","@id":"https:\/\/www.mundoagropecuario.cl\/new\/#organization","name":"Revista de Agricultura","url":"https:\/\/www.mundoagropecuario.cl\/new\/","logo":{"@type":"ImageObject","inLanguage":"es","@id":"https:\/\/www.mundoagropecuario.cl\/new\/#\/schema\/logo\/image\/","url":"https:\/\/www.mundoagropecuario.cl\/new\/wp-content\/uploads\/2020\/11\/PORTAL-1-1.png","contentUrl":"https:\/\/www.mundoagropecuario.cl\/new\/wp-content\/uploads\/2020\/11\/PORTAL-1-1.png","width":1026,"height":100,"caption":"Revista de Agricultura"},"image":{"@id":"https:\/\/www.mundoagropecuario.cl\/new\/#\/schema\/logo\/image\/"},"sameAs":["https:\/\/www.facebook.com\/mundo.agropecuario.3","https:\/\/x.com\/MundoAgropecuar","https:\/\/www.linkedin.com\/in\/mundo-agropecuario-934009201\/"]},{"@type":"Person","@id":"https:\/\/www.mundoagropecuario.cl\/new\/#\/schema\/person\/4e9f74a82a7dac260eb1c44b7eebeb18","name":"mundo","url":"https:\/\/www.mundoagropecuario.cl\/new\/author\/mundo\/"}]}},"_links":{"self":[{"href":"https:\/\/www.mundoagropecuario.cl\/new\/wp-json\/wp\/v2\/posts\/25233","targetHints":{"allow":["GET"]}}],"collection":[{"href":"https:\/\/www.mundoagropecuario.cl\/new\/wp-json\/wp\/v2\/posts"}],"about":[{"href":"https:\/\/www.mundoagropecuario.cl\/new\/wp-json\/wp\/v2\/types\/post"}],"author":[{"embeddable":true,"href":"https:\/\/www.mundoagropecuario.cl\/new\/wp-json\/wp\/v2\/users\/2"}],"replies":[{"embeddable":true,"href":"https:\/\/www.mundoagropecuario.cl\/new\/wp-json\/wp\/v2\/comments?post=25233"}],"version-history":[{"count":1,"href":"https:\/\/www.mundoagropecuario.cl\/new\/wp-json\/wp\/v2\/posts\/25233\/revisions"}],"predecessor-version":[{"id":25236,"href":"https:\/\/www.mundoagropecuario.cl\/new\/wp-json\/wp\/v2\/posts\/25233\/revisions\/25236"}],"wp:featuredmedia":[{"embeddable":true,"href":"https:\/\/www.mundoagropecuario.cl\/new\/wp-json\/wp\/v2\/media\/25234"}],"wp:attachment":[{"href":"https:\/\/www.mundoagropecuario.cl\/new\/wp-json\/wp\/v2\/media?parent=25233"}],"wp:term":[{"taxonomy":"category","embeddable":true,"href":"https:\/\/www.mundoagropecuario.cl\/new\/wp-json\/wp\/v2\/categories?post=25233"},{"taxonomy":"post_tag","embeddable":true,"href":"https:\/\/www.mundoagropecuario.cl\/new\/wp-json\/wp\/v2\/tags?post=25233"}],"curies":[{"name":"wp","href":"https:\/\/api.w.org\/{rel}","templated":true}]}}