{"id":25189,"date":"2024-04-22T19:15:09","date_gmt":"2024-04-22T22:15:09","guid":{"rendered":"https:\/\/www.mundoagropecuario.cl\/new\/?p=25189"},"modified":"2024-05-13T14:16:41","modified_gmt":"2024-05-13T17:16:41","slug":"universidad-austral-y-cooperativas-del-sur-firman-convenio-para-fortalecer-la-educacion-cooperativa","status":"publish","type":"post","link":"https:\/\/www.mundoagropecuario.cl\/new\/universidad-austral-y-cooperativas-del-sur-firman-convenio-para-fortalecer-la-educacion-cooperativa\/","title":{"rendered":"Universidad Austral y Cooperativas del Sur firman convenio para fortalecer la educaci\u00f3n cooperativa"},"content":{"rendered":"<p>En un acto significativo para el desarrollo educativo y empresarial del sur del pa\u00eds, se llev\u00f3 a cabo la firma del convenio entre la Universidad Austral de Chile y la Asociaci\u00f3n Gremial de Cooperativas del Sur, entidad que re\u00fane a Cooprel, Colun, Torrencial Lechero, CREO, Cooprinsem, Bansur, Copelec, Car \u00d1uble, Crell, Libercoop, Ganacoop, Cooperativas Campesina de Productores Ovinos de San Juan de la Costa, New Dev y Cooperativa de Apicultores Org\u00e1nicos de Chile. La ceremonia cont\u00f3 con la presencia de las m\u00e1ximas autoridades de la casa de estudios y destacados representantes del sector cooperativo.<\/p>\n<p><a href=\"https:\/\/www.mundoagropecuario.cl\/new\/wp-content\/uploads\/2024\/04\/Uach-3-2-scaled.jpg\"><img loading=\"lazy\" decoding=\"async\" class=\"alignleft wp-image-25192 \" src=\"https:\/\/www.mundoagropecuario.cl\/new\/wp-content\/uploads\/2024\/04\/Uach-3-2-scaled.jpg\" alt=\"\" width=\"574\" height=\"348\" \/><\/a>El convenio, fruto de un proceso de di\u00e1logo y colaboraci\u00f3n, tiene como objetivo principal potenciar las habilidades y competencias de los estudiantes universitarios en \u00e1reas fundamentales como el cooperativismo, la asociatividad y el emprendimiento. Con esto, se busca fortalecer la formaci\u00f3n de futuros l\u00edderes profesionales, dot\u00e1ndolos de conocimientos esenciales para su inserci\u00f3n en el mercado laboral y su contribuci\u00f3n al desarrollo sostenible de las regiones del sur de Chile.<\/p>\n<p>Una de las caracter\u00edsticas m\u00e1s destacadas de este acuerdo es su alcance transversal, abarcando todas las sedes de la Universidad Austral (Valdivia, Osorno, Puerto Montt y Patagonia) y todas las carreras impartidas por la instituci\u00f3n. De este modo, se invita a estudiantes de diversas disciplinas, a participar activamente en actividades relacionadas con el cooperativismo y la gesti\u00f3n empresarial.<\/p>\n<p>Este compromiso se sustenta en cinco pilares fundamentales que orientar\u00e1n las acciones conjuntas entre ambas instituciones como vinculaci\u00f3n acad\u00e9mica, pr\u00e1cticas y pasant\u00edas, innovaci\u00f3n y tecnolog\u00eda, investigaci\u00f3n y desarrollo y vinculaci\u00f3n con la comunidad.<\/p>\n<p>De esta manera, esta alianza entre Cooperativas del Sur y la Universidad Austral de Chile representa una colaboraci\u00f3n integral y estrat\u00e9gica para impulsar el desarrollo humano y econ\u00f3mico del sur de Chile, a trav\u00e9s del fortalecimiento de la formaci\u00f3n acad\u00e9mica y el fomento de iniciativas empresariales basadas en los principios del cooperativismo y la sostenibilidad.<\/p>\n<p>Fernando Becker, presidente de Cooperativas del Sur, enfatiz\u00f3 que &#8220;es muy importante para los j\u00f3venes que est\u00e1n en la Universidad que salgan con un concepto de cooperaci\u00f3n entre s\u00ed, de unidad. Qu\u00e9 mejor que reunir talentos y recursos econ\u00f3micos para organizar diferentes cooperativas y hacer surgir a este pa\u00eds y la regi\u00f3n&#8221;.<\/p>\n<p><a href=\"https:\/\/www.mundoagropecuario.cl\/new\/wp-content\/uploads\/2024\/04\/Uach1-1-scaled.jpg\"><img loading=\"lazy\" decoding=\"async\" class=\"alignright wp-image-25191 \" src=\"https:\/\/www.mundoagropecuario.cl\/new\/wp-content\/uploads\/2024\/04\/Uach1-1-scaled.jpg\" alt=\"\" width=\"613\" height=\"368\" \/><\/a>A su vez, Becker resalt\u00f3 la necesidad de &#8220;darle espacio a los j\u00f3venes de la Universidad para ampliar el concepto cooperativo. Queremos poner de pie a las regiones del sur, sacar a la gente de la pobreza y que se incorporen a la clase media. Buscamos que los recursos queden ac\u00e1, y muchos de los proyectos que se hacen son producto de excedentes de las propias cooperativas como Colun y Cooprinsem. Estamos haciendo patria y poniendo de pie al sur del pa\u00eds. Tenemos grandes desaf\u00edos y este hito de firmar un acuerdo con la Universidad Austral nos llena de orgullo y compromiso. Queremos que la Universidad sea protagonista del desarrollo de la regi\u00f3n y sus habitantes&#8221;.<\/p>\n<p>Por su parte, Jos\u00e9 D\u00f6rner, Rector de la Universidad Austral de Chile, subray\u00f3 que &#8220;para nosotros como casa de estudio es muy importante haber firmado este convenio, porque el cooperativismo es un elemento crucial para el desarrollo sostenible del territorio. En ese contexto, las cooperativas asociadas son un claro ejemplo de ello, como Colun y Cooprinsem, donde tenemos la suerte de contar con alumnos que han contribuido al desarrollo de estas empresas. Esperamos que nuestros estudiantes puedan aprender del cooperativismo, pero queremos que esta interacci\u00f3n sea bidireccional. Queremos resolver problemas productivos a trav\u00e9s de la investigaci\u00f3n, y tambi\u00e9n brindar oportunidades de perfeccionamiento profesional a los colaboradores de estas empresas en diversos \u00e1mbitos&#8221;.<\/p>\n<p>Asimismo, Mar\u00eda Alejandra Droguett, Directora de Vinculaci\u00f3n con el Medio de la UACh, destac\u00f3 que &#8220;este compromiso y desaf\u00edo son muy relevantes. Significar\u00e1n ampliar nuestra experiencia en cooperativismo, lo cual es fundamental para nuestra relaci\u00f3n con la comunidad. Realizamos actividades docentes, de extensi\u00f3n y colaboramos con el Centro de Negocios Sercotec, del cual recientemente fuimos nombrados operadores. Esto nos permite establecer una estructura que potencie las actividades de los emprendedores de la zona, por lo que estamos realmente entusiasmados con este proyecto&#8221;.<\/p>\n<p>Finalmente, Gustavo Araya, Subgerente de Estrategia de Colun y representante de Cooperativas del Sur, resalt\u00f3 que &#8220;para nosotros este convenio marca un hito muy significativo. Nos permitir\u00e1 promover el cooperativismo entre docentes y, sobre todo, entre alumnos, lo que abre numerosas oportunidades. Esto nos permitir\u00e1 adoptar una nueva perspectiva hacia la generaci\u00f3n de empleo y actividades en nuestra zona. Llevamos muchos a\u00f1os aplicando el modelo cooperativo, lo que nos llena de orgullo, as\u00ed como a la regi\u00f3n y al pa\u00eds en su conjunto&#8221;.<\/p>\n","protected":false},"excerpt":{"rendered":"<p>Una de las caracter\u00edsticas m\u00e1s destacadas de este acuerdo es su alcance transversal, abarcando todas las sedes de la Universidad Austral (Valdivia, Osorno, Puerto Montt y Patagonia) y todas las carreras impartidas por la instituci\u00f3n.<\/p>\n","protected":false},"author":2,"featured_media":25190,"comment_status":"closed","ping_status":"closed","sticky":false,"template":"","format":"standard","meta":{"footnotes":""},"categories":[1952],"tags":[2090,3127,2332,6614,2034,8712,2334,2261,2330,2333,2336,8710,8711,2335,3324,6978,8709],"class_list":["post-25189","post","type-post","status-publish","format-standard","has-post-thumbnail","hentry","category-educacion","tag-agricultura","tag-agro","tag-bansur","tag-car-nuble","tag-colun","tag-cooperativas-campesina","tag-cooprel","tag-cooprinsem","tag-copelec","tag-crell","tag-creo","tag-educacion-cooperativa","tag-ganacoop","tag-libercoop","tag-torrencial-lechero","tag-universidad-austral","tag-universidad-austral-y-cooperativas-del-sur"],"yoast_head":"<!-- This site is optimized with the Yoast SEO plugin v26.6 - https:\/\/yoast.com\/wordpress\/plugins\/seo\/ -->\n<title>Universidad Austral y Cooperativas del Sur firman convenio para fortalecer la educaci\u00f3n cooperativa - Mundoagropecuario<\/title>\n<meta name=\"description\" content=\"Una de las caracter\u00edsticas m\u00e1s destacadas de este acuerdo es su alcance transversal, abarcando todas las sedes de la Universidad Austral.\" \/>\n<meta name=\"robots\" content=\"index, follow, max-snippet:-1, max-image-preview:large, max-video-preview:-1\" \/>\n<link rel=\"canonical\" href=\"https:\/\/www.mundoagropecuario.cl\/new\/universidad-austral-y-cooperativas-del-sur-firman-convenio-para-fortalecer-la-educacion-cooperativa\/\" \/>\n<meta property=\"og:locale\" content=\"es_ES\" \/>\n<meta property=\"og:type\" content=\"article\" \/>\n<meta property=\"og:title\" content=\"Universidad Austral y Cooperativas del Sur firman convenio para fortalecer la educaci\u00f3n cooperativa - Mundoagropecuario\" \/>\n<meta property=\"og:description\" content=\"Una de las caracter\u00edsticas m\u00e1s destacadas de este acuerdo es su alcance transversal, abarcando todas las sedes de la Universidad Austral.\" \/>\n<meta property=\"og:url\" content=\"https:\/\/www.mundoagropecuario.cl\/new\/universidad-austral-y-cooperativas-del-sur-firman-convenio-para-fortalecer-la-educacion-cooperativa\/\" \/>\n<meta property=\"og:site_name\" content=\"Mundoagropecuario\" \/>\n<meta property=\"article:publisher\" content=\"https:\/\/www.facebook.com\/mundo.agropecuario.3\" \/>\n<meta property=\"article:published_time\" content=\"2024-04-22T22:15:09+00:00\" \/>\n<meta property=\"article:modified_time\" content=\"2024-05-13T17:16:41+00:00\" \/>\n<meta property=\"og:image\" content=\"https:\/\/www.mundoagropecuario.cl\/new\/wp-content\/uploads\/2024\/04\/Uach-5-scaled.jpg\" \/>\n\t<meta property=\"og:image:width\" content=\"679\" \/>\n\t<meta property=\"og:image:height\" content=\"400\" \/>\n\t<meta property=\"og:image:type\" content=\"image\/jpeg\" \/>\n<meta name=\"author\" content=\"mundo\" \/>\n<meta name=\"twitter:card\" content=\"summary_large_image\" \/>\n<meta name=\"twitter:creator\" content=\"@MundoAgropecuar\" \/>\n<meta name=\"twitter:site\" content=\"@MundoAgropecuar\" \/>\n<meta name=\"twitter:label1\" content=\"Escrito por\" \/>\n\t<meta name=\"twitter:data1\" content=\"mundo\" \/>\n\t<meta name=\"twitter:label2\" content=\"Tiempo de lectura\" \/>\n\t<meta name=\"twitter:data2\" content=\"5 minutos\" \/>\n<script type=\"application\/ld+json\" class=\"yoast-schema-graph\">{\"@context\":\"https:\/\/schema.org\",\"@graph\":[{\"@type\":\"Article\",\"@id\":\"https:\/\/www.mundoagropecuario.cl\/new\/universidad-austral-y-cooperativas-del-sur-firman-convenio-para-fortalecer-la-educacion-cooperativa\/#article\",\"isPartOf\":{\"@id\":\"https:\/\/www.mundoagropecuario.cl\/new\/universidad-austral-y-cooperativas-del-sur-firman-convenio-para-fortalecer-la-educacion-cooperativa\/\"},\"author\":{\"name\":\"mundo\",\"@id\":\"https:\/\/www.mundoagropecuario.cl\/new\/#\/schema\/person\/4e9f74a82a7dac260eb1c44b7eebeb18\"},\"headline\":\"Universidad Austral y Cooperativas del Sur firman convenio para fortalecer la educaci\u00f3n cooperativa\",\"datePublished\":\"2024-04-22T22:15:09+00:00\",\"dateModified\":\"2024-05-13T17:16:41+00:00\",\"mainEntityOfPage\":{\"@id\":\"https:\/\/www.mundoagropecuario.cl\/new\/universidad-austral-y-cooperativas-del-sur-firman-convenio-para-fortalecer-la-educacion-cooperativa\/\"},\"wordCount\":824,\"publisher\":{\"@id\":\"https:\/\/www.mundoagropecuario.cl\/new\/#organization\"},\"image\":{\"@id\":\"https:\/\/www.mundoagropecuario.cl\/new\/universidad-austral-y-cooperativas-del-sur-firman-convenio-para-fortalecer-la-educacion-cooperativa\/#primaryimage\"},\"thumbnailUrl\":\"https:\/\/www.mundoagropecuario.cl\/new\/wp-content\/uploads\/2024\/04\/Uach-5-scaled.jpg\",\"keywords\":[\"Agricultura\",\"Agro\",\"Bansur\",\"Car \u00d1uble\",\"Colun\",\"Cooperativas Campesina\",\"Cooprel\",\"Cooprinsem\",\"Copelec\",\"Crell\",\"CREO\",\"educaci\u00f3n cooperativa\",\"Ganacoop\",\"Libercoop\",\"Torrencial Lechero\",\"Universidad Austral\",\"Universidad Austral y Cooperativas del Sur\"],\"articleSection\":[\"Educaci\u00f3n\"],\"inLanguage\":\"es\"},{\"@type\":\"WebPage\",\"@id\":\"https:\/\/www.mundoagropecuario.cl\/new\/universidad-austral-y-cooperativas-del-sur-firman-convenio-para-fortalecer-la-educacion-cooperativa\/\",\"url\":\"https:\/\/www.mundoagropecuario.cl\/new\/universidad-austral-y-cooperativas-del-sur-firman-convenio-para-fortalecer-la-educacion-cooperativa\/\",\"name\":\"Universidad Austral y Cooperativas del Sur firman convenio para fortalecer la educaci\u00f3n cooperativa - Mundoagropecuario\",\"isPartOf\":{\"@id\":\"https:\/\/www.mundoagropecuario.cl\/new\/#website\"},\"primaryImageOfPage\":{\"@id\":\"https:\/\/www.mundoagropecuario.cl\/new\/universidad-austral-y-cooperativas-del-sur-firman-convenio-para-fortalecer-la-educacion-cooperativa\/#primaryimage\"},\"image\":{\"@id\":\"https:\/\/www.mundoagropecuario.cl\/new\/universidad-austral-y-cooperativas-del-sur-firman-convenio-para-fortalecer-la-educacion-cooperativa\/#primaryimage\"},\"thumbnailUrl\":\"https:\/\/www.mundoagropecuario.cl\/new\/wp-content\/uploads\/2024\/04\/Uach-5-scaled.jpg\",\"datePublished\":\"2024-04-22T22:15:09+00:00\",\"dateModified\":\"2024-05-13T17:16:41+00:00\",\"description\":\"Una de las caracter\u00edsticas m\u00e1s destacadas de este acuerdo es su alcance transversal, abarcando todas las sedes de la Universidad Austral.\",\"breadcrumb\":{\"@id\":\"https:\/\/www.mundoagropecuario.cl\/new\/universidad-austral-y-cooperativas-del-sur-firman-convenio-para-fortalecer-la-educacion-cooperativa\/#breadcrumb\"},\"inLanguage\":\"es\",\"potentialAction\":[{\"@type\":\"ReadAction\",\"target\":[\"https:\/\/www.mundoagropecuario.cl\/new\/universidad-austral-y-cooperativas-del-sur-firman-convenio-para-fortalecer-la-educacion-cooperativa\/\"]}]},{\"@type\":\"ImageObject\",\"inLanguage\":\"es\",\"@id\":\"https:\/\/www.mundoagropecuario.cl\/new\/universidad-austral-y-cooperativas-del-sur-firman-convenio-para-fortalecer-la-educacion-cooperativa\/#primaryimage\",\"url\":\"https:\/\/www.mundoagropecuario.cl\/new\/wp-content\/uploads\/2024\/04\/Uach-5-scaled.jpg\",\"contentUrl\":\"https:\/\/www.mundoagropecuario.cl\/new\/wp-content\/uploads\/2024\/04\/Uach-5-scaled.jpg\",\"width\":679,\"height\":400},{\"@type\":\"BreadcrumbList\",\"@id\":\"https:\/\/www.mundoagropecuario.cl\/new\/universidad-austral-y-cooperativas-del-sur-firman-convenio-para-fortalecer-la-educacion-cooperativa\/#breadcrumb\",\"itemListElement\":[{\"@type\":\"ListItem\",\"position\":1,\"name\":\"Portada\",\"item\":\"https:\/\/www.mundoagropecuario.cl\/new\/\"},{\"@type\":\"ListItem\",\"position\":2,\"name\":\"Universidad Austral y Cooperativas del Sur firman convenio para fortalecer la educaci\u00f3n cooperativa\"}]},{\"@type\":\"WebSite\",\"@id\":\"https:\/\/www.mundoagropecuario.cl\/new\/#website\",\"url\":\"https:\/\/www.mundoagropecuario.cl\/new\/\",\"name\":\"Mundoagropecuario\",\"description\":\"Mundo Agropecuario\",\"publisher\":{\"@id\":\"https:\/\/www.mundoagropecuario.cl\/new\/#organization\"},\"potentialAction\":[{\"@type\":\"SearchAction\",\"target\":{\"@type\":\"EntryPoint\",\"urlTemplate\":\"https:\/\/www.mundoagropecuario.cl\/new\/?s={search_term_string}\"},\"query-input\":{\"@type\":\"PropertyValueSpecification\",\"valueRequired\":true,\"valueName\":\"search_term_string\"}}],\"inLanguage\":\"es\"},{\"@type\":\"Organization\",\"@id\":\"https:\/\/www.mundoagropecuario.cl\/new\/#organization\",\"name\":\"Revista de Agricultura\",\"url\":\"https:\/\/www.mundoagropecuario.cl\/new\/\",\"logo\":{\"@type\":\"ImageObject\",\"inLanguage\":\"es\",\"@id\":\"https:\/\/www.mundoagropecuario.cl\/new\/#\/schema\/logo\/image\/\",\"url\":\"https:\/\/www.mundoagropecuario.cl\/new\/wp-content\/uploads\/2020\/11\/PORTAL-1-1.png\",\"contentUrl\":\"https:\/\/www.mundoagropecuario.cl\/new\/wp-content\/uploads\/2020\/11\/PORTAL-1-1.png\",\"width\":1026,\"height\":100,\"caption\":\"Revista de Agricultura\"},\"image\":{\"@id\":\"https:\/\/www.mundoagropecuario.cl\/new\/#\/schema\/logo\/image\/\"},\"sameAs\":[\"https:\/\/www.facebook.com\/mundo.agropecuario.3\",\"https:\/\/x.com\/MundoAgropecuar\",\"https:\/\/www.linkedin.com\/in\/mundo-agropecuario-934009201\/\"]},{\"@type\":\"Person\",\"@id\":\"https:\/\/www.mundoagropecuario.cl\/new\/#\/schema\/person\/4e9f74a82a7dac260eb1c44b7eebeb18\",\"name\":\"mundo\",\"url\":\"https:\/\/www.mundoagropecuario.cl\/new\/author\/mundo\/\"}]}<\/script>\n<!-- \/ Yoast SEO plugin. -->","yoast_head_json":{"title":"Universidad Austral y Cooperativas del Sur firman convenio para fortalecer la educaci\u00f3n cooperativa - Mundoagropecuario","description":"Una de las caracter\u00edsticas m\u00e1s destacadas de este acuerdo es su alcance transversal, abarcando todas las sedes de la Universidad Austral.","robots":{"index":"index","follow":"follow","max-snippet":"max-snippet:-1","max-image-preview":"max-image-preview:large","max-video-preview":"max-video-preview:-1"},"canonical":"https:\/\/www.mundoagropecuario.cl\/new\/universidad-austral-y-cooperativas-del-sur-firman-convenio-para-fortalecer-la-educacion-cooperativa\/","og_locale":"es_ES","og_type":"article","og_title":"Universidad Austral y Cooperativas del Sur firman convenio para fortalecer la educaci\u00f3n cooperativa - Mundoagropecuario","og_description":"Una de las caracter\u00edsticas m\u00e1s destacadas de este acuerdo es su alcance transversal, abarcando todas las sedes de la Universidad Austral.","og_url":"https:\/\/www.mundoagropecuario.cl\/new\/universidad-austral-y-cooperativas-del-sur-firman-convenio-para-fortalecer-la-educacion-cooperativa\/","og_site_name":"Mundoagropecuario","article_publisher":"https:\/\/www.facebook.com\/mundo.agropecuario.3","article_published_time":"2024-04-22T22:15:09+00:00","article_modified_time":"2024-05-13T17:16:41+00:00","og_image":[{"width":679,"height":400,"url":"https:\/\/www.mundoagropecuario.cl\/new\/wp-content\/uploads\/2024\/04\/Uach-5-scaled.jpg","type":"image\/jpeg"}],"author":"mundo","twitter_card":"summary_large_image","twitter_creator":"@MundoAgropecuar","twitter_site":"@MundoAgropecuar","twitter_misc":{"Escrito por":"mundo","Tiempo de lectura":"5 minutos"},"schema":{"@context":"https:\/\/schema.org","@graph":[{"@type":"Article","@id":"https:\/\/www.mundoagropecuario.cl\/new\/universidad-austral-y-cooperativas-del-sur-firman-convenio-para-fortalecer-la-educacion-cooperativa\/#article","isPartOf":{"@id":"https:\/\/www.mundoagropecuario.cl\/new\/universidad-austral-y-cooperativas-del-sur-firman-convenio-para-fortalecer-la-educacion-cooperativa\/"},"author":{"name":"mundo","@id":"https:\/\/www.mundoagropecuario.cl\/new\/#\/schema\/person\/4e9f74a82a7dac260eb1c44b7eebeb18"},"headline":"Universidad Austral y Cooperativas del Sur firman convenio para fortalecer la educaci\u00f3n cooperativa","datePublished":"2024-04-22T22:15:09+00:00","dateModified":"2024-05-13T17:16:41+00:00","mainEntityOfPage":{"@id":"https:\/\/www.mundoagropecuario.cl\/new\/universidad-austral-y-cooperativas-del-sur-firman-convenio-para-fortalecer-la-educacion-cooperativa\/"},"wordCount":824,"publisher":{"@id":"https:\/\/www.mundoagropecuario.cl\/new\/#organization"},"image":{"@id":"https:\/\/www.mundoagropecuario.cl\/new\/universidad-austral-y-cooperativas-del-sur-firman-convenio-para-fortalecer-la-educacion-cooperativa\/#primaryimage"},"thumbnailUrl":"https:\/\/www.mundoagropecuario.cl\/new\/wp-content\/uploads\/2024\/04\/Uach-5-scaled.jpg","keywords":["Agricultura","Agro","Bansur","Car \u00d1uble","Colun","Cooperativas Campesina","Cooprel","Cooprinsem","Copelec","Crell","CREO","educaci\u00f3n cooperativa","Ganacoop","Libercoop","Torrencial Lechero","Universidad Austral","Universidad Austral y Cooperativas del Sur"],"articleSection":["Educaci\u00f3n"],"inLanguage":"es"},{"@type":"WebPage","@id":"https:\/\/www.mundoagropecuario.cl\/new\/universidad-austral-y-cooperativas-del-sur-firman-convenio-para-fortalecer-la-educacion-cooperativa\/","url":"https:\/\/www.mundoagropecuario.cl\/new\/universidad-austral-y-cooperativas-del-sur-firman-convenio-para-fortalecer-la-educacion-cooperativa\/","name":"Universidad Austral y Cooperativas del Sur firman convenio para fortalecer la educaci\u00f3n cooperativa - Mundoagropecuario","isPartOf":{"@id":"https:\/\/www.mundoagropecuario.cl\/new\/#website"},"primaryImageOfPage":{"@id":"https:\/\/www.mundoagropecuario.cl\/new\/universidad-austral-y-cooperativas-del-sur-firman-convenio-para-fortalecer-la-educacion-cooperativa\/#primaryimage"},"image":{"@id":"https:\/\/www.mundoagropecuario.cl\/new\/universidad-austral-y-cooperativas-del-sur-firman-convenio-para-fortalecer-la-educacion-cooperativa\/#primaryimage"},"thumbnailUrl":"https:\/\/www.mundoagropecuario.cl\/new\/wp-content\/uploads\/2024\/04\/Uach-5-scaled.jpg","datePublished":"2024-04-22T22:15:09+00:00","dateModified":"2024-05-13T17:16:41+00:00","description":"Una de las caracter\u00edsticas m\u00e1s destacadas de este acuerdo es su alcance transversal, abarcando todas las sedes de la Universidad Austral.","breadcrumb":{"@id":"https:\/\/www.mundoagropecuario.cl\/new\/universidad-austral-y-cooperativas-del-sur-firman-convenio-para-fortalecer-la-educacion-cooperativa\/#breadcrumb"},"inLanguage":"es","potentialAction":[{"@type":"ReadAction","target":["https:\/\/www.mundoagropecuario.cl\/new\/universidad-austral-y-cooperativas-del-sur-firman-convenio-para-fortalecer-la-educacion-cooperativa\/"]}]},{"@type":"ImageObject","inLanguage":"es","@id":"https:\/\/www.mundoagropecuario.cl\/new\/universidad-austral-y-cooperativas-del-sur-firman-convenio-para-fortalecer-la-educacion-cooperativa\/#primaryimage","url":"https:\/\/www.mundoagropecuario.cl\/new\/wp-content\/uploads\/2024\/04\/Uach-5-scaled.jpg","contentUrl":"https:\/\/www.mundoagropecuario.cl\/new\/wp-content\/uploads\/2024\/04\/Uach-5-scaled.jpg","width":679,"height":400},{"@type":"BreadcrumbList","@id":"https:\/\/www.mundoagropecuario.cl\/new\/universidad-austral-y-cooperativas-del-sur-firman-convenio-para-fortalecer-la-educacion-cooperativa\/#breadcrumb","itemListElement":[{"@type":"ListItem","position":1,"name":"Portada","item":"https:\/\/www.mundoagropecuario.cl\/new\/"},{"@type":"ListItem","position":2,"name":"Universidad Austral y Cooperativas del Sur firman convenio para fortalecer la educaci\u00f3n cooperativa"}]},{"@type":"WebSite","@id":"https:\/\/www.mundoagropecuario.cl\/new\/#website","url":"https:\/\/www.mundoagropecuario.cl\/new\/","name":"Mundoagropecuario","description":"Mundo Agropecuario","publisher":{"@id":"https:\/\/www.mundoagropecuario.cl\/new\/#organization"},"potentialAction":[{"@type":"SearchAction","target":{"@type":"EntryPoint","urlTemplate":"https:\/\/www.mundoagropecuario.cl\/new\/?s={search_term_string}"},"query-input":{"@type":"PropertyValueSpecification","valueRequired":true,"valueName":"search_term_string"}}],"inLanguage":"es"},{"@type":"Organization","@id":"https:\/\/www.mundoagropecuario.cl\/new\/#organization","name":"Revista de Agricultura","url":"https:\/\/www.mundoagropecuario.cl\/new\/","logo":{"@type":"ImageObject","inLanguage":"es","@id":"https:\/\/www.mundoagropecuario.cl\/new\/#\/schema\/logo\/image\/","url":"https:\/\/www.mundoagropecuario.cl\/new\/wp-content\/uploads\/2020\/11\/PORTAL-1-1.png","contentUrl":"https:\/\/www.mundoagropecuario.cl\/new\/wp-content\/uploads\/2020\/11\/PORTAL-1-1.png","width":1026,"height":100,"caption":"Revista de Agricultura"},"image":{"@id":"https:\/\/www.mundoagropecuario.cl\/new\/#\/schema\/logo\/image\/"},"sameAs":["https:\/\/www.facebook.com\/mundo.agropecuario.3","https:\/\/x.com\/MundoAgropecuar","https:\/\/www.linkedin.com\/in\/mundo-agropecuario-934009201\/"]},{"@type":"Person","@id":"https:\/\/www.mundoagropecuario.cl\/new\/#\/schema\/person\/4e9f74a82a7dac260eb1c44b7eebeb18","name":"mundo","url":"https:\/\/www.mundoagropecuario.cl\/new\/author\/mundo\/"}]}},"_links":{"self":[{"href":"https:\/\/www.mundoagropecuario.cl\/new\/wp-json\/wp\/v2\/posts\/25189","targetHints":{"allow":["GET"]}}],"collection":[{"href":"https:\/\/www.mundoagropecuario.cl\/new\/wp-json\/wp\/v2\/posts"}],"about":[{"href":"https:\/\/www.mundoagropecuario.cl\/new\/wp-json\/wp\/v2\/types\/post"}],"author":[{"embeddable":true,"href":"https:\/\/www.mundoagropecuario.cl\/new\/wp-json\/wp\/v2\/users\/2"}],"replies":[{"embeddable":true,"href":"https:\/\/www.mundoagropecuario.cl\/new\/wp-json\/wp\/v2\/comments?post=25189"}],"version-history":[{"count":1,"href":"https:\/\/www.mundoagropecuario.cl\/new\/wp-json\/wp\/v2\/posts\/25189\/revisions"}],"predecessor-version":[{"id":25193,"href":"https:\/\/www.mundoagropecuario.cl\/new\/wp-json\/wp\/v2\/posts\/25189\/revisions\/25193"}],"wp:featuredmedia":[{"embeddable":true,"href":"https:\/\/www.mundoagropecuario.cl\/new\/wp-json\/wp\/v2\/media\/25190"}],"wp:attachment":[{"href":"https:\/\/www.mundoagropecuario.cl\/new\/wp-json\/wp\/v2\/media?parent=25189"}],"wp:term":[{"taxonomy":"category","embeddable":true,"href":"https:\/\/www.mundoagropecuario.cl\/new\/wp-json\/wp\/v2\/categories?post=25189"},{"taxonomy":"post_tag","embeddable":true,"href":"https:\/\/www.mundoagropecuario.cl\/new\/wp-json\/wp\/v2\/tags?post=25189"}],"curies":[{"name":"wp","href":"https:\/\/api.w.org\/{rel}","templated":true}]}}