{"id":25002,"date":"2023-12-27T14:12:51","date_gmt":"2023-12-27T17:12:51","guid":{"rendered":"https:\/\/www.mundoagropecuario.cl\/new\/?p=25002"},"modified":"2024-01-23T14:12:20","modified_gmt":"2024-01-23T17:12:20","slug":"gremios-lecheros-abordan-la-nueva-ley-de-delitos-economicos-y-ambientales","status":"publish","type":"post","link":"https:\/\/www.mundoagropecuario.cl\/new\/gremios-lecheros-abordan-la-nueva-ley-de-delitos-economicos-y-ambientales\/","title":{"rendered":"Gremios lecheros abordan la nueva ley de delitos econ\u00f3micos y ambientales"},"content":{"rendered":"<p>Este 20 de diciembre se celebr\u00f3 de forma remota la \u00faltima sesi\u00f3n ordinaria de directorio correspondiente a 2023 de la Federaci\u00f3n Nacional de Productores de Leche (Fedeleche). En la cita, se ofreci\u00f3 a los gremios asociados una presentaci\u00f3n sobre la implementaci\u00f3n de la nueva ley de delitos econ\u00f3micos y ambientales al tiempo que los dirigentes lecheros analizaron los avances de la temporada y los desaf\u00edos para 2024.<\/p>\n<p>Los abogados Sergio de Ferari y Nicol\u00e1s Rogers del Estudio P\u00e9rez de Arce fueron invitados por el gremio lechero, para explicar a los representantes de las asociaciones regionales de productores, los alcances de la nueva ley de delitos econ\u00f3micos y ambientales N\u00b0 21.595, y que, seg\u00fan explicaron los expertos, agrupa los delitos econ\u00f3micos dispersos en distintas leyes, destac\u00e1ndose que ahora hay un cap\u00edtulo espec\u00edfico para delitos ambientales en el C\u00f3digo Penal.<\/p>\n<p><a href=\"https:\/\/www.mundoagropecuario.cl\/new\/wp-content\/uploads\/2023\/08\/leche-33-1-scaled.jpg\"><img loading=\"lazy\" decoding=\"async\" class=\"alignright wp-image-24616 \" src=\"https:\/\/www.mundoagropecuario.cl\/new\/wp-content\/uploads\/2023\/08\/leche-33-1-scaled.jpg\" alt=\"\" width=\"578\" height=\"355\" \/><\/a>Entre las consideraciones observadas los expertos comentaron que la ley recomienda la implementaci\u00f3n de un modelo de prevenci\u00f3n del delito antes de septiembre de 2024, cuando entre en vigor para las entidades jur\u00eddicas. As\u00ed, este modelo debiera incluir protocolos claros, capacitaciones y seguimiento efectivo, en conformidad con la nueva legislaci\u00f3n, indicaron.<\/p>\n<p>En la oportunidad, se ahond\u00f3 sobre las categor\u00edas de delitos econ\u00f3micos y las consecuencias de ser sancionado por ellos, lo que incluye penas de c\u00e1rcel, multas y otras sanciones como la supervisi\u00f3n de la empresa y la p\u00e9rdida de beneficios obtenidos por el delito.<\/p>\n<p>Ante la necesidad identificada de simplificar la informaci\u00f3n hacia los agricultores para que puedan comprender y aplicar las medidas necesarias para cumplir con la nueva ley, el gremio acord\u00f3 realizar la planificaci\u00f3n de futuras reuniones y desarrollo de acciones de divulgaci\u00f3n que permitan explicar, de manera sencilla y comprensible, la nueva legislaci\u00f3n y acompa\u00f1ar a los productores en este nuevo proceso.<\/p>\n<p>Fuente: Fedeleche FG<\/p>\n<p>&nbsp;<\/p>\n","protected":false},"excerpt":{"rendered":"<p>La actividad cont\u00f3 la participaci\u00f3n de todos los gremios asociados a Fedeleche y sus respectivos presidentes: Aproleche Centro, Aproleche Linares, Aproleche \u00d1uble, Aproleche BioBio, Aproleche Araucan\u00eda, Aproleche Osorno y Agrollanquihue.<\/p>\n","protected":false},"author":2,"featured_media":24894,"comment_status":"closed","ping_status":"closed","sticky":false,"template":"","format":"standard","meta":{"footnotes":""},"categories":[1946],"tags":[4741,2090,3127,8627,2058,8626,2051,6131],"class_list":["post-25002","post","type-post","status-publish","format-standard","has-post-thumbnail","hentry","category-lacteos","tag-fedefruta-2","tag-agricultura","tag-agro","tag-delitos-economicos-y-ambientales","tag-fedeleche","tag-gremios-lecheros","tag-leche","tag-productores-de-leche"],"yoast_head":"<!-- This site is optimized with the Yoast SEO plugin v26.6 - https:\/\/yoast.com\/wordpress\/plugins\/seo\/ -->\n<title>Gremios lecheros abordan la nueva ley de delitos econ\u00f3micos y ambientales - Mundoagropecuario<\/title>\n<meta name=\"description\" content=\"La actividad cont\u00f3 la participaci\u00f3n de todos los gremios asociados a Fedeleche y sus respectivos presidentes: Aproleche Centro, Aproleche.\" \/>\n<meta name=\"robots\" content=\"index, follow, max-snippet:-1, max-image-preview:large, max-video-preview:-1\" \/>\n<link rel=\"canonical\" href=\"https:\/\/www.mundoagropecuario.cl\/new\/gremios-lecheros-abordan-la-nueva-ley-de-delitos-economicos-y-ambientales\/\" \/>\n<meta property=\"og:locale\" content=\"es_ES\" \/>\n<meta property=\"og:type\" content=\"article\" \/>\n<meta property=\"og:title\" content=\"Gremios lecheros abordan la nueva ley de delitos econ\u00f3micos y ambientales - Mundoagropecuario\" \/>\n<meta property=\"og:description\" content=\"La actividad cont\u00f3 la participaci\u00f3n de todos los gremios asociados a Fedeleche y sus respectivos presidentes: Aproleche Centro, Aproleche.\" \/>\n<meta property=\"og:url\" content=\"https:\/\/www.mundoagropecuario.cl\/new\/gremios-lecheros-abordan-la-nueva-ley-de-delitos-economicos-y-ambientales\/\" \/>\n<meta property=\"og:site_name\" content=\"Mundoagropecuario\" \/>\n<meta property=\"article:publisher\" content=\"https:\/\/www.facebook.com\/mundo.agropecuario.3\" \/>\n<meta property=\"article:published_time\" content=\"2023-12-27T17:12:51+00:00\" \/>\n<meta property=\"article:modified_time\" content=\"2024-01-23T17:12:20+00:00\" \/>\n<meta property=\"og:image\" content=\"https:\/\/www.mundoagropecuario.cl\/new\/wp-content\/uploads\/2023\/11\/predios-lecheros-scaled.jpg\" \/>\n\t<meta property=\"og:image:width\" content=\"720\" \/>\n\t<meta property=\"og:image:height\" content=\"393\" \/>\n\t<meta property=\"og:image:type\" content=\"image\/jpeg\" \/>\n<meta name=\"author\" content=\"mundo\" \/>\n<meta name=\"twitter:card\" content=\"summary_large_image\" \/>\n<meta name=\"twitter:creator\" content=\"@MundoAgropecuar\" \/>\n<meta name=\"twitter:site\" content=\"@MundoAgropecuar\" \/>\n<meta name=\"twitter:label1\" content=\"Escrito por\" \/>\n\t<meta name=\"twitter:data1\" content=\"mundo\" \/>\n\t<meta name=\"twitter:label2\" content=\"Tiempo de lectura\" \/>\n\t<meta name=\"twitter:data2\" content=\"2 minutos\" \/>\n<script type=\"application\/ld+json\" class=\"yoast-schema-graph\">{\"@context\":\"https:\/\/schema.org\",\"@graph\":[{\"@type\":\"Article\",\"@id\":\"https:\/\/www.mundoagropecuario.cl\/new\/gremios-lecheros-abordan-la-nueva-ley-de-delitos-economicos-y-ambientales\/#article\",\"isPartOf\":{\"@id\":\"https:\/\/www.mundoagropecuario.cl\/new\/gremios-lecheros-abordan-la-nueva-ley-de-delitos-economicos-y-ambientales\/\"},\"author\":{\"name\":\"mundo\",\"@id\":\"https:\/\/www.mundoagropecuario.cl\/new\/#\/schema\/person\/4e9f74a82a7dac260eb1c44b7eebeb18\"},\"headline\":\"Gremios lecheros abordan la nueva ley de delitos econ\u00f3micos y ambientales\",\"datePublished\":\"2023-12-27T17:12:51+00:00\",\"dateModified\":\"2024-01-23T17:12:20+00:00\",\"mainEntityOfPage\":{\"@id\":\"https:\/\/www.mundoagropecuario.cl\/new\/gremios-lecheros-abordan-la-nueva-ley-de-delitos-economicos-y-ambientales\/\"},\"wordCount\":334,\"publisher\":{\"@id\":\"https:\/\/www.mundoagropecuario.cl\/new\/#organization\"},\"image\":{\"@id\":\"https:\/\/www.mundoagropecuario.cl\/new\/gremios-lecheros-abordan-la-nueva-ley-de-delitos-economicos-y-ambientales\/#primaryimage\"},\"thumbnailUrl\":\"https:\/\/www.mundoagropecuario.cl\/new\/wp-content\/uploads\/2023\/11\/predios-lecheros-scaled.jpg\",\"keywords\":[\"(Fedefruta)\",\"Agricultura\",\"Agro\",\"delitos econ\u00f3micos y ambientales\",\"Fedeleche\",\"Gremios lecheros\",\"Leche\",\"Productores de leche\"],\"articleSection\":[\"L\u00e1cteos\"],\"inLanguage\":\"es\"},{\"@type\":\"WebPage\",\"@id\":\"https:\/\/www.mundoagropecuario.cl\/new\/gremios-lecheros-abordan-la-nueva-ley-de-delitos-economicos-y-ambientales\/\",\"url\":\"https:\/\/www.mundoagropecuario.cl\/new\/gremios-lecheros-abordan-la-nueva-ley-de-delitos-economicos-y-ambientales\/\",\"name\":\"Gremios lecheros abordan la nueva ley de delitos econ\u00f3micos y ambientales - Mundoagropecuario\",\"isPartOf\":{\"@id\":\"https:\/\/www.mundoagropecuario.cl\/new\/#website\"},\"primaryImageOfPage\":{\"@id\":\"https:\/\/www.mundoagropecuario.cl\/new\/gremios-lecheros-abordan-la-nueva-ley-de-delitos-economicos-y-ambientales\/#primaryimage\"},\"image\":{\"@id\":\"https:\/\/www.mundoagropecuario.cl\/new\/gremios-lecheros-abordan-la-nueva-ley-de-delitos-economicos-y-ambientales\/#primaryimage\"},\"thumbnailUrl\":\"https:\/\/www.mundoagropecuario.cl\/new\/wp-content\/uploads\/2023\/11\/predios-lecheros-scaled.jpg\",\"datePublished\":\"2023-12-27T17:12:51+00:00\",\"dateModified\":\"2024-01-23T17:12:20+00:00\",\"description\":\"La actividad cont\u00f3 la participaci\u00f3n de todos los gremios asociados a Fedeleche y sus respectivos presidentes: Aproleche Centro, Aproleche.\",\"breadcrumb\":{\"@id\":\"https:\/\/www.mundoagropecuario.cl\/new\/gremios-lecheros-abordan-la-nueva-ley-de-delitos-economicos-y-ambientales\/#breadcrumb\"},\"inLanguage\":\"es\",\"potentialAction\":[{\"@type\":\"ReadAction\",\"target\":[\"https:\/\/www.mundoagropecuario.cl\/new\/gremios-lecheros-abordan-la-nueva-ley-de-delitos-economicos-y-ambientales\/\"]}]},{\"@type\":\"ImageObject\",\"inLanguage\":\"es\",\"@id\":\"https:\/\/www.mundoagropecuario.cl\/new\/gremios-lecheros-abordan-la-nueva-ley-de-delitos-economicos-y-ambientales\/#primaryimage\",\"url\":\"https:\/\/www.mundoagropecuario.cl\/new\/wp-content\/uploads\/2023\/11\/predios-lecheros-scaled.jpg\",\"contentUrl\":\"https:\/\/www.mundoagropecuario.cl\/new\/wp-content\/uploads\/2023\/11\/predios-lecheros-scaled.jpg\",\"width\":720,\"height\":393},{\"@type\":\"BreadcrumbList\",\"@id\":\"https:\/\/www.mundoagropecuario.cl\/new\/gremios-lecheros-abordan-la-nueva-ley-de-delitos-economicos-y-ambientales\/#breadcrumb\",\"itemListElement\":[{\"@type\":\"ListItem\",\"position\":1,\"name\":\"Portada\",\"item\":\"https:\/\/www.mundoagropecuario.cl\/new\/\"},{\"@type\":\"ListItem\",\"position\":2,\"name\":\"Gremios lecheros abordan la nueva ley de delitos econ\u00f3micos y ambientales\"}]},{\"@type\":\"WebSite\",\"@id\":\"https:\/\/www.mundoagropecuario.cl\/new\/#website\",\"url\":\"https:\/\/www.mundoagropecuario.cl\/new\/\",\"name\":\"Mundoagropecuario\",\"description\":\"Mundo Agropecuario\",\"publisher\":{\"@id\":\"https:\/\/www.mundoagropecuario.cl\/new\/#organization\"},\"potentialAction\":[{\"@type\":\"SearchAction\",\"target\":{\"@type\":\"EntryPoint\",\"urlTemplate\":\"https:\/\/www.mundoagropecuario.cl\/new\/?s={search_term_string}\"},\"query-input\":{\"@type\":\"PropertyValueSpecification\",\"valueRequired\":true,\"valueName\":\"search_term_string\"}}],\"inLanguage\":\"es\"},{\"@type\":\"Organization\",\"@id\":\"https:\/\/www.mundoagropecuario.cl\/new\/#organization\",\"name\":\"Revista de Agricultura\",\"url\":\"https:\/\/www.mundoagropecuario.cl\/new\/\",\"logo\":{\"@type\":\"ImageObject\",\"inLanguage\":\"es\",\"@id\":\"https:\/\/www.mundoagropecuario.cl\/new\/#\/schema\/logo\/image\/\",\"url\":\"https:\/\/www.mundoagropecuario.cl\/new\/wp-content\/uploads\/2020\/11\/PORTAL-1-1.png\",\"contentUrl\":\"https:\/\/www.mundoagropecuario.cl\/new\/wp-content\/uploads\/2020\/11\/PORTAL-1-1.png\",\"width\":1026,\"height\":100,\"caption\":\"Revista de Agricultura\"},\"image\":{\"@id\":\"https:\/\/www.mundoagropecuario.cl\/new\/#\/schema\/logo\/image\/\"},\"sameAs\":[\"https:\/\/www.facebook.com\/mundo.agropecuario.3\",\"https:\/\/x.com\/MundoAgropecuar\",\"https:\/\/www.linkedin.com\/in\/mundo-agropecuario-934009201\/\"]},{\"@type\":\"Person\",\"@id\":\"https:\/\/www.mundoagropecuario.cl\/new\/#\/schema\/person\/4e9f74a82a7dac260eb1c44b7eebeb18\",\"name\":\"mundo\",\"url\":\"https:\/\/www.mundoagropecuario.cl\/new\/author\/mundo\/\"}]}<\/script>\n<!-- \/ Yoast SEO plugin. -->","yoast_head_json":{"title":"Gremios lecheros abordan la nueva ley de delitos econ\u00f3micos y ambientales - Mundoagropecuario","description":"La actividad cont\u00f3 la participaci\u00f3n de todos los gremios asociados a Fedeleche y sus respectivos presidentes: Aproleche Centro, Aproleche.","robots":{"index":"index","follow":"follow","max-snippet":"max-snippet:-1","max-image-preview":"max-image-preview:large","max-video-preview":"max-video-preview:-1"},"canonical":"https:\/\/www.mundoagropecuario.cl\/new\/gremios-lecheros-abordan-la-nueva-ley-de-delitos-economicos-y-ambientales\/","og_locale":"es_ES","og_type":"article","og_title":"Gremios lecheros abordan la nueva ley de delitos econ\u00f3micos y ambientales - Mundoagropecuario","og_description":"La actividad cont\u00f3 la participaci\u00f3n de todos los gremios asociados a Fedeleche y sus respectivos presidentes: Aproleche Centro, Aproleche.","og_url":"https:\/\/www.mundoagropecuario.cl\/new\/gremios-lecheros-abordan-la-nueva-ley-de-delitos-economicos-y-ambientales\/","og_site_name":"Mundoagropecuario","article_publisher":"https:\/\/www.facebook.com\/mundo.agropecuario.3","article_published_time":"2023-12-27T17:12:51+00:00","article_modified_time":"2024-01-23T17:12:20+00:00","og_image":[{"width":720,"height":393,"url":"https:\/\/www.mundoagropecuario.cl\/new\/wp-content\/uploads\/2023\/11\/predios-lecheros-scaled.jpg","type":"image\/jpeg"}],"author":"mundo","twitter_card":"summary_large_image","twitter_creator":"@MundoAgropecuar","twitter_site":"@MundoAgropecuar","twitter_misc":{"Escrito por":"mundo","Tiempo de lectura":"2 minutos"},"schema":{"@context":"https:\/\/schema.org","@graph":[{"@type":"Article","@id":"https:\/\/www.mundoagropecuario.cl\/new\/gremios-lecheros-abordan-la-nueva-ley-de-delitos-economicos-y-ambientales\/#article","isPartOf":{"@id":"https:\/\/www.mundoagropecuario.cl\/new\/gremios-lecheros-abordan-la-nueva-ley-de-delitos-economicos-y-ambientales\/"},"author":{"name":"mundo","@id":"https:\/\/www.mundoagropecuario.cl\/new\/#\/schema\/person\/4e9f74a82a7dac260eb1c44b7eebeb18"},"headline":"Gremios lecheros abordan la nueva ley de delitos econ\u00f3micos y ambientales","datePublished":"2023-12-27T17:12:51+00:00","dateModified":"2024-01-23T17:12:20+00:00","mainEntityOfPage":{"@id":"https:\/\/www.mundoagropecuario.cl\/new\/gremios-lecheros-abordan-la-nueva-ley-de-delitos-economicos-y-ambientales\/"},"wordCount":334,"publisher":{"@id":"https:\/\/www.mundoagropecuario.cl\/new\/#organization"},"image":{"@id":"https:\/\/www.mundoagropecuario.cl\/new\/gremios-lecheros-abordan-la-nueva-ley-de-delitos-economicos-y-ambientales\/#primaryimage"},"thumbnailUrl":"https:\/\/www.mundoagropecuario.cl\/new\/wp-content\/uploads\/2023\/11\/predios-lecheros-scaled.jpg","keywords":["(Fedefruta)","Agricultura","Agro","delitos econ\u00f3micos y ambientales","Fedeleche","Gremios lecheros","Leche","Productores de leche"],"articleSection":["L\u00e1cteos"],"inLanguage":"es"},{"@type":"WebPage","@id":"https:\/\/www.mundoagropecuario.cl\/new\/gremios-lecheros-abordan-la-nueva-ley-de-delitos-economicos-y-ambientales\/","url":"https:\/\/www.mundoagropecuario.cl\/new\/gremios-lecheros-abordan-la-nueva-ley-de-delitos-economicos-y-ambientales\/","name":"Gremios lecheros abordan la nueva ley de delitos econ\u00f3micos y ambientales - Mundoagropecuario","isPartOf":{"@id":"https:\/\/www.mundoagropecuario.cl\/new\/#website"},"primaryImageOfPage":{"@id":"https:\/\/www.mundoagropecuario.cl\/new\/gremios-lecheros-abordan-la-nueva-ley-de-delitos-economicos-y-ambientales\/#primaryimage"},"image":{"@id":"https:\/\/www.mundoagropecuario.cl\/new\/gremios-lecheros-abordan-la-nueva-ley-de-delitos-economicos-y-ambientales\/#primaryimage"},"thumbnailUrl":"https:\/\/www.mundoagropecuario.cl\/new\/wp-content\/uploads\/2023\/11\/predios-lecheros-scaled.jpg","datePublished":"2023-12-27T17:12:51+00:00","dateModified":"2024-01-23T17:12:20+00:00","description":"La actividad cont\u00f3 la participaci\u00f3n de todos los gremios asociados a Fedeleche y sus respectivos presidentes: Aproleche Centro, Aproleche.","breadcrumb":{"@id":"https:\/\/www.mundoagropecuario.cl\/new\/gremios-lecheros-abordan-la-nueva-ley-de-delitos-economicos-y-ambientales\/#breadcrumb"},"inLanguage":"es","potentialAction":[{"@type":"ReadAction","target":["https:\/\/www.mundoagropecuario.cl\/new\/gremios-lecheros-abordan-la-nueva-ley-de-delitos-economicos-y-ambientales\/"]}]},{"@type":"ImageObject","inLanguage":"es","@id":"https:\/\/www.mundoagropecuario.cl\/new\/gremios-lecheros-abordan-la-nueva-ley-de-delitos-economicos-y-ambientales\/#primaryimage","url":"https:\/\/www.mundoagropecuario.cl\/new\/wp-content\/uploads\/2023\/11\/predios-lecheros-scaled.jpg","contentUrl":"https:\/\/www.mundoagropecuario.cl\/new\/wp-content\/uploads\/2023\/11\/predios-lecheros-scaled.jpg","width":720,"height":393},{"@type":"BreadcrumbList","@id":"https:\/\/www.mundoagropecuario.cl\/new\/gremios-lecheros-abordan-la-nueva-ley-de-delitos-economicos-y-ambientales\/#breadcrumb","itemListElement":[{"@type":"ListItem","position":1,"name":"Portada","item":"https:\/\/www.mundoagropecuario.cl\/new\/"},{"@type":"ListItem","position":2,"name":"Gremios lecheros abordan la nueva ley de delitos econ\u00f3micos y ambientales"}]},{"@type":"WebSite","@id":"https:\/\/www.mundoagropecuario.cl\/new\/#website","url":"https:\/\/www.mundoagropecuario.cl\/new\/","name":"Mundoagropecuario","description":"Mundo Agropecuario","publisher":{"@id":"https:\/\/www.mundoagropecuario.cl\/new\/#organization"},"potentialAction":[{"@type":"SearchAction","target":{"@type":"EntryPoint","urlTemplate":"https:\/\/www.mundoagropecuario.cl\/new\/?s={search_term_string}"},"query-input":{"@type":"PropertyValueSpecification","valueRequired":true,"valueName":"search_term_string"}}],"inLanguage":"es"},{"@type":"Organization","@id":"https:\/\/www.mundoagropecuario.cl\/new\/#organization","name":"Revista de Agricultura","url":"https:\/\/www.mundoagropecuario.cl\/new\/","logo":{"@type":"ImageObject","inLanguage":"es","@id":"https:\/\/www.mundoagropecuario.cl\/new\/#\/schema\/logo\/image\/","url":"https:\/\/www.mundoagropecuario.cl\/new\/wp-content\/uploads\/2020\/11\/PORTAL-1-1.png","contentUrl":"https:\/\/www.mundoagropecuario.cl\/new\/wp-content\/uploads\/2020\/11\/PORTAL-1-1.png","width":1026,"height":100,"caption":"Revista de Agricultura"},"image":{"@id":"https:\/\/www.mundoagropecuario.cl\/new\/#\/schema\/logo\/image\/"},"sameAs":["https:\/\/www.facebook.com\/mundo.agropecuario.3","https:\/\/x.com\/MundoAgropecuar","https:\/\/www.linkedin.com\/in\/mundo-agropecuario-934009201\/"]},{"@type":"Person","@id":"https:\/\/www.mundoagropecuario.cl\/new\/#\/schema\/person\/4e9f74a82a7dac260eb1c44b7eebeb18","name":"mundo","url":"https:\/\/www.mundoagropecuario.cl\/new\/author\/mundo\/"}]}},"_links":{"self":[{"href":"https:\/\/www.mundoagropecuario.cl\/new\/wp-json\/wp\/v2\/posts\/25002","targetHints":{"allow":["GET"]}}],"collection":[{"href":"https:\/\/www.mundoagropecuario.cl\/new\/wp-json\/wp\/v2\/posts"}],"about":[{"href":"https:\/\/www.mundoagropecuario.cl\/new\/wp-json\/wp\/v2\/types\/post"}],"author":[{"embeddable":true,"href":"https:\/\/www.mundoagropecuario.cl\/new\/wp-json\/wp\/v2\/users\/2"}],"replies":[{"embeddable":true,"href":"https:\/\/www.mundoagropecuario.cl\/new\/wp-json\/wp\/v2\/comments?post=25002"}],"version-history":[{"count":1,"href":"https:\/\/www.mundoagropecuario.cl\/new\/wp-json\/wp\/v2\/posts\/25002\/revisions"}],"predecessor-version":[{"id":25003,"href":"https:\/\/www.mundoagropecuario.cl\/new\/wp-json\/wp\/v2\/posts\/25002\/revisions\/25003"}],"wp:featuredmedia":[{"embeddable":true,"href":"https:\/\/www.mundoagropecuario.cl\/new\/wp-json\/wp\/v2\/media\/24894"}],"wp:attachment":[{"href":"https:\/\/www.mundoagropecuario.cl\/new\/wp-json\/wp\/v2\/media?parent=25002"}],"wp:term":[{"taxonomy":"category","embeddable":true,"href":"https:\/\/www.mundoagropecuario.cl\/new\/wp-json\/wp\/v2\/categories?post=25002"},{"taxonomy":"post_tag","embeddable":true,"href":"https:\/\/www.mundoagropecuario.cl\/new\/wp-json\/wp\/v2\/tags?post=25002"}],"curies":[{"name":"wp","href":"https:\/\/api.w.org\/{rel}","templated":true}]}}