{"id":24964,"date":"2023-12-14T11:52:08","date_gmt":"2023-12-14T14:52:08","guid":{"rendered":"https:\/\/www.mundoagropecuario.cl\/new\/?p=24964"},"modified":"2023-12-21T13:15:44","modified_gmt":"2023-12-21T16:15:44","slug":"region-de-aysen-recibe-dos-nuevos-helicopteros-para-combatir-incendios-forestales","status":"publish","type":"post","link":"https:\/\/www.mundoagropecuario.cl\/new\/region-de-aysen-recibe-dos-nuevos-helicopteros-para-combatir-incendios-forestales\/","title":{"rendered":"Regi\u00f3n de Ays\u00e9n recibe dos nuevos helic\u00f3pteros para combatir incendios forestales"},"content":{"rendered":"<p>En el marco de su gira por la regi\u00f3n de Ays\u00e9n, la subsecretaria de Agricultura, Ignacia Fern\u00e1ndez, se traslad\u00f3 hoy hasta el aer\u00f3dromo Teniente Vidal de Coyhaique, para encabezar la presentaci\u00f3n de un helic\u00f3ptero que permanecer\u00e1 en la regi\u00f3n durante cuatro meses, con el objetivo de robustecer el Plan de Protecci\u00f3n contra Incendios Forestales en esta zona del pa\u00eds.\u00a0 Esto forma parte de las acciones operativas de respuesta a emergencias que impulsa CONAF para el periodo estival 2023-2024.<\/p>\n<p>En la actividad tambi\u00e9n estuvo presente el delegado presidencial regional, Rodrigo Araya;\u00a0 el seremi de Agricultura, Alan Espinoza; el director regional (I) de CONAF, Ronald Valenzuela Campos; el director regional de SENAPRED, Sidi Bravo; adem\u00e1s de representantes del Ej\u00e9rcito, Carabineros y el Cuerpo de Bomberos de Ays\u00e9n.<\/p>\n<p><a href=\"https:\/\/www.mundoagropecuario.cl\/new\/wp-content\/uploads\/2023\/12\/Subsecretarii\u0300a-de-Agricultura_2-scaled.jpg\"><img loading=\"lazy\" decoding=\"async\" class=\"alignleft wp-image-24966 \" src=\"https:\/\/www.mundoagropecuario.cl\/new\/wp-content\/uploads\/2023\/12\/Subsecretarii\u0300a-de-Agricultura_2-scaled.jpg\" alt=\"\" width=\"564\" height=\"310\" srcset=\"https:\/\/www.mundoagropecuario.cl\/new\/wp-content\/uploads\/2023\/12\/Subsecretarii\u0300a-de-Agricultura_2-scaled.jpg 720w, https:\/\/www.mundoagropecuario.cl\/new\/wp-content\/uploads\/2023\/12\/Subsecretarii\u0300a-de-Agricultura_2-242x133.jpg 242w, https:\/\/www.mundoagropecuario.cl\/new\/wp-content\/uploads\/2023\/12\/Subsecretarii\u0300a-de-Agricultura_2-728x400.jpg 728w\" sizes=\"auto, (max-width: 564px) 100vw, 564px\" \/><\/a>En la oportunidad, las autoridades relevaron la importancia del Plan Nacional de Combate a Incendios Forestales para esta temporada estival presentado por el Gobierno en septiembre, el cual considera un presupuesto para el sector p\u00fablico de MM$148.613.233, lo que equivale a un alza de 47 % respecto de la temporada anterior y permitir\u00e1 mantener 70 aeronaves, entre las que se cuentan este helic\u00f3ptero y otro que tendr\u00e1 base en Cochrane.<\/p>\n<p>\u201cVamos a tener un segundo helic\u00f3ptero para la regi\u00f3n, para abordar un territorio extenso. Los incendios son, normalmente, por causa humana, por lo tanto, estamos redoblando esfuerzos para asegurar una conducta responsable por parte de todos y todas, y que los recursos de los que dispongamos se usen con normalidad y en condiciones de resguardo, de protecci\u00f3n y, ojal\u00e1, de menos incendios en los pr\u00f3ximos meses\u201d, enfatiz\u00f3 la subsecretaria de Agricultura, Ignacia Fern\u00e1ndez.<\/p>\n<p>Del mismo modo, el delegado presidencial regional, Rodrigo Araya, destac\u00f3 que \u201cel 47% de aumento del presupuesto nacional de nuestro gobierno y que nuestro Presidente puso como principal aporte a todo el sistema de prevenci\u00f3n de incendios en nuestro pa\u00eds, nos permite avanzar en todo esto, sobre todo, en este segundo helic\u00f3ptero que se est\u00e1 poniendo a disposici\u00f3n en nuestro territorio. Por lo tanto, insisto en la labor preventiva, no hay que prender fuego en ninguna parte de nuestro territorio\u201d.<\/p>\n<p>En tanto, el seremi de Agricultura de Ays\u00e9n, Alan Espinoza, destac\u00f3 que \u201cm\u00e1s del 50% de nuestro territorio son \u00e1reas silvestres protegidas, parte importante de la reserva de bosque nativo de Chile est\u00e1 en nuestra regi\u00f3n, por lo tanto, somos todos responsables. En todas las \u00e1reas, en todos los parques, habr\u00e1 personal de CONAF, capacitando y se\u00f1alando la importancia de prevenir los incendios forestales. Por primera vez en la historia, vamos a tener dos helic\u00f3pteros en la regi\u00f3n, pero seguimos sosteniendo que prevenir un incendio forestal es mucho m\u00e1s f\u00e1cil que combatirlo\u201d.<\/p>\n<p>A la fecha, como parte de la estrategia del Gobierno para la temporada estival, existen 16 brigadas operativas desde La Junta hasta Villa O\u00b4Higgins; adem\u00e1s, este a\u00f1o se ha incorporado la modalidad de operaci\u00f3n vespertina, cubriendo as\u00ed operaciones hasta las 24 horas, en colaboraci\u00f3n con la central de coordinaci\u00f3n regional.\u00a0 En forma complementaria, el sistema de protecci\u00f3n regional cuenta con tres brigadas del Ej\u00e9rcito (Coyhaique, Puerto Ays\u00e9n y Cochrane) y una brigada de Carabineros, lo que permite aumentar la fuerza de combate trabajando de manera efectiva y coordinada.<\/p>\n<p><a href=\"https:\/\/www.mundoagropecuario.cl\/new\/wp-content\/uploads\/2023\/12\/Subsecretarii\u0300a-de-Agricultura_4-scaled.jpg\"><img loading=\"lazy\" decoding=\"async\" class=\"aligncenter wp-image-24965 \" src=\"https:\/\/www.mundoagropecuario.cl\/new\/wp-content\/uploads\/2023\/12\/Subsecretarii\u0300a-de-Agricultura_4-scaled.jpg\" alt=\"\" width=\"772\" height=\"376\" \/><\/a><\/p>\n<p><strong>Caracter\u00edsticas del nuevo helic\u00f3ptero<\/strong><\/p>\n<p>El helic\u00f3ptero, de tipo liviano, tiene una capacidad de descarga de mil litros de agua, espuma o retardante mediante sistema Bambi-bucket, adem\u00e1s de un sistema Powerfill que permite absorber en fuentes de agua con baja profundidad.<\/p>\n<p>Como complemento, posee una eslinga larga que permite el traslado de log\u00edstica mediante carga suspendida y adem\u00e1s permite traspasar la copa de los \u00e1rboles de las zonas m\u00e1s boscosas para controlar y liquidar directamente los focos activos. Adicionalmente, cuenta con una capacidad de vuelo de dos horas en combate.<\/p>\n","protected":false},"excerpt":{"rendered":"<p>Las aeronaves\u2013que operar\u00e1n en las comunas de Coyhaique y Cochrane \u2013 llegan para reforzar las acciones operativas que impulsa CONAF durante el periodo estival.<\/p>\n","protected":false},"author":2,"featured_media":24967,"comment_status":"closed","ping_status":"closed","sticky":false,"template":"","format":"standard","meta":{"footnotes":""},"categories":[1945],"tags":[876,8585,8589,2663,434,8586,8587,8588,2092],"class_list":["post-24964","post","type-post","status-publish","format-standard","has-post-thumbnail","hentry","category-agricultura","tag-conaf","tag-helicopteros","tag-ignacia-fernandez","tag-incendios-forestales","tag-region-de-aysen","tag-ronald-valenzuela-campos","tag-senapred","tag-sidi-bravo","tag-subsecretaria-de-agricultura"],"yoast_head":"<!-- This site is optimized with the Yoast SEO plugin v26.6 - https:\/\/yoast.com\/wordpress\/plugins\/seo\/ -->\n<title>Regi\u00f3n de Ays\u00e9n recibe dos nuevos helic\u00f3pteros para combatir incendios forestales - Mundoagropecuario<\/title>\n<meta name=\"description\" content=\"Las aeronaves\u2013que operar\u00e1n en las comunas de Coyhaique y Cochrane \u2013 llegan para reforzar las acciones operativas que impulsa CONAF.\" \/>\n<meta name=\"robots\" content=\"index, follow, max-snippet:-1, max-image-preview:large, max-video-preview:-1\" \/>\n<link rel=\"canonical\" href=\"https:\/\/www.mundoagropecuario.cl\/new\/region-de-aysen-recibe-dos-nuevos-helicopteros-para-combatir-incendios-forestales\/\" \/>\n<meta property=\"og:locale\" content=\"es_ES\" \/>\n<meta property=\"og:type\" content=\"article\" \/>\n<meta property=\"og:title\" content=\"Regi\u00f3n de Ays\u00e9n recibe dos nuevos helic\u00f3pteros para combatir incendios forestales - Mundoagropecuario\" \/>\n<meta property=\"og:description\" content=\"Las aeronaves\u2013que operar\u00e1n en las comunas de Coyhaique y Cochrane \u2013 llegan para reforzar las acciones operativas que impulsa CONAF.\" \/>\n<meta property=\"og:url\" content=\"https:\/\/www.mundoagropecuario.cl\/new\/region-de-aysen-recibe-dos-nuevos-helicopteros-para-combatir-incendios-forestales\/\" \/>\n<meta property=\"og:site_name\" content=\"Mundoagropecuario\" \/>\n<meta property=\"article:publisher\" content=\"https:\/\/www.facebook.com\/mundo.agropecuario.3\" \/>\n<meta property=\"article:published_time\" content=\"2023-12-14T14:52:08+00:00\" \/>\n<meta property=\"article:modified_time\" content=\"2023-12-21T16:15:44+00:00\" \/>\n<meta property=\"og:image\" content=\"https:\/\/www.mundoagropecuario.cl\/new\/wp-content\/uploads\/2023\/12\/Subsecretarii\u0300a-de-Agricultura_3-scaled.jpg\" \/>\n\t<meta property=\"og:image:width\" content=\"706\" \/>\n\t<meta property=\"og:image:height\" content=\"400\" \/>\n\t<meta property=\"og:image:type\" content=\"image\/jpeg\" \/>\n<meta name=\"author\" content=\"mundo\" \/>\n<meta name=\"twitter:card\" content=\"summary_large_image\" \/>\n<meta name=\"twitter:creator\" content=\"@MundoAgropecuar\" \/>\n<meta name=\"twitter:site\" content=\"@MundoAgropecuar\" \/>\n<meta name=\"twitter:label1\" content=\"Escrito por\" \/>\n\t<meta name=\"twitter:data1\" content=\"mundo\" \/>\n\t<meta name=\"twitter:label2\" content=\"Tiempo de lectura\" \/>\n\t<meta name=\"twitter:data2\" content=\"4 minutos\" \/>\n<script type=\"application\/ld+json\" class=\"yoast-schema-graph\">{\"@context\":\"https:\/\/schema.org\",\"@graph\":[{\"@type\":\"Article\",\"@id\":\"https:\/\/www.mundoagropecuario.cl\/new\/region-de-aysen-recibe-dos-nuevos-helicopteros-para-combatir-incendios-forestales\/#article\",\"isPartOf\":{\"@id\":\"https:\/\/www.mundoagropecuario.cl\/new\/region-de-aysen-recibe-dos-nuevos-helicopteros-para-combatir-incendios-forestales\/\"},\"author\":{\"name\":\"mundo\",\"@id\":\"https:\/\/www.mundoagropecuario.cl\/new\/#\/schema\/person\/4e9f74a82a7dac260eb1c44b7eebeb18\"},\"headline\":\"Regi\u00f3n de Ays\u00e9n recibe dos nuevos helic\u00f3pteros para combatir incendios forestales\",\"datePublished\":\"2023-12-14T14:52:08+00:00\",\"dateModified\":\"2023-12-21T16:15:44+00:00\",\"mainEntityOfPage\":{\"@id\":\"https:\/\/www.mundoagropecuario.cl\/new\/region-de-aysen-recibe-dos-nuevos-helicopteros-para-combatir-incendios-forestales\/\"},\"wordCount\":672,\"publisher\":{\"@id\":\"https:\/\/www.mundoagropecuario.cl\/new\/#organization\"},\"image\":{\"@id\":\"https:\/\/www.mundoagropecuario.cl\/new\/region-de-aysen-recibe-dos-nuevos-helicopteros-para-combatir-incendios-forestales\/#primaryimage\"},\"thumbnailUrl\":\"https:\/\/www.mundoagropecuario.cl\/new\/wp-content\/uploads\/2023\/12\/Subsecretarii\u0300a-de-Agricultura_3-scaled.jpg\",\"keywords\":[\"Conaf\",\"helic\u00f3pteros\",\"Ignacia Fern\u00e1ndez.\",\"incendios forestales\",\"Regi\u00f3n de Ays\u00e9n\",\"Ronald Valenzuela Campos\",\"SENAPRED\",\"Sidi Bravo\",\"Subsecretar\u00eda de Agricultura\"],\"articleSection\":[\"Agricultura\"],\"inLanguage\":\"es\"},{\"@type\":\"WebPage\",\"@id\":\"https:\/\/www.mundoagropecuario.cl\/new\/region-de-aysen-recibe-dos-nuevos-helicopteros-para-combatir-incendios-forestales\/\",\"url\":\"https:\/\/www.mundoagropecuario.cl\/new\/region-de-aysen-recibe-dos-nuevos-helicopteros-para-combatir-incendios-forestales\/\",\"name\":\"Regi\u00f3n de Ays\u00e9n recibe dos nuevos helic\u00f3pteros para combatir incendios forestales - Mundoagropecuario\",\"isPartOf\":{\"@id\":\"https:\/\/www.mundoagropecuario.cl\/new\/#website\"},\"primaryImageOfPage\":{\"@id\":\"https:\/\/www.mundoagropecuario.cl\/new\/region-de-aysen-recibe-dos-nuevos-helicopteros-para-combatir-incendios-forestales\/#primaryimage\"},\"image\":{\"@id\":\"https:\/\/www.mundoagropecuario.cl\/new\/region-de-aysen-recibe-dos-nuevos-helicopteros-para-combatir-incendios-forestales\/#primaryimage\"},\"thumbnailUrl\":\"https:\/\/www.mundoagropecuario.cl\/new\/wp-content\/uploads\/2023\/12\/Subsecretarii\u0300a-de-Agricultura_3-scaled.jpg\",\"datePublished\":\"2023-12-14T14:52:08+00:00\",\"dateModified\":\"2023-12-21T16:15:44+00:00\",\"description\":\"Las aeronaves\u2013que operar\u00e1n en las comunas de Coyhaique y Cochrane \u2013 llegan para reforzar las acciones operativas que impulsa CONAF.\",\"breadcrumb\":{\"@id\":\"https:\/\/www.mundoagropecuario.cl\/new\/region-de-aysen-recibe-dos-nuevos-helicopteros-para-combatir-incendios-forestales\/#breadcrumb\"},\"inLanguage\":\"es\",\"potentialAction\":[{\"@type\":\"ReadAction\",\"target\":[\"https:\/\/www.mundoagropecuario.cl\/new\/region-de-aysen-recibe-dos-nuevos-helicopteros-para-combatir-incendios-forestales\/\"]}]},{\"@type\":\"ImageObject\",\"inLanguage\":\"es\",\"@id\":\"https:\/\/www.mundoagropecuario.cl\/new\/region-de-aysen-recibe-dos-nuevos-helicopteros-para-combatir-incendios-forestales\/#primaryimage\",\"url\":\"https:\/\/www.mundoagropecuario.cl\/new\/wp-content\/uploads\/2023\/12\/Subsecretarii\u0300a-de-Agricultura_3-scaled.jpg\",\"contentUrl\":\"https:\/\/www.mundoagropecuario.cl\/new\/wp-content\/uploads\/2023\/12\/Subsecretarii\u0300a-de-Agricultura_3-scaled.jpg\",\"width\":706,\"height\":400},{\"@type\":\"BreadcrumbList\",\"@id\":\"https:\/\/www.mundoagropecuario.cl\/new\/region-de-aysen-recibe-dos-nuevos-helicopteros-para-combatir-incendios-forestales\/#breadcrumb\",\"itemListElement\":[{\"@type\":\"ListItem\",\"position\":1,\"name\":\"Portada\",\"item\":\"https:\/\/www.mundoagropecuario.cl\/new\/\"},{\"@type\":\"ListItem\",\"position\":2,\"name\":\"Regi\u00f3n de Ays\u00e9n recibe dos nuevos helic\u00f3pteros para combatir incendios forestales\"}]},{\"@type\":\"WebSite\",\"@id\":\"https:\/\/www.mundoagropecuario.cl\/new\/#website\",\"url\":\"https:\/\/www.mundoagropecuario.cl\/new\/\",\"name\":\"Mundoagropecuario\",\"description\":\"Mundo Agropecuario\",\"publisher\":{\"@id\":\"https:\/\/www.mundoagropecuario.cl\/new\/#organization\"},\"potentialAction\":[{\"@type\":\"SearchAction\",\"target\":{\"@type\":\"EntryPoint\",\"urlTemplate\":\"https:\/\/www.mundoagropecuario.cl\/new\/?s={search_term_string}\"},\"query-input\":{\"@type\":\"PropertyValueSpecification\",\"valueRequired\":true,\"valueName\":\"search_term_string\"}}],\"inLanguage\":\"es\"},{\"@type\":\"Organization\",\"@id\":\"https:\/\/www.mundoagropecuario.cl\/new\/#organization\",\"name\":\"Revista de Agricultura\",\"url\":\"https:\/\/www.mundoagropecuario.cl\/new\/\",\"logo\":{\"@type\":\"ImageObject\",\"inLanguage\":\"es\",\"@id\":\"https:\/\/www.mundoagropecuario.cl\/new\/#\/schema\/logo\/image\/\",\"url\":\"https:\/\/www.mundoagropecuario.cl\/new\/wp-content\/uploads\/2020\/11\/PORTAL-1-1.png\",\"contentUrl\":\"https:\/\/www.mundoagropecuario.cl\/new\/wp-content\/uploads\/2020\/11\/PORTAL-1-1.png\",\"width\":1026,\"height\":100,\"caption\":\"Revista de Agricultura\"},\"image\":{\"@id\":\"https:\/\/www.mundoagropecuario.cl\/new\/#\/schema\/logo\/image\/\"},\"sameAs\":[\"https:\/\/www.facebook.com\/mundo.agropecuario.3\",\"https:\/\/x.com\/MundoAgropecuar\",\"https:\/\/www.linkedin.com\/in\/mundo-agropecuario-934009201\/\"]},{\"@type\":\"Person\",\"@id\":\"https:\/\/www.mundoagropecuario.cl\/new\/#\/schema\/person\/4e9f74a82a7dac260eb1c44b7eebeb18\",\"name\":\"mundo\",\"url\":\"https:\/\/www.mundoagropecuario.cl\/new\/author\/mundo\/\"}]}<\/script>\n<!-- \/ Yoast SEO plugin. -->","yoast_head_json":{"title":"Regi\u00f3n de Ays\u00e9n recibe dos nuevos helic\u00f3pteros para combatir incendios forestales - Mundoagropecuario","description":"Las aeronaves\u2013que operar\u00e1n en las comunas de Coyhaique y Cochrane \u2013 llegan para reforzar las acciones operativas que impulsa CONAF.","robots":{"index":"index","follow":"follow","max-snippet":"max-snippet:-1","max-image-preview":"max-image-preview:large","max-video-preview":"max-video-preview:-1"},"canonical":"https:\/\/www.mundoagropecuario.cl\/new\/region-de-aysen-recibe-dos-nuevos-helicopteros-para-combatir-incendios-forestales\/","og_locale":"es_ES","og_type":"article","og_title":"Regi\u00f3n de Ays\u00e9n recibe dos nuevos helic\u00f3pteros para combatir incendios forestales - Mundoagropecuario","og_description":"Las aeronaves\u2013que operar\u00e1n en las comunas de Coyhaique y Cochrane \u2013 llegan para reforzar las acciones operativas que impulsa CONAF.","og_url":"https:\/\/www.mundoagropecuario.cl\/new\/region-de-aysen-recibe-dos-nuevos-helicopteros-para-combatir-incendios-forestales\/","og_site_name":"Mundoagropecuario","article_publisher":"https:\/\/www.facebook.com\/mundo.agropecuario.3","article_published_time":"2023-12-14T14:52:08+00:00","article_modified_time":"2023-12-21T16:15:44+00:00","og_image":[{"width":706,"height":400,"url":"https:\/\/www.mundoagropecuario.cl\/new\/wp-content\/uploads\/2023\/12\/Subsecretarii\u0300a-de-Agricultura_3-scaled.jpg","type":"image\/jpeg"}],"author":"mundo","twitter_card":"summary_large_image","twitter_creator":"@MundoAgropecuar","twitter_site":"@MundoAgropecuar","twitter_misc":{"Escrito por":"mundo","Tiempo de lectura":"4 minutos"},"schema":{"@context":"https:\/\/schema.org","@graph":[{"@type":"Article","@id":"https:\/\/www.mundoagropecuario.cl\/new\/region-de-aysen-recibe-dos-nuevos-helicopteros-para-combatir-incendios-forestales\/#article","isPartOf":{"@id":"https:\/\/www.mundoagropecuario.cl\/new\/region-de-aysen-recibe-dos-nuevos-helicopteros-para-combatir-incendios-forestales\/"},"author":{"name":"mundo","@id":"https:\/\/www.mundoagropecuario.cl\/new\/#\/schema\/person\/4e9f74a82a7dac260eb1c44b7eebeb18"},"headline":"Regi\u00f3n de Ays\u00e9n recibe dos nuevos helic\u00f3pteros para combatir incendios forestales","datePublished":"2023-12-14T14:52:08+00:00","dateModified":"2023-12-21T16:15:44+00:00","mainEntityOfPage":{"@id":"https:\/\/www.mundoagropecuario.cl\/new\/region-de-aysen-recibe-dos-nuevos-helicopteros-para-combatir-incendios-forestales\/"},"wordCount":672,"publisher":{"@id":"https:\/\/www.mundoagropecuario.cl\/new\/#organization"},"image":{"@id":"https:\/\/www.mundoagropecuario.cl\/new\/region-de-aysen-recibe-dos-nuevos-helicopteros-para-combatir-incendios-forestales\/#primaryimage"},"thumbnailUrl":"https:\/\/www.mundoagropecuario.cl\/new\/wp-content\/uploads\/2023\/12\/Subsecretarii\u0300a-de-Agricultura_3-scaled.jpg","keywords":["Conaf","helic\u00f3pteros","Ignacia Fern\u00e1ndez.","incendios forestales","Regi\u00f3n de Ays\u00e9n","Ronald Valenzuela Campos","SENAPRED","Sidi Bravo","Subsecretar\u00eda de Agricultura"],"articleSection":["Agricultura"],"inLanguage":"es"},{"@type":"WebPage","@id":"https:\/\/www.mundoagropecuario.cl\/new\/region-de-aysen-recibe-dos-nuevos-helicopteros-para-combatir-incendios-forestales\/","url":"https:\/\/www.mundoagropecuario.cl\/new\/region-de-aysen-recibe-dos-nuevos-helicopteros-para-combatir-incendios-forestales\/","name":"Regi\u00f3n de Ays\u00e9n recibe dos nuevos helic\u00f3pteros para combatir incendios forestales - Mundoagropecuario","isPartOf":{"@id":"https:\/\/www.mundoagropecuario.cl\/new\/#website"},"primaryImageOfPage":{"@id":"https:\/\/www.mundoagropecuario.cl\/new\/region-de-aysen-recibe-dos-nuevos-helicopteros-para-combatir-incendios-forestales\/#primaryimage"},"image":{"@id":"https:\/\/www.mundoagropecuario.cl\/new\/region-de-aysen-recibe-dos-nuevos-helicopteros-para-combatir-incendios-forestales\/#primaryimage"},"thumbnailUrl":"https:\/\/www.mundoagropecuario.cl\/new\/wp-content\/uploads\/2023\/12\/Subsecretarii\u0300a-de-Agricultura_3-scaled.jpg","datePublished":"2023-12-14T14:52:08+00:00","dateModified":"2023-12-21T16:15:44+00:00","description":"Las aeronaves\u2013que operar\u00e1n en las comunas de Coyhaique y Cochrane \u2013 llegan para reforzar las acciones operativas que impulsa CONAF.","breadcrumb":{"@id":"https:\/\/www.mundoagropecuario.cl\/new\/region-de-aysen-recibe-dos-nuevos-helicopteros-para-combatir-incendios-forestales\/#breadcrumb"},"inLanguage":"es","potentialAction":[{"@type":"ReadAction","target":["https:\/\/www.mundoagropecuario.cl\/new\/region-de-aysen-recibe-dos-nuevos-helicopteros-para-combatir-incendios-forestales\/"]}]},{"@type":"ImageObject","inLanguage":"es","@id":"https:\/\/www.mundoagropecuario.cl\/new\/region-de-aysen-recibe-dos-nuevos-helicopteros-para-combatir-incendios-forestales\/#primaryimage","url":"https:\/\/www.mundoagropecuario.cl\/new\/wp-content\/uploads\/2023\/12\/Subsecretarii\u0300a-de-Agricultura_3-scaled.jpg","contentUrl":"https:\/\/www.mundoagropecuario.cl\/new\/wp-content\/uploads\/2023\/12\/Subsecretarii\u0300a-de-Agricultura_3-scaled.jpg","width":706,"height":400},{"@type":"BreadcrumbList","@id":"https:\/\/www.mundoagropecuario.cl\/new\/region-de-aysen-recibe-dos-nuevos-helicopteros-para-combatir-incendios-forestales\/#breadcrumb","itemListElement":[{"@type":"ListItem","position":1,"name":"Portada","item":"https:\/\/www.mundoagropecuario.cl\/new\/"},{"@type":"ListItem","position":2,"name":"Regi\u00f3n de Ays\u00e9n recibe dos nuevos helic\u00f3pteros para combatir incendios forestales"}]},{"@type":"WebSite","@id":"https:\/\/www.mundoagropecuario.cl\/new\/#website","url":"https:\/\/www.mundoagropecuario.cl\/new\/","name":"Mundoagropecuario","description":"Mundo Agropecuario","publisher":{"@id":"https:\/\/www.mundoagropecuario.cl\/new\/#organization"},"potentialAction":[{"@type":"SearchAction","target":{"@type":"EntryPoint","urlTemplate":"https:\/\/www.mundoagropecuario.cl\/new\/?s={search_term_string}"},"query-input":{"@type":"PropertyValueSpecification","valueRequired":true,"valueName":"search_term_string"}}],"inLanguage":"es"},{"@type":"Organization","@id":"https:\/\/www.mundoagropecuario.cl\/new\/#organization","name":"Revista de Agricultura","url":"https:\/\/www.mundoagropecuario.cl\/new\/","logo":{"@type":"ImageObject","inLanguage":"es","@id":"https:\/\/www.mundoagropecuario.cl\/new\/#\/schema\/logo\/image\/","url":"https:\/\/www.mundoagropecuario.cl\/new\/wp-content\/uploads\/2020\/11\/PORTAL-1-1.png","contentUrl":"https:\/\/www.mundoagropecuario.cl\/new\/wp-content\/uploads\/2020\/11\/PORTAL-1-1.png","width":1026,"height":100,"caption":"Revista de Agricultura"},"image":{"@id":"https:\/\/www.mundoagropecuario.cl\/new\/#\/schema\/logo\/image\/"},"sameAs":["https:\/\/www.facebook.com\/mundo.agropecuario.3","https:\/\/x.com\/MundoAgropecuar","https:\/\/www.linkedin.com\/in\/mundo-agropecuario-934009201\/"]},{"@type":"Person","@id":"https:\/\/www.mundoagropecuario.cl\/new\/#\/schema\/person\/4e9f74a82a7dac260eb1c44b7eebeb18","name":"mundo","url":"https:\/\/www.mundoagropecuario.cl\/new\/author\/mundo\/"}]}},"_links":{"self":[{"href":"https:\/\/www.mundoagropecuario.cl\/new\/wp-json\/wp\/v2\/posts\/24964","targetHints":{"allow":["GET"]}}],"collection":[{"href":"https:\/\/www.mundoagropecuario.cl\/new\/wp-json\/wp\/v2\/posts"}],"about":[{"href":"https:\/\/www.mundoagropecuario.cl\/new\/wp-json\/wp\/v2\/types\/post"}],"author":[{"embeddable":true,"href":"https:\/\/www.mundoagropecuario.cl\/new\/wp-json\/wp\/v2\/users\/2"}],"replies":[{"embeddable":true,"href":"https:\/\/www.mundoagropecuario.cl\/new\/wp-json\/wp\/v2\/comments?post=24964"}],"version-history":[{"count":1,"href":"https:\/\/www.mundoagropecuario.cl\/new\/wp-json\/wp\/v2\/posts\/24964\/revisions"}],"predecessor-version":[{"id":24968,"href":"https:\/\/www.mundoagropecuario.cl\/new\/wp-json\/wp\/v2\/posts\/24964\/revisions\/24968"}],"wp:featuredmedia":[{"embeddable":true,"href":"https:\/\/www.mundoagropecuario.cl\/new\/wp-json\/wp\/v2\/media\/24967"}],"wp:attachment":[{"href":"https:\/\/www.mundoagropecuario.cl\/new\/wp-json\/wp\/v2\/media?parent=24964"}],"wp:term":[{"taxonomy":"category","embeddable":true,"href":"https:\/\/www.mundoagropecuario.cl\/new\/wp-json\/wp\/v2\/categories?post=24964"},{"taxonomy":"post_tag","embeddable":true,"href":"https:\/\/www.mundoagropecuario.cl\/new\/wp-json\/wp\/v2\/tags?post=24964"}],"curies":[{"name":"wp","href":"https:\/\/api.w.org\/{rel}","templated":true}]}}