{"id":24943,"date":"2023-12-11T11:30:58","date_gmt":"2023-12-11T14:30:58","guid":{"rendered":"https:\/\/www.mundoagropecuario.cl\/new\/?p=24943"},"modified":"2023-12-15T14:32:58","modified_gmt":"2023-12-15T17:32:58","slug":"con-proyecto-de-enmendadores-de-suelo-udec-apoya-la-agricultura-sostenible","status":"publish","type":"post","link":"https:\/\/www.mundoagropecuario.cl\/new\/con-proyecto-de-enmendadores-de-suelo-udec-apoya-la-agricultura-sostenible\/","title":{"rendered":"Con proyecto de enmendadores de suelo, UdeC apoya la agricultura sostenible"},"content":{"rendered":"<p>El desaf\u00edo del cambio clim\u00e1tico obliga a la reconversi\u00f3n de los sistemas agr\u00edcolas hacia la adaptaci\u00f3n a las nuevas condiciones ambientales como el incremento de la temperatura global y menor disponibilidad de agua. Esto sumado a la necesidad de intensificar los sistemas de producci\u00f3n de alimentos bajo estas nuevas condiciones, tiene el riesgo inminente de la p\u00e9rdida de calidad y productividad de los suelos debido al avance de la degradaci\u00f3n reflejado en p\u00e9rdidas de carbono org\u00e1nico, lo cual trae consecuencias productivas, sociales y de p\u00e9rdida de biodiversidad.<\/p>\n<p>Bajo este contexto es que un equipo de profesionales de Agronom\u00eda UdeC, se encuentra abocado al proyecto FIC \u201cAgricultura sostenible: del residuo a la enmienda\u201d, iniciativa financiada a trav\u00e9s del Fondo de Innovaci\u00f3n para la Competitividad del Gobierno Regional de \u00d1uble y ejecutado por la Facultad de Agronom\u00eda de la Universidad de Concepci\u00f3n.<\/p>\n<p><a href=\"https:\/\/www.mundoagropecuario.cl\/new\/wp-content\/uploads\/2023\/12\/biocarbon2-scaled.jpeg\"><img loading=\"lazy\" decoding=\"async\" class=\"wp-image-24944 alignright\" src=\"https:\/\/www.mundoagropecuario.cl\/new\/wp-content\/uploads\/2023\/12\/biocarbon2-scaled.jpeg\" alt=\"\" width=\"581\" height=\"320\" srcset=\"https:\/\/www.mundoagropecuario.cl\/new\/wp-content\/uploads\/2023\/12\/biocarbon2-scaled.jpeg 720w, https:\/\/www.mundoagropecuario.cl\/new\/wp-content\/uploads\/2023\/12\/biocarbon2-242x133.jpeg 242w, https:\/\/www.mundoagropecuario.cl\/new\/wp-content\/uploads\/2023\/12\/biocarbon2-726x400.jpeg 726w\" sizes=\"auto, (max-width: 581px) 100vw, 581px\" \/><\/a>Se trata de un proyecto que pretende promover la econom\u00eda circular a trav\u00e9s de la generaci\u00f3n local de enmendadores de suelos para la agricultura sostenible de la Regi\u00f3n de \u00d1uble ante el desaf\u00edo de la adaptaci\u00f3n al cambio clim\u00e1tico.<\/p>\n<p>\u201cBuscamos encontrar una forma de generar biocarb\u00f3n o biochar, para peque\u00f1os productores de una manera que sea econ\u00f3mico y factible de realizar con los medios que tienen los productores y utilizando los residuos le\u00f1osos o lignocelul\u00f3sicos que ellos tienen para as\u00ed evitar la quema. Normalmente los agricultores generan quemas agr\u00edcolas donde eliminan todos los desechos le\u00f1osos de su campo y esa es una pr\u00e1ctica que deber\u00eda erradicarse de aqu\u00ed al 2030, seg\u00fan estimaciones del Ministerio de Agricultura, entonces muchos productores no tienen m\u00e1s opci\u00f3n que seguir una pr\u00e1ctica que no es la adecuada, pero es la m\u00e1s f\u00e1cil de realizar, y con esta iniciativa queremos brindarles una alternativa\u201d, explic\u00f3 la acad\u00e9mica y quien lidera el proyecto, Dra. Cristina Mu\u00f1oz, del Departamento de Suelos y Recursos Naturales de Agronom\u00eda UdeC.<\/p>\n<p><strong>M\u00e9rito innovador de la iniciativa<\/strong><\/p>\n<p>Considerando que seg\u00fan CIREN del a\u00f1o 2010 en \u00d1uble y Bio B\u00edo existen 1,8 millones de hect\u00e1reas de suelos con alg\u00fan grado de erosi\u00f3n, lo que conlleva a menor producci\u00f3n y que en cerca de 37.000 hect\u00e1reas en esas regiones se realizan quemas agr\u00edcolas anualmente; \u00e9sta iniciativa genera un modelo de econom\u00eda circular basado en la reutilizaci\u00f3n de los residuos agr\u00edcolas a nivel predial utilizando tecnolog\u00eda de bajo costo de implementaci\u00f3n, sin perjuicio del medio ambiente y adaptando los sistemas agr\u00edcolas de la Regi\u00f3n de \u00d1uble al cambio clim\u00e1tico.<\/p>\n<p>\u201cNos enfocamos en producir un material estable, que se llama biocarb\u00f3n el cual nosotros ya lo hemos trabajado por varios a\u00f1os, determinando relevantes propiedades en el mejoramiento de los suelos como, por ejemplo, ayuda a retener nutrientes, aumenta el pH de los suelos \u00e1cidos, disminuye la infiltraci\u00f3n o la lixiviaci\u00f3n de algunos fertilizantes. Hemos generado bastante informaci\u00f3n cient\u00edfica, que permite avalar el uso del bicarb\u00f3n en determinadas condiciones y eso es lo que queremos promover ahora\u201d, indic\u00f3 la Dra. Mu\u00f1oz sobre este proyecto de transferencia tecnol\u00f3gica, agregando que \u201cqueremos encontrar la uni\u00f3n entre la producci\u00f3n sustentable, el reciclaje de los residuos, el bajo costo de producci\u00f3n y el mejoramiento de los suelos\u201d.<\/p>\n<p>El proyecto tiene tres a\u00f1os de duraci\u00f3n, cursando actualmente el a\u00f1o y medio, y pretende transferir esta tecnolog\u00eda a los productores. \u201cPor el momento tenemos como beneficiarios del proyecto a productores de las zonas de Quirihue, Portezuelo y Coihueco, siendo posible incorporar a productores del \u00e1rea vitivin\u00edcola y de producci\u00f3n de frutales en general, ya que generan gran volumen de residuos le\u00f1osos anualmente, los cuales se pueden convertir en biocarb\u00f3n\u201d, puntualiz\u00f3 la experta.<\/p>\n","protected":false},"excerpt":{"rendered":"<p>Proyecto permitir\u00e1 difundir entre los agricultores el mejoramiento del recurso suelo al incrementar la calidad y sus funciones ecosist\u00e9micas.<\/p>\n","protected":false},"author":2,"featured_media":24945,"comment_status":"closed","ping_status":"closed","sticky":false,"template":"","format":"standard","meta":{"footnotes":""},"categories":[1945],"tags":[4476,2969,3013,1681,8568,8567,8566],"class_list":["post-24943","post","type-post","status-publish","format-standard","has-post-thumbnail","hentry","category-agricultura","tag-agro-agricultura","tag-agronomia-udec","tag-biocarbon","tag-biodiversidad","tag-infiltracion-o-la-lixiviacion","tag-nuble-y-bio-bio","tag-que-se-llama-biocarbon"],"yoast_head":"<!-- This site is optimized with the Yoast SEO plugin v26.6 - https:\/\/yoast.com\/wordpress\/plugins\/seo\/ -->\n<title>Con proyecto de enmendadores de suelo, UdeC apoya la agricultura sostenible - Mundoagropecuario<\/title>\n<meta name=\"description\" content=\"Proyecto permitir\u00e1 difundir entre los agricultores el mejoramiento del recurso suelo al incrementar la calidad y sus funciones ecosist\u00e9micas.\" \/>\n<meta name=\"robots\" content=\"index, follow, max-snippet:-1, max-image-preview:large, max-video-preview:-1\" \/>\n<link rel=\"canonical\" href=\"https:\/\/www.mundoagropecuario.cl\/new\/con-proyecto-de-enmendadores-de-suelo-udec-apoya-la-agricultura-sostenible\/\" \/>\n<meta property=\"og:locale\" content=\"es_ES\" \/>\n<meta property=\"og:type\" content=\"article\" \/>\n<meta property=\"og:title\" content=\"Con proyecto de enmendadores de suelo, UdeC apoya la agricultura sostenible - Mundoagropecuario\" \/>\n<meta property=\"og:description\" content=\"Proyecto permitir\u00e1 difundir entre los agricultores el mejoramiento del recurso suelo al incrementar la calidad y sus funciones ecosist\u00e9micas.\" \/>\n<meta property=\"og:url\" content=\"https:\/\/www.mundoagropecuario.cl\/new\/con-proyecto-de-enmendadores-de-suelo-udec-apoya-la-agricultura-sostenible\/\" \/>\n<meta property=\"og:site_name\" content=\"Mundoagropecuario\" \/>\n<meta property=\"article:publisher\" content=\"https:\/\/www.facebook.com\/mundo.agropecuario.3\" \/>\n<meta property=\"article:published_time\" content=\"2023-12-11T14:30:58+00:00\" \/>\n<meta property=\"article:modified_time\" content=\"2023-12-15T17:32:58+00:00\" \/>\n<meta property=\"og:image\" content=\"https:\/\/www.mundoagropecuario.cl\/new\/wp-content\/uploads\/2023\/12\/biocarbon1-scaled.jpeg\" \/>\n\t<meta property=\"og:image:width\" content=\"720\" \/>\n\t<meta property=\"og:image:height\" content=\"399\" \/>\n\t<meta property=\"og:image:type\" content=\"image\/jpeg\" \/>\n<meta name=\"author\" content=\"mundo\" \/>\n<meta name=\"twitter:card\" content=\"summary_large_image\" \/>\n<meta name=\"twitter:creator\" content=\"@MundoAgropecuar\" \/>\n<meta name=\"twitter:site\" content=\"@MundoAgropecuar\" \/>\n<meta name=\"twitter:label1\" content=\"Escrito por\" \/>\n\t<meta name=\"twitter:data1\" content=\"mundo\" \/>\n\t<meta name=\"twitter:label2\" content=\"Tiempo de lectura\" \/>\n\t<meta name=\"twitter:data2\" content=\"3 minutos\" \/>\n<script type=\"application\/ld+json\" class=\"yoast-schema-graph\">{\"@context\":\"https:\/\/schema.org\",\"@graph\":[{\"@type\":\"Article\",\"@id\":\"https:\/\/www.mundoagropecuario.cl\/new\/con-proyecto-de-enmendadores-de-suelo-udec-apoya-la-agricultura-sostenible\/#article\",\"isPartOf\":{\"@id\":\"https:\/\/www.mundoagropecuario.cl\/new\/con-proyecto-de-enmendadores-de-suelo-udec-apoya-la-agricultura-sostenible\/\"},\"author\":{\"name\":\"mundo\",\"@id\":\"https:\/\/www.mundoagropecuario.cl\/new\/#\/schema\/person\/4e9f74a82a7dac260eb1c44b7eebeb18\"},\"headline\":\"Con proyecto de enmendadores de suelo, UdeC apoya la agricultura sostenible\",\"datePublished\":\"2023-12-11T14:30:58+00:00\",\"dateModified\":\"2023-12-15T17:32:58+00:00\",\"mainEntityOfPage\":{\"@id\":\"https:\/\/www.mundoagropecuario.cl\/new\/con-proyecto-de-enmendadores-de-suelo-udec-apoya-la-agricultura-sostenible\/\"},\"wordCount\":673,\"publisher\":{\"@id\":\"https:\/\/www.mundoagropecuario.cl\/new\/#organization\"},\"image\":{\"@id\":\"https:\/\/www.mundoagropecuario.cl\/new\/con-proyecto-de-enmendadores-de-suelo-udec-apoya-la-agricultura-sostenible\/#primaryimage\"},\"thumbnailUrl\":\"https:\/\/www.mundoagropecuario.cl\/new\/wp-content\/uploads\/2023\/12\/biocarbon1-scaled.jpeg\",\"keywords\":[\"Agro Agricultura\",\"Agronom\u00eda UdeC\",\"biocarb\u00f3n\",\"Biodiversidad\",\"infiltraci\u00f3n o la lixiviaci\u00f3n\",\"\u00d1uble y Bio B\u00edo\",\"que se llama biocarb\u00f3n\"],\"articleSection\":[\"Agricultura\"],\"inLanguage\":\"es\"},{\"@type\":\"WebPage\",\"@id\":\"https:\/\/www.mundoagropecuario.cl\/new\/con-proyecto-de-enmendadores-de-suelo-udec-apoya-la-agricultura-sostenible\/\",\"url\":\"https:\/\/www.mundoagropecuario.cl\/new\/con-proyecto-de-enmendadores-de-suelo-udec-apoya-la-agricultura-sostenible\/\",\"name\":\"Con proyecto de enmendadores de suelo, UdeC apoya la agricultura sostenible - Mundoagropecuario\",\"isPartOf\":{\"@id\":\"https:\/\/www.mundoagropecuario.cl\/new\/#website\"},\"primaryImageOfPage\":{\"@id\":\"https:\/\/www.mundoagropecuario.cl\/new\/con-proyecto-de-enmendadores-de-suelo-udec-apoya-la-agricultura-sostenible\/#primaryimage\"},\"image\":{\"@id\":\"https:\/\/www.mundoagropecuario.cl\/new\/con-proyecto-de-enmendadores-de-suelo-udec-apoya-la-agricultura-sostenible\/#primaryimage\"},\"thumbnailUrl\":\"https:\/\/www.mundoagropecuario.cl\/new\/wp-content\/uploads\/2023\/12\/biocarbon1-scaled.jpeg\",\"datePublished\":\"2023-12-11T14:30:58+00:00\",\"dateModified\":\"2023-12-15T17:32:58+00:00\",\"description\":\"Proyecto permitir\u00e1 difundir entre los agricultores el mejoramiento del recurso suelo al incrementar la calidad y sus funciones ecosist\u00e9micas.\",\"breadcrumb\":{\"@id\":\"https:\/\/www.mundoagropecuario.cl\/new\/con-proyecto-de-enmendadores-de-suelo-udec-apoya-la-agricultura-sostenible\/#breadcrumb\"},\"inLanguage\":\"es\",\"potentialAction\":[{\"@type\":\"ReadAction\",\"target\":[\"https:\/\/www.mundoagropecuario.cl\/new\/con-proyecto-de-enmendadores-de-suelo-udec-apoya-la-agricultura-sostenible\/\"]}]},{\"@type\":\"ImageObject\",\"inLanguage\":\"es\",\"@id\":\"https:\/\/www.mundoagropecuario.cl\/new\/con-proyecto-de-enmendadores-de-suelo-udec-apoya-la-agricultura-sostenible\/#primaryimage\",\"url\":\"https:\/\/www.mundoagropecuario.cl\/new\/wp-content\/uploads\/2023\/12\/biocarbon1-scaled.jpeg\",\"contentUrl\":\"https:\/\/www.mundoagropecuario.cl\/new\/wp-content\/uploads\/2023\/12\/biocarbon1-scaled.jpeg\",\"width\":720,\"height\":399},{\"@type\":\"BreadcrumbList\",\"@id\":\"https:\/\/www.mundoagropecuario.cl\/new\/con-proyecto-de-enmendadores-de-suelo-udec-apoya-la-agricultura-sostenible\/#breadcrumb\",\"itemListElement\":[{\"@type\":\"ListItem\",\"position\":1,\"name\":\"Portada\",\"item\":\"https:\/\/www.mundoagropecuario.cl\/new\/\"},{\"@type\":\"ListItem\",\"position\":2,\"name\":\"Con proyecto de enmendadores de suelo, UdeC apoya la agricultura sostenible\"}]},{\"@type\":\"WebSite\",\"@id\":\"https:\/\/www.mundoagropecuario.cl\/new\/#website\",\"url\":\"https:\/\/www.mundoagropecuario.cl\/new\/\",\"name\":\"Mundoagropecuario\",\"description\":\"Mundo Agropecuario\",\"publisher\":{\"@id\":\"https:\/\/www.mundoagropecuario.cl\/new\/#organization\"},\"potentialAction\":[{\"@type\":\"SearchAction\",\"target\":{\"@type\":\"EntryPoint\",\"urlTemplate\":\"https:\/\/www.mundoagropecuario.cl\/new\/?s={search_term_string}\"},\"query-input\":{\"@type\":\"PropertyValueSpecification\",\"valueRequired\":true,\"valueName\":\"search_term_string\"}}],\"inLanguage\":\"es\"},{\"@type\":\"Organization\",\"@id\":\"https:\/\/www.mundoagropecuario.cl\/new\/#organization\",\"name\":\"Revista de Agricultura\",\"url\":\"https:\/\/www.mundoagropecuario.cl\/new\/\",\"logo\":{\"@type\":\"ImageObject\",\"inLanguage\":\"es\",\"@id\":\"https:\/\/www.mundoagropecuario.cl\/new\/#\/schema\/logo\/image\/\",\"url\":\"https:\/\/www.mundoagropecuario.cl\/new\/wp-content\/uploads\/2020\/11\/PORTAL-1-1.png\",\"contentUrl\":\"https:\/\/www.mundoagropecuario.cl\/new\/wp-content\/uploads\/2020\/11\/PORTAL-1-1.png\",\"width\":1026,\"height\":100,\"caption\":\"Revista de Agricultura\"},\"image\":{\"@id\":\"https:\/\/www.mundoagropecuario.cl\/new\/#\/schema\/logo\/image\/\"},\"sameAs\":[\"https:\/\/www.facebook.com\/mundo.agropecuario.3\",\"https:\/\/x.com\/MundoAgropecuar\",\"https:\/\/www.linkedin.com\/in\/mundo-agropecuario-934009201\/\"]},{\"@type\":\"Person\",\"@id\":\"https:\/\/www.mundoagropecuario.cl\/new\/#\/schema\/person\/4e9f74a82a7dac260eb1c44b7eebeb18\",\"name\":\"mundo\",\"url\":\"https:\/\/www.mundoagropecuario.cl\/new\/author\/mundo\/\"}]}<\/script>\n<!-- \/ Yoast SEO plugin. -->","yoast_head_json":{"title":"Con proyecto de enmendadores de suelo, UdeC apoya la agricultura sostenible - Mundoagropecuario","description":"Proyecto permitir\u00e1 difundir entre los agricultores el mejoramiento del recurso suelo al incrementar la calidad y sus funciones ecosist\u00e9micas.","robots":{"index":"index","follow":"follow","max-snippet":"max-snippet:-1","max-image-preview":"max-image-preview:large","max-video-preview":"max-video-preview:-1"},"canonical":"https:\/\/www.mundoagropecuario.cl\/new\/con-proyecto-de-enmendadores-de-suelo-udec-apoya-la-agricultura-sostenible\/","og_locale":"es_ES","og_type":"article","og_title":"Con proyecto de enmendadores de suelo, UdeC apoya la agricultura sostenible - Mundoagropecuario","og_description":"Proyecto permitir\u00e1 difundir entre los agricultores el mejoramiento del recurso suelo al incrementar la calidad y sus funciones ecosist\u00e9micas.","og_url":"https:\/\/www.mundoagropecuario.cl\/new\/con-proyecto-de-enmendadores-de-suelo-udec-apoya-la-agricultura-sostenible\/","og_site_name":"Mundoagropecuario","article_publisher":"https:\/\/www.facebook.com\/mundo.agropecuario.3","article_published_time":"2023-12-11T14:30:58+00:00","article_modified_time":"2023-12-15T17:32:58+00:00","og_image":[{"width":720,"height":399,"url":"https:\/\/www.mundoagropecuario.cl\/new\/wp-content\/uploads\/2023\/12\/biocarbon1-scaled.jpeg","type":"image\/jpeg"}],"author":"mundo","twitter_card":"summary_large_image","twitter_creator":"@MundoAgropecuar","twitter_site":"@MundoAgropecuar","twitter_misc":{"Escrito por":"mundo","Tiempo de lectura":"3 minutos"},"schema":{"@context":"https:\/\/schema.org","@graph":[{"@type":"Article","@id":"https:\/\/www.mundoagropecuario.cl\/new\/con-proyecto-de-enmendadores-de-suelo-udec-apoya-la-agricultura-sostenible\/#article","isPartOf":{"@id":"https:\/\/www.mundoagropecuario.cl\/new\/con-proyecto-de-enmendadores-de-suelo-udec-apoya-la-agricultura-sostenible\/"},"author":{"name":"mundo","@id":"https:\/\/www.mundoagropecuario.cl\/new\/#\/schema\/person\/4e9f74a82a7dac260eb1c44b7eebeb18"},"headline":"Con proyecto de enmendadores de suelo, UdeC apoya la agricultura sostenible","datePublished":"2023-12-11T14:30:58+00:00","dateModified":"2023-12-15T17:32:58+00:00","mainEntityOfPage":{"@id":"https:\/\/www.mundoagropecuario.cl\/new\/con-proyecto-de-enmendadores-de-suelo-udec-apoya-la-agricultura-sostenible\/"},"wordCount":673,"publisher":{"@id":"https:\/\/www.mundoagropecuario.cl\/new\/#organization"},"image":{"@id":"https:\/\/www.mundoagropecuario.cl\/new\/con-proyecto-de-enmendadores-de-suelo-udec-apoya-la-agricultura-sostenible\/#primaryimage"},"thumbnailUrl":"https:\/\/www.mundoagropecuario.cl\/new\/wp-content\/uploads\/2023\/12\/biocarbon1-scaled.jpeg","keywords":["Agro Agricultura","Agronom\u00eda UdeC","biocarb\u00f3n","Biodiversidad","infiltraci\u00f3n o la lixiviaci\u00f3n","\u00d1uble y Bio B\u00edo","que se llama biocarb\u00f3n"],"articleSection":["Agricultura"],"inLanguage":"es"},{"@type":"WebPage","@id":"https:\/\/www.mundoagropecuario.cl\/new\/con-proyecto-de-enmendadores-de-suelo-udec-apoya-la-agricultura-sostenible\/","url":"https:\/\/www.mundoagropecuario.cl\/new\/con-proyecto-de-enmendadores-de-suelo-udec-apoya-la-agricultura-sostenible\/","name":"Con proyecto de enmendadores de suelo, UdeC apoya la agricultura sostenible - Mundoagropecuario","isPartOf":{"@id":"https:\/\/www.mundoagropecuario.cl\/new\/#website"},"primaryImageOfPage":{"@id":"https:\/\/www.mundoagropecuario.cl\/new\/con-proyecto-de-enmendadores-de-suelo-udec-apoya-la-agricultura-sostenible\/#primaryimage"},"image":{"@id":"https:\/\/www.mundoagropecuario.cl\/new\/con-proyecto-de-enmendadores-de-suelo-udec-apoya-la-agricultura-sostenible\/#primaryimage"},"thumbnailUrl":"https:\/\/www.mundoagropecuario.cl\/new\/wp-content\/uploads\/2023\/12\/biocarbon1-scaled.jpeg","datePublished":"2023-12-11T14:30:58+00:00","dateModified":"2023-12-15T17:32:58+00:00","description":"Proyecto permitir\u00e1 difundir entre los agricultores el mejoramiento del recurso suelo al incrementar la calidad y sus funciones ecosist\u00e9micas.","breadcrumb":{"@id":"https:\/\/www.mundoagropecuario.cl\/new\/con-proyecto-de-enmendadores-de-suelo-udec-apoya-la-agricultura-sostenible\/#breadcrumb"},"inLanguage":"es","potentialAction":[{"@type":"ReadAction","target":["https:\/\/www.mundoagropecuario.cl\/new\/con-proyecto-de-enmendadores-de-suelo-udec-apoya-la-agricultura-sostenible\/"]}]},{"@type":"ImageObject","inLanguage":"es","@id":"https:\/\/www.mundoagropecuario.cl\/new\/con-proyecto-de-enmendadores-de-suelo-udec-apoya-la-agricultura-sostenible\/#primaryimage","url":"https:\/\/www.mundoagropecuario.cl\/new\/wp-content\/uploads\/2023\/12\/biocarbon1-scaled.jpeg","contentUrl":"https:\/\/www.mundoagropecuario.cl\/new\/wp-content\/uploads\/2023\/12\/biocarbon1-scaled.jpeg","width":720,"height":399},{"@type":"BreadcrumbList","@id":"https:\/\/www.mundoagropecuario.cl\/new\/con-proyecto-de-enmendadores-de-suelo-udec-apoya-la-agricultura-sostenible\/#breadcrumb","itemListElement":[{"@type":"ListItem","position":1,"name":"Portada","item":"https:\/\/www.mundoagropecuario.cl\/new\/"},{"@type":"ListItem","position":2,"name":"Con proyecto de enmendadores de suelo, UdeC apoya la agricultura sostenible"}]},{"@type":"WebSite","@id":"https:\/\/www.mundoagropecuario.cl\/new\/#website","url":"https:\/\/www.mundoagropecuario.cl\/new\/","name":"Mundoagropecuario","description":"Mundo Agropecuario","publisher":{"@id":"https:\/\/www.mundoagropecuario.cl\/new\/#organization"},"potentialAction":[{"@type":"SearchAction","target":{"@type":"EntryPoint","urlTemplate":"https:\/\/www.mundoagropecuario.cl\/new\/?s={search_term_string}"},"query-input":{"@type":"PropertyValueSpecification","valueRequired":true,"valueName":"search_term_string"}}],"inLanguage":"es"},{"@type":"Organization","@id":"https:\/\/www.mundoagropecuario.cl\/new\/#organization","name":"Revista de Agricultura","url":"https:\/\/www.mundoagropecuario.cl\/new\/","logo":{"@type":"ImageObject","inLanguage":"es","@id":"https:\/\/www.mundoagropecuario.cl\/new\/#\/schema\/logo\/image\/","url":"https:\/\/www.mundoagropecuario.cl\/new\/wp-content\/uploads\/2020\/11\/PORTAL-1-1.png","contentUrl":"https:\/\/www.mundoagropecuario.cl\/new\/wp-content\/uploads\/2020\/11\/PORTAL-1-1.png","width":1026,"height":100,"caption":"Revista de Agricultura"},"image":{"@id":"https:\/\/www.mundoagropecuario.cl\/new\/#\/schema\/logo\/image\/"},"sameAs":["https:\/\/www.facebook.com\/mundo.agropecuario.3","https:\/\/x.com\/MundoAgropecuar","https:\/\/www.linkedin.com\/in\/mundo-agropecuario-934009201\/"]},{"@type":"Person","@id":"https:\/\/www.mundoagropecuario.cl\/new\/#\/schema\/person\/4e9f74a82a7dac260eb1c44b7eebeb18","name":"mundo","url":"https:\/\/www.mundoagropecuario.cl\/new\/author\/mundo\/"}]}},"_links":{"self":[{"href":"https:\/\/www.mundoagropecuario.cl\/new\/wp-json\/wp\/v2\/posts\/24943","targetHints":{"allow":["GET"]}}],"collection":[{"href":"https:\/\/www.mundoagropecuario.cl\/new\/wp-json\/wp\/v2\/posts"}],"about":[{"href":"https:\/\/www.mundoagropecuario.cl\/new\/wp-json\/wp\/v2\/types\/post"}],"author":[{"embeddable":true,"href":"https:\/\/www.mundoagropecuario.cl\/new\/wp-json\/wp\/v2\/users\/2"}],"replies":[{"embeddable":true,"href":"https:\/\/www.mundoagropecuario.cl\/new\/wp-json\/wp\/v2\/comments?post=24943"}],"version-history":[{"count":1,"href":"https:\/\/www.mundoagropecuario.cl\/new\/wp-json\/wp\/v2\/posts\/24943\/revisions"}],"predecessor-version":[{"id":24946,"href":"https:\/\/www.mundoagropecuario.cl\/new\/wp-json\/wp\/v2\/posts\/24943\/revisions\/24946"}],"wp:featuredmedia":[{"embeddable":true,"href":"https:\/\/www.mundoagropecuario.cl\/new\/wp-json\/wp\/v2\/media\/24945"}],"wp:attachment":[{"href":"https:\/\/www.mundoagropecuario.cl\/new\/wp-json\/wp\/v2\/media?parent=24943"}],"wp:term":[{"taxonomy":"category","embeddable":true,"href":"https:\/\/www.mundoagropecuario.cl\/new\/wp-json\/wp\/v2\/categories?post=24943"},{"taxonomy":"post_tag","embeddable":true,"href":"https:\/\/www.mundoagropecuario.cl\/new\/wp-json\/wp\/v2\/tags?post=24943"}],"curies":[{"name":"wp","href":"https:\/\/api.w.org\/{rel}","templated":true}]}}