{"id":24939,"date":"2023-12-07T12:50:08","date_gmt":"2023-12-07T15:50:08","guid":{"rendered":"https:\/\/www.mundoagropecuario.cl\/new\/?p=24939"},"modified":"2023-12-15T14:32:37","modified_gmt":"2023-12-15T17:32:37","slug":"inia-marca-hito-con-su-primer-diplomado-de-soberania-alimentaria","status":"publish","type":"post","link":"https:\/\/www.mundoagropecuario.cl\/new\/inia-marca-hito-con-su-primer-diplomado-de-soberania-alimentaria\/","title":{"rendered":"INIA marca hito con su primer diplomado de Soberan\u00eda Alimentaria"},"content":{"rendered":"<p>El instituto de Investigaciones Agropecuarias (INIA) realiz\u00f3 hoy la ceremonia de titulaci\u00f3n del Diplomado en Soberan\u00eda Alimentaria para peque\u00f1as explotaciones agropecuarias, el primero en su tipo en la historia del INIA certificado por INIA Educa y enfocado en los pueblos originarios y la Agricultura Familiar Campesina.<\/p>\n<p>As\u00ed lo resalt\u00f3 la directora nacional de INIA, Iris Lobos, quien encabez\u00f3 este evento junto a los diputados Emilia Nuyado y H\u00e9ctor Barr\u00eda y la Seremi de Agricultura de la Regi\u00f3n de Los Lagos, Tania Salas.<\/p>\n<p><a href=\"https:\/\/www.mundoagropecuario.cl\/new\/wp-content\/uploads\/2023\/12\/INIA39-scaled.jpg\"><img loading=\"lazy\" decoding=\"async\" class=\"alignleft wp-image-24941 \" src=\"https:\/\/www.mundoagropecuario.cl\/new\/wp-content\/uploads\/2023\/12\/INIA39-scaled.jpg\" alt=\"\" width=\"579\" height=\"332\" \/><\/a>\u201cEstamos satisfechos y contentos porque hoy d\u00eda hemos realizado la titulaci\u00f3n del primer diplomado certificado por INIA Educa en el contexto de la soberan\u00eda alimentaria para pueblos originarios y peque\u00f1a agricultura\u201d.<\/p>\n<p>A su juicio este \u201ces un gran hito como instituci\u00f3n, porque es la primera vez despu\u00e9s de un proceso que lleva 6 a\u00f1os, donde este grupo de alumnos ha cursado m\u00e1s de 120 horas lectivas, pr\u00e1cticas, pruebas, salidas a terreno, por lo tanto, nos llena de orgullo esta titulaci\u00f3n de nuestro primer diplomado\u201d.<\/p>\n<p>La seremi de Agricultura, Tania Salas, resalt\u00f3 tambi\u00e9n la importancia que el Ministerio de Agricultura y el gobierno de Presidente Gabriel Boric han dado a la soberan\u00eda alimentaria, los pueblos originarios y la agricultura familiar campesina.<\/p>\n<p>La diputada Nuyado, quien apoy\u00f3 desde el inicio esta iniciativa, resalt\u00f3 tambi\u00e9n que \u201ceste diplomado cumpli\u00f3 con el objetivo de transferir y certificar los conocimientos adquiridos y tambi\u00e9n las capacidades y pr\u00e1cticas ancestrales de nuestras comunidades en la producci\u00f3n de alimentos\u201d.<\/p>\n<p>Por su parte, Germ\u00e1n Holmberg, coordinador nacional de Extensi\u00f3n y Capacitaci\u00f3n de INIA, sostuvo \u201ceste diplomado permiti\u00f3 a los alumnos conocer los principios b\u00e1sicos de una producci\u00f3n multirubro sustentable y sostenible, en pos de la soberan\u00eda alimentaria\u201d.<\/p>\n<p>A\u00f1adi\u00f3 que \u201choy se ha cumplido un anhelo de mucho tiempo de los agricultores y agricultoras mapuche-huilliches con los que est\u00e1bamos trabajando en cinco Grupos de Extensi\u00f3n Agropecuaria (GET) en la Providencia de Osorno\u201d.<\/p>\n<p>El programa tuvo 7 m\u00f3dulos, con m\u00e1s de 20 clases pr\u00e1cticas y te\u00f3ricas para que los asistentes reciban 120 horas en clases dictadas por profesionales de INIA de diversos centros regionales y externos de instituciones como Odepa, la Universidad de Chile y una profesora independiente especialista en cosmovisi\u00f3n mapuche.<\/p>\n","protected":false},"excerpt":{"rendered":"<p>M\u00e1s de 40 peque\u00f1os agricultores, en su gran mayor\u00eda mujeres de comunidades de la Provincia de Osorno, recibieron su diploma, en una solemne y emotiva ceremonia realizada en INIA Remehue.<\/p>\n","protected":false},"author":2,"featured_media":24940,"comment_status":"closed","ping_status":"closed","sticky":false,"template":"","format":"standard","meta":{"footnotes":""},"categories":[1945],"tags":[4765,8565,2052,8562,5647,8564,2328,8563,6858],"class_list":["post-24939","post","type-post","status-publish","format-standard","has-post-thumbnail","hentry","category-agricultura","tag-agricultura-familiar-campesina","tag-capacitacion-de-inia","tag-inia","tag-inia-educa","tag-iris-lobos","tag-lagos","tag-ministerio-de-agricultura","tag-soberania-alimentaria","tag-tania-salas"],"yoast_head":"<!-- This site is optimized with the Yoast SEO plugin v26.6 - https:\/\/yoast.com\/wordpress\/plugins\/seo\/ -->\n<title>INIA marca hito con su primer diplomado de Soberan\u00eda Alimentaria - Mundoagropecuario<\/title>\n<meta name=\"description\" content=\"M\u00e1s de 40 peque\u00f1os agricultores, en su gran mayor\u00eda mujeres de comunidades de la Provincia de Osorno, recibieron su diploma.\" \/>\n<meta name=\"robots\" content=\"index, follow, max-snippet:-1, max-image-preview:large, max-video-preview:-1\" \/>\n<link rel=\"canonical\" href=\"https:\/\/www.mundoagropecuario.cl\/new\/inia-marca-hito-con-su-primer-diplomado-de-soberania-alimentaria\/\" \/>\n<meta property=\"og:locale\" content=\"es_ES\" \/>\n<meta property=\"og:type\" content=\"article\" \/>\n<meta property=\"og:title\" content=\"INIA marca hito con su primer diplomado de Soberan\u00eda Alimentaria - Mundoagropecuario\" \/>\n<meta property=\"og:description\" content=\"M\u00e1s de 40 peque\u00f1os agricultores, en su gran mayor\u00eda mujeres de comunidades de la Provincia de Osorno, recibieron su diploma.\" \/>\n<meta property=\"og:url\" content=\"https:\/\/www.mundoagropecuario.cl\/new\/inia-marca-hito-con-su-primer-diplomado-de-soberania-alimentaria\/\" \/>\n<meta property=\"og:site_name\" content=\"Mundoagropecuario\" \/>\n<meta property=\"article:publisher\" content=\"https:\/\/www.facebook.com\/mundo.agropecuario.3\" \/>\n<meta property=\"article:published_time\" content=\"2023-12-07T15:50:08+00:00\" \/>\n<meta property=\"article:modified_time\" content=\"2023-12-15T17:32:37+00:00\" \/>\n<meta property=\"og:image\" content=\"https:\/\/www.mundoagropecuario.cl\/new\/wp-content\/uploads\/2023\/12\/INIA43-scaled.jpg\" \/>\n\t<meta property=\"og:image:width\" content=\"720\" \/>\n\t<meta property=\"og:image:height\" content=\"394\" \/>\n\t<meta property=\"og:image:type\" content=\"image\/jpeg\" \/>\n<meta name=\"author\" content=\"mundo\" \/>\n<meta name=\"twitter:card\" content=\"summary_large_image\" \/>\n<meta name=\"twitter:creator\" content=\"@MundoAgropecuar\" \/>\n<meta name=\"twitter:site\" content=\"@MundoAgropecuar\" \/>\n<meta name=\"twitter:label1\" content=\"Escrito por\" \/>\n\t<meta name=\"twitter:data1\" content=\"mundo\" \/>\n\t<meta name=\"twitter:label2\" content=\"Tiempo de lectura\" \/>\n\t<meta name=\"twitter:data2\" content=\"2 minutos\" \/>\n<script type=\"application\/ld+json\" class=\"yoast-schema-graph\">{\"@context\":\"https:\/\/schema.org\",\"@graph\":[{\"@type\":\"Article\",\"@id\":\"https:\/\/www.mundoagropecuario.cl\/new\/inia-marca-hito-con-su-primer-diplomado-de-soberania-alimentaria\/#article\",\"isPartOf\":{\"@id\":\"https:\/\/www.mundoagropecuario.cl\/new\/inia-marca-hito-con-su-primer-diplomado-de-soberania-alimentaria\/\"},\"author\":{\"name\":\"mundo\",\"@id\":\"https:\/\/www.mundoagropecuario.cl\/new\/#\/schema\/person\/4e9f74a82a7dac260eb1c44b7eebeb18\"},\"headline\":\"INIA marca hito con su primer diplomado de Soberan\u00eda Alimentaria\",\"datePublished\":\"2023-12-07T15:50:08+00:00\",\"dateModified\":\"2023-12-15T17:32:37+00:00\",\"mainEntityOfPage\":{\"@id\":\"https:\/\/www.mundoagropecuario.cl\/new\/inia-marca-hito-con-su-primer-diplomado-de-soberania-alimentaria\/\"},\"wordCount\":405,\"publisher\":{\"@id\":\"https:\/\/www.mundoagropecuario.cl\/new\/#organization\"},\"image\":{\"@id\":\"https:\/\/www.mundoagropecuario.cl\/new\/inia-marca-hito-con-su-primer-diplomado-de-soberania-alimentaria\/#primaryimage\"},\"thumbnailUrl\":\"https:\/\/www.mundoagropecuario.cl\/new\/wp-content\/uploads\/2023\/12\/INIA43-scaled.jpg\",\"keywords\":[\"Agricultura Familiar Campesina\",\"Capacitaci\u00f3n de INIA\",\"INIA\",\"INIA Educa\",\"Iris Lobos\",\"Lagos\",\"Ministerio de Agricultura\",\"Soberan\u00eda Alimentaria\",\"Tania Salas\"],\"articleSection\":[\"Agricultura\"],\"inLanguage\":\"es\"},{\"@type\":\"WebPage\",\"@id\":\"https:\/\/www.mundoagropecuario.cl\/new\/inia-marca-hito-con-su-primer-diplomado-de-soberania-alimentaria\/\",\"url\":\"https:\/\/www.mundoagropecuario.cl\/new\/inia-marca-hito-con-su-primer-diplomado-de-soberania-alimentaria\/\",\"name\":\"INIA marca hito con su primer diplomado de Soberan\u00eda Alimentaria - Mundoagropecuario\",\"isPartOf\":{\"@id\":\"https:\/\/www.mundoagropecuario.cl\/new\/#website\"},\"primaryImageOfPage\":{\"@id\":\"https:\/\/www.mundoagropecuario.cl\/new\/inia-marca-hito-con-su-primer-diplomado-de-soberania-alimentaria\/#primaryimage\"},\"image\":{\"@id\":\"https:\/\/www.mundoagropecuario.cl\/new\/inia-marca-hito-con-su-primer-diplomado-de-soberania-alimentaria\/#primaryimage\"},\"thumbnailUrl\":\"https:\/\/www.mundoagropecuario.cl\/new\/wp-content\/uploads\/2023\/12\/INIA43-scaled.jpg\",\"datePublished\":\"2023-12-07T15:50:08+00:00\",\"dateModified\":\"2023-12-15T17:32:37+00:00\",\"description\":\"M\u00e1s de 40 peque\u00f1os agricultores, en su gran mayor\u00eda mujeres de comunidades de la Provincia de Osorno, recibieron su diploma.\",\"breadcrumb\":{\"@id\":\"https:\/\/www.mundoagropecuario.cl\/new\/inia-marca-hito-con-su-primer-diplomado-de-soberania-alimentaria\/#breadcrumb\"},\"inLanguage\":\"es\",\"potentialAction\":[{\"@type\":\"ReadAction\",\"target\":[\"https:\/\/www.mundoagropecuario.cl\/new\/inia-marca-hito-con-su-primer-diplomado-de-soberania-alimentaria\/\"]}]},{\"@type\":\"ImageObject\",\"inLanguage\":\"es\",\"@id\":\"https:\/\/www.mundoagropecuario.cl\/new\/inia-marca-hito-con-su-primer-diplomado-de-soberania-alimentaria\/#primaryimage\",\"url\":\"https:\/\/www.mundoagropecuario.cl\/new\/wp-content\/uploads\/2023\/12\/INIA43-scaled.jpg\",\"contentUrl\":\"https:\/\/www.mundoagropecuario.cl\/new\/wp-content\/uploads\/2023\/12\/INIA43-scaled.jpg\",\"width\":720,\"height\":394},{\"@type\":\"BreadcrumbList\",\"@id\":\"https:\/\/www.mundoagropecuario.cl\/new\/inia-marca-hito-con-su-primer-diplomado-de-soberania-alimentaria\/#breadcrumb\",\"itemListElement\":[{\"@type\":\"ListItem\",\"position\":1,\"name\":\"Portada\",\"item\":\"https:\/\/www.mundoagropecuario.cl\/new\/\"},{\"@type\":\"ListItem\",\"position\":2,\"name\":\"INIA marca hito con su primer diplomado de Soberan\u00eda Alimentaria\"}]},{\"@type\":\"WebSite\",\"@id\":\"https:\/\/www.mundoagropecuario.cl\/new\/#website\",\"url\":\"https:\/\/www.mundoagropecuario.cl\/new\/\",\"name\":\"Mundoagropecuario\",\"description\":\"Mundo Agropecuario\",\"publisher\":{\"@id\":\"https:\/\/www.mundoagropecuario.cl\/new\/#organization\"},\"potentialAction\":[{\"@type\":\"SearchAction\",\"target\":{\"@type\":\"EntryPoint\",\"urlTemplate\":\"https:\/\/www.mundoagropecuario.cl\/new\/?s={search_term_string}\"},\"query-input\":{\"@type\":\"PropertyValueSpecification\",\"valueRequired\":true,\"valueName\":\"search_term_string\"}}],\"inLanguage\":\"es\"},{\"@type\":\"Organization\",\"@id\":\"https:\/\/www.mundoagropecuario.cl\/new\/#organization\",\"name\":\"Revista de Agricultura\",\"url\":\"https:\/\/www.mundoagropecuario.cl\/new\/\",\"logo\":{\"@type\":\"ImageObject\",\"inLanguage\":\"es\",\"@id\":\"https:\/\/www.mundoagropecuario.cl\/new\/#\/schema\/logo\/image\/\",\"url\":\"https:\/\/www.mundoagropecuario.cl\/new\/wp-content\/uploads\/2020\/11\/PORTAL-1-1.png\",\"contentUrl\":\"https:\/\/www.mundoagropecuario.cl\/new\/wp-content\/uploads\/2020\/11\/PORTAL-1-1.png\",\"width\":1026,\"height\":100,\"caption\":\"Revista de Agricultura\"},\"image\":{\"@id\":\"https:\/\/www.mundoagropecuario.cl\/new\/#\/schema\/logo\/image\/\"},\"sameAs\":[\"https:\/\/www.facebook.com\/mundo.agropecuario.3\",\"https:\/\/x.com\/MundoAgropecuar\",\"https:\/\/www.linkedin.com\/in\/mundo-agropecuario-934009201\/\"]},{\"@type\":\"Person\",\"@id\":\"https:\/\/www.mundoagropecuario.cl\/new\/#\/schema\/person\/4e9f74a82a7dac260eb1c44b7eebeb18\",\"name\":\"mundo\",\"url\":\"https:\/\/www.mundoagropecuario.cl\/new\/author\/mundo\/\"}]}<\/script>\n<!-- \/ Yoast SEO plugin. -->","yoast_head_json":{"title":"INIA marca hito con su primer diplomado de Soberan\u00eda Alimentaria - Mundoagropecuario","description":"M\u00e1s de 40 peque\u00f1os agricultores, en su gran mayor\u00eda mujeres de comunidades de la Provincia de Osorno, recibieron su diploma.","robots":{"index":"index","follow":"follow","max-snippet":"max-snippet:-1","max-image-preview":"max-image-preview:large","max-video-preview":"max-video-preview:-1"},"canonical":"https:\/\/www.mundoagropecuario.cl\/new\/inia-marca-hito-con-su-primer-diplomado-de-soberania-alimentaria\/","og_locale":"es_ES","og_type":"article","og_title":"INIA marca hito con su primer diplomado de Soberan\u00eda Alimentaria - Mundoagropecuario","og_description":"M\u00e1s de 40 peque\u00f1os agricultores, en su gran mayor\u00eda mujeres de comunidades de la Provincia de Osorno, recibieron su diploma.","og_url":"https:\/\/www.mundoagropecuario.cl\/new\/inia-marca-hito-con-su-primer-diplomado-de-soberania-alimentaria\/","og_site_name":"Mundoagropecuario","article_publisher":"https:\/\/www.facebook.com\/mundo.agropecuario.3","article_published_time":"2023-12-07T15:50:08+00:00","article_modified_time":"2023-12-15T17:32:37+00:00","og_image":[{"width":720,"height":394,"url":"https:\/\/www.mundoagropecuario.cl\/new\/wp-content\/uploads\/2023\/12\/INIA43-scaled.jpg","type":"image\/jpeg"}],"author":"mundo","twitter_card":"summary_large_image","twitter_creator":"@MundoAgropecuar","twitter_site":"@MundoAgropecuar","twitter_misc":{"Escrito por":"mundo","Tiempo de lectura":"2 minutos"},"schema":{"@context":"https:\/\/schema.org","@graph":[{"@type":"Article","@id":"https:\/\/www.mundoagropecuario.cl\/new\/inia-marca-hito-con-su-primer-diplomado-de-soberania-alimentaria\/#article","isPartOf":{"@id":"https:\/\/www.mundoagropecuario.cl\/new\/inia-marca-hito-con-su-primer-diplomado-de-soberania-alimentaria\/"},"author":{"name":"mundo","@id":"https:\/\/www.mundoagropecuario.cl\/new\/#\/schema\/person\/4e9f74a82a7dac260eb1c44b7eebeb18"},"headline":"INIA marca hito con su primer diplomado de Soberan\u00eda Alimentaria","datePublished":"2023-12-07T15:50:08+00:00","dateModified":"2023-12-15T17:32:37+00:00","mainEntityOfPage":{"@id":"https:\/\/www.mundoagropecuario.cl\/new\/inia-marca-hito-con-su-primer-diplomado-de-soberania-alimentaria\/"},"wordCount":405,"publisher":{"@id":"https:\/\/www.mundoagropecuario.cl\/new\/#organization"},"image":{"@id":"https:\/\/www.mundoagropecuario.cl\/new\/inia-marca-hito-con-su-primer-diplomado-de-soberania-alimentaria\/#primaryimage"},"thumbnailUrl":"https:\/\/www.mundoagropecuario.cl\/new\/wp-content\/uploads\/2023\/12\/INIA43-scaled.jpg","keywords":["Agricultura Familiar Campesina","Capacitaci\u00f3n de INIA","INIA","INIA Educa","Iris Lobos","Lagos","Ministerio de Agricultura","Soberan\u00eda Alimentaria","Tania Salas"],"articleSection":["Agricultura"],"inLanguage":"es"},{"@type":"WebPage","@id":"https:\/\/www.mundoagropecuario.cl\/new\/inia-marca-hito-con-su-primer-diplomado-de-soberania-alimentaria\/","url":"https:\/\/www.mundoagropecuario.cl\/new\/inia-marca-hito-con-su-primer-diplomado-de-soberania-alimentaria\/","name":"INIA marca hito con su primer diplomado de Soberan\u00eda Alimentaria - Mundoagropecuario","isPartOf":{"@id":"https:\/\/www.mundoagropecuario.cl\/new\/#website"},"primaryImageOfPage":{"@id":"https:\/\/www.mundoagropecuario.cl\/new\/inia-marca-hito-con-su-primer-diplomado-de-soberania-alimentaria\/#primaryimage"},"image":{"@id":"https:\/\/www.mundoagropecuario.cl\/new\/inia-marca-hito-con-su-primer-diplomado-de-soberania-alimentaria\/#primaryimage"},"thumbnailUrl":"https:\/\/www.mundoagropecuario.cl\/new\/wp-content\/uploads\/2023\/12\/INIA43-scaled.jpg","datePublished":"2023-12-07T15:50:08+00:00","dateModified":"2023-12-15T17:32:37+00:00","description":"M\u00e1s de 40 peque\u00f1os agricultores, en su gran mayor\u00eda mujeres de comunidades de la Provincia de Osorno, recibieron su diploma.","breadcrumb":{"@id":"https:\/\/www.mundoagropecuario.cl\/new\/inia-marca-hito-con-su-primer-diplomado-de-soberania-alimentaria\/#breadcrumb"},"inLanguage":"es","potentialAction":[{"@type":"ReadAction","target":["https:\/\/www.mundoagropecuario.cl\/new\/inia-marca-hito-con-su-primer-diplomado-de-soberania-alimentaria\/"]}]},{"@type":"ImageObject","inLanguage":"es","@id":"https:\/\/www.mundoagropecuario.cl\/new\/inia-marca-hito-con-su-primer-diplomado-de-soberania-alimentaria\/#primaryimage","url":"https:\/\/www.mundoagropecuario.cl\/new\/wp-content\/uploads\/2023\/12\/INIA43-scaled.jpg","contentUrl":"https:\/\/www.mundoagropecuario.cl\/new\/wp-content\/uploads\/2023\/12\/INIA43-scaled.jpg","width":720,"height":394},{"@type":"BreadcrumbList","@id":"https:\/\/www.mundoagropecuario.cl\/new\/inia-marca-hito-con-su-primer-diplomado-de-soberania-alimentaria\/#breadcrumb","itemListElement":[{"@type":"ListItem","position":1,"name":"Portada","item":"https:\/\/www.mundoagropecuario.cl\/new\/"},{"@type":"ListItem","position":2,"name":"INIA marca hito con su primer diplomado de Soberan\u00eda Alimentaria"}]},{"@type":"WebSite","@id":"https:\/\/www.mundoagropecuario.cl\/new\/#website","url":"https:\/\/www.mundoagropecuario.cl\/new\/","name":"Mundoagropecuario","description":"Mundo Agropecuario","publisher":{"@id":"https:\/\/www.mundoagropecuario.cl\/new\/#organization"},"potentialAction":[{"@type":"SearchAction","target":{"@type":"EntryPoint","urlTemplate":"https:\/\/www.mundoagropecuario.cl\/new\/?s={search_term_string}"},"query-input":{"@type":"PropertyValueSpecification","valueRequired":true,"valueName":"search_term_string"}}],"inLanguage":"es"},{"@type":"Organization","@id":"https:\/\/www.mundoagropecuario.cl\/new\/#organization","name":"Revista de Agricultura","url":"https:\/\/www.mundoagropecuario.cl\/new\/","logo":{"@type":"ImageObject","inLanguage":"es","@id":"https:\/\/www.mundoagropecuario.cl\/new\/#\/schema\/logo\/image\/","url":"https:\/\/www.mundoagropecuario.cl\/new\/wp-content\/uploads\/2020\/11\/PORTAL-1-1.png","contentUrl":"https:\/\/www.mundoagropecuario.cl\/new\/wp-content\/uploads\/2020\/11\/PORTAL-1-1.png","width":1026,"height":100,"caption":"Revista de Agricultura"},"image":{"@id":"https:\/\/www.mundoagropecuario.cl\/new\/#\/schema\/logo\/image\/"},"sameAs":["https:\/\/www.facebook.com\/mundo.agropecuario.3","https:\/\/x.com\/MundoAgropecuar","https:\/\/www.linkedin.com\/in\/mundo-agropecuario-934009201\/"]},{"@type":"Person","@id":"https:\/\/www.mundoagropecuario.cl\/new\/#\/schema\/person\/4e9f74a82a7dac260eb1c44b7eebeb18","name":"mundo","url":"https:\/\/www.mundoagropecuario.cl\/new\/author\/mundo\/"}]}},"_links":{"self":[{"href":"https:\/\/www.mundoagropecuario.cl\/new\/wp-json\/wp\/v2\/posts\/24939","targetHints":{"allow":["GET"]}}],"collection":[{"href":"https:\/\/www.mundoagropecuario.cl\/new\/wp-json\/wp\/v2\/posts"}],"about":[{"href":"https:\/\/www.mundoagropecuario.cl\/new\/wp-json\/wp\/v2\/types\/post"}],"author":[{"embeddable":true,"href":"https:\/\/www.mundoagropecuario.cl\/new\/wp-json\/wp\/v2\/users\/2"}],"replies":[{"embeddable":true,"href":"https:\/\/www.mundoagropecuario.cl\/new\/wp-json\/wp\/v2\/comments?post=24939"}],"version-history":[{"count":1,"href":"https:\/\/www.mundoagropecuario.cl\/new\/wp-json\/wp\/v2\/posts\/24939\/revisions"}],"predecessor-version":[{"id":24942,"href":"https:\/\/www.mundoagropecuario.cl\/new\/wp-json\/wp\/v2\/posts\/24939\/revisions\/24942"}],"wp:featuredmedia":[{"embeddable":true,"href":"https:\/\/www.mundoagropecuario.cl\/new\/wp-json\/wp\/v2\/media\/24940"}],"wp:attachment":[{"href":"https:\/\/www.mundoagropecuario.cl\/new\/wp-json\/wp\/v2\/media?parent=24939"}],"wp:term":[{"taxonomy":"category","embeddable":true,"href":"https:\/\/www.mundoagropecuario.cl\/new\/wp-json\/wp\/v2\/categories?post=24939"},{"taxonomy":"post_tag","embeddable":true,"href":"https:\/\/www.mundoagropecuario.cl\/new\/wp-json\/wp\/v2\/tags?post=24939"}],"curies":[{"name":"wp","href":"https:\/\/api.w.org\/{rel}","templated":true}]}}