{"id":24893,"date":"2023-11-23T14:01:34","date_gmt":"2023-11-23T17:01:34","guid":{"rendered":"https:\/\/www.mundoagropecuario.cl\/new\/?p=24893"},"modified":"2023-11-30T12:45:56","modified_gmt":"2023-11-30T15:45:56","slug":"fedeleche-constata-conservacion-de-los-ecosistemas-y-proteccion-de-la-biodiversidad-en-predios-lecheros","status":"publish","type":"post","link":"https:\/\/www.mundoagropecuario.cl\/new\/fedeleche-constata-conservacion-de-los-ecosistemas-y-proteccion-de-la-biodiversidad-en-predios-lecheros\/","title":{"rendered":"Fedeleche constata conservaci\u00f3n de los ecosistemas y protecci\u00f3n de la biodiversidad en predios lecheros"},"content":{"rendered":"<p>En la Regi\u00f3n de La Araucan\u00eda, Los R\u00edos y Los Lagos, seg\u00fan los datos cuantificados por una reciente investigaci\u00f3n realizada por el Instituto de Investigaciones Agropecuarias (INIA), a trav\u00e9s de su centro regional, INIA Remehue, existen predios lecheros en Chile con m\u00e1s capturas de gases de efecto invernadero que emisiones, en consecuencia, son carbono neutral y a diario utilizan pr\u00e1cticas que ayudan a la conservaci\u00f3n de los ecosistemas y a la protecci\u00f3n de la biodiversidad.<\/p>\n<p><a href=\"https:\/\/www.mundoagropecuario.cl\/new\/wp-content\/uploads\/2023\/11\/fedeleche-2.jpeg\"><img loading=\"lazy\" decoding=\"async\" class=\"alignleft wp-image-24896 size-full\" src=\"https:\/\/www.mundoagropecuario.cl\/new\/wp-content\/uploads\/2023\/11\/fedeleche-2.jpeg\" alt=\"\" width=\"533\" height=\"400\" srcset=\"https:\/\/www.mundoagropecuario.cl\/new\/wp-content\/uploads\/2023\/11\/fedeleche-2.jpeg 533w, https:\/\/www.mundoagropecuario.cl\/new\/wp-content\/uploads\/2023\/11\/fedeleche-2-177x133.jpeg 177w\" sizes=\"auto, (max-width: 533px) 100vw, 533px\" \/><\/a>En el marco de una visita a uno de estos predios, el directorio de Fedeleche constat\u00f3 en terreno estas buenas pr\u00e1cticas de la realidad lechera nacional, con la utilizaci\u00f3n de sistemas productivos que capturan m\u00e1s carbono del que emiten y que se realiza, principalmente, por parte de las praderas, bosques, frutales y \u00e1rboles que coexisten en estos campos lecheros.<\/p>\n<p>Durante la visita de Fedeleche, los productores de leche discutieron temas relacionados con la promoci\u00f3n de la sustentabilidad, con la convicci\u00f3n que \u201cuna vaca nunca es un problema, sino es una soluci\u00f3n&#8221;, el bienestar animal y la necesidad de informar a los productores sobre los cambios en la legislaci\u00f3n ambiental y c\u00f3mo prepararse para su implementaci\u00f3n.<\/p>\n<p>El directorio de Fedeleche analiz\u00f3 una serie de medidas que se vienen implementando durante los \u00faltimos a\u00f1os, lo cual refleja el compromiso asumido por el sector con la sostenibilidad ambiental, econ\u00f3mica y social del rubro lechero.<\/p>\n<p>De este modo, en las praderas y bosques de La Araucan\u00eda, se discutieron los desaf\u00edos importantes relacionados con la industria l\u00e1ctea y el sector agropecuario en Chile y la contribuci\u00f3n del sector a un medio ambiente m\u00e1s sustentable y demostrando que los productores est\u00e1n haciendo un aporte al planeta, y en equilibrio con la sostenibilidad econ\u00f3mica y social.<\/p>\n<p>En la ocasi\u00f3n, tambi\u00e9n se trat\u00f3 la problem\u00e1tica de los perros asilvestrados y se presentaron dos proyectos de ley que buscan abordar el tema, frente a los graves da\u00f1os que han sufrido los productores, muchos de ellos peque\u00f1os, y de agricultura familiar campesina, que no solo genera p\u00e9rdidas importantes al patrimonio de los agricultores, sino es una amenaza a la conservaci\u00f3n de la vida silvestre y a la biodiversidad.<\/p>\n<p><a href=\"https:\/\/www.mundoagropecuario.cl\/new\/wp-content\/uploads\/2023\/11\/fedeleche-3.jpeg\"><img loading=\"lazy\" decoding=\"async\" class=\"aligncenter wp-image-24895 \" src=\"https:\/\/www.mundoagropecuario.cl\/new\/wp-content\/uploads\/2023\/11\/fedeleche-3.jpeg\" alt=\"\" width=\"651\" height=\"514\" \/><\/a><\/p>\n","protected":false},"excerpt":{"rendered":"<p>En el marco de una visita a uno de estos predios, el directorio de Fedeleche constat\u00f3 en terreno estas buenas pr\u00e1cticas de la realidad lechera nacional.<\/p>\n","protected":false},"author":2,"featured_media":24894,"comment_status":"closed","ping_status":"closed","sticky":false,"template":"","format":"standard","meta":{"footnotes":""},"categories":[1946],"tags":[8528,8529,8531,2058,8527,8530],"class_list":["post-24893","post","type-post","status-publish","format-standard","has-post-thumbnail","hentry","category-lacteos","tag-biodiversidad-en-predios","tag-conservacion-de-los-ecosistemas","tag-economica-y-social-del-rubro-lechero","tag-fedeleche","tag-realidad-lechera","tag-sostenibilidad-ambiental"],"yoast_head":"<!-- This site is optimized with the Yoast SEO plugin v26.6 - https:\/\/yoast.com\/wordpress\/plugins\/seo\/ -->\n<title>Fedeleche constata conservaci\u00f3n de los ecosistemas y protecci\u00f3n de la biodiversidad en predios lecheros - Mundoagropecuario<\/title>\n<meta name=\"description\" content=\"En el marco de una visita a uno de estos predios, el directorio de Fedeleche constat\u00f3 en terreno estas buenas pr\u00e1cticas de realidad lechera\" \/>\n<meta name=\"robots\" content=\"index, follow, max-snippet:-1, max-image-preview:large, max-video-preview:-1\" \/>\n<link rel=\"canonical\" href=\"https:\/\/www.mundoagropecuario.cl\/new\/fedeleche-constata-conservacion-de-los-ecosistemas-y-proteccion-de-la-biodiversidad-en-predios-lecheros\/\" \/>\n<meta property=\"og:locale\" content=\"es_ES\" \/>\n<meta property=\"og:type\" content=\"article\" \/>\n<meta property=\"og:title\" content=\"Fedeleche constata conservaci\u00f3n de los ecosistemas y protecci\u00f3n de la biodiversidad en predios lecheros - Mundoagropecuario\" \/>\n<meta property=\"og:description\" content=\"En el marco de una visita a uno de estos predios, el directorio de Fedeleche constat\u00f3 en terreno estas buenas pr\u00e1cticas de realidad lechera\" \/>\n<meta property=\"og:url\" content=\"https:\/\/www.mundoagropecuario.cl\/new\/fedeleche-constata-conservacion-de-los-ecosistemas-y-proteccion-de-la-biodiversidad-en-predios-lecheros\/\" \/>\n<meta property=\"og:site_name\" content=\"Mundoagropecuario\" \/>\n<meta property=\"article:publisher\" content=\"https:\/\/www.facebook.com\/mundo.agropecuario.3\" \/>\n<meta property=\"article:published_time\" content=\"2023-11-23T17:01:34+00:00\" \/>\n<meta property=\"article:modified_time\" content=\"2023-11-30T15:45:56+00:00\" \/>\n<meta property=\"og:image\" content=\"https:\/\/www.mundoagropecuario.cl\/new\/wp-content\/uploads\/2023\/11\/predios-lecheros-scaled.jpg\" \/>\n\t<meta property=\"og:image:width\" content=\"720\" \/>\n\t<meta property=\"og:image:height\" content=\"393\" \/>\n\t<meta property=\"og:image:type\" content=\"image\/jpeg\" \/>\n<meta name=\"author\" content=\"mundo\" \/>\n<meta name=\"twitter:card\" content=\"summary_large_image\" \/>\n<meta name=\"twitter:creator\" content=\"@MundoAgropecuar\" \/>\n<meta name=\"twitter:site\" content=\"@MundoAgropecuar\" \/>\n<meta name=\"twitter:label1\" content=\"Escrito por\" \/>\n\t<meta name=\"twitter:data1\" content=\"mundo\" \/>\n\t<meta name=\"twitter:label2\" content=\"Tiempo de lectura\" \/>\n\t<meta name=\"twitter:data2\" content=\"3 minutos\" \/>\n<script type=\"application\/ld+json\" class=\"yoast-schema-graph\">{\"@context\":\"https:\/\/schema.org\",\"@graph\":[{\"@type\":\"Article\",\"@id\":\"https:\/\/www.mundoagropecuario.cl\/new\/fedeleche-constata-conservacion-de-los-ecosistemas-y-proteccion-de-la-biodiversidad-en-predios-lecheros\/#article\",\"isPartOf\":{\"@id\":\"https:\/\/www.mundoagropecuario.cl\/new\/fedeleche-constata-conservacion-de-los-ecosistemas-y-proteccion-de-la-biodiversidad-en-predios-lecheros\/\"},\"author\":{\"name\":\"mundo\",\"@id\":\"https:\/\/www.mundoagropecuario.cl\/new\/#\/schema\/person\/4e9f74a82a7dac260eb1c44b7eebeb18\"},\"headline\":\"Fedeleche constata conservaci\u00f3n de los ecosistemas y protecci\u00f3n de la biodiversidad en predios lecheros\",\"datePublished\":\"2023-11-23T17:01:34+00:00\",\"dateModified\":\"2023-11-30T15:45:56+00:00\",\"mainEntityOfPage\":{\"@id\":\"https:\/\/www.mundoagropecuario.cl\/new\/fedeleche-constata-conservacion-de-los-ecosistemas-y-proteccion-de-la-biodiversidad-en-predios-lecheros\/\"},\"wordCount\":404,\"publisher\":{\"@id\":\"https:\/\/www.mundoagropecuario.cl\/new\/#organization\"},\"image\":{\"@id\":\"https:\/\/www.mundoagropecuario.cl\/new\/fedeleche-constata-conservacion-de-los-ecosistemas-y-proteccion-de-la-biodiversidad-en-predios-lecheros\/#primaryimage\"},\"thumbnailUrl\":\"https:\/\/www.mundoagropecuario.cl\/new\/wp-content\/uploads\/2023\/11\/predios-lecheros-scaled.jpg\",\"keywords\":[\"biodiversidad en predios\",\"conservaci\u00f3n de los ecosistemas\",\"econ\u00f3mica y social del rubro lechero.\",\"Fedeleche\",\"realidad lechera\",\"sostenibilidad ambiental\"],\"articleSection\":[\"L\u00e1cteos\"],\"inLanguage\":\"es\"},{\"@type\":\"WebPage\",\"@id\":\"https:\/\/www.mundoagropecuario.cl\/new\/fedeleche-constata-conservacion-de-los-ecosistemas-y-proteccion-de-la-biodiversidad-en-predios-lecheros\/\",\"url\":\"https:\/\/www.mundoagropecuario.cl\/new\/fedeleche-constata-conservacion-de-los-ecosistemas-y-proteccion-de-la-biodiversidad-en-predios-lecheros\/\",\"name\":\"Fedeleche constata conservaci\u00f3n de los ecosistemas y protecci\u00f3n de la biodiversidad en predios lecheros - Mundoagropecuario\",\"isPartOf\":{\"@id\":\"https:\/\/www.mundoagropecuario.cl\/new\/#website\"},\"primaryImageOfPage\":{\"@id\":\"https:\/\/www.mundoagropecuario.cl\/new\/fedeleche-constata-conservacion-de-los-ecosistemas-y-proteccion-de-la-biodiversidad-en-predios-lecheros\/#primaryimage\"},\"image\":{\"@id\":\"https:\/\/www.mundoagropecuario.cl\/new\/fedeleche-constata-conservacion-de-los-ecosistemas-y-proteccion-de-la-biodiversidad-en-predios-lecheros\/#primaryimage\"},\"thumbnailUrl\":\"https:\/\/www.mundoagropecuario.cl\/new\/wp-content\/uploads\/2023\/11\/predios-lecheros-scaled.jpg\",\"datePublished\":\"2023-11-23T17:01:34+00:00\",\"dateModified\":\"2023-11-30T15:45:56+00:00\",\"description\":\"En el marco de una visita a uno de estos predios, el directorio de Fedeleche constat\u00f3 en terreno estas buenas pr\u00e1cticas de realidad lechera\",\"breadcrumb\":{\"@id\":\"https:\/\/www.mundoagropecuario.cl\/new\/fedeleche-constata-conservacion-de-los-ecosistemas-y-proteccion-de-la-biodiversidad-en-predios-lecheros\/#breadcrumb\"},\"inLanguage\":\"es\",\"potentialAction\":[{\"@type\":\"ReadAction\",\"target\":[\"https:\/\/www.mundoagropecuario.cl\/new\/fedeleche-constata-conservacion-de-los-ecosistemas-y-proteccion-de-la-biodiversidad-en-predios-lecheros\/\"]}]},{\"@type\":\"ImageObject\",\"inLanguage\":\"es\",\"@id\":\"https:\/\/www.mundoagropecuario.cl\/new\/fedeleche-constata-conservacion-de-los-ecosistemas-y-proteccion-de-la-biodiversidad-en-predios-lecheros\/#primaryimage\",\"url\":\"https:\/\/www.mundoagropecuario.cl\/new\/wp-content\/uploads\/2023\/11\/predios-lecheros-scaled.jpg\",\"contentUrl\":\"https:\/\/www.mundoagropecuario.cl\/new\/wp-content\/uploads\/2023\/11\/predios-lecheros-scaled.jpg\",\"width\":720,\"height\":393},{\"@type\":\"BreadcrumbList\",\"@id\":\"https:\/\/www.mundoagropecuario.cl\/new\/fedeleche-constata-conservacion-de-los-ecosistemas-y-proteccion-de-la-biodiversidad-en-predios-lecheros\/#breadcrumb\",\"itemListElement\":[{\"@type\":\"ListItem\",\"position\":1,\"name\":\"Portada\",\"item\":\"https:\/\/www.mundoagropecuario.cl\/new\/\"},{\"@type\":\"ListItem\",\"position\":2,\"name\":\"Fedeleche constata conservaci\u00f3n de los ecosistemas y protecci\u00f3n de la biodiversidad en predios lecheros\"}]},{\"@type\":\"WebSite\",\"@id\":\"https:\/\/www.mundoagropecuario.cl\/new\/#website\",\"url\":\"https:\/\/www.mundoagropecuario.cl\/new\/\",\"name\":\"Mundoagropecuario\",\"description\":\"Mundo Agropecuario\",\"publisher\":{\"@id\":\"https:\/\/www.mundoagropecuario.cl\/new\/#organization\"},\"potentialAction\":[{\"@type\":\"SearchAction\",\"target\":{\"@type\":\"EntryPoint\",\"urlTemplate\":\"https:\/\/www.mundoagropecuario.cl\/new\/?s={search_term_string}\"},\"query-input\":{\"@type\":\"PropertyValueSpecification\",\"valueRequired\":true,\"valueName\":\"search_term_string\"}}],\"inLanguage\":\"es\"},{\"@type\":\"Organization\",\"@id\":\"https:\/\/www.mundoagropecuario.cl\/new\/#organization\",\"name\":\"Revista de Agricultura\",\"url\":\"https:\/\/www.mundoagropecuario.cl\/new\/\",\"logo\":{\"@type\":\"ImageObject\",\"inLanguage\":\"es\",\"@id\":\"https:\/\/www.mundoagropecuario.cl\/new\/#\/schema\/logo\/image\/\",\"url\":\"https:\/\/www.mundoagropecuario.cl\/new\/wp-content\/uploads\/2020\/11\/PORTAL-1-1.png\",\"contentUrl\":\"https:\/\/www.mundoagropecuario.cl\/new\/wp-content\/uploads\/2020\/11\/PORTAL-1-1.png\",\"width\":1026,\"height\":100,\"caption\":\"Revista de Agricultura\"},\"image\":{\"@id\":\"https:\/\/www.mundoagropecuario.cl\/new\/#\/schema\/logo\/image\/\"},\"sameAs\":[\"https:\/\/www.facebook.com\/mundo.agropecuario.3\",\"https:\/\/x.com\/MundoAgropecuar\",\"https:\/\/www.linkedin.com\/in\/mundo-agropecuario-934009201\/\"]},{\"@type\":\"Person\",\"@id\":\"https:\/\/www.mundoagropecuario.cl\/new\/#\/schema\/person\/4e9f74a82a7dac260eb1c44b7eebeb18\",\"name\":\"mundo\",\"url\":\"https:\/\/www.mundoagropecuario.cl\/new\/author\/mundo\/\"}]}<\/script>\n<!-- \/ Yoast SEO plugin. -->","yoast_head_json":{"title":"Fedeleche constata conservaci\u00f3n de los ecosistemas y protecci\u00f3n de la biodiversidad en predios lecheros - Mundoagropecuario","description":"En el marco de una visita a uno de estos predios, el directorio de Fedeleche constat\u00f3 en terreno estas buenas pr\u00e1cticas de realidad lechera","robots":{"index":"index","follow":"follow","max-snippet":"max-snippet:-1","max-image-preview":"max-image-preview:large","max-video-preview":"max-video-preview:-1"},"canonical":"https:\/\/www.mundoagropecuario.cl\/new\/fedeleche-constata-conservacion-de-los-ecosistemas-y-proteccion-de-la-biodiversidad-en-predios-lecheros\/","og_locale":"es_ES","og_type":"article","og_title":"Fedeleche constata conservaci\u00f3n de los ecosistemas y protecci\u00f3n de la biodiversidad en predios lecheros - Mundoagropecuario","og_description":"En el marco de una visita a uno de estos predios, el directorio de Fedeleche constat\u00f3 en terreno estas buenas pr\u00e1cticas de realidad lechera","og_url":"https:\/\/www.mundoagropecuario.cl\/new\/fedeleche-constata-conservacion-de-los-ecosistemas-y-proteccion-de-la-biodiversidad-en-predios-lecheros\/","og_site_name":"Mundoagropecuario","article_publisher":"https:\/\/www.facebook.com\/mundo.agropecuario.3","article_published_time":"2023-11-23T17:01:34+00:00","article_modified_time":"2023-11-30T15:45:56+00:00","og_image":[{"width":720,"height":393,"url":"https:\/\/www.mundoagropecuario.cl\/new\/wp-content\/uploads\/2023\/11\/predios-lecheros-scaled.jpg","type":"image\/jpeg"}],"author":"mundo","twitter_card":"summary_large_image","twitter_creator":"@MundoAgropecuar","twitter_site":"@MundoAgropecuar","twitter_misc":{"Escrito por":"mundo","Tiempo de lectura":"3 minutos"},"schema":{"@context":"https:\/\/schema.org","@graph":[{"@type":"Article","@id":"https:\/\/www.mundoagropecuario.cl\/new\/fedeleche-constata-conservacion-de-los-ecosistemas-y-proteccion-de-la-biodiversidad-en-predios-lecheros\/#article","isPartOf":{"@id":"https:\/\/www.mundoagropecuario.cl\/new\/fedeleche-constata-conservacion-de-los-ecosistemas-y-proteccion-de-la-biodiversidad-en-predios-lecheros\/"},"author":{"name":"mundo","@id":"https:\/\/www.mundoagropecuario.cl\/new\/#\/schema\/person\/4e9f74a82a7dac260eb1c44b7eebeb18"},"headline":"Fedeleche constata conservaci\u00f3n de los ecosistemas y protecci\u00f3n de la biodiversidad en predios lecheros","datePublished":"2023-11-23T17:01:34+00:00","dateModified":"2023-11-30T15:45:56+00:00","mainEntityOfPage":{"@id":"https:\/\/www.mundoagropecuario.cl\/new\/fedeleche-constata-conservacion-de-los-ecosistemas-y-proteccion-de-la-biodiversidad-en-predios-lecheros\/"},"wordCount":404,"publisher":{"@id":"https:\/\/www.mundoagropecuario.cl\/new\/#organization"},"image":{"@id":"https:\/\/www.mundoagropecuario.cl\/new\/fedeleche-constata-conservacion-de-los-ecosistemas-y-proteccion-de-la-biodiversidad-en-predios-lecheros\/#primaryimage"},"thumbnailUrl":"https:\/\/www.mundoagropecuario.cl\/new\/wp-content\/uploads\/2023\/11\/predios-lecheros-scaled.jpg","keywords":["biodiversidad en predios","conservaci\u00f3n de los ecosistemas","econ\u00f3mica y social del rubro lechero.","Fedeleche","realidad lechera","sostenibilidad ambiental"],"articleSection":["L\u00e1cteos"],"inLanguage":"es"},{"@type":"WebPage","@id":"https:\/\/www.mundoagropecuario.cl\/new\/fedeleche-constata-conservacion-de-los-ecosistemas-y-proteccion-de-la-biodiversidad-en-predios-lecheros\/","url":"https:\/\/www.mundoagropecuario.cl\/new\/fedeleche-constata-conservacion-de-los-ecosistemas-y-proteccion-de-la-biodiversidad-en-predios-lecheros\/","name":"Fedeleche constata conservaci\u00f3n de los ecosistemas y protecci\u00f3n de la biodiversidad en predios lecheros - Mundoagropecuario","isPartOf":{"@id":"https:\/\/www.mundoagropecuario.cl\/new\/#website"},"primaryImageOfPage":{"@id":"https:\/\/www.mundoagropecuario.cl\/new\/fedeleche-constata-conservacion-de-los-ecosistemas-y-proteccion-de-la-biodiversidad-en-predios-lecheros\/#primaryimage"},"image":{"@id":"https:\/\/www.mundoagropecuario.cl\/new\/fedeleche-constata-conservacion-de-los-ecosistemas-y-proteccion-de-la-biodiversidad-en-predios-lecheros\/#primaryimage"},"thumbnailUrl":"https:\/\/www.mundoagropecuario.cl\/new\/wp-content\/uploads\/2023\/11\/predios-lecheros-scaled.jpg","datePublished":"2023-11-23T17:01:34+00:00","dateModified":"2023-11-30T15:45:56+00:00","description":"En el marco de una visita a uno de estos predios, el directorio de Fedeleche constat\u00f3 en terreno estas buenas pr\u00e1cticas de realidad lechera","breadcrumb":{"@id":"https:\/\/www.mundoagropecuario.cl\/new\/fedeleche-constata-conservacion-de-los-ecosistemas-y-proteccion-de-la-biodiversidad-en-predios-lecheros\/#breadcrumb"},"inLanguage":"es","potentialAction":[{"@type":"ReadAction","target":["https:\/\/www.mundoagropecuario.cl\/new\/fedeleche-constata-conservacion-de-los-ecosistemas-y-proteccion-de-la-biodiversidad-en-predios-lecheros\/"]}]},{"@type":"ImageObject","inLanguage":"es","@id":"https:\/\/www.mundoagropecuario.cl\/new\/fedeleche-constata-conservacion-de-los-ecosistemas-y-proteccion-de-la-biodiversidad-en-predios-lecheros\/#primaryimage","url":"https:\/\/www.mundoagropecuario.cl\/new\/wp-content\/uploads\/2023\/11\/predios-lecheros-scaled.jpg","contentUrl":"https:\/\/www.mundoagropecuario.cl\/new\/wp-content\/uploads\/2023\/11\/predios-lecheros-scaled.jpg","width":720,"height":393},{"@type":"BreadcrumbList","@id":"https:\/\/www.mundoagropecuario.cl\/new\/fedeleche-constata-conservacion-de-los-ecosistemas-y-proteccion-de-la-biodiversidad-en-predios-lecheros\/#breadcrumb","itemListElement":[{"@type":"ListItem","position":1,"name":"Portada","item":"https:\/\/www.mundoagropecuario.cl\/new\/"},{"@type":"ListItem","position":2,"name":"Fedeleche constata conservaci\u00f3n de los ecosistemas y protecci\u00f3n de la biodiversidad en predios lecheros"}]},{"@type":"WebSite","@id":"https:\/\/www.mundoagropecuario.cl\/new\/#website","url":"https:\/\/www.mundoagropecuario.cl\/new\/","name":"Mundoagropecuario","description":"Mundo Agropecuario","publisher":{"@id":"https:\/\/www.mundoagropecuario.cl\/new\/#organization"},"potentialAction":[{"@type":"SearchAction","target":{"@type":"EntryPoint","urlTemplate":"https:\/\/www.mundoagropecuario.cl\/new\/?s={search_term_string}"},"query-input":{"@type":"PropertyValueSpecification","valueRequired":true,"valueName":"search_term_string"}}],"inLanguage":"es"},{"@type":"Organization","@id":"https:\/\/www.mundoagropecuario.cl\/new\/#organization","name":"Revista de Agricultura","url":"https:\/\/www.mundoagropecuario.cl\/new\/","logo":{"@type":"ImageObject","inLanguage":"es","@id":"https:\/\/www.mundoagropecuario.cl\/new\/#\/schema\/logo\/image\/","url":"https:\/\/www.mundoagropecuario.cl\/new\/wp-content\/uploads\/2020\/11\/PORTAL-1-1.png","contentUrl":"https:\/\/www.mundoagropecuario.cl\/new\/wp-content\/uploads\/2020\/11\/PORTAL-1-1.png","width":1026,"height":100,"caption":"Revista de Agricultura"},"image":{"@id":"https:\/\/www.mundoagropecuario.cl\/new\/#\/schema\/logo\/image\/"},"sameAs":["https:\/\/www.facebook.com\/mundo.agropecuario.3","https:\/\/x.com\/MundoAgropecuar","https:\/\/www.linkedin.com\/in\/mundo-agropecuario-934009201\/"]},{"@type":"Person","@id":"https:\/\/www.mundoagropecuario.cl\/new\/#\/schema\/person\/4e9f74a82a7dac260eb1c44b7eebeb18","name":"mundo","url":"https:\/\/www.mundoagropecuario.cl\/new\/author\/mundo\/"}]}},"_links":{"self":[{"href":"https:\/\/www.mundoagropecuario.cl\/new\/wp-json\/wp\/v2\/posts\/24893","targetHints":{"allow":["GET"]}}],"collection":[{"href":"https:\/\/www.mundoagropecuario.cl\/new\/wp-json\/wp\/v2\/posts"}],"about":[{"href":"https:\/\/www.mundoagropecuario.cl\/new\/wp-json\/wp\/v2\/types\/post"}],"author":[{"embeddable":true,"href":"https:\/\/www.mundoagropecuario.cl\/new\/wp-json\/wp\/v2\/users\/2"}],"replies":[{"embeddable":true,"href":"https:\/\/www.mundoagropecuario.cl\/new\/wp-json\/wp\/v2\/comments?post=24893"}],"version-history":[{"count":1,"href":"https:\/\/www.mundoagropecuario.cl\/new\/wp-json\/wp\/v2\/posts\/24893\/revisions"}],"predecessor-version":[{"id":24897,"href":"https:\/\/www.mundoagropecuario.cl\/new\/wp-json\/wp\/v2\/posts\/24893\/revisions\/24897"}],"wp:featuredmedia":[{"embeddable":true,"href":"https:\/\/www.mundoagropecuario.cl\/new\/wp-json\/wp\/v2\/media\/24894"}],"wp:attachment":[{"href":"https:\/\/www.mundoagropecuario.cl\/new\/wp-json\/wp\/v2\/media?parent=24893"}],"wp:term":[{"taxonomy":"category","embeddable":true,"href":"https:\/\/www.mundoagropecuario.cl\/new\/wp-json\/wp\/v2\/categories?post=24893"},{"taxonomy":"post_tag","embeddable":true,"href":"https:\/\/www.mundoagropecuario.cl\/new\/wp-json\/wp\/v2\/tags?post=24893"}],"curies":[{"name":"wp","href":"https:\/\/api.w.org\/{rel}","templated":true}]}}