{"id":24872,"date":"2023-11-20T11:54:15","date_gmt":"2023-11-20T14:54:15","guid":{"rendered":"https:\/\/www.mundoagropecuario.cl\/new\/?p=24872"},"modified":"2023-11-28T13:11:02","modified_gmt":"2023-11-28T16:11:02","slug":"sag-los-lagos-recuerda-a-ganaderos-as-que-faltan-pocos-dias-para-declarar-existencia-de-animales","status":"publish","type":"post","link":"https:\/\/www.mundoagropecuario.cl\/new\/sag-los-lagos-recuerda-a-ganaderos-as-que-faltan-pocos-dias-para-declarar-existencia-de-animales\/","title":{"rendered":"SAG Los Lagos recuerda a ganaderos\/as que faltan pocos d\u00edas para declarar existencia de animales"},"content":{"rendered":"<p>El pr\u00f3ximo 30 de noviembre vence el plazo para que ganaderos\/as realicen su Declaraci\u00f3n de Existencia Animal (DEA) 2023, tr\u00e1mite que es obligatorio, y que forma parte del Programa Oficial de Trazabilidad Animal, ejecutado por el Servicio Agr\u00edcola y Ganadero. Por esta raz\u00f3n, el SAG hace un llamado a campesinos\/as a informarse y a acercarse a las oficinas sectoriales para dar cumplimiento a la normativa, antes que expire el plazo.<\/p>\n<p>\u201cLa DEA se realiza a trav\u00e9s de un formulario donde productores\/as informan las existencias de animales presentes en su predio. En esta declaraci\u00f3n se deben incluir todas las especies de inter\u00e9s productivo, entre las que destacan bovinos, ovinos, caprinos, porcinos, equinos, aves, entre otros\u201d, sostuvo Guido P\u00e9rez, director regional (s).<\/p>\n<p><a href=\"https:\/\/www.mundoagropecuario.cl\/new\/wp-content\/uploads\/2023\/11\/SAG22no-scaled.jpg\"><img loading=\"lazy\" decoding=\"async\" class=\"alignright wp-image-24873 \" src=\"https:\/\/www.mundoagropecuario.cl\/new\/wp-content\/uploads\/2023\/11\/SAG22no-scaled.jpg\" alt=\"\" width=\"648\" height=\"371\" \/><\/a>\u201cLa informaci\u00f3n que recogemos y conocemos a trav\u00e9s de esta declaraci\u00f3n es muy valiosa para tomar decisiones respecto a la vigilancia sanitaria de animales productivos en la regi\u00f3n, y tambi\u00e9n en caso de emergencias naturales (erupciones volc\u00e1nicas, incendios, inundaciones) o emergencias sanitarias (influenza aviar) permitiendo que la respuesta desde los organismos del Estado sea pertinente a la magnitud de cada evento\u201d, acot\u00f3 P\u00e9rez.<\/p>\n<p>Declarar la Existencia Animal no tiene costo para el productor y el tr\u00e1mite se puede realizar en todas las oficinas del SAG presentes en la regi\u00f3n, o a trav\u00e9s de los equipos de asistencia t\u00e9cnica (PRODESAL, PDTI, SAT) de cada comuna. Adicionalmente, puede efectuarse de manera online en la plataforma SIPECweb en el caso de productores\/as que cuenten con clave de acceso asignada.<\/p>\n<p>\u201cDurante la reciente emergencia por influenza aviar, como Servicio, pudimos identificar la importancia de contar con datos concretos y actualizados, que permitieran abordar de manera oportuna una enfermedad que ten\u00eda impactos en la producci\u00f3n av\u00edcola, en la biodiversidad, en la salud p\u00fablica. De tal manera que la DEA es sin duda una herramienta que permite controlar de mejor manera las enfermedades en todas las especies animales\u201d, enfatiz\u00f3 la autoridad regional del SAG Los Lagos.<\/p>\n<p>Adem\u00e1s, contar con la DEA actualizada anualmente es un requisito para la obtenci\u00f3n del formulario de movimiento animal (FMA), para la compra de dispositivos de identificaci\u00f3n individual oficial (DIIO) y para la mantenci\u00f3n de certificaciones prediales como PABCO, entre otros.<\/p>\n<p>Durante el a\u00f1o 2023, el SAG regi\u00f3n de Los Lagos ha realizado talleres sobre los requisitos del Programa Oficial de Trazabilidad Animal, con foco en la agricultura familiar campesina, instancia donde se ha contado con la participaci\u00f3n de los equipos t\u00e9cnicos de las comunas de San Juan de la Costa, Puyehue, Puerto Octay, R\u00edo Negro, Fresia, Maull\u00edn, Huailahu\u00e9, Los Muermos, Quemchi, Queilen y Puqueld\u00f3n, entre otros.<\/p>\n<p>\u201cLa informaci\u00f3n que cada productor informa es confidencial. Aquellos productores que no realicen este tr\u00e1mite se arriesgan a multas que van desde 1 a 1000 UTM\u201d, indic\u00f3 el director regional (s) del SAG Los Lagos.<\/p>\n<p>A la fecha, y a s\u00f3lo d\u00edas de finalizar el plazo, m\u00e1s de 6 mil productores de la regi\u00f3n han realizado su Declaraci\u00f3n de Existencia Animal 2023, destacando avances en las comunas de Chonchi, Ancud, Puerto Varas, Purranque y San Pablo. Espec\u00edficamente en los animales de la especie bovina, m\u00e1s de la mitad de las declaraciones corresponde a la provincia de Osorno.<\/p>\n","protected":false},"excerpt":{"rendered":"<p>A la fecha, m\u00e1s de 6 mil productores\/as de la regi\u00f3n de Los Lagos han realizado el tr\u00e1mite, el plazo vence el 30 de noviembre.<\/p>\n","protected":false},"author":2,"featured_media":24874,"comment_status":"closed","ping_status":"closed","sticky":false,"template":"","format":"standard","meta":{"footnotes":""},"categories":[1944],"tags":[2090,3127,6528,8517,2725,2197,8516,8518,1220,3268,2091,3428,3228,3293,2277,6529],"class_list":["post-24872","post","type-post","status-publish","format-standard","has-post-thumbnail","hentry","category-ganaderia","tag-agricultura","tag-agro","tag-dea","tag-director-regional","tag-fresia","tag-ganaderos","tag-guido-perez","tag-huailahue","tag-maullin","tag-pdti","tag-prodesal","tag-puerto-octay","tag-puyehue","tag-rio-negro","tag-sag-los-lagos","tag-sat"],"yoast_head":"<!-- This site is optimized with the Yoast SEO plugin v26.6 - https:\/\/yoast.com\/wordpress\/plugins\/seo\/ -->\n<title>SAG Los Lagos recuerda a ganaderos\/as que faltan pocos d\u00edas para declarar existencia de animales - Mundoagropecuario<\/title>\n<meta name=\"description\" content=\"A la fecha, m\u00e1s de 6 mil productores\/as de la regi\u00f3n de Los Lagos han realizado el tr\u00e1mite, el plazo vence el 30 de noviembre.\" \/>\n<meta name=\"robots\" content=\"index, follow, max-snippet:-1, max-image-preview:large, max-video-preview:-1\" \/>\n<link rel=\"canonical\" href=\"https:\/\/www.mundoagropecuario.cl\/new\/sag-los-lagos-recuerda-a-ganaderos-as-que-faltan-pocos-dias-para-declarar-existencia-de-animales\/\" \/>\n<meta property=\"og:locale\" content=\"es_ES\" \/>\n<meta property=\"og:type\" content=\"article\" \/>\n<meta property=\"og:title\" content=\"SAG Los Lagos recuerda a ganaderos\/as que faltan pocos d\u00edas para declarar existencia de animales - Mundoagropecuario\" \/>\n<meta property=\"og:description\" content=\"A la fecha, m\u00e1s de 6 mil productores\/as de la regi\u00f3n de Los Lagos han realizado el tr\u00e1mite, el plazo vence el 30 de noviembre.\" \/>\n<meta property=\"og:url\" content=\"https:\/\/www.mundoagropecuario.cl\/new\/sag-los-lagos-recuerda-a-ganaderos-as-que-faltan-pocos-dias-para-declarar-existencia-de-animales\/\" \/>\n<meta property=\"og:site_name\" content=\"Mundoagropecuario\" \/>\n<meta property=\"article:publisher\" content=\"https:\/\/www.facebook.com\/mundo.agropecuario.3\" \/>\n<meta property=\"article:published_time\" content=\"2023-11-20T14:54:15+00:00\" \/>\n<meta property=\"article:modified_time\" content=\"2023-11-28T16:11:02+00:00\" \/>\n<meta property=\"og:image\" content=\"https:\/\/www.mundoagropecuario.cl\/new\/wp-content\/uploads\/2023\/11\/SAG-1-scaled.jpg\" \/>\n\t<meta property=\"og:image:width\" content=\"720\" \/>\n\t<meta property=\"og:image:height\" content=\"400\" \/>\n\t<meta property=\"og:image:type\" content=\"image\/jpeg\" \/>\n<meta name=\"author\" content=\"mundo\" \/>\n<meta name=\"twitter:card\" content=\"summary_large_image\" \/>\n<meta name=\"twitter:creator\" content=\"@MundoAgropecuar\" \/>\n<meta name=\"twitter:site\" content=\"@MundoAgropecuar\" \/>\n<meta name=\"twitter:label1\" content=\"Escrito por\" \/>\n\t<meta name=\"twitter:data1\" content=\"mundo\" \/>\n\t<meta name=\"twitter:label2\" content=\"Tiempo de lectura\" \/>\n\t<meta name=\"twitter:data2\" content=\"3 minutos\" \/>\n<script type=\"application\/ld+json\" class=\"yoast-schema-graph\">{\"@context\":\"https:\/\/schema.org\",\"@graph\":[{\"@type\":\"Article\",\"@id\":\"https:\/\/www.mundoagropecuario.cl\/new\/sag-los-lagos-recuerda-a-ganaderos-as-que-faltan-pocos-dias-para-declarar-existencia-de-animales\/#article\",\"isPartOf\":{\"@id\":\"https:\/\/www.mundoagropecuario.cl\/new\/sag-los-lagos-recuerda-a-ganaderos-as-que-faltan-pocos-dias-para-declarar-existencia-de-animales\/\"},\"author\":{\"name\":\"mundo\",\"@id\":\"https:\/\/www.mundoagropecuario.cl\/new\/#\/schema\/person\/4e9f74a82a7dac260eb1c44b7eebeb18\"},\"headline\":\"SAG Los Lagos recuerda a ganaderos\/as que faltan pocos d\u00edas para declarar existencia de animales\",\"datePublished\":\"2023-11-20T14:54:15+00:00\",\"dateModified\":\"2023-11-28T16:11:02+00:00\",\"mainEntityOfPage\":{\"@id\":\"https:\/\/www.mundoagropecuario.cl\/new\/sag-los-lagos-recuerda-a-ganaderos-as-que-faltan-pocos-dias-para-declarar-existencia-de-animales\/\"},\"wordCount\":581,\"publisher\":{\"@id\":\"https:\/\/www.mundoagropecuario.cl\/new\/#organization\"},\"image\":{\"@id\":\"https:\/\/www.mundoagropecuario.cl\/new\/sag-los-lagos-recuerda-a-ganaderos-as-que-faltan-pocos-dias-para-declarar-existencia-de-animales\/#primaryimage\"},\"thumbnailUrl\":\"https:\/\/www.mundoagropecuario.cl\/new\/wp-content\/uploads\/2023\/11\/SAG-1-scaled.jpg\",\"keywords\":[\"Agricultura\",\"Agro\",\"DEA\",\"director regional\",\"Fresia\",\"Ganaderos\",\"Guido P\u00e9rez\",\"Huailahu\u00e9\",\"Maull\u00edn\",\"PDTI\",\"Prodesal\",\"Puerto Octay\",\"Puyehue\",\"R\u00edo Negro\",\"SAG Los Lagos\",\"SAT\"],\"articleSection\":[\"Ganader\u00eda\"],\"inLanguage\":\"es\"},{\"@type\":\"WebPage\",\"@id\":\"https:\/\/www.mundoagropecuario.cl\/new\/sag-los-lagos-recuerda-a-ganaderos-as-que-faltan-pocos-dias-para-declarar-existencia-de-animales\/\",\"url\":\"https:\/\/www.mundoagropecuario.cl\/new\/sag-los-lagos-recuerda-a-ganaderos-as-que-faltan-pocos-dias-para-declarar-existencia-de-animales\/\",\"name\":\"SAG Los Lagos recuerda a ganaderos\/as que faltan pocos d\u00edas para declarar existencia de animales - Mundoagropecuario\",\"isPartOf\":{\"@id\":\"https:\/\/www.mundoagropecuario.cl\/new\/#website\"},\"primaryImageOfPage\":{\"@id\":\"https:\/\/www.mundoagropecuario.cl\/new\/sag-los-lagos-recuerda-a-ganaderos-as-que-faltan-pocos-dias-para-declarar-existencia-de-animales\/#primaryimage\"},\"image\":{\"@id\":\"https:\/\/www.mundoagropecuario.cl\/new\/sag-los-lagos-recuerda-a-ganaderos-as-que-faltan-pocos-dias-para-declarar-existencia-de-animales\/#primaryimage\"},\"thumbnailUrl\":\"https:\/\/www.mundoagropecuario.cl\/new\/wp-content\/uploads\/2023\/11\/SAG-1-scaled.jpg\",\"datePublished\":\"2023-11-20T14:54:15+00:00\",\"dateModified\":\"2023-11-28T16:11:02+00:00\",\"description\":\"A la fecha, m\u00e1s de 6 mil productores\/as de la regi\u00f3n de Los Lagos han realizado el tr\u00e1mite, el plazo vence el 30 de noviembre.\",\"breadcrumb\":{\"@id\":\"https:\/\/www.mundoagropecuario.cl\/new\/sag-los-lagos-recuerda-a-ganaderos-as-que-faltan-pocos-dias-para-declarar-existencia-de-animales\/#breadcrumb\"},\"inLanguage\":\"es\",\"potentialAction\":[{\"@type\":\"ReadAction\",\"target\":[\"https:\/\/www.mundoagropecuario.cl\/new\/sag-los-lagos-recuerda-a-ganaderos-as-que-faltan-pocos-dias-para-declarar-existencia-de-animales\/\"]}]},{\"@type\":\"ImageObject\",\"inLanguage\":\"es\",\"@id\":\"https:\/\/www.mundoagropecuario.cl\/new\/sag-los-lagos-recuerda-a-ganaderos-as-que-faltan-pocos-dias-para-declarar-existencia-de-animales\/#primaryimage\",\"url\":\"https:\/\/www.mundoagropecuario.cl\/new\/wp-content\/uploads\/2023\/11\/SAG-1-scaled.jpg\",\"contentUrl\":\"https:\/\/www.mundoagropecuario.cl\/new\/wp-content\/uploads\/2023\/11\/SAG-1-scaled.jpg\",\"width\":720,\"height\":400},{\"@type\":\"BreadcrumbList\",\"@id\":\"https:\/\/www.mundoagropecuario.cl\/new\/sag-los-lagos-recuerda-a-ganaderos-as-que-faltan-pocos-dias-para-declarar-existencia-de-animales\/#breadcrumb\",\"itemListElement\":[{\"@type\":\"ListItem\",\"position\":1,\"name\":\"Portada\",\"item\":\"https:\/\/www.mundoagropecuario.cl\/new\/\"},{\"@type\":\"ListItem\",\"position\":2,\"name\":\"SAG Los Lagos recuerda a ganaderos\/as que faltan pocos d\u00edas para declarar existencia de animales\"}]},{\"@type\":\"WebSite\",\"@id\":\"https:\/\/www.mundoagropecuario.cl\/new\/#website\",\"url\":\"https:\/\/www.mundoagropecuario.cl\/new\/\",\"name\":\"Mundoagropecuario\",\"description\":\"Mundo Agropecuario\",\"publisher\":{\"@id\":\"https:\/\/www.mundoagropecuario.cl\/new\/#organization\"},\"potentialAction\":[{\"@type\":\"SearchAction\",\"target\":{\"@type\":\"EntryPoint\",\"urlTemplate\":\"https:\/\/www.mundoagropecuario.cl\/new\/?s={search_term_string}\"},\"query-input\":{\"@type\":\"PropertyValueSpecification\",\"valueRequired\":true,\"valueName\":\"search_term_string\"}}],\"inLanguage\":\"es\"},{\"@type\":\"Organization\",\"@id\":\"https:\/\/www.mundoagropecuario.cl\/new\/#organization\",\"name\":\"Revista de Agricultura\",\"url\":\"https:\/\/www.mundoagropecuario.cl\/new\/\",\"logo\":{\"@type\":\"ImageObject\",\"inLanguage\":\"es\",\"@id\":\"https:\/\/www.mundoagropecuario.cl\/new\/#\/schema\/logo\/image\/\",\"url\":\"https:\/\/www.mundoagropecuario.cl\/new\/wp-content\/uploads\/2020\/11\/PORTAL-1-1.png\",\"contentUrl\":\"https:\/\/www.mundoagropecuario.cl\/new\/wp-content\/uploads\/2020\/11\/PORTAL-1-1.png\",\"width\":1026,\"height\":100,\"caption\":\"Revista de Agricultura\"},\"image\":{\"@id\":\"https:\/\/www.mundoagropecuario.cl\/new\/#\/schema\/logo\/image\/\"},\"sameAs\":[\"https:\/\/www.facebook.com\/mundo.agropecuario.3\",\"https:\/\/x.com\/MundoAgropecuar\",\"https:\/\/www.linkedin.com\/in\/mundo-agropecuario-934009201\/\"]},{\"@type\":\"Person\",\"@id\":\"https:\/\/www.mundoagropecuario.cl\/new\/#\/schema\/person\/4e9f74a82a7dac260eb1c44b7eebeb18\",\"name\":\"mundo\",\"url\":\"https:\/\/www.mundoagropecuario.cl\/new\/author\/mundo\/\"}]}<\/script>\n<!-- \/ Yoast SEO plugin. -->","yoast_head_json":{"title":"SAG Los Lagos recuerda a ganaderos\/as que faltan pocos d\u00edas para declarar existencia de animales - Mundoagropecuario","description":"A la fecha, m\u00e1s de 6 mil productores\/as de la regi\u00f3n de Los Lagos han realizado el tr\u00e1mite, el plazo vence el 30 de noviembre.","robots":{"index":"index","follow":"follow","max-snippet":"max-snippet:-1","max-image-preview":"max-image-preview:large","max-video-preview":"max-video-preview:-1"},"canonical":"https:\/\/www.mundoagropecuario.cl\/new\/sag-los-lagos-recuerda-a-ganaderos-as-que-faltan-pocos-dias-para-declarar-existencia-de-animales\/","og_locale":"es_ES","og_type":"article","og_title":"SAG Los Lagos recuerda a ganaderos\/as que faltan pocos d\u00edas para declarar existencia de animales - Mundoagropecuario","og_description":"A la fecha, m\u00e1s de 6 mil productores\/as de la regi\u00f3n de Los Lagos han realizado el tr\u00e1mite, el plazo vence el 30 de noviembre.","og_url":"https:\/\/www.mundoagropecuario.cl\/new\/sag-los-lagos-recuerda-a-ganaderos-as-que-faltan-pocos-dias-para-declarar-existencia-de-animales\/","og_site_name":"Mundoagropecuario","article_publisher":"https:\/\/www.facebook.com\/mundo.agropecuario.3","article_published_time":"2023-11-20T14:54:15+00:00","article_modified_time":"2023-11-28T16:11:02+00:00","og_image":[{"width":720,"height":400,"url":"https:\/\/www.mundoagropecuario.cl\/new\/wp-content\/uploads\/2023\/11\/SAG-1-scaled.jpg","type":"image\/jpeg"}],"author":"mundo","twitter_card":"summary_large_image","twitter_creator":"@MundoAgropecuar","twitter_site":"@MundoAgropecuar","twitter_misc":{"Escrito por":"mundo","Tiempo de lectura":"3 minutos"},"schema":{"@context":"https:\/\/schema.org","@graph":[{"@type":"Article","@id":"https:\/\/www.mundoagropecuario.cl\/new\/sag-los-lagos-recuerda-a-ganaderos-as-que-faltan-pocos-dias-para-declarar-existencia-de-animales\/#article","isPartOf":{"@id":"https:\/\/www.mundoagropecuario.cl\/new\/sag-los-lagos-recuerda-a-ganaderos-as-que-faltan-pocos-dias-para-declarar-existencia-de-animales\/"},"author":{"name":"mundo","@id":"https:\/\/www.mundoagropecuario.cl\/new\/#\/schema\/person\/4e9f74a82a7dac260eb1c44b7eebeb18"},"headline":"SAG Los Lagos recuerda a ganaderos\/as que faltan pocos d\u00edas para declarar existencia de animales","datePublished":"2023-11-20T14:54:15+00:00","dateModified":"2023-11-28T16:11:02+00:00","mainEntityOfPage":{"@id":"https:\/\/www.mundoagropecuario.cl\/new\/sag-los-lagos-recuerda-a-ganaderos-as-que-faltan-pocos-dias-para-declarar-existencia-de-animales\/"},"wordCount":581,"publisher":{"@id":"https:\/\/www.mundoagropecuario.cl\/new\/#organization"},"image":{"@id":"https:\/\/www.mundoagropecuario.cl\/new\/sag-los-lagos-recuerda-a-ganaderos-as-que-faltan-pocos-dias-para-declarar-existencia-de-animales\/#primaryimage"},"thumbnailUrl":"https:\/\/www.mundoagropecuario.cl\/new\/wp-content\/uploads\/2023\/11\/SAG-1-scaled.jpg","keywords":["Agricultura","Agro","DEA","director regional","Fresia","Ganaderos","Guido P\u00e9rez","Huailahu\u00e9","Maull\u00edn","PDTI","Prodesal","Puerto Octay","Puyehue","R\u00edo Negro","SAG Los Lagos","SAT"],"articleSection":["Ganader\u00eda"],"inLanguage":"es"},{"@type":"WebPage","@id":"https:\/\/www.mundoagropecuario.cl\/new\/sag-los-lagos-recuerda-a-ganaderos-as-que-faltan-pocos-dias-para-declarar-existencia-de-animales\/","url":"https:\/\/www.mundoagropecuario.cl\/new\/sag-los-lagos-recuerda-a-ganaderos-as-que-faltan-pocos-dias-para-declarar-existencia-de-animales\/","name":"SAG Los Lagos recuerda a ganaderos\/as que faltan pocos d\u00edas para declarar existencia de animales - Mundoagropecuario","isPartOf":{"@id":"https:\/\/www.mundoagropecuario.cl\/new\/#website"},"primaryImageOfPage":{"@id":"https:\/\/www.mundoagropecuario.cl\/new\/sag-los-lagos-recuerda-a-ganaderos-as-que-faltan-pocos-dias-para-declarar-existencia-de-animales\/#primaryimage"},"image":{"@id":"https:\/\/www.mundoagropecuario.cl\/new\/sag-los-lagos-recuerda-a-ganaderos-as-que-faltan-pocos-dias-para-declarar-existencia-de-animales\/#primaryimage"},"thumbnailUrl":"https:\/\/www.mundoagropecuario.cl\/new\/wp-content\/uploads\/2023\/11\/SAG-1-scaled.jpg","datePublished":"2023-11-20T14:54:15+00:00","dateModified":"2023-11-28T16:11:02+00:00","description":"A la fecha, m\u00e1s de 6 mil productores\/as de la regi\u00f3n de Los Lagos han realizado el tr\u00e1mite, el plazo vence el 30 de noviembre.","breadcrumb":{"@id":"https:\/\/www.mundoagropecuario.cl\/new\/sag-los-lagos-recuerda-a-ganaderos-as-que-faltan-pocos-dias-para-declarar-existencia-de-animales\/#breadcrumb"},"inLanguage":"es","potentialAction":[{"@type":"ReadAction","target":["https:\/\/www.mundoagropecuario.cl\/new\/sag-los-lagos-recuerda-a-ganaderos-as-que-faltan-pocos-dias-para-declarar-existencia-de-animales\/"]}]},{"@type":"ImageObject","inLanguage":"es","@id":"https:\/\/www.mundoagropecuario.cl\/new\/sag-los-lagos-recuerda-a-ganaderos-as-que-faltan-pocos-dias-para-declarar-existencia-de-animales\/#primaryimage","url":"https:\/\/www.mundoagropecuario.cl\/new\/wp-content\/uploads\/2023\/11\/SAG-1-scaled.jpg","contentUrl":"https:\/\/www.mundoagropecuario.cl\/new\/wp-content\/uploads\/2023\/11\/SAG-1-scaled.jpg","width":720,"height":400},{"@type":"BreadcrumbList","@id":"https:\/\/www.mundoagropecuario.cl\/new\/sag-los-lagos-recuerda-a-ganaderos-as-que-faltan-pocos-dias-para-declarar-existencia-de-animales\/#breadcrumb","itemListElement":[{"@type":"ListItem","position":1,"name":"Portada","item":"https:\/\/www.mundoagropecuario.cl\/new\/"},{"@type":"ListItem","position":2,"name":"SAG Los Lagos recuerda a ganaderos\/as que faltan pocos d\u00edas para declarar existencia de animales"}]},{"@type":"WebSite","@id":"https:\/\/www.mundoagropecuario.cl\/new\/#website","url":"https:\/\/www.mundoagropecuario.cl\/new\/","name":"Mundoagropecuario","description":"Mundo Agropecuario","publisher":{"@id":"https:\/\/www.mundoagropecuario.cl\/new\/#organization"},"potentialAction":[{"@type":"SearchAction","target":{"@type":"EntryPoint","urlTemplate":"https:\/\/www.mundoagropecuario.cl\/new\/?s={search_term_string}"},"query-input":{"@type":"PropertyValueSpecification","valueRequired":true,"valueName":"search_term_string"}}],"inLanguage":"es"},{"@type":"Organization","@id":"https:\/\/www.mundoagropecuario.cl\/new\/#organization","name":"Revista de Agricultura","url":"https:\/\/www.mundoagropecuario.cl\/new\/","logo":{"@type":"ImageObject","inLanguage":"es","@id":"https:\/\/www.mundoagropecuario.cl\/new\/#\/schema\/logo\/image\/","url":"https:\/\/www.mundoagropecuario.cl\/new\/wp-content\/uploads\/2020\/11\/PORTAL-1-1.png","contentUrl":"https:\/\/www.mundoagropecuario.cl\/new\/wp-content\/uploads\/2020\/11\/PORTAL-1-1.png","width":1026,"height":100,"caption":"Revista de Agricultura"},"image":{"@id":"https:\/\/www.mundoagropecuario.cl\/new\/#\/schema\/logo\/image\/"},"sameAs":["https:\/\/www.facebook.com\/mundo.agropecuario.3","https:\/\/x.com\/MundoAgropecuar","https:\/\/www.linkedin.com\/in\/mundo-agropecuario-934009201\/"]},{"@type":"Person","@id":"https:\/\/www.mundoagropecuario.cl\/new\/#\/schema\/person\/4e9f74a82a7dac260eb1c44b7eebeb18","name":"mundo","url":"https:\/\/www.mundoagropecuario.cl\/new\/author\/mundo\/"}]}},"_links":{"self":[{"href":"https:\/\/www.mundoagropecuario.cl\/new\/wp-json\/wp\/v2\/posts\/24872","targetHints":{"allow":["GET"]}}],"collection":[{"href":"https:\/\/www.mundoagropecuario.cl\/new\/wp-json\/wp\/v2\/posts"}],"about":[{"href":"https:\/\/www.mundoagropecuario.cl\/new\/wp-json\/wp\/v2\/types\/post"}],"author":[{"embeddable":true,"href":"https:\/\/www.mundoagropecuario.cl\/new\/wp-json\/wp\/v2\/users\/2"}],"replies":[{"embeddable":true,"href":"https:\/\/www.mundoagropecuario.cl\/new\/wp-json\/wp\/v2\/comments?post=24872"}],"version-history":[{"count":1,"href":"https:\/\/www.mundoagropecuario.cl\/new\/wp-json\/wp\/v2\/posts\/24872\/revisions"}],"predecessor-version":[{"id":24875,"href":"https:\/\/www.mundoagropecuario.cl\/new\/wp-json\/wp\/v2\/posts\/24872\/revisions\/24875"}],"wp:featuredmedia":[{"embeddable":true,"href":"https:\/\/www.mundoagropecuario.cl\/new\/wp-json\/wp\/v2\/media\/24874"}],"wp:attachment":[{"href":"https:\/\/www.mundoagropecuario.cl\/new\/wp-json\/wp\/v2\/media?parent=24872"}],"wp:term":[{"taxonomy":"category","embeddable":true,"href":"https:\/\/www.mundoagropecuario.cl\/new\/wp-json\/wp\/v2\/categories?post=24872"},{"taxonomy":"post_tag","embeddable":true,"href":"https:\/\/www.mundoagropecuario.cl\/new\/wp-json\/wp\/v2\/tags?post=24872"}],"curies":[{"name":"wp","href":"https:\/\/api.w.org\/{rel}","templated":true}]}}